{"id":10019,"date":"2022-05-31T23:10:48","date_gmt":"2022-05-31T21:10:48","guid":{"rendered":"http:\/\/www.uilscuolaemiliaromagna.it\/public\/er\/?p=10019"},"modified":"2022-06-01T09:12:47","modified_gmt":"2022-06-01T07:12:47","slug":"sciopero-il-racconto-delle-agenzie-di-stampa","status":"publish","type":"post","link":"https:\/\/www.uilscuolaemiliaromagna.it\/public\/er\/2022\/05\/31\/sciopero-il-racconto-delle-agenzie-di-stampa\/","title":{"rendered":"Sciopero: il racconto delle agenzie di stampa"},"content":{"rendered":"<div>\n<p style=\"text-align: justify;\"><em>Riviviamo i momenti salienti della mobilitazione del 30 maggio attraverso l\u2019occhio delle principali agenzie di stampa.\u00a0<\/em><\/p>\n<p style=\"text-align: justify;\"><strong>Ore 8:25, ANSA: OGGI \u00c8 SCIOPERO DELLA SCUOLA<br \/>\n<\/strong><em>Attesi cento pullman. Malumori per piazza Montecitorio negata<br \/>\n<\/em>(ANSA) \u2013 ROMA, 30 MAG \u2013 Oggi e\u2019 la giornata dello sciopero nazionale della scuola. A scendere in piazza Cgil, Cisl, Uil, Snals, Gilda e Anief. E\u2019 previsto l\u2019arrivo di un centinaio di pullman da tutta Italia a piazza Santi Apostoli dove si terra\u2019 una manifestazione dalle 10. Gli organizzatori si aspettano un\u2019alta partecipazione alla protesta. Malumori tra le organizzazioni sindacali hanno causato il divieto di manifestare davanti a Montecitorio.<br \/>\n\u201cIn risposta al divieto di manifestare presso Montecitorio, dove e\u2019 in discussione un decreto che, se non sara\u2019 modificato, fara\u2019 arretrare i diritti e le tutele dei lavoratori della scuola, continueremo a manifestare in Piazza Santi Apostoli, anche in difesa della democrazia e della Costituzione \u2013 dice all\u2019ANSA Elvira Serafini, che guida lo Snals \u2013 Lo sciopero dimostrera\u2019 che la scuola non si fa ricattare ne\u2019 dividere: saremo tutti insieme,\u00a0 precari, docenti, dirigenti, personale Ata e studenti\u201d.<br \/>\n\u201cC\u2019e\u2019 stata una sorta di sollevazione dal basso che oggi portera\u2019 a Roma molte persone che vorranno sfogare la loro rabbia verso un governo distratto e concentrato solo sugli interessi di pochi. Molti i pullman da Campania e Puglia , ma molte anche manifestazioni sui territori e scuole deserte \u2013 afferma Pino Turi, segretario generale Uil Scuola \u2013 oggi vedremo gli effetti di una mobilitazione che non si inquadra nei rituali classici del sindacato che organizza i sui quadri e militanti. Stiamo registrando la voglia di manifestare di una categoria troppe volte sacrificata e mortificata\u201d. Per Francesco Sinopoli (Flc Cgil) \u201clo sciopero avra\u2019 una alta adesione perche\u2019 le ragioni della protesta sono motivate: il governo sceglie di costruire una formazione per pochi, finanziata col taglio degli organici\u201d. Contrario alla protesta il sindacato dei dirigenti scolastici Anief. \u201cPer i sindacati che hanno indetto lo sciopero il baricentro della scuola e\u2019 la contrattazione, per essi prevale anche sulla legge. Per me il centro nevralgico e\u2019 la dirigenza scolastica che non e\u2019 una forma di potere ma uno strumento per guidare la crescita e il miglioramento\u201d, sostiene Mario Rusconi, presidente Associazione nazionale presidi di Roma. \u201cLa classe docente si valorizza migliorando la sua qualita\u2019 e premiando i migliori mentre al contrario, le graduatorie, vero serbatoio di consenso per i sindacati, sono lo strumento che ha consegnato la scuola alla mediocrit\u00e0&#8217;\u201d, aggiunge Cristina Costarelli di Anp Lazio. Stamani il ministro Patrizio Bianchi partecipera\u2019 ad un evento sulla sicurezza nelle scuole promosso da Anp nazionale.<\/p>\n<p style=\"text-align: justify;\"><strong>10:06, ANSA: BOMBARDIERI, SCIOPERO SCUOLA A DIFESA DIGNITA\u2019 E PROFESSIONE<br \/>\n<\/strong>(ANSA) \u2013 ROMA, 30 MAG \u2013 \u201d La Uil confederale e\u2019 al fianco della Uil\u00a0scuola, delle lavoratrici e dei lavoratori del settore che oggi incrociano le braccia per rivendicare il principio dell\u2019autonomia contrattuale, per difendere la dignita\u2019 della professione e per ottenere una giusta valorizzazione del proprio lavoro che e\u2019 a beneficio degli studenti e delle loro famiglie\u201d.<br \/>\nCosi\u2019 il segretario generale della Uil, Pierpaolo Bombardieri in una nota.<br \/>\n\u201cMentre e\u2019 aperto un tavolo all\u2019Aran, il Governo e\u2019 intervenuto unilateralmente, con decreto, per stabilire regole per il reclutamento e la formazione degli insegnanti: una decisione che mortifica la loro professionalita\u2019 e calpesta la liberta\u2019 della contrattazione. Quel provvedimento stabilisce un modello di formazione unico e obbligatorio per tutti, ma garantisce riconoscimenti economici solo a una parte dei soggetti coinvolti. Non assicura, inoltre, alcuna prospettiva alle decine di migliaia di precari che, da anni, attendono di essere stabilizzati. Tutto cio\u2019 e\u2019 incomprensibile e inaccettabile\u201dsi legge. \u201cA queste lavoratrici e a questi lavoratori affidiamo il futuro dei nostri figli: meritano, dunque, il rispetto e il giusto riconoscimento per la loro attivita\u2019 che non e\u2019 solo un lavoro, ma anche un impegno sociale e una missione civile\u201d. (ANSA).<\/p>\n<p style=\"text-align: justify;\"><strong>13:30 LAPRESSE: A ROMA CIRCA 7000 IN PIAZZA NEL GIORNO DELLO SCIOPERO<br \/>\n<\/strong>Roma, 30 mag. (LaPresse) \u2013 Circa 7000 persone hanno partecipato, secondo gli organizzatori, alla manifestazione indetta in Piazza Santi Apostoli, a Roma, dai sindacati della\u00a0scuola\u00a0in occasione dello sciopero.<\/p>\n<p style=\"text-align: justify;\"><strong>14:07, ADNKRONOS: TURI (UIL), \u00a0\u201cMANIFESTAZIONE PARTECIPATA, IN ITALIA LA DEMOCRAZIA STA EVAPORANDO\u201d<br \/>\n<\/strong>Roma, 30 mag. \u2013 (Adnkronos) \u2013 \u201cManifestazione molto partecipata, forse saremo 5mila persone, almeno, non sono sicuro. L\u2019importante per\u00f2 non sono solo le persone che sono in piazza, ma quelle che si astengono dal lavoro e vedremo a tarda mattina come \u00e8 andata\u201d. Lo ha detto all\u2019Adnkronos Pino Turi, segretario della Uil Scuola dalla piazza di Santi Apostoli a Roma dove \u00e8 in corso la manifestazione organizzata da tutti i sindacati della scuola, insieme allo sciopero nazionale del personale della scuola contro le norme del governo su formazione e reclutamento.<br \/>\n\u201cSono certo che questa non \u00e8 la solita manifestazione promossa dai sindacati che portano in piazza i loro quadri e dirigenti \u2013 ha sottolineato Turi \u2013 qui \u00e8 la gente che spontaneamente si \u00e8 organizzata perch\u00e9 ha voglia di protestare e dire la propria perch\u00e9 siamo in un Paese in cui sta evaporando la democrazia e qui vogliamo ricordare che la democrazia parte dalla scuola\u201d.<\/p>\n<p style=\"text-align: justify;\"><strong>17:57, ANSA: LA SCUOLA IN PIAZZA, BASTA TAGLI, CAMBIARE RECLUTAMENTO<br \/>\n<\/strong>Landini, governo supponente. Bianchi: \u2018Giusto ascoltarli\u2019 (di Valentina Roncati) (ANSA) \u2013 ROMA, 30 MAG \u2013 A pochi giorni dalla fine di un anno scolastico che, anche se con le mascherine in classe, e\u2019 stato tutto e sempre praticamente in presenza, la\u00a0scuola\u00a0italiana oggi si e\u2019 fermata. Cgil, Cisl, Uil, Snals, Gilda e Anief, ovvero le maggiori sigle sindacali del comparto, hanno proclamato una giornata di sciopero generale che \u2013 stando ai primi dati \u2013 avrebbe portato ad una adesione di circa il 12% da parte dei lavoratori e flash mob ed iniziative in tante realta\u2019.<br \/>\nIn Piazza Santi Apostoli, a Roma, dove sono arrivati pullman da tutta Italia, durante la manifestazione a cui non e\u2019 stato concesso raggiungere Piazza Montecitorio, i docenti e il personale della\u00a0scuola ha protestato contro il Decreto Legge n.36 sul reclutamento, la mancanza di risorse per il comparto, le insufficienti soluzioni per risolvere il tema del precariato, i possibili tagli alla Carta del docente, la riduzione di quasi 12 mila cattedre. Duro il segretario generale della Cgil Maurizio Landini arrivato stamane in piazza. \u201cLo sciopero di oggi non riguarda solo i lavoratori della\u00a0scuola: i provvedimenti presi \u2013 dice \u2013 sono sbagliati: non si interviene per decreto su elementi che riguardano la contrattazione. Quando un governo fa un decreto, lo fa per non discutere, e\u2019 un grave errore e una riduzione della democrazia. I cambiamenti si devono fare con chi lavora nella\u00a0scuola, altrimenti e\u2019 supponenza\u201d.<br \/>\n\u201cSono previsti 11.600 tagli personale nei prossimi anni\u201d, fa notare Ivana Barbacci che guida la Cisl\u00a0scuola. \u201cC\u2019e\u2019 poi il tema del rinnovo del contratto di 1 milione e 200mila lavoratori che sono i meno pagati della pubblica amministrazione. Anche stavolta, dopo le promesse non ci sono risposte adeguate\u201d, le fa eco Francesco Sinopoli di Flc Cgil. \u201cCon l\u2019aumento dell\u2019inflazione, gli stipendi della classe docente e Ata \u2013 ricorda Marcello Pacifico di Anief \u2013 sono diventati sempre piu\u2019 inadeguati, potremmo dire da fame\u201d. Rino Di Meglio, coordinatore della Gilda, lamenta la scarsezza di risorse messe in campo per il rinnovo contrattuale: \u201cC\u2019e\u2019 uno stanziamento offensivo, parliamo di 40-50 euro netti pro-capite a fronte di un\u2019inflazione al 7% che sta impoverendo la gente\u201d. I precari \u201csono stati usati come scudo politico. Non c\u2019e\u2019 volonta\u2019 di risolvere il problema\u201d, e\u2019 il pensiero del\u00a0<strong>segretario generale della Uil\u00a0scuola, Pino Turi<\/strong>. \u201cLo sciopero di oggi e\u2019 solo la prima tappa di un movimento di opposizione ai disegni restauratori del Governo\u201d, afferma battagliera Elvira Serafini dello Snals.<br \/>\nIl ministro Patrizio Bianchi, dal canto suo, rassicura: non c\u2019e\u2019 nessuna intenzione di smantellare la\u00a0scuola\u00a0pubblica, ne\u2019 di fare fare tagli, al contrario. \u201cIl governo \u2013 spiega \u2013 ha scelto di non tagliare: dal 2021 al 2032 avremo un milione e 400 mila bambini in meno, che avrebbe potuto significare 130 mila insegnanti in meno, ma fino al 2026 il numero dei docenti rimarra\u2019 inalterato e tutte le risorse rimarranno nella\u00a0scuola. Forse il Dl va visto meglio, la sua lettura credo sia stata affrettata\u201d. E c\u2019e\u2019 di piu\u2019: col Pnrr arriveranno 17,5 miliardi alle scuole, ricorda. Il ministro inoltre, intervenuto ad un convegno a Torino dell\u2019Associazione nazionale presidi, contraria allo sciopero, accenna alla necessita\u2019 di una \u201criflessione sull\u2019organizzazione della\u00a0scuola\u00a0che prevede il \u2018fine corsa\u2019 a 14 e 18 anni ed un obbligo a 16 anni\u201d.<br \/>\nIl sottosegretario all\u2019Istruzione Rossano Sasso, della Lega, invita ad una riflessione e ad una ripresa del dialogo. Ed anche dal Pd si levano voci che chiedono di non sottovalutare il grido di allarme lanciato oggi dalle forze sindacali e dai lavoratori. \u201cVa, con urgenza, aperto un confronto sul contratto collettivo\u201d, dicono Ghizzoni, Manzi e Boccia.<br \/>\nNel pomeriggio una delegazione dei manifestanti e\u2019 stata ricevuta dal Pd ed informata che ci sara\u2019 un emendamento del partito sul sovraffollamento scolastico alla\u00a0scuola\u00a0secondaria, ma e\u2019 rimasta insoddisfatta. \u201cTutti i partiti votino le modifiche al Dl\u00a0scuola\u201d, sprona Lucia Azzolina (M5S), ex ministro dell\u2019Istruzione prima di Bianchi. A fianco degli insegnanti e degli studenti anche LeU e Italexit. (ANSA).<\/p>\n<p style=\"text-align: justify;\"><strong>18:45, LA PRESSE: SCIOPERO E SINDACATI IN PIAZZA CONTRO GOVERNO. BIANCHI, NON FAREMO TAGLI\/PREVISTO<br \/>\n<\/strong>Di Alessandra Lemme<br \/>\nRoma, 30 mag. (LaPresse) \u2013 Sciopera il mondo della scuola con sindacati, insegnanti, personale in piazza per il rinnovo del contratto, scaduto da oltre tre anni, e contro il decreto del governo sugli investimenti del Pnrr.<br \/>\nIn 7000, secondo gli organizzatori, si riuniscono in Piazza Santi Apostoli, a Roma, per dire no al decreto 36, \u201cche mette le mani su formazione, valutazione e reclutamento, in un attacco alla scuola\u00a0pubblica\u201d, dice chi protesta, tra cui ci sono tanti precari.<br \/>\nIl sindacato critica le scelte del governo che \u201cancora una volta agisce bypassando il confronto\u201d e alla manifestazione di Roma c\u2019\u00e8 anche il segretario generale della Cgil, Maurizio Landini che afferma senza mezzi termini: \u201cQuando un governo fa un decreto, lo fa perch\u00e9 non vuole discutere con nessuno\u201d, e aggiunge: \u201cCredo che questo sia un gravissimo errore, non solo una limitazione della democrazia, perch\u00e9 i cambiamenti della\u00a0scuola\u00a0li devi fare assieme alle persone che nella\u00a0scuola ci vivono e ci lavorano e non contro di loro. Diventa un elemento di supponenza, di chi crede di sapere senza bisogno di confrontarsi\u201d.<br \/>\nLa risposta del ministro dell\u2019Istruzione, Patrizio Bianchi, arriva a stretto giro con rassicurazioni che partono proprio dal fronte economico: \u201cNon \u00e8 in atto nessuno smantellamento della scuola\u00a0pubblica\u201d evidenzia Bianchi, intervistato a Sky tg24. \u201cNon c\u2019\u00e8 intenzione di fare tagli, ma al contrario, nonostante la riduzione dei bambini, manteniamo le risorse nella\u00a0scuola\u201d. E sul fronte investimenti prosegue: \u201cCon il Pnrr 17,5 miliardi arriveranno alla\u00a0scuola, queste cifre non si sono mai viste\u201d.<br \/>\nLa critica dei sindacati \u00e8 netta: \u201cErano previsti tavoli di confronto che non c\u2019\u00e8 stato\u201d, si legge nella nota unitaria Flc Cgil, Cisl scuola, Uil\u00a0scuola\u00a0Rua, Snals e Gilda, che chiedono lo stralcio dal decreto di tutte le materie di natura contrattuale, l\u2019avvio immediato della trattativa per il rinnovo del contratto, pi\u00f9 risorse e una riduzione del numero di alunni per classe, oltre a modalit\u00e0 specifiche di reclutamento e di stabilizzazione dell\u2019organico di fatto, che superino il precariato esistente a partire da chi ha tre o pi\u00f9 anni di servizio.<br \/>\nTutto lascia pensare che, terminata l\u2019emergenza Covid, si vada, sul fronte\u00a0scuola, verso a una nuova stagione calda.<\/p>\n<\/div>\n<p>&nbsp;<\/p>\n<h6>fonte:\u00a0<a href=\"https:\/\/uilscuola.it\/sciopero-il-racconto-delle-agenzie-di-stampa\/\" target=\"_blank\" rel=\"noopener noreferrer\">uilscuola.it<\/a><\/h6>\n<div class=\"clear\"><\/div>\n<div id=\"allegati\"><\/div>\n\n<div class=\"twitter-share\"><a href=\"https:\/\/twitter.com\/intent\/tweet?via=UILScuolaBO_ER\" class=\"twitter-share-button\" data-size=\"large\">Tweet<\/a><\/div>\n","protected":false},"excerpt":{"rendered":"<p>Riviviamo i momenti salienti della mobilitazione del 30 maggio attraverso l\u2019occhio delle principali agenzie di stampa.\u00a0 Ore 8:25, ANSA: OGGI \u00c8 SCIOPERO DELLA SCUOLA Attesi &hellip; <\/p>\n","protected":false},"author":1,"featured_media":10020,"comment_status":"closed","ping_status":"open","sticky":false,"template":"","format":"standard","meta":{"footnotes":""},"categories":[12],"tags":[],"yoast_head":"<!-- This site is optimized with the Yoast SEO plugin v21.7 - https:\/\/yoast.com\/wordpress\/plugins\/seo\/ -->\r\n<title>Sciopero: il racconto delle agenzie di stampa - Uil Scuola Emilia Romagna<\/title>\r\n<meta name=\"robots\" content=\"index, follow, max-snippet:-1, max-image-preview:large, max-video-preview:-1\" \/>\r\n<link rel=\"canonical\" href=\"https:\/\/www.uilscuolaemiliaromagna.it\/public\/er\/2022\/05\/31\/sciopero-il-racconto-delle-agenzie-di-stampa\/\" \/>\r\n<meta property=\"og:locale\" content=\"it_IT\" \/>\r\n<meta property=\"og:type\" content=\"article\" \/>\r\n<meta property=\"og:title\" content=\"Sciopero: il racconto delle agenzie di stampa - Uil Scuola Emilia Romagna\" \/>\r\n<meta property=\"og:description\" content=\"Riviviamo i momenti salienti della mobilitazione del 30 maggio attraverso l\u2019occhio delle principali agenzie di stampa.\u00a0 Ore 8:25, ANSA: OGGI \u00c8 SCIOPERO DELLA SCUOLA Attesi &hellip;\" \/>\r\n<meta property=\"og:url\" content=\"https:\/\/www.uilscuolaemiliaromagna.it\/public\/er\/2022\/05\/31\/sciopero-il-racconto-delle-agenzie-di-stampa\/\" \/>\r\n<meta property=\"og:site_name\" content=\"Uil Scuola Emilia Romagna\" \/>\r\n<meta property=\"article:published_time\" content=\"2022-05-31T21:10:48+00:00\" \/>\r\n<meta property=\"article:modified_time\" content=\"2022-06-01T07:12:47+00:00\" \/>\r\n<meta property=\"og:image\" content=\"https:\/\/www.uilscuolaemiliaromagna.it\/public\/er\/wp-content\/uploads\/2022\/06\/racconto-sciopero-agenzie-150x150-1.jpg\" \/>\r\n\t<meta property=\"og:image:width\" content=\"150\" \/>\r\n\t<meta property=\"og:image:height\" content=\"150\" \/>\r\n\t<meta property=\"og:image:type\" content=\"image\/jpeg\" \/>\r\n<meta name=\"author\" content=\"admin\" \/>\r\n<meta name=\"twitter:card\" content=\"summary_large_image\" \/>\r\n<meta name=\"twitter:label1\" content=\"Scritto da\" \/>\n\t<meta name=\"twitter:data1\" content=\"admin\" \/>\n\t<meta name=\"twitter:label2\" content=\"Tempo di lettura stimato\" \/>\n\t<meta name=\"twitter:data2\" content=\"9 minuti\" \/>\r\n<script type=\"application\/ld+json\" class=\"yoast-schema-graph\">{\"@context\":\"https:\/\/schema.org\",\"@graph\":[{\"@type\":\"Article\",\"@id\":\"https:\/\/www.uilscuolaemiliaromagna.it\/public\/er\/2022\/05\/31\/sciopero-il-racconto-delle-agenzie-di-stampa\/#article\",\"isPartOf\":{\"@id\":\"https:\/\/www.uilscuolaemiliaromagna.it\/public\/er\/2022\/05\/31\/sciopero-il-racconto-delle-agenzie-di-stampa\/\"},\"author\":{\"name\":\"admin\",\"@id\":\"https:\/\/www.uilscuolaemiliaromagna.it\/public\/er\/#\/schema\/person\/f42878fd07a4b6ba2b7153d4fad5de5e\"},\"headline\":\"Sciopero: il racconto delle agenzie di stampa\",\"datePublished\":\"2022-05-31T21:10:48+00:00\",\"dateModified\":\"2022-06-01T07:12:47+00:00\",\"mainEntityOfPage\":{\"@id\":\"https:\/\/www.uilscuolaemiliaromagna.it\/public\/er\/2022\/05\/31\/sciopero-il-racconto-delle-agenzie-di-stampa\/\"},\"wordCount\":1875,\"publisher\":{\"@id\":\"https:\/\/www.uilscuolaemiliaromagna.it\/public\/er\/#organization\"},\"articleSection\":[\"Notizie\"],\"inLanguage\":\"it-IT\"},{\"@type\":\"WebPage\",\"@id\":\"https:\/\/www.uilscuolaemiliaromagna.it\/public\/er\/2022\/05\/31\/sciopero-il-racconto-delle-agenzie-di-stampa\/\",\"url\":\"https:\/\/www.uilscuolaemiliaromagna.it\/public\/er\/2022\/05\/31\/sciopero-il-racconto-delle-agenzie-di-stampa\/\",\"name\":\"Sciopero: il racconto delle agenzie di stampa - Uil Scuola Emilia Romagna\",\"isPartOf\":{\"@id\":\"https:\/\/www.uilscuolaemiliaromagna.it\/public\/er\/#website\"},\"datePublished\":\"2022-05-31T21:10:48+00:00\",\"dateModified\":\"2022-06-01T07:12:47+00:00\",\"breadcrumb\":{\"@id\":\"https:\/\/www.uilscuolaemiliaromagna.it\/public\/er\/2022\/05\/31\/sciopero-il-racconto-delle-agenzie-di-stampa\/#breadcrumb\"},\"inLanguage\":\"it-IT\",\"potentialAction\":[{\"@type\":\"ReadAction\",\"target\":[\"https:\/\/www.uilscuolaemiliaromagna.it\/public\/er\/2022\/05\/31\/sciopero-il-racconto-delle-agenzie-di-stampa\/\"]}]},{\"@type\":\"BreadcrumbList\",\"@id\":\"https:\/\/www.uilscuolaemiliaromagna.it\/public\/er\/2022\/05\/31\/sciopero-il-racconto-delle-agenzie-di-stampa\/#breadcrumb\",\"itemListElement\":[{\"@type\":\"ListItem\",\"position\":1,\"name\":\"Home\",\"item\":\"https:\/\/www.uilscuolaemiliaromagna.it\/public\/er\/\"},{\"@type\":\"ListItem\",\"position\":2,\"name\":\"Sciopero: il racconto delle agenzie di stampa\"}]},{\"@type\":\"WebSite\",\"@id\":\"https:\/\/www.uilscuolaemiliaromagna.it\/public\/er\/#website\",\"url\":\"https:\/\/www.uilscuolaemiliaromagna.it\/public\/er\/\",\"name\":\"Uil Scuola Emilia Romagna\",\"description\":\"La voce libera della scuola\",\"publisher\":{\"@id\":\"https:\/\/www.uilscuolaemiliaromagna.it\/public\/er\/#organization\"},\"potentialAction\":[{\"@type\":\"SearchAction\",\"target\":{\"@type\":\"EntryPoint\",\"urlTemplate\":\"https:\/\/www.uilscuolaemiliaromagna.it\/public\/er\/?s={search_term_string}\"},\"query-input\":\"required name=search_term_string\"}],\"inLanguage\":\"it-IT\"},{\"@type\":\"Organization\",\"@id\":\"https:\/\/www.uilscuolaemiliaromagna.it\/public\/er\/#organization\",\"name\":\"Uil Scuola Emilia Romagna\",\"url\":\"https:\/\/www.uilscuolaemiliaromagna.it\/public\/er\/\",\"logo\":{\"@type\":\"ImageObject\",\"inLanguage\":\"it-IT\",\"@id\":\"https:\/\/www.uilscuolaemiliaromagna.it\/public\/er\/#\/schema\/logo\/image\/\",\"url\":\"https:\/\/www.uilscuolaemiliaromagna.it\/public\/er\/wp-content\/uploads\/2017\/04\/cropped-header.png\",\"contentUrl\":\"https:\/\/www.uilscuolaemiliaromagna.it\/public\/er\/wp-content\/uploads\/2017\/04\/cropped-header.png\",\"width\":1000,\"height\":150,\"caption\":\"Uil Scuola Emilia Romagna\"},\"image\":{\"@id\":\"https:\/\/www.uilscuolaemiliaromagna.it\/public\/er\/#\/schema\/logo\/image\/\"}},{\"@type\":\"Person\",\"@id\":\"https:\/\/www.uilscuolaemiliaromagna.it\/public\/er\/#\/schema\/person\/f42878fd07a4b6ba2b7153d4fad5de5e\",\"name\":\"admin\",\"image\":{\"@type\":\"ImageObject\",\"inLanguage\":\"it-IT\",\"@id\":\"https:\/\/www.uilscuolaemiliaromagna.it\/public\/er\/#\/schema\/person\/image\/\",\"url\":\"https:\/\/secure.gravatar.com\/avatar\/aebf815ae2f30ffdae8b8c247273d34c?s=96&d=mm&r=g\",\"contentUrl\":\"https:\/\/secure.gravatar.com\/avatar\/aebf815ae2f30ffdae8b8c247273d34c?s=96&d=mm&r=g\",\"caption\":\"admin\"},\"url\":\"https:\/\/www.uilscuolaemiliaromagna.it\/public\/er\/author\/admin\/\"}]}<\/script>\r\n<!-- \/ Yoast SEO plugin. -->","yoast_head_json":{"title":"Sciopero: il racconto delle agenzie di stampa - Uil Scuola Emilia Romagna","robots":{"index":"index","follow":"follow","max-snippet":"max-snippet:-1","max-image-preview":"max-image-preview:large","max-video-preview":"max-video-preview:-1"},"canonical":"https:\/\/www.uilscuolaemiliaromagna.it\/public\/er\/2022\/05\/31\/sciopero-il-racconto-delle-agenzie-di-stampa\/","og_locale":"it_IT","og_type":"article","og_title":"Sciopero: il racconto delle agenzie di stampa - Uil Scuola Emilia Romagna","og_description":"Riviviamo i momenti salienti della mobilitazione del 30 maggio attraverso l\u2019occhio delle principali agenzie di stampa.\u00a0 Ore 8:25, ANSA: OGGI \u00c8 SCIOPERO DELLA SCUOLA Attesi &hellip;","og_url":"https:\/\/www.uilscuolaemiliaromagna.it\/public\/er\/2022\/05\/31\/sciopero-il-racconto-delle-agenzie-di-stampa\/","og_site_name":"Uil Scuola Emilia Romagna","article_published_time":"2022-05-31T21:10:48+00:00","article_modified_time":"2022-06-01T07:12:47+00:00","og_image":[{"width":150,"height":150,"url":"https:\/\/www.uilscuolaemiliaromagna.it\/public\/er\/wp-content\/uploads\/2022\/06\/racconto-sciopero-agenzie-150x150-1.jpg","type":"image\/jpeg"}],"author":"admin","twitter_card":"summary_large_image","twitter_misc":{"Scritto da":"admin","Tempo di lettura stimato":"9 minuti"},"schema":{"@context":"https:\/\/schema.org","@graph":[{"@type":"Article","@id":"https:\/\/www.uilscuolaemiliaromagna.it\/public\/er\/2022\/05\/31\/sciopero-il-racconto-delle-agenzie-di-stampa\/#article","isPartOf":{"@id":"https:\/\/www.uilscuolaemiliaromagna.it\/public\/er\/2022\/05\/31\/sciopero-il-racconto-delle-agenzie-di-stampa\/"},"author":{"name":"admin","@id":"https:\/\/www.uilscuolaemiliaromagna.it\/public\/er\/#\/schema\/person\/f42878fd07a4b6ba2b7153d4fad5de5e"},"headline":"Sciopero: il racconto delle agenzie di stampa","datePublished":"2022-05-31T21:10:48+00:00","dateModified":"2022-06-01T07:12:47+00:00","mainEntityOfPage":{"@id":"https:\/\/www.uilscuolaemiliaromagna.it\/public\/er\/2022\/05\/31\/sciopero-il-racconto-delle-agenzie-di-stampa\/"},"wordCount":1875,"publisher":{"@id":"https:\/\/www.uilscuolaemiliaromagna.it\/public\/er\/#organization"},"articleSection":["Notizie"],"inLanguage":"it-IT"},{"@type":"WebPage","@id":"https:\/\/www.uilscuolaemiliaromagna.it\/public\/er\/2022\/05\/31\/sciopero-il-racconto-delle-agenzie-di-stampa\/","url":"https:\/\/www.uilscuolaemiliaromagna.it\/public\/er\/2022\/05\/31\/sciopero-il-racconto-delle-agenzie-di-stampa\/","name":"Sciopero: il racconto delle agenzie di stampa - Uil Scuola Emilia Romagna","isPartOf":{"@id":"https:\/\/www.uilscuolaemiliaromagna.it\/public\/er\/#website"},"datePublished":"2022-05-31T21:10:48+00:00","dateModified":"2022-06-01T07:12:47+00:00","breadcrumb":{"@id":"https:\/\/www.uilscuolaemiliaromagna.it\/public\/er\/2022\/05\/31\/sciopero-il-racconto-delle-agenzie-di-stampa\/#breadcrumb"},"inLanguage":"it-IT","potentialAction":[{"@type":"ReadAction","target":["https:\/\/www.uilscuolaemiliaromagna.it\/public\/er\/2022\/05\/31\/sciopero-il-racconto-delle-agenzie-di-stampa\/"]}]},{"@type":"BreadcrumbList","@id":"https:\/\/www.uilscuolaemiliaromagna.it\/public\/er\/2022\/05\/31\/sciopero-il-racconto-delle-agenzie-di-stampa\/#breadcrumb","itemListElement":[{"@type":"ListItem","position":1,"name":"Home","item":"https:\/\/www.uilscuolaemiliaromagna.it\/public\/er\/"},{"@type":"ListItem","position":2,"name":"Sciopero: il racconto delle agenzie di stampa"}]},{"@type":"WebSite","@id":"https:\/\/www.uilscuolaemiliaromagna.it\/public\/er\/#website","url":"https:\/\/www.uilscuolaemiliaromagna.it\/public\/er\/","name":"Uil Scuola Emilia Romagna","description":"La voce libera della scuola","publisher":{"@id":"https:\/\/www.uilscuolaemiliaromagna.it\/public\/er\/#organization"},"potentialAction":[{"@type":"SearchAction","target":{"@type":"EntryPoint","urlTemplate":"https:\/\/www.uilscuolaemiliaromagna.it\/public\/er\/?s={search_term_string}"},"query-input":"required name=search_term_string"}],"inLanguage":"it-IT"},{"@type":"Organization","@id":"https:\/\/www.uilscuolaemiliaromagna.it\/public\/er\/#organization","name":"Uil Scuola Emilia Romagna","url":"https:\/\/www.uilscuolaemiliaromagna.it\/public\/er\/","logo":{"@type":"ImageObject","inLanguage":"it-IT","@id":"https:\/\/www.uilscuolaemiliaromagna.it\/public\/er\/#\/schema\/logo\/image\/","url":"https:\/\/www.uilscuolaemiliaromagna.it\/public\/er\/wp-content\/uploads\/2017\/04\/cropped-header.png","contentUrl":"https:\/\/www.uilscuolaemiliaromagna.it\/public\/er\/wp-content\/uploads\/2017\/04\/cropped-header.png","width":1000,"height":150,"caption":"Uil Scuola Emilia Romagna"},"image":{"@id":"https:\/\/www.uilscuolaemiliaromagna.it\/public\/er\/#\/schema\/logo\/image\/"}},{"@type":"Person","@id":"https:\/\/www.uilscuolaemiliaromagna.it\/public\/er\/#\/schema\/person\/f42878fd07a4b6ba2b7153d4fad5de5e","name":"admin","image":{"@type":"ImageObject","inLanguage":"it-IT","@id":"https:\/\/www.uilscuolaemiliaromagna.it\/public\/er\/#\/schema\/person\/image\/","url":"https:\/\/secure.gravatar.com\/avatar\/aebf815ae2f30ffdae8b8c247273d34c?s=96&d=mm&r=g","contentUrl":"https:\/\/secure.gravatar.com\/avatar\/aebf815ae2f30ffdae8b8c247273d34c?s=96&d=mm&r=g","caption":"admin"},"url":"https:\/\/www.uilscuolaemiliaromagna.it\/public\/er\/author\/admin\/"}]}},"views":706,"_links":{"self":[{"href":"https:\/\/www.uilscuolaemiliaromagna.it\/public\/er\/wp-json\/wp\/v2\/posts\/10019"}],"collection":[{"href":"https:\/\/www.uilscuolaemiliaromagna.it\/public\/er\/wp-json\/wp\/v2\/posts"}],"about":[{"href":"https:\/\/www.uilscuolaemiliaromagna.it\/public\/er\/wp-json\/wp\/v2\/types\/post"}],"author":[{"embeddable":true,"href":"https:\/\/www.uilscuolaemiliaromagna.it\/public\/er\/wp-json\/wp\/v2\/users\/1"}],"replies":[{"embeddable":true,"href":"https:\/\/www.uilscuolaemiliaromagna.it\/public\/er\/wp-json\/wp\/v2\/comments?post=10019"}],"version-history":[{"count":1,"href":"https:\/\/www.uilscuolaemiliaromagna.it\/public\/er\/wp-json\/wp\/v2\/posts\/10019\/revisions"}],"predecessor-version":[{"id":10021,"href":"https:\/\/www.uilscuolaemiliaromagna.it\/public\/er\/wp-json\/wp\/v2\/posts\/10019\/revisions\/10021"}],"wp:featuredmedia":[{"embeddable":true,"href":"https:\/\/www.uilscuolaemiliaromagna.it\/public\/er\/wp-json\/wp\/v2\/media\/10020"}],"wp:attachment":[{"href":"https:\/\/www.uilscuolaemiliaromagna.it\/public\/er\/wp-json\/wp\/v2\/media?parent=10019"}],"wp:term":[{"taxonomy":"category","embeddable":true,"href":"https:\/\/www.uilscuolaemiliaromagna.it\/public\/er\/wp-json\/wp\/v2\/categories?post=10019"},{"taxonomy":"post_tag","embeddable":true,"href":"https:\/\/www.uilscuolaemiliaromagna.it\/public\/er\/wp-json\/wp\/v2\/tags?post=10019"}],"curies":[{"name":"wp","href":"https:\/\/api.w.org\/{rel}","templated":true}]}}