{"id":10055,"date":"2022-06-16T18:05:50","date_gmt":"2022-06-16T16:05:50","guid":{"rendered":"http:\/\/www.uilscuolaemiliaromagna.it\/public\/er\/?p=10055"},"modified":"2022-06-16T18:05:50","modified_gmt":"2022-06-16T16:05:50","slug":"gps-incarichi-a-tempo-determinato-finalizzati-al-ruolo-per-docenti-della-i-fascia-gps-di-sostegno-report","status":"publish","type":"post","link":"https:\/\/www.uilscuolaemiliaromagna.it\/public\/er\/2022\/06\/16\/gps-incarichi-a-tempo-determinato-finalizzati-al-ruolo-per-docenti-della-i-fascia-gps-di-sostegno-report\/","title":{"rendered":"GPS | Incarichi a tempo determinato finalizzati al ruolo per docenti della I fascia GPS di sostegno (REPORT)"},"content":{"rendered":"<p style=\"text-align: justify;\">La bozza di decreto ministeriale riguardante la procedura di assunzione per i docenti iscritti nella I fascia GPS sul sostegno \u00e8 stato l\u2019argomento trattato nel corso dell\u2019incontro tra le organizzazioni sindacali e il Ministero dell\u2019istruzione.<\/p>\n<p style=\"text-align: justify;\"><strong>Docenti specializzati sul sostegno e inseriti nella I fascia GPS<\/strong><\/p>\n<p style=\"text-align: justify;\">La legge 25 febbraio 2022, n. 15 (c.d. decreto Milleproroghe) ha previsto in via straordinaria, per l\u2019anno scolastico 2022\/2023, contratti a tempo determinato finalizzati al ruolo sui posti di sostegno vacanti e disponibili che residuano dopo le immissioni in ruolo per i docenti specializzati sul sostegno inseriti a pieno titolo (o che scioglieranno la riserva entro il 20 luglio) nella I fascia delle GPS.<\/p>\n<p style=\"text-align: justify;\">Su questo punto resta ancora da capire se la procedura\u00a0della c.d. \u201cCall veloce\u201d, che dovrebbe essere ripristinata per l\u2019a.s. 2022\/23, avverr\u00e0 prioritariamente o in subordine rispetto alla procedura di assunzione dalle GPS.<\/p>\n<p style=\"text-align: justify;\"><strong>Su quali posti<\/strong><\/p>\n<p style=\"text-align: justify;\">I posti disponibili saranno quelli unicamente vacanti al 31\/8, esclusivamente su sostegno, per ciascuna provincia in cui l\u2019aspirante \u00e8 inserito nelle GPS di I fascia su sostegno e che residuano al termine delle ordinarie procedure di immissioni in ruolo.<\/p>\n<p style=\"text-align: justify;\"><strong>Procedura<\/strong><\/p>\n<p style=\"text-align: justify;\">La domanda andr\u00e0 presentata unicamente in modalit\u00e0 telematica attraverso l\u2019applicazione \u201cIstanze on Line (POLIS)\u201d previo possesso delle credenziali SPID, o, in alternativa, di un\u2019utenza valida per l\u2019accesso ai servizi presenti nell\u2019area riservata del Ministero con l\u2019abilitazione specifica al servizio \u201cIstanze on Line (POLIS)\u201d.<\/p>\n<p style=\"text-align: justify;\">L\u2019indicazione circa il termine di presentazione dell\u2019istanza sar\u00e0 data con apposito avviso del ministero (lo scorso anno analoghe operazioni sono state espletate tra il 5 e il 16 agosto).<\/p>\n<ul style=\"text-align: justify;\">\n<li>La mancata presentazione dell\u2019istanza comporta la rinuncia alla partecipazione alla procedura.<\/li>\n<li>La mancata indicazione di talune sedi \u00e8 intesa quale rinuncia per le sedi non espresse.<\/li>\n<li>La rinuncia all\u2019incarico preclude il rifacimento delle operazioni anche per altra tipologia di posto.<\/li>\n<li>In caso di rinuncia, resta salva la possibilit\u00e0 di partecipazione alle successive procedure di conferimento delle nomine a tempo determinato, qualora la rinuncia stessa pervenga entro il termine indicato dall\u2019ufficio territorialmente competente.<\/li>\n<li>L\u2019assegnazione di una delle sedi indicate nella domanda comporta l\u2019accettazione della stessa e contemporaneamente preclude il conferimento di un incarico di supplenze, anche per altra tipologia di posto.<\/li>\n<li>La mancata assegnazione dell\u2019incarico consente la partecipazione alle successive procedure di conferimento delle supplenze.<\/li>\n<\/ul>\n<p style=\"text-align: justify;\"><strong>Cosa \u00e8 previsto una volta individuati dalla graduatoria di I fascia<\/strong><\/p>\n<p style=\"text-align: justify;\">Una volta individuati, per tali docenti \u00e8 previsto:<\/p>\n<ul style=\"text-align: justify;\">\n<li>\u00a0 \u00a0 \u00a0\u00a0la sottoscrizione di un contratto a tempo determinato esclusivamente nella provincia e per la tipologia di posto di sostegno;<\/li>\n<li>\u00a0 \u00a0\u00a0nel corso del contratto a tempo determinato svolgono il percorso annuale di formazione iniziale e prova ordinariamente previsto per i docenti neoassunti. Tale percorso si pu\u00f2 rinviare all\u2019anno scolastico successivo (e per pi\u00f9 anni) per giustificati motivi (maternit\u00e0, malattia ecc.) conservando il contratto a tempo determinato nella scuola di assegnazione;<\/li>\n<li>\u00a0 \u00a0una volta valutati positivamente sostengono una prova disciplinare, che dovr\u00e0 svolgersi entro il mese di luglio 2023, consistente in un colloquio di idoneit\u00e0 (che non d\u00e0 punteggio) valutata da una commissione esterna all\u2019istituzione scolastica di servizio;<\/li>\n<li>\u00a0\u00a0in caso di positiva valutazione del percorso annuale di formazione e prova e di giudizio positivo della prova disciplinare, il docente, precedentemente titolare di contratto a tempo determinato, \u00e8 assunto a tempo indeterminato e confermato in ruolo, a decorrere dal 1\u00b0 settembre 2022, o se successiva alla data di inizio dell\u2019anno scolastico, nella medesima istituzione scolastica presso cui ha prestato servizio.<\/li>\n<li>\u00a0 \u00a0eventuale giudizio negativo dell\u2019anno di prova e formazione o della prova disciplinare:<\/li>\n<\/ul>\n<p style=\"text-align: justify;\">\u00fc\u00a0\u00a0Nel caso in cui, a seguito dello svolgimento dell\u2019anno di formazione e prova, il comitato di valutazione esprima un giudizio negativo, il docente, per un solo successivo anno, sar\u00e0 chiamato a ripetere il periodo di prova e conseguentemente non accede alla prova disciplinare.<\/p>\n<p style=\"text-align: justify;\">\u00fc\u00a0\u00a0Se, invece, il giudizio negativo \u00e8 relativo alla prova disciplinare ci\u00f2 comporta la decadenza dalla procedura di immissione in ruolo: il docente non avendo superato la prova disciplinare non potr\u00e0 trasformare il proprio contratto da tempo determinato a tempo indeterminato.<\/p>\n<p style=\"text-align: justify;\"><strong>POSIZIONE DELLA UIL SCUOLA<\/strong><\/p>\n<p style=\"text-align: justify;\">Per la UIL Scuola la misura prevista, con tratti sia pure positivi, non \u00e8 sufficiente a sanare la piaga del precariato che \u00e8 in continua crescita, siamo al 25% di precariato che non pu\u00f2 che riversarsi negativamente su tutto il sistema. Questa misura gi\u00e0 sperimentata lo scorso anno, non risolve il problema del precariato come da noi pi\u00f9 volte auspicato e continua ad escludere migliaia di lavoratori. Continueremo a rivendicare un provvedimento specifico che pi\u00f9 volte il ministro e il Governo hanno declinato, lasciando il sistema in una situazione di difficolt\u00e0 che non \u00e8 pi\u00f9 consentita.<\/p>\n<p style=\"text-align: justify;\">Infatti, la procedura prevista riguarda solo i posti di sostegno ed esclude totalmente sia i docenti abilitati di I fascia di posto comune\/classe di concorso che i docenti non abilitati che vantano almeno i 3 anni di servizio, sia su posto comune che di sostegno<\/p>\n<p style=\"text-align: justify;\">Per la UIL, quindi, si continuano a non dare risposte in termini di assunzioni a fronte di un precariato che cresce enormemente negli ultimi anni a causa di politiche sbagliate sul reclutamento mentre le migliaia di docenti esclusi continuano a far funzionare le nostre scuole, servendo lo Stato in scuole spesso di frontiera, lontano dalla famiglia e dagli affetti.\u00a0 Anche per il prossimo anno scolastico non ci saranno le condizioni per coprire tutti i posti disponibili per i docenti mentre gli stessi, che sono utili per svolgere le supplenze, per garantire ai nostri studenti, il sacrosanto diritto allo studio, vanno bene anche i supplenti. Docenti utili a fare funzionare le scuole, non lo sono poi abbastanza per essere assunti in pianta stabile.<\/p>\n<p style=\"text-align: justify;\">L\u2019altro punto di attenzione \u00e8 la procedura pasticciata con cui si svolger\u00e0 l\u2019assegnazione dell\u2019incarico. La UIL Scuola non \u00e8 pi\u00f9 disposta ad accettare ci\u00f2 che \u00e8 accaduto lo scorso anno: GPS piene di errori, incarichi revocati in corso d\u2019anno e una procedura online per i docenti assunti dalla I fascia GPS che si \u00e8 sovrapposta a quella per gli incarichi annuali.<br \/>\nRipetere le procedure dell\u2019anno scorso sanzionate, pi\u00f9 e pi\u00f9 volte, dalla Magistratura, non \u00e8 indice di ragionevolezza e responsabilit\u00e0. Serve implementare il percorso digitale con quello classico della convocazione in presenza che nelle fasi successive alla prima eviterebbe la caterva di errori ed omissioni che si sono tradotti in diritti ignorati e in un notevole contenzioso che ha visto l\u2019amministrazione soccombente<\/p>\n<p style=\"text-align: justify;\">Restano poi, come lo scorso anno, le due questioni critiche: quella strettamente relativa alla procedura prevista per le GPS e quella della prova disciplinare al fine di concludere l\u2019anno di prova.<\/p>\n<p style=\"text-align: justify;\">Il contratto che stipula il docente \u00e8 infatti un contratto a tempo determinato (una inutile ulteriore mortificazione), la cui valutazione \u00e8 demandata ad una commissione esterna. Sono due elementi di evidente contraddizione: il primo non \u00e8 in linea con le direttive della Commissione europea sui contratti reiterati a tempo determinato; il secondo \u00e8 un elemento inutilmente vessatorio verso una categoria di lavoratori della scuola per cui una commissione esterna dovrebbe valutare un percorso annuale di formazione del docente senza aver mai visto il docente ed eventualmente cassare la delibera della commissione di valutazione interna alla scuola. Una contraddizione inaccettabile. La UIL Scuola aveva chiesto gi\u00e0 per i docenti assunti questo anno l\u2019eliminazione di questa prova e ha ribadito anche in questa occasione l\u2019inutilit\u00e0 e la discriminazione di una prova non conforme al percorso ordinario che seguono tutti gli altri docenti neo immessi in ruolo, il che la rende incostituzionale e vessatoria.<\/p>\n<p style=\"text-align: justify;\">Per la UIL Scuola ha partecipato Paolo Pizzo. Per l\u2019Amministrazione il Dott. Volont\u00e8.<\/p>\n<p style=\"text-align: justify;\">\n<h6 style=\"text-align: justify;\">fonte:\u00a0<a href=\"https:\/\/uilscuola.it\/incarichi-a-tempo-determinato-finalizzati-al-ruolo-per-docenti-della-i-fascia-gps-di-sostegno-report\/\" target=\"_blank\" rel=\"noopener noreferrer\">uilscuola.it<\/a><\/h6>\n\n<div class=\"twitter-share\"><a href=\"https:\/\/twitter.com\/intent\/tweet?via=UILScuolaBO_ER\" class=\"twitter-share-button\" data-size=\"large\">Tweet<\/a><\/div>\n","protected":false},"excerpt":{"rendered":"<p>La bozza di decreto ministeriale riguardante la procedura di assunzione per i docenti iscritti nella I fascia GPS sul sostegno \u00e8 stato l\u2019argomento trattato nel &hellip; <\/p>\n","protected":false},"author":1,"featured_media":7987,"comment_status":"closed","ping_status":"open","sticky":false,"template":"","format":"standard","meta":{"footnotes":""},"categories":[20,12,6],"tags":[],"yoast_head":"<!-- This site is optimized with the Yoast SEO plugin v21.7 - https:\/\/yoast.com\/wordpress\/plugins\/seo\/ -->\r\n<title>GPS | Incarichi a tempo determinato finalizzati al ruolo per docenti della I fascia GPS di sostegno (REPORT) - Uil Scuola Emilia Romagna<\/title>\r\n<meta name=\"robots\" content=\"index, follow, max-snippet:-1, max-image-preview:large, max-video-preview:-1\" \/>\r\n<link rel=\"canonical\" href=\"https:\/\/www.uilscuolaemiliaromagna.it\/public\/er\/2022\/06\/16\/gps-incarichi-a-tempo-determinato-finalizzati-al-ruolo-per-docenti-della-i-fascia-gps-di-sostegno-report\/\" \/>\r\n<meta property=\"og:locale\" content=\"it_IT\" \/>\r\n<meta property=\"og:type\" content=\"article\" \/>\r\n<meta property=\"og:title\" content=\"GPS | Incarichi a tempo determinato finalizzati al ruolo per docenti della I fascia GPS di sostegno (REPORT) - Uil Scuola Emilia Romagna\" \/>\r\n<meta property=\"og:description\" content=\"La bozza di decreto ministeriale riguardante la procedura di assunzione per i docenti iscritti nella I fascia GPS sul sostegno \u00e8 stato l\u2019argomento trattato nel &hellip;\" \/>\r\n<meta property=\"og:url\" content=\"https:\/\/www.uilscuolaemiliaromagna.it\/public\/er\/2022\/06\/16\/gps-incarichi-a-tempo-determinato-finalizzati-al-ruolo-per-docenti-della-i-fascia-gps-di-sostegno-report\/\" \/>\r\n<meta property=\"og:site_name\" content=\"Uil Scuola Emilia Romagna\" \/>\r\n<meta property=\"article:published_time\" content=\"2022-06-16T16:05:50+00:00\" \/>\r\n<meta property=\"og:image\" content=\"https:\/\/www.uilscuolaemiliaromagna.it\/public\/er\/wp-content\/uploads\/2021\/03\/Mobilita-docenti-2021.jpg\" \/>\r\n\t<meta property=\"og:image:width\" content=\"800\" \/>\r\n\t<meta property=\"og:image:height\" content=\"483\" \/>\r\n\t<meta property=\"og:image:type\" content=\"image\/jpeg\" \/>\r\n<meta name=\"author\" content=\"admin\" \/>\r\n<meta name=\"twitter:card\" content=\"summary_large_image\" \/>\r\n<meta name=\"twitter:label1\" content=\"Scritto da\" \/>\n\t<meta name=\"twitter:data1\" content=\"admin\" \/>\n\t<meta name=\"twitter:label2\" content=\"Tempo di lettura stimato\" \/>\n\t<meta name=\"twitter:data2\" content=\"6 minuti\" \/>\r\n<script type=\"application\/ld+json\" class=\"yoast-schema-graph\">{\"@context\":\"https:\/\/schema.org\",\"@graph\":[{\"@type\":\"Article\",\"@id\":\"https:\/\/www.uilscuolaemiliaromagna.it\/public\/er\/2022\/06\/16\/gps-incarichi-a-tempo-determinato-finalizzati-al-ruolo-per-docenti-della-i-fascia-gps-di-sostegno-report\/#article\",\"isPartOf\":{\"@id\":\"https:\/\/www.uilscuolaemiliaromagna.it\/public\/er\/2022\/06\/16\/gps-incarichi-a-tempo-determinato-finalizzati-al-ruolo-per-docenti-della-i-fascia-gps-di-sostegno-report\/\"},\"author\":{\"name\":\"admin\",\"@id\":\"https:\/\/www.uilscuolaemiliaromagna.it\/public\/er\/#\/schema\/person\/f42878fd07a4b6ba2b7153d4fad5de5e\"},\"headline\":\"GPS | Incarichi a tempo determinato finalizzati al ruolo per docenti della I fascia GPS di sostegno (REPORT)\",\"datePublished\":\"2022-06-16T16:05:50+00:00\",\"dateModified\":\"2022-06-16T16:05:50+00:00\",\"mainEntityOfPage\":{\"@id\":\"https:\/\/www.uilscuolaemiliaromagna.it\/public\/er\/2022\/06\/16\/gps-incarichi-a-tempo-determinato-finalizzati-al-ruolo-per-docenti-della-i-fascia-gps-di-sostegno-report\/\"},\"wordCount\":1260,\"publisher\":{\"@id\":\"https:\/\/www.uilscuolaemiliaromagna.it\/public\/er\/#organization\"},\"articleSection\":[\"Graduatorie\",\"Notizie\",\"Personale Docente\"],\"inLanguage\":\"it-IT\"},{\"@type\":\"WebPage\",\"@id\":\"https:\/\/www.uilscuolaemiliaromagna.it\/public\/er\/2022\/06\/16\/gps-incarichi-a-tempo-determinato-finalizzati-al-ruolo-per-docenti-della-i-fascia-gps-di-sostegno-report\/\",\"url\":\"https:\/\/www.uilscuolaemiliaromagna.it\/public\/er\/2022\/06\/16\/gps-incarichi-a-tempo-determinato-finalizzati-al-ruolo-per-docenti-della-i-fascia-gps-di-sostegno-report\/\",\"name\":\"GPS | Incarichi a tempo determinato finalizzati al ruolo per docenti della I fascia GPS di sostegno (REPORT) - Uil Scuola Emilia Romagna\",\"isPartOf\":{\"@id\":\"https:\/\/www.uilscuolaemiliaromagna.it\/public\/er\/#website\"},\"datePublished\":\"2022-06-16T16:05:50+00:00\",\"dateModified\":\"2022-06-16T16:05:50+00:00\",\"breadcrumb\":{\"@id\":\"https:\/\/www.uilscuolaemiliaromagna.it\/public\/er\/2022\/06\/16\/gps-incarichi-a-tempo-determinato-finalizzati-al-ruolo-per-docenti-della-i-fascia-gps-di-sostegno-report\/#breadcrumb\"},\"inLanguage\":\"it-IT\",\"potentialAction\":[{\"@type\":\"ReadAction\",\"target\":[\"https:\/\/www.uilscuolaemiliaromagna.it\/public\/er\/2022\/06\/16\/gps-incarichi-a-tempo-determinato-finalizzati-al-ruolo-per-docenti-della-i-fascia-gps-di-sostegno-report\/\"]}]},{\"@type\":\"BreadcrumbList\",\"@id\":\"https:\/\/www.uilscuolaemiliaromagna.it\/public\/er\/2022\/06\/16\/gps-incarichi-a-tempo-determinato-finalizzati-al-ruolo-per-docenti-della-i-fascia-gps-di-sostegno-report\/#breadcrumb\",\"itemListElement\":[{\"@type\":\"ListItem\",\"position\":1,\"name\":\"Home\",\"item\":\"https:\/\/www.uilscuolaemiliaromagna.it\/public\/er\/\"},{\"@type\":\"ListItem\",\"position\":2,\"name\":\"GPS | Incarichi a tempo determinato finalizzati al ruolo per docenti della I fascia GPS di sostegno (REPORT)\"}]},{\"@type\":\"WebSite\",\"@id\":\"https:\/\/www.uilscuolaemiliaromagna.it\/public\/er\/#website\",\"url\":\"https:\/\/www.uilscuolaemiliaromagna.it\/public\/er\/\",\"name\":\"Uil Scuola Emilia Romagna\",\"description\":\"La voce libera della scuola\",\"publisher\":{\"@id\":\"https:\/\/www.uilscuolaemiliaromagna.it\/public\/er\/#organization\"},\"potentialAction\":[{\"@type\":\"SearchAction\",\"target\":{\"@type\":\"EntryPoint\",\"urlTemplate\":\"https:\/\/www.uilscuolaemiliaromagna.it\/public\/er\/?s={search_term_string}\"},\"query-input\":\"required name=search_term_string\"}],\"inLanguage\":\"it-IT\"},{\"@type\":\"Organization\",\"@id\":\"https:\/\/www.uilscuolaemiliaromagna.it\/public\/er\/#organization\",\"name\":\"Uil Scuola Emilia Romagna\",\"url\":\"https:\/\/www.uilscuolaemiliaromagna.it\/public\/er\/\",\"logo\":{\"@type\":\"ImageObject\",\"inLanguage\":\"it-IT\",\"@id\":\"https:\/\/www.uilscuolaemiliaromagna.it\/public\/er\/#\/schema\/logo\/image\/\",\"url\":\"https:\/\/www.uilscuolaemiliaromagna.it\/public\/er\/wp-content\/uploads\/2017\/04\/cropped-header.png\",\"contentUrl\":\"https:\/\/www.uilscuolaemiliaromagna.it\/public\/er\/wp-content\/uploads\/2017\/04\/cropped-header.png\",\"width\":1000,\"height\":150,\"caption\":\"Uil Scuola Emilia Romagna\"},\"image\":{\"@id\":\"https:\/\/www.uilscuolaemiliaromagna.it\/public\/er\/#\/schema\/logo\/image\/\"}},{\"@type\":\"Person\",\"@id\":\"https:\/\/www.uilscuolaemiliaromagna.it\/public\/er\/#\/schema\/person\/f42878fd07a4b6ba2b7153d4fad5de5e\",\"name\":\"admin\",\"image\":{\"@type\":\"ImageObject\",\"inLanguage\":\"it-IT\",\"@id\":\"https:\/\/www.uilscuolaemiliaromagna.it\/public\/er\/#\/schema\/person\/image\/\",\"url\":\"https:\/\/secure.gravatar.com\/avatar\/aebf815ae2f30ffdae8b8c247273d34c?s=96&d=mm&r=g\",\"contentUrl\":\"https:\/\/secure.gravatar.com\/avatar\/aebf815ae2f30ffdae8b8c247273d34c?s=96&d=mm&r=g\",\"caption\":\"admin\"},\"url\":\"https:\/\/www.uilscuolaemiliaromagna.it\/public\/er\/author\/admin\/\"}]}<\/script>\r\n<!-- \/ Yoast SEO plugin. -->","yoast_head_json":{"title":"GPS | Incarichi a tempo determinato finalizzati al ruolo per docenti della I fascia GPS di sostegno (REPORT) - Uil Scuola Emilia Romagna","robots":{"index":"index","follow":"follow","max-snippet":"max-snippet:-1","max-image-preview":"max-image-preview:large","max-video-preview":"max-video-preview:-1"},"canonical":"https:\/\/www.uilscuolaemiliaromagna.it\/public\/er\/2022\/06\/16\/gps-incarichi-a-tempo-determinato-finalizzati-al-ruolo-per-docenti-della-i-fascia-gps-di-sostegno-report\/","og_locale":"it_IT","og_type":"article","og_title":"GPS | Incarichi a tempo determinato finalizzati al ruolo per docenti della I fascia GPS di sostegno (REPORT) - Uil Scuola Emilia Romagna","og_description":"La bozza di decreto ministeriale riguardante la procedura di assunzione per i docenti iscritti nella I fascia GPS sul sostegno \u00e8 stato l\u2019argomento trattato nel &hellip;","og_url":"https:\/\/www.uilscuolaemiliaromagna.it\/public\/er\/2022\/06\/16\/gps-incarichi-a-tempo-determinato-finalizzati-al-ruolo-per-docenti-della-i-fascia-gps-di-sostegno-report\/","og_site_name":"Uil Scuola Emilia Romagna","article_published_time":"2022-06-16T16:05:50+00:00","og_image":[{"width":800,"height":483,"url":"https:\/\/www.uilscuolaemiliaromagna.it\/public\/er\/wp-content\/uploads\/2021\/03\/Mobilita-docenti-2021.jpg","type":"image\/jpeg"}],"author":"admin","twitter_card":"summary_large_image","twitter_misc":{"Scritto da":"admin","Tempo di lettura stimato":"6 minuti"},"schema":{"@context":"https:\/\/schema.org","@graph":[{"@type":"Article","@id":"https:\/\/www.uilscuolaemiliaromagna.it\/public\/er\/2022\/06\/16\/gps-incarichi-a-tempo-determinato-finalizzati-al-ruolo-per-docenti-della-i-fascia-gps-di-sostegno-report\/#article","isPartOf":{"@id":"https:\/\/www.uilscuolaemiliaromagna.it\/public\/er\/2022\/06\/16\/gps-incarichi-a-tempo-determinato-finalizzati-al-ruolo-per-docenti-della-i-fascia-gps-di-sostegno-report\/"},"author":{"name":"admin","@id":"https:\/\/www.uilscuolaemiliaromagna.it\/public\/er\/#\/schema\/person\/f42878fd07a4b6ba2b7153d4fad5de5e"},"headline":"GPS | Incarichi a tempo determinato finalizzati al ruolo per docenti della I fascia GPS di sostegno (REPORT)","datePublished":"2022-06-16T16:05:50+00:00","dateModified":"2022-06-16T16:05:50+00:00","mainEntityOfPage":{"@id":"https:\/\/www.uilscuolaemiliaromagna.it\/public\/er\/2022\/06\/16\/gps-incarichi-a-tempo-determinato-finalizzati-al-ruolo-per-docenti-della-i-fascia-gps-di-sostegno-report\/"},"wordCount":1260,"publisher":{"@id":"https:\/\/www.uilscuolaemiliaromagna.it\/public\/er\/#organization"},"articleSection":["Graduatorie","Notizie","Personale Docente"],"inLanguage":"it-IT"},{"@type":"WebPage","@id":"https:\/\/www.uilscuolaemiliaromagna.it\/public\/er\/2022\/06\/16\/gps-incarichi-a-tempo-determinato-finalizzati-al-ruolo-per-docenti-della-i-fascia-gps-di-sostegno-report\/","url":"https:\/\/www.uilscuolaemiliaromagna.it\/public\/er\/2022\/06\/16\/gps-incarichi-a-tempo-determinato-finalizzati-al-ruolo-per-docenti-della-i-fascia-gps-di-sostegno-report\/","name":"GPS | Incarichi a tempo determinato finalizzati al ruolo per docenti della I fascia GPS di sostegno (REPORT) - Uil Scuola Emilia Romagna","isPartOf":{"@id":"https:\/\/www.uilscuolaemiliaromagna.it\/public\/er\/#website"},"datePublished":"2022-06-16T16:05:50+00:00","dateModified":"2022-06-16T16:05:50+00:00","breadcrumb":{"@id":"https:\/\/www.uilscuolaemiliaromagna.it\/public\/er\/2022\/06\/16\/gps-incarichi-a-tempo-determinato-finalizzati-al-ruolo-per-docenti-della-i-fascia-gps-di-sostegno-report\/#breadcrumb"},"inLanguage":"it-IT","potentialAction":[{"@type":"ReadAction","target":["https:\/\/www.uilscuolaemiliaromagna.it\/public\/er\/2022\/06\/16\/gps-incarichi-a-tempo-determinato-finalizzati-al-ruolo-per-docenti-della-i-fascia-gps-di-sostegno-report\/"]}]},{"@type":"BreadcrumbList","@id":"https:\/\/www.uilscuolaemiliaromagna.it\/public\/er\/2022\/06\/16\/gps-incarichi-a-tempo-determinato-finalizzati-al-ruolo-per-docenti-della-i-fascia-gps-di-sostegno-report\/#breadcrumb","itemListElement":[{"@type":"ListItem","position":1,"name":"Home","item":"https:\/\/www.uilscuolaemiliaromagna.it\/public\/er\/"},{"@type":"ListItem","position":2,"name":"GPS | Incarichi a tempo determinato finalizzati al ruolo per docenti della I fascia GPS di sostegno (REPORT)"}]},{"@type":"WebSite","@id":"https:\/\/www.uilscuolaemiliaromagna.it\/public\/er\/#website","url":"https:\/\/www.uilscuolaemiliaromagna.it\/public\/er\/","name":"Uil Scuola Emilia Romagna","description":"La voce libera della scuola","publisher":{"@id":"https:\/\/www.uilscuolaemiliaromagna.it\/public\/er\/#organization"},"potentialAction":[{"@type":"SearchAction","target":{"@type":"EntryPoint","urlTemplate":"https:\/\/www.uilscuolaemiliaromagna.it\/public\/er\/?s={search_term_string}"},"query-input":"required name=search_term_string"}],"inLanguage":"it-IT"},{"@type":"Organization","@id":"https:\/\/www.uilscuolaemiliaromagna.it\/public\/er\/#organization","name":"Uil Scuola Emilia Romagna","url":"https:\/\/www.uilscuolaemiliaromagna.it\/public\/er\/","logo":{"@type":"ImageObject","inLanguage":"it-IT","@id":"https:\/\/www.uilscuolaemiliaromagna.it\/public\/er\/#\/schema\/logo\/image\/","url":"https:\/\/www.uilscuolaemiliaromagna.it\/public\/er\/wp-content\/uploads\/2017\/04\/cropped-header.png","contentUrl":"https:\/\/www.uilscuolaemiliaromagna.it\/public\/er\/wp-content\/uploads\/2017\/04\/cropped-header.png","width":1000,"height":150,"caption":"Uil Scuola Emilia Romagna"},"image":{"@id":"https:\/\/www.uilscuolaemiliaromagna.it\/public\/er\/#\/schema\/logo\/image\/"}},{"@type":"Person","@id":"https:\/\/www.uilscuolaemiliaromagna.it\/public\/er\/#\/schema\/person\/f42878fd07a4b6ba2b7153d4fad5de5e","name":"admin","image":{"@type":"ImageObject","inLanguage":"it-IT","@id":"https:\/\/www.uilscuolaemiliaromagna.it\/public\/er\/#\/schema\/person\/image\/","url":"https:\/\/secure.gravatar.com\/avatar\/aebf815ae2f30ffdae8b8c247273d34c?s=96&d=mm&r=g","contentUrl":"https:\/\/secure.gravatar.com\/avatar\/aebf815ae2f30ffdae8b8c247273d34c?s=96&d=mm&r=g","caption":"admin"},"url":"https:\/\/www.uilscuolaemiliaromagna.it\/public\/er\/author\/admin\/"}]}},"views":942,"_links":{"self":[{"href":"https:\/\/www.uilscuolaemiliaromagna.it\/public\/er\/wp-json\/wp\/v2\/posts\/10055"}],"collection":[{"href":"https:\/\/www.uilscuolaemiliaromagna.it\/public\/er\/wp-json\/wp\/v2\/posts"}],"about":[{"href":"https:\/\/www.uilscuolaemiliaromagna.it\/public\/er\/wp-json\/wp\/v2\/types\/post"}],"author":[{"embeddable":true,"href":"https:\/\/www.uilscuolaemiliaromagna.it\/public\/er\/wp-json\/wp\/v2\/users\/1"}],"replies":[{"embeddable":true,"href":"https:\/\/www.uilscuolaemiliaromagna.it\/public\/er\/wp-json\/wp\/v2\/comments?post=10055"}],"version-history":[{"count":1,"href":"https:\/\/www.uilscuolaemiliaromagna.it\/public\/er\/wp-json\/wp\/v2\/posts\/10055\/revisions"}],"predecessor-version":[{"id":10056,"href":"https:\/\/www.uilscuolaemiliaromagna.it\/public\/er\/wp-json\/wp\/v2\/posts\/10055\/revisions\/10056"}],"wp:featuredmedia":[{"embeddable":true,"href":"https:\/\/www.uilscuolaemiliaromagna.it\/public\/er\/wp-json\/wp\/v2\/media\/7987"}],"wp:attachment":[{"href":"https:\/\/www.uilscuolaemiliaromagna.it\/public\/er\/wp-json\/wp\/v2\/media?parent=10055"}],"wp:term":[{"taxonomy":"category","embeddable":true,"href":"https:\/\/www.uilscuolaemiliaromagna.it\/public\/er\/wp-json\/wp\/v2\/categories?post=10055"},{"taxonomy":"post_tag","embeddable":true,"href":"https:\/\/www.uilscuolaemiliaromagna.it\/public\/er\/wp-json\/wp\/v2\/tags?post=10055"}],"curies":[{"name":"wp","href":"https:\/\/api.w.org\/{rel}","templated":true}]}}