{"id":10111,"date":"2022-06-29T11:40:56","date_gmt":"2022-06-29T09:40:56","guid":{"rendered":"http:\/\/www.uilscuolaemiliaromagna.it\/public\/er\/?p=10111"},"modified":"2022-06-29T11:40:56","modified_gmt":"2022-06-29T09:40:56","slug":"reclutamento-e-contratto-turi-la-scuola-non-e-burocrazia","status":"publish","type":"post","link":"https:\/\/www.uilscuolaemiliaromagna.it\/public\/er\/2022\/06\/29\/reclutamento-e-contratto-turi-la-scuola-non-e-burocrazia\/","title":{"rendered":"RECLUTAMENTO E CONTRATTO | Turi: \u201cLa scuola non \u00e8 burocrazia\u201d"},"content":{"rendered":"<p>\u201cCon il decreto reclutamento la scuola ha subito una violenza. Dobbiamo resistere e continuare a batterci, ripartiremo presto con le mobilitazioni. Non ci fermiamo \u2013 cos\u00ec il segretario generale della Uil Scuola, Pino Turi, nel corso di un\u2019intervista a Orizzonte Scuola.<\/p>\n<p>\u201cSiamo davanti ad una riforma antidemocratica e incostituzionale che non accetteremo mai \u2013 sottolinea il Segretario generale UIL Scuola \u2013. Sembra ci sia una volont\u00e0 autoritaria volta a costringere i docenti a svolgere un lavoro che non \u00e8 il loro: la scuola non \u00e8 burocrazia e la neo costituenda Scuola di alta formazione non \u00e8 altro che il nucleo di una neoburocrazia che va ad interferire pesantemente sull\u2019aspetto didattico\u201d.<\/p>\n<p>Turi si sofferma ancora sul tema formazione: \u201cQualche giorno fa il ministro ha parlato dell\u2019urgenza di RIADDESTRARE 650 mila insegnanti \u2013 ricorda -. Affermazioni del genere non sono solo inapplicabili, ma allontanano ulteriormente il Governo dal mondo reale, fenomeno sempre pi\u00f9 in aumento\u201d.<\/p>\n<p>Dal decreto reclutamento al rinnovo del contratto: \u201cPrevedo una strada in salita \u2013 osserva \u2013.\u00a0 Abbiamo proposto di fare arrivare i soldi nelle tasche dei lavoratori, che sono gi\u00e0 in difficolt\u00e0 economica, le risorse disponibili e contemporaneamente aprire la trattativa sulla parte normativa. Come capirete per\u00f2, la parte normativa \u00e8 da rivedere completamente, anche alla luce di questo decreto. In sostanza ci vorr\u00e0 del tempo, non si pu\u00f2 pensare di fare questo contratto in pochi mesi\u201d.<\/p>\n<p>In conclusione, il Segretario generale Uil Scuola \u00e8 tornato ad analizzare lo sciopero nazionale con uno sguardo sulle mobilitazioni future: \u201cGli scioperi a fine anno sono sempre rischiosi ma quello del 30 maggio \u00e8 stato un segnale di protesta importante della categoria che si \u00e8 trovata nella difficile situazione di dover difendere da un lato i propri diritti e dall\u2019altro il bene dei propri studenti. \u00c8 stato un primo passo, la nostra mobilitazione non si ferma. Continueremo a resistere\u201d.<\/p>\n<ul>\n<li><a href=\"https:\/\/www.orizzontescuola.it\/diretta-dal-rinnovo-del-contratto-alla-riforma-del-reclutamento-intervista-a-pino-turi-uil-scuola\/\" target=\"_blank\" rel=\"noopener noreferrer\">LA VIDEO INTERVISTA SU ORIZZONTESCUOLA.IT<\/a><\/li>\n<\/ul>\n<h6>fonte:\u00a0<a href=\"https:\/\/uilscuola.it\/turi-la-scuola-non-e-burocrazia\/\" target=\"_blank\" rel=\"noopener noreferrer\">uilscuola.it<\/a><\/h6>\n\n<div class=\"twitter-share\"><a href=\"https:\/\/twitter.com\/intent\/tweet?via=UILScuolaBO_ER\" class=\"twitter-share-button\" data-size=\"large\">Tweet<\/a><\/div>\n","protected":false},"excerpt":{"rendered":"<p>\u201cCon il decreto reclutamento la scuola ha subito una violenza. Dobbiamo resistere e continuare a batterci, ripartiremo presto con le mobilitazioni. Non ci fermiamo \u2013 &hellip; <\/p>\n","protected":false},"author":1,"featured_media":9651,"comment_status":"closed","ping_status":"open","sticky":false,"template":"","format":"standard","meta":{"footnotes":""},"categories":[12],"tags":[],"yoast_head":"<!-- This site is optimized with the Yoast SEO plugin v21.7 - https:\/\/yoast.com\/wordpress\/plugins\/seo\/ -->\r\n<title>RECLUTAMENTO E CONTRATTO | Turi: \u201cLa scuola non \u00e8 burocrazia\u201d - Uil Scuola Emilia Romagna<\/title>\r\n<meta name=\"robots\" content=\"index, follow, max-snippet:-1, max-image-preview:large, max-video-preview:-1\" \/>\r\n<link rel=\"canonical\" href=\"https:\/\/www.uilscuolaemiliaromagna.it\/public\/er\/2022\/06\/29\/reclutamento-e-contratto-turi-la-scuola-non-e-burocrazia\/\" \/>\r\n<meta property=\"og:locale\" content=\"it_IT\" \/>\r\n<meta property=\"og:type\" content=\"article\" \/>\r\n<meta property=\"og:title\" content=\"RECLUTAMENTO E CONTRATTO | Turi: \u201cLa scuola non \u00e8 burocrazia\u201d - Uil Scuola Emilia Romagna\" \/>\r\n<meta property=\"og:description\" content=\"\u201cCon il decreto reclutamento la scuola ha subito una violenza. Dobbiamo resistere e continuare a batterci, ripartiremo presto con le mobilitazioni. Non ci fermiamo \u2013 &hellip;\" \/>\r\n<meta property=\"og:url\" content=\"https:\/\/www.uilscuolaemiliaromagna.it\/public\/er\/2022\/06\/29\/reclutamento-e-contratto-turi-la-scuola-non-e-burocrazia\/\" \/>\r\n<meta property=\"og:site_name\" content=\"Uil Scuola Emilia Romagna\" \/>\r\n<meta property=\"article:published_time\" content=\"2022-06-29T09:40:56+00:00\" \/>\r\n<meta property=\"og:image\" content=\"https:\/\/www.uilscuolaemiliaromagna.it\/public\/er\/wp-content\/uploads\/2022\/03\/Consiglio-nazionale-Pino-Turi-090322-150x150-1.jpeg\" \/>\r\n\t<meta property=\"og:image:width\" content=\"150\" \/>\r\n\t<meta property=\"og:image:height\" content=\"150\" \/>\r\n\t<meta property=\"og:image:type\" content=\"image\/jpeg\" \/>\r\n<meta name=\"author\" content=\"admin\" \/>\r\n<meta name=\"twitter:card\" content=\"summary_large_image\" \/>\r\n<meta name=\"twitter:label1\" content=\"Scritto da\" \/>\n\t<meta name=\"twitter:data1\" content=\"admin\" \/>\n\t<meta name=\"twitter:label2\" content=\"Tempo di lettura stimato\" \/>\n\t<meta name=\"twitter:data2\" content=\"2 minuti\" \/>\r\n<script type=\"application\/ld+json\" class=\"yoast-schema-graph\">{\"@context\":\"https:\/\/schema.org\",\"@graph\":[{\"@type\":\"Article\",\"@id\":\"https:\/\/www.uilscuolaemiliaromagna.it\/public\/er\/2022\/06\/29\/reclutamento-e-contratto-turi-la-scuola-non-e-burocrazia\/#article\",\"isPartOf\":{\"@id\":\"https:\/\/www.uilscuolaemiliaromagna.it\/public\/er\/2022\/06\/29\/reclutamento-e-contratto-turi-la-scuola-non-e-burocrazia\/\"},\"author\":{\"name\":\"admin\",\"@id\":\"https:\/\/www.uilscuolaemiliaromagna.it\/public\/er\/#\/schema\/person\/f42878fd07a4b6ba2b7153d4fad5de5e\"},\"headline\":\"RECLUTAMENTO E CONTRATTO | Turi: \u201cLa scuola non \u00e8 burocrazia\u201d\",\"datePublished\":\"2022-06-29T09:40:56+00:00\",\"dateModified\":\"2022-06-29T09:40:56+00:00\",\"mainEntityOfPage\":{\"@id\":\"https:\/\/www.uilscuolaemiliaromagna.it\/public\/er\/2022\/06\/29\/reclutamento-e-contratto-turi-la-scuola-non-e-burocrazia\/\"},\"wordCount\":313,\"publisher\":{\"@id\":\"https:\/\/www.uilscuolaemiliaromagna.it\/public\/er\/#organization\"},\"articleSection\":[\"Notizie\"],\"inLanguage\":\"it-IT\"},{\"@type\":\"WebPage\",\"@id\":\"https:\/\/www.uilscuolaemiliaromagna.it\/public\/er\/2022\/06\/29\/reclutamento-e-contratto-turi-la-scuola-non-e-burocrazia\/\",\"url\":\"https:\/\/www.uilscuolaemiliaromagna.it\/public\/er\/2022\/06\/29\/reclutamento-e-contratto-turi-la-scuola-non-e-burocrazia\/\",\"name\":\"RECLUTAMENTO E CONTRATTO | Turi: \u201cLa scuola non \u00e8 burocrazia\u201d - Uil Scuola Emilia Romagna\",\"isPartOf\":{\"@id\":\"https:\/\/www.uilscuolaemiliaromagna.it\/public\/er\/#website\"},\"datePublished\":\"2022-06-29T09:40:56+00:00\",\"dateModified\":\"2022-06-29T09:40:56+00:00\",\"breadcrumb\":{\"@id\":\"https:\/\/www.uilscuolaemiliaromagna.it\/public\/er\/2022\/06\/29\/reclutamento-e-contratto-turi-la-scuola-non-e-burocrazia\/#breadcrumb\"},\"inLanguage\":\"it-IT\",\"potentialAction\":[{\"@type\":\"ReadAction\",\"target\":[\"https:\/\/www.uilscuolaemiliaromagna.it\/public\/er\/2022\/06\/29\/reclutamento-e-contratto-turi-la-scuola-non-e-burocrazia\/\"]}]},{\"@type\":\"BreadcrumbList\",\"@id\":\"https:\/\/www.uilscuolaemiliaromagna.it\/public\/er\/2022\/06\/29\/reclutamento-e-contratto-turi-la-scuola-non-e-burocrazia\/#breadcrumb\",\"itemListElement\":[{\"@type\":\"ListItem\",\"position\":1,\"name\":\"Home\",\"item\":\"https:\/\/www.uilscuolaemiliaromagna.it\/public\/er\/\"},{\"@type\":\"ListItem\",\"position\":2,\"name\":\"RECLUTAMENTO E CONTRATTO | Turi: \u201cLa scuola non \u00e8 burocrazia\u201d\"}]},{\"@type\":\"WebSite\",\"@id\":\"https:\/\/www.uilscuolaemiliaromagna.it\/public\/er\/#website\",\"url\":\"https:\/\/www.uilscuolaemiliaromagna.it\/public\/er\/\",\"name\":\"Uil Scuola Emilia Romagna\",\"description\":\"La voce libera della scuola\",\"publisher\":{\"@id\":\"https:\/\/www.uilscuolaemiliaromagna.it\/public\/er\/#organization\"},\"potentialAction\":[{\"@type\":\"SearchAction\",\"target\":{\"@type\":\"EntryPoint\",\"urlTemplate\":\"https:\/\/www.uilscuolaemiliaromagna.it\/public\/er\/?s={search_term_string}\"},\"query-input\":\"required name=search_term_string\"}],\"inLanguage\":\"it-IT\"},{\"@type\":\"Organization\",\"@id\":\"https:\/\/www.uilscuolaemiliaromagna.it\/public\/er\/#organization\",\"name\":\"Uil Scuola Emilia Romagna\",\"url\":\"https:\/\/www.uilscuolaemiliaromagna.it\/public\/er\/\",\"logo\":{\"@type\":\"ImageObject\",\"inLanguage\":\"it-IT\",\"@id\":\"https:\/\/www.uilscuolaemiliaromagna.it\/public\/er\/#\/schema\/logo\/image\/\",\"url\":\"https:\/\/www.uilscuolaemiliaromagna.it\/public\/er\/wp-content\/uploads\/2017\/04\/cropped-header.png\",\"contentUrl\":\"https:\/\/www.uilscuolaemiliaromagna.it\/public\/er\/wp-content\/uploads\/2017\/04\/cropped-header.png\",\"width\":1000,\"height\":150,\"caption\":\"Uil Scuola Emilia Romagna\"},\"image\":{\"@id\":\"https:\/\/www.uilscuolaemiliaromagna.it\/public\/er\/#\/schema\/logo\/image\/\"}},{\"@type\":\"Person\",\"@id\":\"https:\/\/www.uilscuolaemiliaromagna.it\/public\/er\/#\/schema\/person\/f42878fd07a4b6ba2b7153d4fad5de5e\",\"name\":\"admin\",\"image\":{\"@type\":\"ImageObject\",\"inLanguage\":\"it-IT\",\"@id\":\"https:\/\/www.uilscuolaemiliaromagna.it\/public\/er\/#\/schema\/person\/image\/\",\"url\":\"https:\/\/secure.gravatar.com\/avatar\/aebf815ae2f30ffdae8b8c247273d34c?s=96&d=mm&r=g\",\"contentUrl\":\"https:\/\/secure.gravatar.com\/avatar\/aebf815ae2f30ffdae8b8c247273d34c?s=96&d=mm&r=g\",\"caption\":\"admin\"},\"url\":\"https:\/\/www.uilscuolaemiliaromagna.it\/public\/er\/author\/admin\/\"}]}<\/script>\r\n<!-- \/ Yoast SEO plugin. -->","yoast_head_json":{"title":"RECLUTAMENTO E CONTRATTO | Turi: \u201cLa scuola non \u00e8 burocrazia\u201d - Uil Scuola Emilia Romagna","robots":{"index":"index","follow":"follow","max-snippet":"max-snippet:-1","max-image-preview":"max-image-preview:large","max-video-preview":"max-video-preview:-1"},"canonical":"https:\/\/www.uilscuolaemiliaromagna.it\/public\/er\/2022\/06\/29\/reclutamento-e-contratto-turi-la-scuola-non-e-burocrazia\/","og_locale":"it_IT","og_type":"article","og_title":"RECLUTAMENTO E CONTRATTO | Turi: \u201cLa scuola non \u00e8 burocrazia\u201d - Uil Scuola Emilia Romagna","og_description":"\u201cCon il decreto reclutamento la scuola ha subito una violenza. Dobbiamo resistere e continuare a batterci, ripartiremo presto con le mobilitazioni. Non ci fermiamo \u2013 &hellip;","og_url":"https:\/\/www.uilscuolaemiliaromagna.it\/public\/er\/2022\/06\/29\/reclutamento-e-contratto-turi-la-scuola-non-e-burocrazia\/","og_site_name":"Uil Scuola Emilia Romagna","article_published_time":"2022-06-29T09:40:56+00:00","og_image":[{"width":150,"height":150,"url":"https:\/\/www.uilscuolaemiliaromagna.it\/public\/er\/wp-content\/uploads\/2022\/03\/Consiglio-nazionale-Pino-Turi-090322-150x150-1.jpeg","type":"image\/jpeg"}],"author":"admin","twitter_card":"summary_large_image","twitter_misc":{"Scritto da":"admin","Tempo di lettura stimato":"2 minuti"},"schema":{"@context":"https:\/\/schema.org","@graph":[{"@type":"Article","@id":"https:\/\/www.uilscuolaemiliaromagna.it\/public\/er\/2022\/06\/29\/reclutamento-e-contratto-turi-la-scuola-non-e-burocrazia\/#article","isPartOf":{"@id":"https:\/\/www.uilscuolaemiliaromagna.it\/public\/er\/2022\/06\/29\/reclutamento-e-contratto-turi-la-scuola-non-e-burocrazia\/"},"author":{"name":"admin","@id":"https:\/\/www.uilscuolaemiliaromagna.it\/public\/er\/#\/schema\/person\/f42878fd07a4b6ba2b7153d4fad5de5e"},"headline":"RECLUTAMENTO E CONTRATTO | Turi: \u201cLa scuola non \u00e8 burocrazia\u201d","datePublished":"2022-06-29T09:40:56+00:00","dateModified":"2022-06-29T09:40:56+00:00","mainEntityOfPage":{"@id":"https:\/\/www.uilscuolaemiliaromagna.it\/public\/er\/2022\/06\/29\/reclutamento-e-contratto-turi-la-scuola-non-e-burocrazia\/"},"wordCount":313,"publisher":{"@id":"https:\/\/www.uilscuolaemiliaromagna.it\/public\/er\/#organization"},"articleSection":["Notizie"],"inLanguage":"it-IT"},{"@type":"WebPage","@id":"https:\/\/www.uilscuolaemiliaromagna.it\/public\/er\/2022\/06\/29\/reclutamento-e-contratto-turi-la-scuola-non-e-burocrazia\/","url":"https:\/\/www.uilscuolaemiliaromagna.it\/public\/er\/2022\/06\/29\/reclutamento-e-contratto-turi-la-scuola-non-e-burocrazia\/","name":"RECLUTAMENTO E CONTRATTO | Turi: \u201cLa scuola non \u00e8 burocrazia\u201d - Uil Scuola Emilia Romagna","isPartOf":{"@id":"https:\/\/www.uilscuolaemiliaromagna.it\/public\/er\/#website"},"datePublished":"2022-06-29T09:40:56+00:00","dateModified":"2022-06-29T09:40:56+00:00","breadcrumb":{"@id":"https:\/\/www.uilscuolaemiliaromagna.it\/public\/er\/2022\/06\/29\/reclutamento-e-contratto-turi-la-scuola-non-e-burocrazia\/#breadcrumb"},"inLanguage":"it-IT","potentialAction":[{"@type":"ReadAction","target":["https:\/\/www.uilscuolaemiliaromagna.it\/public\/er\/2022\/06\/29\/reclutamento-e-contratto-turi-la-scuola-non-e-burocrazia\/"]}]},{"@type":"BreadcrumbList","@id":"https:\/\/www.uilscuolaemiliaromagna.it\/public\/er\/2022\/06\/29\/reclutamento-e-contratto-turi-la-scuola-non-e-burocrazia\/#breadcrumb","itemListElement":[{"@type":"ListItem","position":1,"name":"Home","item":"https:\/\/www.uilscuolaemiliaromagna.it\/public\/er\/"},{"@type":"ListItem","position":2,"name":"RECLUTAMENTO E CONTRATTO | Turi: \u201cLa scuola non \u00e8 burocrazia\u201d"}]},{"@type":"WebSite","@id":"https:\/\/www.uilscuolaemiliaromagna.it\/public\/er\/#website","url":"https:\/\/www.uilscuolaemiliaromagna.it\/public\/er\/","name":"Uil Scuola Emilia Romagna","description":"La voce libera della scuola","publisher":{"@id":"https:\/\/www.uilscuolaemiliaromagna.it\/public\/er\/#organization"},"potentialAction":[{"@type":"SearchAction","target":{"@type":"EntryPoint","urlTemplate":"https:\/\/www.uilscuolaemiliaromagna.it\/public\/er\/?s={search_term_string}"},"query-input":"required name=search_term_string"}],"inLanguage":"it-IT"},{"@type":"Organization","@id":"https:\/\/www.uilscuolaemiliaromagna.it\/public\/er\/#organization","name":"Uil Scuola Emilia Romagna","url":"https:\/\/www.uilscuolaemiliaromagna.it\/public\/er\/","logo":{"@type":"ImageObject","inLanguage":"it-IT","@id":"https:\/\/www.uilscuolaemiliaromagna.it\/public\/er\/#\/schema\/logo\/image\/","url":"https:\/\/www.uilscuolaemiliaromagna.it\/public\/er\/wp-content\/uploads\/2017\/04\/cropped-header.png","contentUrl":"https:\/\/www.uilscuolaemiliaromagna.it\/public\/er\/wp-content\/uploads\/2017\/04\/cropped-header.png","width":1000,"height":150,"caption":"Uil Scuola Emilia Romagna"},"image":{"@id":"https:\/\/www.uilscuolaemiliaromagna.it\/public\/er\/#\/schema\/logo\/image\/"}},{"@type":"Person","@id":"https:\/\/www.uilscuolaemiliaromagna.it\/public\/er\/#\/schema\/person\/f42878fd07a4b6ba2b7153d4fad5de5e","name":"admin","image":{"@type":"ImageObject","inLanguage":"it-IT","@id":"https:\/\/www.uilscuolaemiliaromagna.it\/public\/er\/#\/schema\/person\/image\/","url":"https:\/\/secure.gravatar.com\/avatar\/aebf815ae2f30ffdae8b8c247273d34c?s=96&d=mm&r=g","contentUrl":"https:\/\/secure.gravatar.com\/avatar\/aebf815ae2f30ffdae8b8c247273d34c?s=96&d=mm&r=g","caption":"admin"},"url":"https:\/\/www.uilscuolaemiliaromagna.it\/public\/er\/author\/admin\/"}]}},"views":712,"_links":{"self":[{"href":"https:\/\/www.uilscuolaemiliaromagna.it\/public\/er\/wp-json\/wp\/v2\/posts\/10111"}],"collection":[{"href":"https:\/\/www.uilscuolaemiliaromagna.it\/public\/er\/wp-json\/wp\/v2\/posts"}],"about":[{"href":"https:\/\/www.uilscuolaemiliaromagna.it\/public\/er\/wp-json\/wp\/v2\/types\/post"}],"author":[{"embeddable":true,"href":"https:\/\/www.uilscuolaemiliaromagna.it\/public\/er\/wp-json\/wp\/v2\/users\/1"}],"replies":[{"embeddable":true,"href":"https:\/\/www.uilscuolaemiliaromagna.it\/public\/er\/wp-json\/wp\/v2\/comments?post=10111"}],"version-history":[{"count":1,"href":"https:\/\/www.uilscuolaemiliaromagna.it\/public\/er\/wp-json\/wp\/v2\/posts\/10111\/revisions"}],"predecessor-version":[{"id":10112,"href":"https:\/\/www.uilscuolaemiliaromagna.it\/public\/er\/wp-json\/wp\/v2\/posts\/10111\/revisions\/10112"}],"wp:featuredmedia":[{"embeddable":true,"href":"https:\/\/www.uilscuolaemiliaromagna.it\/public\/er\/wp-json\/wp\/v2\/media\/9651"}],"wp:attachment":[{"href":"https:\/\/www.uilscuolaemiliaromagna.it\/public\/er\/wp-json\/wp\/v2\/media?parent=10111"}],"wp:term":[{"taxonomy":"category","embeddable":true,"href":"https:\/\/www.uilscuolaemiliaromagna.it\/public\/er\/wp-json\/wp\/v2\/categories?post=10111"},{"taxonomy":"post_tag","embeddable":true,"href":"https:\/\/www.uilscuolaemiliaromagna.it\/public\/er\/wp-json\/wp\/v2\/tags?post=10111"}],"curies":[{"name":"wp","href":"https:\/\/api.w.org\/{rel}","templated":true}]}}