{"id":10115,"date":"2022-06-30T18:06:17","date_gmt":"2022-06-30T16:06:17","guid":{"rendered":"http:\/\/www.uilscuolaemiliaromagna.it\/public\/er\/?p=10115"},"modified":"2022-06-30T18:06:17","modified_gmt":"2022-06-30T16:06:17","slug":"in-parlamento-ius-scholae-ecco-che-cosa-prevede-il-testo-che-approda-alla-camera","status":"publish","type":"post","link":"https:\/\/www.uilscuolaemiliaromagna.it\/public\/er\/2022\/06\/30\/in-parlamento-ius-scholae-ecco-che-cosa-prevede-il-testo-che-approda-alla-camera\/","title":{"rendered":"IN PARLAMENTO | Ius scholae: ecco che cosa prevede il testo che approda alla Camera"},"content":{"rendered":"<blockquote>\n<p style=\"text-align: justify;\"><em>Lo Ius Scholae bisogna farlo e non parlarne. La scuola ha dimostrato con la sua azione di essere un potentissimo strumento di integrazione certificata, ora la politica la deve garantire. Pino Turi, Segretario generale Uil Scuola<\/em><\/p>\n<\/blockquote>\n<p style=\"text-align: justify;\"><img loading=\"lazy\" decoding=\"async\" class=\"size-medium wp-image-17247 aligncenter\" src=\"https:\/\/uilscuola.it\/wp-content\/uploads\/2022\/06\/ius-scholae-300x251.png\" sizes=\"(max-width: 300px) 100vw, 300px\" srcset=\"https:\/\/uilscuola.it\/wp-content\/uploads\/2022\/06\/ius-scholae-300x251.png 300w, https:\/\/uilscuola.it\/wp-content\/uploads\/2022\/06\/ius-scholae-768x644.png 768w, https:\/\/uilscuola.it\/wp-content\/uploads\/2022\/06\/ius-scholae.png 940w\" alt=\"\" width=\"300\" height=\"251\" \/><\/p>\n<p style=\"text-align: justify;\">Riportiamo la sintesi del provvedimento tracciata dall\u2019agenzia di stampa LaPresse.<\/p>\n<p style=\"text-align: justify;\">Milano, 29 giu. (LaPresse) \u2013 Lo\u00a0<strong>Ius scholae<\/strong>\u00a0approda in Aula alla Camera. Il testo unificato delle proposte di legge con modifiche alla legge 5 febbraio 1992, n.91, recante nuove norme sulla cittadinanza, \u00e8 il frutto di un lungo lavoro che ha visto protagonisti pressoch\u00e9 tutti i gruppi parlamentari, esclusi Fratelli d\u2019Italia e Lega, contrari per principio.<\/p>\n<p style=\"text-align: justify;\"><strong>All\u2019articolo 1<\/strong>, il testo introduce il cosiddetto ius culturae o\u00a0<strong>Ius scholae<\/strong>, ossia una nuova fattispecie di acquisto della cittadinanza basata sul completamento di un ciclo scolastico di cinque anni. Chi rientra in questa fattispecie? Il minore straniero, che sia nato in Italia o vi abbia fatto ingresso entro il compimento del dodicesimo anno di et\u00e0, che risieda legalmente in Italia, qualora abbia frequentato regolarmente, ai sensi della normativa vigente, per almeno cinque anni nel territorio nazionale uno o pi\u00f9 cicli scolastici in istituti appartenenti al sistema nazionale di istruzione o percorsi di istruzione e formazione professionale idonei al conseguimento di una qualifica professionale. Nel caso in cui la frequenza riguardi la scuola primaria, \u00e8 necessario aver concluso positivamente il corso in questione. Rispetto ai percorsi di istruzione e formazione professionale non rientreranno tutti ma quelli che saranno poi individuati con decreto del ministreo del Lavoro, di concerto con il ministro dell\u2019Istruzione e previa intesa in sede di Conferenza Stato-Regioni.<\/p>\n<p style=\"text-align: justify;\">Come si richiede questo tipo di cittadinanza? Con una dichiarazione di volont\u00e0, resa entro il compimento della maggiore et\u00e0 dell\u2019interessato da un genitore legalmente residente in Italia o da chi esercita la responsabilit\u00e0 genitoriale, all\u2019ufficiale dello stato civile del Comune di residenza del minore. L\u2019interessato pu\u00f2 rinunciare alla cittadinanza acquisita entro due anni dal raggiungimento della maggiore et\u00e0, purch\u00e9 in possesso di altra cittadinanza e, viceversa, fare richiesta di acquisto della cittadinanza all\u2019ufficiale di stato civile entro due anni dal raggiungimento della maggiore et\u00e0, ove non sia stata resa la dichiarazione di volont\u00e0. Il requisito della minore et\u00e0 si considera riferito al momento della presentazione dell\u2019istanza o della richiesta da parte di uno dei genitori o di chi esercita la responsabilit\u00e0 genitoriale. Gli ufficiali di anagrafe sono obbligati a comunicare ai residenti di cittadinanza straniera, nei sei mesi precedenti il compimento del diciottesimo anno questa nuova facolt\u00e0 di acquisto del diritto di cittadinanza. L\u2019inadempimento di tale obbligo di informazione sospende i termini di decadenza per la dichiarazione di elezione della cittadinanza.<\/p>\n<p style=\"text-align: justify;\"><strong>L\u2019articolo 2,<\/strong>\u00a0infine, completa il provvedimento con alcune disposizioni di coordinamento e finali, prevedendo in particolare le modalit\u00e0 di un unico testo delle disposizioni di natura regolamentare vigenti in materia di cittadinanza, da adottare entro sei mesi dalla data di entrata in vigore della legge.<\/p>\n<hr \/>\n<p style=\"text-align: justify;\">I due articoli che vengono modificati sono l\u2019articolo 4 comma 2 e viene introdotto l\u2019articolo 23 bis. Nel link il testo integrale con le integrazioni a fronte.<\/p>\n<ul>\n<li><a href=\"https:\/\/www.uilscuolaemiliaromagna.it\/public\/er\/wp-content\/uploads\/2022\/06\/AC0171a.pdf\">Legge n 91 &#8211; il testo con le modifiche<\/a><\/li>\n<\/ul>\n<p>&nbsp;<\/p>\n<h6>fonte:\u00a0<a href=\"https:\/\/uilscuola.it\/ius-scholae-ecco-che-cosa-prevede-il-testo-che-approda-alla-camera\/\" target=\"_blank\" rel=\"noopener noreferrer\">uilscuola.it<\/a><\/h6>\n\n<div class=\"twitter-share\"><a href=\"https:\/\/twitter.com\/intent\/tweet?via=UILScuolaBO_ER\" class=\"twitter-share-button\" data-size=\"large\">Tweet<\/a><\/div>\n","protected":false},"excerpt":{"rendered":"<p>Lo Ius Scholae bisogna farlo e non parlarne. La scuola ha dimostrato con la sua azione di essere un potentissimo strumento di integrazione certificata, ora &hellip; <\/p>\n","protected":false},"author":1,"featured_media":10117,"comment_status":"closed","ping_status":"open","sticky":false,"template":"","format":"standard","meta":{"footnotes":""},"categories":[12],"tags":[],"yoast_head":"<!-- This site is optimized with the Yoast SEO plugin v21.7 - https:\/\/yoast.com\/wordpress\/plugins\/seo\/ -->\r\n<title>IN PARLAMENTO | Ius scholae: ecco che cosa prevede il testo che approda alla Camera - Uil Scuola Emilia Romagna<\/title>\r\n<meta name=\"robots\" content=\"index, follow, max-snippet:-1, max-image-preview:large, max-video-preview:-1\" \/>\r\n<link rel=\"canonical\" href=\"https:\/\/www.uilscuolaemiliaromagna.it\/public\/er\/2022\/06\/30\/in-parlamento-ius-scholae-ecco-che-cosa-prevede-il-testo-che-approda-alla-camera\/\" \/>\r\n<meta property=\"og:locale\" content=\"it_IT\" \/>\r\n<meta property=\"og:type\" content=\"article\" \/>\r\n<meta property=\"og:title\" content=\"IN PARLAMENTO | Ius scholae: ecco che cosa prevede il testo che approda alla Camera - Uil Scuola Emilia Romagna\" \/>\r\n<meta property=\"og:description\" content=\"Lo Ius Scholae bisogna farlo e non parlarne. La scuola ha dimostrato con la sua azione di essere un potentissimo strumento di integrazione certificata, ora &hellip;\" \/>\r\n<meta property=\"og:url\" content=\"https:\/\/www.uilscuolaemiliaromagna.it\/public\/er\/2022\/06\/30\/in-parlamento-ius-scholae-ecco-che-cosa-prevede-il-testo-che-approda-alla-camera\/\" \/>\r\n<meta property=\"og:site_name\" content=\"Uil Scuola Emilia Romagna\" \/>\r\n<meta property=\"article:published_time\" content=\"2022-06-30T16:06:17+00:00\" \/>\r\n<meta property=\"og:image\" content=\"https:\/\/www.uilscuolaemiliaromagna.it\/public\/er\/wp-content\/uploads\/2022\/06\/ius-scholae.jpg\" \/>\r\n\t<meta property=\"og:image:width\" content=\"716\" \/>\r\n\t<meta property=\"og:image:height\" content=\"600\" \/>\r\n\t<meta property=\"og:image:type\" content=\"image\/jpeg\" \/>\r\n<meta name=\"author\" content=\"admin\" \/>\r\n<meta name=\"twitter:card\" content=\"summary_large_image\" \/>\r\n<meta name=\"twitter:label1\" content=\"Scritto da\" \/>\n\t<meta name=\"twitter:data1\" content=\"admin\" \/>\n\t<meta name=\"twitter:label2\" content=\"Tempo di lettura stimato\" \/>\n\t<meta name=\"twitter:data2\" content=\"3 minuti\" \/>\r\n<script type=\"application\/ld+json\" class=\"yoast-schema-graph\">{\"@context\":\"https:\/\/schema.org\",\"@graph\":[{\"@type\":\"Article\",\"@id\":\"https:\/\/www.uilscuolaemiliaromagna.it\/public\/er\/2022\/06\/30\/in-parlamento-ius-scholae-ecco-che-cosa-prevede-il-testo-che-approda-alla-camera\/#article\",\"isPartOf\":{\"@id\":\"https:\/\/www.uilscuolaemiliaromagna.it\/public\/er\/2022\/06\/30\/in-parlamento-ius-scholae-ecco-che-cosa-prevede-il-testo-che-approda-alla-camera\/\"},\"author\":{\"name\":\"admin\",\"@id\":\"https:\/\/www.uilscuolaemiliaromagna.it\/public\/er\/#\/schema\/person\/f42878fd07a4b6ba2b7153d4fad5de5e\"},\"headline\":\"IN PARLAMENTO | Ius scholae: ecco che cosa prevede il testo che approda alla Camera\",\"datePublished\":\"2022-06-30T16:06:17+00:00\",\"dateModified\":\"2022-06-30T16:06:17+00:00\",\"mainEntityOfPage\":{\"@id\":\"https:\/\/www.uilscuolaemiliaromagna.it\/public\/er\/2022\/06\/30\/in-parlamento-ius-scholae-ecco-che-cosa-prevede-il-testo-che-approda-alla-camera\/\"},\"wordCount\":534,\"publisher\":{\"@id\":\"https:\/\/www.uilscuolaemiliaromagna.it\/public\/er\/#organization\"},\"articleSection\":[\"Notizie\"],\"inLanguage\":\"it-IT\"},{\"@type\":\"WebPage\",\"@id\":\"https:\/\/www.uilscuolaemiliaromagna.it\/public\/er\/2022\/06\/30\/in-parlamento-ius-scholae-ecco-che-cosa-prevede-il-testo-che-approda-alla-camera\/\",\"url\":\"https:\/\/www.uilscuolaemiliaromagna.it\/public\/er\/2022\/06\/30\/in-parlamento-ius-scholae-ecco-che-cosa-prevede-il-testo-che-approda-alla-camera\/\",\"name\":\"IN PARLAMENTO | Ius scholae: ecco che cosa prevede il testo che approda alla Camera - Uil Scuola Emilia Romagna\",\"isPartOf\":{\"@id\":\"https:\/\/www.uilscuolaemiliaromagna.it\/public\/er\/#website\"},\"datePublished\":\"2022-06-30T16:06:17+00:00\",\"dateModified\":\"2022-06-30T16:06:17+00:00\",\"breadcrumb\":{\"@id\":\"https:\/\/www.uilscuolaemiliaromagna.it\/public\/er\/2022\/06\/30\/in-parlamento-ius-scholae-ecco-che-cosa-prevede-il-testo-che-approda-alla-camera\/#breadcrumb\"},\"inLanguage\":\"it-IT\",\"potentialAction\":[{\"@type\":\"ReadAction\",\"target\":[\"https:\/\/www.uilscuolaemiliaromagna.it\/public\/er\/2022\/06\/30\/in-parlamento-ius-scholae-ecco-che-cosa-prevede-il-testo-che-approda-alla-camera\/\"]}]},{\"@type\":\"BreadcrumbList\",\"@id\":\"https:\/\/www.uilscuolaemiliaromagna.it\/public\/er\/2022\/06\/30\/in-parlamento-ius-scholae-ecco-che-cosa-prevede-il-testo-che-approda-alla-camera\/#breadcrumb\",\"itemListElement\":[{\"@type\":\"ListItem\",\"position\":1,\"name\":\"Home\",\"item\":\"https:\/\/www.uilscuolaemiliaromagna.it\/public\/er\/\"},{\"@type\":\"ListItem\",\"position\":2,\"name\":\"IN PARLAMENTO | Ius scholae: ecco che cosa prevede il testo che approda alla Camera\"}]},{\"@type\":\"WebSite\",\"@id\":\"https:\/\/www.uilscuolaemiliaromagna.it\/public\/er\/#website\",\"url\":\"https:\/\/www.uilscuolaemiliaromagna.it\/public\/er\/\",\"name\":\"Uil Scuola Emilia Romagna\",\"description\":\"La voce libera della scuola\",\"publisher\":{\"@id\":\"https:\/\/www.uilscuolaemiliaromagna.it\/public\/er\/#organization\"},\"potentialAction\":[{\"@type\":\"SearchAction\",\"target\":{\"@type\":\"EntryPoint\",\"urlTemplate\":\"https:\/\/www.uilscuolaemiliaromagna.it\/public\/er\/?s={search_term_string}\"},\"query-input\":\"required name=search_term_string\"}],\"inLanguage\":\"it-IT\"},{\"@type\":\"Organization\",\"@id\":\"https:\/\/www.uilscuolaemiliaromagna.it\/public\/er\/#organization\",\"name\":\"Uil Scuola Emilia Romagna\",\"url\":\"https:\/\/www.uilscuolaemiliaromagna.it\/public\/er\/\",\"logo\":{\"@type\":\"ImageObject\",\"inLanguage\":\"it-IT\",\"@id\":\"https:\/\/www.uilscuolaemiliaromagna.it\/public\/er\/#\/schema\/logo\/image\/\",\"url\":\"https:\/\/www.uilscuolaemiliaromagna.it\/public\/er\/wp-content\/uploads\/2017\/04\/cropped-header.png\",\"contentUrl\":\"https:\/\/www.uilscuolaemiliaromagna.it\/public\/er\/wp-content\/uploads\/2017\/04\/cropped-header.png\",\"width\":1000,\"height\":150,\"caption\":\"Uil Scuola Emilia Romagna\"},\"image\":{\"@id\":\"https:\/\/www.uilscuolaemiliaromagna.it\/public\/er\/#\/schema\/logo\/image\/\"}},{\"@type\":\"Person\",\"@id\":\"https:\/\/www.uilscuolaemiliaromagna.it\/public\/er\/#\/schema\/person\/f42878fd07a4b6ba2b7153d4fad5de5e\",\"name\":\"admin\",\"image\":{\"@type\":\"ImageObject\",\"inLanguage\":\"it-IT\",\"@id\":\"https:\/\/www.uilscuolaemiliaromagna.it\/public\/er\/#\/schema\/person\/image\/\",\"url\":\"https:\/\/secure.gravatar.com\/avatar\/aebf815ae2f30ffdae8b8c247273d34c?s=96&d=mm&r=g\",\"contentUrl\":\"https:\/\/secure.gravatar.com\/avatar\/aebf815ae2f30ffdae8b8c247273d34c?s=96&d=mm&r=g\",\"caption\":\"admin\"},\"url\":\"https:\/\/www.uilscuolaemiliaromagna.it\/public\/er\/author\/admin\/\"}]}<\/script>\r\n<!-- \/ Yoast SEO plugin. -->","yoast_head_json":{"title":"IN PARLAMENTO | Ius scholae: ecco che cosa prevede il testo che approda alla Camera - Uil Scuola Emilia Romagna","robots":{"index":"index","follow":"follow","max-snippet":"max-snippet:-1","max-image-preview":"max-image-preview:large","max-video-preview":"max-video-preview:-1"},"canonical":"https:\/\/www.uilscuolaemiliaromagna.it\/public\/er\/2022\/06\/30\/in-parlamento-ius-scholae-ecco-che-cosa-prevede-il-testo-che-approda-alla-camera\/","og_locale":"it_IT","og_type":"article","og_title":"IN PARLAMENTO | Ius scholae: ecco che cosa prevede il testo che approda alla Camera - Uil Scuola Emilia Romagna","og_description":"Lo Ius Scholae bisogna farlo e non parlarne. La scuola ha dimostrato con la sua azione di essere un potentissimo strumento di integrazione certificata, ora &hellip;","og_url":"https:\/\/www.uilscuolaemiliaromagna.it\/public\/er\/2022\/06\/30\/in-parlamento-ius-scholae-ecco-che-cosa-prevede-il-testo-che-approda-alla-camera\/","og_site_name":"Uil Scuola Emilia Romagna","article_published_time":"2022-06-30T16:06:17+00:00","og_image":[{"width":716,"height":600,"url":"https:\/\/www.uilscuolaemiliaromagna.it\/public\/er\/wp-content\/uploads\/2022\/06\/ius-scholae.jpg","type":"image\/jpeg"}],"author":"admin","twitter_card":"summary_large_image","twitter_misc":{"Scritto da":"admin","Tempo di lettura stimato":"3 minuti"},"schema":{"@context":"https:\/\/schema.org","@graph":[{"@type":"Article","@id":"https:\/\/www.uilscuolaemiliaromagna.it\/public\/er\/2022\/06\/30\/in-parlamento-ius-scholae-ecco-che-cosa-prevede-il-testo-che-approda-alla-camera\/#article","isPartOf":{"@id":"https:\/\/www.uilscuolaemiliaromagna.it\/public\/er\/2022\/06\/30\/in-parlamento-ius-scholae-ecco-che-cosa-prevede-il-testo-che-approda-alla-camera\/"},"author":{"name":"admin","@id":"https:\/\/www.uilscuolaemiliaromagna.it\/public\/er\/#\/schema\/person\/f42878fd07a4b6ba2b7153d4fad5de5e"},"headline":"IN PARLAMENTO | Ius scholae: ecco che cosa prevede il testo che approda alla Camera","datePublished":"2022-06-30T16:06:17+00:00","dateModified":"2022-06-30T16:06:17+00:00","mainEntityOfPage":{"@id":"https:\/\/www.uilscuolaemiliaromagna.it\/public\/er\/2022\/06\/30\/in-parlamento-ius-scholae-ecco-che-cosa-prevede-il-testo-che-approda-alla-camera\/"},"wordCount":534,"publisher":{"@id":"https:\/\/www.uilscuolaemiliaromagna.it\/public\/er\/#organization"},"articleSection":["Notizie"],"inLanguage":"it-IT"},{"@type":"WebPage","@id":"https:\/\/www.uilscuolaemiliaromagna.it\/public\/er\/2022\/06\/30\/in-parlamento-ius-scholae-ecco-che-cosa-prevede-il-testo-che-approda-alla-camera\/","url":"https:\/\/www.uilscuolaemiliaromagna.it\/public\/er\/2022\/06\/30\/in-parlamento-ius-scholae-ecco-che-cosa-prevede-il-testo-che-approda-alla-camera\/","name":"IN PARLAMENTO | Ius scholae: ecco che cosa prevede il testo che approda alla Camera - Uil Scuola Emilia Romagna","isPartOf":{"@id":"https:\/\/www.uilscuolaemiliaromagna.it\/public\/er\/#website"},"datePublished":"2022-06-30T16:06:17+00:00","dateModified":"2022-06-30T16:06:17+00:00","breadcrumb":{"@id":"https:\/\/www.uilscuolaemiliaromagna.it\/public\/er\/2022\/06\/30\/in-parlamento-ius-scholae-ecco-che-cosa-prevede-il-testo-che-approda-alla-camera\/#breadcrumb"},"inLanguage":"it-IT","potentialAction":[{"@type":"ReadAction","target":["https:\/\/www.uilscuolaemiliaromagna.it\/public\/er\/2022\/06\/30\/in-parlamento-ius-scholae-ecco-che-cosa-prevede-il-testo-che-approda-alla-camera\/"]}]},{"@type":"BreadcrumbList","@id":"https:\/\/www.uilscuolaemiliaromagna.it\/public\/er\/2022\/06\/30\/in-parlamento-ius-scholae-ecco-che-cosa-prevede-il-testo-che-approda-alla-camera\/#breadcrumb","itemListElement":[{"@type":"ListItem","position":1,"name":"Home","item":"https:\/\/www.uilscuolaemiliaromagna.it\/public\/er\/"},{"@type":"ListItem","position":2,"name":"IN PARLAMENTO | Ius scholae: ecco che cosa prevede il testo che approda alla Camera"}]},{"@type":"WebSite","@id":"https:\/\/www.uilscuolaemiliaromagna.it\/public\/er\/#website","url":"https:\/\/www.uilscuolaemiliaromagna.it\/public\/er\/","name":"Uil Scuola Emilia Romagna","description":"La voce libera della scuola","publisher":{"@id":"https:\/\/www.uilscuolaemiliaromagna.it\/public\/er\/#organization"},"potentialAction":[{"@type":"SearchAction","target":{"@type":"EntryPoint","urlTemplate":"https:\/\/www.uilscuolaemiliaromagna.it\/public\/er\/?s={search_term_string}"},"query-input":"required name=search_term_string"}],"inLanguage":"it-IT"},{"@type":"Organization","@id":"https:\/\/www.uilscuolaemiliaromagna.it\/public\/er\/#organization","name":"Uil Scuola Emilia Romagna","url":"https:\/\/www.uilscuolaemiliaromagna.it\/public\/er\/","logo":{"@type":"ImageObject","inLanguage":"it-IT","@id":"https:\/\/www.uilscuolaemiliaromagna.it\/public\/er\/#\/schema\/logo\/image\/","url":"https:\/\/www.uilscuolaemiliaromagna.it\/public\/er\/wp-content\/uploads\/2017\/04\/cropped-header.png","contentUrl":"https:\/\/www.uilscuolaemiliaromagna.it\/public\/er\/wp-content\/uploads\/2017\/04\/cropped-header.png","width":1000,"height":150,"caption":"Uil Scuola Emilia Romagna"},"image":{"@id":"https:\/\/www.uilscuolaemiliaromagna.it\/public\/er\/#\/schema\/logo\/image\/"}},{"@type":"Person","@id":"https:\/\/www.uilscuolaemiliaromagna.it\/public\/er\/#\/schema\/person\/f42878fd07a4b6ba2b7153d4fad5de5e","name":"admin","image":{"@type":"ImageObject","inLanguage":"it-IT","@id":"https:\/\/www.uilscuolaemiliaromagna.it\/public\/er\/#\/schema\/person\/image\/","url":"https:\/\/secure.gravatar.com\/avatar\/aebf815ae2f30ffdae8b8c247273d34c?s=96&d=mm&r=g","contentUrl":"https:\/\/secure.gravatar.com\/avatar\/aebf815ae2f30ffdae8b8c247273d34c?s=96&d=mm&r=g","caption":"admin"},"url":"https:\/\/www.uilscuolaemiliaromagna.it\/public\/er\/author\/admin\/"}]}},"views":681,"_links":{"self":[{"href":"https:\/\/www.uilscuolaemiliaromagna.it\/public\/er\/wp-json\/wp\/v2\/posts\/10115"}],"collection":[{"href":"https:\/\/www.uilscuolaemiliaromagna.it\/public\/er\/wp-json\/wp\/v2\/posts"}],"about":[{"href":"https:\/\/www.uilscuolaemiliaromagna.it\/public\/er\/wp-json\/wp\/v2\/types\/post"}],"author":[{"embeddable":true,"href":"https:\/\/www.uilscuolaemiliaromagna.it\/public\/er\/wp-json\/wp\/v2\/users\/1"}],"replies":[{"embeddable":true,"href":"https:\/\/www.uilscuolaemiliaromagna.it\/public\/er\/wp-json\/wp\/v2\/comments?post=10115"}],"version-history":[{"count":1,"href":"https:\/\/www.uilscuolaemiliaromagna.it\/public\/er\/wp-json\/wp\/v2\/posts\/10115\/revisions"}],"predecessor-version":[{"id":10118,"href":"https:\/\/www.uilscuolaemiliaromagna.it\/public\/er\/wp-json\/wp\/v2\/posts\/10115\/revisions\/10118"}],"wp:featuredmedia":[{"embeddable":true,"href":"https:\/\/www.uilscuolaemiliaromagna.it\/public\/er\/wp-json\/wp\/v2\/media\/10117"}],"wp:attachment":[{"href":"https:\/\/www.uilscuolaemiliaromagna.it\/public\/er\/wp-json\/wp\/v2\/media?parent=10115"}],"wp:term":[{"taxonomy":"category","embeddable":true,"href":"https:\/\/www.uilscuolaemiliaromagna.it\/public\/er\/wp-json\/wp\/v2\/categories?post=10115"},{"taxonomy":"post_tag","embeddable":true,"href":"https:\/\/www.uilscuolaemiliaromagna.it\/public\/er\/wp-json\/wp\/v2\/tags?post=10115"}],"curies":[{"name":"wp","href":"https:\/\/api.w.org\/{rel}","templated":true}]}}