{"id":1028,"date":"2016-11-08T19:28:27","date_gmt":"2016-11-08T18:28:27","guid":{"rendered":"http:\/\/www.uilscuolaemiliaromagna.it\/public\/er\/?p=1028"},"modified":"2016-11-08T19:28:27","modified_gmt":"2016-11-08T18:28:27","slug":"mobilita-201718-riprende-il-confronto","status":"publish","type":"post","link":"https:\/\/www.uilscuolaemiliaromagna.it\/public\/er\/2016\/11\/08\/mobilita-201718-riprende-il-confronto\/","title":{"rendered":"Mobilit\u00e0 2017\/18: riprende il confronto"},"content":{"rendered":"<p style=\"text-align: justify;\"><span class=\"temaNotiziaSinistra\">Oggi il primo di una serie di incontri tecnici decisi in sede politica <\/span><\/p>\n<p><span class=\"sottotitoloNotiziaSinistra\"> Uil: riportare ordine e stabilit\u00e0 ad un sistema impazzito <\/span><\/p>\n<div class=\"testoNotiziaInterna\">\n<p style=\"text-align: justify;\">L\u2019 8 novembre, tra il Miur e i sindacati, ha preso avvio il confronto sulla mobilit\u00e0 del personale, per l&#8217;anno scolastico 2017\/18, cos\u00ec come definito in sede politica con il ministro Giannini.<\/p>\n<p style=\"text-align: justify;\">I rappresentanti del Miur non hanno presentato proposte specifiche limitandosi a generiche dichiarazioni di principio circa il superamento delle criticit\u00e0 e a raccogliere le proposte e le posizioni di parte sindacale.<\/p>\n<p style=\"text-align: justify;\">La UIL ha espresso la volont\u00e0, peraltro condivisa,\u00a0 di trovare possibili soluzioni che riportino, dopo le criticit\u00e0 registrate e tutt&#8217;ora in corso, nuova stabilit\u00e0 al sistema.<\/p>\n<p style=\"text-align: justify;\">La UIL scuola, in premessa, ha ricordato che l&#8217;attuale trattativa non pu\u00f2 non tener conto delle conseguenze e degli errori che si sono\u00a0 registrati nella precedente fase di mobilit\u00e0, a seguito dell&#8217;algoritmo sbagliato, che ha determinato una situazione di diffusa illegittimit\u00e0.<\/p>\n<p style=\"text-align: justify;\">Illegittimit\u00e0 ed ingiustizie a cui il MIUR non \u00e8 stato capace di porre rimedio. \u00a0Addirittura, le \u00a0procedure di conciliazione del Miur non hanno fatto altro che consolidare le ingiustizie e crearne di nuove, sottraendo posti ad altri legittimi aspiranti.<\/p>\n<p style=\"text-align: justify;\">Per questi motivi la UIL ha chiesto, pi\u00f9 volte e in ogni sede, il rifacimento di tutta la procedura per restituire le posizioni giuridiche spettanti agli aventi diritto.<\/p>\n<p style=\"text-align: justify;\">Gli obiettivi della UIL in questo negoziato sono chiari: per riportare ordine e stabilit\u00e0 ad un sistema impazzito,\u00a0 la mobilit\u00e0 deve riguardare tutto il personale docente e Ata attraverso un sistema di regole chiaro e trasparente, con l&#8217;obiettivo di limitare al massimo le titolarit\u00e0 su ambito.<\/p>\n<p style=\"text-align: justify;\">A tale proposito, per la UIL\u00a0 la definizione di procedure oggettive per il passaggio dei docenti da ambito a scuola deve essere oggetto di negoziazione e deve trovare definizione nell&#8217;ambito del contratto della mobilit\u00e0.<\/p>\n<p style=\"text-align: justify;\">Le due questioni devono essere trattate congiuntamente, all&#8217;interno dell&#8217;accordo\u00a0 stesso, proprio per dare seguito all&#8217;esigenza condivisa di (ri)dare stabilit\u00e0 al sistema.<\/p>\n<p style=\"text-align: justify;\">Domani, sulla base delle risposte che l&#8217;amministrazione si \u00e8 riservata di dare, saremo in grado di stabilire se il negoziato potr\u00e0 proseguire positivamente o si andr\u00e0 verso una fase di contenzioso pi\u00f9 accentuato. Per la UIL scuola hanno partecipato Lacchei e Proietti.<\/p>\n<\/div>\n\n<div class=\"twitter-share\"><a href=\"https:\/\/twitter.com\/intent\/tweet?via=UILScuolaBO_ER\" class=\"twitter-share-button\" data-size=\"large\">Tweet<\/a><\/div>\n","protected":false},"excerpt":{"rendered":"<p>Oggi il primo di una serie di incontri tecnici decisi in sede politica Uil: riportare ordine e stabilit\u00e0 ad un sistema impazzito L\u2019 8 novembre, &hellip; <\/p>\n","protected":false},"author":1,"featured_media":0,"comment_status":"closed","ping_status":"open","sticky":false,"template":"","format":"standard","meta":{"footnotes":""},"categories":[5,12],"tags":[],"yoast_head":"<!-- This site is optimized with the Yoast SEO plugin v21.7 - https:\/\/yoast.com\/wordpress\/plugins\/seo\/ -->\r\n<title>Mobilit\u00e0 2017\/18: riprende il confronto - Uil Scuola Emilia Romagna<\/title>\r\n<meta name=\"robots\" content=\"index, follow, max-snippet:-1, max-image-preview:large, max-video-preview:-1\" \/>\r\n<link rel=\"canonical\" href=\"https:\/\/www.uilscuolaemiliaromagna.it\/public\/er\/2016\/11\/08\/mobilita-201718-riprende-il-confronto\/\" \/>\r\n<meta property=\"og:locale\" content=\"it_IT\" \/>\r\n<meta property=\"og:type\" content=\"article\" \/>\r\n<meta property=\"og:title\" content=\"Mobilit\u00e0 2017\/18: riprende il confronto - Uil Scuola Emilia Romagna\" \/>\r\n<meta property=\"og:description\" content=\"Oggi il primo di una serie di incontri tecnici decisi in sede politica Uil: riportare ordine e stabilit\u00e0 ad un sistema impazzito L\u2019 8 novembre, &hellip;\" \/>\r\n<meta property=\"og:url\" content=\"https:\/\/www.uilscuolaemiliaromagna.it\/public\/er\/2016\/11\/08\/mobilita-201718-riprende-il-confronto\/\" \/>\r\n<meta property=\"og:site_name\" content=\"Uil Scuola Emilia Romagna\" \/>\r\n<meta property=\"article:published_time\" content=\"2016-11-08T18:28:27+00:00\" \/>\r\n<meta name=\"author\" content=\"admin\" \/>\r\n<meta name=\"twitter:card\" content=\"summary_large_image\" \/>\r\n<meta name=\"twitter:label1\" content=\"Scritto da\" \/>\n\t<meta name=\"twitter:data1\" content=\"admin\" \/>\n\t<meta name=\"twitter:label2\" content=\"Tempo di lettura stimato\" \/>\n\t<meta name=\"twitter:data2\" content=\"2 minuti\" \/>\r\n<script type=\"application\/ld+json\" class=\"yoast-schema-graph\">{\"@context\":\"https:\/\/schema.org\",\"@graph\":[{\"@type\":\"Article\",\"@id\":\"https:\/\/www.uilscuolaemiliaromagna.it\/public\/er\/2016\/11\/08\/mobilita-201718-riprende-il-confronto\/#article\",\"isPartOf\":{\"@id\":\"https:\/\/www.uilscuolaemiliaromagna.it\/public\/er\/2016\/11\/08\/mobilita-201718-riprende-il-confronto\/\"},\"author\":{\"name\":\"admin\",\"@id\":\"https:\/\/www.uilscuolaemiliaromagna.it\/public\/er\/#\/schema\/person\/f42878fd07a4b6ba2b7153d4fad5de5e\"},\"headline\":\"Mobilit\u00e0 2017\/18: riprende il confronto\",\"datePublished\":\"2016-11-08T18:28:27+00:00\",\"dateModified\":\"2016-11-08T18:28:27+00:00\",\"mainEntityOfPage\":{\"@id\":\"https:\/\/www.uilscuolaemiliaromagna.it\/public\/er\/2016\/11\/08\/mobilita-201718-riprende-il-confronto\/\"},\"wordCount\":363,\"publisher\":{\"@id\":\"https:\/\/www.uilscuolaemiliaromagna.it\/public\/er\/#organization\"},\"articleSection\":[\"Mobilit\u00e0\",\"Notizie\"],\"inLanguage\":\"it-IT\"},{\"@type\":\"WebPage\",\"@id\":\"https:\/\/www.uilscuolaemiliaromagna.it\/public\/er\/2016\/11\/08\/mobilita-201718-riprende-il-confronto\/\",\"url\":\"https:\/\/www.uilscuolaemiliaromagna.it\/public\/er\/2016\/11\/08\/mobilita-201718-riprende-il-confronto\/\",\"name\":\"Mobilit\u00e0 2017\/18: riprende il confronto - Uil Scuola Emilia Romagna\",\"isPartOf\":{\"@id\":\"https:\/\/www.uilscuolaemiliaromagna.it\/public\/er\/#website\"},\"datePublished\":\"2016-11-08T18:28:27+00:00\",\"dateModified\":\"2016-11-08T18:28:27+00:00\",\"breadcrumb\":{\"@id\":\"https:\/\/www.uilscuolaemiliaromagna.it\/public\/er\/2016\/11\/08\/mobilita-201718-riprende-il-confronto\/#breadcrumb\"},\"inLanguage\":\"it-IT\",\"potentialAction\":[{\"@type\":\"ReadAction\",\"target\":[\"https:\/\/www.uilscuolaemiliaromagna.it\/public\/er\/2016\/11\/08\/mobilita-201718-riprende-il-confronto\/\"]}]},{\"@type\":\"BreadcrumbList\",\"@id\":\"https:\/\/www.uilscuolaemiliaromagna.it\/public\/er\/2016\/11\/08\/mobilita-201718-riprende-il-confronto\/#breadcrumb\",\"itemListElement\":[{\"@type\":\"ListItem\",\"position\":1,\"name\":\"Home\",\"item\":\"https:\/\/www.uilscuolaemiliaromagna.it\/public\/er\/\"},{\"@type\":\"ListItem\",\"position\":2,\"name\":\"Mobilit\u00e0 2017\/18: riprende il confronto\"}]},{\"@type\":\"WebSite\",\"@id\":\"https:\/\/www.uilscuolaemiliaromagna.it\/public\/er\/#website\",\"url\":\"https:\/\/www.uilscuolaemiliaromagna.it\/public\/er\/\",\"name\":\"Uil Scuola Emilia Romagna\",\"description\":\"La voce libera della scuola\",\"publisher\":{\"@id\":\"https:\/\/www.uilscuolaemiliaromagna.it\/public\/er\/#organization\"},\"potentialAction\":[{\"@type\":\"SearchAction\",\"target\":{\"@type\":\"EntryPoint\",\"urlTemplate\":\"https:\/\/www.uilscuolaemiliaromagna.it\/public\/er\/?s={search_term_string}\"},\"query-input\":\"required name=search_term_string\"}],\"inLanguage\":\"it-IT\"},{\"@type\":\"Organization\",\"@id\":\"https:\/\/www.uilscuolaemiliaromagna.it\/public\/er\/#organization\",\"name\":\"Uil Scuola Emilia Romagna\",\"url\":\"https:\/\/www.uilscuolaemiliaromagna.it\/public\/er\/\",\"logo\":{\"@type\":\"ImageObject\",\"inLanguage\":\"it-IT\",\"@id\":\"https:\/\/www.uilscuolaemiliaromagna.it\/public\/er\/#\/schema\/logo\/image\/\",\"url\":\"https:\/\/www.uilscuolaemiliaromagna.it\/public\/er\/wp-content\/uploads\/2017\/04\/cropped-header.png\",\"contentUrl\":\"https:\/\/www.uilscuolaemiliaromagna.it\/public\/er\/wp-content\/uploads\/2017\/04\/cropped-header.png\",\"width\":1000,\"height\":150,\"caption\":\"Uil Scuola Emilia Romagna\"},\"image\":{\"@id\":\"https:\/\/www.uilscuolaemiliaromagna.it\/public\/er\/#\/schema\/logo\/image\/\"}},{\"@type\":\"Person\",\"@id\":\"https:\/\/www.uilscuolaemiliaromagna.it\/public\/er\/#\/schema\/person\/f42878fd07a4b6ba2b7153d4fad5de5e\",\"name\":\"admin\",\"image\":{\"@type\":\"ImageObject\",\"inLanguage\":\"it-IT\",\"@id\":\"https:\/\/www.uilscuolaemiliaromagna.it\/public\/er\/#\/schema\/person\/image\/\",\"url\":\"https:\/\/secure.gravatar.com\/avatar\/aebf815ae2f30ffdae8b8c247273d34c?s=96&d=mm&r=g\",\"contentUrl\":\"https:\/\/secure.gravatar.com\/avatar\/aebf815ae2f30ffdae8b8c247273d34c?s=96&d=mm&r=g\",\"caption\":\"admin\"},\"url\":\"https:\/\/www.uilscuolaemiliaromagna.it\/public\/er\/author\/admin\/\"}]}<\/script>\r\n<!-- \/ Yoast SEO plugin. -->","yoast_head_json":{"title":"Mobilit\u00e0 2017\/18: riprende il confronto - Uil Scuola Emilia Romagna","robots":{"index":"index","follow":"follow","max-snippet":"max-snippet:-1","max-image-preview":"max-image-preview:large","max-video-preview":"max-video-preview:-1"},"canonical":"https:\/\/www.uilscuolaemiliaromagna.it\/public\/er\/2016\/11\/08\/mobilita-201718-riprende-il-confronto\/","og_locale":"it_IT","og_type":"article","og_title":"Mobilit\u00e0 2017\/18: riprende il confronto - Uil Scuola Emilia Romagna","og_description":"Oggi il primo di una serie di incontri tecnici decisi in sede politica Uil: riportare ordine e stabilit\u00e0 ad un sistema impazzito L\u2019 8 novembre, &hellip;","og_url":"https:\/\/www.uilscuolaemiliaromagna.it\/public\/er\/2016\/11\/08\/mobilita-201718-riprende-il-confronto\/","og_site_name":"Uil Scuola Emilia Romagna","article_published_time":"2016-11-08T18:28:27+00:00","author":"admin","twitter_card":"summary_large_image","twitter_misc":{"Scritto da":"admin","Tempo di lettura stimato":"2 minuti"},"schema":{"@context":"https:\/\/schema.org","@graph":[{"@type":"Article","@id":"https:\/\/www.uilscuolaemiliaromagna.it\/public\/er\/2016\/11\/08\/mobilita-201718-riprende-il-confronto\/#article","isPartOf":{"@id":"https:\/\/www.uilscuolaemiliaromagna.it\/public\/er\/2016\/11\/08\/mobilita-201718-riprende-il-confronto\/"},"author":{"name":"admin","@id":"https:\/\/www.uilscuolaemiliaromagna.it\/public\/er\/#\/schema\/person\/f42878fd07a4b6ba2b7153d4fad5de5e"},"headline":"Mobilit\u00e0 2017\/18: riprende il confronto","datePublished":"2016-11-08T18:28:27+00:00","dateModified":"2016-11-08T18:28:27+00:00","mainEntityOfPage":{"@id":"https:\/\/www.uilscuolaemiliaromagna.it\/public\/er\/2016\/11\/08\/mobilita-201718-riprende-il-confronto\/"},"wordCount":363,"publisher":{"@id":"https:\/\/www.uilscuolaemiliaromagna.it\/public\/er\/#organization"},"articleSection":["Mobilit\u00e0","Notizie"],"inLanguage":"it-IT"},{"@type":"WebPage","@id":"https:\/\/www.uilscuolaemiliaromagna.it\/public\/er\/2016\/11\/08\/mobilita-201718-riprende-il-confronto\/","url":"https:\/\/www.uilscuolaemiliaromagna.it\/public\/er\/2016\/11\/08\/mobilita-201718-riprende-il-confronto\/","name":"Mobilit\u00e0 2017\/18: riprende il confronto - Uil Scuola Emilia Romagna","isPartOf":{"@id":"https:\/\/www.uilscuolaemiliaromagna.it\/public\/er\/#website"},"datePublished":"2016-11-08T18:28:27+00:00","dateModified":"2016-11-08T18:28:27+00:00","breadcrumb":{"@id":"https:\/\/www.uilscuolaemiliaromagna.it\/public\/er\/2016\/11\/08\/mobilita-201718-riprende-il-confronto\/#breadcrumb"},"inLanguage":"it-IT","potentialAction":[{"@type":"ReadAction","target":["https:\/\/www.uilscuolaemiliaromagna.it\/public\/er\/2016\/11\/08\/mobilita-201718-riprende-il-confronto\/"]}]},{"@type":"BreadcrumbList","@id":"https:\/\/www.uilscuolaemiliaromagna.it\/public\/er\/2016\/11\/08\/mobilita-201718-riprende-il-confronto\/#breadcrumb","itemListElement":[{"@type":"ListItem","position":1,"name":"Home","item":"https:\/\/www.uilscuolaemiliaromagna.it\/public\/er\/"},{"@type":"ListItem","position":2,"name":"Mobilit\u00e0 2017\/18: riprende il confronto"}]},{"@type":"WebSite","@id":"https:\/\/www.uilscuolaemiliaromagna.it\/public\/er\/#website","url":"https:\/\/www.uilscuolaemiliaromagna.it\/public\/er\/","name":"Uil Scuola Emilia Romagna","description":"La voce libera della scuola","publisher":{"@id":"https:\/\/www.uilscuolaemiliaromagna.it\/public\/er\/#organization"},"potentialAction":[{"@type":"SearchAction","target":{"@type":"EntryPoint","urlTemplate":"https:\/\/www.uilscuolaemiliaromagna.it\/public\/er\/?s={search_term_string}"},"query-input":"required name=search_term_string"}],"inLanguage":"it-IT"},{"@type":"Organization","@id":"https:\/\/www.uilscuolaemiliaromagna.it\/public\/er\/#organization","name":"Uil Scuola Emilia Romagna","url":"https:\/\/www.uilscuolaemiliaromagna.it\/public\/er\/","logo":{"@type":"ImageObject","inLanguage":"it-IT","@id":"https:\/\/www.uilscuolaemiliaromagna.it\/public\/er\/#\/schema\/logo\/image\/","url":"https:\/\/www.uilscuolaemiliaromagna.it\/public\/er\/wp-content\/uploads\/2017\/04\/cropped-header.png","contentUrl":"https:\/\/www.uilscuolaemiliaromagna.it\/public\/er\/wp-content\/uploads\/2017\/04\/cropped-header.png","width":1000,"height":150,"caption":"Uil Scuola Emilia Romagna"},"image":{"@id":"https:\/\/www.uilscuolaemiliaromagna.it\/public\/er\/#\/schema\/logo\/image\/"}},{"@type":"Person","@id":"https:\/\/www.uilscuolaemiliaromagna.it\/public\/er\/#\/schema\/person\/f42878fd07a4b6ba2b7153d4fad5de5e","name":"admin","image":{"@type":"ImageObject","inLanguage":"it-IT","@id":"https:\/\/www.uilscuolaemiliaromagna.it\/public\/er\/#\/schema\/person\/image\/","url":"https:\/\/secure.gravatar.com\/avatar\/aebf815ae2f30ffdae8b8c247273d34c?s=96&d=mm&r=g","contentUrl":"https:\/\/secure.gravatar.com\/avatar\/aebf815ae2f30ffdae8b8c247273d34c?s=96&d=mm&r=g","caption":"admin"},"url":"https:\/\/www.uilscuolaemiliaromagna.it\/public\/er\/author\/admin\/"}]}},"views":914,"_links":{"self":[{"href":"https:\/\/www.uilscuolaemiliaromagna.it\/public\/er\/wp-json\/wp\/v2\/posts\/1028"}],"collection":[{"href":"https:\/\/www.uilscuolaemiliaromagna.it\/public\/er\/wp-json\/wp\/v2\/posts"}],"about":[{"href":"https:\/\/www.uilscuolaemiliaromagna.it\/public\/er\/wp-json\/wp\/v2\/types\/post"}],"author":[{"embeddable":true,"href":"https:\/\/www.uilscuolaemiliaromagna.it\/public\/er\/wp-json\/wp\/v2\/users\/1"}],"replies":[{"embeddable":true,"href":"https:\/\/www.uilscuolaemiliaromagna.it\/public\/er\/wp-json\/wp\/v2\/comments?post=1028"}],"version-history":[{"count":1,"href":"https:\/\/www.uilscuolaemiliaromagna.it\/public\/er\/wp-json\/wp\/v2\/posts\/1028\/revisions"}],"predecessor-version":[{"id":1029,"href":"https:\/\/www.uilscuolaemiliaromagna.it\/public\/er\/wp-json\/wp\/v2\/posts\/1028\/revisions\/1029"}],"wp:attachment":[{"href":"https:\/\/www.uilscuolaemiliaromagna.it\/public\/er\/wp-json\/wp\/v2\/media?parent=1028"}],"wp:term":[{"taxonomy":"category","embeddable":true,"href":"https:\/\/www.uilscuolaemiliaromagna.it\/public\/er\/wp-json\/wp\/v2\/categories?post=1028"},{"taxonomy":"post_tag","embeddable":true,"href":"https:\/\/www.uilscuolaemiliaromagna.it\/public\/er\/wp-json\/wp\/v2\/tags?post=1028"}],"curies":[{"name":"wp","href":"https:\/\/api.w.org\/{rel}","templated":true}]}}