{"id":10287,"date":"2022-08-02T20:38:18","date_gmt":"2022-08-02T18:38:18","guid":{"rendered":"http:\/\/www.uilscuolaemiliaromagna.it\/public\/er\/?p=10287"},"modified":"2022-08-03T20:48:31","modified_gmt":"2022-08-03T18:48:31","slug":"consiglio-nazionale-il-nuovo-segretario-generale-e-giuseppe-daprile","status":"publish","type":"post","link":"https:\/\/www.uilscuolaemiliaromagna.it\/public\/er\/2022\/08\/02\/consiglio-nazionale-il-nuovo-segretario-generale-e-giuseppe-daprile\/","title":{"rendered":"CONSIGLIO NAZIONALE | Il nuovo Segretario generale \u00e8 Giuseppe D\u2019Aprile"},"content":{"rendered":"<p style=\"text-align: justify;\"><strong>CAMBIO AL VERTICE UIL SCUOLA. TURI CONCLUDE IL SUO SECONDO MANDATO.<\/strong><\/p>\n<p style=\"text-align: justify;\">Giuseppe D\u2019Aprile \u00e8 il nuovo segretario generale della Uil Scuola. Ad eleggerlo all\u2019unanimit\u00e0, il Consiglio nazionale riunito stamattina a Roma, alla presenza del Segretario generale della Uil, Pierpaolo Bombardieri.<\/p>\n<p style=\"text-align: justify;\">Una elezione annunciata, che risponde ad un avvicendamento naturale con l\u2019attuale segretario, Pino Turi, che conclude il suo secondo mandato, e che apre all\u2019appuntamento congressuale di met\u00e0 settembre che porter\u00e0 alla definizione degli assetti organizzativi e della linea d\u2019azione del sindacato scuola per i prossimi quattro anni.<\/p>\n<p style=\"text-align: justify;\">Cinquantenne, con una figlia, che adora, con la passione per la corsa, D\u2019Aprile \u00e8 profondamente convinto che \u00abl\u2019azione sindacale vada fatta nelle scuole, tra la gente, parlando con le persone per raccogliere i loro veri bisogni da soddisfare\u00bb.<\/p>\n<p style=\"text-align: justify;\">Che si prospetti un lavoro di squadra \u00e8 chiaro gi\u00e0 dalla sua relazione al Consiglio: \u00abIl lavoro di un gruppo di persone, preparate, motivate e fra loro legate da valori quali il rispetto, la sincerit\u00e0 e l\u2019amicizia pu\u00f2 fare la differenza nel raggiungere gli obiettivi prefissati\u00bb.<\/p>\n<p style=\"text-align: justify;\">La lente con cui leggere la sua linea d\u2019azione sar\u00e0 quella della \u00abprogettualit\u00e0 e dell\u2019organizzazione paziente e programmata\u00bb.<\/p>\n<p style=\"text-align: justify;\">\u00abUna scuola statale, moderna, digitale e globale che riconosca maggiore attenzione al personale della scuola, riconoscendone e valorizzandone l\u2019impegno\u00bb \u2013 ha sottolineato nel suo intervento al Consiglio nazionale e ai tanti ospiti intervenuti per il passaggio di consegne.<\/p>\n<p style=\"text-align: justify;\">\u00abUna scuola capace di stimolare spirito critico, curiosit\u00e0 di conoscenza e infiammare gli intelletti, ancorata a veri valori che le hanno dato vita: pluralismo, democrazia, laicit\u00e0, qualit\u00e0, professionalit\u00e0 e innovazione\u00bb sono questi i principi di riferimento.<\/p>\n<p style=\"text-align: justify;\">Con la designazione di Enrico Bianchi si completa anche il quadro delle nomine di segreteria che, con Paolo Pizzo, Francesca Ricci e Giancarlo Turi, costituiscono la nuova squadra della Uil Scuola nazionale.<\/p>\n<p style=\"text-align: justify;\">Claudio Manigrasso assume l\u2019incarico di tesoriere in sostituzione di Piero Bottale, al quale va il riconoscimento del grande lavoro svolto in questi anni.<\/p>\n<p style=\"text-align: justify;\">A Pino Turi il ringraziamento di tutta la Uil Scuola per l\u2019eccezionale impegno alla guida del sindacato scuola cresciuto in questi anni in termini di iscritti e di consensi.<\/p>\n<p style=\"text-align: justify;\">A D\u2019Aprile i pi\u00f9 sinceri auguri di buon lavoro.<\/p>\n<h6>fonte:\u00a0<a href=\"https:\/\/uilscuola.it\/il-nuovo-segretario-generale-e-giuseppe-daprile\/\" target=\"_blank\" rel=\"noopener noreferrer\">uilscuola.it<\/a><\/h6>\n<p><em><strong>A nome della Segreteria Regionale UIL Scuola Emilia Romagna, i migliori auguri di buon lavoro INSIEME<\/strong><\/em><\/p>\n<h2 style=\"text-align: center;\">LA RELAZIONE DI GIUSEPPE D\u2019APRILE<\/h2>\n<p style=\"text-align: justify;\"><em>Il neo Segretario generale Giuseppe D\u2019Aprile ripercorre la sua storia alla Uil Scuola e lancia le tematiche principali su cui intende sviluppare il proprio mandato.<\/em><\/p>\n<ul>\n<li><a href=\"https:\/\/www.uilscuolaemiliaromagna.it\/public\/er\/wp-content\/uploads\/2022\/08\/Relazione-Giuseppe-DAprile-Segretario-generale-Uil-Scuola.pdf\" target=\"_blank\" rel=\"noopener noreferrer\">la relazione<\/a><\/li>\n<\/ul>\n<p>&nbsp;<\/p>\n\n<div class=\"twitter-share\"><a href=\"https:\/\/twitter.com\/intent\/tweet?via=UILScuolaBO_ER\" class=\"twitter-share-button\" data-size=\"large\">Tweet<\/a><\/div>\n","protected":false},"excerpt":{"rendered":"<p>CAMBIO AL VERTICE UIL SCUOLA. TURI CONCLUDE IL SUO SECONDO MANDATO. Giuseppe D\u2019Aprile \u00e8 il nuovo segretario generale della Uil Scuola. Ad eleggerlo all\u2019unanimit\u00e0, il &hellip; <\/p>\n","protected":false},"author":1,"featured_media":10288,"comment_status":"closed","ping_status":"open","sticky":false,"template":"","format":"standard","meta":{"footnotes":""},"categories":[12],"tags":[],"yoast_head":"<!-- This site is optimized with the Yoast SEO plugin v21.7 - https:\/\/yoast.com\/wordpress\/plugins\/seo\/ -->\r\n<title>CONSIGLIO NAZIONALE | Il nuovo Segretario generale \u00e8 Giuseppe D\u2019Aprile - Uil Scuola Emilia Romagna<\/title>\r\n<meta name=\"robots\" content=\"index, follow, max-snippet:-1, max-image-preview:large, max-video-preview:-1\" \/>\r\n<link rel=\"canonical\" href=\"https:\/\/www.uilscuolaemiliaromagna.it\/public\/er\/2022\/08\/02\/consiglio-nazionale-il-nuovo-segretario-generale-e-giuseppe-daprile\/\" \/>\r\n<meta property=\"og:locale\" content=\"it_IT\" \/>\r\n<meta property=\"og:type\" content=\"article\" \/>\r\n<meta property=\"og:title\" content=\"CONSIGLIO NAZIONALE | Il nuovo Segretario generale \u00e8 Giuseppe D\u2019Aprile - Uil Scuola Emilia Romagna\" \/>\r\n<meta property=\"og:description\" content=\"CAMBIO AL VERTICE UIL SCUOLA. TURI CONCLUDE IL SUO SECONDO MANDATO. Giuseppe D\u2019Aprile \u00e8 il nuovo segretario generale della Uil Scuola. Ad eleggerlo all\u2019unanimit\u00e0, il &hellip;\" \/>\r\n<meta property=\"og:url\" content=\"https:\/\/www.uilscuolaemiliaromagna.it\/public\/er\/2022\/08\/02\/consiglio-nazionale-il-nuovo-segretario-generale-e-giuseppe-daprile\/\" \/>\r\n<meta property=\"og:site_name\" content=\"Uil Scuola Emilia Romagna\" \/>\r\n<meta property=\"article:published_time\" content=\"2022-08-02T18:38:18+00:00\" \/>\r\n<meta property=\"article:modified_time\" content=\"2022-08-03T18:48:31+00:00\" \/>\r\n<meta property=\"og:image\" content=\"https:\/\/www.uilscuolaemiliaromagna.it\/public\/er\/wp-content\/uploads\/2022\/08\/daprile-turi-bombardieri-150x150-1.jpg\" \/>\r\n\t<meta property=\"og:image:width\" content=\"150\" \/>\r\n\t<meta property=\"og:image:height\" content=\"150\" \/>\r\n\t<meta property=\"og:image:type\" content=\"image\/jpeg\" \/>\r\n<meta name=\"author\" content=\"admin\" \/>\r\n<meta name=\"twitter:card\" content=\"summary_large_image\" \/>\r\n<meta name=\"twitter:label1\" content=\"Scritto da\" \/>\n\t<meta name=\"twitter:data1\" content=\"admin\" \/>\n\t<meta name=\"twitter:label2\" content=\"Tempo di lettura stimato\" \/>\n\t<meta name=\"twitter:data2\" content=\"2 minuti\" \/>\r\n<script type=\"application\/ld+json\" class=\"yoast-schema-graph\">{\"@context\":\"https:\/\/schema.org\",\"@graph\":[{\"@type\":\"Article\",\"@id\":\"https:\/\/www.uilscuolaemiliaromagna.it\/public\/er\/2022\/08\/02\/consiglio-nazionale-il-nuovo-segretario-generale-e-giuseppe-daprile\/#article\",\"isPartOf\":{\"@id\":\"https:\/\/www.uilscuolaemiliaromagna.it\/public\/er\/2022\/08\/02\/consiglio-nazionale-il-nuovo-segretario-generale-e-giuseppe-daprile\/\"},\"author\":{\"name\":\"admin\",\"@id\":\"https:\/\/www.uilscuolaemiliaromagna.it\/public\/er\/#\/schema\/person\/f42878fd07a4b6ba2b7153d4fad5de5e\"},\"headline\":\"CONSIGLIO NAZIONALE | Il nuovo Segretario generale \u00e8 Giuseppe D\u2019Aprile\",\"datePublished\":\"2022-08-02T18:38:18+00:00\",\"dateModified\":\"2022-08-03T18:48:31+00:00\",\"mainEntityOfPage\":{\"@id\":\"https:\/\/www.uilscuolaemiliaromagna.it\/public\/er\/2022\/08\/02\/consiglio-nazionale-il-nuovo-segretario-generale-e-giuseppe-daprile\/\"},\"wordCount\":429,\"publisher\":{\"@id\":\"https:\/\/www.uilscuolaemiliaromagna.it\/public\/er\/#organization\"},\"articleSection\":[\"Notizie\"],\"inLanguage\":\"it-IT\"},{\"@type\":\"WebPage\",\"@id\":\"https:\/\/www.uilscuolaemiliaromagna.it\/public\/er\/2022\/08\/02\/consiglio-nazionale-il-nuovo-segretario-generale-e-giuseppe-daprile\/\",\"url\":\"https:\/\/www.uilscuolaemiliaromagna.it\/public\/er\/2022\/08\/02\/consiglio-nazionale-il-nuovo-segretario-generale-e-giuseppe-daprile\/\",\"name\":\"CONSIGLIO NAZIONALE | Il nuovo Segretario generale \u00e8 Giuseppe D\u2019Aprile - Uil Scuola Emilia Romagna\",\"isPartOf\":{\"@id\":\"https:\/\/www.uilscuolaemiliaromagna.it\/public\/er\/#website\"},\"datePublished\":\"2022-08-02T18:38:18+00:00\",\"dateModified\":\"2022-08-03T18:48:31+00:00\",\"breadcrumb\":{\"@id\":\"https:\/\/www.uilscuolaemiliaromagna.it\/public\/er\/2022\/08\/02\/consiglio-nazionale-il-nuovo-segretario-generale-e-giuseppe-daprile\/#breadcrumb\"},\"inLanguage\":\"it-IT\",\"potentialAction\":[{\"@type\":\"ReadAction\",\"target\":[\"https:\/\/www.uilscuolaemiliaromagna.it\/public\/er\/2022\/08\/02\/consiglio-nazionale-il-nuovo-segretario-generale-e-giuseppe-daprile\/\"]}]},{\"@type\":\"BreadcrumbList\",\"@id\":\"https:\/\/www.uilscuolaemiliaromagna.it\/public\/er\/2022\/08\/02\/consiglio-nazionale-il-nuovo-segretario-generale-e-giuseppe-daprile\/#breadcrumb\",\"itemListElement\":[{\"@type\":\"ListItem\",\"position\":1,\"name\":\"Home\",\"item\":\"https:\/\/www.uilscuolaemiliaromagna.it\/public\/er\/\"},{\"@type\":\"ListItem\",\"position\":2,\"name\":\"CONSIGLIO NAZIONALE | Il nuovo Segretario generale \u00e8 Giuseppe D\u2019Aprile\"}]},{\"@type\":\"WebSite\",\"@id\":\"https:\/\/www.uilscuolaemiliaromagna.it\/public\/er\/#website\",\"url\":\"https:\/\/www.uilscuolaemiliaromagna.it\/public\/er\/\",\"name\":\"Uil Scuola Emilia Romagna\",\"description\":\"La voce libera della scuola\",\"publisher\":{\"@id\":\"https:\/\/www.uilscuolaemiliaromagna.it\/public\/er\/#organization\"},\"potentialAction\":[{\"@type\":\"SearchAction\",\"target\":{\"@type\":\"EntryPoint\",\"urlTemplate\":\"https:\/\/www.uilscuolaemiliaromagna.it\/public\/er\/?s={search_term_string}\"},\"query-input\":\"required name=search_term_string\"}],\"inLanguage\":\"it-IT\"},{\"@type\":\"Organization\",\"@id\":\"https:\/\/www.uilscuolaemiliaromagna.it\/public\/er\/#organization\",\"name\":\"Uil Scuola Emilia Romagna\",\"url\":\"https:\/\/www.uilscuolaemiliaromagna.it\/public\/er\/\",\"logo\":{\"@type\":\"ImageObject\",\"inLanguage\":\"it-IT\",\"@id\":\"https:\/\/www.uilscuolaemiliaromagna.it\/public\/er\/#\/schema\/logo\/image\/\",\"url\":\"https:\/\/www.uilscuolaemiliaromagna.it\/public\/er\/wp-content\/uploads\/2017\/04\/cropped-header.png\",\"contentUrl\":\"https:\/\/www.uilscuolaemiliaromagna.it\/public\/er\/wp-content\/uploads\/2017\/04\/cropped-header.png\",\"width\":1000,\"height\":150,\"caption\":\"Uil Scuola Emilia Romagna\"},\"image\":{\"@id\":\"https:\/\/www.uilscuolaemiliaromagna.it\/public\/er\/#\/schema\/logo\/image\/\"}},{\"@type\":\"Person\",\"@id\":\"https:\/\/www.uilscuolaemiliaromagna.it\/public\/er\/#\/schema\/person\/f42878fd07a4b6ba2b7153d4fad5de5e\",\"name\":\"admin\",\"image\":{\"@type\":\"ImageObject\",\"inLanguage\":\"it-IT\",\"@id\":\"https:\/\/www.uilscuolaemiliaromagna.it\/public\/er\/#\/schema\/person\/image\/\",\"url\":\"https:\/\/secure.gravatar.com\/avatar\/aebf815ae2f30ffdae8b8c247273d34c?s=96&d=mm&r=g\",\"contentUrl\":\"https:\/\/secure.gravatar.com\/avatar\/aebf815ae2f30ffdae8b8c247273d34c?s=96&d=mm&r=g\",\"caption\":\"admin\"},\"url\":\"https:\/\/www.uilscuolaemiliaromagna.it\/public\/er\/author\/admin\/\"}]}<\/script>\r\n<!-- \/ Yoast SEO plugin. -->","yoast_head_json":{"title":"CONSIGLIO NAZIONALE | Il nuovo Segretario generale \u00e8 Giuseppe D\u2019Aprile - Uil Scuola Emilia Romagna","robots":{"index":"index","follow":"follow","max-snippet":"max-snippet:-1","max-image-preview":"max-image-preview:large","max-video-preview":"max-video-preview:-1"},"canonical":"https:\/\/www.uilscuolaemiliaromagna.it\/public\/er\/2022\/08\/02\/consiglio-nazionale-il-nuovo-segretario-generale-e-giuseppe-daprile\/","og_locale":"it_IT","og_type":"article","og_title":"CONSIGLIO NAZIONALE | Il nuovo Segretario generale \u00e8 Giuseppe D\u2019Aprile - Uil Scuola Emilia Romagna","og_description":"CAMBIO AL VERTICE UIL SCUOLA. TURI CONCLUDE IL SUO SECONDO MANDATO. Giuseppe D\u2019Aprile \u00e8 il nuovo segretario generale della Uil Scuola. Ad eleggerlo all\u2019unanimit\u00e0, il &hellip;","og_url":"https:\/\/www.uilscuolaemiliaromagna.it\/public\/er\/2022\/08\/02\/consiglio-nazionale-il-nuovo-segretario-generale-e-giuseppe-daprile\/","og_site_name":"Uil Scuola Emilia Romagna","article_published_time":"2022-08-02T18:38:18+00:00","article_modified_time":"2022-08-03T18:48:31+00:00","og_image":[{"width":150,"height":150,"url":"https:\/\/www.uilscuolaemiliaromagna.it\/public\/er\/wp-content\/uploads\/2022\/08\/daprile-turi-bombardieri-150x150-1.jpg","type":"image\/jpeg"}],"author":"admin","twitter_card":"summary_large_image","twitter_misc":{"Scritto da":"admin","Tempo di lettura stimato":"2 minuti"},"schema":{"@context":"https:\/\/schema.org","@graph":[{"@type":"Article","@id":"https:\/\/www.uilscuolaemiliaromagna.it\/public\/er\/2022\/08\/02\/consiglio-nazionale-il-nuovo-segretario-generale-e-giuseppe-daprile\/#article","isPartOf":{"@id":"https:\/\/www.uilscuolaemiliaromagna.it\/public\/er\/2022\/08\/02\/consiglio-nazionale-il-nuovo-segretario-generale-e-giuseppe-daprile\/"},"author":{"name":"admin","@id":"https:\/\/www.uilscuolaemiliaromagna.it\/public\/er\/#\/schema\/person\/f42878fd07a4b6ba2b7153d4fad5de5e"},"headline":"CONSIGLIO NAZIONALE | Il nuovo Segretario generale \u00e8 Giuseppe D\u2019Aprile","datePublished":"2022-08-02T18:38:18+00:00","dateModified":"2022-08-03T18:48:31+00:00","mainEntityOfPage":{"@id":"https:\/\/www.uilscuolaemiliaromagna.it\/public\/er\/2022\/08\/02\/consiglio-nazionale-il-nuovo-segretario-generale-e-giuseppe-daprile\/"},"wordCount":429,"publisher":{"@id":"https:\/\/www.uilscuolaemiliaromagna.it\/public\/er\/#organization"},"articleSection":["Notizie"],"inLanguage":"it-IT"},{"@type":"WebPage","@id":"https:\/\/www.uilscuolaemiliaromagna.it\/public\/er\/2022\/08\/02\/consiglio-nazionale-il-nuovo-segretario-generale-e-giuseppe-daprile\/","url":"https:\/\/www.uilscuolaemiliaromagna.it\/public\/er\/2022\/08\/02\/consiglio-nazionale-il-nuovo-segretario-generale-e-giuseppe-daprile\/","name":"CONSIGLIO NAZIONALE | Il nuovo Segretario generale \u00e8 Giuseppe D\u2019Aprile - Uil Scuola Emilia Romagna","isPartOf":{"@id":"https:\/\/www.uilscuolaemiliaromagna.it\/public\/er\/#website"},"datePublished":"2022-08-02T18:38:18+00:00","dateModified":"2022-08-03T18:48:31+00:00","breadcrumb":{"@id":"https:\/\/www.uilscuolaemiliaromagna.it\/public\/er\/2022\/08\/02\/consiglio-nazionale-il-nuovo-segretario-generale-e-giuseppe-daprile\/#breadcrumb"},"inLanguage":"it-IT","potentialAction":[{"@type":"ReadAction","target":["https:\/\/www.uilscuolaemiliaromagna.it\/public\/er\/2022\/08\/02\/consiglio-nazionale-il-nuovo-segretario-generale-e-giuseppe-daprile\/"]}]},{"@type":"BreadcrumbList","@id":"https:\/\/www.uilscuolaemiliaromagna.it\/public\/er\/2022\/08\/02\/consiglio-nazionale-il-nuovo-segretario-generale-e-giuseppe-daprile\/#breadcrumb","itemListElement":[{"@type":"ListItem","position":1,"name":"Home","item":"https:\/\/www.uilscuolaemiliaromagna.it\/public\/er\/"},{"@type":"ListItem","position":2,"name":"CONSIGLIO NAZIONALE | Il nuovo Segretario generale \u00e8 Giuseppe D\u2019Aprile"}]},{"@type":"WebSite","@id":"https:\/\/www.uilscuolaemiliaromagna.it\/public\/er\/#website","url":"https:\/\/www.uilscuolaemiliaromagna.it\/public\/er\/","name":"Uil Scuola Emilia Romagna","description":"La voce libera della scuola","publisher":{"@id":"https:\/\/www.uilscuolaemiliaromagna.it\/public\/er\/#organization"},"potentialAction":[{"@type":"SearchAction","target":{"@type":"EntryPoint","urlTemplate":"https:\/\/www.uilscuolaemiliaromagna.it\/public\/er\/?s={search_term_string}"},"query-input":"required name=search_term_string"}],"inLanguage":"it-IT"},{"@type":"Organization","@id":"https:\/\/www.uilscuolaemiliaromagna.it\/public\/er\/#organization","name":"Uil Scuola Emilia Romagna","url":"https:\/\/www.uilscuolaemiliaromagna.it\/public\/er\/","logo":{"@type":"ImageObject","inLanguage":"it-IT","@id":"https:\/\/www.uilscuolaemiliaromagna.it\/public\/er\/#\/schema\/logo\/image\/","url":"https:\/\/www.uilscuolaemiliaromagna.it\/public\/er\/wp-content\/uploads\/2017\/04\/cropped-header.png","contentUrl":"https:\/\/www.uilscuolaemiliaromagna.it\/public\/er\/wp-content\/uploads\/2017\/04\/cropped-header.png","width":1000,"height":150,"caption":"Uil Scuola Emilia Romagna"},"image":{"@id":"https:\/\/www.uilscuolaemiliaromagna.it\/public\/er\/#\/schema\/logo\/image\/"}},{"@type":"Person","@id":"https:\/\/www.uilscuolaemiliaromagna.it\/public\/er\/#\/schema\/person\/f42878fd07a4b6ba2b7153d4fad5de5e","name":"admin","image":{"@type":"ImageObject","inLanguage":"it-IT","@id":"https:\/\/www.uilscuolaemiliaromagna.it\/public\/er\/#\/schema\/person\/image\/","url":"https:\/\/secure.gravatar.com\/avatar\/aebf815ae2f30ffdae8b8c247273d34c?s=96&d=mm&r=g","contentUrl":"https:\/\/secure.gravatar.com\/avatar\/aebf815ae2f30ffdae8b8c247273d34c?s=96&d=mm&r=g","caption":"admin"},"url":"https:\/\/www.uilscuolaemiliaromagna.it\/public\/er\/author\/admin\/"}]}},"views":661,"_links":{"self":[{"href":"https:\/\/www.uilscuolaemiliaromagna.it\/public\/er\/wp-json\/wp\/v2\/posts\/10287"}],"collection":[{"href":"https:\/\/www.uilscuolaemiliaromagna.it\/public\/er\/wp-json\/wp\/v2\/posts"}],"about":[{"href":"https:\/\/www.uilscuolaemiliaromagna.it\/public\/er\/wp-json\/wp\/v2\/types\/post"}],"author":[{"embeddable":true,"href":"https:\/\/www.uilscuolaemiliaromagna.it\/public\/er\/wp-json\/wp\/v2\/users\/1"}],"replies":[{"embeddable":true,"href":"https:\/\/www.uilscuolaemiliaromagna.it\/public\/er\/wp-json\/wp\/v2\/comments?post=10287"}],"version-history":[{"count":3,"href":"https:\/\/www.uilscuolaemiliaromagna.it\/public\/er\/wp-json\/wp\/v2\/posts\/10287\/revisions"}],"predecessor-version":[{"id":10292,"href":"https:\/\/www.uilscuolaemiliaromagna.it\/public\/er\/wp-json\/wp\/v2\/posts\/10287\/revisions\/10292"}],"wp:featuredmedia":[{"embeddable":true,"href":"https:\/\/www.uilscuolaemiliaromagna.it\/public\/er\/wp-json\/wp\/v2\/media\/10288"}],"wp:attachment":[{"href":"https:\/\/www.uilscuolaemiliaromagna.it\/public\/er\/wp-json\/wp\/v2\/media?parent=10287"}],"wp:term":[{"taxonomy":"category","embeddable":true,"href":"https:\/\/www.uilscuolaemiliaromagna.it\/public\/er\/wp-json\/wp\/v2\/categories?post=10287"},{"taxonomy":"post_tag","embeddable":true,"href":"https:\/\/www.uilscuolaemiliaromagna.it\/public\/er\/wp-json\/wp\/v2\/tags?post=10287"}],"curies":[{"name":"wp","href":"https:\/\/api.w.org\/{rel}","templated":true}]}}