{"id":10313,"date":"2022-08-11T22:14:33","date_gmt":"2022-08-11T20:14:33","guid":{"rendered":"http:\/\/www.uilscuolaemiliaromagna.it\/public\/er\/?p=10313"},"modified":"2023-03-08T09:14:49","modified_gmt":"2023-03-08T08:14:49","slug":"congedi-parentali-nuove-misure-in-vigore-dal-13-agosto-valide-anche-per-la-scuola","status":"publish","type":"post","link":"https:\/\/www.uilscuolaemiliaromagna.it\/public\/er\/2022\/08\/11\/congedi-parentali-nuove-misure-in-vigore-dal-13-agosto-valide-anche-per-la-scuola\/","title":{"rendered":"Congedi parentali: nuove misure in vigore dal 13 agosto valide anche per la scuola"},"content":{"rendered":"<p style=\"text-align: justify;\">Dal 13 agosto nuovi diritti in materia di maternit\u00e0, paternit\u00e0, congedo parentale, congedo straordinario per assistenza al familiare con handicap grave, di fruizione dei permessi ex legge 104\/92 e di lavoro agile.<\/p>\n<p style=\"text-align: justify;\">Il decreto legislativo 30 giugno 2022, n. 105, pubblicato nella Gazzetta Ufficiale \u2013 Serie Generale n. 176 del 29 luglio 2022, in vigore dal 13 agosto 2022, nel dare attuazione alla Direttiva (UE) 2019\/1158, al fine di conciliare l\u2019attivit\u00e0 lavorativa e la vita privata per i genitori e i prestatori di assistenza, nonch\u00e9 di conseguire la condivisione delle responsabilit\u00e0 di cura tra uomini e donne e la parit\u00e0 di genere in ambito lavorativo e familiare, ha introdotto alcune novit\u00e0 normative.<\/p>\n<p style=\"text-align: justify;\">L\u2019art 1 dispone che \u201cI congedi, i permessi e gli altri istituti regolamentati dal decreto, salvo diversamente specificato, sono direttamente applicabili anche ai dipendenti delle pubbliche amministrazioni\u201d.<\/p>\n<ul>\n<li><a href=\"https:\/\/www.uilscuolaemiliaromagna.it\/public\/er\/wp-content\/uploads\/2022\/08\/le-slide-della-UIL-SCUOLA-RUA.pdf\" target=\"_blank\" rel=\"noopener noreferrer\">le slide della UIL SCUOLA RUA<\/a><\/li>\n<\/ul>\n<p>&nbsp;<\/p>\n<h6>fonte:\u00a0<a href=\"https:\/\/uilscuola.it\/congedi-parentali-nuove-misure-in-vigore-dal-13-agosto-valide-anche-per-la-scuola\/\" target=\"_blank\" rel=\"noopener noreferrer\">uilscuola.it<\/a><\/h6>\n\n<div class=\"twitter-share\"><a href=\"https:\/\/twitter.com\/intent\/tweet?via=UILScuolaBO_ER\" class=\"twitter-share-button\" data-size=\"large\">Tweet<\/a><\/div>\n","protected":false},"excerpt":{"rendered":"<p>Dal 13 agosto nuovi diritti in materia di maternit\u00e0, paternit\u00e0, congedo parentale, congedo straordinario per assistenza al familiare con handicap grave, di fruizione dei permessi &hellip; <\/p>\n","protected":false},"author":1,"featured_media":10315,"comment_status":"closed","ping_status":"open","sticky":false,"template":"","format":"standard","meta":{"footnotes":""},"categories":[2,12,6],"tags":[],"yoast_head":"<!-- This site is optimized with the Yoast SEO plugin v21.7 - https:\/\/yoast.com\/wordpress\/plugins\/seo\/ -->\r\n<title>Congedi parentali: nuove misure in vigore dal 13 agosto valide anche per la scuola - Uil Scuola Emilia Romagna<\/title>\r\n<meta name=\"robots\" content=\"index, follow, max-snippet:-1, max-image-preview:large, max-video-preview:-1\" \/>\r\n<link rel=\"canonical\" href=\"https:\/\/www.uilscuolaemiliaromagna.it\/public\/er\/2022\/08\/11\/congedi-parentali-nuove-misure-in-vigore-dal-13-agosto-valide-anche-per-la-scuola\/\" \/>\r\n<meta property=\"og:locale\" content=\"it_IT\" \/>\r\n<meta property=\"og:type\" content=\"article\" \/>\r\n<meta property=\"og:title\" content=\"Congedi parentali: nuove misure in vigore dal 13 agosto valide anche per la scuola - Uil Scuola Emilia Romagna\" \/>\r\n<meta property=\"og:description\" content=\"Dal 13 agosto nuovi diritti in materia di maternit\u00e0, paternit\u00e0, congedo parentale, congedo straordinario per assistenza al familiare con handicap grave, di fruizione dei permessi &hellip;\" \/>\r\n<meta property=\"og:url\" content=\"https:\/\/www.uilscuolaemiliaromagna.it\/public\/er\/2022\/08\/11\/congedi-parentali-nuove-misure-in-vigore-dal-13-agosto-valide-anche-per-la-scuola\/\" \/>\r\n<meta property=\"og:site_name\" content=\"Uil Scuola Emilia Romagna\" \/>\r\n<meta property=\"article:published_time\" content=\"2022-08-11T20:14:33+00:00\" \/>\r\n<meta property=\"article:modified_time\" content=\"2023-03-08T08:14:49+00:00\" \/>\r\n<meta property=\"og:image\" content=\"https:\/\/www.uilscuolaemiliaromagna.it\/public\/er\/wp-content\/uploads\/2022\/08\/INPS_uff-150x150-1.jpg\" \/>\r\n\t<meta property=\"og:image:width\" content=\"150\" \/>\r\n\t<meta property=\"og:image:height\" content=\"150\" \/>\r\n\t<meta property=\"og:image:type\" content=\"image\/jpeg\" \/>\r\n<meta name=\"author\" content=\"admin\" \/>\r\n<meta name=\"twitter:card\" content=\"summary_large_image\" \/>\r\n<meta name=\"twitter:label1\" content=\"Scritto da\" \/>\n\t<meta name=\"twitter:data1\" content=\"admin\" \/>\n\t<meta name=\"twitter:label2\" content=\"Tempo di lettura stimato\" \/>\n\t<meta name=\"twitter:data2\" content=\"1 minuto\" \/>\r\n<script type=\"application\/ld+json\" class=\"yoast-schema-graph\">{\"@context\":\"https:\/\/schema.org\",\"@graph\":[{\"@type\":\"Article\",\"@id\":\"https:\/\/www.uilscuolaemiliaromagna.it\/public\/er\/2022\/08\/11\/congedi-parentali-nuove-misure-in-vigore-dal-13-agosto-valide-anche-per-la-scuola\/#article\",\"isPartOf\":{\"@id\":\"https:\/\/www.uilscuolaemiliaromagna.it\/public\/er\/2022\/08\/11\/congedi-parentali-nuove-misure-in-vigore-dal-13-agosto-valide-anche-per-la-scuola\/\"},\"author\":{\"name\":\"admin\",\"@id\":\"https:\/\/www.uilscuolaemiliaromagna.it\/public\/er\/#\/schema\/person\/f42878fd07a4b6ba2b7153d4fad5de5e\"},\"headline\":\"Congedi parentali: nuove misure in vigore dal 13 agosto valide anche per la scuola\",\"datePublished\":\"2022-08-11T20:14:33+00:00\",\"dateModified\":\"2023-03-08T08:14:49+00:00\",\"mainEntityOfPage\":{\"@id\":\"https:\/\/www.uilscuolaemiliaromagna.it\/public\/er\/2022\/08\/11\/congedi-parentali-nuove-misure-in-vigore-dal-13-agosto-valide-anche-per-la-scuola\/\"},\"wordCount\":151,\"publisher\":{\"@id\":\"https:\/\/www.uilscuolaemiliaromagna.it\/public\/er\/#organization\"},\"articleSection\":[\"ATA\",\"Notizie\",\"Personale Docente\"],\"inLanguage\":\"it-IT\"},{\"@type\":\"WebPage\",\"@id\":\"https:\/\/www.uilscuolaemiliaromagna.it\/public\/er\/2022\/08\/11\/congedi-parentali-nuove-misure-in-vigore-dal-13-agosto-valide-anche-per-la-scuola\/\",\"url\":\"https:\/\/www.uilscuolaemiliaromagna.it\/public\/er\/2022\/08\/11\/congedi-parentali-nuove-misure-in-vigore-dal-13-agosto-valide-anche-per-la-scuola\/\",\"name\":\"Congedi parentali: nuove misure in vigore dal 13 agosto valide anche per la scuola - Uil Scuola Emilia Romagna\",\"isPartOf\":{\"@id\":\"https:\/\/www.uilscuolaemiliaromagna.it\/public\/er\/#website\"},\"datePublished\":\"2022-08-11T20:14:33+00:00\",\"dateModified\":\"2023-03-08T08:14:49+00:00\",\"breadcrumb\":{\"@id\":\"https:\/\/www.uilscuolaemiliaromagna.it\/public\/er\/2022\/08\/11\/congedi-parentali-nuove-misure-in-vigore-dal-13-agosto-valide-anche-per-la-scuola\/#breadcrumb\"},\"inLanguage\":\"it-IT\",\"potentialAction\":[{\"@type\":\"ReadAction\",\"target\":[\"https:\/\/www.uilscuolaemiliaromagna.it\/public\/er\/2022\/08\/11\/congedi-parentali-nuove-misure-in-vigore-dal-13-agosto-valide-anche-per-la-scuola\/\"]}]},{\"@type\":\"BreadcrumbList\",\"@id\":\"https:\/\/www.uilscuolaemiliaromagna.it\/public\/er\/2022\/08\/11\/congedi-parentali-nuove-misure-in-vigore-dal-13-agosto-valide-anche-per-la-scuola\/#breadcrumb\",\"itemListElement\":[{\"@type\":\"ListItem\",\"position\":1,\"name\":\"Home\",\"item\":\"https:\/\/www.uilscuolaemiliaromagna.it\/public\/er\/\"},{\"@type\":\"ListItem\",\"position\":2,\"name\":\"Congedi parentali: nuove misure in vigore dal 13 agosto valide anche per la scuola\"}]},{\"@type\":\"WebSite\",\"@id\":\"https:\/\/www.uilscuolaemiliaromagna.it\/public\/er\/#website\",\"url\":\"https:\/\/www.uilscuolaemiliaromagna.it\/public\/er\/\",\"name\":\"Uil Scuola Emilia Romagna\",\"description\":\"La voce libera della scuola\",\"publisher\":{\"@id\":\"https:\/\/www.uilscuolaemiliaromagna.it\/public\/er\/#organization\"},\"potentialAction\":[{\"@type\":\"SearchAction\",\"target\":{\"@type\":\"EntryPoint\",\"urlTemplate\":\"https:\/\/www.uilscuolaemiliaromagna.it\/public\/er\/?s={search_term_string}\"},\"query-input\":\"required name=search_term_string\"}],\"inLanguage\":\"it-IT\"},{\"@type\":\"Organization\",\"@id\":\"https:\/\/www.uilscuolaemiliaromagna.it\/public\/er\/#organization\",\"name\":\"Uil Scuola Emilia Romagna\",\"url\":\"https:\/\/www.uilscuolaemiliaromagna.it\/public\/er\/\",\"logo\":{\"@type\":\"ImageObject\",\"inLanguage\":\"it-IT\",\"@id\":\"https:\/\/www.uilscuolaemiliaromagna.it\/public\/er\/#\/schema\/logo\/image\/\",\"url\":\"https:\/\/www.uilscuolaemiliaromagna.it\/public\/er\/wp-content\/uploads\/2017\/04\/cropped-header.png\",\"contentUrl\":\"https:\/\/www.uilscuolaemiliaromagna.it\/public\/er\/wp-content\/uploads\/2017\/04\/cropped-header.png\",\"width\":1000,\"height\":150,\"caption\":\"Uil Scuola Emilia Romagna\"},\"image\":{\"@id\":\"https:\/\/www.uilscuolaemiliaromagna.it\/public\/er\/#\/schema\/logo\/image\/\"}},{\"@type\":\"Person\",\"@id\":\"https:\/\/www.uilscuolaemiliaromagna.it\/public\/er\/#\/schema\/person\/f42878fd07a4b6ba2b7153d4fad5de5e\",\"name\":\"admin\",\"image\":{\"@type\":\"ImageObject\",\"inLanguage\":\"it-IT\",\"@id\":\"https:\/\/www.uilscuolaemiliaromagna.it\/public\/er\/#\/schema\/person\/image\/\",\"url\":\"https:\/\/secure.gravatar.com\/avatar\/aebf815ae2f30ffdae8b8c247273d34c?s=96&d=mm&r=g\",\"contentUrl\":\"https:\/\/secure.gravatar.com\/avatar\/aebf815ae2f30ffdae8b8c247273d34c?s=96&d=mm&r=g\",\"caption\":\"admin\"},\"url\":\"https:\/\/www.uilscuolaemiliaromagna.it\/public\/er\/author\/admin\/\"}]}<\/script>\r\n<!-- \/ Yoast SEO plugin. -->","yoast_head_json":{"title":"Congedi parentali: nuove misure in vigore dal 13 agosto valide anche per la scuola - Uil Scuola Emilia Romagna","robots":{"index":"index","follow":"follow","max-snippet":"max-snippet:-1","max-image-preview":"max-image-preview:large","max-video-preview":"max-video-preview:-1"},"canonical":"https:\/\/www.uilscuolaemiliaromagna.it\/public\/er\/2022\/08\/11\/congedi-parentali-nuove-misure-in-vigore-dal-13-agosto-valide-anche-per-la-scuola\/","og_locale":"it_IT","og_type":"article","og_title":"Congedi parentali: nuove misure in vigore dal 13 agosto valide anche per la scuola - Uil Scuola Emilia Romagna","og_description":"Dal 13 agosto nuovi diritti in materia di maternit\u00e0, paternit\u00e0, congedo parentale, congedo straordinario per assistenza al familiare con handicap grave, di fruizione dei permessi &hellip;","og_url":"https:\/\/www.uilscuolaemiliaromagna.it\/public\/er\/2022\/08\/11\/congedi-parentali-nuove-misure-in-vigore-dal-13-agosto-valide-anche-per-la-scuola\/","og_site_name":"Uil Scuola Emilia Romagna","article_published_time":"2022-08-11T20:14:33+00:00","article_modified_time":"2023-03-08T08:14:49+00:00","og_image":[{"width":150,"height":150,"url":"https:\/\/www.uilscuolaemiliaromagna.it\/public\/er\/wp-content\/uploads\/2022\/08\/INPS_uff-150x150-1.jpg","type":"image\/jpeg"}],"author":"admin","twitter_card":"summary_large_image","twitter_misc":{"Scritto da":"admin","Tempo di lettura stimato":"1 minuto"},"schema":{"@context":"https:\/\/schema.org","@graph":[{"@type":"Article","@id":"https:\/\/www.uilscuolaemiliaromagna.it\/public\/er\/2022\/08\/11\/congedi-parentali-nuove-misure-in-vigore-dal-13-agosto-valide-anche-per-la-scuola\/#article","isPartOf":{"@id":"https:\/\/www.uilscuolaemiliaromagna.it\/public\/er\/2022\/08\/11\/congedi-parentali-nuove-misure-in-vigore-dal-13-agosto-valide-anche-per-la-scuola\/"},"author":{"name":"admin","@id":"https:\/\/www.uilscuolaemiliaromagna.it\/public\/er\/#\/schema\/person\/f42878fd07a4b6ba2b7153d4fad5de5e"},"headline":"Congedi parentali: nuove misure in vigore dal 13 agosto valide anche per la scuola","datePublished":"2022-08-11T20:14:33+00:00","dateModified":"2023-03-08T08:14:49+00:00","mainEntityOfPage":{"@id":"https:\/\/www.uilscuolaemiliaromagna.it\/public\/er\/2022\/08\/11\/congedi-parentali-nuove-misure-in-vigore-dal-13-agosto-valide-anche-per-la-scuola\/"},"wordCount":151,"publisher":{"@id":"https:\/\/www.uilscuolaemiliaromagna.it\/public\/er\/#organization"},"articleSection":["ATA","Notizie","Personale Docente"],"inLanguage":"it-IT"},{"@type":"WebPage","@id":"https:\/\/www.uilscuolaemiliaromagna.it\/public\/er\/2022\/08\/11\/congedi-parentali-nuove-misure-in-vigore-dal-13-agosto-valide-anche-per-la-scuola\/","url":"https:\/\/www.uilscuolaemiliaromagna.it\/public\/er\/2022\/08\/11\/congedi-parentali-nuove-misure-in-vigore-dal-13-agosto-valide-anche-per-la-scuola\/","name":"Congedi parentali: nuove misure in vigore dal 13 agosto valide anche per la scuola - Uil Scuola Emilia Romagna","isPartOf":{"@id":"https:\/\/www.uilscuolaemiliaromagna.it\/public\/er\/#website"},"datePublished":"2022-08-11T20:14:33+00:00","dateModified":"2023-03-08T08:14:49+00:00","breadcrumb":{"@id":"https:\/\/www.uilscuolaemiliaromagna.it\/public\/er\/2022\/08\/11\/congedi-parentali-nuove-misure-in-vigore-dal-13-agosto-valide-anche-per-la-scuola\/#breadcrumb"},"inLanguage":"it-IT","potentialAction":[{"@type":"ReadAction","target":["https:\/\/www.uilscuolaemiliaromagna.it\/public\/er\/2022\/08\/11\/congedi-parentali-nuove-misure-in-vigore-dal-13-agosto-valide-anche-per-la-scuola\/"]}]},{"@type":"BreadcrumbList","@id":"https:\/\/www.uilscuolaemiliaromagna.it\/public\/er\/2022\/08\/11\/congedi-parentali-nuove-misure-in-vigore-dal-13-agosto-valide-anche-per-la-scuola\/#breadcrumb","itemListElement":[{"@type":"ListItem","position":1,"name":"Home","item":"https:\/\/www.uilscuolaemiliaromagna.it\/public\/er\/"},{"@type":"ListItem","position":2,"name":"Congedi parentali: nuove misure in vigore dal 13 agosto valide anche per la scuola"}]},{"@type":"WebSite","@id":"https:\/\/www.uilscuolaemiliaromagna.it\/public\/er\/#website","url":"https:\/\/www.uilscuolaemiliaromagna.it\/public\/er\/","name":"Uil Scuola Emilia Romagna","description":"La voce libera della scuola","publisher":{"@id":"https:\/\/www.uilscuolaemiliaromagna.it\/public\/er\/#organization"},"potentialAction":[{"@type":"SearchAction","target":{"@type":"EntryPoint","urlTemplate":"https:\/\/www.uilscuolaemiliaromagna.it\/public\/er\/?s={search_term_string}"},"query-input":"required name=search_term_string"}],"inLanguage":"it-IT"},{"@type":"Organization","@id":"https:\/\/www.uilscuolaemiliaromagna.it\/public\/er\/#organization","name":"Uil Scuola Emilia Romagna","url":"https:\/\/www.uilscuolaemiliaromagna.it\/public\/er\/","logo":{"@type":"ImageObject","inLanguage":"it-IT","@id":"https:\/\/www.uilscuolaemiliaromagna.it\/public\/er\/#\/schema\/logo\/image\/","url":"https:\/\/www.uilscuolaemiliaromagna.it\/public\/er\/wp-content\/uploads\/2017\/04\/cropped-header.png","contentUrl":"https:\/\/www.uilscuolaemiliaromagna.it\/public\/er\/wp-content\/uploads\/2017\/04\/cropped-header.png","width":1000,"height":150,"caption":"Uil Scuola Emilia Romagna"},"image":{"@id":"https:\/\/www.uilscuolaemiliaromagna.it\/public\/er\/#\/schema\/logo\/image\/"}},{"@type":"Person","@id":"https:\/\/www.uilscuolaemiliaromagna.it\/public\/er\/#\/schema\/person\/f42878fd07a4b6ba2b7153d4fad5de5e","name":"admin","image":{"@type":"ImageObject","inLanguage":"it-IT","@id":"https:\/\/www.uilscuolaemiliaromagna.it\/public\/er\/#\/schema\/person\/image\/","url":"https:\/\/secure.gravatar.com\/avatar\/aebf815ae2f30ffdae8b8c247273d34c?s=96&d=mm&r=g","contentUrl":"https:\/\/secure.gravatar.com\/avatar\/aebf815ae2f30ffdae8b8c247273d34c?s=96&d=mm&r=g","caption":"admin"},"url":"https:\/\/www.uilscuolaemiliaromagna.it\/public\/er\/author\/admin\/"}]}},"views":1143,"_links":{"self":[{"href":"https:\/\/www.uilscuolaemiliaromagna.it\/public\/er\/wp-json\/wp\/v2\/posts\/10313"}],"collection":[{"href":"https:\/\/www.uilscuolaemiliaromagna.it\/public\/er\/wp-json\/wp\/v2\/posts"}],"about":[{"href":"https:\/\/www.uilscuolaemiliaromagna.it\/public\/er\/wp-json\/wp\/v2\/types\/post"}],"author":[{"embeddable":true,"href":"https:\/\/www.uilscuolaemiliaromagna.it\/public\/er\/wp-json\/wp\/v2\/users\/1"}],"replies":[{"embeddable":true,"href":"https:\/\/www.uilscuolaemiliaromagna.it\/public\/er\/wp-json\/wp\/v2\/comments?post=10313"}],"version-history":[{"count":2,"href":"https:\/\/www.uilscuolaemiliaromagna.it\/public\/er\/wp-json\/wp\/v2\/posts\/10313\/revisions"}],"predecessor-version":[{"id":11066,"href":"https:\/\/www.uilscuolaemiliaromagna.it\/public\/er\/wp-json\/wp\/v2\/posts\/10313\/revisions\/11066"}],"wp:featuredmedia":[{"embeddable":true,"href":"https:\/\/www.uilscuolaemiliaromagna.it\/public\/er\/wp-json\/wp\/v2\/media\/10315"}],"wp:attachment":[{"href":"https:\/\/www.uilscuolaemiliaromagna.it\/public\/er\/wp-json\/wp\/v2\/media?parent=10313"}],"wp:term":[{"taxonomy":"category","embeddable":true,"href":"https:\/\/www.uilscuolaemiliaromagna.it\/public\/er\/wp-json\/wp\/v2\/categories?post=10313"},{"taxonomy":"post_tag","embeddable":true,"href":"https:\/\/www.uilscuolaemiliaromagna.it\/public\/er\/wp-json\/wp\/v2\/tags?post=10313"}],"curies":[{"name":"wp","href":"https:\/\/api.w.org\/{rel}","templated":true}]}}