{"id":10347,"date":"2022-08-20T22:34:51","date_gmt":"2022-08-20T20:34:51","guid":{"rendered":"http:\/\/www.uilscuolaemiliaromagna.it\/public\/er\/?p=10347"},"modified":"2022-08-20T22:34:51","modified_gmt":"2022-08-20T20:34:51","slug":"rassegna-stampa-orizzontescuola-it-obbligo-vaccinale-docenti-e-ata-daprile-uil-scuola-non-e-corretto-scaricare-le-tensioni-e-le-divisioni-sulla-scuola","status":"publish","type":"post","link":"https:\/\/www.uilscuolaemiliaromagna.it\/public\/er\/2022\/08\/20\/rassegna-stampa-orizzontescuola-it-obbligo-vaccinale-docenti-e-ata-daprile-uil-scuola-non-e-corretto-scaricare-le-tensioni-e-le-divisioni-sulla-scuola\/","title":{"rendered":"Rassegna stampa | Orizzontescuola.it : Obbligo vaccinale docenti e Ata, D\u2019Aprile (Uil Scuola): \u201cNon \u00e8 corretto scaricare le tensioni e le divisioni sulla scuola\u201d"},"content":{"rendered":"<p style=\"text-align: justify;\">\u201cNon \u00e8 corretto scaricare le tensioni e le divisioni di un argomento cos\u00ec delicato \u2013 che riguarda la sicurezza \u2013 sul mondo della scuola\u201d.<\/p>\n<p>&nbsp;<\/p>\n<p><img loading=\"lazy\" decoding=\"async\" class=\"aligncenter size-full wp-image-10349\" src=\"https:\/\/www.uilscuolaemiliaromagna.it\/public\/er\/wp-content\/uploads\/2022\/08\/WhatsApp-Image-2022-08-03-at-15.31.18-1-1029x600-1.jpeg\" alt=\"\" width=\"800\" height=\"466\" srcset=\"https:\/\/www.uilscuolaemiliaromagna.it\/public\/er\/wp-content\/uploads\/2022\/08\/WhatsApp-Image-2022-08-03-at-15.31.18-1-1029x600-1.jpeg 800w, https:\/\/www.uilscuolaemiliaromagna.it\/public\/er\/wp-content\/uploads\/2022\/08\/WhatsApp-Image-2022-08-03-at-15.31.18-1-1029x600-1-300x175.jpeg 300w, https:\/\/www.uilscuolaemiliaromagna.it\/public\/er\/wp-content\/uploads\/2022\/08\/WhatsApp-Image-2022-08-03-at-15.31.18-1-1029x600-1-768x447.jpeg 768w\" sizes=\"(max-width: 800px) 100vw, 800px\" \/><\/p>\n<p style=\"text-align: justify;\">Lo dice all\u2019Adnkronos il segretario generale della Uil Scuola, Giuseppe D\u2019Aprile, commentando il ritorno degli insegnanti non vaccinati a scuola da settembre.<\/p>\n<p style=\"text-align: justify;\"><em>\u201cTra l\u2019altro un obbligo che non esiste pi\u00f9 gi\u00e0 dallo scorso 15 giugno e che sicuramente non spetta a noi valutare se ripristinare o meno e soprattutto se si \u00e8 trattata di una misura risolutiva, discriminante o addirittura inutile. La politica su questo e sull\u2019esperienza, appunto, maturata nel semestre precedente a questo deve avere il coraggio di esprimersi. Una cosa \u00e8 pi\u00f9 che certa: la pandemia non ci ha insegnato nulla\u201d.\u00a0<\/em><\/p>\n<p style=\"text-align: justify;\"><em>\u201cHo la vaga convinzione, invece, che con certe argomentazioni\u00a0<\/em>\u2013 aggiunge \u2013\u00a0<em>si voglia distogliere l\u2019attenzione da ci\u00f2 che non \u00e8 stato fatto e che invece era necessario realizzare. Dal 1 settembre, secondo le ultime circolari del Ministero dell\u2019istruzione, varranno esclusivamente le Indicazioni strategiche dell\u2019Istituto superiore di sanit\u00e0. Finestre aperte e pulizia ordinaria dei locali: queste le uniche raccomandazioni\u201d.<\/em><\/p>\n<div id=\"gptneltesto-1661026917935\" class=\"gptslot\" data-adunitid=\"2\">\n<div id=\"gpt-slot-4\" class=\"optiload\" data-google-query-id=\"CIPvseWf1vkCFdrbEQgdtSgIGQ\">\n<div id=\"google_ads_iframe_\/5966054,109765923\/OrizzonteScuola\/OrizzonteScuola_intext_mobile_0__container__\" style=\"text-align: justify;\"><em style=\"font-size: 1.125rem;\">\u201cNessuna risposta in materia di distanziamento, n\u00e9 misure stabili contro il sovraffollamento delle classi e l\u2019esiguit\u00e0 degli spazi. Nessuna mappatura degli interventi tecnici per il ricambio d\u2019aria e la ventilazione degli ambienti. Nessun protocollo sulla sicurezza a tutela di tutta la comunit\u00e0 educante. Meno chiacchiere pre elettorali e pi\u00f9 fatti\u201d,<\/em><span style=\"font-size: 1.125rem;\">\u00a0conclude D\u2019Aprile.<\/span><\/div>\n<\/div>\n<\/div>\n\n<div class=\"twitter-share\"><a href=\"https:\/\/twitter.com\/intent\/tweet?via=UILScuolaBO_ER\" class=\"twitter-share-button\" data-size=\"large\">Tweet<\/a><\/div>\n","protected":false},"excerpt":{"rendered":"<p>\u201cNon \u00e8 corretto scaricare le tensioni e le divisioni di un argomento cos\u00ec delicato \u2013 che riguarda la sicurezza \u2013 sul mondo della scuola\u201d. &nbsp; &hellip; <\/p>\n","protected":false},"author":1,"featured_media":8828,"comment_status":"closed","ping_status":"open","sticky":false,"template":"","format":"standard","meta":{"footnotes":""},"categories":[12],"tags":[],"yoast_head":"<!-- This site is optimized with the Yoast SEO plugin v21.7 - https:\/\/yoast.com\/wordpress\/plugins\/seo\/ -->\r\n<title>Rassegna stampa | Orizzontescuola.it : Obbligo vaccinale docenti e Ata, D\u2019Aprile (Uil Scuola): \u201cNon \u00e8 corretto scaricare le tensioni e le divisioni sulla scuola\u201d - Uil Scuola Emilia Romagna<\/title>\r\n<meta name=\"robots\" content=\"index, follow, max-snippet:-1, max-image-preview:large, max-video-preview:-1\" \/>\r\n<link rel=\"canonical\" href=\"https:\/\/www.uilscuolaemiliaromagna.it\/public\/er\/2022\/08\/20\/rassegna-stampa-orizzontescuola-it-obbligo-vaccinale-docenti-e-ata-daprile-uil-scuola-non-e-corretto-scaricare-le-tensioni-e-le-divisioni-sulla-scuola\/\" \/>\r\n<meta property=\"og:locale\" content=\"it_IT\" \/>\r\n<meta property=\"og:type\" content=\"article\" \/>\r\n<meta property=\"og:title\" content=\"Rassegna stampa | Orizzontescuola.it : Obbligo vaccinale docenti e Ata, D\u2019Aprile (Uil Scuola): \u201cNon \u00e8 corretto scaricare le tensioni e le divisioni sulla scuola\u201d - Uil Scuola Emilia Romagna\" \/>\r\n<meta property=\"og:description\" content=\"\u201cNon \u00e8 corretto scaricare le tensioni e le divisioni di un argomento cos\u00ec delicato \u2013 che riguarda la sicurezza \u2013 sul mondo della scuola\u201d. &nbsp; &hellip;\" \/>\r\n<meta property=\"og:url\" content=\"https:\/\/www.uilscuolaemiliaromagna.it\/public\/er\/2022\/08\/20\/rassegna-stampa-orizzontescuola-it-obbligo-vaccinale-docenti-e-ata-daprile-uil-scuola-non-e-corretto-scaricare-le-tensioni-e-le-divisioni-sulla-scuola\/\" \/>\r\n<meta property=\"og:site_name\" content=\"Uil Scuola Emilia Romagna\" \/>\r\n<meta property=\"article:published_time\" content=\"2022-08-20T20:34:51+00:00\" \/>\r\n<meta property=\"og:image\" content=\"https:\/\/www.uilscuolaemiliaromagna.it\/public\/er\/wp-content\/uploads\/2021\/09\/classroom-2093744_1280-150x150-1.jpg\" \/>\r\n\t<meta property=\"og:image:width\" content=\"150\" \/>\r\n\t<meta property=\"og:image:height\" content=\"150\" \/>\r\n\t<meta property=\"og:image:type\" content=\"image\/jpeg\" \/>\r\n<meta name=\"author\" content=\"admin\" \/>\r\n<meta name=\"twitter:card\" content=\"summary_large_image\" \/>\r\n<meta name=\"twitter:label1\" content=\"Scritto da\" \/>\n\t<meta name=\"twitter:data1\" content=\"admin\" \/>\n\t<meta name=\"twitter:label2\" content=\"Tempo di lettura stimato\" \/>\n\t<meta name=\"twitter:data2\" content=\"2 minuti\" \/>\r\n<script type=\"application\/ld+json\" class=\"yoast-schema-graph\">{\"@context\":\"https:\/\/schema.org\",\"@graph\":[{\"@type\":\"Article\",\"@id\":\"https:\/\/www.uilscuolaemiliaromagna.it\/public\/er\/2022\/08\/20\/rassegna-stampa-orizzontescuola-it-obbligo-vaccinale-docenti-e-ata-daprile-uil-scuola-non-e-corretto-scaricare-le-tensioni-e-le-divisioni-sulla-scuola\/#article\",\"isPartOf\":{\"@id\":\"https:\/\/www.uilscuolaemiliaromagna.it\/public\/er\/2022\/08\/20\/rassegna-stampa-orizzontescuola-it-obbligo-vaccinale-docenti-e-ata-daprile-uil-scuola-non-e-corretto-scaricare-le-tensioni-e-le-divisioni-sulla-scuola\/\"},\"author\":{\"name\":\"admin\",\"@id\":\"https:\/\/www.uilscuolaemiliaromagna.it\/public\/er\/#\/schema\/person\/f42878fd07a4b6ba2b7153d4fad5de5e\"},\"headline\":\"Rassegna stampa | Orizzontescuola.it : Obbligo vaccinale docenti e Ata, D\u2019Aprile (Uil Scuola): \u201cNon \u00e8 corretto scaricare le tensioni e le divisioni sulla scuola\u201d\",\"datePublished\":\"2022-08-20T20:34:51+00:00\",\"dateModified\":\"2022-08-20T20:34:51+00:00\",\"mainEntityOfPage\":{\"@id\":\"https:\/\/www.uilscuolaemiliaromagna.it\/public\/er\/2022\/08\/20\/rassegna-stampa-orizzontescuola-it-obbligo-vaccinale-docenti-e-ata-daprile-uil-scuola-non-e-corretto-scaricare-le-tensioni-e-le-divisioni-sulla-scuola\/\"},\"wordCount\":252,\"publisher\":{\"@id\":\"https:\/\/www.uilscuolaemiliaromagna.it\/public\/er\/#organization\"},\"articleSection\":[\"Notizie\"],\"inLanguage\":\"it-IT\"},{\"@type\":\"WebPage\",\"@id\":\"https:\/\/www.uilscuolaemiliaromagna.it\/public\/er\/2022\/08\/20\/rassegna-stampa-orizzontescuola-it-obbligo-vaccinale-docenti-e-ata-daprile-uil-scuola-non-e-corretto-scaricare-le-tensioni-e-le-divisioni-sulla-scuola\/\",\"url\":\"https:\/\/www.uilscuolaemiliaromagna.it\/public\/er\/2022\/08\/20\/rassegna-stampa-orizzontescuola-it-obbligo-vaccinale-docenti-e-ata-daprile-uil-scuola-non-e-corretto-scaricare-le-tensioni-e-le-divisioni-sulla-scuola\/\",\"name\":\"Rassegna stampa | Orizzontescuola.it : Obbligo vaccinale docenti e Ata, D\u2019Aprile (Uil Scuola): \u201cNon \u00e8 corretto scaricare le tensioni e le divisioni sulla scuola\u201d - Uil Scuola Emilia Romagna\",\"isPartOf\":{\"@id\":\"https:\/\/www.uilscuolaemiliaromagna.it\/public\/er\/#website\"},\"datePublished\":\"2022-08-20T20:34:51+00:00\",\"dateModified\":\"2022-08-20T20:34:51+00:00\",\"breadcrumb\":{\"@id\":\"https:\/\/www.uilscuolaemiliaromagna.it\/public\/er\/2022\/08\/20\/rassegna-stampa-orizzontescuola-it-obbligo-vaccinale-docenti-e-ata-daprile-uil-scuola-non-e-corretto-scaricare-le-tensioni-e-le-divisioni-sulla-scuola\/#breadcrumb\"},\"inLanguage\":\"it-IT\",\"potentialAction\":[{\"@type\":\"ReadAction\",\"target\":[\"https:\/\/www.uilscuolaemiliaromagna.it\/public\/er\/2022\/08\/20\/rassegna-stampa-orizzontescuola-it-obbligo-vaccinale-docenti-e-ata-daprile-uil-scuola-non-e-corretto-scaricare-le-tensioni-e-le-divisioni-sulla-scuola\/\"]}]},{\"@type\":\"BreadcrumbList\",\"@id\":\"https:\/\/www.uilscuolaemiliaromagna.it\/public\/er\/2022\/08\/20\/rassegna-stampa-orizzontescuola-it-obbligo-vaccinale-docenti-e-ata-daprile-uil-scuola-non-e-corretto-scaricare-le-tensioni-e-le-divisioni-sulla-scuola\/#breadcrumb\",\"itemListElement\":[{\"@type\":\"ListItem\",\"position\":1,\"name\":\"Home\",\"item\":\"https:\/\/www.uilscuolaemiliaromagna.it\/public\/er\/\"},{\"@type\":\"ListItem\",\"position\":2,\"name\":\"Rassegna stampa | Orizzontescuola.it : Obbligo vaccinale docenti e Ata, D\u2019Aprile (Uil Scuola): \u201cNon \u00e8 corretto scaricare le tensioni e le divisioni sulla scuola\u201d\"}]},{\"@type\":\"WebSite\",\"@id\":\"https:\/\/www.uilscuolaemiliaromagna.it\/public\/er\/#website\",\"url\":\"https:\/\/www.uilscuolaemiliaromagna.it\/public\/er\/\",\"name\":\"Uil Scuola Emilia Romagna\",\"description\":\"La voce libera della scuola\",\"publisher\":{\"@id\":\"https:\/\/www.uilscuolaemiliaromagna.it\/public\/er\/#organization\"},\"potentialAction\":[{\"@type\":\"SearchAction\",\"target\":{\"@type\":\"EntryPoint\",\"urlTemplate\":\"https:\/\/www.uilscuolaemiliaromagna.it\/public\/er\/?s={search_term_string}\"},\"query-input\":\"required name=search_term_string\"}],\"inLanguage\":\"it-IT\"},{\"@type\":\"Organization\",\"@id\":\"https:\/\/www.uilscuolaemiliaromagna.it\/public\/er\/#organization\",\"name\":\"Uil Scuola Emilia Romagna\",\"url\":\"https:\/\/www.uilscuolaemiliaromagna.it\/public\/er\/\",\"logo\":{\"@type\":\"ImageObject\",\"inLanguage\":\"it-IT\",\"@id\":\"https:\/\/www.uilscuolaemiliaromagna.it\/public\/er\/#\/schema\/logo\/image\/\",\"url\":\"https:\/\/www.uilscuolaemiliaromagna.it\/public\/er\/wp-content\/uploads\/2017\/04\/cropped-header.png\",\"contentUrl\":\"https:\/\/www.uilscuolaemiliaromagna.it\/public\/er\/wp-content\/uploads\/2017\/04\/cropped-header.png\",\"width\":1000,\"height\":150,\"caption\":\"Uil Scuola Emilia Romagna\"},\"image\":{\"@id\":\"https:\/\/www.uilscuolaemiliaromagna.it\/public\/er\/#\/schema\/logo\/image\/\"}},{\"@type\":\"Person\",\"@id\":\"https:\/\/www.uilscuolaemiliaromagna.it\/public\/er\/#\/schema\/person\/f42878fd07a4b6ba2b7153d4fad5de5e\",\"name\":\"admin\",\"image\":{\"@type\":\"ImageObject\",\"inLanguage\":\"it-IT\",\"@id\":\"https:\/\/www.uilscuolaemiliaromagna.it\/public\/er\/#\/schema\/person\/image\/\",\"url\":\"https:\/\/secure.gravatar.com\/avatar\/aebf815ae2f30ffdae8b8c247273d34c?s=96&d=mm&r=g\",\"contentUrl\":\"https:\/\/secure.gravatar.com\/avatar\/aebf815ae2f30ffdae8b8c247273d34c?s=96&d=mm&r=g\",\"caption\":\"admin\"},\"url\":\"https:\/\/www.uilscuolaemiliaromagna.it\/public\/er\/author\/admin\/\"}]}<\/script>\r\n<!-- \/ Yoast SEO plugin. -->","yoast_head_json":{"title":"Rassegna stampa | Orizzontescuola.it : Obbligo vaccinale docenti e Ata, D\u2019Aprile (Uil Scuola): \u201cNon \u00e8 corretto scaricare le tensioni e le divisioni sulla scuola\u201d - Uil Scuola Emilia Romagna","robots":{"index":"index","follow":"follow","max-snippet":"max-snippet:-1","max-image-preview":"max-image-preview:large","max-video-preview":"max-video-preview:-1"},"canonical":"https:\/\/www.uilscuolaemiliaromagna.it\/public\/er\/2022\/08\/20\/rassegna-stampa-orizzontescuola-it-obbligo-vaccinale-docenti-e-ata-daprile-uil-scuola-non-e-corretto-scaricare-le-tensioni-e-le-divisioni-sulla-scuola\/","og_locale":"it_IT","og_type":"article","og_title":"Rassegna stampa | Orizzontescuola.it : Obbligo vaccinale docenti e Ata, D\u2019Aprile (Uil Scuola): \u201cNon \u00e8 corretto scaricare le tensioni e le divisioni sulla scuola\u201d - Uil Scuola Emilia Romagna","og_description":"\u201cNon \u00e8 corretto scaricare le tensioni e le divisioni di un argomento cos\u00ec delicato \u2013 che riguarda la sicurezza \u2013 sul mondo della scuola\u201d. &nbsp; &hellip;","og_url":"https:\/\/www.uilscuolaemiliaromagna.it\/public\/er\/2022\/08\/20\/rassegna-stampa-orizzontescuola-it-obbligo-vaccinale-docenti-e-ata-daprile-uil-scuola-non-e-corretto-scaricare-le-tensioni-e-le-divisioni-sulla-scuola\/","og_site_name":"Uil Scuola Emilia Romagna","article_published_time":"2022-08-20T20:34:51+00:00","og_image":[{"width":150,"height":150,"url":"https:\/\/www.uilscuolaemiliaromagna.it\/public\/er\/wp-content\/uploads\/2021\/09\/classroom-2093744_1280-150x150-1.jpg","type":"image\/jpeg"}],"author":"admin","twitter_card":"summary_large_image","twitter_misc":{"Scritto da":"admin","Tempo di lettura stimato":"2 minuti"},"schema":{"@context":"https:\/\/schema.org","@graph":[{"@type":"Article","@id":"https:\/\/www.uilscuolaemiliaromagna.it\/public\/er\/2022\/08\/20\/rassegna-stampa-orizzontescuola-it-obbligo-vaccinale-docenti-e-ata-daprile-uil-scuola-non-e-corretto-scaricare-le-tensioni-e-le-divisioni-sulla-scuola\/#article","isPartOf":{"@id":"https:\/\/www.uilscuolaemiliaromagna.it\/public\/er\/2022\/08\/20\/rassegna-stampa-orizzontescuola-it-obbligo-vaccinale-docenti-e-ata-daprile-uil-scuola-non-e-corretto-scaricare-le-tensioni-e-le-divisioni-sulla-scuola\/"},"author":{"name":"admin","@id":"https:\/\/www.uilscuolaemiliaromagna.it\/public\/er\/#\/schema\/person\/f42878fd07a4b6ba2b7153d4fad5de5e"},"headline":"Rassegna stampa | Orizzontescuola.it : Obbligo vaccinale docenti e Ata, D\u2019Aprile (Uil Scuola): \u201cNon \u00e8 corretto scaricare le tensioni e le divisioni sulla scuola\u201d","datePublished":"2022-08-20T20:34:51+00:00","dateModified":"2022-08-20T20:34:51+00:00","mainEntityOfPage":{"@id":"https:\/\/www.uilscuolaemiliaromagna.it\/public\/er\/2022\/08\/20\/rassegna-stampa-orizzontescuola-it-obbligo-vaccinale-docenti-e-ata-daprile-uil-scuola-non-e-corretto-scaricare-le-tensioni-e-le-divisioni-sulla-scuola\/"},"wordCount":252,"publisher":{"@id":"https:\/\/www.uilscuolaemiliaromagna.it\/public\/er\/#organization"},"articleSection":["Notizie"],"inLanguage":"it-IT"},{"@type":"WebPage","@id":"https:\/\/www.uilscuolaemiliaromagna.it\/public\/er\/2022\/08\/20\/rassegna-stampa-orizzontescuola-it-obbligo-vaccinale-docenti-e-ata-daprile-uil-scuola-non-e-corretto-scaricare-le-tensioni-e-le-divisioni-sulla-scuola\/","url":"https:\/\/www.uilscuolaemiliaromagna.it\/public\/er\/2022\/08\/20\/rassegna-stampa-orizzontescuola-it-obbligo-vaccinale-docenti-e-ata-daprile-uil-scuola-non-e-corretto-scaricare-le-tensioni-e-le-divisioni-sulla-scuola\/","name":"Rassegna stampa | Orizzontescuola.it : Obbligo vaccinale docenti e Ata, D\u2019Aprile (Uil Scuola): \u201cNon \u00e8 corretto scaricare le tensioni e le divisioni sulla scuola\u201d - Uil Scuola Emilia Romagna","isPartOf":{"@id":"https:\/\/www.uilscuolaemiliaromagna.it\/public\/er\/#website"},"datePublished":"2022-08-20T20:34:51+00:00","dateModified":"2022-08-20T20:34:51+00:00","breadcrumb":{"@id":"https:\/\/www.uilscuolaemiliaromagna.it\/public\/er\/2022\/08\/20\/rassegna-stampa-orizzontescuola-it-obbligo-vaccinale-docenti-e-ata-daprile-uil-scuola-non-e-corretto-scaricare-le-tensioni-e-le-divisioni-sulla-scuola\/#breadcrumb"},"inLanguage":"it-IT","potentialAction":[{"@type":"ReadAction","target":["https:\/\/www.uilscuolaemiliaromagna.it\/public\/er\/2022\/08\/20\/rassegna-stampa-orizzontescuola-it-obbligo-vaccinale-docenti-e-ata-daprile-uil-scuola-non-e-corretto-scaricare-le-tensioni-e-le-divisioni-sulla-scuola\/"]}]},{"@type":"BreadcrumbList","@id":"https:\/\/www.uilscuolaemiliaromagna.it\/public\/er\/2022\/08\/20\/rassegna-stampa-orizzontescuola-it-obbligo-vaccinale-docenti-e-ata-daprile-uil-scuola-non-e-corretto-scaricare-le-tensioni-e-le-divisioni-sulla-scuola\/#breadcrumb","itemListElement":[{"@type":"ListItem","position":1,"name":"Home","item":"https:\/\/www.uilscuolaemiliaromagna.it\/public\/er\/"},{"@type":"ListItem","position":2,"name":"Rassegna stampa | Orizzontescuola.it : Obbligo vaccinale docenti e Ata, D\u2019Aprile (Uil Scuola): \u201cNon \u00e8 corretto scaricare le tensioni e le divisioni sulla scuola\u201d"}]},{"@type":"WebSite","@id":"https:\/\/www.uilscuolaemiliaromagna.it\/public\/er\/#website","url":"https:\/\/www.uilscuolaemiliaromagna.it\/public\/er\/","name":"Uil Scuola Emilia Romagna","description":"La voce libera della scuola","publisher":{"@id":"https:\/\/www.uilscuolaemiliaromagna.it\/public\/er\/#organization"},"potentialAction":[{"@type":"SearchAction","target":{"@type":"EntryPoint","urlTemplate":"https:\/\/www.uilscuolaemiliaromagna.it\/public\/er\/?s={search_term_string}"},"query-input":"required name=search_term_string"}],"inLanguage":"it-IT"},{"@type":"Organization","@id":"https:\/\/www.uilscuolaemiliaromagna.it\/public\/er\/#organization","name":"Uil Scuola Emilia Romagna","url":"https:\/\/www.uilscuolaemiliaromagna.it\/public\/er\/","logo":{"@type":"ImageObject","inLanguage":"it-IT","@id":"https:\/\/www.uilscuolaemiliaromagna.it\/public\/er\/#\/schema\/logo\/image\/","url":"https:\/\/www.uilscuolaemiliaromagna.it\/public\/er\/wp-content\/uploads\/2017\/04\/cropped-header.png","contentUrl":"https:\/\/www.uilscuolaemiliaromagna.it\/public\/er\/wp-content\/uploads\/2017\/04\/cropped-header.png","width":1000,"height":150,"caption":"Uil Scuola Emilia Romagna"},"image":{"@id":"https:\/\/www.uilscuolaemiliaromagna.it\/public\/er\/#\/schema\/logo\/image\/"}},{"@type":"Person","@id":"https:\/\/www.uilscuolaemiliaromagna.it\/public\/er\/#\/schema\/person\/f42878fd07a4b6ba2b7153d4fad5de5e","name":"admin","image":{"@type":"ImageObject","inLanguage":"it-IT","@id":"https:\/\/www.uilscuolaemiliaromagna.it\/public\/er\/#\/schema\/person\/image\/","url":"https:\/\/secure.gravatar.com\/avatar\/aebf815ae2f30ffdae8b8c247273d34c?s=96&d=mm&r=g","contentUrl":"https:\/\/secure.gravatar.com\/avatar\/aebf815ae2f30ffdae8b8c247273d34c?s=96&d=mm&r=g","caption":"admin"},"url":"https:\/\/www.uilscuolaemiliaromagna.it\/public\/er\/author\/admin\/"}]}},"views":795,"_links":{"self":[{"href":"https:\/\/www.uilscuolaemiliaromagna.it\/public\/er\/wp-json\/wp\/v2\/posts\/10347"}],"collection":[{"href":"https:\/\/www.uilscuolaemiliaromagna.it\/public\/er\/wp-json\/wp\/v2\/posts"}],"about":[{"href":"https:\/\/www.uilscuolaemiliaromagna.it\/public\/er\/wp-json\/wp\/v2\/types\/post"}],"author":[{"embeddable":true,"href":"https:\/\/www.uilscuolaemiliaromagna.it\/public\/er\/wp-json\/wp\/v2\/users\/1"}],"replies":[{"embeddable":true,"href":"https:\/\/www.uilscuolaemiliaromagna.it\/public\/er\/wp-json\/wp\/v2\/comments?post=10347"}],"version-history":[{"count":2,"href":"https:\/\/www.uilscuolaemiliaromagna.it\/public\/er\/wp-json\/wp\/v2\/posts\/10347\/revisions"}],"predecessor-version":[{"id":10350,"href":"https:\/\/www.uilscuolaemiliaromagna.it\/public\/er\/wp-json\/wp\/v2\/posts\/10347\/revisions\/10350"}],"wp:featuredmedia":[{"embeddable":true,"href":"https:\/\/www.uilscuolaemiliaromagna.it\/public\/er\/wp-json\/wp\/v2\/media\/8828"}],"wp:attachment":[{"href":"https:\/\/www.uilscuolaemiliaromagna.it\/public\/er\/wp-json\/wp\/v2\/media?parent=10347"}],"wp:term":[{"taxonomy":"category","embeddable":true,"href":"https:\/\/www.uilscuolaemiliaromagna.it\/public\/er\/wp-json\/wp\/v2\/categories?post=10347"},{"taxonomy":"post_tag","embeddable":true,"href":"https:\/\/www.uilscuolaemiliaromagna.it\/public\/er\/wp-json\/wp\/v2\/tags?post=10347"}],"curies":[{"name":"wp","href":"https:\/\/api.w.org\/{rel}","templated":true}]}}