{"id":1040,"date":"2016-11-14T16:46:06","date_gmt":"2016-11-14T15:46:06","guid":{"rendered":"http:\/\/www.uilscuolaemiliaromagna.it\/public\/er\/?p=1040"},"modified":"2016-11-16T16:47:44","modified_gmt":"2016-11-16T15:47:44","slug":"incontri-al-miur-reti-di-scuole-le-reti-di-ambito-non-sono-obbligatorie","status":"publish","type":"post","link":"https:\/\/www.uilscuolaemiliaromagna.it\/public\/er\/2016\/11\/14\/incontri-al-miur-reti-di-scuole-le-reti-di-ambito-non-sono-obbligatorie\/","title":{"rendered":"Incontri al Miur | Reti di scuole : Le &#8216;reti di ambito&#8217; non sono obbligatorie"},"content":{"rendered":"<p>La struttura amministrativa non pu\u00f2 &#8216;forzare&#8217; l&#8217;autonomia scolastica<\/p>\n<div class=\"testoNotiziaInterna\">\n<p style=\"text-align: justify;\">Il14 novembre 2016, su richiesta delle organizzazioni sindacali, si \u00e8 svolto un incontro col Miur per fare il punto sulla costituzione delle reti.<br \/>\nAncora una volta, \u00a0abbiamo avuto la riprova che \u00e8 in atto un tentativo per condizionare la libert\u00e0 e le scelte delle Scuole, con un&#8217;inaccettabile <em>forzatura<\/em> che, taluni USR ed uffici periferici, stanno operando sulle scelte delle singole scuole.<br \/>\nIl problema nasce dal fatto che gli Uffici scolastici territoriali stanno disattendendo le indicazioni che il Miur ha fornito con la nota 2261 del 22.06.2016 dopo il confronto con i sindacati.<br \/>\nLa nota prevede che le prime indicazioni sulla costituzione delle reti di scuola, elaborate da un gruppo di lavoro istituito dal Miur, avevano il solo fine di produrre un documento di riflessione e un contributo per supportare gli Uffici scolastici regionali e non un atto cogente finalizzato all&#8217;attivazione delle reti di scuole, secondo procedure burocratiche.<br \/>\nAl contrario, nella realt\u00e0, sui territori tale indirizzo si sta trasformando in un procedimento percepito come obbligatorio dalla legge 107\/2016, verso le reti di ambito, da noi considerate inutili sovrastrutture burocratiche, nella misura in cui non sono costituite sui bisogni condivisi delle scuole che si vogliono mettere in rete.<br \/>\nLa UIL scuola ha ribadito che la Legge 107\/15 non prevede nessun obbligo per la costituzione di reti di ambito, ma prevede \u00a0solo una opportunit\u00e0 organizzativa.<br \/>\nPertanto, tutte le determinazioni assunte a livello territoriale, in contrasto con questo principio, costituiscono una illegittima forzatura normativa, a danno delle scuole dell&#8217;autonomia che devono scegliere in autonomia, attraverso le libere determinazioni degli Organi Collegiali all&#8217;uopo deputate.<br \/>\nIl Miur, a seguito del confronto con i sindacati, ha dovuto condividere l&#8217;impostazione e il quadro giuridico di riferimento e si \u00e8 impegnato a chiarire come, sia nel caso delle attivit\u00e0 di formazione e dei relativi finanziamenti, \u00a0che per la valutazione dei dirigenti, non sia obbligatoria la costituzione di reti di ambito ma la gestione concreta pu\u00f2 essere ricondotta a qualsiasi forma di &#8220;rete&#8221;, costituita in base all&#8217;autonoma scelta delle scuole stesse.<br \/>\nAnalogamente per le reti di scopo, queste possono costituirsi sulla base degli obiettivi condivisi e delle risorse di personale presenti nella rete, necessarie per realizzare gli scopi per cui la rete si costituisce.<\/p>\n<p><strong>Organico dell&#8217;autonomia<\/strong><br \/>\n<strong>Nel corso dell&#8217;incontro sono stati affrontati alcuni aspetti sull&#8217;utilizzo dell&#8217;organico dell&#8217;autonomia.<\/strong><br \/>\n<strong> L&#8217;amministrazione ha manifestato l&#8217;orientamento ad emanare delle FAQ di chiarimento.<\/strong><br \/>\n<strong> I sindacati hanno invece espresso la necessit\u00e0 di approfondire le diverse tematiche ed inquadrarle in un impianto normativo pi\u00f9 ampio, che possa costituire un supporto all&#8217;attivit\u00e0 di programmazione e di gestione delle scuole.<\/strong><br \/>\n<strong> I sindacati si sono riservati di trasmettere ulteriori osservazioni e contributi di chiarimento.<\/strong><br \/>\n<strong> Per la UIL hanno partecipato Ranieri e Proietti.<\/strong><\/p>\n<\/div>\n\n<div class=\"twitter-share\"><a href=\"https:\/\/twitter.com\/intent\/tweet?via=UILScuolaBO_ER\" class=\"twitter-share-button\" data-size=\"large\">Tweet<\/a><\/div>\n","protected":false},"excerpt":{"rendered":"<p>La struttura amministrativa non pu\u00f2 &#8216;forzare&#8217; l&#8217;autonomia scolastica Il14 novembre 2016, su richiesta delle organizzazioni sindacali, si \u00e8 svolto un incontro col Miur per fare &hellip; <\/p>\n","protected":false},"author":1,"featured_media":0,"comment_status":"closed","ping_status":"open","sticky":false,"template":"","format":"standard","meta":{"footnotes":""},"categories":[12],"tags":[],"yoast_head":"<!-- This site is optimized with the Yoast SEO plugin v21.7 - https:\/\/yoast.com\/wordpress\/plugins\/seo\/ -->\r\n<title>Incontri al Miur | Reti di scuole : Le &#039;reti di ambito&#039; non sono obbligatorie - Uil Scuola Emilia Romagna<\/title>\r\n<meta name=\"robots\" content=\"index, follow, max-snippet:-1, max-image-preview:large, max-video-preview:-1\" \/>\r\n<link rel=\"canonical\" href=\"https:\/\/www.uilscuolaemiliaromagna.it\/public\/er\/2016\/11\/14\/incontri-al-miur-reti-di-scuole-le-reti-di-ambito-non-sono-obbligatorie\/\" \/>\r\n<meta property=\"og:locale\" content=\"it_IT\" \/>\r\n<meta property=\"og:type\" content=\"article\" \/>\r\n<meta property=\"og:title\" content=\"Incontri al Miur | Reti di scuole : Le &#039;reti di ambito&#039; non sono obbligatorie - Uil Scuola Emilia Romagna\" \/>\r\n<meta property=\"og:description\" content=\"La struttura amministrativa non pu\u00f2 &#8216;forzare&#8217; l&#8217;autonomia scolastica Il14 novembre 2016, su richiesta delle organizzazioni sindacali, si \u00e8 svolto un incontro col Miur per fare &hellip;\" \/>\r\n<meta property=\"og:url\" content=\"https:\/\/www.uilscuolaemiliaromagna.it\/public\/er\/2016\/11\/14\/incontri-al-miur-reti-di-scuole-le-reti-di-ambito-non-sono-obbligatorie\/\" \/>\r\n<meta property=\"og:site_name\" content=\"Uil Scuola Emilia Romagna\" \/>\r\n<meta property=\"article:published_time\" content=\"2016-11-14T15:46:06+00:00\" \/>\r\n<meta property=\"article:modified_time\" content=\"2016-11-16T15:47:44+00:00\" \/>\r\n<meta name=\"author\" content=\"admin\" \/>\r\n<meta name=\"twitter:card\" content=\"summary_large_image\" \/>\r\n<meta name=\"twitter:label1\" content=\"Scritto da\" \/>\n\t<meta name=\"twitter:data1\" content=\"admin\" \/>\n\t<meta name=\"twitter:label2\" content=\"Tempo di lettura stimato\" \/>\n\t<meta name=\"twitter:data2\" content=\"2 minuti\" \/>\r\n<script type=\"application\/ld+json\" class=\"yoast-schema-graph\">{\"@context\":\"https:\/\/schema.org\",\"@graph\":[{\"@type\":\"Article\",\"@id\":\"https:\/\/www.uilscuolaemiliaromagna.it\/public\/er\/2016\/11\/14\/incontri-al-miur-reti-di-scuole-le-reti-di-ambito-non-sono-obbligatorie\/#article\",\"isPartOf\":{\"@id\":\"https:\/\/www.uilscuolaemiliaromagna.it\/public\/er\/2016\/11\/14\/incontri-al-miur-reti-di-scuole-le-reti-di-ambito-non-sono-obbligatorie\/\"},\"author\":{\"name\":\"admin\",\"@id\":\"https:\/\/www.uilscuolaemiliaromagna.it\/public\/er\/#\/schema\/person\/f42878fd07a4b6ba2b7153d4fad5de5e\"},\"headline\":\"Incontri al Miur | Reti di scuole : Le &#8216;reti di ambito&#8217; non sono obbligatorie\",\"datePublished\":\"2016-11-14T15:46:06+00:00\",\"dateModified\":\"2016-11-16T15:47:44+00:00\",\"mainEntityOfPage\":{\"@id\":\"https:\/\/www.uilscuolaemiliaromagna.it\/public\/er\/2016\/11\/14\/incontri-al-miur-reti-di-scuole-le-reti-di-ambito-non-sono-obbligatorie\/\"},\"wordCount\":454,\"publisher\":{\"@id\":\"https:\/\/www.uilscuolaemiliaromagna.it\/public\/er\/#organization\"},\"articleSection\":[\"Notizie\"],\"inLanguage\":\"it-IT\"},{\"@type\":\"WebPage\",\"@id\":\"https:\/\/www.uilscuolaemiliaromagna.it\/public\/er\/2016\/11\/14\/incontri-al-miur-reti-di-scuole-le-reti-di-ambito-non-sono-obbligatorie\/\",\"url\":\"https:\/\/www.uilscuolaemiliaromagna.it\/public\/er\/2016\/11\/14\/incontri-al-miur-reti-di-scuole-le-reti-di-ambito-non-sono-obbligatorie\/\",\"name\":\"Incontri al Miur | Reti di scuole : Le 'reti di ambito' non sono obbligatorie - Uil Scuola Emilia Romagna\",\"isPartOf\":{\"@id\":\"https:\/\/www.uilscuolaemiliaromagna.it\/public\/er\/#website\"},\"datePublished\":\"2016-11-14T15:46:06+00:00\",\"dateModified\":\"2016-11-16T15:47:44+00:00\",\"breadcrumb\":{\"@id\":\"https:\/\/www.uilscuolaemiliaromagna.it\/public\/er\/2016\/11\/14\/incontri-al-miur-reti-di-scuole-le-reti-di-ambito-non-sono-obbligatorie\/#breadcrumb\"},\"inLanguage\":\"it-IT\",\"potentialAction\":[{\"@type\":\"ReadAction\",\"target\":[\"https:\/\/www.uilscuolaemiliaromagna.it\/public\/er\/2016\/11\/14\/incontri-al-miur-reti-di-scuole-le-reti-di-ambito-non-sono-obbligatorie\/\"]}]},{\"@type\":\"BreadcrumbList\",\"@id\":\"https:\/\/www.uilscuolaemiliaromagna.it\/public\/er\/2016\/11\/14\/incontri-al-miur-reti-di-scuole-le-reti-di-ambito-non-sono-obbligatorie\/#breadcrumb\",\"itemListElement\":[{\"@type\":\"ListItem\",\"position\":1,\"name\":\"Home\",\"item\":\"https:\/\/www.uilscuolaemiliaromagna.it\/public\/er\/\"},{\"@type\":\"ListItem\",\"position\":2,\"name\":\"Incontri al Miur | Reti di scuole : Le &#8216;reti di ambito&#8217; non sono obbligatorie\"}]},{\"@type\":\"WebSite\",\"@id\":\"https:\/\/www.uilscuolaemiliaromagna.it\/public\/er\/#website\",\"url\":\"https:\/\/www.uilscuolaemiliaromagna.it\/public\/er\/\",\"name\":\"Uil Scuola Emilia Romagna\",\"description\":\"La voce libera della scuola\",\"publisher\":{\"@id\":\"https:\/\/www.uilscuolaemiliaromagna.it\/public\/er\/#organization\"},\"potentialAction\":[{\"@type\":\"SearchAction\",\"target\":{\"@type\":\"EntryPoint\",\"urlTemplate\":\"https:\/\/www.uilscuolaemiliaromagna.it\/public\/er\/?s={search_term_string}\"},\"query-input\":\"required name=search_term_string\"}],\"inLanguage\":\"it-IT\"},{\"@type\":\"Organization\",\"@id\":\"https:\/\/www.uilscuolaemiliaromagna.it\/public\/er\/#organization\",\"name\":\"Uil Scuola Emilia Romagna\",\"url\":\"https:\/\/www.uilscuolaemiliaromagna.it\/public\/er\/\",\"logo\":{\"@type\":\"ImageObject\",\"inLanguage\":\"it-IT\",\"@id\":\"https:\/\/www.uilscuolaemiliaromagna.it\/public\/er\/#\/schema\/logo\/image\/\",\"url\":\"https:\/\/www.uilscuolaemiliaromagna.it\/public\/er\/wp-content\/uploads\/2017\/04\/cropped-header.png\",\"contentUrl\":\"https:\/\/www.uilscuolaemiliaromagna.it\/public\/er\/wp-content\/uploads\/2017\/04\/cropped-header.png\",\"width\":1000,\"height\":150,\"caption\":\"Uil Scuola Emilia Romagna\"},\"image\":{\"@id\":\"https:\/\/www.uilscuolaemiliaromagna.it\/public\/er\/#\/schema\/logo\/image\/\"}},{\"@type\":\"Person\",\"@id\":\"https:\/\/www.uilscuolaemiliaromagna.it\/public\/er\/#\/schema\/person\/f42878fd07a4b6ba2b7153d4fad5de5e\",\"name\":\"admin\",\"image\":{\"@type\":\"ImageObject\",\"inLanguage\":\"it-IT\",\"@id\":\"https:\/\/www.uilscuolaemiliaromagna.it\/public\/er\/#\/schema\/person\/image\/\",\"url\":\"https:\/\/secure.gravatar.com\/avatar\/aebf815ae2f30ffdae8b8c247273d34c?s=96&d=mm&r=g\",\"contentUrl\":\"https:\/\/secure.gravatar.com\/avatar\/aebf815ae2f30ffdae8b8c247273d34c?s=96&d=mm&r=g\",\"caption\":\"admin\"},\"url\":\"https:\/\/www.uilscuolaemiliaromagna.it\/public\/er\/author\/admin\/\"}]}<\/script>\r\n<!-- \/ Yoast SEO plugin. -->","yoast_head_json":{"title":"Incontri al Miur | Reti di scuole : Le 'reti di ambito' non sono obbligatorie - Uil Scuola Emilia Romagna","robots":{"index":"index","follow":"follow","max-snippet":"max-snippet:-1","max-image-preview":"max-image-preview:large","max-video-preview":"max-video-preview:-1"},"canonical":"https:\/\/www.uilscuolaemiliaromagna.it\/public\/er\/2016\/11\/14\/incontri-al-miur-reti-di-scuole-le-reti-di-ambito-non-sono-obbligatorie\/","og_locale":"it_IT","og_type":"article","og_title":"Incontri al Miur | Reti di scuole : Le 'reti di ambito' non sono obbligatorie - Uil Scuola Emilia Romagna","og_description":"La struttura amministrativa non pu\u00f2 &#8216;forzare&#8217; l&#8217;autonomia scolastica Il14 novembre 2016, su richiesta delle organizzazioni sindacali, si \u00e8 svolto un incontro col Miur per fare &hellip;","og_url":"https:\/\/www.uilscuolaemiliaromagna.it\/public\/er\/2016\/11\/14\/incontri-al-miur-reti-di-scuole-le-reti-di-ambito-non-sono-obbligatorie\/","og_site_name":"Uil Scuola Emilia Romagna","article_published_time":"2016-11-14T15:46:06+00:00","article_modified_time":"2016-11-16T15:47:44+00:00","author":"admin","twitter_card":"summary_large_image","twitter_misc":{"Scritto da":"admin","Tempo di lettura stimato":"2 minuti"},"schema":{"@context":"https:\/\/schema.org","@graph":[{"@type":"Article","@id":"https:\/\/www.uilscuolaemiliaromagna.it\/public\/er\/2016\/11\/14\/incontri-al-miur-reti-di-scuole-le-reti-di-ambito-non-sono-obbligatorie\/#article","isPartOf":{"@id":"https:\/\/www.uilscuolaemiliaromagna.it\/public\/er\/2016\/11\/14\/incontri-al-miur-reti-di-scuole-le-reti-di-ambito-non-sono-obbligatorie\/"},"author":{"name":"admin","@id":"https:\/\/www.uilscuolaemiliaromagna.it\/public\/er\/#\/schema\/person\/f42878fd07a4b6ba2b7153d4fad5de5e"},"headline":"Incontri al Miur | Reti di scuole : Le &#8216;reti di ambito&#8217; non sono obbligatorie","datePublished":"2016-11-14T15:46:06+00:00","dateModified":"2016-11-16T15:47:44+00:00","mainEntityOfPage":{"@id":"https:\/\/www.uilscuolaemiliaromagna.it\/public\/er\/2016\/11\/14\/incontri-al-miur-reti-di-scuole-le-reti-di-ambito-non-sono-obbligatorie\/"},"wordCount":454,"publisher":{"@id":"https:\/\/www.uilscuolaemiliaromagna.it\/public\/er\/#organization"},"articleSection":["Notizie"],"inLanguage":"it-IT"},{"@type":"WebPage","@id":"https:\/\/www.uilscuolaemiliaromagna.it\/public\/er\/2016\/11\/14\/incontri-al-miur-reti-di-scuole-le-reti-di-ambito-non-sono-obbligatorie\/","url":"https:\/\/www.uilscuolaemiliaromagna.it\/public\/er\/2016\/11\/14\/incontri-al-miur-reti-di-scuole-le-reti-di-ambito-non-sono-obbligatorie\/","name":"Incontri al Miur | Reti di scuole : Le 'reti di ambito' non sono obbligatorie - Uil Scuola Emilia Romagna","isPartOf":{"@id":"https:\/\/www.uilscuolaemiliaromagna.it\/public\/er\/#website"},"datePublished":"2016-11-14T15:46:06+00:00","dateModified":"2016-11-16T15:47:44+00:00","breadcrumb":{"@id":"https:\/\/www.uilscuolaemiliaromagna.it\/public\/er\/2016\/11\/14\/incontri-al-miur-reti-di-scuole-le-reti-di-ambito-non-sono-obbligatorie\/#breadcrumb"},"inLanguage":"it-IT","potentialAction":[{"@type":"ReadAction","target":["https:\/\/www.uilscuolaemiliaromagna.it\/public\/er\/2016\/11\/14\/incontri-al-miur-reti-di-scuole-le-reti-di-ambito-non-sono-obbligatorie\/"]}]},{"@type":"BreadcrumbList","@id":"https:\/\/www.uilscuolaemiliaromagna.it\/public\/er\/2016\/11\/14\/incontri-al-miur-reti-di-scuole-le-reti-di-ambito-non-sono-obbligatorie\/#breadcrumb","itemListElement":[{"@type":"ListItem","position":1,"name":"Home","item":"https:\/\/www.uilscuolaemiliaromagna.it\/public\/er\/"},{"@type":"ListItem","position":2,"name":"Incontri al Miur | Reti di scuole : Le &#8216;reti di ambito&#8217; non sono obbligatorie"}]},{"@type":"WebSite","@id":"https:\/\/www.uilscuolaemiliaromagna.it\/public\/er\/#website","url":"https:\/\/www.uilscuolaemiliaromagna.it\/public\/er\/","name":"Uil Scuola Emilia Romagna","description":"La voce libera della scuola","publisher":{"@id":"https:\/\/www.uilscuolaemiliaromagna.it\/public\/er\/#organization"},"potentialAction":[{"@type":"SearchAction","target":{"@type":"EntryPoint","urlTemplate":"https:\/\/www.uilscuolaemiliaromagna.it\/public\/er\/?s={search_term_string}"},"query-input":"required name=search_term_string"}],"inLanguage":"it-IT"},{"@type":"Organization","@id":"https:\/\/www.uilscuolaemiliaromagna.it\/public\/er\/#organization","name":"Uil Scuola Emilia Romagna","url":"https:\/\/www.uilscuolaemiliaromagna.it\/public\/er\/","logo":{"@type":"ImageObject","inLanguage":"it-IT","@id":"https:\/\/www.uilscuolaemiliaromagna.it\/public\/er\/#\/schema\/logo\/image\/","url":"https:\/\/www.uilscuolaemiliaromagna.it\/public\/er\/wp-content\/uploads\/2017\/04\/cropped-header.png","contentUrl":"https:\/\/www.uilscuolaemiliaromagna.it\/public\/er\/wp-content\/uploads\/2017\/04\/cropped-header.png","width":1000,"height":150,"caption":"Uil Scuola Emilia Romagna"},"image":{"@id":"https:\/\/www.uilscuolaemiliaromagna.it\/public\/er\/#\/schema\/logo\/image\/"}},{"@type":"Person","@id":"https:\/\/www.uilscuolaemiliaromagna.it\/public\/er\/#\/schema\/person\/f42878fd07a4b6ba2b7153d4fad5de5e","name":"admin","image":{"@type":"ImageObject","inLanguage":"it-IT","@id":"https:\/\/www.uilscuolaemiliaromagna.it\/public\/er\/#\/schema\/person\/image\/","url":"https:\/\/secure.gravatar.com\/avatar\/aebf815ae2f30ffdae8b8c247273d34c?s=96&d=mm&r=g","contentUrl":"https:\/\/secure.gravatar.com\/avatar\/aebf815ae2f30ffdae8b8c247273d34c?s=96&d=mm&r=g","caption":"admin"},"url":"https:\/\/www.uilscuolaemiliaromagna.it\/public\/er\/author\/admin\/"}]}},"views":1550,"_links":{"self":[{"href":"https:\/\/www.uilscuolaemiliaromagna.it\/public\/er\/wp-json\/wp\/v2\/posts\/1040"}],"collection":[{"href":"https:\/\/www.uilscuolaemiliaromagna.it\/public\/er\/wp-json\/wp\/v2\/posts"}],"about":[{"href":"https:\/\/www.uilscuolaemiliaromagna.it\/public\/er\/wp-json\/wp\/v2\/types\/post"}],"author":[{"embeddable":true,"href":"https:\/\/www.uilscuolaemiliaromagna.it\/public\/er\/wp-json\/wp\/v2\/users\/1"}],"replies":[{"embeddable":true,"href":"https:\/\/www.uilscuolaemiliaromagna.it\/public\/er\/wp-json\/wp\/v2\/comments?post=1040"}],"version-history":[{"count":1,"href":"https:\/\/www.uilscuolaemiliaromagna.it\/public\/er\/wp-json\/wp\/v2\/posts\/1040\/revisions"}],"predecessor-version":[{"id":1041,"href":"https:\/\/www.uilscuolaemiliaromagna.it\/public\/er\/wp-json\/wp\/v2\/posts\/1040\/revisions\/1041"}],"wp:attachment":[{"href":"https:\/\/www.uilscuolaemiliaromagna.it\/public\/er\/wp-json\/wp\/v2\/media?parent=1040"}],"wp:term":[{"taxonomy":"category","embeddable":true,"href":"https:\/\/www.uilscuolaemiliaromagna.it\/public\/er\/wp-json\/wp\/v2\/categories?post=1040"},{"taxonomy":"post_tag","embeddable":true,"href":"https:\/\/www.uilscuolaemiliaromagna.it\/public\/er\/wp-json\/wp\/v2\/tags?post=1040"}],"curies":[{"name":"wp","href":"https:\/\/api.w.org\/{rel}","templated":true}]}}