{"id":10413,"date":"2022-09-05T23:19:25","date_gmt":"2022-09-05T21:19:25","guid":{"rendered":"http:\/\/www.uilscuolaemiliaromagna.it\/public\/er\/?p=10413"},"modified":"2022-09-06T12:25:01","modified_gmt":"2022-09-06T10:25:01","slug":"previdenza-pensioni-2023-pronta-la-bozza-di-decreto","status":"publish","type":"post","link":"https:\/\/www.uilscuolaemiliaromagna.it\/public\/er\/2022\/09\/05\/previdenza-pensioni-2023-pronta-la-bozza-di-decreto\/","title":{"rendered":"PREVIDENZA | PENSIONI 2023: pronta la bozza di decreto"},"content":{"rendered":"<h4 style=\"text-align: justify;\"><em>Presto le indicazioni operative.\u00a0<\/em><em>Le domande, on line,\u00a0<strong><u>probabilmente\u00a0<\/u><\/strong>gi\u00e0 dal prossimo\u00a0<strong>19 settembre con s<\/strong><strong>cadenza il 21 ottobre 2022<\/strong><\/em><\/h4>\n<p style=\"text-align: justify;\"><strong>Pensionamenti del personale della scuola per il prossimo anno scolastico<\/strong>: \u00e8 questo il tema della riunione di oggi pomeriggio tra sindacati scuola e MI e delegazione INPS per il personale che intende andare in pensione dal prossimo anno scolastico.<\/p>\n<p style=\"text-align: justify;\"><strong>Pronta la bozza di decreto con le indicazioni operative<\/strong>\u00a0per la cessazione dal servizio del personale scolastico a partire dal 1\u00b0 settembre 2023, completo delle indicazioni operative:<\/p>\n<ul style=\"text-align: justify;\">\n<li>si fissa il termine per la cessazione di tutto il personale della scuola al 21 ottobre 2022, con facolt\u00e0 di revocare le istanze prodotte entro lo stesso termine del 21 ottobre 2022. Sono esclusi i dirigenti scolastici che potranno, come ogni anno, presentare la domanda di cessazione entro il 28 febbraio 2023;<\/li>\n<li>le richieste andranno inoltrate attraverso il sistema POLIS.<\/li>\n<\/ul>\n<p style=\"text-align: justify;\">La UIL Scuola ha chiesto un\u00a0<strong>termine pi\u00f9 adeguato per la presentazione delle domande di pensionamento<\/strong>, dato che \u2013 presentate con cos\u00ec largo anticipo \u2013 non hanno alcuna influenza sull\u2019organizzazione del calendario relativo ai movimenti dei docenti e neppure alle immissioni in ruolo per l\u2019a.s. 2023\/24.<\/p>\n<p style=\"text-align: justify;\">La UIL SCUOLA ha fatto notare come\u00a0<strong>le segreterie \u2013 su cui pesa tutta la procedura \u2013 non hanno ancora l\u2019organico al completo<\/strong>, con nomine rinviate o legate a procedure di assegnazione del personale precario. Questa situazione oggettiva \u00e8 causa del ritardo nella produzione degli atti che servono alla liquidazione delle pensioni (decreti di computo, di riscatto, di ricongiunzione). Operazioni delicate che potrebbero portare ad errori nella formulazione e nel calcolo delle pensioni relativamente all\u2019ultimo miglio.<\/p>\n<p style=\"text-align: justify;\">Se ogni anno\u00a0<strong>il quadro normativo \u00e8 incerto \u2013 ha aggiunto la UIL Scuola \u2013<\/strong>\u00a0perch\u00e9 legato alle modifiche che potrebbero essere apportate alla materia pensionistica dalla Legge di Bilancio, questo anno il clima \u00e8 ancora pi\u00f9 difficile da interpretare perch\u00e9 legato alle elezioni politiche del 25 settembre.<\/p>\n<p style=\"text-align: justify;\"><strong>Come UIL Scuola abbiamo chiesto all\u2019INPS<\/strong>\u00a0la definizione degli atti certificativi del diritto a pensione entro la scadenza del termine della revoca della domanda, che sia data al personale della scuola la possibilit\u00e0, nel caso ne fossero in possesso, di indicare un\u2019altra modalit\u00e0 di dimissioni. E\u2019 il caso di chi volesse fare domande per l\u2019opzione donna. Questa richiesta, l\u2019INPS, ha risposto di non poterla soddisfare.<\/p>\n<p style=\"text-align: justify;\">L\u2019Amministrazione, visto il brevissimo preavviso con cui ha convocato questo incontro, oltre a prendere atto dei rilievi eccepiti, si \u00e8 impegnata ad attendere eventuali altri indicazioni da parte dei sindacati e poi di convocare un nuovo incontro in cui illustrer\u00e0 una bozza con i termini per la presentazione delle istanze di cessazione aggiornati.<\/p>\n<p style=\"text-align: justify;\"><strong>L\u2019apertura delle aree telematiche<\/strong>\u00a0per la presentazione delle domande sar\u00e0 disponibile, e quindi operativa, a partire,\u00a0<strong>con ogni probabilit\u00e0, dal 19 settembre 2022<\/strong>. Anche di questo aspetto, sar\u00e0 fornita comunicazione ufficiale.<\/p>\n<p style=\"text-align: justify;\">La UIL Scuola ha ribadito l\u2019esigenza di riconsiderare l\u2019intera materia del trattamento pensionistico del personale scolastico con\u00a0<strong>maggiore riguardo non solo alla tempistica (scadenza, adempimenti),<\/strong>\u00a0ma anche con un\u2019attenzione specifica ai livelli di professionalit\u00e0 del personale amministrativo delle scuole a cui \u00e8 stato demandato un adempimento molto impegnativo senza neanche la dovuta formazione specialistica.<\/p>\n<p style=\"text-align: justify;\">Per la UIL Scuola erano presenti Francesco Sciandrone ed Enrico Bianchi.<br \/>\nL\u2019Amministrazione \u00e8 stata rappresentata dal Direttore Generale del Personale, dott. Filippo Serra.<\/p>\n<p>&nbsp;<\/p>\n<h6>fonte:\u00a0<a href=\"https:\/\/uilscuola.it\/pensioni-2023-pronta-la-bozza-di-decreto\/\" target=\"_blank\" rel=\"noopener noreferrer\">uilscuola.it<\/a><\/h6>\n\n<div class=\"twitter-share\"><a href=\"https:\/\/twitter.com\/intent\/tweet?via=UILScuolaBO_ER\" class=\"twitter-share-button\" data-size=\"large\">Tweet<\/a><\/div>\n","protected":false},"excerpt":{"rendered":"<p>Presto le indicazioni operative.\u00a0Le domande, on line,\u00a0probabilmente\u00a0gi\u00e0 dal prossimo\u00a019 settembre con scadenza il 21 ottobre 2022 Pensionamenti del personale della scuola per il prossimo anno &hellip; <\/p>\n","protected":false},"author":1,"featured_media":6812,"comment_status":"closed","ping_status":"open","sticky":false,"template":"","format":"standard","meta":{"footnotes":""},"categories":[12],"tags":[],"yoast_head":"<!-- This site is optimized with the Yoast SEO plugin v21.7 - https:\/\/yoast.com\/wordpress\/plugins\/seo\/ -->\r\n<title>PREVIDENZA | PENSIONI 2023: pronta la bozza di decreto - Uil Scuola Emilia Romagna<\/title>\r\n<meta name=\"robots\" content=\"index, follow, max-snippet:-1, max-image-preview:large, max-video-preview:-1\" \/>\r\n<link rel=\"canonical\" href=\"https:\/\/www.uilscuolaemiliaromagna.it\/public\/er\/2022\/09\/05\/previdenza-pensioni-2023-pronta-la-bozza-di-decreto\/\" \/>\r\n<meta property=\"og:locale\" content=\"it_IT\" \/>\r\n<meta property=\"og:type\" content=\"article\" \/>\r\n<meta property=\"og:title\" content=\"PREVIDENZA | PENSIONI 2023: pronta la bozza di decreto - Uil Scuola Emilia Romagna\" \/>\r\n<meta property=\"og:description\" content=\"Presto le indicazioni operative.\u00a0Le domande, on line,\u00a0probabilmente\u00a0gi\u00e0 dal prossimo\u00a019 settembre con scadenza il 21 ottobre 2022 Pensionamenti del personale della scuola per il prossimo anno &hellip;\" \/>\r\n<meta property=\"og:url\" content=\"https:\/\/www.uilscuolaemiliaromagna.it\/public\/er\/2022\/09\/05\/previdenza-pensioni-2023-pronta-la-bozza-di-decreto\/\" \/>\r\n<meta property=\"og:site_name\" content=\"Uil Scuola Emilia Romagna\" \/>\r\n<meta property=\"article:published_time\" content=\"2022-09-05T21:19:25+00:00\" \/>\r\n<meta property=\"article:modified_time\" content=\"2022-09-06T10:25:01+00:00\" \/>\r\n<meta property=\"og:image\" content=\"https:\/\/www.uilscuolaemiliaromagna.it\/public\/er\/wp-content\/uploads\/2020\/10\/ata-2.jpg\" \/>\r\n\t<meta property=\"og:image:width\" content=\"799\" \/>\r\n\t<meta property=\"og:image:height\" content=\"500\" \/>\r\n\t<meta property=\"og:image:type\" content=\"image\/jpeg\" \/>\r\n<meta name=\"author\" content=\"admin\" \/>\r\n<meta name=\"twitter:card\" content=\"summary_large_image\" \/>\r\n<meta name=\"twitter:label1\" content=\"Scritto da\" \/>\n\t<meta name=\"twitter:data1\" content=\"admin\" \/>\n\t<meta name=\"twitter:label2\" content=\"Tempo di lettura stimato\" \/>\n\t<meta name=\"twitter:data2\" content=\"3 minuti\" \/>\r\n<script type=\"application\/ld+json\" class=\"yoast-schema-graph\">{\"@context\":\"https:\/\/schema.org\",\"@graph\":[{\"@type\":\"Article\",\"@id\":\"https:\/\/www.uilscuolaemiliaromagna.it\/public\/er\/2022\/09\/05\/previdenza-pensioni-2023-pronta-la-bozza-di-decreto\/#article\",\"isPartOf\":{\"@id\":\"https:\/\/www.uilscuolaemiliaromagna.it\/public\/er\/2022\/09\/05\/previdenza-pensioni-2023-pronta-la-bozza-di-decreto\/\"},\"author\":{\"name\":\"admin\",\"@id\":\"https:\/\/www.uilscuolaemiliaromagna.it\/public\/er\/#\/schema\/person\/f42878fd07a4b6ba2b7153d4fad5de5e\"},\"headline\":\"PREVIDENZA | PENSIONI 2023: pronta la bozza di decreto\",\"datePublished\":\"2022-09-05T21:19:25+00:00\",\"dateModified\":\"2022-09-06T10:25:01+00:00\",\"mainEntityOfPage\":{\"@id\":\"https:\/\/www.uilscuolaemiliaromagna.it\/public\/er\/2022\/09\/05\/previdenza-pensioni-2023-pronta-la-bozza-di-decreto\/\"},\"wordCount\":541,\"publisher\":{\"@id\":\"https:\/\/www.uilscuolaemiliaromagna.it\/public\/er\/#organization\"},\"articleSection\":[\"Notizie\"],\"inLanguage\":\"it-IT\"},{\"@type\":\"WebPage\",\"@id\":\"https:\/\/www.uilscuolaemiliaromagna.it\/public\/er\/2022\/09\/05\/previdenza-pensioni-2023-pronta-la-bozza-di-decreto\/\",\"url\":\"https:\/\/www.uilscuolaemiliaromagna.it\/public\/er\/2022\/09\/05\/previdenza-pensioni-2023-pronta-la-bozza-di-decreto\/\",\"name\":\"PREVIDENZA | PENSIONI 2023: pronta la bozza di decreto - Uil Scuola Emilia Romagna\",\"isPartOf\":{\"@id\":\"https:\/\/www.uilscuolaemiliaromagna.it\/public\/er\/#website\"},\"datePublished\":\"2022-09-05T21:19:25+00:00\",\"dateModified\":\"2022-09-06T10:25:01+00:00\",\"breadcrumb\":{\"@id\":\"https:\/\/www.uilscuolaemiliaromagna.it\/public\/er\/2022\/09\/05\/previdenza-pensioni-2023-pronta-la-bozza-di-decreto\/#breadcrumb\"},\"inLanguage\":\"it-IT\",\"potentialAction\":[{\"@type\":\"ReadAction\",\"target\":[\"https:\/\/www.uilscuolaemiliaromagna.it\/public\/er\/2022\/09\/05\/previdenza-pensioni-2023-pronta-la-bozza-di-decreto\/\"]}]},{\"@type\":\"BreadcrumbList\",\"@id\":\"https:\/\/www.uilscuolaemiliaromagna.it\/public\/er\/2022\/09\/05\/previdenza-pensioni-2023-pronta-la-bozza-di-decreto\/#breadcrumb\",\"itemListElement\":[{\"@type\":\"ListItem\",\"position\":1,\"name\":\"Home\",\"item\":\"https:\/\/www.uilscuolaemiliaromagna.it\/public\/er\/\"},{\"@type\":\"ListItem\",\"position\":2,\"name\":\"PREVIDENZA | PENSIONI 2023: pronta la bozza di decreto\"}]},{\"@type\":\"WebSite\",\"@id\":\"https:\/\/www.uilscuolaemiliaromagna.it\/public\/er\/#website\",\"url\":\"https:\/\/www.uilscuolaemiliaromagna.it\/public\/er\/\",\"name\":\"Uil Scuola Emilia Romagna\",\"description\":\"La voce libera della scuola\",\"publisher\":{\"@id\":\"https:\/\/www.uilscuolaemiliaromagna.it\/public\/er\/#organization\"},\"potentialAction\":[{\"@type\":\"SearchAction\",\"target\":{\"@type\":\"EntryPoint\",\"urlTemplate\":\"https:\/\/www.uilscuolaemiliaromagna.it\/public\/er\/?s={search_term_string}\"},\"query-input\":\"required name=search_term_string\"}],\"inLanguage\":\"it-IT\"},{\"@type\":\"Organization\",\"@id\":\"https:\/\/www.uilscuolaemiliaromagna.it\/public\/er\/#organization\",\"name\":\"Uil Scuola Emilia Romagna\",\"url\":\"https:\/\/www.uilscuolaemiliaromagna.it\/public\/er\/\",\"logo\":{\"@type\":\"ImageObject\",\"inLanguage\":\"it-IT\",\"@id\":\"https:\/\/www.uilscuolaemiliaromagna.it\/public\/er\/#\/schema\/logo\/image\/\",\"url\":\"https:\/\/www.uilscuolaemiliaromagna.it\/public\/er\/wp-content\/uploads\/2017\/04\/cropped-header.png\",\"contentUrl\":\"https:\/\/www.uilscuolaemiliaromagna.it\/public\/er\/wp-content\/uploads\/2017\/04\/cropped-header.png\",\"width\":1000,\"height\":150,\"caption\":\"Uil Scuola Emilia Romagna\"},\"image\":{\"@id\":\"https:\/\/www.uilscuolaemiliaromagna.it\/public\/er\/#\/schema\/logo\/image\/\"}},{\"@type\":\"Person\",\"@id\":\"https:\/\/www.uilscuolaemiliaromagna.it\/public\/er\/#\/schema\/person\/f42878fd07a4b6ba2b7153d4fad5de5e\",\"name\":\"admin\",\"image\":{\"@type\":\"ImageObject\",\"inLanguage\":\"it-IT\",\"@id\":\"https:\/\/www.uilscuolaemiliaromagna.it\/public\/er\/#\/schema\/person\/image\/\",\"url\":\"https:\/\/secure.gravatar.com\/avatar\/aebf815ae2f30ffdae8b8c247273d34c?s=96&d=mm&r=g\",\"contentUrl\":\"https:\/\/secure.gravatar.com\/avatar\/aebf815ae2f30ffdae8b8c247273d34c?s=96&d=mm&r=g\",\"caption\":\"admin\"},\"url\":\"https:\/\/www.uilscuolaemiliaromagna.it\/public\/er\/author\/admin\/\"}]}<\/script>\r\n<!-- \/ Yoast SEO plugin. -->","yoast_head_json":{"title":"PREVIDENZA | PENSIONI 2023: pronta la bozza di decreto - Uil Scuola Emilia Romagna","robots":{"index":"index","follow":"follow","max-snippet":"max-snippet:-1","max-image-preview":"max-image-preview:large","max-video-preview":"max-video-preview:-1"},"canonical":"https:\/\/www.uilscuolaemiliaromagna.it\/public\/er\/2022\/09\/05\/previdenza-pensioni-2023-pronta-la-bozza-di-decreto\/","og_locale":"it_IT","og_type":"article","og_title":"PREVIDENZA | PENSIONI 2023: pronta la bozza di decreto - Uil Scuola Emilia Romagna","og_description":"Presto le indicazioni operative.\u00a0Le domande, on line,\u00a0probabilmente\u00a0gi\u00e0 dal prossimo\u00a019 settembre con scadenza il 21 ottobre 2022 Pensionamenti del personale della scuola per il prossimo anno &hellip;","og_url":"https:\/\/www.uilscuolaemiliaromagna.it\/public\/er\/2022\/09\/05\/previdenza-pensioni-2023-pronta-la-bozza-di-decreto\/","og_site_name":"Uil Scuola Emilia Romagna","article_published_time":"2022-09-05T21:19:25+00:00","article_modified_time":"2022-09-06T10:25:01+00:00","og_image":[{"width":799,"height":500,"url":"https:\/\/www.uilscuolaemiliaromagna.it\/public\/er\/wp-content\/uploads\/2020\/10\/ata-2.jpg","type":"image\/jpeg"}],"author":"admin","twitter_card":"summary_large_image","twitter_misc":{"Scritto da":"admin","Tempo di lettura stimato":"3 minuti"},"schema":{"@context":"https:\/\/schema.org","@graph":[{"@type":"Article","@id":"https:\/\/www.uilscuolaemiliaromagna.it\/public\/er\/2022\/09\/05\/previdenza-pensioni-2023-pronta-la-bozza-di-decreto\/#article","isPartOf":{"@id":"https:\/\/www.uilscuolaemiliaromagna.it\/public\/er\/2022\/09\/05\/previdenza-pensioni-2023-pronta-la-bozza-di-decreto\/"},"author":{"name":"admin","@id":"https:\/\/www.uilscuolaemiliaromagna.it\/public\/er\/#\/schema\/person\/f42878fd07a4b6ba2b7153d4fad5de5e"},"headline":"PREVIDENZA | PENSIONI 2023: pronta la bozza di decreto","datePublished":"2022-09-05T21:19:25+00:00","dateModified":"2022-09-06T10:25:01+00:00","mainEntityOfPage":{"@id":"https:\/\/www.uilscuolaemiliaromagna.it\/public\/er\/2022\/09\/05\/previdenza-pensioni-2023-pronta-la-bozza-di-decreto\/"},"wordCount":541,"publisher":{"@id":"https:\/\/www.uilscuolaemiliaromagna.it\/public\/er\/#organization"},"articleSection":["Notizie"],"inLanguage":"it-IT"},{"@type":"WebPage","@id":"https:\/\/www.uilscuolaemiliaromagna.it\/public\/er\/2022\/09\/05\/previdenza-pensioni-2023-pronta-la-bozza-di-decreto\/","url":"https:\/\/www.uilscuolaemiliaromagna.it\/public\/er\/2022\/09\/05\/previdenza-pensioni-2023-pronta-la-bozza-di-decreto\/","name":"PREVIDENZA | PENSIONI 2023: pronta la bozza di decreto - Uil Scuola Emilia Romagna","isPartOf":{"@id":"https:\/\/www.uilscuolaemiliaromagna.it\/public\/er\/#website"},"datePublished":"2022-09-05T21:19:25+00:00","dateModified":"2022-09-06T10:25:01+00:00","breadcrumb":{"@id":"https:\/\/www.uilscuolaemiliaromagna.it\/public\/er\/2022\/09\/05\/previdenza-pensioni-2023-pronta-la-bozza-di-decreto\/#breadcrumb"},"inLanguage":"it-IT","potentialAction":[{"@type":"ReadAction","target":["https:\/\/www.uilscuolaemiliaromagna.it\/public\/er\/2022\/09\/05\/previdenza-pensioni-2023-pronta-la-bozza-di-decreto\/"]}]},{"@type":"BreadcrumbList","@id":"https:\/\/www.uilscuolaemiliaromagna.it\/public\/er\/2022\/09\/05\/previdenza-pensioni-2023-pronta-la-bozza-di-decreto\/#breadcrumb","itemListElement":[{"@type":"ListItem","position":1,"name":"Home","item":"https:\/\/www.uilscuolaemiliaromagna.it\/public\/er\/"},{"@type":"ListItem","position":2,"name":"PREVIDENZA | PENSIONI 2023: pronta la bozza di decreto"}]},{"@type":"WebSite","@id":"https:\/\/www.uilscuolaemiliaromagna.it\/public\/er\/#website","url":"https:\/\/www.uilscuolaemiliaromagna.it\/public\/er\/","name":"Uil Scuola Emilia Romagna","description":"La voce libera della scuola","publisher":{"@id":"https:\/\/www.uilscuolaemiliaromagna.it\/public\/er\/#organization"},"potentialAction":[{"@type":"SearchAction","target":{"@type":"EntryPoint","urlTemplate":"https:\/\/www.uilscuolaemiliaromagna.it\/public\/er\/?s={search_term_string}"},"query-input":"required name=search_term_string"}],"inLanguage":"it-IT"},{"@type":"Organization","@id":"https:\/\/www.uilscuolaemiliaromagna.it\/public\/er\/#organization","name":"Uil Scuola Emilia Romagna","url":"https:\/\/www.uilscuolaemiliaromagna.it\/public\/er\/","logo":{"@type":"ImageObject","inLanguage":"it-IT","@id":"https:\/\/www.uilscuolaemiliaromagna.it\/public\/er\/#\/schema\/logo\/image\/","url":"https:\/\/www.uilscuolaemiliaromagna.it\/public\/er\/wp-content\/uploads\/2017\/04\/cropped-header.png","contentUrl":"https:\/\/www.uilscuolaemiliaromagna.it\/public\/er\/wp-content\/uploads\/2017\/04\/cropped-header.png","width":1000,"height":150,"caption":"Uil Scuola Emilia Romagna"},"image":{"@id":"https:\/\/www.uilscuolaemiliaromagna.it\/public\/er\/#\/schema\/logo\/image\/"}},{"@type":"Person","@id":"https:\/\/www.uilscuolaemiliaromagna.it\/public\/er\/#\/schema\/person\/f42878fd07a4b6ba2b7153d4fad5de5e","name":"admin","image":{"@type":"ImageObject","inLanguage":"it-IT","@id":"https:\/\/www.uilscuolaemiliaromagna.it\/public\/er\/#\/schema\/person\/image\/","url":"https:\/\/secure.gravatar.com\/avatar\/aebf815ae2f30ffdae8b8c247273d34c?s=96&d=mm&r=g","contentUrl":"https:\/\/secure.gravatar.com\/avatar\/aebf815ae2f30ffdae8b8c247273d34c?s=96&d=mm&r=g","caption":"admin"},"url":"https:\/\/www.uilscuolaemiliaromagna.it\/public\/er\/author\/admin\/"}]}},"views":635,"_links":{"self":[{"href":"https:\/\/www.uilscuolaemiliaromagna.it\/public\/er\/wp-json\/wp\/v2\/posts\/10413"}],"collection":[{"href":"https:\/\/www.uilscuolaemiliaromagna.it\/public\/er\/wp-json\/wp\/v2\/posts"}],"about":[{"href":"https:\/\/www.uilscuolaemiliaromagna.it\/public\/er\/wp-json\/wp\/v2\/types\/post"}],"author":[{"embeddable":true,"href":"https:\/\/www.uilscuolaemiliaromagna.it\/public\/er\/wp-json\/wp\/v2\/users\/1"}],"replies":[{"embeddable":true,"href":"https:\/\/www.uilscuolaemiliaromagna.it\/public\/er\/wp-json\/wp\/v2\/comments?post=10413"}],"version-history":[{"count":1,"href":"https:\/\/www.uilscuolaemiliaromagna.it\/public\/er\/wp-json\/wp\/v2\/posts\/10413\/revisions"}],"predecessor-version":[{"id":10414,"href":"https:\/\/www.uilscuolaemiliaromagna.it\/public\/er\/wp-json\/wp\/v2\/posts\/10413\/revisions\/10414"}],"wp:featuredmedia":[{"embeddable":true,"href":"https:\/\/www.uilscuolaemiliaromagna.it\/public\/er\/wp-json\/wp\/v2\/media\/6812"}],"wp:attachment":[{"href":"https:\/\/www.uilscuolaemiliaromagna.it\/public\/er\/wp-json\/wp\/v2\/media?parent=10413"}],"wp:term":[{"taxonomy":"category","embeddable":true,"href":"https:\/\/www.uilscuolaemiliaromagna.it\/public\/er\/wp-json\/wp\/v2\/categories?post=10413"},{"taxonomy":"post_tag","embeddable":true,"href":"https:\/\/www.uilscuolaemiliaromagna.it\/public\/er\/wp-json\/wp\/v2\/tags?post=10413"}],"curies":[{"name":"wp","href":"https:\/\/api.w.org\/{rel}","templated":true}]}}