{"id":1042,"date":"2016-11-15T16:48:13","date_gmt":"2016-11-15T15:48:13","guid":{"rendered":"http:\/\/www.uilscuolaemiliaromagna.it\/public\/er\/?p=1042"},"modified":"2016-11-16T16:48:53","modified_gmt":"2016-11-16T15:48:53","slug":"incontri-tecnici-al-miur-mobilita-il-confronto-non-decolla","status":"publish","type":"post","link":"https:\/\/www.uilscuolaemiliaromagna.it\/public\/er\/2016\/11\/15\/incontri-tecnici-al-miur-mobilita-il-confronto-non-decolla\/","title":{"rendered":"Incontri tecnici al Miur : Mobilit\u00e0: il confronto non decolla"},"content":{"rendered":"<p><i>Uil:\u00a0occorrono risposte urgenti per il personale che vive situazioni di incertezza e disagio<\/i><\/p>\n<div class=\"testoNotiziaInterna\">\n<p>Il 15 novembre 2016 \u00e8 proseguito il confronto tra il Miur e le organizzazioni sindacali sul rinnovo del contratto sulla mobilit\u00e0 per l&#8217;anno scolastico 2017\/18.<\/p>\n<p>Al terzo incontro, i rappresentanti del Miur non hanno dato alcun riscontro alle questioni poste in quelli precedenti, limitandosi ad una cauta apertura sulla possibilit\u00e0 di definire un accordo su regole e criteri per il passaggio del personale docente da ambito a scuola.<\/p>\n<p>Le questioni poste da parte sindacale, finalizzate a migliorare il contratto dello scorso anno, che comunque ha garantito la titolarit\u00e0 di scuola a miglia di docenti, non hanno trovato, ad oggi, alcun esito positivo.<\/p>\n<p>A questo punto \u00e8 evidente lo stallo della trattativa che, in assenza di concrete aperture sulle questioni aperte, non pu\u00f2 proseguire.<\/p>\n<p>La UIL,\u00a0 in particolare, ha ribadito la necessit\u00e0 di <em>restituire <\/em>ordine e stabilit\u00e0 al sistema. La mobilit\u00e0 dovr\u00e0 riguardare tutto il personale, docente ed Ata, con regole chiare e trasparenti e con l&#8217;obiettivo primario di limitare, per i docenti, le titolarit\u00e0 su ambito.<\/p>\n<p>Il prossimo incontro, fissato per gioved\u00ec, sar\u00e0 il banco di prova per verificare la volont\u00e0 dell&#8217;amministrazione di proseguire concretamente il confronto.<\/p>\n<p>Per la UIL hanno partecipato Lacchei e Proietti.<\/p>\n<\/div>\n\n<div class=\"twitter-share\"><a href=\"https:\/\/twitter.com\/intent\/tweet?via=UILScuolaBO_ER\" class=\"twitter-share-button\" data-size=\"large\">Tweet<\/a><\/div>\n","protected":false},"excerpt":{"rendered":"<p>Uil:\u00a0occorrono risposte urgenti per il personale che vive situazioni di incertezza e disagio Il 15 novembre 2016 \u00e8 proseguito il confronto tra il Miur e &hellip; <\/p>\n","protected":false},"author":1,"featured_media":0,"comment_status":"closed","ping_status":"open","sticky":false,"template":"","format":"standard","meta":{"footnotes":""},"categories":[5,12],"tags":[],"yoast_head":"<!-- This site is optimized with the Yoast SEO plugin v21.7 - https:\/\/yoast.com\/wordpress\/plugins\/seo\/ -->\r\n<title>Incontri tecnici al Miur : Mobilit\u00e0: il confronto non decolla - Uil Scuola Emilia Romagna<\/title>\r\n<meta name=\"robots\" content=\"index, follow, max-snippet:-1, max-image-preview:large, max-video-preview:-1\" \/>\r\n<link rel=\"canonical\" href=\"https:\/\/www.uilscuolaemiliaromagna.it\/public\/er\/2016\/11\/15\/incontri-tecnici-al-miur-mobilita-il-confronto-non-decolla\/\" \/>\r\n<meta property=\"og:locale\" content=\"it_IT\" \/>\r\n<meta property=\"og:type\" content=\"article\" \/>\r\n<meta property=\"og:title\" content=\"Incontri tecnici al Miur : Mobilit\u00e0: il confronto non decolla - Uil Scuola Emilia Romagna\" \/>\r\n<meta property=\"og:description\" content=\"Uil:\u00a0occorrono risposte urgenti per il personale che vive situazioni di incertezza e disagio Il 15 novembre 2016 \u00e8 proseguito il confronto tra il Miur e &hellip;\" \/>\r\n<meta property=\"og:url\" content=\"https:\/\/www.uilscuolaemiliaromagna.it\/public\/er\/2016\/11\/15\/incontri-tecnici-al-miur-mobilita-il-confronto-non-decolla\/\" \/>\r\n<meta property=\"og:site_name\" content=\"Uil Scuola Emilia Romagna\" \/>\r\n<meta property=\"article:published_time\" content=\"2016-11-15T15:48:13+00:00\" \/>\r\n<meta property=\"article:modified_time\" content=\"2016-11-16T15:48:53+00:00\" \/>\r\n<meta name=\"author\" content=\"admin\" \/>\r\n<meta name=\"twitter:card\" content=\"summary_large_image\" \/>\r\n<meta name=\"twitter:label1\" content=\"Scritto da\" \/>\n\t<meta name=\"twitter:data1\" content=\"admin\" \/>\n\t<meta name=\"twitter:label2\" content=\"Tempo di lettura stimato\" \/>\n\t<meta name=\"twitter:data2\" content=\"1 minuto\" \/>\r\n<script type=\"application\/ld+json\" class=\"yoast-schema-graph\">{\"@context\":\"https:\/\/schema.org\",\"@graph\":[{\"@type\":\"Article\",\"@id\":\"https:\/\/www.uilscuolaemiliaromagna.it\/public\/er\/2016\/11\/15\/incontri-tecnici-al-miur-mobilita-il-confronto-non-decolla\/#article\",\"isPartOf\":{\"@id\":\"https:\/\/www.uilscuolaemiliaromagna.it\/public\/er\/2016\/11\/15\/incontri-tecnici-al-miur-mobilita-il-confronto-non-decolla\/\"},\"author\":{\"name\":\"admin\",\"@id\":\"https:\/\/www.uilscuolaemiliaromagna.it\/public\/er\/#\/schema\/person\/f42878fd07a4b6ba2b7153d4fad5de5e\"},\"headline\":\"Incontri tecnici al Miur : Mobilit\u00e0: il confronto non decolla\",\"datePublished\":\"2016-11-15T15:48:13+00:00\",\"dateModified\":\"2016-11-16T15:48:53+00:00\",\"mainEntityOfPage\":{\"@id\":\"https:\/\/www.uilscuolaemiliaromagna.it\/public\/er\/2016\/11\/15\/incontri-tecnici-al-miur-mobilita-il-confronto-non-decolla\/\"},\"wordCount\":213,\"publisher\":{\"@id\":\"https:\/\/www.uilscuolaemiliaromagna.it\/public\/er\/#organization\"},\"articleSection\":[\"Mobilit\u00e0\",\"Notizie\"],\"inLanguage\":\"it-IT\"},{\"@type\":\"WebPage\",\"@id\":\"https:\/\/www.uilscuolaemiliaromagna.it\/public\/er\/2016\/11\/15\/incontri-tecnici-al-miur-mobilita-il-confronto-non-decolla\/\",\"url\":\"https:\/\/www.uilscuolaemiliaromagna.it\/public\/er\/2016\/11\/15\/incontri-tecnici-al-miur-mobilita-il-confronto-non-decolla\/\",\"name\":\"Incontri tecnici al Miur : Mobilit\u00e0: il confronto non decolla - Uil Scuola Emilia Romagna\",\"isPartOf\":{\"@id\":\"https:\/\/www.uilscuolaemiliaromagna.it\/public\/er\/#website\"},\"datePublished\":\"2016-11-15T15:48:13+00:00\",\"dateModified\":\"2016-11-16T15:48:53+00:00\",\"breadcrumb\":{\"@id\":\"https:\/\/www.uilscuolaemiliaromagna.it\/public\/er\/2016\/11\/15\/incontri-tecnici-al-miur-mobilita-il-confronto-non-decolla\/#breadcrumb\"},\"inLanguage\":\"it-IT\",\"potentialAction\":[{\"@type\":\"ReadAction\",\"target\":[\"https:\/\/www.uilscuolaemiliaromagna.it\/public\/er\/2016\/11\/15\/incontri-tecnici-al-miur-mobilita-il-confronto-non-decolla\/\"]}]},{\"@type\":\"BreadcrumbList\",\"@id\":\"https:\/\/www.uilscuolaemiliaromagna.it\/public\/er\/2016\/11\/15\/incontri-tecnici-al-miur-mobilita-il-confronto-non-decolla\/#breadcrumb\",\"itemListElement\":[{\"@type\":\"ListItem\",\"position\":1,\"name\":\"Home\",\"item\":\"https:\/\/www.uilscuolaemiliaromagna.it\/public\/er\/\"},{\"@type\":\"ListItem\",\"position\":2,\"name\":\"Incontri tecnici al Miur : Mobilit\u00e0: il confronto non decolla\"}]},{\"@type\":\"WebSite\",\"@id\":\"https:\/\/www.uilscuolaemiliaromagna.it\/public\/er\/#website\",\"url\":\"https:\/\/www.uilscuolaemiliaromagna.it\/public\/er\/\",\"name\":\"Uil Scuola Emilia Romagna\",\"description\":\"La voce libera della scuola\",\"publisher\":{\"@id\":\"https:\/\/www.uilscuolaemiliaromagna.it\/public\/er\/#organization\"},\"potentialAction\":[{\"@type\":\"SearchAction\",\"target\":{\"@type\":\"EntryPoint\",\"urlTemplate\":\"https:\/\/www.uilscuolaemiliaromagna.it\/public\/er\/?s={search_term_string}\"},\"query-input\":\"required name=search_term_string\"}],\"inLanguage\":\"it-IT\"},{\"@type\":\"Organization\",\"@id\":\"https:\/\/www.uilscuolaemiliaromagna.it\/public\/er\/#organization\",\"name\":\"Uil Scuola Emilia Romagna\",\"url\":\"https:\/\/www.uilscuolaemiliaromagna.it\/public\/er\/\",\"logo\":{\"@type\":\"ImageObject\",\"inLanguage\":\"it-IT\",\"@id\":\"https:\/\/www.uilscuolaemiliaromagna.it\/public\/er\/#\/schema\/logo\/image\/\",\"url\":\"https:\/\/www.uilscuolaemiliaromagna.it\/public\/er\/wp-content\/uploads\/2017\/04\/cropped-header.png\",\"contentUrl\":\"https:\/\/www.uilscuolaemiliaromagna.it\/public\/er\/wp-content\/uploads\/2017\/04\/cropped-header.png\",\"width\":1000,\"height\":150,\"caption\":\"Uil Scuola Emilia Romagna\"},\"image\":{\"@id\":\"https:\/\/www.uilscuolaemiliaromagna.it\/public\/er\/#\/schema\/logo\/image\/\"}},{\"@type\":\"Person\",\"@id\":\"https:\/\/www.uilscuolaemiliaromagna.it\/public\/er\/#\/schema\/person\/f42878fd07a4b6ba2b7153d4fad5de5e\",\"name\":\"admin\",\"image\":{\"@type\":\"ImageObject\",\"inLanguage\":\"it-IT\",\"@id\":\"https:\/\/www.uilscuolaemiliaromagna.it\/public\/er\/#\/schema\/person\/image\/\",\"url\":\"https:\/\/secure.gravatar.com\/avatar\/aebf815ae2f30ffdae8b8c247273d34c?s=96&d=mm&r=g\",\"contentUrl\":\"https:\/\/secure.gravatar.com\/avatar\/aebf815ae2f30ffdae8b8c247273d34c?s=96&d=mm&r=g\",\"caption\":\"admin\"},\"url\":\"https:\/\/www.uilscuolaemiliaromagna.it\/public\/er\/author\/admin\/\"}]}<\/script>\r\n<!-- \/ Yoast SEO plugin. -->","yoast_head_json":{"title":"Incontri tecnici al Miur : Mobilit\u00e0: il confronto non decolla - Uil Scuola Emilia Romagna","robots":{"index":"index","follow":"follow","max-snippet":"max-snippet:-1","max-image-preview":"max-image-preview:large","max-video-preview":"max-video-preview:-1"},"canonical":"https:\/\/www.uilscuolaemiliaromagna.it\/public\/er\/2016\/11\/15\/incontri-tecnici-al-miur-mobilita-il-confronto-non-decolla\/","og_locale":"it_IT","og_type":"article","og_title":"Incontri tecnici al Miur : Mobilit\u00e0: il confronto non decolla - Uil Scuola Emilia Romagna","og_description":"Uil:\u00a0occorrono risposte urgenti per il personale che vive situazioni di incertezza e disagio Il 15 novembre 2016 \u00e8 proseguito il confronto tra il Miur e &hellip;","og_url":"https:\/\/www.uilscuolaemiliaromagna.it\/public\/er\/2016\/11\/15\/incontri-tecnici-al-miur-mobilita-il-confronto-non-decolla\/","og_site_name":"Uil Scuola Emilia Romagna","article_published_time":"2016-11-15T15:48:13+00:00","article_modified_time":"2016-11-16T15:48:53+00:00","author":"admin","twitter_card":"summary_large_image","twitter_misc":{"Scritto da":"admin","Tempo di lettura stimato":"1 minuto"},"schema":{"@context":"https:\/\/schema.org","@graph":[{"@type":"Article","@id":"https:\/\/www.uilscuolaemiliaromagna.it\/public\/er\/2016\/11\/15\/incontri-tecnici-al-miur-mobilita-il-confronto-non-decolla\/#article","isPartOf":{"@id":"https:\/\/www.uilscuolaemiliaromagna.it\/public\/er\/2016\/11\/15\/incontri-tecnici-al-miur-mobilita-il-confronto-non-decolla\/"},"author":{"name":"admin","@id":"https:\/\/www.uilscuolaemiliaromagna.it\/public\/er\/#\/schema\/person\/f42878fd07a4b6ba2b7153d4fad5de5e"},"headline":"Incontri tecnici al Miur : Mobilit\u00e0: il confronto non decolla","datePublished":"2016-11-15T15:48:13+00:00","dateModified":"2016-11-16T15:48:53+00:00","mainEntityOfPage":{"@id":"https:\/\/www.uilscuolaemiliaromagna.it\/public\/er\/2016\/11\/15\/incontri-tecnici-al-miur-mobilita-il-confronto-non-decolla\/"},"wordCount":213,"publisher":{"@id":"https:\/\/www.uilscuolaemiliaromagna.it\/public\/er\/#organization"},"articleSection":["Mobilit\u00e0","Notizie"],"inLanguage":"it-IT"},{"@type":"WebPage","@id":"https:\/\/www.uilscuolaemiliaromagna.it\/public\/er\/2016\/11\/15\/incontri-tecnici-al-miur-mobilita-il-confronto-non-decolla\/","url":"https:\/\/www.uilscuolaemiliaromagna.it\/public\/er\/2016\/11\/15\/incontri-tecnici-al-miur-mobilita-il-confronto-non-decolla\/","name":"Incontri tecnici al Miur : Mobilit\u00e0: il confronto non decolla - Uil Scuola Emilia Romagna","isPartOf":{"@id":"https:\/\/www.uilscuolaemiliaromagna.it\/public\/er\/#website"},"datePublished":"2016-11-15T15:48:13+00:00","dateModified":"2016-11-16T15:48:53+00:00","breadcrumb":{"@id":"https:\/\/www.uilscuolaemiliaromagna.it\/public\/er\/2016\/11\/15\/incontri-tecnici-al-miur-mobilita-il-confronto-non-decolla\/#breadcrumb"},"inLanguage":"it-IT","potentialAction":[{"@type":"ReadAction","target":["https:\/\/www.uilscuolaemiliaromagna.it\/public\/er\/2016\/11\/15\/incontri-tecnici-al-miur-mobilita-il-confronto-non-decolla\/"]}]},{"@type":"BreadcrumbList","@id":"https:\/\/www.uilscuolaemiliaromagna.it\/public\/er\/2016\/11\/15\/incontri-tecnici-al-miur-mobilita-il-confronto-non-decolla\/#breadcrumb","itemListElement":[{"@type":"ListItem","position":1,"name":"Home","item":"https:\/\/www.uilscuolaemiliaromagna.it\/public\/er\/"},{"@type":"ListItem","position":2,"name":"Incontri tecnici al Miur : Mobilit\u00e0: il confronto non decolla"}]},{"@type":"WebSite","@id":"https:\/\/www.uilscuolaemiliaromagna.it\/public\/er\/#website","url":"https:\/\/www.uilscuolaemiliaromagna.it\/public\/er\/","name":"Uil Scuola Emilia Romagna","description":"La voce libera della scuola","publisher":{"@id":"https:\/\/www.uilscuolaemiliaromagna.it\/public\/er\/#organization"},"potentialAction":[{"@type":"SearchAction","target":{"@type":"EntryPoint","urlTemplate":"https:\/\/www.uilscuolaemiliaromagna.it\/public\/er\/?s={search_term_string}"},"query-input":"required name=search_term_string"}],"inLanguage":"it-IT"},{"@type":"Organization","@id":"https:\/\/www.uilscuolaemiliaromagna.it\/public\/er\/#organization","name":"Uil Scuola Emilia Romagna","url":"https:\/\/www.uilscuolaemiliaromagna.it\/public\/er\/","logo":{"@type":"ImageObject","inLanguage":"it-IT","@id":"https:\/\/www.uilscuolaemiliaromagna.it\/public\/er\/#\/schema\/logo\/image\/","url":"https:\/\/www.uilscuolaemiliaromagna.it\/public\/er\/wp-content\/uploads\/2017\/04\/cropped-header.png","contentUrl":"https:\/\/www.uilscuolaemiliaromagna.it\/public\/er\/wp-content\/uploads\/2017\/04\/cropped-header.png","width":1000,"height":150,"caption":"Uil Scuola Emilia Romagna"},"image":{"@id":"https:\/\/www.uilscuolaemiliaromagna.it\/public\/er\/#\/schema\/logo\/image\/"}},{"@type":"Person","@id":"https:\/\/www.uilscuolaemiliaromagna.it\/public\/er\/#\/schema\/person\/f42878fd07a4b6ba2b7153d4fad5de5e","name":"admin","image":{"@type":"ImageObject","inLanguage":"it-IT","@id":"https:\/\/www.uilscuolaemiliaromagna.it\/public\/er\/#\/schema\/person\/image\/","url":"https:\/\/secure.gravatar.com\/avatar\/aebf815ae2f30ffdae8b8c247273d34c?s=96&d=mm&r=g","contentUrl":"https:\/\/secure.gravatar.com\/avatar\/aebf815ae2f30ffdae8b8c247273d34c?s=96&d=mm&r=g","caption":"admin"},"url":"https:\/\/www.uilscuolaemiliaromagna.it\/public\/er\/author\/admin\/"}]}},"views":1055,"_links":{"self":[{"href":"https:\/\/www.uilscuolaemiliaromagna.it\/public\/er\/wp-json\/wp\/v2\/posts\/1042"}],"collection":[{"href":"https:\/\/www.uilscuolaemiliaromagna.it\/public\/er\/wp-json\/wp\/v2\/posts"}],"about":[{"href":"https:\/\/www.uilscuolaemiliaromagna.it\/public\/er\/wp-json\/wp\/v2\/types\/post"}],"author":[{"embeddable":true,"href":"https:\/\/www.uilscuolaemiliaromagna.it\/public\/er\/wp-json\/wp\/v2\/users\/1"}],"replies":[{"embeddable":true,"href":"https:\/\/www.uilscuolaemiliaromagna.it\/public\/er\/wp-json\/wp\/v2\/comments?post=1042"}],"version-history":[{"count":1,"href":"https:\/\/www.uilscuolaemiliaromagna.it\/public\/er\/wp-json\/wp\/v2\/posts\/1042\/revisions"}],"predecessor-version":[{"id":1043,"href":"https:\/\/www.uilscuolaemiliaromagna.it\/public\/er\/wp-json\/wp\/v2\/posts\/1042\/revisions\/1043"}],"wp:attachment":[{"href":"https:\/\/www.uilscuolaemiliaromagna.it\/public\/er\/wp-json\/wp\/v2\/media?parent=1042"}],"wp:term":[{"taxonomy":"category","embeddable":true,"href":"https:\/\/www.uilscuolaemiliaromagna.it\/public\/er\/wp-json\/wp\/v2\/categories?post=1042"},{"taxonomy":"post_tag","embeddable":true,"href":"https:\/\/www.uilscuolaemiliaromagna.it\/public\/er\/wp-json\/wp\/v2\/tags?post=1042"}],"curies":[{"name":"wp","href":"https:\/\/api.w.org\/{rel}","templated":true}]}}