{"id":10427,"date":"2022-09-08T17:43:09","date_gmt":"2022-09-08T15:43:09","guid":{"rendered":"http:\/\/www.uilscuolaemiliaromagna.it\/public\/er\/?p=10427"},"modified":"2022-09-09T11:05:25","modified_gmt":"2022-09-09T09:05:25","slug":"confronto-nazionale-unitario-no-al-docente-esperto-e-piu-risorse-per-il-contratto-daprile-se-ce-consenso-cosi-ampio-si-proceda","status":"publish","type":"post","link":"https:\/\/www.uilscuolaemiliaromagna.it\/public\/er\/2022\/09\/08\/confronto-nazionale-unitario-no-al-docente-esperto-e-piu-risorse-per-il-contratto-daprile-se-ce-consenso-cosi-ampio-si-proceda\/","title":{"rendered":"CONFRONTO NAZIONALE UNITARIO | No al Docente Esperto e pi\u00f9 risorse per il Contratto, D\u2019Aprile: se c\u2019\u00e8 consenso cos\u00ec ampio, si proceda"},"content":{"rendered":"<p style=\"text-align: justify;\"><strong><em>No al Docente Esperto e pi\u00f9 risorse per il contratto: tutta la politica d\u2019accordo. UIL: La scuola non \u00e8 narrazione, \u00e8 realt\u00e0. Le promesse devono trovare sponda concreta. La scuola dovr\u00e0 tornare ad essere al primo posto nelle agende dei premier e di chi governer\u00e0 questo Paese.<\/em><\/strong><\/p>\n<p style=\"text-align: justify;\">Siamo preoccupati per il clima che si sta creando attorno alla scuola e, dopo aver ascoltato tanti proclami, abbiamo deciso di organizzare questa giornata \u2013 ha detto il segretario generale della Uil Scuola, Giuseppe D\u2019Aprile, durante la tavola rotonda dei sindacati della scuola con i rappresentanti di tutte le forze politiche sui temi dell\u2019istruzione.<\/p>\n<p style=\"text-align: justify;\">La politica deve dirci oggi cosa vuole fare della scuola di domani, per garantire un futuro migliore a questo Paese che passa inevitabilmente per la scuola.<\/p>\n<p style=\"text-align: justify;\"><img loading=\"lazy\" decoding=\"async\" class=\"size-medium wp-image-19744 aligncenter\" src=\"https:\/\/uilscuola.it\/wp-content\/uploads\/2022\/09\/IMG-3-SCUOLA-confronto-politici-sindacati-080922-300x225.jpg\" sizes=\"(max-width: 300px) 100vw, 300px\" srcset=\"https:\/\/uilscuola.it\/wp-content\/uploads\/2022\/09\/IMG-3-SCUOLA-confronto-politici-sindacati-080922-300x225.jpg 300w, https:\/\/uilscuola.it\/wp-content\/uploads\/2022\/09\/IMG-3-SCUOLA-confronto-politici-sindacati-080922-768x576.jpg 768w, https:\/\/uilscuola.it\/wp-content\/uploads\/2022\/09\/IMG-3-SCUOLA-confronto-politici-sindacati-080922.jpg 900w\" alt=\"\" width=\"300\" height=\"225\" \/><\/p>\n<p style=\"text-align: justify;\">Vogliamo augurarci che non si tratti di sola campagna elettorale \u2013 dall\u2019eliminazione del docente esperto a nuove risorse per il rinnovo contrattuale \u2013 per fare due esempi tra quelli riaffermati da tutte le forze politiche presenti, osserva D\u2019Aprile. La scuola non \u00e8 narrazione, \u00e8 realt\u00e0.<\/p>\n<div class=\"fluid-width-video-wrapper\" style=\"text-align: justify;\"><iframe id=\"fitvid0\" title=\"D'Aprile: &quot;Rinnovo contratto e stop al precariato, il futuro della scuola passa da qui!\" src=\"https:\/\/www.youtube.com\/embed\/YD5OfhkVd3g?feature=oembed\" frameborder=\"0\" allowfullscreen=\"allowfullscreen\" data-mce-fragment=\"1\"><\/iframe><\/div>\n<p style=\"text-align: justify;\">Le promesse devono trovare sponda concreta in interventi reali \u2013 e strutturati nel tempo \u2013 per la scuola che dovr\u00e0 tornare ad essere al primo posto nelle agende dei premier e di chi governer\u00e0 questo Paese.<\/p>\n<p style=\"text-align: justify;\"><img loading=\"lazy\" decoding=\"async\" class=\"size-medium wp-image-19745 aligncenter\" src=\"https:\/\/uilscuola.it\/wp-content\/uploads\/2022\/09\/confronto-nazionale-unitario-300x225.jpg\" sizes=\"(max-width: 300px) 100vw, 300px\" srcset=\"https:\/\/uilscuola.it\/wp-content\/uploads\/2022\/09\/confronto-nazionale-unitario-300x225.jpg 300w, https:\/\/uilscuola.it\/wp-content\/uploads\/2022\/09\/confronto-nazionale-unitario-1024x768.jpg 1024w, https:\/\/uilscuola.it\/wp-content\/uploads\/2022\/09\/confronto-nazionale-unitario-768x576.jpg 768w, https:\/\/uilscuola.it\/wp-content\/uploads\/2022\/09\/confronto-nazionale-unitario-1536x1152.jpg 1536w, https:\/\/uilscuola.it\/wp-content\/uploads\/2022\/09\/confronto-nazionale-unitario.jpg 2048w\" alt=\"\" width=\"300\" height=\"225\" \/><\/p>\n<p style=\"text-align: justify;\">Fare sindacato significa fare delle scelte, fare politica significa fare delle scelte. Se possibile queste scelte le faremo insieme senza pregiudiziali politiche.<\/p>\n<p style=\"text-align: justify;\">Una sola pregiudiziale \u2013 rilancia d\u2019Aprile \u2013 partire da un progetto di scuola laica, pubblica, statale, nazionale e contro ogni forma di regionalizzazione che salvaguardi il diritto all\u2019istruzione e la libert\u00e0 di insegnamento. Valorizzare il lavoro delle persone attraverso il rinnovo contrattuale e risolvere definitivamente la piaga del precariato valorizzando le esperienze dei colleghi sul campo: sono queste le basi dalle quali partire. La scuola ora merita attenzione e soprattutto rispetto.<\/p>\n<p style=\"text-align: justify;\"><strong><a href=\"https:\/\/www.youtube.com\/watch?v=IIcCD7AOx5o\" target=\"_blank\" rel=\"noopener noreferrer\">Confronto Nazionale Unitario \u2013 Diretta completa<\/a><\/strong><\/p>\n<p style=\"text-align: justify;\">\u00a0&#8211; l\u2019estratto video dell\u2019<b>intervento di Giuseppe D\u2019Aprile durante la tavola rotonda<\/b> dei sindacati della scuola con i rappresentanti delle forze politiche sui temi dell&#8217;istruzione<a href=\"https:\/\/youtu.be\/NsfxfmJ2ubM\" target=\"_blank\" rel=\"noopener noreferrer\"> https:\/\/youtu.be\/NsfxfmJ2ubM<\/a><\/p>\n<p style=\"font-weight: 400;\">&#8211;\u00a0<strong>la video sintesi<\/strong> del comunicato:\u00a0<a href=\"https:\/\/youtu.be\/YD5OfhkVd3g\">https:\/\/youtu.be\/YD5OfhkVd3g<\/a><\/p>\n<p style=\"font-weight: 400;\">\n&#8211;\u00a0<strong>Il video di presentazione<\/strong> della giornata di confronto sindacati politica:<a href=\"https:\/\/youtu.be\/bt7VCDLB6pQ\"> https:\/\/youtu.be\/bt7VCDLB6pQ<\/a><\/p>\n<p>&nbsp;<\/p>\n\n<div class=\"twitter-share\"><a href=\"https:\/\/twitter.com\/intent\/tweet?via=UILScuolaBO_ER\" class=\"twitter-share-button\" data-size=\"large\">Tweet<\/a><\/div>\n","protected":false},"excerpt":{"rendered":"<p>No al Docente Esperto e pi\u00f9 risorse per il contratto: tutta la politica d\u2019accordo. UIL: La scuola non \u00e8 narrazione, \u00e8 realt\u00e0. Le promesse devono &hellip; <\/p>\n","protected":false},"author":1,"featured_media":10428,"comment_status":"closed","ping_status":"open","sticky":false,"template":"","format":"standard","meta":{"footnotes":""},"categories":[12],"tags":[],"yoast_head":"<!-- This site is optimized with the Yoast SEO plugin v21.7 - https:\/\/yoast.com\/wordpress\/plugins\/seo\/ -->\r\n<title>CONFRONTO NAZIONALE UNITARIO | No al Docente Esperto e pi\u00f9 risorse per il Contratto, D\u2019Aprile: se c\u2019\u00e8 consenso cos\u00ec ampio, si proceda - Uil Scuola Emilia Romagna<\/title>\r\n<meta name=\"robots\" content=\"index, follow, max-snippet:-1, max-image-preview:large, max-video-preview:-1\" \/>\r\n<link rel=\"canonical\" href=\"https:\/\/www.uilscuolaemiliaromagna.it\/public\/er\/2022\/09\/08\/confronto-nazionale-unitario-no-al-docente-esperto-e-piu-risorse-per-il-contratto-daprile-se-ce-consenso-cosi-ampio-si-proceda\/\" \/>\r\n<meta property=\"og:locale\" content=\"it_IT\" \/>\r\n<meta property=\"og:type\" content=\"article\" \/>\r\n<meta property=\"og:title\" content=\"CONFRONTO NAZIONALE UNITARIO | No al Docente Esperto e pi\u00f9 risorse per il Contratto, D\u2019Aprile: se c\u2019\u00e8 consenso cos\u00ec ampio, si proceda - Uil Scuola Emilia Romagna\" \/>\r\n<meta property=\"og:description\" content=\"No al Docente Esperto e pi\u00f9 risorse per il contratto: tutta la politica d\u2019accordo. UIL: La scuola non \u00e8 narrazione, \u00e8 realt\u00e0. Le promesse devono &hellip;\" \/>\r\n<meta property=\"og:url\" content=\"https:\/\/www.uilscuolaemiliaromagna.it\/public\/er\/2022\/09\/08\/confronto-nazionale-unitario-no-al-docente-esperto-e-piu-risorse-per-il-contratto-daprile-se-ce-consenso-cosi-ampio-si-proceda\/\" \/>\r\n<meta property=\"og:site_name\" content=\"Uil Scuola Emilia Romagna\" \/>\r\n<meta property=\"article:published_time\" content=\"2022-09-08T15:43:09+00:00\" \/>\r\n<meta property=\"article:modified_time\" content=\"2022-09-09T09:05:25+00:00\" \/>\r\n<meta property=\"og:image\" content=\"https:\/\/www.uilscuolaemiliaromagna.it\/public\/er\/wp-content\/uploads\/2022\/09\/IMG-1-SCUOLA-confronto-politici-sindacati-080922-150x150-1.jpg\" \/>\r\n\t<meta property=\"og:image:width\" content=\"150\" \/>\r\n\t<meta property=\"og:image:height\" content=\"150\" \/>\r\n\t<meta property=\"og:image:type\" content=\"image\/jpeg\" \/>\r\n<meta name=\"author\" content=\"admin\" \/>\r\n<meta name=\"twitter:card\" content=\"summary_large_image\" \/>\r\n<meta name=\"twitter:label1\" content=\"Scritto da\" \/>\n\t<meta name=\"twitter:data1\" content=\"admin\" \/>\n\t<meta name=\"twitter:label2\" content=\"Tempo di lettura stimato\" \/>\n\t<meta name=\"twitter:data2\" content=\"2 minuti\" \/>\r\n<script type=\"application\/ld+json\" class=\"yoast-schema-graph\">{\"@context\":\"https:\/\/schema.org\",\"@graph\":[{\"@type\":\"Article\",\"@id\":\"https:\/\/www.uilscuolaemiliaromagna.it\/public\/er\/2022\/09\/08\/confronto-nazionale-unitario-no-al-docente-esperto-e-piu-risorse-per-il-contratto-daprile-se-ce-consenso-cosi-ampio-si-proceda\/#article\",\"isPartOf\":{\"@id\":\"https:\/\/www.uilscuolaemiliaromagna.it\/public\/er\/2022\/09\/08\/confronto-nazionale-unitario-no-al-docente-esperto-e-piu-risorse-per-il-contratto-daprile-se-ce-consenso-cosi-ampio-si-proceda\/\"},\"author\":{\"name\":\"admin\",\"@id\":\"https:\/\/www.uilscuolaemiliaromagna.it\/public\/er\/#\/schema\/person\/f42878fd07a4b6ba2b7153d4fad5de5e\"},\"headline\":\"CONFRONTO NAZIONALE UNITARIO | No al Docente Esperto e pi\u00f9 risorse per il Contratto, D\u2019Aprile: se c\u2019\u00e8 consenso cos\u00ec ampio, si proceda\",\"datePublished\":\"2022-09-08T15:43:09+00:00\",\"dateModified\":\"2022-09-09T09:05:25+00:00\",\"mainEntityOfPage\":{\"@id\":\"https:\/\/www.uilscuolaemiliaromagna.it\/public\/er\/2022\/09\/08\/confronto-nazionale-unitario-no-al-docente-esperto-e-piu-risorse-per-il-contratto-daprile-se-ce-consenso-cosi-ampio-si-proceda\/\"},\"wordCount\":386,\"publisher\":{\"@id\":\"https:\/\/www.uilscuolaemiliaromagna.it\/public\/er\/#organization\"},\"articleSection\":[\"Notizie\"],\"inLanguage\":\"it-IT\"},{\"@type\":\"WebPage\",\"@id\":\"https:\/\/www.uilscuolaemiliaromagna.it\/public\/er\/2022\/09\/08\/confronto-nazionale-unitario-no-al-docente-esperto-e-piu-risorse-per-il-contratto-daprile-se-ce-consenso-cosi-ampio-si-proceda\/\",\"url\":\"https:\/\/www.uilscuolaemiliaromagna.it\/public\/er\/2022\/09\/08\/confronto-nazionale-unitario-no-al-docente-esperto-e-piu-risorse-per-il-contratto-daprile-se-ce-consenso-cosi-ampio-si-proceda\/\",\"name\":\"CONFRONTO NAZIONALE UNITARIO | No al Docente Esperto e pi\u00f9 risorse per il Contratto, D\u2019Aprile: se c\u2019\u00e8 consenso cos\u00ec ampio, si proceda - Uil Scuola Emilia Romagna\",\"isPartOf\":{\"@id\":\"https:\/\/www.uilscuolaemiliaromagna.it\/public\/er\/#website\"},\"datePublished\":\"2022-09-08T15:43:09+00:00\",\"dateModified\":\"2022-09-09T09:05:25+00:00\",\"breadcrumb\":{\"@id\":\"https:\/\/www.uilscuolaemiliaromagna.it\/public\/er\/2022\/09\/08\/confronto-nazionale-unitario-no-al-docente-esperto-e-piu-risorse-per-il-contratto-daprile-se-ce-consenso-cosi-ampio-si-proceda\/#breadcrumb\"},\"inLanguage\":\"it-IT\",\"potentialAction\":[{\"@type\":\"ReadAction\",\"target\":[\"https:\/\/www.uilscuolaemiliaromagna.it\/public\/er\/2022\/09\/08\/confronto-nazionale-unitario-no-al-docente-esperto-e-piu-risorse-per-il-contratto-daprile-se-ce-consenso-cosi-ampio-si-proceda\/\"]}]},{\"@type\":\"BreadcrumbList\",\"@id\":\"https:\/\/www.uilscuolaemiliaromagna.it\/public\/er\/2022\/09\/08\/confronto-nazionale-unitario-no-al-docente-esperto-e-piu-risorse-per-il-contratto-daprile-se-ce-consenso-cosi-ampio-si-proceda\/#breadcrumb\",\"itemListElement\":[{\"@type\":\"ListItem\",\"position\":1,\"name\":\"Home\",\"item\":\"https:\/\/www.uilscuolaemiliaromagna.it\/public\/er\/\"},{\"@type\":\"ListItem\",\"position\":2,\"name\":\"CONFRONTO NAZIONALE UNITARIO | No al Docente Esperto e pi\u00f9 risorse per il Contratto, D\u2019Aprile: se c\u2019\u00e8 consenso cos\u00ec ampio, si proceda\"}]},{\"@type\":\"WebSite\",\"@id\":\"https:\/\/www.uilscuolaemiliaromagna.it\/public\/er\/#website\",\"url\":\"https:\/\/www.uilscuolaemiliaromagna.it\/public\/er\/\",\"name\":\"Uil Scuola Emilia Romagna\",\"description\":\"La voce libera della scuola\",\"publisher\":{\"@id\":\"https:\/\/www.uilscuolaemiliaromagna.it\/public\/er\/#organization\"},\"potentialAction\":[{\"@type\":\"SearchAction\",\"target\":{\"@type\":\"EntryPoint\",\"urlTemplate\":\"https:\/\/www.uilscuolaemiliaromagna.it\/public\/er\/?s={search_term_string}\"},\"query-input\":\"required name=search_term_string\"}],\"inLanguage\":\"it-IT\"},{\"@type\":\"Organization\",\"@id\":\"https:\/\/www.uilscuolaemiliaromagna.it\/public\/er\/#organization\",\"name\":\"Uil Scuola Emilia Romagna\",\"url\":\"https:\/\/www.uilscuolaemiliaromagna.it\/public\/er\/\",\"logo\":{\"@type\":\"ImageObject\",\"inLanguage\":\"it-IT\",\"@id\":\"https:\/\/www.uilscuolaemiliaromagna.it\/public\/er\/#\/schema\/logo\/image\/\",\"url\":\"https:\/\/www.uilscuolaemiliaromagna.it\/public\/er\/wp-content\/uploads\/2017\/04\/cropped-header.png\",\"contentUrl\":\"https:\/\/www.uilscuolaemiliaromagna.it\/public\/er\/wp-content\/uploads\/2017\/04\/cropped-header.png\",\"width\":1000,\"height\":150,\"caption\":\"Uil Scuola Emilia Romagna\"},\"image\":{\"@id\":\"https:\/\/www.uilscuolaemiliaromagna.it\/public\/er\/#\/schema\/logo\/image\/\"}},{\"@type\":\"Person\",\"@id\":\"https:\/\/www.uilscuolaemiliaromagna.it\/public\/er\/#\/schema\/person\/f42878fd07a4b6ba2b7153d4fad5de5e\",\"name\":\"admin\",\"image\":{\"@type\":\"ImageObject\",\"inLanguage\":\"it-IT\",\"@id\":\"https:\/\/www.uilscuolaemiliaromagna.it\/public\/er\/#\/schema\/person\/image\/\",\"url\":\"https:\/\/secure.gravatar.com\/avatar\/aebf815ae2f30ffdae8b8c247273d34c?s=96&d=mm&r=g\",\"contentUrl\":\"https:\/\/secure.gravatar.com\/avatar\/aebf815ae2f30ffdae8b8c247273d34c?s=96&d=mm&r=g\",\"caption\":\"admin\"},\"url\":\"https:\/\/www.uilscuolaemiliaromagna.it\/public\/er\/author\/admin\/\"}]}<\/script>\r\n<!-- \/ Yoast SEO plugin. -->","yoast_head_json":{"title":"CONFRONTO NAZIONALE UNITARIO | No al Docente Esperto e pi\u00f9 risorse per il Contratto, D\u2019Aprile: se c\u2019\u00e8 consenso cos\u00ec ampio, si proceda - Uil Scuola Emilia Romagna","robots":{"index":"index","follow":"follow","max-snippet":"max-snippet:-1","max-image-preview":"max-image-preview:large","max-video-preview":"max-video-preview:-1"},"canonical":"https:\/\/www.uilscuolaemiliaromagna.it\/public\/er\/2022\/09\/08\/confronto-nazionale-unitario-no-al-docente-esperto-e-piu-risorse-per-il-contratto-daprile-se-ce-consenso-cosi-ampio-si-proceda\/","og_locale":"it_IT","og_type":"article","og_title":"CONFRONTO NAZIONALE UNITARIO | No al Docente Esperto e pi\u00f9 risorse per il Contratto, D\u2019Aprile: se c\u2019\u00e8 consenso cos\u00ec ampio, si proceda - Uil Scuola Emilia Romagna","og_description":"No al Docente Esperto e pi\u00f9 risorse per il contratto: tutta la politica d\u2019accordo. UIL: La scuola non \u00e8 narrazione, \u00e8 realt\u00e0. Le promesse devono &hellip;","og_url":"https:\/\/www.uilscuolaemiliaromagna.it\/public\/er\/2022\/09\/08\/confronto-nazionale-unitario-no-al-docente-esperto-e-piu-risorse-per-il-contratto-daprile-se-ce-consenso-cosi-ampio-si-proceda\/","og_site_name":"Uil Scuola Emilia Romagna","article_published_time":"2022-09-08T15:43:09+00:00","article_modified_time":"2022-09-09T09:05:25+00:00","og_image":[{"width":150,"height":150,"url":"https:\/\/www.uilscuolaemiliaromagna.it\/public\/er\/wp-content\/uploads\/2022\/09\/IMG-1-SCUOLA-confronto-politici-sindacati-080922-150x150-1.jpg","type":"image\/jpeg"}],"author":"admin","twitter_card":"summary_large_image","twitter_misc":{"Scritto da":"admin","Tempo di lettura stimato":"2 minuti"},"schema":{"@context":"https:\/\/schema.org","@graph":[{"@type":"Article","@id":"https:\/\/www.uilscuolaemiliaromagna.it\/public\/er\/2022\/09\/08\/confronto-nazionale-unitario-no-al-docente-esperto-e-piu-risorse-per-il-contratto-daprile-se-ce-consenso-cosi-ampio-si-proceda\/#article","isPartOf":{"@id":"https:\/\/www.uilscuolaemiliaromagna.it\/public\/er\/2022\/09\/08\/confronto-nazionale-unitario-no-al-docente-esperto-e-piu-risorse-per-il-contratto-daprile-se-ce-consenso-cosi-ampio-si-proceda\/"},"author":{"name":"admin","@id":"https:\/\/www.uilscuolaemiliaromagna.it\/public\/er\/#\/schema\/person\/f42878fd07a4b6ba2b7153d4fad5de5e"},"headline":"CONFRONTO NAZIONALE UNITARIO | No al Docente Esperto e pi\u00f9 risorse per il Contratto, D\u2019Aprile: se c\u2019\u00e8 consenso cos\u00ec ampio, si proceda","datePublished":"2022-09-08T15:43:09+00:00","dateModified":"2022-09-09T09:05:25+00:00","mainEntityOfPage":{"@id":"https:\/\/www.uilscuolaemiliaromagna.it\/public\/er\/2022\/09\/08\/confronto-nazionale-unitario-no-al-docente-esperto-e-piu-risorse-per-il-contratto-daprile-se-ce-consenso-cosi-ampio-si-proceda\/"},"wordCount":386,"publisher":{"@id":"https:\/\/www.uilscuolaemiliaromagna.it\/public\/er\/#organization"},"articleSection":["Notizie"],"inLanguage":"it-IT"},{"@type":"WebPage","@id":"https:\/\/www.uilscuolaemiliaromagna.it\/public\/er\/2022\/09\/08\/confronto-nazionale-unitario-no-al-docente-esperto-e-piu-risorse-per-il-contratto-daprile-se-ce-consenso-cosi-ampio-si-proceda\/","url":"https:\/\/www.uilscuolaemiliaromagna.it\/public\/er\/2022\/09\/08\/confronto-nazionale-unitario-no-al-docente-esperto-e-piu-risorse-per-il-contratto-daprile-se-ce-consenso-cosi-ampio-si-proceda\/","name":"CONFRONTO NAZIONALE UNITARIO | No al Docente Esperto e pi\u00f9 risorse per il Contratto, D\u2019Aprile: se c\u2019\u00e8 consenso cos\u00ec ampio, si proceda - Uil Scuola Emilia Romagna","isPartOf":{"@id":"https:\/\/www.uilscuolaemiliaromagna.it\/public\/er\/#website"},"datePublished":"2022-09-08T15:43:09+00:00","dateModified":"2022-09-09T09:05:25+00:00","breadcrumb":{"@id":"https:\/\/www.uilscuolaemiliaromagna.it\/public\/er\/2022\/09\/08\/confronto-nazionale-unitario-no-al-docente-esperto-e-piu-risorse-per-il-contratto-daprile-se-ce-consenso-cosi-ampio-si-proceda\/#breadcrumb"},"inLanguage":"it-IT","potentialAction":[{"@type":"ReadAction","target":["https:\/\/www.uilscuolaemiliaromagna.it\/public\/er\/2022\/09\/08\/confronto-nazionale-unitario-no-al-docente-esperto-e-piu-risorse-per-il-contratto-daprile-se-ce-consenso-cosi-ampio-si-proceda\/"]}]},{"@type":"BreadcrumbList","@id":"https:\/\/www.uilscuolaemiliaromagna.it\/public\/er\/2022\/09\/08\/confronto-nazionale-unitario-no-al-docente-esperto-e-piu-risorse-per-il-contratto-daprile-se-ce-consenso-cosi-ampio-si-proceda\/#breadcrumb","itemListElement":[{"@type":"ListItem","position":1,"name":"Home","item":"https:\/\/www.uilscuolaemiliaromagna.it\/public\/er\/"},{"@type":"ListItem","position":2,"name":"CONFRONTO NAZIONALE UNITARIO | No al Docente Esperto e pi\u00f9 risorse per il Contratto, D\u2019Aprile: se c\u2019\u00e8 consenso cos\u00ec ampio, si proceda"}]},{"@type":"WebSite","@id":"https:\/\/www.uilscuolaemiliaromagna.it\/public\/er\/#website","url":"https:\/\/www.uilscuolaemiliaromagna.it\/public\/er\/","name":"Uil Scuola Emilia Romagna","description":"La voce libera della scuola","publisher":{"@id":"https:\/\/www.uilscuolaemiliaromagna.it\/public\/er\/#organization"},"potentialAction":[{"@type":"SearchAction","target":{"@type":"EntryPoint","urlTemplate":"https:\/\/www.uilscuolaemiliaromagna.it\/public\/er\/?s={search_term_string}"},"query-input":"required name=search_term_string"}],"inLanguage":"it-IT"},{"@type":"Organization","@id":"https:\/\/www.uilscuolaemiliaromagna.it\/public\/er\/#organization","name":"Uil Scuola Emilia Romagna","url":"https:\/\/www.uilscuolaemiliaromagna.it\/public\/er\/","logo":{"@type":"ImageObject","inLanguage":"it-IT","@id":"https:\/\/www.uilscuolaemiliaromagna.it\/public\/er\/#\/schema\/logo\/image\/","url":"https:\/\/www.uilscuolaemiliaromagna.it\/public\/er\/wp-content\/uploads\/2017\/04\/cropped-header.png","contentUrl":"https:\/\/www.uilscuolaemiliaromagna.it\/public\/er\/wp-content\/uploads\/2017\/04\/cropped-header.png","width":1000,"height":150,"caption":"Uil Scuola Emilia Romagna"},"image":{"@id":"https:\/\/www.uilscuolaemiliaromagna.it\/public\/er\/#\/schema\/logo\/image\/"}},{"@type":"Person","@id":"https:\/\/www.uilscuolaemiliaromagna.it\/public\/er\/#\/schema\/person\/f42878fd07a4b6ba2b7153d4fad5de5e","name":"admin","image":{"@type":"ImageObject","inLanguage":"it-IT","@id":"https:\/\/www.uilscuolaemiliaromagna.it\/public\/er\/#\/schema\/person\/image\/","url":"https:\/\/secure.gravatar.com\/avatar\/aebf815ae2f30ffdae8b8c247273d34c?s=96&d=mm&r=g","contentUrl":"https:\/\/secure.gravatar.com\/avatar\/aebf815ae2f30ffdae8b8c247273d34c?s=96&d=mm&r=g","caption":"admin"},"url":"https:\/\/www.uilscuolaemiliaromagna.it\/public\/er\/author\/admin\/"}]}},"views":616,"_links":{"self":[{"href":"https:\/\/www.uilscuolaemiliaromagna.it\/public\/er\/wp-json\/wp\/v2\/posts\/10427"}],"collection":[{"href":"https:\/\/www.uilscuolaemiliaromagna.it\/public\/er\/wp-json\/wp\/v2\/posts"}],"about":[{"href":"https:\/\/www.uilscuolaemiliaromagna.it\/public\/er\/wp-json\/wp\/v2\/types\/post"}],"author":[{"embeddable":true,"href":"https:\/\/www.uilscuolaemiliaromagna.it\/public\/er\/wp-json\/wp\/v2\/users\/1"}],"replies":[{"embeddable":true,"href":"https:\/\/www.uilscuolaemiliaromagna.it\/public\/er\/wp-json\/wp\/v2\/comments?post=10427"}],"version-history":[{"count":3,"href":"https:\/\/www.uilscuolaemiliaromagna.it\/public\/er\/wp-json\/wp\/v2\/posts\/10427\/revisions"}],"predecessor-version":[{"id":10433,"href":"https:\/\/www.uilscuolaemiliaromagna.it\/public\/er\/wp-json\/wp\/v2\/posts\/10427\/revisions\/10433"}],"wp:featuredmedia":[{"embeddable":true,"href":"https:\/\/www.uilscuolaemiliaromagna.it\/public\/er\/wp-json\/wp\/v2\/media\/10428"}],"wp:attachment":[{"href":"https:\/\/www.uilscuolaemiliaromagna.it\/public\/er\/wp-json\/wp\/v2\/media?parent=10427"}],"wp:term":[{"taxonomy":"category","embeddable":true,"href":"https:\/\/www.uilscuolaemiliaromagna.it\/public\/er\/wp-json\/wp\/v2\/categories?post=10427"},{"taxonomy":"post_tag","embeddable":true,"href":"https:\/\/www.uilscuolaemiliaromagna.it\/public\/er\/wp-json\/wp\/v2\/tags?post=10427"}],"curies":[{"name":"wp","href":"https:\/\/api.w.org\/{rel}","templated":true}]}}