{"id":10625,"date":"2022-11-02T23:13:23","date_gmt":"2022-11-02T22:13:23","guid":{"rendered":"http:\/\/www.uilscuolaemiliaromagna.it\/public\/er\/?p=10625"},"modified":"2022-11-03T15:18:42","modified_gmt":"2022-11-03T14:18:42","slug":"incontro-sindacati-ministro-daprile-ministro-si-possono-investire-180-milioni-di-euro-per-immettere-in-ruolo-tutti-i-precari-della-scuola","status":"publish","type":"post","link":"https:\/\/www.uilscuolaemiliaromagna.it\/public\/er\/2022\/11\/02\/incontro-sindacati-ministro-daprile-ministro-si-possono-investire-180-milioni-di-euro-per-immettere-in-ruolo-tutti-i-precari-della-scuola\/","title":{"rendered":"INCONTRO SINDACATI MINISTRO | D\u2019Aprile: ministro, si possono investire 180 milioni di euro per immettere in ruolo tutti i precari della scuola"},"content":{"rendered":"<p style=\"text-align: justify;\"><strong><em>Pronto lo studio Uil Scuola Rua sulle differenze di stipendio tra precari e personale stabile della scuola: il costo per la stabilizzazione dei 252.157 precari ammonta a 180.345.425,04 euro all\u2019anno; 715,2 euro per ogni precario.<br \/>\n<\/em><\/strong><strong><em><br \/>\n<\/em><\/strong>Sono 30 i miliardi di euro del PNRR per la missione 4.0 destinata a istruzione e Ricerca; 33 i miliardi di euro dell\u2019ultima manovra Finanziaria: i numeri della finanza pubblica \u2013 sottolinea Giuseppe D\u2019Aprile, segretario generale della Uil Scuola Rua \u2013 mostrano impegni di spesa indirizzati a dare sicurezza al sistema scuola e a sostenere il sistema Paese.<\/p>\n<p style=\"text-align: justify;\">Capitoli strutturali \u2013 osserva \u2013 che non sono destinati alle persone che nella scuola lavorano ogni giorno.<\/p>\n<p style=\"text-align: justify;\">Cifre alla mano \u2013 rilancia il segretario generale Uil Scuola Rua \u2013 l\u2019immissione in ruolo dei 252.157 precari comporta una differenza di spesa di \u20ac 180.345.425,04 milioni all\u2019anno. Cifra \u2018<em>all inclusive<\/em>\u2019 che porter\u00e0 un beneficio non solo in termini di continuit\u00e0 didattica ma vantaggi ben pi\u00f9 ampi.<\/p>\n<p style=\"text-align: justify;\">E chiaro a tutti che contratti stabili offrono possibilit\u00e0 concrete alle persone: dalla possibilit\u00e0 di acquistare una casa al progettare stabilmente. Consentono di pensare al futuro.<br \/>\nLa stabilit\u00e0 economica \u2013 sottolinea D\u2019Aprile \u2013 porta indubbi benefici anche come stabilit\u00e0 contributiva, che si ripercuote anche sulla gestione previdenziale attuale e futura.<\/p>\n<p style=\"text-align: justify;\">La stabilizzazione \u2013 come d\u2019altronde il rinnovo del contratto scuola, osserva D\u2019Aprile \u2013 diventa volano di crescita per l\u2019intera economia del Paese, per cui stabilizzare comporta un doppio vantaggio: il primo certezza di una scuola con il personale in servizio gi\u00e0 dal primo di settembre e un\u2019economia che trova un nuovo slancio derivante dagli oltre 200 mila precari che iniziano a vedere un possibile futuro\u00a0<em>\u2018certo\u2019<\/em>.<\/p>\n<p style=\"text-align: justify;\">Ministro, non ci sfugge la portata della sua proposta del 2005 \u2013 ribadisce nel corso della riunione D\u2019Aprile \u2013 sulla quale c\u2019era ampio consenso tra il personale precario: procedere all\u2019immissione in ruolo rinunciando \u00abtemporaneamente\u00bb alla ricostruzione di carriera maturata con gli anni di servizio delle supplenze. Una ricostruzione differita nel tempo che consentirebbe le procedure di stabilizzazione.<br \/>\nUna proposta che potremmo tornare a valutare in sede negoziale \u2013 commenta d\u2019Aprile, che esorta a trovare e utilizzare i 180 milioni di euro per dare serenit\u00e0 a un quinto del personale che lavora a scuola.<\/p>\n<hr \/>\n<h3 style=\"text-align: justify;\"><strong>STUDIO UIL SCUOLA<\/strong><strong>\u00a0\/ Differenza stipendiale tra personale precario e personale a tempo indeterminato.<br \/>\n<\/strong><strong>180 milioni di euro per immettere in ruolo tutti i precari della scuola<br \/>\n<\/strong><em>Il progetto possibile di una scuola con tutto il personale, di ruolo<\/em><\/h3>\n<p style=\"text-align: justify;\">Lo studio Uil Scuola Rua\u00a0<strong>parte dall\u2019analisi dei livelli stipendiali tra personale precario e personale a tempo determinato<\/strong>: un confronto tabellare basato\u00a0<strong>su dati Ministero Istruzione, Ministero Finanze, INPS e Contratto Scuola 2018<\/strong>.<\/p>\n<p style=\"text-align: justify;\">Una differenza tra stipendi, non genericamente determinata, ma basata sull\u2019esame di tutte le componenti di spesa per determinare il costo complessivo dell\u2019immissione in ruolo di tutti i precari della scuola.<\/p>\n<p style=\"text-align: justify;\">La trasformazione dei posti dall\u2019organico di fatto in posti in organico di diritto, e degli attuali contratti precari del personale della scuola in immissioni in ruolo, avrebbe \u2013 dall\u2019analisi dei dati \u2013 un\u2019incidenza \u2018minima\u2019 per la spesa dello Stato e riflessi esponenziali sulla qualit\u00e0 della vita scolastica, intesa come comunit\u00e0 educante.<\/p>\n<p style=\"text-align: justify;\">La stabilizzazione\u00a0<strong>per 250 mila precari<\/strong>\u00a0comporta, calcoli alla mano, una differenza di spesa di\u00a0<strong>180.345.425,04<\/strong>\u00a0<strong>euro all\u2019anno<\/strong>\u00a0\u2013\u00a0<strong>715 euro<\/strong>\u00a0per ogni precario \u2013 e permetterebbe un beneficio enorme in termini di continuit\u00e0 didattica e un vantaggio sociale, in senso pi\u00f9 ampio.<\/p>\n<p style=\"text-align: justify;\">Contratti stabili offrono possibilit\u00e0 concrete alle persone: dall\u2019acquistare una casa al progettare stabilmente. Consentono di pensare al futuro.<br \/>\nLa stabilit\u00e0 economica porta indubbi benefici anche come stabilit\u00e0 contributiva, che si ripercuote anche sulla gestione previdenziale attuale e futura.<\/p>\n<p style=\"text-align: justify;\">La stabilizzazione, come d\u2019altronde il rinnovo del contratto scuola, possono diventare volano di crescita per l\u2019intera economia del Paese, per cui stabilizzare comporta un doppio vantaggio: il primo certezza di una scuola con il personale in servizio gi\u00e0 dal primo di settembre e, poi, un\u2019economia che trova un nuovo slancio dagli oltre 200 mila precari che iniziano a vedere un possibile futuro \u2018certo\u2019.<\/p>\n<div class=\"fluid-width-video-wrapper\"><iframe id=\"fitvid0\" title=\"Studio Uil Scuola: Per stabilit\u00e0 dei 252mila precari della scuola servono 180 milioni di euro l'anno\" src=\"https:\/\/www.youtube.com\/embed\/okHSFABSvV8?feature=oembed\" frameborder=\"0\" allowfullscreen=\"allowfullscreen\" data-mce-fragment=\"1\"><\/iframe><\/div>\n<p>&nbsp;<\/p>\n<ul>\n<li><a href=\"https:\/\/www.uilscuolaemiliaromagna.it\/public\/er\/wp-content\/uploads\/2022\/11\/STUDIO-UIL-SCUOLA-RUA-costo-stabilizzazione-precari-021122.pdf\" target=\"_blank\" rel=\"noopener noreferrer\">STUDIO UIL SCUOLA RUA costo stabilizzazione precari<\/a><\/li>\n<\/ul>\n<p>&nbsp;<\/p>\n<h6>fonte:\u00a0<a href=\"https:\/\/uilscuola.it\/daprile-ministro-si-possono-investire-180-milioni-di-euro-per-immettere-in-ruolo-tutti-i-precari-della-scuola\/\" target=\"_blank\" rel=\"noopener noreferrer\">uilscuola.it<\/a><\/h6>\n\n<div class=\"twitter-share\"><a href=\"https:\/\/twitter.com\/intent\/tweet?via=UILScuolaBO_ER\" class=\"twitter-share-button\" data-size=\"large\">Tweet<\/a><\/div>\n","protected":false},"excerpt":{"rendered":"<p>Pronto lo studio Uil Scuola Rua sulle differenze di stipendio tra precari e personale stabile della scuola: il costo per la stabilizzazione dei 252.157 precari &hellip; <\/p>\n","protected":false},"author":1,"featured_media":10627,"comment_status":"closed","ping_status":"open","sticky":false,"template":"","format":"standard","meta":{"footnotes":""},"categories":[12],"tags":[],"yoast_head":"<!-- This site is optimized with the Yoast SEO plugin v21.7 - https:\/\/yoast.com\/wordpress\/plugins\/seo\/ -->\r\n<title>INCONTRO SINDACATI MINISTRO | D\u2019Aprile: ministro, si possono investire 180 milioni di euro per immettere in ruolo tutti i precari della scuola - Uil Scuola Emilia Romagna<\/title>\r\n<meta name=\"robots\" content=\"index, follow, max-snippet:-1, max-image-preview:large, max-video-preview:-1\" \/>\r\n<link rel=\"canonical\" href=\"https:\/\/www.uilscuolaemiliaromagna.it\/public\/er\/2022\/11\/02\/incontro-sindacati-ministro-daprile-ministro-si-possono-investire-180-milioni-di-euro-per-immettere-in-ruolo-tutti-i-precari-della-scuola\/\" \/>\r\n<meta property=\"og:locale\" content=\"it_IT\" \/>\r\n<meta property=\"og:type\" content=\"article\" \/>\r\n<meta property=\"og:title\" content=\"INCONTRO SINDACATI MINISTRO | D\u2019Aprile: ministro, si possono investire 180 milioni di euro per immettere in ruolo tutti i precari della scuola - Uil Scuola Emilia Romagna\" \/>\r\n<meta property=\"og:description\" content=\"Pronto lo studio Uil Scuola Rua sulle differenze di stipendio tra precari e personale stabile della scuola: il costo per la stabilizzazione dei 252.157 precari &hellip;\" \/>\r\n<meta property=\"og:url\" content=\"https:\/\/www.uilscuolaemiliaromagna.it\/public\/er\/2022\/11\/02\/incontro-sindacati-ministro-daprile-ministro-si-possono-investire-180-milioni-di-euro-per-immettere-in-ruolo-tutti-i-precari-della-scuola\/\" \/>\r\n<meta property=\"og:site_name\" content=\"Uil Scuola Emilia Romagna\" \/>\r\n<meta property=\"article:published_time\" content=\"2022-11-02T22:13:23+00:00\" \/>\r\n<meta property=\"article:modified_time\" content=\"2022-11-03T14:18:42+00:00\" \/>\r\n<meta property=\"og:image\" content=\"https:\/\/www.uilscuolaemiliaromagna.it\/public\/er\/wp-content\/uploads\/2022\/11\/salone-ministri-Miur-150x150-1.jpg\" \/>\r\n\t<meta property=\"og:image:width\" content=\"150\" \/>\r\n\t<meta property=\"og:image:height\" content=\"150\" \/>\r\n\t<meta property=\"og:image:type\" content=\"image\/jpeg\" \/>\r\n<meta name=\"author\" content=\"admin\" \/>\r\n<meta name=\"twitter:card\" content=\"summary_large_image\" \/>\r\n<meta name=\"twitter:label1\" content=\"Scritto da\" \/>\n\t<meta name=\"twitter:data1\" content=\"admin\" \/>\n\t<meta name=\"twitter:label2\" content=\"Tempo di lettura stimato\" \/>\n\t<meta name=\"twitter:data2\" content=\"3 minuti\" \/>\r\n<script type=\"application\/ld+json\" class=\"yoast-schema-graph\">{\"@context\":\"https:\/\/schema.org\",\"@graph\":[{\"@type\":\"Article\",\"@id\":\"https:\/\/www.uilscuolaemiliaromagna.it\/public\/er\/2022\/11\/02\/incontro-sindacati-ministro-daprile-ministro-si-possono-investire-180-milioni-di-euro-per-immettere-in-ruolo-tutti-i-precari-della-scuola\/#article\",\"isPartOf\":{\"@id\":\"https:\/\/www.uilscuolaemiliaromagna.it\/public\/er\/2022\/11\/02\/incontro-sindacati-ministro-daprile-ministro-si-possono-investire-180-milioni-di-euro-per-immettere-in-ruolo-tutti-i-precari-della-scuola\/\"},\"author\":{\"name\":\"admin\",\"@id\":\"https:\/\/www.uilscuolaemiliaromagna.it\/public\/er\/#\/schema\/person\/f42878fd07a4b6ba2b7153d4fad5de5e\"},\"headline\":\"INCONTRO SINDACATI MINISTRO | D\u2019Aprile: ministro, si possono investire 180 milioni di euro per immettere in ruolo tutti i precari della scuola\",\"datePublished\":\"2022-11-02T22:13:23+00:00\",\"dateModified\":\"2022-11-03T14:18:42+00:00\",\"mainEntityOfPage\":{\"@id\":\"https:\/\/www.uilscuolaemiliaromagna.it\/public\/er\/2022\/11\/02\/incontro-sindacati-ministro-daprile-ministro-si-possono-investire-180-milioni-di-euro-per-immettere-in-ruolo-tutti-i-precari-della-scuola\/\"},\"wordCount\":685,\"publisher\":{\"@id\":\"https:\/\/www.uilscuolaemiliaromagna.it\/public\/er\/#organization\"},\"articleSection\":[\"Notizie\"],\"inLanguage\":\"it-IT\"},{\"@type\":\"WebPage\",\"@id\":\"https:\/\/www.uilscuolaemiliaromagna.it\/public\/er\/2022\/11\/02\/incontro-sindacati-ministro-daprile-ministro-si-possono-investire-180-milioni-di-euro-per-immettere-in-ruolo-tutti-i-precari-della-scuola\/\",\"url\":\"https:\/\/www.uilscuolaemiliaromagna.it\/public\/er\/2022\/11\/02\/incontro-sindacati-ministro-daprile-ministro-si-possono-investire-180-milioni-di-euro-per-immettere-in-ruolo-tutti-i-precari-della-scuola\/\",\"name\":\"INCONTRO SINDACATI MINISTRO | D\u2019Aprile: ministro, si possono investire 180 milioni di euro per immettere in ruolo tutti i precari della scuola - Uil Scuola Emilia Romagna\",\"isPartOf\":{\"@id\":\"https:\/\/www.uilscuolaemiliaromagna.it\/public\/er\/#website\"},\"datePublished\":\"2022-11-02T22:13:23+00:00\",\"dateModified\":\"2022-11-03T14:18:42+00:00\",\"breadcrumb\":{\"@id\":\"https:\/\/www.uilscuolaemiliaromagna.it\/public\/er\/2022\/11\/02\/incontro-sindacati-ministro-daprile-ministro-si-possono-investire-180-milioni-di-euro-per-immettere-in-ruolo-tutti-i-precari-della-scuola\/#breadcrumb\"},\"inLanguage\":\"it-IT\",\"potentialAction\":[{\"@type\":\"ReadAction\",\"target\":[\"https:\/\/www.uilscuolaemiliaromagna.it\/public\/er\/2022\/11\/02\/incontro-sindacati-ministro-daprile-ministro-si-possono-investire-180-milioni-di-euro-per-immettere-in-ruolo-tutti-i-precari-della-scuola\/\"]}]},{\"@type\":\"BreadcrumbList\",\"@id\":\"https:\/\/www.uilscuolaemiliaromagna.it\/public\/er\/2022\/11\/02\/incontro-sindacati-ministro-daprile-ministro-si-possono-investire-180-milioni-di-euro-per-immettere-in-ruolo-tutti-i-precari-della-scuola\/#breadcrumb\",\"itemListElement\":[{\"@type\":\"ListItem\",\"position\":1,\"name\":\"Home\",\"item\":\"https:\/\/www.uilscuolaemiliaromagna.it\/public\/er\/\"},{\"@type\":\"ListItem\",\"position\":2,\"name\":\"INCONTRO SINDACATI MINISTRO | D\u2019Aprile: ministro, si possono investire 180 milioni di euro per immettere in ruolo tutti i precari della scuola\"}]},{\"@type\":\"WebSite\",\"@id\":\"https:\/\/www.uilscuolaemiliaromagna.it\/public\/er\/#website\",\"url\":\"https:\/\/www.uilscuolaemiliaromagna.it\/public\/er\/\",\"name\":\"Uil Scuola Emilia Romagna\",\"description\":\"La voce libera della scuola\",\"publisher\":{\"@id\":\"https:\/\/www.uilscuolaemiliaromagna.it\/public\/er\/#organization\"},\"potentialAction\":[{\"@type\":\"SearchAction\",\"target\":{\"@type\":\"EntryPoint\",\"urlTemplate\":\"https:\/\/www.uilscuolaemiliaromagna.it\/public\/er\/?s={search_term_string}\"},\"query-input\":\"required name=search_term_string\"}],\"inLanguage\":\"it-IT\"},{\"@type\":\"Organization\",\"@id\":\"https:\/\/www.uilscuolaemiliaromagna.it\/public\/er\/#organization\",\"name\":\"Uil Scuola Emilia Romagna\",\"url\":\"https:\/\/www.uilscuolaemiliaromagna.it\/public\/er\/\",\"logo\":{\"@type\":\"ImageObject\",\"inLanguage\":\"it-IT\",\"@id\":\"https:\/\/www.uilscuolaemiliaromagna.it\/public\/er\/#\/schema\/logo\/image\/\",\"url\":\"https:\/\/www.uilscuolaemiliaromagna.it\/public\/er\/wp-content\/uploads\/2017\/04\/cropped-header.png\",\"contentUrl\":\"https:\/\/www.uilscuolaemiliaromagna.it\/public\/er\/wp-content\/uploads\/2017\/04\/cropped-header.png\",\"width\":1000,\"height\":150,\"caption\":\"Uil Scuola Emilia Romagna\"},\"image\":{\"@id\":\"https:\/\/www.uilscuolaemiliaromagna.it\/public\/er\/#\/schema\/logo\/image\/\"}},{\"@type\":\"Person\",\"@id\":\"https:\/\/www.uilscuolaemiliaromagna.it\/public\/er\/#\/schema\/person\/f42878fd07a4b6ba2b7153d4fad5de5e\",\"name\":\"admin\",\"image\":{\"@type\":\"ImageObject\",\"inLanguage\":\"it-IT\",\"@id\":\"https:\/\/www.uilscuolaemiliaromagna.it\/public\/er\/#\/schema\/person\/image\/\",\"url\":\"https:\/\/secure.gravatar.com\/avatar\/aebf815ae2f30ffdae8b8c247273d34c?s=96&d=mm&r=g\",\"contentUrl\":\"https:\/\/secure.gravatar.com\/avatar\/aebf815ae2f30ffdae8b8c247273d34c?s=96&d=mm&r=g\",\"caption\":\"admin\"},\"url\":\"https:\/\/www.uilscuolaemiliaromagna.it\/public\/er\/author\/admin\/\"}]}<\/script>\r\n<!-- \/ Yoast SEO plugin. -->","yoast_head_json":{"title":"INCONTRO SINDACATI MINISTRO | D\u2019Aprile: ministro, si possono investire 180 milioni di euro per immettere in ruolo tutti i precari della scuola - Uil Scuola Emilia Romagna","robots":{"index":"index","follow":"follow","max-snippet":"max-snippet:-1","max-image-preview":"max-image-preview:large","max-video-preview":"max-video-preview:-1"},"canonical":"https:\/\/www.uilscuolaemiliaromagna.it\/public\/er\/2022\/11\/02\/incontro-sindacati-ministro-daprile-ministro-si-possono-investire-180-milioni-di-euro-per-immettere-in-ruolo-tutti-i-precari-della-scuola\/","og_locale":"it_IT","og_type":"article","og_title":"INCONTRO SINDACATI MINISTRO | D\u2019Aprile: ministro, si possono investire 180 milioni di euro per immettere in ruolo tutti i precari della scuola - Uil Scuola Emilia Romagna","og_description":"Pronto lo studio Uil Scuola Rua sulle differenze di stipendio tra precari e personale stabile della scuola: il costo per la stabilizzazione dei 252.157 precari &hellip;","og_url":"https:\/\/www.uilscuolaemiliaromagna.it\/public\/er\/2022\/11\/02\/incontro-sindacati-ministro-daprile-ministro-si-possono-investire-180-milioni-di-euro-per-immettere-in-ruolo-tutti-i-precari-della-scuola\/","og_site_name":"Uil Scuola Emilia Romagna","article_published_time":"2022-11-02T22:13:23+00:00","article_modified_time":"2022-11-03T14:18:42+00:00","og_image":[{"width":150,"height":150,"url":"https:\/\/www.uilscuolaemiliaromagna.it\/public\/er\/wp-content\/uploads\/2022\/11\/salone-ministri-Miur-150x150-1.jpg","type":"image\/jpeg"}],"author":"admin","twitter_card":"summary_large_image","twitter_misc":{"Scritto da":"admin","Tempo di lettura stimato":"3 minuti"},"schema":{"@context":"https:\/\/schema.org","@graph":[{"@type":"Article","@id":"https:\/\/www.uilscuolaemiliaromagna.it\/public\/er\/2022\/11\/02\/incontro-sindacati-ministro-daprile-ministro-si-possono-investire-180-milioni-di-euro-per-immettere-in-ruolo-tutti-i-precari-della-scuola\/#article","isPartOf":{"@id":"https:\/\/www.uilscuolaemiliaromagna.it\/public\/er\/2022\/11\/02\/incontro-sindacati-ministro-daprile-ministro-si-possono-investire-180-milioni-di-euro-per-immettere-in-ruolo-tutti-i-precari-della-scuola\/"},"author":{"name":"admin","@id":"https:\/\/www.uilscuolaemiliaromagna.it\/public\/er\/#\/schema\/person\/f42878fd07a4b6ba2b7153d4fad5de5e"},"headline":"INCONTRO SINDACATI MINISTRO | D\u2019Aprile: ministro, si possono investire 180 milioni di euro per immettere in ruolo tutti i precari della scuola","datePublished":"2022-11-02T22:13:23+00:00","dateModified":"2022-11-03T14:18:42+00:00","mainEntityOfPage":{"@id":"https:\/\/www.uilscuolaemiliaromagna.it\/public\/er\/2022\/11\/02\/incontro-sindacati-ministro-daprile-ministro-si-possono-investire-180-milioni-di-euro-per-immettere-in-ruolo-tutti-i-precari-della-scuola\/"},"wordCount":685,"publisher":{"@id":"https:\/\/www.uilscuolaemiliaromagna.it\/public\/er\/#organization"},"articleSection":["Notizie"],"inLanguage":"it-IT"},{"@type":"WebPage","@id":"https:\/\/www.uilscuolaemiliaromagna.it\/public\/er\/2022\/11\/02\/incontro-sindacati-ministro-daprile-ministro-si-possono-investire-180-milioni-di-euro-per-immettere-in-ruolo-tutti-i-precari-della-scuola\/","url":"https:\/\/www.uilscuolaemiliaromagna.it\/public\/er\/2022\/11\/02\/incontro-sindacati-ministro-daprile-ministro-si-possono-investire-180-milioni-di-euro-per-immettere-in-ruolo-tutti-i-precari-della-scuola\/","name":"INCONTRO SINDACATI MINISTRO | D\u2019Aprile: ministro, si possono investire 180 milioni di euro per immettere in ruolo tutti i precari della scuola - Uil Scuola Emilia Romagna","isPartOf":{"@id":"https:\/\/www.uilscuolaemiliaromagna.it\/public\/er\/#website"},"datePublished":"2022-11-02T22:13:23+00:00","dateModified":"2022-11-03T14:18:42+00:00","breadcrumb":{"@id":"https:\/\/www.uilscuolaemiliaromagna.it\/public\/er\/2022\/11\/02\/incontro-sindacati-ministro-daprile-ministro-si-possono-investire-180-milioni-di-euro-per-immettere-in-ruolo-tutti-i-precari-della-scuola\/#breadcrumb"},"inLanguage":"it-IT","potentialAction":[{"@type":"ReadAction","target":["https:\/\/www.uilscuolaemiliaromagna.it\/public\/er\/2022\/11\/02\/incontro-sindacati-ministro-daprile-ministro-si-possono-investire-180-milioni-di-euro-per-immettere-in-ruolo-tutti-i-precari-della-scuola\/"]}]},{"@type":"BreadcrumbList","@id":"https:\/\/www.uilscuolaemiliaromagna.it\/public\/er\/2022\/11\/02\/incontro-sindacati-ministro-daprile-ministro-si-possono-investire-180-milioni-di-euro-per-immettere-in-ruolo-tutti-i-precari-della-scuola\/#breadcrumb","itemListElement":[{"@type":"ListItem","position":1,"name":"Home","item":"https:\/\/www.uilscuolaemiliaromagna.it\/public\/er\/"},{"@type":"ListItem","position":2,"name":"INCONTRO SINDACATI MINISTRO | D\u2019Aprile: ministro, si possono investire 180 milioni di euro per immettere in ruolo tutti i precari della scuola"}]},{"@type":"WebSite","@id":"https:\/\/www.uilscuolaemiliaromagna.it\/public\/er\/#website","url":"https:\/\/www.uilscuolaemiliaromagna.it\/public\/er\/","name":"Uil Scuola Emilia Romagna","description":"La voce libera della scuola","publisher":{"@id":"https:\/\/www.uilscuolaemiliaromagna.it\/public\/er\/#organization"},"potentialAction":[{"@type":"SearchAction","target":{"@type":"EntryPoint","urlTemplate":"https:\/\/www.uilscuolaemiliaromagna.it\/public\/er\/?s={search_term_string}"},"query-input":"required name=search_term_string"}],"inLanguage":"it-IT"},{"@type":"Organization","@id":"https:\/\/www.uilscuolaemiliaromagna.it\/public\/er\/#organization","name":"Uil Scuola Emilia Romagna","url":"https:\/\/www.uilscuolaemiliaromagna.it\/public\/er\/","logo":{"@type":"ImageObject","inLanguage":"it-IT","@id":"https:\/\/www.uilscuolaemiliaromagna.it\/public\/er\/#\/schema\/logo\/image\/","url":"https:\/\/www.uilscuolaemiliaromagna.it\/public\/er\/wp-content\/uploads\/2017\/04\/cropped-header.png","contentUrl":"https:\/\/www.uilscuolaemiliaromagna.it\/public\/er\/wp-content\/uploads\/2017\/04\/cropped-header.png","width":1000,"height":150,"caption":"Uil Scuola Emilia Romagna"},"image":{"@id":"https:\/\/www.uilscuolaemiliaromagna.it\/public\/er\/#\/schema\/logo\/image\/"}},{"@type":"Person","@id":"https:\/\/www.uilscuolaemiliaromagna.it\/public\/er\/#\/schema\/person\/f42878fd07a4b6ba2b7153d4fad5de5e","name":"admin","image":{"@type":"ImageObject","inLanguage":"it-IT","@id":"https:\/\/www.uilscuolaemiliaromagna.it\/public\/er\/#\/schema\/person\/image\/","url":"https:\/\/secure.gravatar.com\/avatar\/aebf815ae2f30ffdae8b8c247273d34c?s=96&d=mm&r=g","contentUrl":"https:\/\/secure.gravatar.com\/avatar\/aebf815ae2f30ffdae8b8c247273d34c?s=96&d=mm&r=g","caption":"admin"},"url":"https:\/\/www.uilscuolaemiliaromagna.it\/public\/er\/author\/admin\/"}]}},"views":503,"_links":{"self":[{"href":"https:\/\/www.uilscuolaemiliaromagna.it\/public\/er\/wp-json\/wp\/v2\/posts\/10625"}],"collection":[{"href":"https:\/\/www.uilscuolaemiliaromagna.it\/public\/er\/wp-json\/wp\/v2\/posts"}],"about":[{"href":"https:\/\/www.uilscuolaemiliaromagna.it\/public\/er\/wp-json\/wp\/v2\/types\/post"}],"author":[{"embeddable":true,"href":"https:\/\/www.uilscuolaemiliaromagna.it\/public\/er\/wp-json\/wp\/v2\/users\/1"}],"replies":[{"embeddable":true,"href":"https:\/\/www.uilscuolaemiliaromagna.it\/public\/er\/wp-json\/wp\/v2\/comments?post=10625"}],"version-history":[{"count":2,"href":"https:\/\/www.uilscuolaemiliaromagna.it\/public\/er\/wp-json\/wp\/v2\/posts\/10625\/revisions"}],"predecessor-version":[{"id":10630,"href":"https:\/\/www.uilscuolaemiliaromagna.it\/public\/er\/wp-json\/wp\/v2\/posts\/10625\/revisions\/10630"}],"wp:featuredmedia":[{"embeddable":true,"href":"https:\/\/www.uilscuolaemiliaromagna.it\/public\/er\/wp-json\/wp\/v2\/media\/10627"}],"wp:attachment":[{"href":"https:\/\/www.uilscuolaemiliaromagna.it\/public\/er\/wp-json\/wp\/v2\/media?parent=10625"}],"wp:term":[{"taxonomy":"category","embeddable":true,"href":"https:\/\/www.uilscuolaemiliaromagna.it\/public\/er\/wp-json\/wp\/v2\/categories?post=10625"},{"taxonomy":"post_tag","embeddable":true,"href":"https:\/\/www.uilscuolaemiliaromagna.it\/public\/er\/wp-json\/wp\/v2\/tags?post=10625"}],"curies":[{"name":"wp","href":"https:\/\/api.w.org\/{rel}","templated":true}]}}