{"id":10759,"date":"2022-11-21T23:38:18","date_gmt":"2022-11-21T22:38:18","guid":{"rendered":"http:\/\/www.uilscuolaemiliaromagna.it\/public\/er\/?p=10759"},"modified":"2022-11-22T19:40:49","modified_gmt":"2022-11-22T18:40:49","slug":"anno-scolastico-2023-24-iscrizione-alle-scuole-di-ogni-ordine-e-grado-esclusa-la-scuola-dellinfanzia-dalle-procedure-on-line","status":"publish","type":"post","link":"https:\/\/www.uilscuolaemiliaromagna.it\/public\/er\/2022\/11\/21\/anno-scolastico-2023-24-iscrizione-alle-scuole-di-ogni-ordine-e-grado-esclusa-la-scuola-dellinfanzia-dalle-procedure-on-line\/","title":{"rendered":"ANNO SCOLASTICO 2023\/24 | Iscrizione alle scuole di ogni ordine e grado: esclusa la scuola dell\u2019infanzia dalle procedure on line"},"content":{"rendered":"<div>\n<p style=\"text-align: justify;\">Ancora una volta la bozza di circolare del Ministero dell\u2019istruzione per le iscrizioni, esclude la scuola dell\u2019infanzia dal presentare le istanze on line, continuando la vecchia prassi marginalizzante verso questo primo ordine di scuola.<\/p>\n<p style=\"text-align: justify;\">La motivazione, poco convincente, da parte dell\u2019Amministrazione \u2026\u201cnon \u00e8 possibile adottare l\u2019iscrizione on line per quest\u2019ordine di scuola, perch\u00e9 le scuole paritarie non sono obbligate\u201d\u2026,non incontra il favore dei Dirigenti scolastici della Uil Scuola Rua, in quanto la gestione delle iscrizioni cartacee appesantisce vieppi\u00f9 il lavoro delle segreterie scolastiche.<\/p>\n<p style=\"text-align: justify;\">La Uil Scuola Rua ha ricordato che anche le scuole primarie pur registrando la presenza di molte scuole paritarie, sono obbligate a servirsi di istanze on line, per cui risulta incomprensibile perch\u00e9 non possa avvenire lo stesso per le iscrizioni alla scuola dell\u2019infanzia.<\/p>\n<p style=\"text-align: justify;\">Stessa incomprensibile esclusione per i percorsi di istruzione per gli adulti ivi compresi quelli attivati presso gli istituti di prevenzione e pena.<\/p>\n<p style=\"text-align: justify;\">Le scuole gi\u00e0 all\u2019inizio dell\u2019anno scolastico progettano, si organizzano per un orientamento in entrata e in uscita, per offrire agli alunni un\u2019offerta formativa completa, chiara , rispondente alle esigenze del territorio, che ha il suo culmine nelle iscrizioni.<\/p>\n<p style=\"text-align: justify;\">L\u2019attenzione non solo delle scuole ma anche di chi sovrintende a questo delicato passaggio deve mirare ad un controllo di tutti i nostri alunni, in modo che nessuno possa sfuggire al monitoraggio dei frequentanti le scuole di ogni ordine e grado.<\/p>\n<p style=\"text-align: justify;\">Un sistema efficiente di una scuola ben organizzata, preoccupata del fenomeno della dispersione scolastica.<\/p>\n<p style=\"text-align: justify;\">La UIL Scuola RUA apprezza:<br \/>\n\u2013 che la finestra temporale per le iscrizioni sia stata allungata dal 9 gennaio al 30 gennaio;<\/p>\n<p style=\"text-align: justify;\">\u2013 che l\u2019orario ordinamentale della scuola primaria sia stato incrementato di 2 ore di educazione motoria anche per le quarte classi;<br \/>\n\u2013 che sia stata fatta chiarezza sui percorsi da seguire per le richieste di istruzione parentale;<br \/>\n\u2013 che viene previsto l\u2019uso di un\u2019applicazione per monitorare l\u2019istanza di iscrizione dei propri figli.<\/p>\n<p style=\"text-align: justify;\">La bozza di circolare prevede, un ulteriore aggravio di lavoro per le segreterie scolastiche, perch\u00e9 dispone che l\u2019ultima scuola che tratta la domanda di iscrizione, qualora sia impossibilitata ad accoglierla per incapienza, \u00e8 tenuta ad affiancare la famiglia nella individuazione di una diversa istituzione scolastica idonea , accertandosi che il procedimento si concluda con l\u2019effettiva iscrizione.<\/p>\n<p style=\"text-align: justify;\">Difficile stabilire a priori quanti saranno gli alunni in queste condizioni e chiaramente, dinanzi a un elevato numero di richieste, l\u2019impegno e il lavoro delle segreterie scolastiche non sar\u00e0 certo di poco conto.<br \/>\nAllora perch\u00e9 non prevedere l\u2019aumento dell\u2019organico di segreteria?<\/p>\n<p style=\"text-align: justify;\">La UIL Scuola Rua, a tal proposito auspica che l\u2019Amministrazione riconsideri tale decisione che, ancorch\u00e9 giusta nelle finalit\u00e0, \u00e8 assolutamente non condivisibile per l\u2019ulteriore aggravio di lavoro per le segreterie sempre pi\u00f9 sprovviste di personale.<\/p>\n<p style=\"text-align: justify;\">Per la Uil Scuola Rua hanno partecipato Enrico Bianchi e Rosa Cirillo<\/p>\n<h6>fonte:\u00a0<a href=\"https:\/\/uilscuola.it\/iscrizione-alle-scuole-di-ogni-ordine-e-grado-esclusa-la-scuola-dellinfanzia-dalle-procedure-on-line\/\" target=\"_blank\" rel=\"noopener noreferrer\">uilscuola.it<\/a><\/h6>\n<\/div>\n<div class=\"clear\"><\/div>\n<div id=\"allegati\"><\/div>\n\n<div class=\"twitter-share\"><a href=\"https:\/\/twitter.com\/intent\/tweet?via=UILScuolaBO_ER\" class=\"twitter-share-button\" data-size=\"large\">Tweet<\/a><\/div>\n","protected":false},"excerpt":{"rendered":"<p>Ancora una volta la bozza di circolare del Ministero dell\u2019istruzione per le iscrizioni, esclude la scuola dell\u2019infanzia dal presentare le istanze on line, continuando la &hellip; <\/p>\n","protected":false},"author":1,"featured_media":6814,"comment_status":"closed","ping_status":"open","sticky":false,"template":"","format":"standard","meta":{"footnotes":""},"categories":[12],"tags":[],"yoast_head":"<!-- This site is optimized with the Yoast SEO plugin v21.7 - https:\/\/yoast.com\/wordpress\/plugins\/seo\/ -->\r\n<title>ANNO SCOLASTICO 2023\/24 | Iscrizione alle scuole di ogni ordine e grado: esclusa la scuola dell\u2019infanzia dalle procedure on line - Uil Scuola Emilia Romagna<\/title>\r\n<meta name=\"robots\" content=\"index, follow, max-snippet:-1, max-image-preview:large, max-video-preview:-1\" \/>\r\n<link rel=\"canonical\" href=\"https:\/\/www.uilscuolaemiliaromagna.it\/public\/er\/2022\/11\/21\/anno-scolastico-2023-24-iscrizione-alle-scuole-di-ogni-ordine-e-grado-esclusa-la-scuola-dellinfanzia-dalle-procedure-on-line\/\" \/>\r\n<meta property=\"og:locale\" content=\"it_IT\" \/>\r\n<meta property=\"og:type\" content=\"article\" \/>\r\n<meta property=\"og:title\" content=\"ANNO SCOLASTICO 2023\/24 | Iscrizione alle scuole di ogni ordine e grado: esclusa la scuola dell\u2019infanzia dalle procedure on line - Uil Scuola Emilia Romagna\" \/>\r\n<meta property=\"og:description\" content=\"Ancora una volta la bozza di circolare del Ministero dell\u2019istruzione per le iscrizioni, esclude la scuola dell\u2019infanzia dal presentare le istanze on line, continuando la &hellip;\" \/>\r\n<meta property=\"og:url\" content=\"https:\/\/www.uilscuolaemiliaromagna.it\/public\/er\/2022\/11\/21\/anno-scolastico-2023-24-iscrizione-alle-scuole-di-ogni-ordine-e-grado-esclusa-la-scuola-dellinfanzia-dalle-procedure-on-line\/\" \/>\r\n<meta property=\"og:site_name\" content=\"Uil Scuola Emilia Romagna\" \/>\r\n<meta property=\"article:published_time\" content=\"2022-11-21T22:38:18+00:00\" \/>\r\n<meta property=\"article:modified_time\" content=\"2022-11-22T18:40:49+00:00\" \/>\r\n<meta property=\"og:image\" content=\"https:\/\/www.uilscuolaemiliaromagna.it\/public\/er\/wp-content\/uploads\/2020\/10\/ata-cs-2.jpg\" \/>\r\n\t<meta property=\"og:image:width\" content=\"800\" \/>\r\n\t<meta property=\"og:image:height\" content=\"500\" \/>\r\n\t<meta property=\"og:image:type\" content=\"image\/jpeg\" \/>\r\n<meta name=\"author\" content=\"admin\" \/>\r\n<meta name=\"twitter:card\" content=\"summary_large_image\" \/>\r\n<meta name=\"twitter:label1\" content=\"Scritto da\" \/>\n\t<meta name=\"twitter:data1\" content=\"admin\" \/>\n\t<meta name=\"twitter:label2\" content=\"Tempo di lettura stimato\" \/>\n\t<meta name=\"twitter:data2\" content=\"2 minuti\" \/>\r\n<script type=\"application\/ld+json\" class=\"yoast-schema-graph\">{\"@context\":\"https:\/\/schema.org\",\"@graph\":[{\"@type\":\"Article\",\"@id\":\"https:\/\/www.uilscuolaemiliaromagna.it\/public\/er\/2022\/11\/21\/anno-scolastico-2023-24-iscrizione-alle-scuole-di-ogni-ordine-e-grado-esclusa-la-scuola-dellinfanzia-dalle-procedure-on-line\/#article\",\"isPartOf\":{\"@id\":\"https:\/\/www.uilscuolaemiliaromagna.it\/public\/er\/2022\/11\/21\/anno-scolastico-2023-24-iscrizione-alle-scuole-di-ogni-ordine-e-grado-esclusa-la-scuola-dellinfanzia-dalle-procedure-on-line\/\"},\"author\":{\"name\":\"admin\",\"@id\":\"https:\/\/www.uilscuolaemiliaromagna.it\/public\/er\/#\/schema\/person\/f42878fd07a4b6ba2b7153d4fad5de5e\"},\"headline\":\"ANNO SCOLASTICO 2023\/24 | Iscrizione alle scuole di ogni ordine e grado: esclusa la scuola dell\u2019infanzia dalle procedure on line\",\"datePublished\":\"2022-11-21T22:38:18+00:00\",\"dateModified\":\"2022-11-22T18:40:49+00:00\",\"mainEntityOfPage\":{\"@id\":\"https:\/\/www.uilscuolaemiliaromagna.it\/public\/er\/2022\/11\/21\/anno-scolastico-2023-24-iscrizione-alle-scuole-di-ogni-ordine-e-grado-esclusa-la-scuola-dellinfanzia-dalle-procedure-on-line\/\"},\"wordCount\":491,\"publisher\":{\"@id\":\"https:\/\/www.uilscuolaemiliaromagna.it\/public\/er\/#organization\"},\"articleSection\":[\"Notizie\"],\"inLanguage\":\"it-IT\"},{\"@type\":\"WebPage\",\"@id\":\"https:\/\/www.uilscuolaemiliaromagna.it\/public\/er\/2022\/11\/21\/anno-scolastico-2023-24-iscrizione-alle-scuole-di-ogni-ordine-e-grado-esclusa-la-scuola-dellinfanzia-dalle-procedure-on-line\/\",\"url\":\"https:\/\/www.uilscuolaemiliaromagna.it\/public\/er\/2022\/11\/21\/anno-scolastico-2023-24-iscrizione-alle-scuole-di-ogni-ordine-e-grado-esclusa-la-scuola-dellinfanzia-dalle-procedure-on-line\/\",\"name\":\"ANNO SCOLASTICO 2023\/24 | Iscrizione alle scuole di ogni ordine e grado: esclusa la scuola dell\u2019infanzia dalle procedure on line - Uil Scuola Emilia Romagna\",\"isPartOf\":{\"@id\":\"https:\/\/www.uilscuolaemiliaromagna.it\/public\/er\/#website\"},\"datePublished\":\"2022-11-21T22:38:18+00:00\",\"dateModified\":\"2022-11-22T18:40:49+00:00\",\"breadcrumb\":{\"@id\":\"https:\/\/www.uilscuolaemiliaromagna.it\/public\/er\/2022\/11\/21\/anno-scolastico-2023-24-iscrizione-alle-scuole-di-ogni-ordine-e-grado-esclusa-la-scuola-dellinfanzia-dalle-procedure-on-line\/#breadcrumb\"},\"inLanguage\":\"it-IT\",\"potentialAction\":[{\"@type\":\"ReadAction\",\"target\":[\"https:\/\/www.uilscuolaemiliaromagna.it\/public\/er\/2022\/11\/21\/anno-scolastico-2023-24-iscrizione-alle-scuole-di-ogni-ordine-e-grado-esclusa-la-scuola-dellinfanzia-dalle-procedure-on-line\/\"]}]},{\"@type\":\"BreadcrumbList\",\"@id\":\"https:\/\/www.uilscuolaemiliaromagna.it\/public\/er\/2022\/11\/21\/anno-scolastico-2023-24-iscrizione-alle-scuole-di-ogni-ordine-e-grado-esclusa-la-scuola-dellinfanzia-dalle-procedure-on-line\/#breadcrumb\",\"itemListElement\":[{\"@type\":\"ListItem\",\"position\":1,\"name\":\"Home\",\"item\":\"https:\/\/www.uilscuolaemiliaromagna.it\/public\/er\/\"},{\"@type\":\"ListItem\",\"position\":2,\"name\":\"ANNO SCOLASTICO 2023\/24 | Iscrizione alle scuole di ogni ordine e grado: esclusa la scuola dell\u2019infanzia dalle procedure on line\"}]},{\"@type\":\"WebSite\",\"@id\":\"https:\/\/www.uilscuolaemiliaromagna.it\/public\/er\/#website\",\"url\":\"https:\/\/www.uilscuolaemiliaromagna.it\/public\/er\/\",\"name\":\"Uil Scuola Emilia Romagna\",\"description\":\"La voce libera della scuola\",\"publisher\":{\"@id\":\"https:\/\/www.uilscuolaemiliaromagna.it\/public\/er\/#organization\"},\"potentialAction\":[{\"@type\":\"SearchAction\",\"target\":{\"@type\":\"EntryPoint\",\"urlTemplate\":\"https:\/\/www.uilscuolaemiliaromagna.it\/public\/er\/?s={search_term_string}\"},\"query-input\":\"required name=search_term_string\"}],\"inLanguage\":\"it-IT\"},{\"@type\":\"Organization\",\"@id\":\"https:\/\/www.uilscuolaemiliaromagna.it\/public\/er\/#organization\",\"name\":\"Uil Scuola Emilia Romagna\",\"url\":\"https:\/\/www.uilscuolaemiliaromagna.it\/public\/er\/\",\"logo\":{\"@type\":\"ImageObject\",\"inLanguage\":\"it-IT\",\"@id\":\"https:\/\/www.uilscuolaemiliaromagna.it\/public\/er\/#\/schema\/logo\/image\/\",\"url\":\"https:\/\/www.uilscuolaemiliaromagna.it\/public\/er\/wp-content\/uploads\/2017\/04\/cropped-header.png\",\"contentUrl\":\"https:\/\/www.uilscuolaemiliaromagna.it\/public\/er\/wp-content\/uploads\/2017\/04\/cropped-header.png\",\"width\":1000,\"height\":150,\"caption\":\"Uil Scuola Emilia Romagna\"},\"image\":{\"@id\":\"https:\/\/www.uilscuolaemiliaromagna.it\/public\/er\/#\/schema\/logo\/image\/\"}},{\"@type\":\"Person\",\"@id\":\"https:\/\/www.uilscuolaemiliaromagna.it\/public\/er\/#\/schema\/person\/f42878fd07a4b6ba2b7153d4fad5de5e\",\"name\":\"admin\",\"image\":{\"@type\":\"ImageObject\",\"inLanguage\":\"it-IT\",\"@id\":\"https:\/\/www.uilscuolaemiliaromagna.it\/public\/er\/#\/schema\/person\/image\/\",\"url\":\"https:\/\/secure.gravatar.com\/avatar\/aebf815ae2f30ffdae8b8c247273d34c?s=96&d=mm&r=g\",\"contentUrl\":\"https:\/\/secure.gravatar.com\/avatar\/aebf815ae2f30ffdae8b8c247273d34c?s=96&d=mm&r=g\",\"caption\":\"admin\"},\"url\":\"https:\/\/www.uilscuolaemiliaromagna.it\/public\/er\/author\/admin\/\"}]}<\/script>\r\n<!-- \/ Yoast SEO plugin. -->","yoast_head_json":{"title":"ANNO SCOLASTICO 2023\/24 | Iscrizione alle scuole di ogni ordine e grado: esclusa la scuola dell\u2019infanzia dalle procedure on line - Uil Scuola Emilia Romagna","robots":{"index":"index","follow":"follow","max-snippet":"max-snippet:-1","max-image-preview":"max-image-preview:large","max-video-preview":"max-video-preview:-1"},"canonical":"https:\/\/www.uilscuolaemiliaromagna.it\/public\/er\/2022\/11\/21\/anno-scolastico-2023-24-iscrizione-alle-scuole-di-ogni-ordine-e-grado-esclusa-la-scuola-dellinfanzia-dalle-procedure-on-line\/","og_locale":"it_IT","og_type":"article","og_title":"ANNO SCOLASTICO 2023\/24 | Iscrizione alle scuole di ogni ordine e grado: esclusa la scuola dell\u2019infanzia dalle procedure on line - Uil Scuola Emilia Romagna","og_description":"Ancora una volta la bozza di circolare del Ministero dell\u2019istruzione per le iscrizioni, esclude la scuola dell\u2019infanzia dal presentare le istanze on line, continuando la &hellip;","og_url":"https:\/\/www.uilscuolaemiliaromagna.it\/public\/er\/2022\/11\/21\/anno-scolastico-2023-24-iscrizione-alle-scuole-di-ogni-ordine-e-grado-esclusa-la-scuola-dellinfanzia-dalle-procedure-on-line\/","og_site_name":"Uil Scuola Emilia Romagna","article_published_time":"2022-11-21T22:38:18+00:00","article_modified_time":"2022-11-22T18:40:49+00:00","og_image":[{"width":800,"height":500,"url":"https:\/\/www.uilscuolaemiliaromagna.it\/public\/er\/wp-content\/uploads\/2020\/10\/ata-cs-2.jpg","type":"image\/jpeg"}],"author":"admin","twitter_card":"summary_large_image","twitter_misc":{"Scritto da":"admin","Tempo di lettura stimato":"2 minuti"},"schema":{"@context":"https:\/\/schema.org","@graph":[{"@type":"Article","@id":"https:\/\/www.uilscuolaemiliaromagna.it\/public\/er\/2022\/11\/21\/anno-scolastico-2023-24-iscrizione-alle-scuole-di-ogni-ordine-e-grado-esclusa-la-scuola-dellinfanzia-dalle-procedure-on-line\/#article","isPartOf":{"@id":"https:\/\/www.uilscuolaemiliaromagna.it\/public\/er\/2022\/11\/21\/anno-scolastico-2023-24-iscrizione-alle-scuole-di-ogni-ordine-e-grado-esclusa-la-scuola-dellinfanzia-dalle-procedure-on-line\/"},"author":{"name":"admin","@id":"https:\/\/www.uilscuolaemiliaromagna.it\/public\/er\/#\/schema\/person\/f42878fd07a4b6ba2b7153d4fad5de5e"},"headline":"ANNO SCOLASTICO 2023\/24 | Iscrizione alle scuole di ogni ordine e grado: esclusa la scuola dell\u2019infanzia dalle procedure on line","datePublished":"2022-11-21T22:38:18+00:00","dateModified":"2022-11-22T18:40:49+00:00","mainEntityOfPage":{"@id":"https:\/\/www.uilscuolaemiliaromagna.it\/public\/er\/2022\/11\/21\/anno-scolastico-2023-24-iscrizione-alle-scuole-di-ogni-ordine-e-grado-esclusa-la-scuola-dellinfanzia-dalle-procedure-on-line\/"},"wordCount":491,"publisher":{"@id":"https:\/\/www.uilscuolaemiliaromagna.it\/public\/er\/#organization"},"articleSection":["Notizie"],"inLanguage":"it-IT"},{"@type":"WebPage","@id":"https:\/\/www.uilscuolaemiliaromagna.it\/public\/er\/2022\/11\/21\/anno-scolastico-2023-24-iscrizione-alle-scuole-di-ogni-ordine-e-grado-esclusa-la-scuola-dellinfanzia-dalle-procedure-on-line\/","url":"https:\/\/www.uilscuolaemiliaromagna.it\/public\/er\/2022\/11\/21\/anno-scolastico-2023-24-iscrizione-alle-scuole-di-ogni-ordine-e-grado-esclusa-la-scuola-dellinfanzia-dalle-procedure-on-line\/","name":"ANNO SCOLASTICO 2023\/24 | Iscrizione alle scuole di ogni ordine e grado: esclusa la scuola dell\u2019infanzia dalle procedure on line - Uil Scuola Emilia Romagna","isPartOf":{"@id":"https:\/\/www.uilscuolaemiliaromagna.it\/public\/er\/#website"},"datePublished":"2022-11-21T22:38:18+00:00","dateModified":"2022-11-22T18:40:49+00:00","breadcrumb":{"@id":"https:\/\/www.uilscuolaemiliaromagna.it\/public\/er\/2022\/11\/21\/anno-scolastico-2023-24-iscrizione-alle-scuole-di-ogni-ordine-e-grado-esclusa-la-scuola-dellinfanzia-dalle-procedure-on-line\/#breadcrumb"},"inLanguage":"it-IT","potentialAction":[{"@type":"ReadAction","target":["https:\/\/www.uilscuolaemiliaromagna.it\/public\/er\/2022\/11\/21\/anno-scolastico-2023-24-iscrizione-alle-scuole-di-ogni-ordine-e-grado-esclusa-la-scuola-dellinfanzia-dalle-procedure-on-line\/"]}]},{"@type":"BreadcrumbList","@id":"https:\/\/www.uilscuolaemiliaromagna.it\/public\/er\/2022\/11\/21\/anno-scolastico-2023-24-iscrizione-alle-scuole-di-ogni-ordine-e-grado-esclusa-la-scuola-dellinfanzia-dalle-procedure-on-line\/#breadcrumb","itemListElement":[{"@type":"ListItem","position":1,"name":"Home","item":"https:\/\/www.uilscuolaemiliaromagna.it\/public\/er\/"},{"@type":"ListItem","position":2,"name":"ANNO SCOLASTICO 2023\/24 | Iscrizione alle scuole di ogni ordine e grado: esclusa la scuola dell\u2019infanzia dalle procedure on line"}]},{"@type":"WebSite","@id":"https:\/\/www.uilscuolaemiliaromagna.it\/public\/er\/#website","url":"https:\/\/www.uilscuolaemiliaromagna.it\/public\/er\/","name":"Uil Scuola Emilia Romagna","description":"La voce libera della scuola","publisher":{"@id":"https:\/\/www.uilscuolaemiliaromagna.it\/public\/er\/#organization"},"potentialAction":[{"@type":"SearchAction","target":{"@type":"EntryPoint","urlTemplate":"https:\/\/www.uilscuolaemiliaromagna.it\/public\/er\/?s={search_term_string}"},"query-input":"required name=search_term_string"}],"inLanguage":"it-IT"},{"@type":"Organization","@id":"https:\/\/www.uilscuolaemiliaromagna.it\/public\/er\/#organization","name":"Uil Scuola Emilia Romagna","url":"https:\/\/www.uilscuolaemiliaromagna.it\/public\/er\/","logo":{"@type":"ImageObject","inLanguage":"it-IT","@id":"https:\/\/www.uilscuolaemiliaromagna.it\/public\/er\/#\/schema\/logo\/image\/","url":"https:\/\/www.uilscuolaemiliaromagna.it\/public\/er\/wp-content\/uploads\/2017\/04\/cropped-header.png","contentUrl":"https:\/\/www.uilscuolaemiliaromagna.it\/public\/er\/wp-content\/uploads\/2017\/04\/cropped-header.png","width":1000,"height":150,"caption":"Uil Scuola Emilia Romagna"},"image":{"@id":"https:\/\/www.uilscuolaemiliaromagna.it\/public\/er\/#\/schema\/logo\/image\/"}},{"@type":"Person","@id":"https:\/\/www.uilscuolaemiliaromagna.it\/public\/er\/#\/schema\/person\/f42878fd07a4b6ba2b7153d4fad5de5e","name":"admin","image":{"@type":"ImageObject","inLanguage":"it-IT","@id":"https:\/\/www.uilscuolaemiliaromagna.it\/public\/er\/#\/schema\/person\/image\/","url":"https:\/\/secure.gravatar.com\/avatar\/aebf815ae2f30ffdae8b8c247273d34c?s=96&d=mm&r=g","contentUrl":"https:\/\/secure.gravatar.com\/avatar\/aebf815ae2f30ffdae8b8c247273d34c?s=96&d=mm&r=g","caption":"admin"},"url":"https:\/\/www.uilscuolaemiliaromagna.it\/public\/er\/author\/admin\/"}]}},"views":815,"_links":{"self":[{"href":"https:\/\/www.uilscuolaemiliaromagna.it\/public\/er\/wp-json\/wp\/v2\/posts\/10759"}],"collection":[{"href":"https:\/\/www.uilscuolaemiliaromagna.it\/public\/er\/wp-json\/wp\/v2\/posts"}],"about":[{"href":"https:\/\/www.uilscuolaemiliaromagna.it\/public\/er\/wp-json\/wp\/v2\/types\/post"}],"author":[{"embeddable":true,"href":"https:\/\/www.uilscuolaemiliaromagna.it\/public\/er\/wp-json\/wp\/v2\/users\/1"}],"replies":[{"embeddable":true,"href":"https:\/\/www.uilscuolaemiliaromagna.it\/public\/er\/wp-json\/wp\/v2\/comments?post=10759"}],"version-history":[{"count":1,"href":"https:\/\/www.uilscuolaemiliaromagna.it\/public\/er\/wp-json\/wp\/v2\/posts\/10759\/revisions"}],"predecessor-version":[{"id":10760,"href":"https:\/\/www.uilscuolaemiliaromagna.it\/public\/er\/wp-json\/wp\/v2\/posts\/10759\/revisions\/10760"}],"wp:featuredmedia":[{"embeddable":true,"href":"https:\/\/www.uilscuolaemiliaromagna.it\/public\/er\/wp-json\/wp\/v2\/media\/6814"}],"wp:attachment":[{"href":"https:\/\/www.uilscuolaemiliaromagna.it\/public\/er\/wp-json\/wp\/v2\/media?parent=10759"}],"wp:term":[{"taxonomy":"category","embeddable":true,"href":"https:\/\/www.uilscuolaemiliaromagna.it\/public\/er\/wp-json\/wp\/v2\/categories?post=10759"},{"taxonomy":"post_tag","embeddable":true,"href":"https:\/\/www.uilscuolaemiliaromagna.it\/public\/er\/wp-json\/wp\/v2\/tags?post=10759"}],"curies":[{"name":"wp","href":"https:\/\/api.w.org\/{rel}","templated":true}]}}