{"id":10843,"date":"2022-12-09T23:44:12","date_gmt":"2022-12-09T22:44:12","guid":{"rendered":"http:\/\/www.uilscuolaemiliaromagna.it\/public\/er\/?p=10843"},"modified":"2022-12-10T10:47:12","modified_gmt":"2022-12-10T09:47:12","slug":"in-vista-del-centenario-don-milani-la-uil-scuola-rua-presente-nel-comitato-per-il-centenario","status":"publish","type":"post","link":"https:\/\/www.uilscuolaemiliaromagna.it\/public\/er\/2022\/12\/09\/in-vista-del-centenario-don-milani-la-uil-scuola-rua-presente-nel-comitato-per-il-centenario\/","title":{"rendered":"IN VISTA DEL CENTENARIO | Don Milani, la Uil Scuola Rua presente nel comitato per il centenario"},"content":{"rendered":"<p style=\"text-align: justify;\">Si \u00e8 insediato a Firenze il Comitato Nazionale in vista del centenario della nascita di don Lorenzo Milani che avverr\u00e0 nel 2023. Nel progetto, sono state coinvolte 40 personalit\u00e0 appartenenti al mondo della chiesa, della scuola, delle istituzioni e del sociale.<\/p>\n<p style=\"text-align: justify;\">Per la parte scuola, \u00e8 presente nel comitato la Segretaria nazionale della Uil Scuola Rua Francesca Ricci.<\/p>\n<p style=\"text-align: justify;\">L\u2019obiettivo del Comitato \u00e8 quello di promuovere l\u2019approfondimento e la riflessione sull\u2019attualit\u00e0 dell\u2019azione e del pensiero di don Milani, con l\u2019ambizione di sollecitare, ispirati dalla figura del Priore, un impegno diffuso e una larga partecipazione alla realizzazione di un futuro pi\u00f9 giusto per tutti.<\/p>\n<p style=\"text-align: justify;\">Un\u2019occasione dunque per incoraggiare il maggior numero di soggetti individuali e collettivi, anche di ambiti diversi tra loro, a riscoprire e rendere feconda l\u2019eredit\u00e0 di questo gigante della fede e dei valori civili, che ha considerato l\u2019educazione e la scuola di tutti e per tutti come strumento fondamentale per l\u2019attuazione della democrazia costituzionale e la Chiesa come \u201cla sua sposa\u201d che d\u00e0 voce alle speranze degli ultimi.<\/p>\n<p style=\"text-align: justify;\">Alle iniziative promosse dal Comitato se ne affiancheranno, molte altre programmate in autonomia da istituzioni locali, scuole, associazioni culturali.<\/p>\n<p style=\"text-align: justify;\">In allegato il contributo inviato in sede di costituzione del Comitato dalla Uil Scuola Rua.<\/p>\n<ul>\n<li><a href=\"https:\/\/www.uilscuolaemiliaromagna.it\/public\/er\/wp-content\/uploads\/2022\/12\/TESTO-_-UIL-SCUOLA-RUA-Comitato-nazionale-Centenario-Don-Milani-051222.docx\" target=\"_blank\" rel=\"noopener noreferrer\">Il contributo UIL Scuola RUA<\/a><\/li>\n<li><a href=\"https:\/\/uilscuola.it\/un-manifesto-la-scuola-aperta-tutti-tutte\/\" target=\"_blank\" rel=\"noopener noreferrer\">UN MANIFESTO PER LA SCUOLA APERTA A TUTTI E A TUTTE<\/a><\/li>\n<\/ul>\n\n<div class=\"twitter-share\"><a href=\"https:\/\/twitter.com\/intent\/tweet?via=UILScuolaBO_ER\" class=\"twitter-share-button\" data-size=\"large\">Tweet<\/a><\/div>\n","protected":false},"excerpt":{"rendered":"<p>Si \u00e8 insediato a Firenze il Comitato Nazionale in vista del centenario della nascita di don Lorenzo Milani che avverr\u00e0 nel 2023. Nel progetto, sono &hellip; <\/p>\n","protected":false},"author":1,"featured_media":10845,"comment_status":"closed","ping_status":"open","sticky":false,"template":"","format":"standard","meta":{"footnotes":""},"categories":[12],"tags":[],"yoast_head":"<!-- This site is optimized with the Yoast SEO plugin v21.7 - https:\/\/yoast.com\/wordpress\/plugins\/seo\/ -->\r\n<title>IN VISTA DEL CENTENARIO | Don Milani, la Uil Scuola Rua presente nel comitato per il centenario - Uil Scuola Emilia Romagna<\/title>\r\n<meta name=\"robots\" content=\"index, follow, max-snippet:-1, max-image-preview:large, max-video-preview:-1\" \/>\r\n<link rel=\"canonical\" href=\"https:\/\/www.uilscuolaemiliaromagna.it\/public\/er\/2022\/12\/09\/in-vista-del-centenario-don-milani-la-uil-scuola-rua-presente-nel-comitato-per-il-centenario\/\" \/>\r\n<meta property=\"og:locale\" content=\"it_IT\" \/>\r\n<meta property=\"og:type\" content=\"article\" \/>\r\n<meta property=\"og:title\" content=\"IN VISTA DEL CENTENARIO | Don Milani, la Uil Scuola Rua presente nel comitato per il centenario - Uil Scuola Emilia Romagna\" \/>\r\n<meta property=\"og:description\" content=\"Si \u00e8 insediato a Firenze il Comitato Nazionale in vista del centenario della nascita di don Lorenzo Milani che avverr\u00e0 nel 2023. Nel progetto, sono &hellip;\" \/>\r\n<meta property=\"og:url\" content=\"https:\/\/www.uilscuolaemiliaromagna.it\/public\/er\/2022\/12\/09\/in-vista-del-centenario-don-milani-la-uil-scuola-rua-presente-nel-comitato-per-il-centenario\/\" \/>\r\n<meta property=\"og:site_name\" content=\"Uil Scuola Emilia Romagna\" \/>\r\n<meta property=\"article:published_time\" content=\"2022-12-09T22:44:12+00:00\" \/>\r\n<meta property=\"article:modified_time\" content=\"2022-12-10T09:47:12+00:00\" \/>\r\n<meta property=\"og:image\" content=\"https:\/\/www.uilscuolaemiliaromagna.it\/public\/er\/wp-content\/uploads\/2022\/12\/Don-Lorenzo-Milani-Barbiana-150x150-1.jpg\" \/>\r\n\t<meta property=\"og:image:width\" content=\"150\" \/>\r\n\t<meta property=\"og:image:height\" content=\"150\" \/>\r\n\t<meta property=\"og:image:type\" content=\"image\/jpeg\" \/>\r\n<meta name=\"author\" content=\"admin\" \/>\r\n<meta name=\"twitter:card\" content=\"summary_large_image\" \/>\r\n<meta name=\"twitter:label1\" content=\"Scritto da\" \/>\n\t<meta name=\"twitter:data1\" content=\"admin\" \/>\n\t<meta name=\"twitter:label2\" content=\"Tempo di lettura stimato\" \/>\n\t<meta name=\"twitter:data2\" content=\"1 minuto\" \/>\r\n<script type=\"application\/ld+json\" class=\"yoast-schema-graph\">{\"@context\":\"https:\/\/schema.org\",\"@graph\":[{\"@type\":\"Article\",\"@id\":\"https:\/\/www.uilscuolaemiliaromagna.it\/public\/er\/2022\/12\/09\/in-vista-del-centenario-don-milani-la-uil-scuola-rua-presente-nel-comitato-per-il-centenario\/#article\",\"isPartOf\":{\"@id\":\"https:\/\/www.uilscuolaemiliaromagna.it\/public\/er\/2022\/12\/09\/in-vista-del-centenario-don-milani-la-uil-scuola-rua-presente-nel-comitato-per-il-centenario\/\"},\"author\":{\"name\":\"admin\",\"@id\":\"https:\/\/www.uilscuolaemiliaromagna.it\/public\/er\/#\/schema\/person\/f42878fd07a4b6ba2b7153d4fad5de5e\"},\"headline\":\"IN VISTA DEL CENTENARIO | Don Milani, la Uil Scuola Rua presente nel comitato per il centenario\",\"datePublished\":\"2022-12-09T22:44:12+00:00\",\"dateModified\":\"2022-12-10T09:47:12+00:00\",\"mainEntityOfPage\":{\"@id\":\"https:\/\/www.uilscuolaemiliaromagna.it\/public\/er\/2022\/12\/09\/in-vista-del-centenario-don-milani-la-uil-scuola-rua-presente-nel-comitato-per-il-centenario\/\"},\"wordCount\":239,\"publisher\":{\"@id\":\"https:\/\/www.uilscuolaemiliaromagna.it\/public\/er\/#organization\"},\"articleSection\":[\"Notizie\"],\"inLanguage\":\"it-IT\"},{\"@type\":\"WebPage\",\"@id\":\"https:\/\/www.uilscuolaemiliaromagna.it\/public\/er\/2022\/12\/09\/in-vista-del-centenario-don-milani-la-uil-scuola-rua-presente-nel-comitato-per-il-centenario\/\",\"url\":\"https:\/\/www.uilscuolaemiliaromagna.it\/public\/er\/2022\/12\/09\/in-vista-del-centenario-don-milani-la-uil-scuola-rua-presente-nel-comitato-per-il-centenario\/\",\"name\":\"IN VISTA DEL CENTENARIO | Don Milani, la Uil Scuola Rua presente nel comitato per il centenario - Uil Scuola Emilia Romagna\",\"isPartOf\":{\"@id\":\"https:\/\/www.uilscuolaemiliaromagna.it\/public\/er\/#website\"},\"datePublished\":\"2022-12-09T22:44:12+00:00\",\"dateModified\":\"2022-12-10T09:47:12+00:00\",\"breadcrumb\":{\"@id\":\"https:\/\/www.uilscuolaemiliaromagna.it\/public\/er\/2022\/12\/09\/in-vista-del-centenario-don-milani-la-uil-scuola-rua-presente-nel-comitato-per-il-centenario\/#breadcrumb\"},\"inLanguage\":\"it-IT\",\"potentialAction\":[{\"@type\":\"ReadAction\",\"target\":[\"https:\/\/www.uilscuolaemiliaromagna.it\/public\/er\/2022\/12\/09\/in-vista-del-centenario-don-milani-la-uil-scuola-rua-presente-nel-comitato-per-il-centenario\/\"]}]},{\"@type\":\"BreadcrumbList\",\"@id\":\"https:\/\/www.uilscuolaemiliaromagna.it\/public\/er\/2022\/12\/09\/in-vista-del-centenario-don-milani-la-uil-scuola-rua-presente-nel-comitato-per-il-centenario\/#breadcrumb\",\"itemListElement\":[{\"@type\":\"ListItem\",\"position\":1,\"name\":\"Home\",\"item\":\"https:\/\/www.uilscuolaemiliaromagna.it\/public\/er\/\"},{\"@type\":\"ListItem\",\"position\":2,\"name\":\"IN VISTA DEL CENTENARIO | Don Milani, la Uil Scuola Rua presente nel comitato per il centenario\"}]},{\"@type\":\"WebSite\",\"@id\":\"https:\/\/www.uilscuolaemiliaromagna.it\/public\/er\/#website\",\"url\":\"https:\/\/www.uilscuolaemiliaromagna.it\/public\/er\/\",\"name\":\"Uil Scuola Emilia Romagna\",\"description\":\"La voce libera della scuola\",\"publisher\":{\"@id\":\"https:\/\/www.uilscuolaemiliaromagna.it\/public\/er\/#organization\"},\"potentialAction\":[{\"@type\":\"SearchAction\",\"target\":{\"@type\":\"EntryPoint\",\"urlTemplate\":\"https:\/\/www.uilscuolaemiliaromagna.it\/public\/er\/?s={search_term_string}\"},\"query-input\":\"required name=search_term_string\"}],\"inLanguage\":\"it-IT\"},{\"@type\":\"Organization\",\"@id\":\"https:\/\/www.uilscuolaemiliaromagna.it\/public\/er\/#organization\",\"name\":\"Uil Scuola Emilia Romagna\",\"url\":\"https:\/\/www.uilscuolaemiliaromagna.it\/public\/er\/\",\"logo\":{\"@type\":\"ImageObject\",\"inLanguage\":\"it-IT\",\"@id\":\"https:\/\/www.uilscuolaemiliaromagna.it\/public\/er\/#\/schema\/logo\/image\/\",\"url\":\"https:\/\/www.uilscuolaemiliaromagna.it\/public\/er\/wp-content\/uploads\/2017\/04\/cropped-header.png\",\"contentUrl\":\"https:\/\/www.uilscuolaemiliaromagna.it\/public\/er\/wp-content\/uploads\/2017\/04\/cropped-header.png\",\"width\":1000,\"height\":150,\"caption\":\"Uil Scuola Emilia Romagna\"},\"image\":{\"@id\":\"https:\/\/www.uilscuolaemiliaromagna.it\/public\/er\/#\/schema\/logo\/image\/\"}},{\"@type\":\"Person\",\"@id\":\"https:\/\/www.uilscuolaemiliaromagna.it\/public\/er\/#\/schema\/person\/f42878fd07a4b6ba2b7153d4fad5de5e\",\"name\":\"admin\",\"image\":{\"@type\":\"ImageObject\",\"inLanguage\":\"it-IT\",\"@id\":\"https:\/\/www.uilscuolaemiliaromagna.it\/public\/er\/#\/schema\/person\/image\/\",\"url\":\"https:\/\/secure.gravatar.com\/avatar\/aebf815ae2f30ffdae8b8c247273d34c?s=96&d=mm&r=g\",\"contentUrl\":\"https:\/\/secure.gravatar.com\/avatar\/aebf815ae2f30ffdae8b8c247273d34c?s=96&d=mm&r=g\",\"caption\":\"admin\"},\"url\":\"https:\/\/www.uilscuolaemiliaromagna.it\/public\/er\/author\/admin\/\"}]}<\/script>\r\n<!-- \/ Yoast SEO plugin. -->","yoast_head_json":{"title":"IN VISTA DEL CENTENARIO | Don Milani, la Uil Scuola Rua presente nel comitato per il centenario - Uil Scuola Emilia Romagna","robots":{"index":"index","follow":"follow","max-snippet":"max-snippet:-1","max-image-preview":"max-image-preview:large","max-video-preview":"max-video-preview:-1"},"canonical":"https:\/\/www.uilscuolaemiliaromagna.it\/public\/er\/2022\/12\/09\/in-vista-del-centenario-don-milani-la-uil-scuola-rua-presente-nel-comitato-per-il-centenario\/","og_locale":"it_IT","og_type":"article","og_title":"IN VISTA DEL CENTENARIO | Don Milani, la Uil Scuola Rua presente nel comitato per il centenario - Uil Scuola Emilia Romagna","og_description":"Si \u00e8 insediato a Firenze il Comitato Nazionale in vista del centenario della nascita di don Lorenzo Milani che avverr\u00e0 nel 2023. Nel progetto, sono &hellip;","og_url":"https:\/\/www.uilscuolaemiliaromagna.it\/public\/er\/2022\/12\/09\/in-vista-del-centenario-don-milani-la-uil-scuola-rua-presente-nel-comitato-per-il-centenario\/","og_site_name":"Uil Scuola Emilia Romagna","article_published_time":"2022-12-09T22:44:12+00:00","article_modified_time":"2022-12-10T09:47:12+00:00","og_image":[{"width":150,"height":150,"url":"https:\/\/www.uilscuolaemiliaromagna.it\/public\/er\/wp-content\/uploads\/2022\/12\/Don-Lorenzo-Milani-Barbiana-150x150-1.jpg","type":"image\/jpeg"}],"author":"admin","twitter_card":"summary_large_image","twitter_misc":{"Scritto da":"admin","Tempo di lettura stimato":"1 minuto"},"schema":{"@context":"https:\/\/schema.org","@graph":[{"@type":"Article","@id":"https:\/\/www.uilscuolaemiliaromagna.it\/public\/er\/2022\/12\/09\/in-vista-del-centenario-don-milani-la-uil-scuola-rua-presente-nel-comitato-per-il-centenario\/#article","isPartOf":{"@id":"https:\/\/www.uilscuolaemiliaromagna.it\/public\/er\/2022\/12\/09\/in-vista-del-centenario-don-milani-la-uil-scuola-rua-presente-nel-comitato-per-il-centenario\/"},"author":{"name":"admin","@id":"https:\/\/www.uilscuolaemiliaromagna.it\/public\/er\/#\/schema\/person\/f42878fd07a4b6ba2b7153d4fad5de5e"},"headline":"IN VISTA DEL CENTENARIO | Don Milani, la Uil Scuola Rua presente nel comitato per il centenario","datePublished":"2022-12-09T22:44:12+00:00","dateModified":"2022-12-10T09:47:12+00:00","mainEntityOfPage":{"@id":"https:\/\/www.uilscuolaemiliaromagna.it\/public\/er\/2022\/12\/09\/in-vista-del-centenario-don-milani-la-uil-scuola-rua-presente-nel-comitato-per-il-centenario\/"},"wordCount":239,"publisher":{"@id":"https:\/\/www.uilscuolaemiliaromagna.it\/public\/er\/#organization"},"articleSection":["Notizie"],"inLanguage":"it-IT"},{"@type":"WebPage","@id":"https:\/\/www.uilscuolaemiliaromagna.it\/public\/er\/2022\/12\/09\/in-vista-del-centenario-don-milani-la-uil-scuola-rua-presente-nel-comitato-per-il-centenario\/","url":"https:\/\/www.uilscuolaemiliaromagna.it\/public\/er\/2022\/12\/09\/in-vista-del-centenario-don-milani-la-uil-scuola-rua-presente-nel-comitato-per-il-centenario\/","name":"IN VISTA DEL CENTENARIO | Don Milani, la Uil Scuola Rua presente nel comitato per il centenario - Uil Scuola Emilia Romagna","isPartOf":{"@id":"https:\/\/www.uilscuolaemiliaromagna.it\/public\/er\/#website"},"datePublished":"2022-12-09T22:44:12+00:00","dateModified":"2022-12-10T09:47:12+00:00","breadcrumb":{"@id":"https:\/\/www.uilscuolaemiliaromagna.it\/public\/er\/2022\/12\/09\/in-vista-del-centenario-don-milani-la-uil-scuola-rua-presente-nel-comitato-per-il-centenario\/#breadcrumb"},"inLanguage":"it-IT","potentialAction":[{"@type":"ReadAction","target":["https:\/\/www.uilscuolaemiliaromagna.it\/public\/er\/2022\/12\/09\/in-vista-del-centenario-don-milani-la-uil-scuola-rua-presente-nel-comitato-per-il-centenario\/"]}]},{"@type":"BreadcrumbList","@id":"https:\/\/www.uilscuolaemiliaromagna.it\/public\/er\/2022\/12\/09\/in-vista-del-centenario-don-milani-la-uil-scuola-rua-presente-nel-comitato-per-il-centenario\/#breadcrumb","itemListElement":[{"@type":"ListItem","position":1,"name":"Home","item":"https:\/\/www.uilscuolaemiliaromagna.it\/public\/er\/"},{"@type":"ListItem","position":2,"name":"IN VISTA DEL CENTENARIO | Don Milani, la Uil Scuola Rua presente nel comitato per il centenario"}]},{"@type":"WebSite","@id":"https:\/\/www.uilscuolaemiliaromagna.it\/public\/er\/#website","url":"https:\/\/www.uilscuolaemiliaromagna.it\/public\/er\/","name":"Uil Scuola Emilia Romagna","description":"La voce libera della scuola","publisher":{"@id":"https:\/\/www.uilscuolaemiliaromagna.it\/public\/er\/#organization"},"potentialAction":[{"@type":"SearchAction","target":{"@type":"EntryPoint","urlTemplate":"https:\/\/www.uilscuolaemiliaromagna.it\/public\/er\/?s={search_term_string}"},"query-input":"required name=search_term_string"}],"inLanguage":"it-IT"},{"@type":"Organization","@id":"https:\/\/www.uilscuolaemiliaromagna.it\/public\/er\/#organization","name":"Uil Scuola Emilia Romagna","url":"https:\/\/www.uilscuolaemiliaromagna.it\/public\/er\/","logo":{"@type":"ImageObject","inLanguage":"it-IT","@id":"https:\/\/www.uilscuolaemiliaromagna.it\/public\/er\/#\/schema\/logo\/image\/","url":"https:\/\/www.uilscuolaemiliaromagna.it\/public\/er\/wp-content\/uploads\/2017\/04\/cropped-header.png","contentUrl":"https:\/\/www.uilscuolaemiliaromagna.it\/public\/er\/wp-content\/uploads\/2017\/04\/cropped-header.png","width":1000,"height":150,"caption":"Uil Scuola Emilia Romagna"},"image":{"@id":"https:\/\/www.uilscuolaemiliaromagna.it\/public\/er\/#\/schema\/logo\/image\/"}},{"@type":"Person","@id":"https:\/\/www.uilscuolaemiliaromagna.it\/public\/er\/#\/schema\/person\/f42878fd07a4b6ba2b7153d4fad5de5e","name":"admin","image":{"@type":"ImageObject","inLanguage":"it-IT","@id":"https:\/\/www.uilscuolaemiliaromagna.it\/public\/er\/#\/schema\/person\/image\/","url":"https:\/\/secure.gravatar.com\/avatar\/aebf815ae2f30ffdae8b8c247273d34c?s=96&d=mm&r=g","contentUrl":"https:\/\/secure.gravatar.com\/avatar\/aebf815ae2f30ffdae8b8c247273d34c?s=96&d=mm&r=g","caption":"admin"},"url":"https:\/\/www.uilscuolaemiliaromagna.it\/public\/er\/author\/admin\/"}]}},"views":768,"_links":{"self":[{"href":"https:\/\/www.uilscuolaemiliaromagna.it\/public\/er\/wp-json\/wp\/v2\/posts\/10843"}],"collection":[{"href":"https:\/\/www.uilscuolaemiliaromagna.it\/public\/er\/wp-json\/wp\/v2\/posts"}],"about":[{"href":"https:\/\/www.uilscuolaemiliaromagna.it\/public\/er\/wp-json\/wp\/v2\/types\/post"}],"author":[{"embeddable":true,"href":"https:\/\/www.uilscuolaemiliaromagna.it\/public\/er\/wp-json\/wp\/v2\/users\/1"}],"replies":[{"embeddable":true,"href":"https:\/\/www.uilscuolaemiliaromagna.it\/public\/er\/wp-json\/wp\/v2\/comments?post=10843"}],"version-history":[{"count":1,"href":"https:\/\/www.uilscuolaemiliaromagna.it\/public\/er\/wp-json\/wp\/v2\/posts\/10843\/revisions"}],"predecessor-version":[{"id":10846,"href":"https:\/\/www.uilscuolaemiliaromagna.it\/public\/er\/wp-json\/wp\/v2\/posts\/10843\/revisions\/10846"}],"wp:featuredmedia":[{"embeddable":true,"href":"https:\/\/www.uilscuolaemiliaromagna.it\/public\/er\/wp-json\/wp\/v2\/media\/10845"}],"wp:attachment":[{"href":"https:\/\/www.uilscuolaemiliaromagna.it\/public\/er\/wp-json\/wp\/v2\/media?parent=10843"}],"wp:term":[{"taxonomy":"category","embeddable":true,"href":"https:\/\/www.uilscuolaemiliaromagna.it\/public\/er\/wp-json\/wp\/v2\/categories?post=10843"},{"taxonomy":"post_tag","embeddable":true,"href":"https:\/\/www.uilscuolaemiliaromagna.it\/public\/er\/wp-json\/wp\/v2\/tags?post=10843"}],"curies":[{"name":"wp","href":"https:\/\/api.w.org\/{rel}","templated":true}]}}