{"id":10876,"date":"2023-01-03T22:27:42","date_gmt":"2023-01-03T21:27:42","guid":{"rendered":"http:\/\/www.uilscuolaemiliaromagna.it\/public\/er\/?p=10876"},"modified":"2023-01-06T11:31:08","modified_gmt":"2023-01-06T10:31:08","slug":"decreto-milleproroghe-daprile-ora-e-necessaria-una-coraggiosa-presa-di-posizione-da-parte-del-ministro","status":"publish","type":"post","link":"https:\/\/www.uilscuolaemiliaromagna.it\/public\/er\/2023\/01\/03\/decreto-milleproroghe-daprile-ora-e-necessaria-una-coraggiosa-presa-di-posizione-da-parte-del-ministro\/","title":{"rendered":"DECRETO MILLEPROROGHE | D\u2019Aprile: ora \u00e8 necessaria una coraggiosa presa di posizione da parte del Ministro"},"content":{"rendered":"<blockquote>\n<p style=\"text-align: justify;\"><em>NESSUN INTERVENTO PER I VINCOLI MOBILIT\u00c0 DOCENTI<\/em><br \/>\n<em>Si invoca la continuit\u00e0 didattica dimenticando che 200mila precari garantiscono la regolarit\u00e0 delle lezioni. Nomine in corso per il fallimento dell\u2019algoritmo, nomine dalle graduatorie dei concorsi a Natale, nomine spot sul sostegno: \u00e8 questo il quadro di continuit\u00e0 che ci chiede l\u2019Europa?<br \/>\nSaremo coerenti: la soluzione della questione dei vincoli non pu\u00f2 attendere.\u00a0<\/em><em><br \/>\n<\/em><\/p>\n<\/blockquote>\n<p style=\"text-align: justify;\">Quando tutto sembrava risolto, con vero stupore abbiamo appreso che l\u2019articolo 5 del Decreto Milleproroghe (al comma 12) che avrebbe derogato di un anno l\u2019applicazione del vincolo sulla mobilit\u00e0 del personale docente, \u00e8 stato ritirato, pare, per \u00abverifica compatibilit\u00e0 con PNRR\u00bb.<\/p>\n<p style=\"text-align: justify;\">Le logiche imposte dalla Comunit\u00e0 Europea (cos\u00ec da notizie ufficiose) rischiano di penalizzare migliaia di docenti i cui diritti vengono calpestati in nome di uno degli obiettivi stabiliti nel PNRR: la continuit\u00e0 didattica.<\/p>\n<p style=\"text-align: justify;\">Imporre il rispetto della continuit\u00e0 didattica per la mobilit\u00e0 dei docenti di ruolo e far finta che la stessa non esista dinanzi, ad esempio, ad oltre 200 mila precari che a tutt\u2019oggi continuano a cambiare sede a danno, appunto, della sacrosanta continuit\u00e0 didattica da garantire agli alunni, sa di paradossale \u2013 afferma il Segretario generale della Uil Scuola Rua, Giuseppe D\u2019Aprile.<\/p>\n<p style=\"text-align: justify;\">Nomine a tempo determinato ancora in corso per i fallimenti dell\u2019algoritmo utilizzato per le supplenze ma evidentemente gi\u00e0 dimenticato, nomine da graduatorie dei concorsi a ridosso di Natale, docenti di sostegno che cambiano continuamente testimoniano un modo di gestire la scuola contraddittorio che \u2013 sottolinea D\u2019Aprile \u2013 si ripercuote sul personale tutto e, in modo particolare, sugli alunni apparentemente tutelati nei proclami ma abbandonati nei fatti.<\/p>\n<p style=\"text-align: justify;\">Se davvero si hanno a cuore le sorti della scuola urgono da parte del Ministro Valditara che, pi\u00f9 volte si \u00e8 espresso favorevolmente per una positiva risoluzione della questione dei vincoli, scelte coraggiose anche in controtendenza \u2013 puntualizza il segretario generale \u2013 rispetto a disposizioni comunitarie che non solo non soddisfano i bisogni dell\u2019intera comunit\u00e0 educante, ma sicuramente non risolvono il \u201ccronico mismatching territoriale\u201d (come previsto nel PNRR).<\/p>\n<p style=\"text-align: justify;\">Saremo coerenti e non ci rassegneremo \u2013 mette in chiaro D\u2019Aprile \u2013 e continueremo, in coerenza con quanto fatto fino ad oggi, a rivendicare con il ministero, fin dal prossimo incontro, la risoluzione del problema sui vincoli della mobilit\u00e0 per via contrattuale.<\/p>\n<ul>\n<li><a href=\"https:\/\/www.uilscuolaemiliaromagna.it\/public\/er\/wp-content\/uploads\/2023\/01\/Decreto-Milleproroghe-Cosa-e-previsto-per-la-Scuola-Scheda-Fed.-UIL-Scuola-Rua.pdf\" target=\"_blank\" rel=\"noopener noreferrer\">DECRETO MILLEPROROGHE LE DISPOSIZIONI PREVISTE PER LA SCUOLA<\/a><\/li>\n<\/ul>\n<p>&nbsp;<\/p>\n<h6>fonte:\u00a0<a href=\"https:\/\/uilscuola.it\/decreto-milleproroghe-uilscuola-daprile\/\" target=\"_blank\" rel=\"noopener noreferrer\">uilscuola.it<\/a><\/h6>\n\n<div class=\"twitter-share\"><a href=\"https:\/\/twitter.com\/intent\/tweet?via=UILScuolaBO_ER\" class=\"twitter-share-button\" data-size=\"large\">Tweet<\/a><\/div>\n","protected":false},"excerpt":{"rendered":"<p>NESSUN INTERVENTO PER I VINCOLI MOBILIT\u00c0 DOCENTI Si invoca la continuit\u00e0 didattica dimenticando che 200mila precari garantiscono la regolarit\u00e0 delle lezioni. Nomine in corso per &hellip; <\/p>\n","protected":false},"author":1,"featured_media":6814,"comment_status":"closed","ping_status":"open","sticky":false,"template":"","format":"standard","meta":{"footnotes":""},"categories":[12],"tags":[],"yoast_head":"<!-- This site is optimized with the Yoast SEO plugin v21.7 - https:\/\/yoast.com\/wordpress\/plugins\/seo\/ -->\r\n<title>DECRETO MILLEPROROGHE | D\u2019Aprile: ora \u00e8 necessaria una coraggiosa presa di posizione da parte del Ministro - Uil Scuola Emilia Romagna<\/title>\r\n<meta name=\"robots\" content=\"index, follow, max-snippet:-1, max-image-preview:large, max-video-preview:-1\" \/>\r\n<link rel=\"canonical\" href=\"https:\/\/www.uilscuolaemiliaromagna.it\/public\/er\/2023\/01\/03\/decreto-milleproroghe-daprile-ora-e-necessaria-una-coraggiosa-presa-di-posizione-da-parte-del-ministro\/\" \/>\r\n<meta property=\"og:locale\" content=\"it_IT\" \/>\r\n<meta property=\"og:type\" content=\"article\" \/>\r\n<meta property=\"og:title\" content=\"DECRETO MILLEPROROGHE | D\u2019Aprile: ora \u00e8 necessaria una coraggiosa presa di posizione da parte del Ministro - Uil Scuola Emilia Romagna\" \/>\r\n<meta property=\"og:description\" content=\"NESSUN INTERVENTO PER I VINCOLI MOBILIT\u00c0 DOCENTI Si invoca la continuit\u00e0 didattica dimenticando che 200mila precari garantiscono la regolarit\u00e0 delle lezioni. Nomine in corso per &hellip;\" \/>\r\n<meta property=\"og:url\" content=\"https:\/\/www.uilscuolaemiliaromagna.it\/public\/er\/2023\/01\/03\/decreto-milleproroghe-daprile-ora-e-necessaria-una-coraggiosa-presa-di-posizione-da-parte-del-ministro\/\" \/>\r\n<meta property=\"og:site_name\" content=\"Uil Scuola Emilia Romagna\" \/>\r\n<meta property=\"article:published_time\" content=\"2023-01-03T21:27:42+00:00\" \/>\r\n<meta property=\"article:modified_time\" content=\"2023-01-06T10:31:08+00:00\" \/>\r\n<meta property=\"og:image\" content=\"https:\/\/www.uilscuolaemiliaromagna.it\/public\/er\/wp-content\/uploads\/2020\/10\/ata-cs-2.jpg\" \/>\r\n\t<meta property=\"og:image:width\" content=\"800\" \/>\r\n\t<meta property=\"og:image:height\" content=\"500\" \/>\r\n\t<meta property=\"og:image:type\" content=\"image\/jpeg\" \/>\r\n<meta name=\"author\" content=\"admin\" \/>\r\n<meta name=\"twitter:card\" content=\"summary_large_image\" \/>\r\n<meta name=\"twitter:label1\" content=\"Scritto da\" \/>\n\t<meta name=\"twitter:data1\" content=\"admin\" \/>\n\t<meta name=\"twitter:label2\" content=\"Tempo di lettura stimato\" \/>\n\t<meta name=\"twitter:data2\" content=\"2 minuti\" \/>\r\n<script type=\"application\/ld+json\" class=\"yoast-schema-graph\">{\"@context\":\"https:\/\/schema.org\",\"@graph\":[{\"@type\":\"Article\",\"@id\":\"https:\/\/www.uilscuolaemiliaromagna.it\/public\/er\/2023\/01\/03\/decreto-milleproroghe-daprile-ora-e-necessaria-una-coraggiosa-presa-di-posizione-da-parte-del-ministro\/#article\",\"isPartOf\":{\"@id\":\"https:\/\/www.uilscuolaemiliaromagna.it\/public\/er\/2023\/01\/03\/decreto-milleproroghe-daprile-ora-e-necessaria-una-coraggiosa-presa-di-posizione-da-parte-del-ministro\/\"},\"author\":{\"name\":\"admin\",\"@id\":\"https:\/\/www.uilscuolaemiliaromagna.it\/public\/er\/#\/schema\/person\/f42878fd07a4b6ba2b7153d4fad5de5e\"},\"headline\":\"DECRETO MILLEPROROGHE | D\u2019Aprile: ora \u00e8 necessaria una coraggiosa presa di posizione da parte del Ministro\",\"datePublished\":\"2023-01-03T21:27:42+00:00\",\"dateModified\":\"2023-01-06T10:31:08+00:00\",\"mainEntityOfPage\":{\"@id\":\"https:\/\/www.uilscuolaemiliaromagna.it\/public\/er\/2023\/01\/03\/decreto-milleproroghe-daprile-ora-e-necessaria-una-coraggiosa-presa-di-posizione-da-parte-del-ministro\/\"},\"wordCount\":395,\"publisher\":{\"@id\":\"https:\/\/www.uilscuolaemiliaromagna.it\/public\/er\/#organization\"},\"articleSection\":[\"Notizie\"],\"inLanguage\":\"it-IT\"},{\"@type\":\"WebPage\",\"@id\":\"https:\/\/www.uilscuolaemiliaromagna.it\/public\/er\/2023\/01\/03\/decreto-milleproroghe-daprile-ora-e-necessaria-una-coraggiosa-presa-di-posizione-da-parte-del-ministro\/\",\"url\":\"https:\/\/www.uilscuolaemiliaromagna.it\/public\/er\/2023\/01\/03\/decreto-milleproroghe-daprile-ora-e-necessaria-una-coraggiosa-presa-di-posizione-da-parte-del-ministro\/\",\"name\":\"DECRETO MILLEPROROGHE | D\u2019Aprile: ora \u00e8 necessaria una coraggiosa presa di posizione da parte del Ministro - Uil Scuola Emilia Romagna\",\"isPartOf\":{\"@id\":\"https:\/\/www.uilscuolaemiliaromagna.it\/public\/er\/#website\"},\"datePublished\":\"2023-01-03T21:27:42+00:00\",\"dateModified\":\"2023-01-06T10:31:08+00:00\",\"breadcrumb\":{\"@id\":\"https:\/\/www.uilscuolaemiliaromagna.it\/public\/er\/2023\/01\/03\/decreto-milleproroghe-daprile-ora-e-necessaria-una-coraggiosa-presa-di-posizione-da-parte-del-ministro\/#breadcrumb\"},\"inLanguage\":\"it-IT\",\"potentialAction\":[{\"@type\":\"ReadAction\",\"target\":[\"https:\/\/www.uilscuolaemiliaromagna.it\/public\/er\/2023\/01\/03\/decreto-milleproroghe-daprile-ora-e-necessaria-una-coraggiosa-presa-di-posizione-da-parte-del-ministro\/\"]}]},{\"@type\":\"BreadcrumbList\",\"@id\":\"https:\/\/www.uilscuolaemiliaromagna.it\/public\/er\/2023\/01\/03\/decreto-milleproroghe-daprile-ora-e-necessaria-una-coraggiosa-presa-di-posizione-da-parte-del-ministro\/#breadcrumb\",\"itemListElement\":[{\"@type\":\"ListItem\",\"position\":1,\"name\":\"Home\",\"item\":\"https:\/\/www.uilscuolaemiliaromagna.it\/public\/er\/\"},{\"@type\":\"ListItem\",\"position\":2,\"name\":\"DECRETO MILLEPROROGHE | D\u2019Aprile: ora \u00e8 necessaria una coraggiosa presa di posizione da parte del Ministro\"}]},{\"@type\":\"WebSite\",\"@id\":\"https:\/\/www.uilscuolaemiliaromagna.it\/public\/er\/#website\",\"url\":\"https:\/\/www.uilscuolaemiliaromagna.it\/public\/er\/\",\"name\":\"Uil Scuola Emilia Romagna\",\"description\":\"La voce libera della scuola\",\"publisher\":{\"@id\":\"https:\/\/www.uilscuolaemiliaromagna.it\/public\/er\/#organization\"},\"potentialAction\":[{\"@type\":\"SearchAction\",\"target\":{\"@type\":\"EntryPoint\",\"urlTemplate\":\"https:\/\/www.uilscuolaemiliaromagna.it\/public\/er\/?s={search_term_string}\"},\"query-input\":\"required name=search_term_string\"}],\"inLanguage\":\"it-IT\"},{\"@type\":\"Organization\",\"@id\":\"https:\/\/www.uilscuolaemiliaromagna.it\/public\/er\/#organization\",\"name\":\"Uil Scuola Emilia Romagna\",\"url\":\"https:\/\/www.uilscuolaemiliaromagna.it\/public\/er\/\",\"logo\":{\"@type\":\"ImageObject\",\"inLanguage\":\"it-IT\",\"@id\":\"https:\/\/www.uilscuolaemiliaromagna.it\/public\/er\/#\/schema\/logo\/image\/\",\"url\":\"https:\/\/www.uilscuolaemiliaromagna.it\/public\/er\/wp-content\/uploads\/2017\/04\/cropped-header.png\",\"contentUrl\":\"https:\/\/www.uilscuolaemiliaromagna.it\/public\/er\/wp-content\/uploads\/2017\/04\/cropped-header.png\",\"width\":1000,\"height\":150,\"caption\":\"Uil Scuola Emilia Romagna\"},\"image\":{\"@id\":\"https:\/\/www.uilscuolaemiliaromagna.it\/public\/er\/#\/schema\/logo\/image\/\"}},{\"@type\":\"Person\",\"@id\":\"https:\/\/www.uilscuolaemiliaromagna.it\/public\/er\/#\/schema\/person\/f42878fd07a4b6ba2b7153d4fad5de5e\",\"name\":\"admin\",\"image\":{\"@type\":\"ImageObject\",\"inLanguage\":\"it-IT\",\"@id\":\"https:\/\/www.uilscuolaemiliaromagna.it\/public\/er\/#\/schema\/person\/image\/\",\"url\":\"https:\/\/secure.gravatar.com\/avatar\/aebf815ae2f30ffdae8b8c247273d34c?s=96&d=mm&r=g\",\"contentUrl\":\"https:\/\/secure.gravatar.com\/avatar\/aebf815ae2f30ffdae8b8c247273d34c?s=96&d=mm&r=g\",\"caption\":\"admin\"},\"url\":\"https:\/\/www.uilscuolaemiliaromagna.it\/public\/er\/author\/admin\/\"}]}<\/script>\r\n<!-- \/ Yoast SEO plugin. -->","yoast_head_json":{"title":"DECRETO MILLEPROROGHE | D\u2019Aprile: ora \u00e8 necessaria una coraggiosa presa di posizione da parte del Ministro - Uil Scuola Emilia Romagna","robots":{"index":"index","follow":"follow","max-snippet":"max-snippet:-1","max-image-preview":"max-image-preview:large","max-video-preview":"max-video-preview:-1"},"canonical":"https:\/\/www.uilscuolaemiliaromagna.it\/public\/er\/2023\/01\/03\/decreto-milleproroghe-daprile-ora-e-necessaria-una-coraggiosa-presa-di-posizione-da-parte-del-ministro\/","og_locale":"it_IT","og_type":"article","og_title":"DECRETO MILLEPROROGHE | D\u2019Aprile: ora \u00e8 necessaria una coraggiosa presa di posizione da parte del Ministro - Uil Scuola Emilia Romagna","og_description":"NESSUN INTERVENTO PER I VINCOLI MOBILIT\u00c0 DOCENTI Si invoca la continuit\u00e0 didattica dimenticando che 200mila precari garantiscono la regolarit\u00e0 delle lezioni. Nomine in corso per &hellip;","og_url":"https:\/\/www.uilscuolaemiliaromagna.it\/public\/er\/2023\/01\/03\/decreto-milleproroghe-daprile-ora-e-necessaria-una-coraggiosa-presa-di-posizione-da-parte-del-ministro\/","og_site_name":"Uil Scuola Emilia Romagna","article_published_time":"2023-01-03T21:27:42+00:00","article_modified_time":"2023-01-06T10:31:08+00:00","og_image":[{"width":800,"height":500,"url":"https:\/\/www.uilscuolaemiliaromagna.it\/public\/er\/wp-content\/uploads\/2020\/10\/ata-cs-2.jpg","type":"image\/jpeg"}],"author":"admin","twitter_card":"summary_large_image","twitter_misc":{"Scritto da":"admin","Tempo di lettura stimato":"2 minuti"},"schema":{"@context":"https:\/\/schema.org","@graph":[{"@type":"Article","@id":"https:\/\/www.uilscuolaemiliaromagna.it\/public\/er\/2023\/01\/03\/decreto-milleproroghe-daprile-ora-e-necessaria-una-coraggiosa-presa-di-posizione-da-parte-del-ministro\/#article","isPartOf":{"@id":"https:\/\/www.uilscuolaemiliaromagna.it\/public\/er\/2023\/01\/03\/decreto-milleproroghe-daprile-ora-e-necessaria-una-coraggiosa-presa-di-posizione-da-parte-del-ministro\/"},"author":{"name":"admin","@id":"https:\/\/www.uilscuolaemiliaromagna.it\/public\/er\/#\/schema\/person\/f42878fd07a4b6ba2b7153d4fad5de5e"},"headline":"DECRETO MILLEPROROGHE | D\u2019Aprile: ora \u00e8 necessaria una coraggiosa presa di posizione da parte del Ministro","datePublished":"2023-01-03T21:27:42+00:00","dateModified":"2023-01-06T10:31:08+00:00","mainEntityOfPage":{"@id":"https:\/\/www.uilscuolaemiliaromagna.it\/public\/er\/2023\/01\/03\/decreto-milleproroghe-daprile-ora-e-necessaria-una-coraggiosa-presa-di-posizione-da-parte-del-ministro\/"},"wordCount":395,"publisher":{"@id":"https:\/\/www.uilscuolaemiliaromagna.it\/public\/er\/#organization"},"articleSection":["Notizie"],"inLanguage":"it-IT"},{"@type":"WebPage","@id":"https:\/\/www.uilscuolaemiliaromagna.it\/public\/er\/2023\/01\/03\/decreto-milleproroghe-daprile-ora-e-necessaria-una-coraggiosa-presa-di-posizione-da-parte-del-ministro\/","url":"https:\/\/www.uilscuolaemiliaromagna.it\/public\/er\/2023\/01\/03\/decreto-milleproroghe-daprile-ora-e-necessaria-una-coraggiosa-presa-di-posizione-da-parte-del-ministro\/","name":"DECRETO MILLEPROROGHE | D\u2019Aprile: ora \u00e8 necessaria una coraggiosa presa di posizione da parte del Ministro - Uil Scuola Emilia Romagna","isPartOf":{"@id":"https:\/\/www.uilscuolaemiliaromagna.it\/public\/er\/#website"},"datePublished":"2023-01-03T21:27:42+00:00","dateModified":"2023-01-06T10:31:08+00:00","breadcrumb":{"@id":"https:\/\/www.uilscuolaemiliaromagna.it\/public\/er\/2023\/01\/03\/decreto-milleproroghe-daprile-ora-e-necessaria-una-coraggiosa-presa-di-posizione-da-parte-del-ministro\/#breadcrumb"},"inLanguage":"it-IT","potentialAction":[{"@type":"ReadAction","target":["https:\/\/www.uilscuolaemiliaromagna.it\/public\/er\/2023\/01\/03\/decreto-milleproroghe-daprile-ora-e-necessaria-una-coraggiosa-presa-di-posizione-da-parte-del-ministro\/"]}]},{"@type":"BreadcrumbList","@id":"https:\/\/www.uilscuolaemiliaromagna.it\/public\/er\/2023\/01\/03\/decreto-milleproroghe-daprile-ora-e-necessaria-una-coraggiosa-presa-di-posizione-da-parte-del-ministro\/#breadcrumb","itemListElement":[{"@type":"ListItem","position":1,"name":"Home","item":"https:\/\/www.uilscuolaemiliaromagna.it\/public\/er\/"},{"@type":"ListItem","position":2,"name":"DECRETO MILLEPROROGHE | D\u2019Aprile: ora \u00e8 necessaria una coraggiosa presa di posizione da parte del Ministro"}]},{"@type":"WebSite","@id":"https:\/\/www.uilscuolaemiliaromagna.it\/public\/er\/#website","url":"https:\/\/www.uilscuolaemiliaromagna.it\/public\/er\/","name":"Uil Scuola Emilia Romagna","description":"La voce libera della scuola","publisher":{"@id":"https:\/\/www.uilscuolaemiliaromagna.it\/public\/er\/#organization"},"potentialAction":[{"@type":"SearchAction","target":{"@type":"EntryPoint","urlTemplate":"https:\/\/www.uilscuolaemiliaromagna.it\/public\/er\/?s={search_term_string}"},"query-input":"required name=search_term_string"}],"inLanguage":"it-IT"},{"@type":"Organization","@id":"https:\/\/www.uilscuolaemiliaromagna.it\/public\/er\/#organization","name":"Uil Scuola Emilia Romagna","url":"https:\/\/www.uilscuolaemiliaromagna.it\/public\/er\/","logo":{"@type":"ImageObject","inLanguage":"it-IT","@id":"https:\/\/www.uilscuolaemiliaromagna.it\/public\/er\/#\/schema\/logo\/image\/","url":"https:\/\/www.uilscuolaemiliaromagna.it\/public\/er\/wp-content\/uploads\/2017\/04\/cropped-header.png","contentUrl":"https:\/\/www.uilscuolaemiliaromagna.it\/public\/er\/wp-content\/uploads\/2017\/04\/cropped-header.png","width":1000,"height":150,"caption":"Uil Scuola Emilia Romagna"},"image":{"@id":"https:\/\/www.uilscuolaemiliaromagna.it\/public\/er\/#\/schema\/logo\/image\/"}},{"@type":"Person","@id":"https:\/\/www.uilscuolaemiliaromagna.it\/public\/er\/#\/schema\/person\/f42878fd07a4b6ba2b7153d4fad5de5e","name":"admin","image":{"@type":"ImageObject","inLanguage":"it-IT","@id":"https:\/\/www.uilscuolaemiliaromagna.it\/public\/er\/#\/schema\/person\/image\/","url":"https:\/\/secure.gravatar.com\/avatar\/aebf815ae2f30ffdae8b8c247273d34c?s=96&d=mm&r=g","contentUrl":"https:\/\/secure.gravatar.com\/avatar\/aebf815ae2f30ffdae8b8c247273d34c?s=96&d=mm&r=g","caption":"admin"},"url":"https:\/\/www.uilscuolaemiliaromagna.it\/public\/er\/author\/admin\/"}]}},"views":682,"_links":{"self":[{"href":"https:\/\/www.uilscuolaemiliaromagna.it\/public\/er\/wp-json\/wp\/v2\/posts\/10876"}],"collection":[{"href":"https:\/\/www.uilscuolaemiliaromagna.it\/public\/er\/wp-json\/wp\/v2\/posts"}],"about":[{"href":"https:\/\/www.uilscuolaemiliaromagna.it\/public\/er\/wp-json\/wp\/v2\/types\/post"}],"author":[{"embeddable":true,"href":"https:\/\/www.uilscuolaemiliaromagna.it\/public\/er\/wp-json\/wp\/v2\/users\/1"}],"replies":[{"embeddable":true,"href":"https:\/\/www.uilscuolaemiliaromagna.it\/public\/er\/wp-json\/wp\/v2\/comments?post=10876"}],"version-history":[{"count":1,"href":"https:\/\/www.uilscuolaemiliaromagna.it\/public\/er\/wp-json\/wp\/v2\/posts\/10876\/revisions"}],"predecessor-version":[{"id":10878,"href":"https:\/\/www.uilscuolaemiliaromagna.it\/public\/er\/wp-json\/wp\/v2\/posts\/10876\/revisions\/10878"}],"wp:featuredmedia":[{"embeddable":true,"href":"https:\/\/www.uilscuolaemiliaromagna.it\/public\/er\/wp-json\/wp\/v2\/media\/6814"}],"wp:attachment":[{"href":"https:\/\/www.uilscuolaemiliaromagna.it\/public\/er\/wp-json\/wp\/v2\/media?parent=10876"}],"wp:term":[{"taxonomy":"category","embeddable":true,"href":"https:\/\/www.uilscuolaemiliaromagna.it\/public\/er\/wp-json\/wp\/v2\/categories?post=10876"},{"taxonomy":"post_tag","embeddable":true,"href":"https:\/\/www.uilscuolaemiliaromagna.it\/public\/er\/wp-json\/wp\/v2\/tags?post=10876"}],"curies":[{"name":"wp","href":"https:\/\/api.w.org\/{rel}","templated":true}]}}