{"id":11223,"date":"2023-04-21T19:54:23","date_gmt":"2023-04-21T17:54:23","guid":{"rendered":"http:\/\/www.uilscuolaemiliaromagna.it\/public\/er\/?p=11223"},"modified":"2023-04-23T19:56:51","modified_gmt":"2023-04-23T17:56:51","slug":"piano-semplificazione-mim-daprile-la-scuola-non-e-burocrazia-la-semplificazione-e-la-strada-da-percorrere","status":"publish","type":"post","link":"https:\/\/www.uilscuolaemiliaromagna.it\/public\/er\/2023\/04\/21\/piano-semplificazione-mim-daprile-la-scuola-non-e-burocrazia-la-semplificazione-e-la-strada-da-percorrere\/","title":{"rendered":"PIANO SEMPLIFICAZIONE MIM | D\u2019Aprile: La scuola non \u00e8 burocrazia. La semplificazione \u00e8 la strada da percorrere."},"content":{"rendered":"<div>\n<p style=\"text-align: justify;\"><em>Servono azioni a sostegno della stabilit\u00e0 del lavoro. Professionalit\u00e0 non adempimenti e valorizzazione economica del lavoro: questa deve essere la direzione<\/em><\/p>\n<p style=\"text-align: justify;\">Il Ministro \u00e8 intervenuto su una questione su cui da anni ci battiamo senza sosta \u2013 commenta il segretario generale della Uil Scuola Rua, Giuseppe D\u2019Aprile, in merito al Piano Valditara \u2013 se non si tratta di annunci ma di fatti concreti, sar\u00e0 un passo in avanti per la scuola.<\/p>\n<p style=\"text-align: justify;\">Lavoro, non burocrazia, professionalit\u00e0 non adempimenti, valorizzazione economica del lavoro, questa deve essere la direzione \u2013 sottolinea D\u2019Aprile.<br \/>\nIn questi anni i docenti sono rimasti intrappolati nella stesura di inutili produzioni cartacee, i dirigenti sono diventati dei burocrati e il personale Ata \u00e8 quotidianamente oberato da compiti che spesso non hanno riscontro nel contratto di lavoro. Tutto ci\u00f2 va cambiato.<\/p>\n<p style=\"text-align: justify;\">Uno degli obiettivi strategici del Piano riguarda la riorganizzazione dei processi funzionali all\u2019avvio dell\u2019anno scolastico, per garantire la presenza dei docenti a partire dal prossimo primo settembre: \u00e8 una delle nostre principali rivendicazioni, speriamo che potr\u00e0 essere davvero cos\u00ec \u2013 rilancia D\u2019Aprile.<\/p>\n<p style=\"text-align: justify;\">Un passo da compiere \u2013 aggiunge D\u2019Aprile \u2013 \u00e8 quello della stabilit\u00e0 del lavoro.<br \/>\nUtilizzare tutti gli idonei delle graduatorie dei concorsi, abilitare e specializzare i docenti, concludere il piano di immissioni in ruolo \u00e8 possibile. Lo abbiamo verificato in termini di praticabilit\u00e0 e costi. Lo dobbiamo ai nostri studenti e all\u2019impegno professionale del personale.<\/p>\n<\/div>\n<p>&nbsp;<\/p>\n<h6>fonte:\u00a0<a href=\"https:\/\/uilscuola.it\/daprile-la-scuola-non-e-burocrazia-la-semplificazione-e-la-strada-da-percorrere\/\" target=\"_blank\" rel=\"noopener noreferrer\">uilscuola.it<\/a><\/h6>\n<div class=\"clear\" style=\"text-align: justify;\"><\/div>\n<div id=\"allegati\"><\/div>\n\n<div class=\"twitter-share\"><a href=\"https:\/\/twitter.com\/intent\/tweet?via=UILScuolaBO_ER\" class=\"twitter-share-button\" data-size=\"large\">Tweet<\/a><\/div>\n","protected":false},"excerpt":{"rendered":"<p>Servono azioni a sostegno della stabilit\u00e0 del lavoro. Professionalit\u00e0 non adempimenti e valorizzazione economica del lavoro: questa deve essere la direzione Il Ministro \u00e8 intervenuto &hellip; <\/p>\n","protected":false},"author":1,"featured_media":10848,"comment_status":"closed","ping_status":"open","sticky":false,"template":"","format":"standard","meta":{"footnotes":""},"categories":[12],"tags":[],"yoast_head":"<!-- This site is optimized with the Yoast SEO plugin v21.7 - https:\/\/yoast.com\/wordpress\/plugins\/seo\/ -->\r\n<title>PIANO SEMPLIFICAZIONE MIM | D\u2019Aprile: La scuola non \u00e8 burocrazia. La semplificazione \u00e8 la strada da percorrere. - Uil Scuola Emilia Romagna<\/title>\r\n<meta name=\"robots\" content=\"index, follow, max-snippet:-1, max-image-preview:large, max-video-preview:-1\" \/>\r\n<link rel=\"canonical\" href=\"https:\/\/www.uilscuolaemiliaromagna.it\/public\/er\/2023\/04\/21\/piano-semplificazione-mim-daprile-la-scuola-non-e-burocrazia-la-semplificazione-e-la-strada-da-percorrere\/\" \/>\r\n<meta property=\"og:locale\" content=\"it_IT\" \/>\r\n<meta property=\"og:type\" content=\"article\" \/>\r\n<meta property=\"og:title\" content=\"PIANO SEMPLIFICAZIONE MIM | D\u2019Aprile: La scuola non \u00e8 burocrazia. La semplificazione \u00e8 la strada da percorrere. - Uil Scuola Emilia Romagna\" \/>\r\n<meta property=\"og:description\" content=\"Servono azioni a sostegno della stabilit\u00e0 del lavoro. Professionalit\u00e0 non adempimenti e valorizzazione economica del lavoro: questa deve essere la direzione Il Ministro \u00e8 intervenuto &hellip;\" \/>\r\n<meta property=\"og:url\" content=\"https:\/\/www.uilscuolaemiliaromagna.it\/public\/er\/2023\/04\/21\/piano-semplificazione-mim-daprile-la-scuola-non-e-burocrazia-la-semplificazione-e-la-strada-da-percorrere\/\" \/>\r\n<meta property=\"og:site_name\" content=\"Uil Scuola Emilia Romagna\" \/>\r\n<meta property=\"article:published_time\" content=\"2023-04-21T17:54:23+00:00\" \/>\r\n<meta property=\"article:modified_time\" content=\"2023-04-23T17:56:51+00:00\" \/>\r\n<meta property=\"og:image\" content=\"https:\/\/www.uilscuolaemiliaromagna.it\/public\/er\/wp-content\/uploads\/2022\/12\/FOTO-Ministero-Istruzione-150x150-1.jpg\" \/>\r\n\t<meta property=\"og:image:width\" content=\"150\" \/>\r\n\t<meta property=\"og:image:height\" content=\"150\" \/>\r\n\t<meta property=\"og:image:type\" content=\"image\/jpeg\" \/>\r\n<meta name=\"author\" content=\"admin\" \/>\r\n<meta name=\"twitter:card\" content=\"summary_large_image\" \/>\r\n<meta name=\"twitter:label1\" content=\"Scritto da\" \/>\n\t<meta name=\"twitter:data1\" content=\"admin\" \/>\n\t<meta name=\"twitter:label2\" content=\"Tempo di lettura stimato\" \/>\n\t<meta name=\"twitter:data2\" content=\"1 minuto\" \/>\r\n<script type=\"application\/ld+json\" class=\"yoast-schema-graph\">{\"@context\":\"https:\/\/schema.org\",\"@graph\":[{\"@type\":\"Article\",\"@id\":\"https:\/\/www.uilscuolaemiliaromagna.it\/public\/er\/2023\/04\/21\/piano-semplificazione-mim-daprile-la-scuola-non-e-burocrazia-la-semplificazione-e-la-strada-da-percorrere\/#article\",\"isPartOf\":{\"@id\":\"https:\/\/www.uilscuolaemiliaromagna.it\/public\/er\/2023\/04\/21\/piano-semplificazione-mim-daprile-la-scuola-non-e-burocrazia-la-semplificazione-e-la-strada-da-percorrere\/\"},\"author\":{\"name\":\"admin\",\"@id\":\"https:\/\/www.uilscuolaemiliaromagna.it\/public\/er\/#\/schema\/person\/f42878fd07a4b6ba2b7153d4fad5de5e\"},\"headline\":\"PIANO SEMPLIFICAZIONE MIM | D\u2019Aprile: La scuola non \u00e8 burocrazia. La semplificazione \u00e8 la strada da percorrere.\",\"datePublished\":\"2023-04-21T17:54:23+00:00\",\"dateModified\":\"2023-04-23T17:56:51+00:00\",\"mainEntityOfPage\":{\"@id\":\"https:\/\/www.uilscuolaemiliaromagna.it\/public\/er\/2023\/04\/21\/piano-semplificazione-mim-daprile-la-scuola-non-e-burocrazia-la-semplificazione-e-la-strada-da-percorrere\/\"},\"wordCount\":243,\"publisher\":{\"@id\":\"https:\/\/www.uilscuolaemiliaromagna.it\/public\/er\/#organization\"},\"articleSection\":[\"Notizie\"],\"inLanguage\":\"it-IT\"},{\"@type\":\"WebPage\",\"@id\":\"https:\/\/www.uilscuolaemiliaromagna.it\/public\/er\/2023\/04\/21\/piano-semplificazione-mim-daprile-la-scuola-non-e-burocrazia-la-semplificazione-e-la-strada-da-percorrere\/\",\"url\":\"https:\/\/www.uilscuolaemiliaromagna.it\/public\/er\/2023\/04\/21\/piano-semplificazione-mim-daprile-la-scuola-non-e-burocrazia-la-semplificazione-e-la-strada-da-percorrere\/\",\"name\":\"PIANO SEMPLIFICAZIONE MIM | D\u2019Aprile: La scuola non \u00e8 burocrazia. La semplificazione \u00e8 la strada da percorrere. - Uil Scuola Emilia Romagna\",\"isPartOf\":{\"@id\":\"https:\/\/www.uilscuolaemiliaromagna.it\/public\/er\/#website\"},\"datePublished\":\"2023-04-21T17:54:23+00:00\",\"dateModified\":\"2023-04-23T17:56:51+00:00\",\"breadcrumb\":{\"@id\":\"https:\/\/www.uilscuolaemiliaromagna.it\/public\/er\/2023\/04\/21\/piano-semplificazione-mim-daprile-la-scuola-non-e-burocrazia-la-semplificazione-e-la-strada-da-percorrere\/#breadcrumb\"},\"inLanguage\":\"it-IT\",\"potentialAction\":[{\"@type\":\"ReadAction\",\"target\":[\"https:\/\/www.uilscuolaemiliaromagna.it\/public\/er\/2023\/04\/21\/piano-semplificazione-mim-daprile-la-scuola-non-e-burocrazia-la-semplificazione-e-la-strada-da-percorrere\/\"]}]},{\"@type\":\"BreadcrumbList\",\"@id\":\"https:\/\/www.uilscuolaemiliaromagna.it\/public\/er\/2023\/04\/21\/piano-semplificazione-mim-daprile-la-scuola-non-e-burocrazia-la-semplificazione-e-la-strada-da-percorrere\/#breadcrumb\",\"itemListElement\":[{\"@type\":\"ListItem\",\"position\":1,\"name\":\"Home\",\"item\":\"https:\/\/www.uilscuolaemiliaromagna.it\/public\/er\/\"},{\"@type\":\"ListItem\",\"position\":2,\"name\":\"PIANO SEMPLIFICAZIONE MIM | D\u2019Aprile: La scuola non \u00e8 burocrazia. La semplificazione \u00e8 la strada da percorrere.\"}]},{\"@type\":\"WebSite\",\"@id\":\"https:\/\/www.uilscuolaemiliaromagna.it\/public\/er\/#website\",\"url\":\"https:\/\/www.uilscuolaemiliaromagna.it\/public\/er\/\",\"name\":\"Uil Scuola Emilia Romagna\",\"description\":\"La voce libera della scuola\",\"publisher\":{\"@id\":\"https:\/\/www.uilscuolaemiliaromagna.it\/public\/er\/#organization\"},\"potentialAction\":[{\"@type\":\"SearchAction\",\"target\":{\"@type\":\"EntryPoint\",\"urlTemplate\":\"https:\/\/www.uilscuolaemiliaromagna.it\/public\/er\/?s={search_term_string}\"},\"query-input\":\"required name=search_term_string\"}],\"inLanguage\":\"it-IT\"},{\"@type\":\"Organization\",\"@id\":\"https:\/\/www.uilscuolaemiliaromagna.it\/public\/er\/#organization\",\"name\":\"Uil Scuola Emilia Romagna\",\"url\":\"https:\/\/www.uilscuolaemiliaromagna.it\/public\/er\/\",\"logo\":{\"@type\":\"ImageObject\",\"inLanguage\":\"it-IT\",\"@id\":\"https:\/\/www.uilscuolaemiliaromagna.it\/public\/er\/#\/schema\/logo\/image\/\",\"url\":\"https:\/\/www.uilscuolaemiliaromagna.it\/public\/er\/wp-content\/uploads\/2017\/04\/cropped-header.png\",\"contentUrl\":\"https:\/\/www.uilscuolaemiliaromagna.it\/public\/er\/wp-content\/uploads\/2017\/04\/cropped-header.png\",\"width\":1000,\"height\":150,\"caption\":\"Uil Scuola Emilia Romagna\"},\"image\":{\"@id\":\"https:\/\/www.uilscuolaemiliaromagna.it\/public\/er\/#\/schema\/logo\/image\/\"}},{\"@type\":\"Person\",\"@id\":\"https:\/\/www.uilscuolaemiliaromagna.it\/public\/er\/#\/schema\/person\/f42878fd07a4b6ba2b7153d4fad5de5e\",\"name\":\"admin\",\"image\":{\"@type\":\"ImageObject\",\"inLanguage\":\"it-IT\",\"@id\":\"https:\/\/www.uilscuolaemiliaromagna.it\/public\/er\/#\/schema\/person\/image\/\",\"url\":\"https:\/\/secure.gravatar.com\/avatar\/aebf815ae2f30ffdae8b8c247273d34c?s=96&d=mm&r=g\",\"contentUrl\":\"https:\/\/secure.gravatar.com\/avatar\/aebf815ae2f30ffdae8b8c247273d34c?s=96&d=mm&r=g\",\"caption\":\"admin\"},\"url\":\"https:\/\/www.uilscuolaemiliaromagna.it\/public\/er\/author\/admin\/\"}]}<\/script>\r\n<!-- \/ Yoast SEO plugin. -->","yoast_head_json":{"title":"PIANO SEMPLIFICAZIONE MIM | D\u2019Aprile: La scuola non \u00e8 burocrazia. La semplificazione \u00e8 la strada da percorrere. - Uil Scuola Emilia Romagna","robots":{"index":"index","follow":"follow","max-snippet":"max-snippet:-1","max-image-preview":"max-image-preview:large","max-video-preview":"max-video-preview:-1"},"canonical":"https:\/\/www.uilscuolaemiliaromagna.it\/public\/er\/2023\/04\/21\/piano-semplificazione-mim-daprile-la-scuola-non-e-burocrazia-la-semplificazione-e-la-strada-da-percorrere\/","og_locale":"it_IT","og_type":"article","og_title":"PIANO SEMPLIFICAZIONE MIM | D\u2019Aprile: La scuola non \u00e8 burocrazia. La semplificazione \u00e8 la strada da percorrere. - Uil Scuola Emilia Romagna","og_description":"Servono azioni a sostegno della stabilit\u00e0 del lavoro. Professionalit\u00e0 non adempimenti e valorizzazione economica del lavoro: questa deve essere la direzione Il Ministro \u00e8 intervenuto &hellip;","og_url":"https:\/\/www.uilscuolaemiliaromagna.it\/public\/er\/2023\/04\/21\/piano-semplificazione-mim-daprile-la-scuola-non-e-burocrazia-la-semplificazione-e-la-strada-da-percorrere\/","og_site_name":"Uil Scuola Emilia Romagna","article_published_time":"2023-04-21T17:54:23+00:00","article_modified_time":"2023-04-23T17:56:51+00:00","og_image":[{"width":150,"height":150,"url":"https:\/\/www.uilscuolaemiliaromagna.it\/public\/er\/wp-content\/uploads\/2022\/12\/FOTO-Ministero-Istruzione-150x150-1.jpg","type":"image\/jpeg"}],"author":"admin","twitter_card":"summary_large_image","twitter_misc":{"Scritto da":"admin","Tempo di lettura stimato":"1 minuto"},"schema":{"@context":"https:\/\/schema.org","@graph":[{"@type":"Article","@id":"https:\/\/www.uilscuolaemiliaromagna.it\/public\/er\/2023\/04\/21\/piano-semplificazione-mim-daprile-la-scuola-non-e-burocrazia-la-semplificazione-e-la-strada-da-percorrere\/#article","isPartOf":{"@id":"https:\/\/www.uilscuolaemiliaromagna.it\/public\/er\/2023\/04\/21\/piano-semplificazione-mim-daprile-la-scuola-non-e-burocrazia-la-semplificazione-e-la-strada-da-percorrere\/"},"author":{"name":"admin","@id":"https:\/\/www.uilscuolaemiliaromagna.it\/public\/er\/#\/schema\/person\/f42878fd07a4b6ba2b7153d4fad5de5e"},"headline":"PIANO SEMPLIFICAZIONE MIM | D\u2019Aprile: La scuola non \u00e8 burocrazia. La semplificazione \u00e8 la strada da percorrere.","datePublished":"2023-04-21T17:54:23+00:00","dateModified":"2023-04-23T17:56:51+00:00","mainEntityOfPage":{"@id":"https:\/\/www.uilscuolaemiliaromagna.it\/public\/er\/2023\/04\/21\/piano-semplificazione-mim-daprile-la-scuola-non-e-burocrazia-la-semplificazione-e-la-strada-da-percorrere\/"},"wordCount":243,"publisher":{"@id":"https:\/\/www.uilscuolaemiliaromagna.it\/public\/er\/#organization"},"articleSection":["Notizie"],"inLanguage":"it-IT"},{"@type":"WebPage","@id":"https:\/\/www.uilscuolaemiliaromagna.it\/public\/er\/2023\/04\/21\/piano-semplificazione-mim-daprile-la-scuola-non-e-burocrazia-la-semplificazione-e-la-strada-da-percorrere\/","url":"https:\/\/www.uilscuolaemiliaromagna.it\/public\/er\/2023\/04\/21\/piano-semplificazione-mim-daprile-la-scuola-non-e-burocrazia-la-semplificazione-e-la-strada-da-percorrere\/","name":"PIANO SEMPLIFICAZIONE MIM | D\u2019Aprile: La scuola non \u00e8 burocrazia. La semplificazione \u00e8 la strada da percorrere. - Uil Scuola Emilia Romagna","isPartOf":{"@id":"https:\/\/www.uilscuolaemiliaromagna.it\/public\/er\/#website"},"datePublished":"2023-04-21T17:54:23+00:00","dateModified":"2023-04-23T17:56:51+00:00","breadcrumb":{"@id":"https:\/\/www.uilscuolaemiliaromagna.it\/public\/er\/2023\/04\/21\/piano-semplificazione-mim-daprile-la-scuola-non-e-burocrazia-la-semplificazione-e-la-strada-da-percorrere\/#breadcrumb"},"inLanguage":"it-IT","potentialAction":[{"@type":"ReadAction","target":["https:\/\/www.uilscuolaemiliaromagna.it\/public\/er\/2023\/04\/21\/piano-semplificazione-mim-daprile-la-scuola-non-e-burocrazia-la-semplificazione-e-la-strada-da-percorrere\/"]}]},{"@type":"BreadcrumbList","@id":"https:\/\/www.uilscuolaemiliaromagna.it\/public\/er\/2023\/04\/21\/piano-semplificazione-mim-daprile-la-scuola-non-e-burocrazia-la-semplificazione-e-la-strada-da-percorrere\/#breadcrumb","itemListElement":[{"@type":"ListItem","position":1,"name":"Home","item":"https:\/\/www.uilscuolaemiliaromagna.it\/public\/er\/"},{"@type":"ListItem","position":2,"name":"PIANO SEMPLIFICAZIONE MIM | D\u2019Aprile: La scuola non \u00e8 burocrazia. La semplificazione \u00e8 la strada da percorrere."}]},{"@type":"WebSite","@id":"https:\/\/www.uilscuolaemiliaromagna.it\/public\/er\/#website","url":"https:\/\/www.uilscuolaemiliaromagna.it\/public\/er\/","name":"Uil Scuola Emilia Romagna","description":"La voce libera della scuola","publisher":{"@id":"https:\/\/www.uilscuolaemiliaromagna.it\/public\/er\/#organization"},"potentialAction":[{"@type":"SearchAction","target":{"@type":"EntryPoint","urlTemplate":"https:\/\/www.uilscuolaemiliaromagna.it\/public\/er\/?s={search_term_string}"},"query-input":"required name=search_term_string"}],"inLanguage":"it-IT"},{"@type":"Organization","@id":"https:\/\/www.uilscuolaemiliaromagna.it\/public\/er\/#organization","name":"Uil Scuola Emilia Romagna","url":"https:\/\/www.uilscuolaemiliaromagna.it\/public\/er\/","logo":{"@type":"ImageObject","inLanguage":"it-IT","@id":"https:\/\/www.uilscuolaemiliaromagna.it\/public\/er\/#\/schema\/logo\/image\/","url":"https:\/\/www.uilscuolaemiliaromagna.it\/public\/er\/wp-content\/uploads\/2017\/04\/cropped-header.png","contentUrl":"https:\/\/www.uilscuolaemiliaromagna.it\/public\/er\/wp-content\/uploads\/2017\/04\/cropped-header.png","width":1000,"height":150,"caption":"Uil Scuola Emilia Romagna"},"image":{"@id":"https:\/\/www.uilscuolaemiliaromagna.it\/public\/er\/#\/schema\/logo\/image\/"}},{"@type":"Person","@id":"https:\/\/www.uilscuolaemiliaromagna.it\/public\/er\/#\/schema\/person\/f42878fd07a4b6ba2b7153d4fad5de5e","name":"admin","image":{"@type":"ImageObject","inLanguage":"it-IT","@id":"https:\/\/www.uilscuolaemiliaromagna.it\/public\/er\/#\/schema\/person\/image\/","url":"https:\/\/secure.gravatar.com\/avatar\/aebf815ae2f30ffdae8b8c247273d34c?s=96&d=mm&r=g","contentUrl":"https:\/\/secure.gravatar.com\/avatar\/aebf815ae2f30ffdae8b8c247273d34c?s=96&d=mm&r=g","caption":"admin"},"url":"https:\/\/www.uilscuolaemiliaromagna.it\/public\/er\/author\/admin\/"}]}},"views":578,"_links":{"self":[{"href":"https:\/\/www.uilscuolaemiliaromagna.it\/public\/er\/wp-json\/wp\/v2\/posts\/11223"}],"collection":[{"href":"https:\/\/www.uilscuolaemiliaromagna.it\/public\/er\/wp-json\/wp\/v2\/posts"}],"about":[{"href":"https:\/\/www.uilscuolaemiliaromagna.it\/public\/er\/wp-json\/wp\/v2\/types\/post"}],"author":[{"embeddable":true,"href":"https:\/\/www.uilscuolaemiliaromagna.it\/public\/er\/wp-json\/wp\/v2\/users\/1"}],"replies":[{"embeddable":true,"href":"https:\/\/www.uilscuolaemiliaromagna.it\/public\/er\/wp-json\/wp\/v2\/comments?post=11223"}],"version-history":[{"count":1,"href":"https:\/\/www.uilscuolaemiliaromagna.it\/public\/er\/wp-json\/wp\/v2\/posts\/11223\/revisions"}],"predecessor-version":[{"id":11224,"href":"https:\/\/www.uilscuolaemiliaromagna.it\/public\/er\/wp-json\/wp\/v2\/posts\/11223\/revisions\/11224"}],"wp:featuredmedia":[{"embeddable":true,"href":"https:\/\/www.uilscuolaemiliaromagna.it\/public\/er\/wp-json\/wp\/v2\/media\/10848"}],"wp:attachment":[{"href":"https:\/\/www.uilscuolaemiliaromagna.it\/public\/er\/wp-json\/wp\/v2\/media?parent=11223"}],"wp:term":[{"taxonomy":"category","embeddable":true,"href":"https:\/\/www.uilscuolaemiliaromagna.it\/public\/er\/wp-json\/wp\/v2\/categories?post=11223"},{"taxonomy":"post_tag","embeddable":true,"href":"https:\/\/www.uilscuolaemiliaromagna.it\/public\/er\/wp-json\/wp\/v2\/tags?post=11223"}],"curies":[{"name":"wp","href":"https:\/\/api.w.org\/{rel}","templated":true}]}}