{"id":11329,"date":"2023-05-31T16:58:21","date_gmt":"2023-05-31T14:58:21","guid":{"rendered":"http:\/\/www.uilscuolaemiliaromagna.it\/public\/er\/?p=11329"},"modified":"2023-07-11T19:16:11","modified_gmt":"2023-07-11T17:16:11","slug":"naspi-2023-servizio-patronato-ital-uil-per-la-disoccupazione","status":"publish","type":"post","link":"https:\/\/www.uilscuolaemiliaromagna.it\/public\/er\/2023\/05\/31\/naspi-2023-servizio-patronato-ital-uil-per-la-disoccupazione\/","title":{"rendered":"NASPI 2023: SERVIZIO PATRONATO ITAL UIL PER LA DISOCCUPAZIONE"},"content":{"rendered":"<h4 style=\"text-align: center;\"><span style=\"color: #0000ff;\">NASPI 2023: SERVIZIO PATRONATO ITAL UIL PER LA DISOCCUPAZIONE<\/span><\/h4>\n<p style=\"text-align: justify;\">La FEDERAZIONE Uil Scuola RUA in collaborazione con il Patronato ITAL-UIL organizza, come di consueto, un servizio di consulenza e presentazione della domanda per la richiesta dell\u2019indennit\u00e0 di disoccupazione.<\/p>\n<p style=\"text-align: justify;\">Per la presentazione della domanda \u00e8 necessario (dopo la scadenza del contratto) rivolgersi presso i nostri uffici (non \u00e8 necessario prendere appuntamento) di Bologna via Serena 2\/2 Patronato ITAL piano terra dal luned\u00ec al venerd\u00ec (escluso il mercoled\u00ec) dalle 08.45 alle 12.45 e dalle 14.30 alle 18.00 o di Imola via Nardozzi, 1 dal luned\u00ec al venerd\u00ec (escluso marted\u00ec mattina e venerd\u00ec mattina) dalle 09.00 alle 12.00 e dalle 15.00 alle 18.00 muniti dei seguenti documenti:<\/p>\n<ul>\n<li>Documento di Identit\u00e0<\/li>\n<li>Codice Fiscale<\/li>\n<li>IBAN e proprie coordinate bancarie<\/li>\n<li>Contratto scolastico (in caso di pi\u00f9 contratti durante l&#8217;anno scolastico, portare tutti i contratti)<\/li>\n<li>Ultimi cedolini telematici -NOIPA- (almeno 3)<\/li>\n<li>Numero Posizione INPS della scuola oppure Codice Fiscale della Scuola (reperibile sul sito della scuola)<\/li>\n<\/ul>\n<p style=\"text-align: justify;\">Per ulteriori informazioni \u00e8 possibile contattare i seguenti recapiti: Serafino 3282258300, Marco 3479688040, Franco 3917658533, Emidio 3917658534, Gennaro (sede di Imola) 3477775464, Gianluca (sede di Molinella) 3392855649<\/p>\n\n<div class=\"twitter-share\"><a href=\"https:\/\/twitter.com\/intent\/tweet?via=UILScuolaBO_ER\" class=\"twitter-share-button\" data-size=\"large\">Tweet<\/a><\/div>\n","protected":false},"excerpt":{"rendered":"<p>NASPI 2023: SERVIZIO PATRONATO ITAL UIL PER LA DISOCCUPAZIONE La FEDERAZIONE Uil Scuola RUA in collaborazione con il Patronato ITAL-UIL organizza, come di consueto, un &hellip; <\/p>\n","protected":false},"author":1,"featured_media":11330,"comment_status":"closed","ping_status":"open","sticky":false,"template":"","format":"standard","meta":{"footnotes":""},"categories":[2,12,6],"tags":[],"yoast_head":"<!-- This site is optimized with the Yoast SEO plugin v21.7 - https:\/\/yoast.com\/wordpress\/plugins\/seo\/ -->\r\n<title>NASPI 2023: SERVIZIO PATRONATO ITAL UIL PER LA DISOCCUPAZIONE - Uil Scuola Emilia Romagna<\/title>\r\n<meta name=\"robots\" content=\"index, follow, max-snippet:-1, max-image-preview:large, max-video-preview:-1\" \/>\r\n<link rel=\"canonical\" href=\"https:\/\/www.uilscuolaemiliaromagna.it\/public\/er\/2023\/05\/31\/naspi-2023-servizio-patronato-ital-uil-per-la-disoccupazione\/\" \/>\r\n<meta property=\"og:locale\" content=\"it_IT\" \/>\r\n<meta property=\"og:type\" content=\"article\" \/>\r\n<meta property=\"og:title\" content=\"NASPI 2023: SERVIZIO PATRONATO ITAL UIL PER LA DISOCCUPAZIONE - Uil Scuola Emilia Romagna\" \/>\r\n<meta property=\"og:description\" content=\"NASPI 2023: SERVIZIO PATRONATO ITAL UIL PER LA DISOCCUPAZIONE La FEDERAZIONE Uil Scuola RUA in collaborazione con il Patronato ITAL-UIL organizza, come di consueto, un &hellip;\" \/>\r\n<meta property=\"og:url\" content=\"https:\/\/www.uilscuolaemiliaromagna.it\/public\/er\/2023\/05\/31\/naspi-2023-servizio-patronato-ital-uil-per-la-disoccupazione\/\" \/>\r\n<meta property=\"og:site_name\" content=\"Uil Scuola Emilia Romagna\" \/>\r\n<meta property=\"article:published_time\" content=\"2023-05-31T14:58:21+00:00\" \/>\r\n<meta property=\"article:modified_time\" content=\"2023-07-11T17:16:11+00:00\" \/>\r\n<meta property=\"og:image\" content=\"https:\/\/www.uilscuolaemiliaromagna.it\/public\/er\/wp-content\/uploads\/2023\/05\/NASPI.jpg\" \/>\r\n\t<meta property=\"og:image:width\" content=\"800\" \/>\r\n\t<meta property=\"og:image:height\" content=\"533\" \/>\r\n\t<meta property=\"og:image:type\" content=\"image\/jpeg\" \/>\r\n<meta name=\"author\" content=\"admin\" \/>\r\n<meta name=\"twitter:card\" content=\"summary_large_image\" \/>\r\n<meta name=\"twitter:label1\" content=\"Scritto da\" \/>\n\t<meta name=\"twitter:data1\" content=\"admin\" \/>\n\t<meta name=\"twitter:label2\" content=\"Tempo di lettura stimato\" \/>\n\t<meta name=\"twitter:data2\" content=\"1 minuto\" \/>\r\n<script type=\"application\/ld+json\" class=\"yoast-schema-graph\">{\"@context\":\"https:\/\/schema.org\",\"@graph\":[{\"@type\":\"Article\",\"@id\":\"https:\/\/www.uilscuolaemiliaromagna.it\/public\/er\/2023\/05\/31\/naspi-2023-servizio-patronato-ital-uil-per-la-disoccupazione\/#article\",\"isPartOf\":{\"@id\":\"https:\/\/www.uilscuolaemiliaromagna.it\/public\/er\/2023\/05\/31\/naspi-2023-servizio-patronato-ital-uil-per-la-disoccupazione\/\"},\"author\":{\"name\":\"admin\",\"@id\":\"https:\/\/www.uilscuolaemiliaromagna.it\/public\/er\/#\/schema\/person\/f42878fd07a4b6ba2b7153d4fad5de5e\"},\"headline\":\"NASPI 2023: SERVIZIO PATRONATO ITAL UIL PER LA DISOCCUPAZIONE\",\"datePublished\":\"2023-05-31T14:58:21+00:00\",\"dateModified\":\"2023-07-11T17:16:11+00:00\",\"mainEntityOfPage\":{\"@id\":\"https:\/\/www.uilscuolaemiliaromagna.it\/public\/er\/2023\/05\/31\/naspi-2023-servizio-patronato-ital-uil-per-la-disoccupazione\/\"},\"wordCount\":174,\"publisher\":{\"@id\":\"https:\/\/www.uilscuolaemiliaromagna.it\/public\/er\/#organization\"},\"articleSection\":[\"ATA\",\"Notizie\",\"Personale Docente\"],\"inLanguage\":\"it-IT\"},{\"@type\":\"WebPage\",\"@id\":\"https:\/\/www.uilscuolaemiliaromagna.it\/public\/er\/2023\/05\/31\/naspi-2023-servizio-patronato-ital-uil-per-la-disoccupazione\/\",\"url\":\"https:\/\/www.uilscuolaemiliaromagna.it\/public\/er\/2023\/05\/31\/naspi-2023-servizio-patronato-ital-uil-per-la-disoccupazione\/\",\"name\":\"NASPI 2023: SERVIZIO PATRONATO ITAL UIL PER LA DISOCCUPAZIONE - Uil Scuola Emilia Romagna\",\"isPartOf\":{\"@id\":\"https:\/\/www.uilscuolaemiliaromagna.it\/public\/er\/#website\"},\"datePublished\":\"2023-05-31T14:58:21+00:00\",\"dateModified\":\"2023-07-11T17:16:11+00:00\",\"breadcrumb\":{\"@id\":\"https:\/\/www.uilscuolaemiliaromagna.it\/public\/er\/2023\/05\/31\/naspi-2023-servizio-patronato-ital-uil-per-la-disoccupazione\/#breadcrumb\"},\"inLanguage\":\"it-IT\",\"potentialAction\":[{\"@type\":\"ReadAction\",\"target\":[\"https:\/\/www.uilscuolaemiliaromagna.it\/public\/er\/2023\/05\/31\/naspi-2023-servizio-patronato-ital-uil-per-la-disoccupazione\/\"]}]},{\"@type\":\"BreadcrumbList\",\"@id\":\"https:\/\/www.uilscuolaemiliaromagna.it\/public\/er\/2023\/05\/31\/naspi-2023-servizio-patronato-ital-uil-per-la-disoccupazione\/#breadcrumb\",\"itemListElement\":[{\"@type\":\"ListItem\",\"position\":1,\"name\":\"Home\",\"item\":\"https:\/\/www.uilscuolaemiliaromagna.it\/public\/er\/\"},{\"@type\":\"ListItem\",\"position\":2,\"name\":\"NASPI 2023: SERVIZIO PATRONATO ITAL UIL PER LA DISOCCUPAZIONE\"}]},{\"@type\":\"WebSite\",\"@id\":\"https:\/\/www.uilscuolaemiliaromagna.it\/public\/er\/#website\",\"url\":\"https:\/\/www.uilscuolaemiliaromagna.it\/public\/er\/\",\"name\":\"Uil Scuola Emilia Romagna\",\"description\":\"La voce libera della scuola\",\"publisher\":{\"@id\":\"https:\/\/www.uilscuolaemiliaromagna.it\/public\/er\/#organization\"},\"potentialAction\":[{\"@type\":\"SearchAction\",\"target\":{\"@type\":\"EntryPoint\",\"urlTemplate\":\"https:\/\/www.uilscuolaemiliaromagna.it\/public\/er\/?s={search_term_string}\"},\"query-input\":\"required name=search_term_string\"}],\"inLanguage\":\"it-IT\"},{\"@type\":\"Organization\",\"@id\":\"https:\/\/www.uilscuolaemiliaromagna.it\/public\/er\/#organization\",\"name\":\"Uil Scuola Emilia Romagna\",\"url\":\"https:\/\/www.uilscuolaemiliaromagna.it\/public\/er\/\",\"logo\":{\"@type\":\"ImageObject\",\"inLanguage\":\"it-IT\",\"@id\":\"https:\/\/www.uilscuolaemiliaromagna.it\/public\/er\/#\/schema\/logo\/image\/\",\"url\":\"https:\/\/www.uilscuolaemiliaromagna.it\/public\/er\/wp-content\/uploads\/2017\/04\/cropped-header.png\",\"contentUrl\":\"https:\/\/www.uilscuolaemiliaromagna.it\/public\/er\/wp-content\/uploads\/2017\/04\/cropped-header.png\",\"width\":1000,\"height\":150,\"caption\":\"Uil Scuola Emilia Romagna\"},\"image\":{\"@id\":\"https:\/\/www.uilscuolaemiliaromagna.it\/public\/er\/#\/schema\/logo\/image\/\"}},{\"@type\":\"Person\",\"@id\":\"https:\/\/www.uilscuolaemiliaromagna.it\/public\/er\/#\/schema\/person\/f42878fd07a4b6ba2b7153d4fad5de5e\",\"name\":\"admin\",\"image\":{\"@type\":\"ImageObject\",\"inLanguage\":\"it-IT\",\"@id\":\"https:\/\/www.uilscuolaemiliaromagna.it\/public\/er\/#\/schema\/person\/image\/\",\"url\":\"https:\/\/secure.gravatar.com\/avatar\/aebf815ae2f30ffdae8b8c247273d34c?s=96&d=mm&r=g\",\"contentUrl\":\"https:\/\/secure.gravatar.com\/avatar\/aebf815ae2f30ffdae8b8c247273d34c?s=96&d=mm&r=g\",\"caption\":\"admin\"},\"url\":\"https:\/\/www.uilscuolaemiliaromagna.it\/public\/er\/author\/admin\/\"}]}<\/script>\r\n<!-- \/ Yoast SEO plugin. -->","yoast_head_json":{"title":"NASPI 2023: SERVIZIO PATRONATO ITAL UIL PER LA DISOCCUPAZIONE - Uil Scuola Emilia Romagna","robots":{"index":"index","follow":"follow","max-snippet":"max-snippet:-1","max-image-preview":"max-image-preview:large","max-video-preview":"max-video-preview:-1"},"canonical":"https:\/\/www.uilscuolaemiliaromagna.it\/public\/er\/2023\/05\/31\/naspi-2023-servizio-patronato-ital-uil-per-la-disoccupazione\/","og_locale":"it_IT","og_type":"article","og_title":"NASPI 2023: SERVIZIO PATRONATO ITAL UIL PER LA DISOCCUPAZIONE - Uil Scuola Emilia Romagna","og_description":"NASPI 2023: SERVIZIO PATRONATO ITAL UIL PER LA DISOCCUPAZIONE La FEDERAZIONE Uil Scuola RUA in collaborazione con il Patronato ITAL-UIL organizza, come di consueto, un &hellip;","og_url":"https:\/\/www.uilscuolaemiliaromagna.it\/public\/er\/2023\/05\/31\/naspi-2023-servizio-patronato-ital-uil-per-la-disoccupazione\/","og_site_name":"Uil Scuola Emilia Romagna","article_published_time":"2023-05-31T14:58:21+00:00","article_modified_time":"2023-07-11T17:16:11+00:00","og_image":[{"width":800,"height":533,"url":"https:\/\/www.uilscuolaemiliaromagna.it\/public\/er\/wp-content\/uploads\/2023\/05\/NASPI.jpg","type":"image\/jpeg"}],"author":"admin","twitter_card":"summary_large_image","twitter_misc":{"Scritto da":"admin","Tempo di lettura stimato":"1 minuto"},"schema":{"@context":"https:\/\/schema.org","@graph":[{"@type":"Article","@id":"https:\/\/www.uilscuolaemiliaromagna.it\/public\/er\/2023\/05\/31\/naspi-2023-servizio-patronato-ital-uil-per-la-disoccupazione\/#article","isPartOf":{"@id":"https:\/\/www.uilscuolaemiliaromagna.it\/public\/er\/2023\/05\/31\/naspi-2023-servizio-patronato-ital-uil-per-la-disoccupazione\/"},"author":{"name":"admin","@id":"https:\/\/www.uilscuolaemiliaromagna.it\/public\/er\/#\/schema\/person\/f42878fd07a4b6ba2b7153d4fad5de5e"},"headline":"NASPI 2023: SERVIZIO PATRONATO ITAL UIL PER LA DISOCCUPAZIONE","datePublished":"2023-05-31T14:58:21+00:00","dateModified":"2023-07-11T17:16:11+00:00","mainEntityOfPage":{"@id":"https:\/\/www.uilscuolaemiliaromagna.it\/public\/er\/2023\/05\/31\/naspi-2023-servizio-patronato-ital-uil-per-la-disoccupazione\/"},"wordCount":174,"publisher":{"@id":"https:\/\/www.uilscuolaemiliaromagna.it\/public\/er\/#organization"},"articleSection":["ATA","Notizie","Personale Docente"],"inLanguage":"it-IT"},{"@type":"WebPage","@id":"https:\/\/www.uilscuolaemiliaromagna.it\/public\/er\/2023\/05\/31\/naspi-2023-servizio-patronato-ital-uil-per-la-disoccupazione\/","url":"https:\/\/www.uilscuolaemiliaromagna.it\/public\/er\/2023\/05\/31\/naspi-2023-servizio-patronato-ital-uil-per-la-disoccupazione\/","name":"NASPI 2023: SERVIZIO PATRONATO ITAL UIL PER LA DISOCCUPAZIONE - Uil Scuola Emilia Romagna","isPartOf":{"@id":"https:\/\/www.uilscuolaemiliaromagna.it\/public\/er\/#website"},"datePublished":"2023-05-31T14:58:21+00:00","dateModified":"2023-07-11T17:16:11+00:00","breadcrumb":{"@id":"https:\/\/www.uilscuolaemiliaromagna.it\/public\/er\/2023\/05\/31\/naspi-2023-servizio-patronato-ital-uil-per-la-disoccupazione\/#breadcrumb"},"inLanguage":"it-IT","potentialAction":[{"@type":"ReadAction","target":["https:\/\/www.uilscuolaemiliaromagna.it\/public\/er\/2023\/05\/31\/naspi-2023-servizio-patronato-ital-uil-per-la-disoccupazione\/"]}]},{"@type":"BreadcrumbList","@id":"https:\/\/www.uilscuolaemiliaromagna.it\/public\/er\/2023\/05\/31\/naspi-2023-servizio-patronato-ital-uil-per-la-disoccupazione\/#breadcrumb","itemListElement":[{"@type":"ListItem","position":1,"name":"Home","item":"https:\/\/www.uilscuolaemiliaromagna.it\/public\/er\/"},{"@type":"ListItem","position":2,"name":"NASPI 2023: SERVIZIO PATRONATO ITAL UIL PER LA DISOCCUPAZIONE"}]},{"@type":"WebSite","@id":"https:\/\/www.uilscuolaemiliaromagna.it\/public\/er\/#website","url":"https:\/\/www.uilscuolaemiliaromagna.it\/public\/er\/","name":"Uil Scuola Emilia Romagna","description":"La voce libera della scuola","publisher":{"@id":"https:\/\/www.uilscuolaemiliaromagna.it\/public\/er\/#organization"},"potentialAction":[{"@type":"SearchAction","target":{"@type":"EntryPoint","urlTemplate":"https:\/\/www.uilscuolaemiliaromagna.it\/public\/er\/?s={search_term_string}"},"query-input":"required name=search_term_string"}],"inLanguage":"it-IT"},{"@type":"Organization","@id":"https:\/\/www.uilscuolaemiliaromagna.it\/public\/er\/#organization","name":"Uil Scuola Emilia Romagna","url":"https:\/\/www.uilscuolaemiliaromagna.it\/public\/er\/","logo":{"@type":"ImageObject","inLanguage":"it-IT","@id":"https:\/\/www.uilscuolaemiliaromagna.it\/public\/er\/#\/schema\/logo\/image\/","url":"https:\/\/www.uilscuolaemiliaromagna.it\/public\/er\/wp-content\/uploads\/2017\/04\/cropped-header.png","contentUrl":"https:\/\/www.uilscuolaemiliaromagna.it\/public\/er\/wp-content\/uploads\/2017\/04\/cropped-header.png","width":1000,"height":150,"caption":"Uil Scuola Emilia Romagna"},"image":{"@id":"https:\/\/www.uilscuolaemiliaromagna.it\/public\/er\/#\/schema\/logo\/image\/"}},{"@type":"Person","@id":"https:\/\/www.uilscuolaemiliaromagna.it\/public\/er\/#\/schema\/person\/f42878fd07a4b6ba2b7153d4fad5de5e","name":"admin","image":{"@type":"ImageObject","inLanguage":"it-IT","@id":"https:\/\/www.uilscuolaemiliaromagna.it\/public\/er\/#\/schema\/person\/image\/","url":"https:\/\/secure.gravatar.com\/avatar\/aebf815ae2f30ffdae8b8c247273d34c?s=96&d=mm&r=g","contentUrl":"https:\/\/secure.gravatar.com\/avatar\/aebf815ae2f30ffdae8b8c247273d34c?s=96&d=mm&r=g","caption":"admin"},"url":"https:\/\/www.uilscuolaemiliaromagna.it\/public\/er\/author\/admin\/"}]}},"views":1181,"_links":{"self":[{"href":"https:\/\/www.uilscuolaemiliaromagna.it\/public\/er\/wp-json\/wp\/v2\/posts\/11329"}],"collection":[{"href":"https:\/\/www.uilscuolaemiliaromagna.it\/public\/er\/wp-json\/wp\/v2\/posts"}],"about":[{"href":"https:\/\/www.uilscuolaemiliaromagna.it\/public\/er\/wp-json\/wp\/v2\/types\/post"}],"author":[{"embeddable":true,"href":"https:\/\/www.uilscuolaemiliaromagna.it\/public\/er\/wp-json\/wp\/v2\/users\/1"}],"replies":[{"embeddable":true,"href":"https:\/\/www.uilscuolaemiliaromagna.it\/public\/er\/wp-json\/wp\/v2\/comments?post=11329"}],"version-history":[{"count":1,"href":"https:\/\/www.uilscuolaemiliaromagna.it\/public\/er\/wp-json\/wp\/v2\/posts\/11329\/revisions"}],"predecessor-version":[{"id":11331,"href":"https:\/\/www.uilscuolaemiliaromagna.it\/public\/er\/wp-json\/wp\/v2\/posts\/11329\/revisions\/11331"}],"wp:featuredmedia":[{"embeddable":true,"href":"https:\/\/www.uilscuolaemiliaromagna.it\/public\/er\/wp-json\/wp\/v2\/media\/11330"}],"wp:attachment":[{"href":"https:\/\/www.uilscuolaemiliaromagna.it\/public\/er\/wp-json\/wp\/v2\/media?parent=11329"}],"wp:term":[{"taxonomy":"category","embeddable":true,"href":"https:\/\/www.uilscuolaemiliaromagna.it\/public\/er\/wp-json\/wp\/v2\/categories?post=11329"},{"taxonomy":"post_tag","embeddable":true,"href":"https:\/\/www.uilscuolaemiliaromagna.it\/public\/er\/wp-json\/wp\/v2\/tags?post=11329"}],"curies":[{"name":"wp","href":"https:\/\/api.w.org\/{rel}","templated":true}]}}