{"id":11382,"date":"2023-06-07T13:06:04","date_gmt":"2023-06-07T11:06:04","guid":{"rendered":"http:\/\/www.uilscuolaemiliaromagna.it\/public\/er\/?p=11382"},"modified":"2023-06-07T13:06:04","modified_gmt":"2023-06-07T11:06:04","slug":"tfa-sostegno-viii-ciclo-daprile-a-un-mese-dalle-preselettive-regna-il-caos-se-il-ministero-non-interviene-si-inaspriranno-i-contenziosi","status":"publish","type":"post","link":"https:\/\/www.uilscuolaemiliaromagna.it\/public\/er\/2023\/06\/07\/tfa-sostegno-viii-ciclo-daprile-a-un-mese-dalle-preselettive-regna-il-caos-se-il-ministero-non-interviene-si-inaspriranno-i-contenziosi\/","title":{"rendered":"TFA Sostegno VIII ciclo, D\u2019Aprile: a un mese dalle preselettive regna il caos, se il Ministero non interviene si inaspriranno i contenziosi"},"content":{"rendered":"<h3 style=\"text-align: justify;\"><strong><em>Abbiamo richiesto chiarimenti al MIM. Troppe le questioni aperte su una materia cos\u00ec importante e delicata come il sostegno agli alunni con disabilit\u00e0.<\/em><\/strong><\/h3>\n<p style=\"text-align: justify;\">A meno di un mese dalle prove preselettive per l\u2019accesso ai percorsi di specializzazione sul sostegno, VIII ciclo, che si terranno dal 4 al 7 luglio prossimo, regna il caos \u2013 a dichiararlo \u00e8 il Segretario generale della Uil Scuola Rua Giuseppe D\u2019Aprile.<\/p>\n<p style=\"text-align: justify;\">Mentre le Universit\u00e0 stanno procedendo alla pubblicazione dei bandi, che stabiliscono le modalit\u00e0 e i criteri dei nuovi percorsi per il conseguimento della specializzazione per le attivit\u00e0 di sostegno didattico agli alunni con disabilit\u00e0, restano molti dubbi e numerose contraddizioni che, se non chiariti per tempo, rischiano di invalidare gli stessi percorsi aprendo una nuova stagione di ricorsi che \u00e8 necessario assolutamente evitare.<\/p>\n<p style=\"text-align: justify;\">Registriamo interpretazioni restrittive da parte del Ministero dell\u2019Universit\u00e0 e della Ricerca (MUR)\u2013 afferma il Segretario generale \u2013 rispetto a quanto prevede la legge sulla riserva del 35% dei posti per chi ha svolto i 3 anni di servizio sui posti di sostegno. Mentre infatti la riserva dovrebbe riguardare direttamente l\u2019accesso ai percorsi, (Dl n.36), senza prevedere alcuna prova da sostenere, il decreto e i relativi bandi universitari indicano invece che chi ha svolto 3 anni di servizio sul sostegno non sosterr\u00e0 solo la prova preselettiva accedendo direttamente alle prove scritte.<\/p>\n<p style=\"text-align: justify;\">Altra situazione degna di valutazione riguarda i titoli di accesso. Mentre infatti il decreto interministeriale non fa nessun accenno ad una eventuale data entro cui aver conseguito i 24 crediti formativi che unitamente alla laurea costituiscono titolo di accesso per il I e il II grado \u2013 continua D\u2019Aprile \u2013 alcuni bandi emanati dalle Universit\u00e0 inseriscono la data di sbarramento del 31 ottobre 2022 per l\u2019acquisizione dei crediti. Anche questo aspetto non \u00e8 conforme alle legge la quale indica come data ultima il 31 ottobre scorso solo per la partecipazione ai prossimi concorsi che in ogni caso non sono stati ancora banditi. Da ottobre ad oggi si saranno laureati migliaia di aspiranti in possesso dei 24 crediti conseguiti anche dopo il 31 ottobre 2022 che a nostro avviso devono essere presi in considerazione. Non possiamo infatti avallare questa discriminazione.<\/p>\n<p style=\"text-align: justify;\">Per questi e altri motivi \u2013 conclude il Segretario \u2013 abbiamo inviato, unitariamente alle altre organizzazioni sindacali, una richiesta di chiarimento al MIM perch\u00e9 non riteniamo possibile che si avviino dei percorsi con tutte queste questioni aperte su una materia cos\u00ec importante e delicata come il sostegno agli alunni con disabilit\u00e0.<\/p>\n<p>&nbsp;<\/p>\n<h6>fonte:\u00a0<a href=\"https:\/\/uilscuola.it\/tfa-sostegno-viii-ciclo-daprile-a-un-mese-dalle-preselettive-regna-il-caos-se-il-ministero-non-interviene-si-inaspriranno-i-contenziosi\/\" target=\"_blank\" rel=\"noopener noreferrer\">uilscuola.it<\/a><\/h6>\n<p>&nbsp;<\/p>\n<h2 style=\"text-align: center;\"><span style=\"color: #0000ff;\">Ai seguenti link le notizie pubblicate sull&#8217;argomento dalla UIL Scuola RUA di Bologna:<\/span><\/h2>\n<ul>\n<li>\n<h4><a href=\"https:\/\/www.uilscuolaemiliaromagna.it\/public\/er\/2023\/06\/07\/tfa-viii-ciclo-i-decreti-del-ministero-delluniversita-e-della-ricerca-e-i-bandi-delle-universita-dellemilia-romagna\/\" target=\"_blank\" rel=\"noopener noreferrer\">TFA VIII CICLO | I Decreti del Ministero dell\u2019Universit\u00e0 e della Ricerca e i bandi delle Universit\u00e0 dell\u2019Emilia Romagna<\/a><\/h4>\n<\/li>\n<li>\n<h4><a href=\"https:\/\/www.uilscuolaemiliaromagna.it\/public\/er\/2023\/06\/01\/webinar-tfa-sostegno-viii-ciclo-2023-lunedi-5-giugno-alle-ore-17-30\/\" target=\"_blank\" rel=\"noopener noreferrer\">WEBINAR TFA SOSTEGNO VIII CICLO 2023<\/a><\/h4>\n<\/li>\n<li>\n<h4><a href=\"https:\/\/www.uilscuolaemiliaromagna.it\/public\/er\/2023\/05\/31\/tfa-sostegno-viii-ciclo-canale-di-consulenza-dedicato-della-uil-scuola-rua-emilia-romagna\/\" target=\"_blank\" rel=\"noopener noreferrer\">TFA SOSTEGNO VIII CICLO Canale di consulenza dedicato della UIL Scuola RUA Emilia Romagna<\/a><\/h4>\n<\/li>\n<\/ul>\n\n<div class=\"twitter-share\"><a href=\"https:\/\/twitter.com\/intent\/tweet?via=UILScuolaBO_ER\" class=\"twitter-share-button\" data-size=\"large\">Tweet<\/a><\/div>\n","protected":false},"excerpt":{"rendered":"<p>Abbiamo richiesto chiarimenti al MIM. Troppe le questioni aperte su una materia cos\u00ec importante e delicata come il sostegno agli alunni con disabilit\u00e0. A meno &hellip; <\/p>\n","protected":false},"author":1,"featured_media":11385,"comment_status":"closed","ping_status":"open","sticky":false,"template":"","format":"standard","meta":{"footnotes":""},"categories":[12],"tags":[],"yoast_head":"<!-- This site is optimized with the Yoast SEO plugin v21.7 - https:\/\/yoast.com\/wordpress\/plugins\/seo\/ -->\r\n<title>TFA Sostegno VIII ciclo, D\u2019Aprile: a un mese dalle preselettive regna il caos, se il Ministero non interviene si inaspriranno i contenziosi - Uil Scuola Emilia Romagna<\/title>\r\n<meta name=\"robots\" content=\"index, follow, max-snippet:-1, max-image-preview:large, max-video-preview:-1\" \/>\r\n<link rel=\"canonical\" href=\"https:\/\/www.uilscuolaemiliaromagna.it\/public\/er\/2023\/06\/07\/tfa-sostegno-viii-ciclo-daprile-a-un-mese-dalle-preselettive-regna-il-caos-se-il-ministero-non-interviene-si-inaspriranno-i-contenziosi\/\" \/>\r\n<meta property=\"og:locale\" content=\"it_IT\" \/>\r\n<meta property=\"og:type\" content=\"article\" \/>\r\n<meta property=\"og:title\" content=\"TFA Sostegno VIII ciclo, D\u2019Aprile: a un mese dalle preselettive regna il caos, se il Ministero non interviene si inaspriranno i contenziosi - Uil Scuola Emilia Romagna\" \/>\r\n<meta property=\"og:description\" content=\"Abbiamo richiesto chiarimenti al MIM. Troppe le questioni aperte su una materia cos\u00ec importante e delicata come il sostegno agli alunni con disabilit\u00e0. A meno &hellip;\" \/>\r\n<meta property=\"og:url\" content=\"https:\/\/www.uilscuolaemiliaromagna.it\/public\/er\/2023\/06\/07\/tfa-sostegno-viii-ciclo-daprile-a-un-mese-dalle-preselettive-regna-il-caos-se-il-ministero-non-interviene-si-inaspriranno-i-contenziosi\/\" \/>\r\n<meta property=\"og:site_name\" content=\"Uil Scuola Emilia Romagna\" \/>\r\n<meta property=\"article:published_time\" content=\"2023-06-07T11:06:04+00:00\" \/>\r\n<meta property=\"og:image\" content=\"https:\/\/www.uilscuolaemiliaromagna.it\/public\/er\/wp-content\/uploads\/2023\/06\/TFA-8-ciclo-generico-2.jpg\" \/>\r\n\t<meta property=\"og:image:width\" content=\"768\" \/>\r\n\t<meta property=\"og:image:height\" content=\"565\" \/>\r\n\t<meta property=\"og:image:type\" content=\"image\/jpeg\" \/>\r\n<meta name=\"author\" content=\"admin\" \/>\r\n<meta name=\"twitter:card\" content=\"summary_large_image\" \/>\r\n<meta name=\"twitter:label1\" content=\"Scritto da\" \/>\n\t<meta name=\"twitter:data1\" content=\"admin\" \/>\n\t<meta name=\"twitter:label2\" content=\"Tempo di lettura stimato\" \/>\n\t<meta name=\"twitter:data2\" content=\"3 minuti\" \/>\r\n<script type=\"application\/ld+json\" class=\"yoast-schema-graph\">{\"@context\":\"https:\/\/schema.org\",\"@graph\":[{\"@type\":\"Article\",\"@id\":\"https:\/\/www.uilscuolaemiliaromagna.it\/public\/er\/2023\/06\/07\/tfa-sostegno-viii-ciclo-daprile-a-un-mese-dalle-preselettive-regna-il-caos-se-il-ministero-non-interviene-si-inaspriranno-i-contenziosi\/#article\",\"isPartOf\":{\"@id\":\"https:\/\/www.uilscuolaemiliaromagna.it\/public\/er\/2023\/06\/07\/tfa-sostegno-viii-ciclo-daprile-a-un-mese-dalle-preselettive-regna-il-caos-se-il-ministero-non-interviene-si-inaspriranno-i-contenziosi\/\"},\"author\":{\"name\":\"admin\",\"@id\":\"https:\/\/www.uilscuolaemiliaromagna.it\/public\/er\/#\/schema\/person\/f42878fd07a4b6ba2b7153d4fad5de5e\"},\"headline\":\"TFA Sostegno VIII ciclo, D\u2019Aprile: a un mese dalle preselettive regna il caos, se il Ministero non interviene si inaspriranno i contenziosi\",\"datePublished\":\"2023-06-07T11:06:04+00:00\",\"dateModified\":\"2023-06-07T11:06:04+00:00\",\"mainEntityOfPage\":{\"@id\":\"https:\/\/www.uilscuolaemiliaromagna.it\/public\/er\/2023\/06\/07\/tfa-sostegno-viii-ciclo-daprile-a-un-mese-dalle-preselettive-regna-il-caos-se-il-ministero-non-interviene-si-inaspriranno-i-contenziosi\/\"},\"wordCount\":474,\"publisher\":{\"@id\":\"https:\/\/www.uilscuolaemiliaromagna.it\/public\/er\/#organization\"},\"articleSection\":[\"Notizie\"],\"inLanguage\":\"it-IT\"},{\"@type\":\"WebPage\",\"@id\":\"https:\/\/www.uilscuolaemiliaromagna.it\/public\/er\/2023\/06\/07\/tfa-sostegno-viii-ciclo-daprile-a-un-mese-dalle-preselettive-regna-il-caos-se-il-ministero-non-interviene-si-inaspriranno-i-contenziosi\/\",\"url\":\"https:\/\/www.uilscuolaemiliaromagna.it\/public\/er\/2023\/06\/07\/tfa-sostegno-viii-ciclo-daprile-a-un-mese-dalle-preselettive-regna-il-caos-se-il-ministero-non-interviene-si-inaspriranno-i-contenziosi\/\",\"name\":\"TFA Sostegno VIII ciclo, D\u2019Aprile: a un mese dalle preselettive regna il caos, se il Ministero non interviene si inaspriranno i contenziosi - Uil Scuola Emilia Romagna\",\"isPartOf\":{\"@id\":\"https:\/\/www.uilscuolaemiliaromagna.it\/public\/er\/#website\"},\"datePublished\":\"2023-06-07T11:06:04+00:00\",\"dateModified\":\"2023-06-07T11:06:04+00:00\",\"breadcrumb\":{\"@id\":\"https:\/\/www.uilscuolaemiliaromagna.it\/public\/er\/2023\/06\/07\/tfa-sostegno-viii-ciclo-daprile-a-un-mese-dalle-preselettive-regna-il-caos-se-il-ministero-non-interviene-si-inaspriranno-i-contenziosi\/#breadcrumb\"},\"inLanguage\":\"it-IT\",\"potentialAction\":[{\"@type\":\"ReadAction\",\"target\":[\"https:\/\/www.uilscuolaemiliaromagna.it\/public\/er\/2023\/06\/07\/tfa-sostegno-viii-ciclo-daprile-a-un-mese-dalle-preselettive-regna-il-caos-se-il-ministero-non-interviene-si-inaspriranno-i-contenziosi\/\"]}]},{\"@type\":\"BreadcrumbList\",\"@id\":\"https:\/\/www.uilscuolaemiliaromagna.it\/public\/er\/2023\/06\/07\/tfa-sostegno-viii-ciclo-daprile-a-un-mese-dalle-preselettive-regna-il-caos-se-il-ministero-non-interviene-si-inaspriranno-i-contenziosi\/#breadcrumb\",\"itemListElement\":[{\"@type\":\"ListItem\",\"position\":1,\"name\":\"Home\",\"item\":\"https:\/\/www.uilscuolaemiliaromagna.it\/public\/er\/\"},{\"@type\":\"ListItem\",\"position\":2,\"name\":\"TFA Sostegno VIII ciclo, D\u2019Aprile: a un mese dalle preselettive regna il caos, se il Ministero non interviene si inaspriranno i contenziosi\"}]},{\"@type\":\"WebSite\",\"@id\":\"https:\/\/www.uilscuolaemiliaromagna.it\/public\/er\/#website\",\"url\":\"https:\/\/www.uilscuolaemiliaromagna.it\/public\/er\/\",\"name\":\"Uil Scuola Emilia Romagna\",\"description\":\"La voce libera della scuola\",\"publisher\":{\"@id\":\"https:\/\/www.uilscuolaemiliaromagna.it\/public\/er\/#organization\"},\"potentialAction\":[{\"@type\":\"SearchAction\",\"target\":{\"@type\":\"EntryPoint\",\"urlTemplate\":\"https:\/\/www.uilscuolaemiliaromagna.it\/public\/er\/?s={search_term_string}\"},\"query-input\":\"required name=search_term_string\"}],\"inLanguage\":\"it-IT\"},{\"@type\":\"Organization\",\"@id\":\"https:\/\/www.uilscuolaemiliaromagna.it\/public\/er\/#organization\",\"name\":\"Uil Scuola Emilia Romagna\",\"url\":\"https:\/\/www.uilscuolaemiliaromagna.it\/public\/er\/\",\"logo\":{\"@type\":\"ImageObject\",\"inLanguage\":\"it-IT\",\"@id\":\"https:\/\/www.uilscuolaemiliaromagna.it\/public\/er\/#\/schema\/logo\/image\/\",\"url\":\"https:\/\/www.uilscuolaemiliaromagna.it\/public\/er\/wp-content\/uploads\/2017\/04\/cropped-header.png\",\"contentUrl\":\"https:\/\/www.uilscuolaemiliaromagna.it\/public\/er\/wp-content\/uploads\/2017\/04\/cropped-header.png\",\"width\":1000,\"height\":150,\"caption\":\"Uil Scuola Emilia Romagna\"},\"image\":{\"@id\":\"https:\/\/www.uilscuolaemiliaromagna.it\/public\/er\/#\/schema\/logo\/image\/\"}},{\"@type\":\"Person\",\"@id\":\"https:\/\/www.uilscuolaemiliaromagna.it\/public\/er\/#\/schema\/person\/f42878fd07a4b6ba2b7153d4fad5de5e\",\"name\":\"admin\",\"image\":{\"@type\":\"ImageObject\",\"inLanguage\":\"it-IT\",\"@id\":\"https:\/\/www.uilscuolaemiliaromagna.it\/public\/er\/#\/schema\/person\/image\/\",\"url\":\"https:\/\/secure.gravatar.com\/avatar\/aebf815ae2f30ffdae8b8c247273d34c?s=96&d=mm&r=g\",\"contentUrl\":\"https:\/\/secure.gravatar.com\/avatar\/aebf815ae2f30ffdae8b8c247273d34c?s=96&d=mm&r=g\",\"caption\":\"admin\"},\"url\":\"https:\/\/www.uilscuolaemiliaromagna.it\/public\/er\/author\/admin\/\"}]}<\/script>\r\n<!-- \/ Yoast SEO plugin. -->","yoast_head_json":{"title":"TFA Sostegno VIII ciclo, D\u2019Aprile: a un mese dalle preselettive regna il caos, se il Ministero non interviene si inaspriranno i contenziosi - Uil Scuola Emilia Romagna","robots":{"index":"index","follow":"follow","max-snippet":"max-snippet:-1","max-image-preview":"max-image-preview:large","max-video-preview":"max-video-preview:-1"},"canonical":"https:\/\/www.uilscuolaemiliaromagna.it\/public\/er\/2023\/06\/07\/tfa-sostegno-viii-ciclo-daprile-a-un-mese-dalle-preselettive-regna-il-caos-se-il-ministero-non-interviene-si-inaspriranno-i-contenziosi\/","og_locale":"it_IT","og_type":"article","og_title":"TFA Sostegno VIII ciclo, D\u2019Aprile: a un mese dalle preselettive regna il caos, se il Ministero non interviene si inaspriranno i contenziosi - Uil Scuola Emilia Romagna","og_description":"Abbiamo richiesto chiarimenti al MIM. Troppe le questioni aperte su una materia cos\u00ec importante e delicata come il sostegno agli alunni con disabilit\u00e0. A meno &hellip;","og_url":"https:\/\/www.uilscuolaemiliaromagna.it\/public\/er\/2023\/06\/07\/tfa-sostegno-viii-ciclo-daprile-a-un-mese-dalle-preselettive-regna-il-caos-se-il-ministero-non-interviene-si-inaspriranno-i-contenziosi\/","og_site_name":"Uil Scuola Emilia Romagna","article_published_time":"2023-06-07T11:06:04+00:00","og_image":[{"width":768,"height":565,"url":"https:\/\/www.uilscuolaemiliaromagna.it\/public\/er\/wp-content\/uploads\/2023\/06\/TFA-8-ciclo-generico-2.jpg","type":"image\/jpeg"}],"author":"admin","twitter_card":"summary_large_image","twitter_misc":{"Scritto da":"admin","Tempo di lettura stimato":"3 minuti"},"schema":{"@context":"https:\/\/schema.org","@graph":[{"@type":"Article","@id":"https:\/\/www.uilscuolaemiliaromagna.it\/public\/er\/2023\/06\/07\/tfa-sostegno-viii-ciclo-daprile-a-un-mese-dalle-preselettive-regna-il-caos-se-il-ministero-non-interviene-si-inaspriranno-i-contenziosi\/#article","isPartOf":{"@id":"https:\/\/www.uilscuolaemiliaromagna.it\/public\/er\/2023\/06\/07\/tfa-sostegno-viii-ciclo-daprile-a-un-mese-dalle-preselettive-regna-il-caos-se-il-ministero-non-interviene-si-inaspriranno-i-contenziosi\/"},"author":{"name":"admin","@id":"https:\/\/www.uilscuolaemiliaromagna.it\/public\/er\/#\/schema\/person\/f42878fd07a4b6ba2b7153d4fad5de5e"},"headline":"TFA Sostegno VIII ciclo, D\u2019Aprile: a un mese dalle preselettive regna il caos, se il Ministero non interviene si inaspriranno i contenziosi","datePublished":"2023-06-07T11:06:04+00:00","dateModified":"2023-06-07T11:06:04+00:00","mainEntityOfPage":{"@id":"https:\/\/www.uilscuolaemiliaromagna.it\/public\/er\/2023\/06\/07\/tfa-sostegno-viii-ciclo-daprile-a-un-mese-dalle-preselettive-regna-il-caos-se-il-ministero-non-interviene-si-inaspriranno-i-contenziosi\/"},"wordCount":474,"publisher":{"@id":"https:\/\/www.uilscuolaemiliaromagna.it\/public\/er\/#organization"},"articleSection":["Notizie"],"inLanguage":"it-IT"},{"@type":"WebPage","@id":"https:\/\/www.uilscuolaemiliaromagna.it\/public\/er\/2023\/06\/07\/tfa-sostegno-viii-ciclo-daprile-a-un-mese-dalle-preselettive-regna-il-caos-se-il-ministero-non-interviene-si-inaspriranno-i-contenziosi\/","url":"https:\/\/www.uilscuolaemiliaromagna.it\/public\/er\/2023\/06\/07\/tfa-sostegno-viii-ciclo-daprile-a-un-mese-dalle-preselettive-regna-il-caos-se-il-ministero-non-interviene-si-inaspriranno-i-contenziosi\/","name":"TFA Sostegno VIII ciclo, D\u2019Aprile: a un mese dalle preselettive regna il caos, se il Ministero non interviene si inaspriranno i contenziosi - Uil Scuola Emilia Romagna","isPartOf":{"@id":"https:\/\/www.uilscuolaemiliaromagna.it\/public\/er\/#website"},"datePublished":"2023-06-07T11:06:04+00:00","dateModified":"2023-06-07T11:06:04+00:00","breadcrumb":{"@id":"https:\/\/www.uilscuolaemiliaromagna.it\/public\/er\/2023\/06\/07\/tfa-sostegno-viii-ciclo-daprile-a-un-mese-dalle-preselettive-regna-il-caos-se-il-ministero-non-interviene-si-inaspriranno-i-contenziosi\/#breadcrumb"},"inLanguage":"it-IT","potentialAction":[{"@type":"ReadAction","target":["https:\/\/www.uilscuolaemiliaromagna.it\/public\/er\/2023\/06\/07\/tfa-sostegno-viii-ciclo-daprile-a-un-mese-dalle-preselettive-regna-il-caos-se-il-ministero-non-interviene-si-inaspriranno-i-contenziosi\/"]}]},{"@type":"BreadcrumbList","@id":"https:\/\/www.uilscuolaemiliaromagna.it\/public\/er\/2023\/06\/07\/tfa-sostegno-viii-ciclo-daprile-a-un-mese-dalle-preselettive-regna-il-caos-se-il-ministero-non-interviene-si-inaspriranno-i-contenziosi\/#breadcrumb","itemListElement":[{"@type":"ListItem","position":1,"name":"Home","item":"https:\/\/www.uilscuolaemiliaromagna.it\/public\/er\/"},{"@type":"ListItem","position":2,"name":"TFA Sostegno VIII ciclo, D\u2019Aprile: a un mese dalle preselettive regna il caos, se il Ministero non interviene si inaspriranno i contenziosi"}]},{"@type":"WebSite","@id":"https:\/\/www.uilscuolaemiliaromagna.it\/public\/er\/#website","url":"https:\/\/www.uilscuolaemiliaromagna.it\/public\/er\/","name":"Uil Scuola Emilia Romagna","description":"La voce libera della scuola","publisher":{"@id":"https:\/\/www.uilscuolaemiliaromagna.it\/public\/er\/#organization"},"potentialAction":[{"@type":"SearchAction","target":{"@type":"EntryPoint","urlTemplate":"https:\/\/www.uilscuolaemiliaromagna.it\/public\/er\/?s={search_term_string}"},"query-input":"required name=search_term_string"}],"inLanguage":"it-IT"},{"@type":"Organization","@id":"https:\/\/www.uilscuolaemiliaromagna.it\/public\/er\/#organization","name":"Uil Scuola Emilia Romagna","url":"https:\/\/www.uilscuolaemiliaromagna.it\/public\/er\/","logo":{"@type":"ImageObject","inLanguage":"it-IT","@id":"https:\/\/www.uilscuolaemiliaromagna.it\/public\/er\/#\/schema\/logo\/image\/","url":"https:\/\/www.uilscuolaemiliaromagna.it\/public\/er\/wp-content\/uploads\/2017\/04\/cropped-header.png","contentUrl":"https:\/\/www.uilscuolaemiliaromagna.it\/public\/er\/wp-content\/uploads\/2017\/04\/cropped-header.png","width":1000,"height":150,"caption":"Uil Scuola Emilia Romagna"},"image":{"@id":"https:\/\/www.uilscuolaemiliaromagna.it\/public\/er\/#\/schema\/logo\/image\/"}},{"@type":"Person","@id":"https:\/\/www.uilscuolaemiliaromagna.it\/public\/er\/#\/schema\/person\/f42878fd07a4b6ba2b7153d4fad5de5e","name":"admin","image":{"@type":"ImageObject","inLanguage":"it-IT","@id":"https:\/\/www.uilscuolaemiliaromagna.it\/public\/er\/#\/schema\/person\/image\/","url":"https:\/\/secure.gravatar.com\/avatar\/aebf815ae2f30ffdae8b8c247273d34c?s=96&d=mm&r=g","contentUrl":"https:\/\/secure.gravatar.com\/avatar\/aebf815ae2f30ffdae8b8c247273d34c?s=96&d=mm&r=g","caption":"admin"},"url":"https:\/\/www.uilscuolaemiliaromagna.it\/public\/er\/author\/admin\/"}]}},"views":750,"_links":{"self":[{"href":"https:\/\/www.uilscuolaemiliaromagna.it\/public\/er\/wp-json\/wp\/v2\/posts\/11382"}],"collection":[{"href":"https:\/\/www.uilscuolaemiliaromagna.it\/public\/er\/wp-json\/wp\/v2\/posts"}],"about":[{"href":"https:\/\/www.uilscuolaemiliaromagna.it\/public\/er\/wp-json\/wp\/v2\/types\/post"}],"author":[{"embeddable":true,"href":"https:\/\/www.uilscuolaemiliaromagna.it\/public\/er\/wp-json\/wp\/v2\/users\/1"}],"replies":[{"embeddable":true,"href":"https:\/\/www.uilscuolaemiliaromagna.it\/public\/er\/wp-json\/wp\/v2\/comments?post=11382"}],"version-history":[{"count":1,"href":"https:\/\/www.uilscuolaemiliaromagna.it\/public\/er\/wp-json\/wp\/v2\/posts\/11382\/revisions"}],"predecessor-version":[{"id":11383,"href":"https:\/\/www.uilscuolaemiliaromagna.it\/public\/er\/wp-json\/wp\/v2\/posts\/11382\/revisions\/11383"}],"wp:featuredmedia":[{"embeddable":true,"href":"https:\/\/www.uilscuolaemiliaromagna.it\/public\/er\/wp-json\/wp\/v2\/media\/11385"}],"wp:attachment":[{"href":"https:\/\/www.uilscuolaemiliaromagna.it\/public\/er\/wp-json\/wp\/v2\/media?parent=11382"}],"wp:term":[{"taxonomy":"category","embeddable":true,"href":"https:\/\/www.uilscuolaemiliaromagna.it\/public\/er\/wp-json\/wp\/v2\/categories?post=11382"},{"taxonomy":"post_tag","embeddable":true,"href":"https:\/\/www.uilscuolaemiliaromagna.it\/public\/er\/wp-json\/wp\/v2\/tags?post=11382"}],"curies":[{"name":"wp","href":"https:\/\/api.w.org\/{rel}","templated":true}]}}