{"id":11413,"date":"2023-06-14T14:28:03","date_gmt":"2023-06-14T12:28:03","guid":{"rendered":"http:\/\/www.uilscuolaemiliaromagna.it\/public\/er\/?p=11413"},"modified":"2023-07-11T19:15:29","modified_gmt":"2023-07-11T17:15:29","slug":"utilizzazioni-e-assegnazioni-provvisorie-a-s-2023-24-sottoscritta-lintesa-dal-15-giugno-lavvio-delle-procedure","status":"publish","type":"post","link":"https:\/\/www.uilscuolaemiliaromagna.it\/public\/er\/2023\/06\/14\/utilizzazioni-e-assegnazioni-provvisorie-a-s-2023-24-sottoscritta-lintesa-dal-15-giugno-lavvio-delle-procedure\/","title":{"rendered":"Utilizzazioni e assegnazioni provvisorie a.s. 2023\/24 | Sottoscritta l&#8217;intesa &#8211; dal 15 giugno l&#8217;avvio delle procedure"},"content":{"rendered":"<h3 style=\"text-align: center;\">Utilizzazioni e assegnazioni provvisorie a.s. 2023\/24 | Sottoscritta l&#8217;intesa &#8211; dal 15 giugno l&#8217;avvio delle procedure<\/h3>\n<p>Sottoscritta, in data 13 giugno 2023, l&#8217;intesa in materia di assegnazioni provvisorie e utilizzazioni del personale docente, educativo, IRC e ATA per l\u2019a.s. 2023\/24.<\/p>\n<p style=\"text-align: justify;\"><strong>Date di presentazione delle istanze<\/strong><\/p>\n<p style=\"text-align: justify;\"><strong><em>Personale docente, Personale educativo e di religione cattolica<\/em><\/strong><\/p>\n<p style=\"text-align: justify;\"><strong>Dal 15 giugno al 5 luglio 2023 (tutti gli ordini di scuola)<\/strong><\/p>\n<ul>\n<li style=\"text-align: justify;\">Assunti a tempo indeterminato: in modalit\u00e0 esclusivamente online (sono compresi anche gli insegnamenti specifici dei licei musicali e coreutici);<\/li>\n<li style=\"text-align: justify;\">Assunti dalle GPS I fascia sostegno e dal concorso straordinario bis: in modalit\u00e0 cartacea avvalendosi del modello di domanda pubblicato sul sito del MIM nella sezione Mobilit\u00e0, secondo le modalit\u00e0 previste dal Codice dell\u2019amministrazione digitale (es. posta elettronica certificata), all\u2019Ufficio scolastico territorialmente competente;<\/li>\n<li>Personale educativo e di religione cattolica: in modalit\u00e0 cartacea avvalendosi del modello di domanda pubblicato sul sito del MIM nella sezione Mobilit\u00e0, secondo le modalit\u00e0 previste dal Codice dell\u2019amministrazione digitale (es. posta elettronica certificata), all\u2019Ufficio scolastico territorialmente competente.<\/li>\n<\/ul>\n<p>&nbsp;<\/p>\n<p style=\"text-align: justify;\"><em><strong>Personale ATA<\/strong><\/em><\/p>\n<p style=\"text-align: justify;\"><strong>Dal 21 giugno al 7 luglio 2023<\/strong><\/p>\n<p style=\"text-align: justify;\">In modalit\u00e0 cartacea avvalendosi del modello di domanda pubblicato sul sito del MIM nella sezione Mobilit\u00e0, secondo le modalit\u00e0 previste dal Codice dell\u2019amministrazione digitale (es. posta elettronica certificata), all\u2019Ufficio scolastico territorialmente competente.<\/p>\n<p style=\"text-align: justify;\">Tutte le operazioni di utilizzazione e assegnazione provvisoria dovranno svolgersi entro il 4 agosto 2023.<\/p>\n<hr \/>\n<p style=\"text-align: justify;\"><em><strong>PASSA LA LINEA DELLA UIL SCUOLA RUA: per l\u2019a.s. 2023\/24, grazie ad una apposita intesa tra Ministero e Organizzazioni sindacali, potranno presentare domanda anche i docenti assunti dalle GPS I fascia sostegno e dal concorso straordinario bis.<\/strong><\/em><\/p>\n<p style=\"text-align: justify;\">La questione dei \u201cblocchi\u201d sulla mobilit\u00e0 per il personale docente \u00e8 stato l\u2019ostacolo principale che non ci ha consentito di firmare il contratto integrativo triennale sulle Utilizzazioni e le\u00a0 Assegnazioni provvisorie, cos\u00ec come era accaduto lo scorso marzo per il contratto sui trasferimenti.<\/p>\n<p style=\"text-align: justify;\">Ricordiamo infatti che non c\u2019\u00e8 stata la volont\u00e0 politica e amministrativa di permettere a tutte le persone coinvolte nella mobilit\u00e0 di trasferirsi: \u00e8 stato solo rinviato di un anno il vincolo triennale di permanenza sulla stessa sede per docenti i neo \u2013 assunti in ruolo, mentre sono stati confermati i vincoli per il resto dei docenti. Operazione, secondo la UIL Scuola, che ha avuto come unico obiettivo la divisione del personale.\u00a0 Pertanto, coerentemente, la nostra posizione non \u00e8 cambia neanche rispetto al contratto integrativo sulle assegnazioni, che segue comunque la logica dei blocchi introdotti per legge.<\/p>\n<p style=\"text-align: justify;\">Acquisita la nostra indisponibilit\u00e0 alla firma rispetto ad un contratto triennale che contiene per il personale docente tutti i vincoli di legge, l\u2019amministrazione ha proposto un nuovo testo, che si \u00e8 tradotto successivamente in una intesa, che per le operazioni di mobilit\u00e0 annuale prevede di fatto l\u2019ultrattivit\u00e0 del contratto precedente (2019\/22 siglato l\u20198 luglio 2020), che non contiene vincoli, con possibilit\u00e0 di domanda di assegnazione provvisoria e utilizzo per tutti.<\/p>\n<p style=\"text-align: justify;\">Come da noi proposto, infatti, per l\u2019a.s. 2023\/24 continuano ad essere applicate in via transitoria le disposizioni del precedente contratto nazionale sulle Utilizzazioni e Assegnazioni e sar\u00e0 consentito di produrre domanda a tutto il personale compresi i docenti assunti dalle GPS di I fascia sostegno e dal concorso straordinario bis, che abbiano sottoscritto nell\u2019anno scolastico 2022\/23 un contratto a tempo determinato nel corso del quale svolgono e superano con esito positivo il percorso annuale di formazione iniziale e prova.<\/p>\n<p style=\"text-align: justify;\"><em>\u00a0<\/em><em>Siamo ancora convinti\u00a0 che sia il contratto lo strumento idoneo per derogare alle norme di legge, soprattutto quando le regole che saranno stabilite avranno validit\u00e0 triennale. Tale principio lo stiamo perseguendo anche nella trattativa in corso all\u2019ARAN sul rinnovo del CCNL nazionale, rinnovo che ci auguriamo porti a significativi cambiamenti, anche in termini di mobilit\u00e0.<\/em><\/p>\n<ul>\n<li style=\"text-align: justify;\"><a href=\"https:\/\/www.uilscuolaemiliaromagna.it\/public\/er\/wp-content\/uploads\/2023\/06\/UTILIZZAZIONI-E-ASSEGNAZIONI-PROVVISORIE-2023_24-Scheda-tecnica-Uil-Scuola-Rua-1.pdf\" target=\"_blank\" rel=\"noopener noreferrer\">la scheda tecnica UIL Scuola<\/a><\/li>\n<li><a href=\"https:\/\/www.uilscuolaemiliaromagna.it\/public\/er\/wp-content\/uploads\/2023\/06\/Assegnazioni-e-utilizzi-23.24-le-precedenze-novita-assitenza-legge-104.92-e-schema-per-gli-utilizzi-UIL-Scuola.pdf\" target=\"_blank\" rel=\"noopener noreferrer\">la scheda riassuntiva delle precedenze<\/a><\/li>\n<li><a href=\"https:\/\/www.uilscuolaemiliaromagna.it\/public\/er\/wp-content\/uploads\/2023\/06\/Intesa13_6_2023.pdf\" target=\"_blank\" rel=\"noopener noreferrer\">Intesa<\/a><\/li>\n<li><a href=\"https:\/\/www.uilscuolaemiliaromagna.it\/public\/er\/wp-content\/uploads\/2023\/06\/AOODGPER.REGISTRO-UFFICIALE.2023.0034778.pdf\" target=\"_blank\" rel=\"noopener noreferrer\">la nota del MIM<\/a><\/li>\n<\/ul>\n<h2 style=\"text-align: center;\"><span style=\"color: #0000ff;\">La piattaforma dedicata della UIL Scuola RUA:<\/span><\/h2>\n<p style=\"text-align: justify;\">A seguito della nota ministeriale del 14 giugno con cui il MIM ha fornito indicazioni sulle modalit\u00e0 e le tempistiche per presentare domanda di utilizzazione e assegnazione provvisoria, personale docente, educativo, di religione cattolica e personale Ata, \u00a0per l\u2019anno scolastico 23-34, la Uil Scuola ha appena predisposto una nuova piattaforma dedicata.<\/p>\n<p style=\"text-align: justify;\">La piattaforma \u00e8 suddivisa in 6 aree tematiche ed \u00e8 organizzata come una banca dati. Al suo interno, troverete il CCNI e l\u2019intesa, le schede di compilazioni, le autodichiarazioni e i modelli editabili, oltre all\u2019area FAQ, dove troverete le risposte ai quesiti pi\u00f9 frequenti.<\/p>\n<p style=\"text-align: justify;\">Con questo strumento, abbiamo voluto offrire un aggiornamento puntuale su quello che \u00e8 un tema cruciale per il personale della scuola. Le nostre sedi sono a disposizione per informazioni e supporto.<\/p>\n<h5 style=\"text-align: justify;\"><strong>Per accedere, vi baster\u00e0 cliccare\u00a0<a href=\"https:\/\/uilscuolanazionale.wixsite.com\/assut23\" target=\"_blank\" rel=\"noopener noreferrer\">QUI<\/a>\u00a0 o inquadrare il Qr Code presente qui sotto.<\/strong><\/h5>\n<p><img loading=\"lazy\" decoding=\"async\" class=\"size-medium wp-image-30100 aligncenter\" src=\"https:\/\/uilscuola.it\/wp-content\/uploads\/2023\/06\/DOMANDE-ASSEGNAZIONI-E-UTILIZZAZIONI-VADEMECUM-SCHEDA-TECNICA-300x300.png\" sizes=\"(max-width: 300px) 100vw, 300px\" srcset=\"https:\/\/uilscuola.it\/wp-content\/uploads\/2023\/06\/DOMANDE-ASSEGNAZIONI-E-UTILIZZAZIONI-VADEMECUM-SCHEDA-TECNICA-300x300.png 300w, https:\/\/uilscuola.it\/wp-content\/uploads\/2023\/06\/DOMANDE-ASSEGNAZIONI-E-UTILIZZAZIONI-VADEMECUM-SCHEDA-TECNICA-1024x1024.png 1024w, https:\/\/uilscuola.it\/wp-content\/uploads\/2023\/06\/DOMANDE-ASSEGNAZIONI-E-UTILIZZAZIONI-VADEMECUM-SCHEDA-TECNICA-150x150.png 150w, https:\/\/uilscuola.it\/wp-content\/uploads\/2023\/06\/DOMANDE-ASSEGNAZIONI-E-UTILIZZAZIONI-VADEMECUM-SCHEDA-TECNICA-768x768.png 768w, https:\/\/uilscuola.it\/wp-content\/uploads\/2023\/06\/DOMANDE-ASSEGNAZIONI-E-UTILIZZAZIONI-VADEMECUM-SCHEDA-TECNICA-500x500.png 500w, https:\/\/uilscuola.it\/wp-content\/uploads\/2023\/06\/DOMANDE-ASSEGNAZIONI-E-UTILIZZAZIONI-VADEMECUM-SCHEDA-TECNICA.png 1080w\" alt=\"\" width=\"300\" height=\"300\" \/><\/p>\n<h6>fonte:\u00a0<a href=\"https:\/\/uilscuola.it\/assegnazioni-e-utilizzazioni-scheda-tecnica-uil-scuola-rua\/\" target=\"_blank\" rel=\"noopener noreferrer\">uilscuola.it<\/a><\/h6>\n\n<div class=\"twitter-share\"><a href=\"https:\/\/twitter.com\/intent\/tweet?via=UILScuolaBO_ER\" class=\"twitter-share-button\" data-size=\"large\">Tweet<\/a><\/div>\n","protected":false},"excerpt":{"rendered":"<p>Utilizzazioni e assegnazioni provvisorie a.s. 2023\/24 | Sottoscritta l&#8217;intesa &#8211; dal 15 giugno l&#8217;avvio delle procedure Sottoscritta, in data 13 giugno 2023, l&#8217;intesa in materia &hellip; <\/p>\n","protected":false},"author":1,"featured_media":11414,"comment_status":"closed","ping_status":"open","sticky":false,"template":"","format":"standard","meta":{"footnotes":""},"categories":[2,5,12,6],"tags":[],"yoast_head":"<!-- This site is optimized with the Yoast SEO plugin v21.7 - https:\/\/yoast.com\/wordpress\/plugins\/seo\/ -->\r\n<title>Utilizzazioni e assegnazioni provvisorie a.s. 2023\/24 | Sottoscritta l&#039;intesa - dal 15 giugno l&#039;avvio delle procedure - Uil Scuola Emilia Romagna<\/title>\r\n<meta name=\"robots\" content=\"index, follow, max-snippet:-1, max-image-preview:large, max-video-preview:-1\" \/>\r\n<link rel=\"canonical\" href=\"https:\/\/www.uilscuolaemiliaromagna.it\/public\/er\/2023\/06\/14\/utilizzazioni-e-assegnazioni-provvisorie-a-s-2023-24-sottoscritta-lintesa-dal-15-giugno-lavvio-delle-procedure\/\" \/>\r\n<meta property=\"og:locale\" content=\"it_IT\" \/>\r\n<meta property=\"og:type\" content=\"article\" \/>\r\n<meta property=\"og:title\" content=\"Utilizzazioni e assegnazioni provvisorie a.s. 2023\/24 | Sottoscritta l&#039;intesa - dal 15 giugno l&#039;avvio delle procedure - Uil Scuola Emilia Romagna\" \/>\r\n<meta property=\"og:description\" content=\"Utilizzazioni e assegnazioni provvisorie a.s. 2023\/24 | Sottoscritta l&#8217;intesa &#8211; dal 15 giugno l&#8217;avvio delle procedure Sottoscritta, in data 13 giugno 2023, l&#8217;intesa in materia &hellip;\" \/>\r\n<meta property=\"og:url\" content=\"https:\/\/www.uilscuolaemiliaromagna.it\/public\/er\/2023\/06\/14\/utilizzazioni-e-assegnazioni-provvisorie-a-s-2023-24-sottoscritta-lintesa-dal-15-giugno-lavvio-delle-procedure\/\" \/>\r\n<meta property=\"og:site_name\" content=\"Uil Scuola Emilia Romagna\" \/>\r\n<meta property=\"article:published_time\" content=\"2023-06-14T12:28:03+00:00\" \/>\r\n<meta property=\"article:modified_time\" content=\"2023-07-11T17:15:29+00:00\" \/>\r\n<meta property=\"og:image\" content=\"https:\/\/www.uilscuolaemiliaromagna.it\/public\/er\/wp-content\/uploads\/2023\/06\/Utilizzazioni-e-assegnazioni-provvisorie.jpg\" \/>\r\n\t<meta property=\"og:image:width\" content=\"800\" \/>\r\n\t<meta property=\"og:image:height\" content=\"565\" \/>\r\n\t<meta property=\"og:image:type\" content=\"image\/jpeg\" \/>\r\n<meta name=\"author\" content=\"admin\" \/>\r\n<meta name=\"twitter:card\" content=\"summary_large_image\" \/>\r\n<meta name=\"twitter:label1\" content=\"Scritto da\" \/>\n\t<meta name=\"twitter:data1\" content=\"admin\" \/>\n\t<meta name=\"twitter:label2\" content=\"Tempo di lettura stimato\" \/>\n\t<meta name=\"twitter:data2\" content=\"4 minuti\" \/>\r\n<script type=\"application\/ld+json\" class=\"yoast-schema-graph\">{\"@context\":\"https:\/\/schema.org\",\"@graph\":[{\"@type\":\"Article\",\"@id\":\"https:\/\/www.uilscuolaemiliaromagna.it\/public\/er\/2023\/06\/14\/utilizzazioni-e-assegnazioni-provvisorie-a-s-2023-24-sottoscritta-lintesa-dal-15-giugno-lavvio-delle-procedure\/#article\",\"isPartOf\":{\"@id\":\"https:\/\/www.uilscuolaemiliaromagna.it\/public\/er\/2023\/06\/14\/utilizzazioni-e-assegnazioni-provvisorie-a-s-2023-24-sottoscritta-lintesa-dal-15-giugno-lavvio-delle-procedure\/\"},\"author\":{\"name\":\"admin\",\"@id\":\"https:\/\/www.uilscuolaemiliaromagna.it\/public\/er\/#\/schema\/person\/f42878fd07a4b6ba2b7153d4fad5de5e\"},\"headline\":\"Utilizzazioni e assegnazioni provvisorie a.s. 2023\/24 | Sottoscritta l&#8217;intesa &#8211; dal 15 giugno l&#8217;avvio delle procedure\",\"datePublished\":\"2023-06-14T12:28:03+00:00\",\"dateModified\":\"2023-07-11T17:15:29+00:00\",\"mainEntityOfPage\":{\"@id\":\"https:\/\/www.uilscuolaemiliaromagna.it\/public\/er\/2023\/06\/14\/utilizzazioni-e-assegnazioni-provvisorie-a-s-2023-24-sottoscritta-lintesa-dal-15-giugno-lavvio-delle-procedure\/\"},\"wordCount\":773,\"publisher\":{\"@id\":\"https:\/\/www.uilscuolaemiliaromagna.it\/public\/er\/#organization\"},\"articleSection\":[\"ATA\",\"Mobilit\u00e0\",\"Notizie\",\"Personale Docente\"],\"inLanguage\":\"it-IT\"},{\"@type\":\"WebPage\",\"@id\":\"https:\/\/www.uilscuolaemiliaromagna.it\/public\/er\/2023\/06\/14\/utilizzazioni-e-assegnazioni-provvisorie-a-s-2023-24-sottoscritta-lintesa-dal-15-giugno-lavvio-delle-procedure\/\",\"url\":\"https:\/\/www.uilscuolaemiliaromagna.it\/public\/er\/2023\/06\/14\/utilizzazioni-e-assegnazioni-provvisorie-a-s-2023-24-sottoscritta-lintesa-dal-15-giugno-lavvio-delle-procedure\/\",\"name\":\"Utilizzazioni e assegnazioni provvisorie a.s. 2023\/24 | Sottoscritta l'intesa - dal 15 giugno l'avvio delle procedure - Uil Scuola Emilia Romagna\",\"isPartOf\":{\"@id\":\"https:\/\/www.uilscuolaemiliaromagna.it\/public\/er\/#website\"},\"datePublished\":\"2023-06-14T12:28:03+00:00\",\"dateModified\":\"2023-07-11T17:15:29+00:00\",\"breadcrumb\":{\"@id\":\"https:\/\/www.uilscuolaemiliaromagna.it\/public\/er\/2023\/06\/14\/utilizzazioni-e-assegnazioni-provvisorie-a-s-2023-24-sottoscritta-lintesa-dal-15-giugno-lavvio-delle-procedure\/#breadcrumb\"},\"inLanguage\":\"it-IT\",\"potentialAction\":[{\"@type\":\"ReadAction\",\"target\":[\"https:\/\/www.uilscuolaemiliaromagna.it\/public\/er\/2023\/06\/14\/utilizzazioni-e-assegnazioni-provvisorie-a-s-2023-24-sottoscritta-lintesa-dal-15-giugno-lavvio-delle-procedure\/\"]}]},{\"@type\":\"BreadcrumbList\",\"@id\":\"https:\/\/www.uilscuolaemiliaromagna.it\/public\/er\/2023\/06\/14\/utilizzazioni-e-assegnazioni-provvisorie-a-s-2023-24-sottoscritta-lintesa-dal-15-giugno-lavvio-delle-procedure\/#breadcrumb\",\"itemListElement\":[{\"@type\":\"ListItem\",\"position\":1,\"name\":\"Home\",\"item\":\"https:\/\/www.uilscuolaemiliaromagna.it\/public\/er\/\"},{\"@type\":\"ListItem\",\"position\":2,\"name\":\"Utilizzazioni e assegnazioni provvisorie a.s. 2023\/24 | Sottoscritta l&#8217;intesa &#8211; dal 15 giugno l&#8217;avvio delle procedure\"}]},{\"@type\":\"WebSite\",\"@id\":\"https:\/\/www.uilscuolaemiliaromagna.it\/public\/er\/#website\",\"url\":\"https:\/\/www.uilscuolaemiliaromagna.it\/public\/er\/\",\"name\":\"Uil Scuola Emilia Romagna\",\"description\":\"La voce libera della scuola\",\"publisher\":{\"@id\":\"https:\/\/www.uilscuolaemiliaromagna.it\/public\/er\/#organization\"},\"potentialAction\":[{\"@type\":\"SearchAction\",\"target\":{\"@type\":\"EntryPoint\",\"urlTemplate\":\"https:\/\/www.uilscuolaemiliaromagna.it\/public\/er\/?s={search_term_string}\"},\"query-input\":\"required name=search_term_string\"}],\"inLanguage\":\"it-IT\"},{\"@type\":\"Organization\",\"@id\":\"https:\/\/www.uilscuolaemiliaromagna.it\/public\/er\/#organization\",\"name\":\"Uil Scuola Emilia Romagna\",\"url\":\"https:\/\/www.uilscuolaemiliaromagna.it\/public\/er\/\",\"logo\":{\"@type\":\"ImageObject\",\"inLanguage\":\"it-IT\",\"@id\":\"https:\/\/www.uilscuolaemiliaromagna.it\/public\/er\/#\/schema\/logo\/image\/\",\"url\":\"https:\/\/www.uilscuolaemiliaromagna.it\/public\/er\/wp-content\/uploads\/2017\/04\/cropped-header.png\",\"contentUrl\":\"https:\/\/www.uilscuolaemiliaromagna.it\/public\/er\/wp-content\/uploads\/2017\/04\/cropped-header.png\",\"width\":1000,\"height\":150,\"caption\":\"Uil Scuola Emilia Romagna\"},\"image\":{\"@id\":\"https:\/\/www.uilscuolaemiliaromagna.it\/public\/er\/#\/schema\/logo\/image\/\"}},{\"@type\":\"Person\",\"@id\":\"https:\/\/www.uilscuolaemiliaromagna.it\/public\/er\/#\/schema\/person\/f42878fd07a4b6ba2b7153d4fad5de5e\",\"name\":\"admin\",\"image\":{\"@type\":\"ImageObject\",\"inLanguage\":\"it-IT\",\"@id\":\"https:\/\/www.uilscuolaemiliaromagna.it\/public\/er\/#\/schema\/person\/image\/\",\"url\":\"https:\/\/secure.gravatar.com\/avatar\/aebf815ae2f30ffdae8b8c247273d34c?s=96&d=mm&r=g\",\"contentUrl\":\"https:\/\/secure.gravatar.com\/avatar\/aebf815ae2f30ffdae8b8c247273d34c?s=96&d=mm&r=g\",\"caption\":\"admin\"},\"url\":\"https:\/\/www.uilscuolaemiliaromagna.it\/public\/er\/author\/admin\/\"}]}<\/script>\r\n<!-- \/ Yoast SEO plugin. -->","yoast_head_json":{"title":"Utilizzazioni e assegnazioni provvisorie a.s. 2023\/24 | Sottoscritta l'intesa - dal 15 giugno l'avvio delle procedure - Uil Scuola Emilia Romagna","robots":{"index":"index","follow":"follow","max-snippet":"max-snippet:-1","max-image-preview":"max-image-preview:large","max-video-preview":"max-video-preview:-1"},"canonical":"https:\/\/www.uilscuolaemiliaromagna.it\/public\/er\/2023\/06\/14\/utilizzazioni-e-assegnazioni-provvisorie-a-s-2023-24-sottoscritta-lintesa-dal-15-giugno-lavvio-delle-procedure\/","og_locale":"it_IT","og_type":"article","og_title":"Utilizzazioni e assegnazioni provvisorie a.s. 2023\/24 | Sottoscritta l'intesa - dal 15 giugno l'avvio delle procedure - Uil Scuola Emilia Romagna","og_description":"Utilizzazioni e assegnazioni provvisorie a.s. 2023\/24 | Sottoscritta l&#8217;intesa &#8211; dal 15 giugno l&#8217;avvio delle procedure Sottoscritta, in data 13 giugno 2023, l&#8217;intesa in materia &hellip;","og_url":"https:\/\/www.uilscuolaemiliaromagna.it\/public\/er\/2023\/06\/14\/utilizzazioni-e-assegnazioni-provvisorie-a-s-2023-24-sottoscritta-lintesa-dal-15-giugno-lavvio-delle-procedure\/","og_site_name":"Uil Scuola Emilia Romagna","article_published_time":"2023-06-14T12:28:03+00:00","article_modified_time":"2023-07-11T17:15:29+00:00","og_image":[{"width":800,"height":565,"url":"https:\/\/www.uilscuolaemiliaromagna.it\/public\/er\/wp-content\/uploads\/2023\/06\/Utilizzazioni-e-assegnazioni-provvisorie.jpg","type":"image\/jpeg"}],"author":"admin","twitter_card":"summary_large_image","twitter_misc":{"Scritto da":"admin","Tempo di lettura stimato":"4 minuti"},"schema":{"@context":"https:\/\/schema.org","@graph":[{"@type":"Article","@id":"https:\/\/www.uilscuolaemiliaromagna.it\/public\/er\/2023\/06\/14\/utilizzazioni-e-assegnazioni-provvisorie-a-s-2023-24-sottoscritta-lintesa-dal-15-giugno-lavvio-delle-procedure\/#article","isPartOf":{"@id":"https:\/\/www.uilscuolaemiliaromagna.it\/public\/er\/2023\/06\/14\/utilizzazioni-e-assegnazioni-provvisorie-a-s-2023-24-sottoscritta-lintesa-dal-15-giugno-lavvio-delle-procedure\/"},"author":{"name":"admin","@id":"https:\/\/www.uilscuolaemiliaromagna.it\/public\/er\/#\/schema\/person\/f42878fd07a4b6ba2b7153d4fad5de5e"},"headline":"Utilizzazioni e assegnazioni provvisorie a.s. 2023\/24 | Sottoscritta l&#8217;intesa &#8211; dal 15 giugno l&#8217;avvio delle procedure","datePublished":"2023-06-14T12:28:03+00:00","dateModified":"2023-07-11T17:15:29+00:00","mainEntityOfPage":{"@id":"https:\/\/www.uilscuolaemiliaromagna.it\/public\/er\/2023\/06\/14\/utilizzazioni-e-assegnazioni-provvisorie-a-s-2023-24-sottoscritta-lintesa-dal-15-giugno-lavvio-delle-procedure\/"},"wordCount":773,"publisher":{"@id":"https:\/\/www.uilscuolaemiliaromagna.it\/public\/er\/#organization"},"articleSection":["ATA","Mobilit\u00e0","Notizie","Personale Docente"],"inLanguage":"it-IT"},{"@type":"WebPage","@id":"https:\/\/www.uilscuolaemiliaromagna.it\/public\/er\/2023\/06\/14\/utilizzazioni-e-assegnazioni-provvisorie-a-s-2023-24-sottoscritta-lintesa-dal-15-giugno-lavvio-delle-procedure\/","url":"https:\/\/www.uilscuolaemiliaromagna.it\/public\/er\/2023\/06\/14\/utilizzazioni-e-assegnazioni-provvisorie-a-s-2023-24-sottoscritta-lintesa-dal-15-giugno-lavvio-delle-procedure\/","name":"Utilizzazioni e assegnazioni provvisorie a.s. 2023\/24 | Sottoscritta l'intesa - dal 15 giugno l'avvio delle procedure - Uil Scuola Emilia Romagna","isPartOf":{"@id":"https:\/\/www.uilscuolaemiliaromagna.it\/public\/er\/#website"},"datePublished":"2023-06-14T12:28:03+00:00","dateModified":"2023-07-11T17:15:29+00:00","breadcrumb":{"@id":"https:\/\/www.uilscuolaemiliaromagna.it\/public\/er\/2023\/06\/14\/utilizzazioni-e-assegnazioni-provvisorie-a-s-2023-24-sottoscritta-lintesa-dal-15-giugno-lavvio-delle-procedure\/#breadcrumb"},"inLanguage":"it-IT","potentialAction":[{"@type":"ReadAction","target":["https:\/\/www.uilscuolaemiliaromagna.it\/public\/er\/2023\/06\/14\/utilizzazioni-e-assegnazioni-provvisorie-a-s-2023-24-sottoscritta-lintesa-dal-15-giugno-lavvio-delle-procedure\/"]}]},{"@type":"BreadcrumbList","@id":"https:\/\/www.uilscuolaemiliaromagna.it\/public\/er\/2023\/06\/14\/utilizzazioni-e-assegnazioni-provvisorie-a-s-2023-24-sottoscritta-lintesa-dal-15-giugno-lavvio-delle-procedure\/#breadcrumb","itemListElement":[{"@type":"ListItem","position":1,"name":"Home","item":"https:\/\/www.uilscuolaemiliaromagna.it\/public\/er\/"},{"@type":"ListItem","position":2,"name":"Utilizzazioni e assegnazioni provvisorie a.s. 2023\/24 | Sottoscritta l&#8217;intesa &#8211; dal 15 giugno l&#8217;avvio delle procedure"}]},{"@type":"WebSite","@id":"https:\/\/www.uilscuolaemiliaromagna.it\/public\/er\/#website","url":"https:\/\/www.uilscuolaemiliaromagna.it\/public\/er\/","name":"Uil Scuola Emilia Romagna","description":"La voce libera della scuola","publisher":{"@id":"https:\/\/www.uilscuolaemiliaromagna.it\/public\/er\/#organization"},"potentialAction":[{"@type":"SearchAction","target":{"@type":"EntryPoint","urlTemplate":"https:\/\/www.uilscuolaemiliaromagna.it\/public\/er\/?s={search_term_string}"},"query-input":"required name=search_term_string"}],"inLanguage":"it-IT"},{"@type":"Organization","@id":"https:\/\/www.uilscuolaemiliaromagna.it\/public\/er\/#organization","name":"Uil Scuola Emilia Romagna","url":"https:\/\/www.uilscuolaemiliaromagna.it\/public\/er\/","logo":{"@type":"ImageObject","inLanguage":"it-IT","@id":"https:\/\/www.uilscuolaemiliaromagna.it\/public\/er\/#\/schema\/logo\/image\/","url":"https:\/\/www.uilscuolaemiliaromagna.it\/public\/er\/wp-content\/uploads\/2017\/04\/cropped-header.png","contentUrl":"https:\/\/www.uilscuolaemiliaromagna.it\/public\/er\/wp-content\/uploads\/2017\/04\/cropped-header.png","width":1000,"height":150,"caption":"Uil Scuola Emilia Romagna"},"image":{"@id":"https:\/\/www.uilscuolaemiliaromagna.it\/public\/er\/#\/schema\/logo\/image\/"}},{"@type":"Person","@id":"https:\/\/www.uilscuolaemiliaromagna.it\/public\/er\/#\/schema\/person\/f42878fd07a4b6ba2b7153d4fad5de5e","name":"admin","image":{"@type":"ImageObject","inLanguage":"it-IT","@id":"https:\/\/www.uilscuolaemiliaromagna.it\/public\/er\/#\/schema\/person\/image\/","url":"https:\/\/secure.gravatar.com\/avatar\/aebf815ae2f30ffdae8b8c247273d34c?s=96&d=mm&r=g","contentUrl":"https:\/\/secure.gravatar.com\/avatar\/aebf815ae2f30ffdae8b8c247273d34c?s=96&d=mm&r=g","caption":"admin"},"url":"https:\/\/www.uilscuolaemiliaromagna.it\/public\/er\/author\/admin\/"}]}},"views":1119,"_links":{"self":[{"href":"https:\/\/www.uilscuolaemiliaromagna.it\/public\/er\/wp-json\/wp\/v2\/posts\/11413"}],"collection":[{"href":"https:\/\/www.uilscuolaemiliaromagna.it\/public\/er\/wp-json\/wp\/v2\/posts"}],"about":[{"href":"https:\/\/www.uilscuolaemiliaromagna.it\/public\/er\/wp-json\/wp\/v2\/types\/post"}],"author":[{"embeddable":true,"href":"https:\/\/www.uilscuolaemiliaromagna.it\/public\/er\/wp-json\/wp\/v2\/users\/1"}],"replies":[{"embeddable":true,"href":"https:\/\/www.uilscuolaemiliaromagna.it\/public\/er\/wp-json\/wp\/v2\/comments?post=11413"}],"version-history":[{"count":5,"href":"https:\/\/www.uilscuolaemiliaromagna.it\/public\/er\/wp-json\/wp\/v2\/posts\/11413\/revisions"}],"predecessor-version":[{"id":11439,"href":"https:\/\/www.uilscuolaemiliaromagna.it\/public\/er\/wp-json\/wp\/v2\/posts\/11413\/revisions\/11439"}],"wp:featuredmedia":[{"embeddable":true,"href":"https:\/\/www.uilscuolaemiliaromagna.it\/public\/er\/wp-json\/wp\/v2\/media\/11414"}],"wp:attachment":[{"href":"https:\/\/www.uilscuolaemiliaromagna.it\/public\/er\/wp-json\/wp\/v2\/media?parent=11413"}],"wp:term":[{"taxonomy":"category","embeddable":true,"href":"https:\/\/www.uilscuolaemiliaromagna.it\/public\/er\/wp-json\/wp\/v2\/categories?post=11413"},{"taxonomy":"post_tag","embeddable":true,"href":"https:\/\/www.uilscuolaemiliaromagna.it\/public\/er\/wp-json\/wp\/v2\/tags?post=11413"}],"curies":[{"name":"wp","href":"https:\/\/api.w.org\/{rel}","templated":true}]}}