{"id":11440,"date":"2023-06-16T15:10:34","date_gmt":"2023-06-16T13:10:34","guid":{"rendered":"http:\/\/www.uilscuolaemiliaromagna.it\/public\/er\/?p=11440"},"modified":"2023-06-16T15:10:34","modified_gmt":"2023-06-16T13:10:34","slug":"le-misure-per-la-scuola-decreto-pa2-daprile-accolte-nostre-rivendicazioni","status":"publish","type":"post","link":"https:\/\/www.uilscuolaemiliaromagna.it\/public\/er\/2023\/06\/16\/le-misure-per-la-scuola-decreto-pa2-daprile-accolte-nostre-rivendicazioni\/","title":{"rendered":"LE MISURE PER LA SCUOLA | Decreto PA2, D\u2019Aprile, accolte nostre rivendicazioni."},"content":{"rendered":"<h4 style=\"text-align: justify;\"><strong><em>Semaforo verde per percorsi abilitanti e concorso religione cattolica.\u00a0<\/em><em>Sugli idonei dei concorsi servono maggiori garanzie. Resteremo attenti su questo tema.\u00a0<\/em><em>Un primo concreto intervento. Ci auguriamo ne seguiranno altri.<\/em><\/strong><\/h4>\n<p style=\"text-align: justify;\">Il Decreto-legge PA2 approvato dal Consiglio dei Ministri, risponde, in parte, ad alcune nostre rivendicazioni. Questo il commento del Segretario Uil Scuola Rua Giuseppe D\u2019Aprile.<\/p>\n<p style=\"text-align: justify;\">Sono state date risposte su vari temi \u2013 afferma \u2013 tra i quali i prossimi percorsi abilitanti, lo scorrimento delle graduatorie dei concorsi utili per le immissioni in ruolo e l\u2019innalzamento al 70% dei partecipanti al concorso di religione cattolica di prossima emanazione.<\/p>\n<p style=\"text-align: justify;\">Esprimiamo molta soddisfazione per tutti i docenti che vorranno acquisire una abilitazione, compresi i cosiddetti docenti \u201cingabbiati\u201d \u2013 sottolinea D\u2019Aprile -. Questi ultimi ora potranno partecipare al percorso di abilitazione e aspirare al passaggio in altra classe di concorso e\/o ordine di scuola diverso da quello attuale di titolarit\u00e0. Per loro \u00e8 infatti prevista l\u2019acquisizione dei crediti universitari online. Un tema questo sul quale ci siamo battuti molto e da tempo rivendicandone la rapida soluzione.<\/p>\n<p style=\"text-align: justify;\">Bene anche per gli idonei dei concorsi, per i quali abbiamo chiesto, in tutte le sedi di confronto, politico e ministeriale, che le graduatorie di validit\u00e0 biennale si trasformassero in graduatorie ad esaurimento. Ci\u00f2 \u00e8 infatti avvenuto anche se \u00e8 stato previsto che dal 2024\/25 (anno scolastico che doveva coincidere con l\u2019originaria scadenza della validit\u00e0 delle graduatorie) l\u2019utilizzo delle graduatorie per le assunzioni avverr\u00e0 in maniera residuale rispetto alle immissioni in ruolo previste con i prossimi concorsi.\u00a0 Procedura di selezione sulla quale proporremo una attenta valutazione che dovr\u00e0 necessariamente tenere conto delle regioni e delle classi di concorso in cui gli idonei sono maggiormente presenti. Per loro dovr\u00e0 essere garantita l\u2019immissione in ruolo.<\/p>\n<p style=\"text-align: justify;\">E\u2019 un tema importante che coinvolge migliaia di persone, sul quale si \u00e8 espresso anche il nostro Segretario generale, Pierpaolo Bombardieri, durante le manifestazioni confederali unitarie di maggio scorso.<\/p>\n<p style=\"text-align: justify;\">Bene l\u2019aumento della percentuale dei partecipanti al concorso straordinario per gli insegnanti di religione cattolica \u2013 conclude D\u2019Aprile \u2013 un concorso atteso da pi\u00f9 di 20 anni finalmente bandito anche grazie alle nostre continue pressioni.<\/p>\n<p style=\"text-align: justify;\">Ora attendiamo fiduciosi l\u2019approvazione definitiva del testo e la pubblicazione in gazzetta ufficiale.<\/p>\n<h6>fonte:\u00a0<a href=\"https:\/\/uilscuola.it\/decreto-pa2-uil-scuola-immissioni-concorsi\/\" target=\"_blank\" rel=\"noopener noreferrer\">uilscuola.it<\/a><\/h6>\n\n<div class=\"twitter-share\"><a href=\"https:\/\/twitter.com\/intent\/tweet?via=UILScuolaBO_ER\" class=\"twitter-share-button\" data-size=\"large\">Tweet<\/a><\/div>\n","protected":false},"excerpt":{"rendered":"<p>Semaforo verde per percorsi abilitanti e concorso religione cattolica.\u00a0Sugli idonei dei concorsi servono maggiori garanzie. Resteremo attenti su questo tema.\u00a0Un primo concreto intervento. Ci auguriamo &hellip; <\/p>\n","protected":false},"author":1,"featured_media":11441,"comment_status":"closed","ping_status":"open","sticky":false,"template":"","format":"standard","meta":{"footnotes":""},"categories":[12],"tags":[],"yoast_head":"<!-- This site is optimized with the Yoast SEO plugin v21.7 - https:\/\/yoast.com\/wordpress\/plugins\/seo\/ -->\r\n<title>LE MISURE PER LA SCUOLA | Decreto PA2, D\u2019Aprile, accolte nostre rivendicazioni. - Uil Scuola Emilia Romagna<\/title>\r\n<meta name=\"robots\" content=\"index, follow, max-snippet:-1, max-image-preview:large, max-video-preview:-1\" \/>\r\n<link rel=\"canonical\" href=\"https:\/\/www.uilscuolaemiliaromagna.it\/public\/er\/2023\/06\/16\/le-misure-per-la-scuola-decreto-pa2-daprile-accolte-nostre-rivendicazioni\/\" \/>\r\n<meta property=\"og:locale\" content=\"it_IT\" \/>\r\n<meta property=\"og:type\" content=\"article\" \/>\r\n<meta property=\"og:title\" content=\"LE MISURE PER LA SCUOLA | Decreto PA2, D\u2019Aprile, accolte nostre rivendicazioni. - Uil Scuola Emilia Romagna\" \/>\r\n<meta property=\"og:description\" content=\"Semaforo verde per percorsi abilitanti e concorso religione cattolica.\u00a0Sugli idonei dei concorsi servono maggiori garanzie. Resteremo attenti su questo tema.\u00a0Un primo concreto intervento. Ci auguriamo &hellip;\" \/>\r\n<meta property=\"og:url\" content=\"https:\/\/www.uilscuolaemiliaromagna.it\/public\/er\/2023\/06\/16\/le-misure-per-la-scuola-decreto-pa2-daprile-accolte-nostre-rivendicazioni\/\" \/>\r\n<meta property=\"og:site_name\" content=\"Uil Scuola Emilia Romagna\" \/>\r\n<meta property=\"article:published_time\" content=\"2023-06-16T13:10:34+00:00\" \/>\r\n<meta property=\"og:image\" content=\"https:\/\/www.uilscuolaemiliaromagna.it\/public\/er\/wp-content\/uploads\/2023\/06\/daprile-compensi-maturita-150x150-1.jpg\" \/>\r\n\t<meta property=\"og:image:width\" content=\"150\" \/>\r\n\t<meta property=\"og:image:height\" content=\"150\" \/>\r\n\t<meta property=\"og:image:type\" content=\"image\/jpeg\" \/>\r\n<meta name=\"author\" content=\"admin\" \/>\r\n<meta name=\"twitter:card\" content=\"summary_large_image\" \/>\r\n<meta name=\"twitter:label1\" content=\"Scritto da\" \/>\n\t<meta name=\"twitter:data1\" content=\"admin\" \/>\n\t<meta name=\"twitter:label2\" content=\"Tempo di lettura stimato\" \/>\n\t<meta name=\"twitter:data2\" content=\"2 minuti\" \/>\r\n<script type=\"application\/ld+json\" class=\"yoast-schema-graph\">{\"@context\":\"https:\/\/schema.org\",\"@graph\":[{\"@type\":\"Article\",\"@id\":\"https:\/\/www.uilscuolaemiliaromagna.it\/public\/er\/2023\/06\/16\/le-misure-per-la-scuola-decreto-pa2-daprile-accolte-nostre-rivendicazioni\/#article\",\"isPartOf\":{\"@id\":\"https:\/\/www.uilscuolaemiliaromagna.it\/public\/er\/2023\/06\/16\/le-misure-per-la-scuola-decreto-pa2-daprile-accolte-nostre-rivendicazioni\/\"},\"author\":{\"name\":\"admin\",\"@id\":\"https:\/\/www.uilscuolaemiliaromagna.it\/public\/er\/#\/schema\/person\/f42878fd07a4b6ba2b7153d4fad5de5e\"},\"headline\":\"LE MISURE PER LA SCUOLA | Decreto PA2, D\u2019Aprile, accolte nostre rivendicazioni.\",\"datePublished\":\"2023-06-16T13:10:34+00:00\",\"dateModified\":\"2023-06-16T13:10:34+00:00\",\"mainEntityOfPage\":{\"@id\":\"https:\/\/www.uilscuolaemiliaromagna.it\/public\/er\/2023\/06\/16\/le-misure-per-la-scuola-decreto-pa2-daprile-accolte-nostre-rivendicazioni\/\"},\"wordCount\":377,\"publisher\":{\"@id\":\"https:\/\/www.uilscuolaemiliaromagna.it\/public\/er\/#organization\"},\"articleSection\":[\"Notizie\"],\"inLanguage\":\"it-IT\"},{\"@type\":\"WebPage\",\"@id\":\"https:\/\/www.uilscuolaemiliaromagna.it\/public\/er\/2023\/06\/16\/le-misure-per-la-scuola-decreto-pa2-daprile-accolte-nostre-rivendicazioni\/\",\"url\":\"https:\/\/www.uilscuolaemiliaromagna.it\/public\/er\/2023\/06\/16\/le-misure-per-la-scuola-decreto-pa2-daprile-accolte-nostre-rivendicazioni\/\",\"name\":\"LE MISURE PER LA SCUOLA | Decreto PA2, D\u2019Aprile, accolte nostre rivendicazioni. - Uil Scuola Emilia Romagna\",\"isPartOf\":{\"@id\":\"https:\/\/www.uilscuolaemiliaromagna.it\/public\/er\/#website\"},\"datePublished\":\"2023-06-16T13:10:34+00:00\",\"dateModified\":\"2023-06-16T13:10:34+00:00\",\"breadcrumb\":{\"@id\":\"https:\/\/www.uilscuolaemiliaromagna.it\/public\/er\/2023\/06\/16\/le-misure-per-la-scuola-decreto-pa2-daprile-accolte-nostre-rivendicazioni\/#breadcrumb\"},\"inLanguage\":\"it-IT\",\"potentialAction\":[{\"@type\":\"ReadAction\",\"target\":[\"https:\/\/www.uilscuolaemiliaromagna.it\/public\/er\/2023\/06\/16\/le-misure-per-la-scuola-decreto-pa2-daprile-accolte-nostre-rivendicazioni\/\"]}]},{\"@type\":\"BreadcrumbList\",\"@id\":\"https:\/\/www.uilscuolaemiliaromagna.it\/public\/er\/2023\/06\/16\/le-misure-per-la-scuola-decreto-pa2-daprile-accolte-nostre-rivendicazioni\/#breadcrumb\",\"itemListElement\":[{\"@type\":\"ListItem\",\"position\":1,\"name\":\"Home\",\"item\":\"https:\/\/www.uilscuolaemiliaromagna.it\/public\/er\/\"},{\"@type\":\"ListItem\",\"position\":2,\"name\":\"LE MISURE PER LA SCUOLA | Decreto PA2, D\u2019Aprile, accolte nostre rivendicazioni.\"}]},{\"@type\":\"WebSite\",\"@id\":\"https:\/\/www.uilscuolaemiliaromagna.it\/public\/er\/#website\",\"url\":\"https:\/\/www.uilscuolaemiliaromagna.it\/public\/er\/\",\"name\":\"Uil Scuola Emilia Romagna\",\"description\":\"La voce libera della scuola\",\"publisher\":{\"@id\":\"https:\/\/www.uilscuolaemiliaromagna.it\/public\/er\/#organization\"},\"potentialAction\":[{\"@type\":\"SearchAction\",\"target\":{\"@type\":\"EntryPoint\",\"urlTemplate\":\"https:\/\/www.uilscuolaemiliaromagna.it\/public\/er\/?s={search_term_string}\"},\"query-input\":\"required name=search_term_string\"}],\"inLanguage\":\"it-IT\"},{\"@type\":\"Organization\",\"@id\":\"https:\/\/www.uilscuolaemiliaromagna.it\/public\/er\/#organization\",\"name\":\"Uil Scuola Emilia Romagna\",\"url\":\"https:\/\/www.uilscuolaemiliaromagna.it\/public\/er\/\",\"logo\":{\"@type\":\"ImageObject\",\"inLanguage\":\"it-IT\",\"@id\":\"https:\/\/www.uilscuolaemiliaromagna.it\/public\/er\/#\/schema\/logo\/image\/\",\"url\":\"https:\/\/www.uilscuolaemiliaromagna.it\/public\/er\/wp-content\/uploads\/2017\/04\/cropped-header.png\",\"contentUrl\":\"https:\/\/www.uilscuolaemiliaromagna.it\/public\/er\/wp-content\/uploads\/2017\/04\/cropped-header.png\",\"width\":1000,\"height\":150,\"caption\":\"Uil Scuola Emilia Romagna\"},\"image\":{\"@id\":\"https:\/\/www.uilscuolaemiliaromagna.it\/public\/er\/#\/schema\/logo\/image\/\"}},{\"@type\":\"Person\",\"@id\":\"https:\/\/www.uilscuolaemiliaromagna.it\/public\/er\/#\/schema\/person\/f42878fd07a4b6ba2b7153d4fad5de5e\",\"name\":\"admin\",\"image\":{\"@type\":\"ImageObject\",\"inLanguage\":\"it-IT\",\"@id\":\"https:\/\/www.uilscuolaemiliaromagna.it\/public\/er\/#\/schema\/person\/image\/\",\"url\":\"https:\/\/secure.gravatar.com\/avatar\/aebf815ae2f30ffdae8b8c247273d34c?s=96&d=mm&r=g\",\"contentUrl\":\"https:\/\/secure.gravatar.com\/avatar\/aebf815ae2f30ffdae8b8c247273d34c?s=96&d=mm&r=g\",\"caption\":\"admin\"},\"url\":\"https:\/\/www.uilscuolaemiliaromagna.it\/public\/er\/author\/admin\/\"}]}<\/script>\r\n<!-- \/ Yoast SEO plugin. -->","yoast_head_json":{"title":"LE MISURE PER LA SCUOLA | Decreto PA2, D\u2019Aprile, accolte nostre rivendicazioni. - Uil Scuola Emilia Romagna","robots":{"index":"index","follow":"follow","max-snippet":"max-snippet:-1","max-image-preview":"max-image-preview:large","max-video-preview":"max-video-preview:-1"},"canonical":"https:\/\/www.uilscuolaemiliaromagna.it\/public\/er\/2023\/06\/16\/le-misure-per-la-scuola-decreto-pa2-daprile-accolte-nostre-rivendicazioni\/","og_locale":"it_IT","og_type":"article","og_title":"LE MISURE PER LA SCUOLA | Decreto PA2, D\u2019Aprile, accolte nostre rivendicazioni. - Uil Scuola Emilia Romagna","og_description":"Semaforo verde per percorsi abilitanti e concorso religione cattolica.\u00a0Sugli idonei dei concorsi servono maggiori garanzie. Resteremo attenti su questo tema.\u00a0Un primo concreto intervento. Ci auguriamo &hellip;","og_url":"https:\/\/www.uilscuolaemiliaromagna.it\/public\/er\/2023\/06\/16\/le-misure-per-la-scuola-decreto-pa2-daprile-accolte-nostre-rivendicazioni\/","og_site_name":"Uil Scuola Emilia Romagna","article_published_time":"2023-06-16T13:10:34+00:00","og_image":[{"width":150,"height":150,"url":"https:\/\/www.uilscuolaemiliaromagna.it\/public\/er\/wp-content\/uploads\/2023\/06\/daprile-compensi-maturita-150x150-1.jpg","type":"image\/jpeg"}],"author":"admin","twitter_card":"summary_large_image","twitter_misc":{"Scritto da":"admin","Tempo di lettura stimato":"2 minuti"},"schema":{"@context":"https:\/\/schema.org","@graph":[{"@type":"Article","@id":"https:\/\/www.uilscuolaemiliaromagna.it\/public\/er\/2023\/06\/16\/le-misure-per-la-scuola-decreto-pa2-daprile-accolte-nostre-rivendicazioni\/#article","isPartOf":{"@id":"https:\/\/www.uilscuolaemiliaromagna.it\/public\/er\/2023\/06\/16\/le-misure-per-la-scuola-decreto-pa2-daprile-accolte-nostre-rivendicazioni\/"},"author":{"name":"admin","@id":"https:\/\/www.uilscuolaemiliaromagna.it\/public\/er\/#\/schema\/person\/f42878fd07a4b6ba2b7153d4fad5de5e"},"headline":"LE MISURE PER LA SCUOLA | Decreto PA2, D\u2019Aprile, accolte nostre rivendicazioni.","datePublished":"2023-06-16T13:10:34+00:00","dateModified":"2023-06-16T13:10:34+00:00","mainEntityOfPage":{"@id":"https:\/\/www.uilscuolaemiliaromagna.it\/public\/er\/2023\/06\/16\/le-misure-per-la-scuola-decreto-pa2-daprile-accolte-nostre-rivendicazioni\/"},"wordCount":377,"publisher":{"@id":"https:\/\/www.uilscuolaemiliaromagna.it\/public\/er\/#organization"},"articleSection":["Notizie"],"inLanguage":"it-IT"},{"@type":"WebPage","@id":"https:\/\/www.uilscuolaemiliaromagna.it\/public\/er\/2023\/06\/16\/le-misure-per-la-scuola-decreto-pa2-daprile-accolte-nostre-rivendicazioni\/","url":"https:\/\/www.uilscuolaemiliaromagna.it\/public\/er\/2023\/06\/16\/le-misure-per-la-scuola-decreto-pa2-daprile-accolte-nostre-rivendicazioni\/","name":"LE MISURE PER LA SCUOLA | Decreto PA2, D\u2019Aprile, accolte nostre rivendicazioni. - Uil Scuola Emilia Romagna","isPartOf":{"@id":"https:\/\/www.uilscuolaemiliaromagna.it\/public\/er\/#website"},"datePublished":"2023-06-16T13:10:34+00:00","dateModified":"2023-06-16T13:10:34+00:00","breadcrumb":{"@id":"https:\/\/www.uilscuolaemiliaromagna.it\/public\/er\/2023\/06\/16\/le-misure-per-la-scuola-decreto-pa2-daprile-accolte-nostre-rivendicazioni\/#breadcrumb"},"inLanguage":"it-IT","potentialAction":[{"@type":"ReadAction","target":["https:\/\/www.uilscuolaemiliaromagna.it\/public\/er\/2023\/06\/16\/le-misure-per-la-scuola-decreto-pa2-daprile-accolte-nostre-rivendicazioni\/"]}]},{"@type":"BreadcrumbList","@id":"https:\/\/www.uilscuolaemiliaromagna.it\/public\/er\/2023\/06\/16\/le-misure-per-la-scuola-decreto-pa2-daprile-accolte-nostre-rivendicazioni\/#breadcrumb","itemListElement":[{"@type":"ListItem","position":1,"name":"Home","item":"https:\/\/www.uilscuolaemiliaromagna.it\/public\/er\/"},{"@type":"ListItem","position":2,"name":"LE MISURE PER LA SCUOLA | Decreto PA2, D\u2019Aprile, accolte nostre rivendicazioni."}]},{"@type":"WebSite","@id":"https:\/\/www.uilscuolaemiliaromagna.it\/public\/er\/#website","url":"https:\/\/www.uilscuolaemiliaromagna.it\/public\/er\/","name":"Uil Scuola Emilia Romagna","description":"La voce libera della scuola","publisher":{"@id":"https:\/\/www.uilscuolaemiliaromagna.it\/public\/er\/#organization"},"potentialAction":[{"@type":"SearchAction","target":{"@type":"EntryPoint","urlTemplate":"https:\/\/www.uilscuolaemiliaromagna.it\/public\/er\/?s={search_term_string}"},"query-input":"required name=search_term_string"}],"inLanguage":"it-IT"},{"@type":"Organization","@id":"https:\/\/www.uilscuolaemiliaromagna.it\/public\/er\/#organization","name":"Uil Scuola Emilia Romagna","url":"https:\/\/www.uilscuolaemiliaromagna.it\/public\/er\/","logo":{"@type":"ImageObject","inLanguage":"it-IT","@id":"https:\/\/www.uilscuolaemiliaromagna.it\/public\/er\/#\/schema\/logo\/image\/","url":"https:\/\/www.uilscuolaemiliaromagna.it\/public\/er\/wp-content\/uploads\/2017\/04\/cropped-header.png","contentUrl":"https:\/\/www.uilscuolaemiliaromagna.it\/public\/er\/wp-content\/uploads\/2017\/04\/cropped-header.png","width":1000,"height":150,"caption":"Uil Scuola Emilia Romagna"},"image":{"@id":"https:\/\/www.uilscuolaemiliaromagna.it\/public\/er\/#\/schema\/logo\/image\/"}},{"@type":"Person","@id":"https:\/\/www.uilscuolaemiliaromagna.it\/public\/er\/#\/schema\/person\/f42878fd07a4b6ba2b7153d4fad5de5e","name":"admin","image":{"@type":"ImageObject","inLanguage":"it-IT","@id":"https:\/\/www.uilscuolaemiliaromagna.it\/public\/er\/#\/schema\/person\/image\/","url":"https:\/\/secure.gravatar.com\/avatar\/aebf815ae2f30ffdae8b8c247273d34c?s=96&d=mm&r=g","contentUrl":"https:\/\/secure.gravatar.com\/avatar\/aebf815ae2f30ffdae8b8c247273d34c?s=96&d=mm&r=g","caption":"admin"},"url":"https:\/\/www.uilscuolaemiliaromagna.it\/public\/er\/author\/admin\/"}]}},"views":735,"_links":{"self":[{"href":"https:\/\/www.uilscuolaemiliaromagna.it\/public\/er\/wp-json\/wp\/v2\/posts\/11440"}],"collection":[{"href":"https:\/\/www.uilscuolaemiliaromagna.it\/public\/er\/wp-json\/wp\/v2\/posts"}],"about":[{"href":"https:\/\/www.uilscuolaemiliaromagna.it\/public\/er\/wp-json\/wp\/v2\/types\/post"}],"author":[{"embeddable":true,"href":"https:\/\/www.uilscuolaemiliaromagna.it\/public\/er\/wp-json\/wp\/v2\/users\/1"}],"replies":[{"embeddable":true,"href":"https:\/\/www.uilscuolaemiliaromagna.it\/public\/er\/wp-json\/wp\/v2\/comments?post=11440"}],"version-history":[{"count":2,"href":"https:\/\/www.uilscuolaemiliaromagna.it\/public\/er\/wp-json\/wp\/v2\/posts\/11440\/revisions"}],"predecessor-version":[{"id":11443,"href":"https:\/\/www.uilscuolaemiliaromagna.it\/public\/er\/wp-json\/wp\/v2\/posts\/11440\/revisions\/11443"}],"wp:featuredmedia":[{"embeddable":true,"href":"https:\/\/www.uilscuolaemiliaromagna.it\/public\/er\/wp-json\/wp\/v2\/media\/11441"}],"wp:attachment":[{"href":"https:\/\/www.uilscuolaemiliaromagna.it\/public\/er\/wp-json\/wp\/v2\/media?parent=11440"}],"wp:term":[{"taxonomy":"category","embeddable":true,"href":"https:\/\/www.uilscuolaemiliaromagna.it\/public\/er\/wp-json\/wp\/v2\/categories?post=11440"},{"taxonomy":"post_tag","embeddable":true,"href":"https:\/\/www.uilscuolaemiliaromagna.it\/public\/er\/wp-json\/wp\/v2\/tags?post=11440"}],"curies":[{"name":"wp","href":"https:\/\/api.w.org\/{rel}","templated":true}]}}