{"id":11582,"date":"2023-07-20T20:42:50","date_gmt":"2023-07-20T18:42:50","guid":{"rendered":"http:\/\/www.uilscuolaemiliaromagna.it\/public\/er\/?p=11582"},"modified":"2024-01-18T17:46:22","modified_gmt":"2024-01-18T16:46:22","slug":"scheda-ipotesi-ccnl-istruzione-e-ricerca-perche-non-abbiamo-firmato","status":"publish","type":"post","link":"https:\/\/www.uilscuolaemiliaromagna.it\/public\/er\/2023\/07\/20\/scheda-ipotesi-ccnl-istruzione-e-ricerca-perche-non-abbiamo-firmato\/","title":{"rendered":"SCHEDA\/ Ipotesi CCNL Istruzione e Ricerca: perch\u00e9 non abbiamo firmato"},"content":{"rendered":"<div>\n<p style=\"text-align: justify;\"><strong>I contratti si sottoscrivono per migliorare le condizioni di vita e di lavoro del personale. In allegato la nostra scheda di dettaglio.\u00a0<\/strong><\/p>\n<p style=\"text-align: justify;\">Questa ipotesi di contratto appena concluso non solo non le migliora, ma in molti casi le peggiora poich\u00e9 si traduce in un indebolimento della scuola dell\u2019autonomia e della Comunit\u00e0 educante.<br \/>\n\u00c8 mancato il coraggio di fare scelte importanti e decisive per il futuro dei lavoratori della scuola statale del paese. Ci si \u00e8 solo preoccupati di rimanere nel solco del percorso tracciato dalla legge, lasciando al contratto uno spazio del tutto marginale.<br \/>\nLa parte normativa migliorata in pochissimi aspetti anche con il contributo a volte determinante della nostra organizzazione sindacale, non \u00e8 bastata a compensare quanto di negativo sia stato introdotto nell\u2019articolato che ha peggiorato notevolmente il testo contrattuale rispetto a quello precedente.<\/p>\n<p style=\"text-align: justify;\">Nello specifico:<\/p>\n<p style=\"text-align: justify; padding-left: 40px;\">\n\u2022 la mobilit\u00e0 del personale per cui \u00e8 chiaramente scritto che \u00e8 trattata in subordine alla legge;<br \/>\n\u2022 la trasparenza nelle relazioni sindacali: non \u00e8 pi\u00f9 possibile associare i nominativi ai compensi ricevuti dal Fondo di Istituto;<br \/>\n\u2022 l\u2019introduzione di un nuovo ordinamento per il personale ATA che di fatto estromette i funzionari\/ex DSGA dalla comunit\u00e0 educante;<br \/>\n\u2022 responsabilit\u00e0 disciplinare: Per la seconda volta \u2013 era gi\u00e0 avvenuto con il contratto 2016\/18 \u2013 la materia viene rinviata.<br \/>\n\u2022 l\u2019eliminazione, rispetto al precedente contratto, di tutta la parte relativa alle scuole italiane all\u2019estero.<\/p>\n<p style=\"text-align: justify;\">Rileviamo quindi una serie di questioni importanti che non hanno trovato spazio nel contratto e altre che sono state normate in peius con un vero e proprio arretramento in termini di<br \/>\ndiritti per i lavoratori che dettaglieremo nella presenta scheda con dovizia di particolari. Ogni lavoratore sar\u00e0 libero di fare le proprie valutazioni sulla scorta di quanto, con la<br \/>\nmassima onest\u00e0 intellettuale, porremo alla sua attenzione per spiegare le ragioni che ci hanno indotto con convinzione a non apporre la nostra firma.<\/p>\n<\/div>\n<ul>\n<li class=\"clear\"><a href=\"https:\/\/www.uilscuolaemiliaromagna.it\/public\/er\/wp-content\/uploads\/2023\/07\/Ipotesi-CCNL-2019-21-Perche-non-abbiamo-firmato-Scheda-Fed.-UIL-Scuola.pdf\" target=\"_blank\" rel=\"noopener noreferrer\">la nostra scheda<\/a><\/li>\n<\/ul>\n<h6>fonte:\u00a0<a href=\"https:\/\/uilscuola.it\/ipotesi-ccnl-istruzione-e-ricerca-perche-non-abbiamo-firmato-scheda\/\" target=\"_blank\" rel=\"noopener noreferrer\">uilscuola.it<\/a><\/h6>\n<div id=\"allegati\"><\/div>\n\n<div class=\"twitter-share\"><a href=\"https:\/\/twitter.com\/intent\/tweet?via=UILScuolaBO_ER\" class=\"twitter-share-button\" data-size=\"large\">Tweet<\/a><\/div>\n","protected":false},"excerpt":{"rendered":"<p>I contratti si sottoscrivono per migliorare le condizioni di vita e di lavoro del personale. In allegato la nostra scheda di dettaglio.\u00a0 Questa ipotesi di &hellip; <\/p>\n","protected":false},"author":1,"featured_media":11583,"comment_status":"closed","ping_status":"open","sticky":false,"template":"","format":"standard","meta":{"footnotes":""},"categories":[2,12,6,7],"tags":[],"yoast_head":"<!-- This site is optimized with the Yoast SEO plugin v21.7 - https:\/\/yoast.com\/wordpress\/plugins\/seo\/ -->\r\n<title>SCHEDA\/ Ipotesi CCNL Istruzione e Ricerca: perch\u00e9 non abbiamo firmato - Uil Scuola Emilia Romagna<\/title>\r\n<meta name=\"robots\" content=\"index, follow, max-snippet:-1, max-image-preview:large, max-video-preview:-1\" \/>\r\n<link rel=\"canonical\" href=\"https:\/\/www.uilscuolaemiliaromagna.it\/public\/er\/2023\/07\/20\/scheda-ipotesi-ccnl-istruzione-e-ricerca-perche-non-abbiamo-firmato\/\" \/>\r\n<meta property=\"og:locale\" content=\"it_IT\" \/>\r\n<meta property=\"og:type\" content=\"article\" \/>\r\n<meta property=\"og:title\" content=\"SCHEDA\/ Ipotesi CCNL Istruzione e Ricerca: perch\u00e9 non abbiamo firmato - Uil Scuola Emilia Romagna\" \/>\r\n<meta property=\"og:description\" content=\"I contratti si sottoscrivono per migliorare le condizioni di vita e di lavoro del personale. In allegato la nostra scheda di dettaglio.\u00a0 Questa ipotesi di &hellip;\" \/>\r\n<meta property=\"og:url\" content=\"https:\/\/www.uilscuolaemiliaromagna.it\/public\/er\/2023\/07\/20\/scheda-ipotesi-ccnl-istruzione-e-ricerca-perche-non-abbiamo-firmato\/\" \/>\r\n<meta property=\"og:site_name\" content=\"Uil Scuola Emilia Romagna\" \/>\r\n<meta property=\"article:published_time\" content=\"2023-07-20T18:42:50+00:00\" \/>\r\n<meta property=\"article:modified_time\" content=\"2024-01-18T16:46:22+00:00\" \/>\r\n<meta property=\"og:image\" content=\"https:\/\/www.uilscuolaemiliaromagna.it\/public\/er\/wp-content\/uploads\/2023\/07\/uil-scuola-rua-non-firma-il-contratto-150x150-1.jpg\" \/>\r\n\t<meta property=\"og:image:width\" content=\"150\" \/>\r\n\t<meta property=\"og:image:height\" content=\"150\" \/>\r\n\t<meta property=\"og:image:type\" content=\"image\/jpeg\" \/>\r\n<meta name=\"author\" content=\"admin\" \/>\r\n<meta name=\"twitter:card\" content=\"summary_large_image\" \/>\r\n<meta name=\"twitter:label1\" content=\"Scritto da\" \/>\n\t<meta name=\"twitter:data1\" content=\"admin\" \/>\n\t<meta name=\"twitter:label2\" content=\"Tempo di lettura stimato\" \/>\n\t<meta name=\"twitter:data2\" content=\"2 minuti\" \/>\r\n<script type=\"application\/ld+json\" class=\"yoast-schema-graph\">{\"@context\":\"https:\/\/schema.org\",\"@graph\":[{\"@type\":\"Article\",\"@id\":\"https:\/\/www.uilscuolaemiliaromagna.it\/public\/er\/2023\/07\/20\/scheda-ipotesi-ccnl-istruzione-e-ricerca-perche-non-abbiamo-firmato\/#article\",\"isPartOf\":{\"@id\":\"https:\/\/www.uilscuolaemiliaromagna.it\/public\/er\/2023\/07\/20\/scheda-ipotesi-ccnl-istruzione-e-ricerca-perche-non-abbiamo-firmato\/\"},\"author\":{\"name\":\"admin\",\"@id\":\"https:\/\/www.uilscuolaemiliaromagna.it\/public\/er\/#\/schema\/person\/f42878fd07a4b6ba2b7153d4fad5de5e\"},\"headline\":\"SCHEDA\/ Ipotesi CCNL Istruzione e Ricerca: perch\u00e9 non abbiamo firmato\",\"datePublished\":\"2023-07-20T18:42:50+00:00\",\"dateModified\":\"2024-01-18T16:46:22+00:00\",\"mainEntityOfPage\":{\"@id\":\"https:\/\/www.uilscuolaemiliaromagna.it\/public\/er\/2023\/07\/20\/scheda-ipotesi-ccnl-istruzione-e-ricerca-perche-non-abbiamo-firmato\/\"},\"wordCount\":319,\"publisher\":{\"@id\":\"https:\/\/www.uilscuolaemiliaromagna.it\/public\/er\/#organization\"},\"articleSection\":[\"ATA\",\"Notizie\",\"Personale Docente\",\"Personale Educativo\"],\"inLanguage\":\"it-IT\"},{\"@type\":\"WebPage\",\"@id\":\"https:\/\/www.uilscuolaemiliaromagna.it\/public\/er\/2023\/07\/20\/scheda-ipotesi-ccnl-istruzione-e-ricerca-perche-non-abbiamo-firmato\/\",\"url\":\"https:\/\/www.uilscuolaemiliaromagna.it\/public\/er\/2023\/07\/20\/scheda-ipotesi-ccnl-istruzione-e-ricerca-perche-non-abbiamo-firmato\/\",\"name\":\"SCHEDA\/ Ipotesi CCNL Istruzione e Ricerca: perch\u00e9 non abbiamo firmato - Uil Scuola Emilia Romagna\",\"isPartOf\":{\"@id\":\"https:\/\/www.uilscuolaemiliaromagna.it\/public\/er\/#website\"},\"datePublished\":\"2023-07-20T18:42:50+00:00\",\"dateModified\":\"2024-01-18T16:46:22+00:00\",\"breadcrumb\":{\"@id\":\"https:\/\/www.uilscuolaemiliaromagna.it\/public\/er\/2023\/07\/20\/scheda-ipotesi-ccnl-istruzione-e-ricerca-perche-non-abbiamo-firmato\/#breadcrumb\"},\"inLanguage\":\"it-IT\",\"potentialAction\":[{\"@type\":\"ReadAction\",\"target\":[\"https:\/\/www.uilscuolaemiliaromagna.it\/public\/er\/2023\/07\/20\/scheda-ipotesi-ccnl-istruzione-e-ricerca-perche-non-abbiamo-firmato\/\"]}]},{\"@type\":\"BreadcrumbList\",\"@id\":\"https:\/\/www.uilscuolaemiliaromagna.it\/public\/er\/2023\/07\/20\/scheda-ipotesi-ccnl-istruzione-e-ricerca-perche-non-abbiamo-firmato\/#breadcrumb\",\"itemListElement\":[{\"@type\":\"ListItem\",\"position\":1,\"name\":\"Home\",\"item\":\"https:\/\/www.uilscuolaemiliaromagna.it\/public\/er\/\"},{\"@type\":\"ListItem\",\"position\":2,\"name\":\"SCHEDA\/ Ipotesi CCNL Istruzione e Ricerca: perch\u00e9 non abbiamo firmato\"}]},{\"@type\":\"WebSite\",\"@id\":\"https:\/\/www.uilscuolaemiliaromagna.it\/public\/er\/#website\",\"url\":\"https:\/\/www.uilscuolaemiliaromagna.it\/public\/er\/\",\"name\":\"Uil Scuola Emilia Romagna\",\"description\":\"La voce libera della scuola\",\"publisher\":{\"@id\":\"https:\/\/www.uilscuolaemiliaromagna.it\/public\/er\/#organization\"},\"potentialAction\":[{\"@type\":\"SearchAction\",\"target\":{\"@type\":\"EntryPoint\",\"urlTemplate\":\"https:\/\/www.uilscuolaemiliaromagna.it\/public\/er\/?s={search_term_string}\"},\"query-input\":\"required name=search_term_string\"}],\"inLanguage\":\"it-IT\"},{\"@type\":\"Organization\",\"@id\":\"https:\/\/www.uilscuolaemiliaromagna.it\/public\/er\/#organization\",\"name\":\"Uil Scuola Emilia Romagna\",\"url\":\"https:\/\/www.uilscuolaemiliaromagna.it\/public\/er\/\",\"logo\":{\"@type\":\"ImageObject\",\"inLanguage\":\"it-IT\",\"@id\":\"https:\/\/www.uilscuolaemiliaromagna.it\/public\/er\/#\/schema\/logo\/image\/\",\"url\":\"https:\/\/www.uilscuolaemiliaromagna.it\/public\/er\/wp-content\/uploads\/2017\/04\/cropped-header.png\",\"contentUrl\":\"https:\/\/www.uilscuolaemiliaromagna.it\/public\/er\/wp-content\/uploads\/2017\/04\/cropped-header.png\",\"width\":1000,\"height\":150,\"caption\":\"Uil Scuola Emilia Romagna\"},\"image\":{\"@id\":\"https:\/\/www.uilscuolaemiliaromagna.it\/public\/er\/#\/schema\/logo\/image\/\"}},{\"@type\":\"Person\",\"@id\":\"https:\/\/www.uilscuolaemiliaromagna.it\/public\/er\/#\/schema\/person\/f42878fd07a4b6ba2b7153d4fad5de5e\",\"name\":\"admin\",\"image\":{\"@type\":\"ImageObject\",\"inLanguage\":\"it-IT\",\"@id\":\"https:\/\/www.uilscuolaemiliaromagna.it\/public\/er\/#\/schema\/person\/image\/\",\"url\":\"https:\/\/secure.gravatar.com\/avatar\/aebf815ae2f30ffdae8b8c247273d34c?s=96&d=mm&r=g\",\"contentUrl\":\"https:\/\/secure.gravatar.com\/avatar\/aebf815ae2f30ffdae8b8c247273d34c?s=96&d=mm&r=g\",\"caption\":\"admin\"},\"url\":\"https:\/\/www.uilscuolaemiliaromagna.it\/public\/er\/author\/admin\/\"}]}<\/script>\r\n<!-- \/ Yoast SEO plugin. -->","yoast_head_json":{"title":"SCHEDA\/ Ipotesi CCNL Istruzione e Ricerca: perch\u00e9 non abbiamo firmato - Uil Scuola Emilia Romagna","robots":{"index":"index","follow":"follow","max-snippet":"max-snippet:-1","max-image-preview":"max-image-preview:large","max-video-preview":"max-video-preview:-1"},"canonical":"https:\/\/www.uilscuolaemiliaromagna.it\/public\/er\/2023\/07\/20\/scheda-ipotesi-ccnl-istruzione-e-ricerca-perche-non-abbiamo-firmato\/","og_locale":"it_IT","og_type":"article","og_title":"SCHEDA\/ Ipotesi CCNL Istruzione e Ricerca: perch\u00e9 non abbiamo firmato - Uil Scuola Emilia Romagna","og_description":"I contratti si sottoscrivono per migliorare le condizioni di vita e di lavoro del personale. In allegato la nostra scheda di dettaglio.\u00a0 Questa ipotesi di &hellip;","og_url":"https:\/\/www.uilscuolaemiliaromagna.it\/public\/er\/2023\/07\/20\/scheda-ipotesi-ccnl-istruzione-e-ricerca-perche-non-abbiamo-firmato\/","og_site_name":"Uil Scuola Emilia Romagna","article_published_time":"2023-07-20T18:42:50+00:00","article_modified_time":"2024-01-18T16:46:22+00:00","og_image":[{"width":150,"height":150,"url":"https:\/\/www.uilscuolaemiliaromagna.it\/public\/er\/wp-content\/uploads\/2023\/07\/uil-scuola-rua-non-firma-il-contratto-150x150-1.jpg","type":"image\/jpeg"}],"author":"admin","twitter_card":"summary_large_image","twitter_misc":{"Scritto da":"admin","Tempo di lettura stimato":"2 minuti"},"schema":{"@context":"https:\/\/schema.org","@graph":[{"@type":"Article","@id":"https:\/\/www.uilscuolaemiliaromagna.it\/public\/er\/2023\/07\/20\/scheda-ipotesi-ccnl-istruzione-e-ricerca-perche-non-abbiamo-firmato\/#article","isPartOf":{"@id":"https:\/\/www.uilscuolaemiliaromagna.it\/public\/er\/2023\/07\/20\/scheda-ipotesi-ccnl-istruzione-e-ricerca-perche-non-abbiamo-firmato\/"},"author":{"name":"admin","@id":"https:\/\/www.uilscuolaemiliaromagna.it\/public\/er\/#\/schema\/person\/f42878fd07a4b6ba2b7153d4fad5de5e"},"headline":"SCHEDA\/ Ipotesi CCNL Istruzione e Ricerca: perch\u00e9 non abbiamo firmato","datePublished":"2023-07-20T18:42:50+00:00","dateModified":"2024-01-18T16:46:22+00:00","mainEntityOfPage":{"@id":"https:\/\/www.uilscuolaemiliaromagna.it\/public\/er\/2023\/07\/20\/scheda-ipotesi-ccnl-istruzione-e-ricerca-perche-non-abbiamo-firmato\/"},"wordCount":319,"publisher":{"@id":"https:\/\/www.uilscuolaemiliaromagna.it\/public\/er\/#organization"},"articleSection":["ATA","Notizie","Personale Docente","Personale Educativo"],"inLanguage":"it-IT"},{"@type":"WebPage","@id":"https:\/\/www.uilscuolaemiliaromagna.it\/public\/er\/2023\/07\/20\/scheda-ipotesi-ccnl-istruzione-e-ricerca-perche-non-abbiamo-firmato\/","url":"https:\/\/www.uilscuolaemiliaromagna.it\/public\/er\/2023\/07\/20\/scheda-ipotesi-ccnl-istruzione-e-ricerca-perche-non-abbiamo-firmato\/","name":"SCHEDA\/ Ipotesi CCNL Istruzione e Ricerca: perch\u00e9 non abbiamo firmato - Uil Scuola Emilia Romagna","isPartOf":{"@id":"https:\/\/www.uilscuolaemiliaromagna.it\/public\/er\/#website"},"datePublished":"2023-07-20T18:42:50+00:00","dateModified":"2024-01-18T16:46:22+00:00","breadcrumb":{"@id":"https:\/\/www.uilscuolaemiliaromagna.it\/public\/er\/2023\/07\/20\/scheda-ipotesi-ccnl-istruzione-e-ricerca-perche-non-abbiamo-firmato\/#breadcrumb"},"inLanguage":"it-IT","potentialAction":[{"@type":"ReadAction","target":["https:\/\/www.uilscuolaemiliaromagna.it\/public\/er\/2023\/07\/20\/scheda-ipotesi-ccnl-istruzione-e-ricerca-perche-non-abbiamo-firmato\/"]}]},{"@type":"BreadcrumbList","@id":"https:\/\/www.uilscuolaemiliaromagna.it\/public\/er\/2023\/07\/20\/scheda-ipotesi-ccnl-istruzione-e-ricerca-perche-non-abbiamo-firmato\/#breadcrumb","itemListElement":[{"@type":"ListItem","position":1,"name":"Home","item":"https:\/\/www.uilscuolaemiliaromagna.it\/public\/er\/"},{"@type":"ListItem","position":2,"name":"SCHEDA\/ Ipotesi CCNL Istruzione e Ricerca: perch\u00e9 non abbiamo firmato"}]},{"@type":"WebSite","@id":"https:\/\/www.uilscuolaemiliaromagna.it\/public\/er\/#website","url":"https:\/\/www.uilscuolaemiliaromagna.it\/public\/er\/","name":"Uil Scuola Emilia Romagna","description":"La voce libera della scuola","publisher":{"@id":"https:\/\/www.uilscuolaemiliaromagna.it\/public\/er\/#organization"},"potentialAction":[{"@type":"SearchAction","target":{"@type":"EntryPoint","urlTemplate":"https:\/\/www.uilscuolaemiliaromagna.it\/public\/er\/?s={search_term_string}"},"query-input":"required name=search_term_string"}],"inLanguage":"it-IT"},{"@type":"Organization","@id":"https:\/\/www.uilscuolaemiliaromagna.it\/public\/er\/#organization","name":"Uil Scuola Emilia Romagna","url":"https:\/\/www.uilscuolaemiliaromagna.it\/public\/er\/","logo":{"@type":"ImageObject","inLanguage":"it-IT","@id":"https:\/\/www.uilscuolaemiliaromagna.it\/public\/er\/#\/schema\/logo\/image\/","url":"https:\/\/www.uilscuolaemiliaromagna.it\/public\/er\/wp-content\/uploads\/2017\/04\/cropped-header.png","contentUrl":"https:\/\/www.uilscuolaemiliaromagna.it\/public\/er\/wp-content\/uploads\/2017\/04\/cropped-header.png","width":1000,"height":150,"caption":"Uil Scuola Emilia Romagna"},"image":{"@id":"https:\/\/www.uilscuolaemiliaromagna.it\/public\/er\/#\/schema\/logo\/image\/"}},{"@type":"Person","@id":"https:\/\/www.uilscuolaemiliaromagna.it\/public\/er\/#\/schema\/person\/f42878fd07a4b6ba2b7153d4fad5de5e","name":"admin","image":{"@type":"ImageObject","inLanguage":"it-IT","@id":"https:\/\/www.uilscuolaemiliaromagna.it\/public\/er\/#\/schema\/person\/image\/","url":"https:\/\/secure.gravatar.com\/avatar\/aebf815ae2f30ffdae8b8c247273d34c?s=96&d=mm&r=g","contentUrl":"https:\/\/secure.gravatar.com\/avatar\/aebf815ae2f30ffdae8b8c247273d34c?s=96&d=mm&r=g","caption":"admin"},"url":"https:\/\/www.uilscuolaemiliaromagna.it\/public\/er\/author\/admin\/"}]}},"views":783,"_links":{"self":[{"href":"https:\/\/www.uilscuolaemiliaromagna.it\/public\/er\/wp-json\/wp\/v2\/posts\/11582"}],"collection":[{"href":"https:\/\/www.uilscuolaemiliaromagna.it\/public\/er\/wp-json\/wp\/v2\/posts"}],"about":[{"href":"https:\/\/www.uilscuolaemiliaromagna.it\/public\/er\/wp-json\/wp\/v2\/types\/post"}],"author":[{"embeddable":true,"href":"https:\/\/www.uilscuolaemiliaromagna.it\/public\/er\/wp-json\/wp\/v2\/users\/1"}],"replies":[{"embeddable":true,"href":"https:\/\/www.uilscuolaemiliaromagna.it\/public\/er\/wp-json\/wp\/v2\/comments?post=11582"}],"version-history":[{"count":1,"href":"https:\/\/www.uilscuolaemiliaromagna.it\/public\/er\/wp-json\/wp\/v2\/posts\/11582\/revisions"}],"predecessor-version":[{"id":11585,"href":"https:\/\/www.uilscuolaemiliaromagna.it\/public\/er\/wp-json\/wp\/v2\/posts\/11582\/revisions\/11585"}],"wp:featuredmedia":[{"embeddable":true,"href":"https:\/\/www.uilscuolaemiliaromagna.it\/public\/er\/wp-json\/wp\/v2\/media\/11583"}],"wp:attachment":[{"href":"https:\/\/www.uilscuolaemiliaromagna.it\/public\/er\/wp-json\/wp\/v2\/media?parent=11582"}],"wp:term":[{"taxonomy":"category","embeddable":true,"href":"https:\/\/www.uilscuolaemiliaromagna.it\/public\/er\/wp-json\/wp\/v2\/categories?post=11582"},{"taxonomy":"post_tag","embeddable":true,"href":"https:\/\/www.uilscuolaemiliaromagna.it\/public\/er\/wp-json\/wp\/v2\/tags?post=11582"}],"curies":[{"name":"wp","href":"https:\/\/api.w.org\/{rel}","templated":true}]}}