{"id":11951,"date":"2023-10-02T23:26:56","date_gmt":"2023-10-02T21:26:56","guid":{"rendered":"http:\/\/www.uilscuolaemiliaromagna.it\/public\/er\/?p=11951"},"modified":"2023-10-03T09:28:56","modified_gmt":"2023-10-03T07:28:56","slug":"precari-concorso-straordinario-bis-pizzo-necessario-trovare-soluzioni-per-i-precari-storici-con-piu-di-tre-anni-di-servizio","status":"publish","type":"post","link":"https:\/\/www.uilscuolaemiliaromagna.it\/public\/er\/2023\/10\/02\/precari-concorso-straordinario-bis-pizzo-necessario-trovare-soluzioni-per-i-precari-storici-con-piu-di-tre-anni-di-servizio\/","title":{"rendered":"PRECARI | Concorso Straordinario Bis, Pizzo: necessario trovare soluzioni per i precari storici con pi\u00f9 di tre anni di servizio"},"content":{"rendered":"<p style=\"text-align: justify;\"><em>Accesso diretto ai percorsi abilitanti e graduatorie di merito porterebbero alla soluzione.<\/em><\/p>\n<p style=\"text-align: justify;\">A distanza di mesi dalla conclusione delle procedure del \u201cconcorso bis\u201d nessuna azione concreta e chiarificatrice \u00e8 stata realizzata per sanare un\u2019evidente stortura concorsuale: i precari storici della scuola statale, con pi\u00f9 di tre anni di servizio e che hanno gi\u00e0 espletato le prove del concorso \u2013 afferma Paolo Pizzo Segretario nazionale della Uil Scuola Rua \u2013 hanno investito anni in formazione e lavoro nel nome di un ruolo che rischiano di non raggiungere, almeno nel breve termine. Sono risorse umane e professionali importanti e dovrebbe essere interesse della stessa amministrazione arrivare al loro reclutamento.<\/p>\n<p style=\"text-align: justify;\">La Uil Scuola Rua propone diverse soluzioni\u2013 sottolinea il Segretario nazionale \u2013 \u00e8 necessario che i docenti che hanno gi\u00e0 partecipato al concorso straordinario bis, insieme agli altri docenti con almeno tre anni di servizio, abbiano un acceso diretto al percorso universitario ai fini del conseguimento dell\u2019abilitazione senza nessuna selezione in ingresso. Ci\u00f2 garantirebbe l\u2019acquisizione dell\u2019abilitazione e l\u2019iscrizione in I fascia delle GPS.<\/p>\n<p style=\"text-align: justify;\">Inoltre \u2013 aggiunge il Segretario \u2013 rivendichiamo la trasformazione delle graduatorie dello straordinario bis in permanenti in modo da ampliare maggiormente la platea dei docenti che possano avere una immissione in ruolo.<\/p>\n<p style=\"text-align: justify;\">Abbiamo pi\u00f9 volte sostenuto la necessit\u00e0 non solo di autorizzare tutti i posti vacanti e disponibili, ma anche quella di scorrere tutte le graduatorie gi\u00e0 esistenti, come quella degli idonei del concorso 2020 e quella dello straordinario bis, e di attingere anche alle GPS di I fascia posto comune.<\/p>\n<p style=\"text-align: justify;\">E\u2019 in primis obbligo dell\u2019Amministrazione \u2013 anche attraverso procedure concorsuali eque, chiare e ben definite, che diano certezze a chi vi partecipa, osserva Pizzo \u2013 dare il giusto valore sociale al personale della scuola per ritrovare l\u2019autorevolezza persa del personale docente.<\/p>\n<p style=\"text-align: justify;\">Come Federazione UIL Scuola Rua \u2013 conclude \u2013 continuiamo la nostra rivendicazione relativa alla stabilizzazione del personale precario, anche per evitare disparit\u00e0 di trattamento tra i colleghi e nell\u2019interesse della comunit\u00e0 educante tutta.<\/p>\n<h6>fonte:\u00a0<a href=\"https:\/\/uilscuola.it\/concorso-straordinario-bis-pizzo-necessario-trovare-soluzioni-per-i-precari-storici-con-piu-di-tre-anni-di-servizio\/\" target=\"_blank\" rel=\"noopener noreferrer\">FEDERAZIONE UIL Scuola RUA<\/a><\/h6>\n\n<div class=\"twitter-share\"><a href=\"https:\/\/twitter.com\/intent\/tweet?via=UILScuolaBO_ER\" class=\"twitter-share-button\" data-size=\"large\">Tweet<\/a><\/div>\n","protected":false},"excerpt":{"rendered":"<p>Accesso diretto ai percorsi abilitanti e graduatorie di merito porterebbero alla soluzione. A distanza di mesi dalla conclusione delle procedure del \u201cconcorso bis\u201d nessuna azione &hellip; <\/p>\n","protected":false},"author":1,"featured_media":11952,"comment_status":"closed","ping_status":"open","sticky":false,"template":"","format":"standard","meta":{"footnotes":""},"categories":[12,6],"tags":[],"yoast_head":"<!-- This site is optimized with the Yoast SEO plugin v21.7 - https:\/\/yoast.com\/wordpress\/plugins\/seo\/ -->\r\n<title>PRECARI | Concorso Straordinario Bis, Pizzo: necessario trovare soluzioni per i precari storici con pi\u00f9 di tre anni di servizio - Uil Scuola Emilia Romagna<\/title>\r\n<meta name=\"robots\" content=\"index, follow, max-snippet:-1, max-image-preview:large, max-video-preview:-1\" \/>\r\n<link rel=\"canonical\" href=\"https:\/\/www.uilscuolaemiliaromagna.it\/public\/er\/2023\/10\/02\/precari-concorso-straordinario-bis-pizzo-necessario-trovare-soluzioni-per-i-precari-storici-con-piu-di-tre-anni-di-servizio\/\" \/>\r\n<meta property=\"og:locale\" content=\"it_IT\" \/>\r\n<meta property=\"og:type\" content=\"article\" \/>\r\n<meta property=\"og:title\" content=\"PRECARI | Concorso Straordinario Bis, Pizzo: necessario trovare soluzioni per i precari storici con pi\u00f9 di tre anni di servizio - Uil Scuola Emilia Romagna\" \/>\r\n<meta property=\"og:description\" content=\"Accesso diretto ai percorsi abilitanti e graduatorie di merito porterebbero alla soluzione. A distanza di mesi dalla conclusione delle procedure del \u201cconcorso bis\u201d nessuna azione &hellip;\" \/>\r\n<meta property=\"og:url\" content=\"https:\/\/www.uilscuolaemiliaromagna.it\/public\/er\/2023\/10\/02\/precari-concorso-straordinario-bis-pizzo-necessario-trovare-soluzioni-per-i-precari-storici-con-piu-di-tre-anni-di-servizio\/\" \/>\r\n<meta property=\"og:site_name\" content=\"Uil Scuola Emilia Romagna\" \/>\r\n<meta property=\"article:published_time\" content=\"2023-10-02T21:26:56+00:00\" \/>\r\n<meta property=\"article:modified_time\" content=\"2023-10-03T07:28:56+00:00\" \/>\r\n<meta property=\"og:image\" content=\"https:\/\/www.uilscuolaemiliaromagna.it\/public\/er\/wp-content\/uploads\/2023\/10\/paolo-pizzo-uil-scuola-rua-150x150-1.jpg\" \/>\r\n\t<meta property=\"og:image:width\" content=\"150\" \/>\r\n\t<meta property=\"og:image:height\" content=\"150\" \/>\r\n\t<meta property=\"og:image:type\" content=\"image\/jpeg\" \/>\r\n<meta name=\"author\" content=\"admin\" \/>\r\n<meta name=\"twitter:card\" content=\"summary_large_image\" \/>\r\n<meta name=\"twitter:label1\" content=\"Scritto da\" \/>\n\t<meta name=\"twitter:data1\" content=\"admin\" \/>\n\t<meta name=\"twitter:label2\" content=\"Tempo di lettura stimato\" \/>\n\t<meta name=\"twitter:data2\" content=\"2 minuti\" \/>\r\n<script type=\"application\/ld+json\" class=\"yoast-schema-graph\">{\"@context\":\"https:\/\/schema.org\",\"@graph\":[{\"@type\":\"Article\",\"@id\":\"https:\/\/www.uilscuolaemiliaromagna.it\/public\/er\/2023\/10\/02\/precari-concorso-straordinario-bis-pizzo-necessario-trovare-soluzioni-per-i-precari-storici-con-piu-di-tre-anni-di-servizio\/#article\",\"isPartOf\":{\"@id\":\"https:\/\/www.uilscuolaemiliaromagna.it\/public\/er\/2023\/10\/02\/precari-concorso-straordinario-bis-pizzo-necessario-trovare-soluzioni-per-i-precari-storici-con-piu-di-tre-anni-di-servizio\/\"},\"author\":{\"name\":\"admin\",\"@id\":\"https:\/\/www.uilscuolaemiliaromagna.it\/public\/er\/#\/schema\/person\/f42878fd07a4b6ba2b7153d4fad5de5e\"},\"headline\":\"PRECARI | Concorso Straordinario Bis, Pizzo: necessario trovare soluzioni per i precari storici con pi\u00f9 di tre anni di servizio\",\"datePublished\":\"2023-10-02T21:26:56+00:00\",\"dateModified\":\"2023-10-03T07:28:56+00:00\",\"mainEntityOfPage\":{\"@id\":\"https:\/\/www.uilscuolaemiliaromagna.it\/public\/er\/2023\/10\/02\/precari-concorso-straordinario-bis-pizzo-necessario-trovare-soluzioni-per-i-precari-storici-con-piu-di-tre-anni-di-servizio\/\"},\"wordCount\":345,\"publisher\":{\"@id\":\"https:\/\/www.uilscuolaemiliaromagna.it\/public\/er\/#organization\"},\"articleSection\":[\"Notizie\",\"Personale Docente\"],\"inLanguage\":\"it-IT\"},{\"@type\":\"WebPage\",\"@id\":\"https:\/\/www.uilscuolaemiliaromagna.it\/public\/er\/2023\/10\/02\/precari-concorso-straordinario-bis-pizzo-necessario-trovare-soluzioni-per-i-precari-storici-con-piu-di-tre-anni-di-servizio\/\",\"url\":\"https:\/\/www.uilscuolaemiliaromagna.it\/public\/er\/2023\/10\/02\/precari-concorso-straordinario-bis-pizzo-necessario-trovare-soluzioni-per-i-precari-storici-con-piu-di-tre-anni-di-servizio\/\",\"name\":\"PRECARI | Concorso Straordinario Bis, Pizzo: necessario trovare soluzioni per i precari storici con pi\u00f9 di tre anni di servizio - Uil Scuola Emilia Romagna\",\"isPartOf\":{\"@id\":\"https:\/\/www.uilscuolaemiliaromagna.it\/public\/er\/#website\"},\"datePublished\":\"2023-10-02T21:26:56+00:00\",\"dateModified\":\"2023-10-03T07:28:56+00:00\",\"breadcrumb\":{\"@id\":\"https:\/\/www.uilscuolaemiliaromagna.it\/public\/er\/2023\/10\/02\/precari-concorso-straordinario-bis-pizzo-necessario-trovare-soluzioni-per-i-precari-storici-con-piu-di-tre-anni-di-servizio\/#breadcrumb\"},\"inLanguage\":\"it-IT\",\"potentialAction\":[{\"@type\":\"ReadAction\",\"target\":[\"https:\/\/www.uilscuolaemiliaromagna.it\/public\/er\/2023\/10\/02\/precari-concorso-straordinario-bis-pizzo-necessario-trovare-soluzioni-per-i-precari-storici-con-piu-di-tre-anni-di-servizio\/\"]}]},{\"@type\":\"BreadcrumbList\",\"@id\":\"https:\/\/www.uilscuolaemiliaromagna.it\/public\/er\/2023\/10\/02\/precari-concorso-straordinario-bis-pizzo-necessario-trovare-soluzioni-per-i-precari-storici-con-piu-di-tre-anni-di-servizio\/#breadcrumb\",\"itemListElement\":[{\"@type\":\"ListItem\",\"position\":1,\"name\":\"Home\",\"item\":\"https:\/\/www.uilscuolaemiliaromagna.it\/public\/er\/\"},{\"@type\":\"ListItem\",\"position\":2,\"name\":\"PRECARI | Concorso Straordinario Bis, Pizzo: necessario trovare soluzioni per i precari storici con pi\u00f9 di tre anni di servizio\"}]},{\"@type\":\"WebSite\",\"@id\":\"https:\/\/www.uilscuolaemiliaromagna.it\/public\/er\/#website\",\"url\":\"https:\/\/www.uilscuolaemiliaromagna.it\/public\/er\/\",\"name\":\"Uil Scuola Emilia Romagna\",\"description\":\"La voce libera della scuola\",\"publisher\":{\"@id\":\"https:\/\/www.uilscuolaemiliaromagna.it\/public\/er\/#organization\"},\"potentialAction\":[{\"@type\":\"SearchAction\",\"target\":{\"@type\":\"EntryPoint\",\"urlTemplate\":\"https:\/\/www.uilscuolaemiliaromagna.it\/public\/er\/?s={search_term_string}\"},\"query-input\":\"required name=search_term_string\"}],\"inLanguage\":\"it-IT\"},{\"@type\":\"Organization\",\"@id\":\"https:\/\/www.uilscuolaemiliaromagna.it\/public\/er\/#organization\",\"name\":\"Uil Scuola Emilia Romagna\",\"url\":\"https:\/\/www.uilscuolaemiliaromagna.it\/public\/er\/\",\"logo\":{\"@type\":\"ImageObject\",\"inLanguage\":\"it-IT\",\"@id\":\"https:\/\/www.uilscuolaemiliaromagna.it\/public\/er\/#\/schema\/logo\/image\/\",\"url\":\"https:\/\/www.uilscuolaemiliaromagna.it\/public\/er\/wp-content\/uploads\/2017\/04\/cropped-header.png\",\"contentUrl\":\"https:\/\/www.uilscuolaemiliaromagna.it\/public\/er\/wp-content\/uploads\/2017\/04\/cropped-header.png\",\"width\":1000,\"height\":150,\"caption\":\"Uil Scuola Emilia Romagna\"},\"image\":{\"@id\":\"https:\/\/www.uilscuolaemiliaromagna.it\/public\/er\/#\/schema\/logo\/image\/\"}},{\"@type\":\"Person\",\"@id\":\"https:\/\/www.uilscuolaemiliaromagna.it\/public\/er\/#\/schema\/person\/f42878fd07a4b6ba2b7153d4fad5de5e\",\"name\":\"admin\",\"image\":{\"@type\":\"ImageObject\",\"inLanguage\":\"it-IT\",\"@id\":\"https:\/\/www.uilscuolaemiliaromagna.it\/public\/er\/#\/schema\/person\/image\/\",\"url\":\"https:\/\/secure.gravatar.com\/avatar\/aebf815ae2f30ffdae8b8c247273d34c?s=96&d=mm&r=g\",\"contentUrl\":\"https:\/\/secure.gravatar.com\/avatar\/aebf815ae2f30ffdae8b8c247273d34c?s=96&d=mm&r=g\",\"caption\":\"admin\"},\"url\":\"https:\/\/www.uilscuolaemiliaromagna.it\/public\/er\/author\/admin\/\"}]}<\/script>\r\n<!-- \/ Yoast SEO plugin. -->","yoast_head_json":{"title":"PRECARI | Concorso Straordinario Bis, Pizzo: necessario trovare soluzioni per i precari storici con pi\u00f9 di tre anni di servizio - Uil Scuola Emilia Romagna","robots":{"index":"index","follow":"follow","max-snippet":"max-snippet:-1","max-image-preview":"max-image-preview:large","max-video-preview":"max-video-preview:-1"},"canonical":"https:\/\/www.uilscuolaemiliaromagna.it\/public\/er\/2023\/10\/02\/precari-concorso-straordinario-bis-pizzo-necessario-trovare-soluzioni-per-i-precari-storici-con-piu-di-tre-anni-di-servizio\/","og_locale":"it_IT","og_type":"article","og_title":"PRECARI | Concorso Straordinario Bis, Pizzo: necessario trovare soluzioni per i precari storici con pi\u00f9 di tre anni di servizio - Uil Scuola Emilia Romagna","og_description":"Accesso diretto ai percorsi abilitanti e graduatorie di merito porterebbero alla soluzione. A distanza di mesi dalla conclusione delle procedure del \u201cconcorso bis\u201d nessuna azione &hellip;","og_url":"https:\/\/www.uilscuolaemiliaromagna.it\/public\/er\/2023\/10\/02\/precari-concorso-straordinario-bis-pizzo-necessario-trovare-soluzioni-per-i-precari-storici-con-piu-di-tre-anni-di-servizio\/","og_site_name":"Uil Scuola Emilia Romagna","article_published_time":"2023-10-02T21:26:56+00:00","article_modified_time":"2023-10-03T07:28:56+00:00","og_image":[{"width":150,"height":150,"url":"https:\/\/www.uilscuolaemiliaromagna.it\/public\/er\/wp-content\/uploads\/2023\/10\/paolo-pizzo-uil-scuola-rua-150x150-1.jpg","type":"image\/jpeg"}],"author":"admin","twitter_card":"summary_large_image","twitter_misc":{"Scritto da":"admin","Tempo di lettura stimato":"2 minuti"},"schema":{"@context":"https:\/\/schema.org","@graph":[{"@type":"Article","@id":"https:\/\/www.uilscuolaemiliaromagna.it\/public\/er\/2023\/10\/02\/precari-concorso-straordinario-bis-pizzo-necessario-trovare-soluzioni-per-i-precari-storici-con-piu-di-tre-anni-di-servizio\/#article","isPartOf":{"@id":"https:\/\/www.uilscuolaemiliaromagna.it\/public\/er\/2023\/10\/02\/precari-concorso-straordinario-bis-pizzo-necessario-trovare-soluzioni-per-i-precari-storici-con-piu-di-tre-anni-di-servizio\/"},"author":{"name":"admin","@id":"https:\/\/www.uilscuolaemiliaromagna.it\/public\/er\/#\/schema\/person\/f42878fd07a4b6ba2b7153d4fad5de5e"},"headline":"PRECARI | Concorso Straordinario Bis, Pizzo: necessario trovare soluzioni per i precari storici con pi\u00f9 di tre anni di servizio","datePublished":"2023-10-02T21:26:56+00:00","dateModified":"2023-10-03T07:28:56+00:00","mainEntityOfPage":{"@id":"https:\/\/www.uilscuolaemiliaromagna.it\/public\/er\/2023\/10\/02\/precari-concorso-straordinario-bis-pizzo-necessario-trovare-soluzioni-per-i-precari-storici-con-piu-di-tre-anni-di-servizio\/"},"wordCount":345,"publisher":{"@id":"https:\/\/www.uilscuolaemiliaromagna.it\/public\/er\/#organization"},"articleSection":["Notizie","Personale Docente"],"inLanguage":"it-IT"},{"@type":"WebPage","@id":"https:\/\/www.uilscuolaemiliaromagna.it\/public\/er\/2023\/10\/02\/precari-concorso-straordinario-bis-pizzo-necessario-trovare-soluzioni-per-i-precari-storici-con-piu-di-tre-anni-di-servizio\/","url":"https:\/\/www.uilscuolaemiliaromagna.it\/public\/er\/2023\/10\/02\/precari-concorso-straordinario-bis-pizzo-necessario-trovare-soluzioni-per-i-precari-storici-con-piu-di-tre-anni-di-servizio\/","name":"PRECARI | Concorso Straordinario Bis, Pizzo: necessario trovare soluzioni per i precari storici con pi\u00f9 di tre anni di servizio - Uil Scuola Emilia Romagna","isPartOf":{"@id":"https:\/\/www.uilscuolaemiliaromagna.it\/public\/er\/#website"},"datePublished":"2023-10-02T21:26:56+00:00","dateModified":"2023-10-03T07:28:56+00:00","breadcrumb":{"@id":"https:\/\/www.uilscuolaemiliaromagna.it\/public\/er\/2023\/10\/02\/precari-concorso-straordinario-bis-pizzo-necessario-trovare-soluzioni-per-i-precari-storici-con-piu-di-tre-anni-di-servizio\/#breadcrumb"},"inLanguage":"it-IT","potentialAction":[{"@type":"ReadAction","target":["https:\/\/www.uilscuolaemiliaromagna.it\/public\/er\/2023\/10\/02\/precari-concorso-straordinario-bis-pizzo-necessario-trovare-soluzioni-per-i-precari-storici-con-piu-di-tre-anni-di-servizio\/"]}]},{"@type":"BreadcrumbList","@id":"https:\/\/www.uilscuolaemiliaromagna.it\/public\/er\/2023\/10\/02\/precari-concorso-straordinario-bis-pizzo-necessario-trovare-soluzioni-per-i-precari-storici-con-piu-di-tre-anni-di-servizio\/#breadcrumb","itemListElement":[{"@type":"ListItem","position":1,"name":"Home","item":"https:\/\/www.uilscuolaemiliaromagna.it\/public\/er\/"},{"@type":"ListItem","position":2,"name":"PRECARI | Concorso Straordinario Bis, Pizzo: necessario trovare soluzioni per i precari storici con pi\u00f9 di tre anni di servizio"}]},{"@type":"WebSite","@id":"https:\/\/www.uilscuolaemiliaromagna.it\/public\/er\/#website","url":"https:\/\/www.uilscuolaemiliaromagna.it\/public\/er\/","name":"Uil Scuola Emilia Romagna","description":"La voce libera della scuola","publisher":{"@id":"https:\/\/www.uilscuolaemiliaromagna.it\/public\/er\/#organization"},"potentialAction":[{"@type":"SearchAction","target":{"@type":"EntryPoint","urlTemplate":"https:\/\/www.uilscuolaemiliaromagna.it\/public\/er\/?s={search_term_string}"},"query-input":"required name=search_term_string"}],"inLanguage":"it-IT"},{"@type":"Organization","@id":"https:\/\/www.uilscuolaemiliaromagna.it\/public\/er\/#organization","name":"Uil Scuola Emilia Romagna","url":"https:\/\/www.uilscuolaemiliaromagna.it\/public\/er\/","logo":{"@type":"ImageObject","inLanguage":"it-IT","@id":"https:\/\/www.uilscuolaemiliaromagna.it\/public\/er\/#\/schema\/logo\/image\/","url":"https:\/\/www.uilscuolaemiliaromagna.it\/public\/er\/wp-content\/uploads\/2017\/04\/cropped-header.png","contentUrl":"https:\/\/www.uilscuolaemiliaromagna.it\/public\/er\/wp-content\/uploads\/2017\/04\/cropped-header.png","width":1000,"height":150,"caption":"Uil Scuola Emilia Romagna"},"image":{"@id":"https:\/\/www.uilscuolaemiliaromagna.it\/public\/er\/#\/schema\/logo\/image\/"}},{"@type":"Person","@id":"https:\/\/www.uilscuolaemiliaromagna.it\/public\/er\/#\/schema\/person\/f42878fd07a4b6ba2b7153d4fad5de5e","name":"admin","image":{"@type":"ImageObject","inLanguage":"it-IT","@id":"https:\/\/www.uilscuolaemiliaromagna.it\/public\/er\/#\/schema\/person\/image\/","url":"https:\/\/secure.gravatar.com\/avatar\/aebf815ae2f30ffdae8b8c247273d34c?s=96&d=mm&r=g","contentUrl":"https:\/\/secure.gravatar.com\/avatar\/aebf815ae2f30ffdae8b8c247273d34c?s=96&d=mm&r=g","caption":"admin"},"url":"https:\/\/www.uilscuolaemiliaromagna.it\/public\/er\/author\/admin\/"}]}},"views":572,"_links":{"self":[{"href":"https:\/\/www.uilscuolaemiliaromagna.it\/public\/er\/wp-json\/wp\/v2\/posts\/11951"}],"collection":[{"href":"https:\/\/www.uilscuolaemiliaromagna.it\/public\/er\/wp-json\/wp\/v2\/posts"}],"about":[{"href":"https:\/\/www.uilscuolaemiliaromagna.it\/public\/er\/wp-json\/wp\/v2\/types\/post"}],"author":[{"embeddable":true,"href":"https:\/\/www.uilscuolaemiliaromagna.it\/public\/er\/wp-json\/wp\/v2\/users\/1"}],"replies":[{"embeddable":true,"href":"https:\/\/www.uilscuolaemiliaromagna.it\/public\/er\/wp-json\/wp\/v2\/comments?post=11951"}],"version-history":[{"count":1,"href":"https:\/\/www.uilscuolaemiliaromagna.it\/public\/er\/wp-json\/wp\/v2\/posts\/11951\/revisions"}],"predecessor-version":[{"id":11953,"href":"https:\/\/www.uilscuolaemiliaromagna.it\/public\/er\/wp-json\/wp\/v2\/posts\/11951\/revisions\/11953"}],"wp:featuredmedia":[{"embeddable":true,"href":"https:\/\/www.uilscuolaemiliaromagna.it\/public\/er\/wp-json\/wp\/v2\/media\/11952"}],"wp:attachment":[{"href":"https:\/\/www.uilscuolaemiliaromagna.it\/public\/er\/wp-json\/wp\/v2\/media?parent=11951"}],"wp:term":[{"taxonomy":"category","embeddable":true,"href":"https:\/\/www.uilscuolaemiliaromagna.it\/public\/er\/wp-json\/wp\/v2\/categories?post=11951"},{"taxonomy":"post_tag","embeddable":true,"href":"https:\/\/www.uilscuolaemiliaromagna.it\/public\/er\/wp-json\/wp\/v2\/tags?post=11951"}],"curies":[{"name":"wp","href":"https:\/\/api.w.org\/{rel}","templated":true}]}}