{"id":11976,"date":"2023-10-05T11:11:51","date_gmt":"2023-10-05T09:11:51","guid":{"rendered":"http:\/\/www.uilscuolaemiliaromagna.it\/public\/er\/?p=11976"},"modified":"2023-10-05T11:11:51","modified_gmt":"2023-10-05T09:11:51","slug":"giornata-mondiale-degli-insegnanti-celebrare-non-basta-serve-riconoscimento-economico-e-sociale","status":"publish","type":"post","link":"https:\/\/www.uilscuolaemiliaromagna.it\/public\/er\/2023\/10\/05\/giornata-mondiale-degli-insegnanti-celebrare-non-basta-serve-riconoscimento-economico-e-sociale\/","title":{"rendered":"Giornata Mondiale degli Insegnanti, celebrare non basta serve riconoscimento economico e sociale"},"content":{"rendered":"<p style=\"text-align: justify;\"><strong><em>L\u2019appello del Segretario generale Uil Scuola Rua D\u2019Aprile ai genitori: \u201cNon entrate in competizione con i docenti, rispettateli, altrimenti gli insegnanti non riusciranno ad assolvere al proprio compito\u201d.<\/em><\/strong><\/p>\n<p style=\"text-align: justify;\">La giornata mondiale degli insegnanti ci ricorda quanto la professione docente sia la pi\u00f9 bella e la pi\u00f9 importante del mondo.<br \/>\nL\u2019insegnante prepara gli studenti alla scoperta del mondo, sviluppando in loro il pensiero libero e nello stesso tempo critico. Il tutto in un ambiente ricco di emozioni e anche disagi, vissuti dagli alunni nei contesti sociali e familiari.<br \/>\nEbbene, se cos\u00ec \u00e8, al riconoscimento sociale \u00e8 necessario affiancare anche quello economico. Cosi, il Segretario generale Uil Scuola Rua D\u2019Aprile in occasione della Giornata Mondiale degli Insegnanti.<\/p>\n<p><img loading=\"lazy\" decoding=\"async\" class=\"size-medium wp-image-32279 aligncenter\" src=\"https:\/\/uilscuola.it\/wp-content\/uploads\/2023\/10\/GIORNATA-MONDIALE-DEGLI-INSEGNANTI-1-300x251.png\" sizes=\"(max-width: 300px) 100vw, 300px\" srcset=\"https:\/\/uilscuola.it\/wp-content\/uploads\/2023\/10\/GIORNATA-MONDIALE-DEGLI-INSEGNANTI-1-300x251.png 300w, https:\/\/uilscuola.it\/wp-content\/uploads\/2023\/10\/GIORNATA-MONDIALE-DEGLI-INSEGNANTI-1-768x644.png 768w, https:\/\/uilscuola.it\/wp-content\/uploads\/2023\/10\/GIORNATA-MONDIALE-DEGLI-INSEGNANTI-1.png 940w\" alt=\"\" width=\"300\" height=\"251\" \/><\/p>\n<p style=\"text-align: justify;\">Lo stipendio degli insegnanti italiani resta fra i pi\u00f9 bassi d\u2019Europa. Lo studio Education Price Index, colloca gli insegnanti del nostro Paese al 31esimo posto in Unione Europea.<\/p>\n<p style=\"text-align: justify;\">Valorizzazione economica e sociale vanno di pari passo \u2013 sottolinea \u2013 \u00c8 giunto il momento di riconoscere il valore inestimabile degli insegnanti e di fare tutto il possibile per ripristinare il loro giusto status nella societ\u00e0. Va recuperato il rispetto, lo diciamo da tempo, facendo molta attenzione a parlare di scuola con superficialit\u00e0, trattandola bene anche attraverso una maggiore considerazione del personale che vi lavora.<\/p>\n<p><img loading=\"lazy\" decoding=\"async\" class=\"size-medium wp-image-32302 aligncenter\" src=\"https:\/\/uilscuola.it\/wp-content\/uploads\/2023\/10\/UIL-SCUOLA-GIORNATA-MONDIALE-DEGLI-INSEGNANTI-300x251.png\" sizes=\"(max-width: 300px) 100vw, 300px\" srcset=\"https:\/\/uilscuola.it\/wp-content\/uploads\/2023\/10\/UIL-SCUOLA-GIORNATA-MONDIALE-DEGLI-INSEGNANTI-300x251.png 300w, https:\/\/uilscuola.it\/wp-content\/uploads\/2023\/10\/UIL-SCUOLA-GIORNATA-MONDIALE-DEGLI-INSEGNANTI-768x644.png 768w, https:\/\/uilscuola.it\/wp-content\/uploads\/2023\/10\/UIL-SCUOLA-GIORNATA-MONDIALE-DEGLI-INSEGNANTI.png 940w\" alt=\"\" width=\"300\" height=\"251\" \/><\/p>\n<p style=\"text-align: justify;\">\u00c8 un processo giornaliero che parte dalle parole \u2013 conclude D\u2019Aprile \u2013 serve l\u2019aiuto di tutti, anche e soprattutto dei genitori delle studentesse e degli studenti\u201d.<\/p>\n<hr \/>\n<p style=\"text-align: justify;\"><strong>5 OTTOBRE \u2013 GIORNATA MONDIALE DEGLI INSEGNANTI<br \/>\n<\/strong><em>Ruolo chiave per la crescita e la coesione. I temi delle celebrazioni internazionali.<br \/>\nLa proposta italiana: sfilare gli investimenti per l\u2019Istruzione dal patto di Stabilit\u00e0.<\/em><\/p>\n<p style=\"text-align: justify;\"><em>\u00a0<\/em><em>\u201cEssere un insegnante offre l\u2019opportunit\u00e0 unica di avere un impatto trasformativo e duraturo sulla vita degli altri, contribuendo a plasmare un futuro sostenibile e offrendo una realizzazione personale\u201d,<br \/>\nD<\/em>ichiarazione UNESCO per celebrare tutti i docenti del mondo<\/p>\n<p style=\"text-align: justify;\">I docenti sono un pilastro essenziale dello sviluppo sociale ed economico di ogni Paese.<br \/>\n\u00c8 sull\u2019istruzione che \u00e8 stato costruito il benessere dei Paesi europei.<br \/>\n\u00c8 sul lavoro quotidiano dei docenti che le libert\u00e0 del Vecchio Continente sono state rafforzate e lo sviluppo economico indirizzato. L\u2019istruzione \u00e8 un diritto universale che va che va sostenuto e rafforzato in tutti i modi.<\/p>\n<p style=\"text-align: justify;\"><strong>Qualit\u00e0 dell\u2019istruzione ed austerity non possono andare d\u2019accordo<\/strong>. Il patrimonio di conoscenze e competenze dei nostri insegnanti va difeso anche con gli investimenti necessari ed il rispetto della professionalit\u00e0 e della libert\u00e0 di insegnamento. La Federazione Uil Scuola Rua assieme a tutti i sindacati aderenti al Comitato Sindacale Europeo per l\u2019Educazione chiede alle istituzioni europee il coraggio di agire a sostegno della professione docente. La proposta \u00e8 concreta: sfilare le spese per l\u2019Istruzione dal Patto di Stabilit\u00e0.<\/p>\n<p style=\"text-align: justify;\"><img loading=\"lazy\" decoding=\"async\" class=\"size-medium wp-image-32283 aligncenter\" src=\"https:\/\/uilscuola.it\/wp-content\/uploads\/2023\/10\/GIORNATA-MONDIALE-INSEGNANTI-300x273.jpg\" sizes=\"(max-width: 300px) 100vw, 300px\" srcset=\"https:\/\/uilscuola.it\/wp-content\/uploads\/2023\/10\/GIORNATA-MONDIALE-INSEGNANTI-300x273.jpg 300w, https:\/\/uilscuola.it\/wp-content\/uploads\/2023\/10\/GIORNATA-MONDIALE-INSEGNANTI.jpg 515w\" alt=\"\" width=\"300\" height=\"273\" \/><\/p>\n<p style=\"text-align: justify;\"><strong>La scuola gioca un ruolo fondamentale nella costruzione delle societ\u00e0<\/strong>, non deve essere un mero luogo di addestramento come alcune aziende vorrebbero. Il pensiero critico non si sviluppa con i parametri della produttivit\u00e0, al contrario, si diventa produttivi solo se si \u00e8 capaci di pensiero divergente.<br \/>\n\u00c8 necessario invertire il processo di assimilazione della scuola ad un\u2019unit\u00e0 produttiva qualsiasi, valorizzando, invece, quelle esperienze e quelle metodologie che promuovono l\u2019inclusione e mirano allo sviluppo di tutti i talenti.<\/p>\n<p style=\"text-align: justify;\"><strong>Il futuro della nostra societ\u00e0 si gioca, appunto, sulla minimizzazione del conflitto<\/strong>\u00a0che pu\u00f2 realizzarsi solo se a tutti viene data l\u2019opportunit\u00e0 di vivere e lavorare dignitosamente. La scuola pu\u00f2 fare la sua parte solo se chi ci lavora viene rispettato e supportato. La crescente mancanza di insegnanti nei principali Stati europei (in Germania i sindacati stimano una carenza di quasi 160.000 docenti nei prossimi anni) \u00e8 il segnale del malessere che colpisce chi vorrebbe scegliere questa professione, ma rinuncia per le condizioni di lavoro.<\/p>\n<p style=\"text-align: justify;\"><strong>\u00c8 ora di restituire alla scuola le risorse e la considerazione che merita<\/strong>\u00a0un\u2019istituzione cos\u00ec importante per tutti gli abitanti dell\u2019Unione Europea, Italia per prima.<\/p>\n<p style=\"text-align: justify;\"><strong>Il Comitato Sindacale europeo per l\u2019Educazione (CSEE) e l\u2019Internazionale dell\u2019Educazione (IE)<\/strong>\u00a0in questo quadro di proposte promuovono rispettivamente a livello europeo e mondiale non solo la celebrazione della giornata mondiale degli insegnanti, ma due campagne, quella per\u00a0<u>promuovere l\u2019attrattivit\u00e0 della professione docente<\/u>\u00a0e quella\u00a0<u>a favore del finanziamento di sistemi d\u2019istruzione di qualit\u00e0 pubblici e gratuiti in tutto il mondo.<\/u><\/p>\n<p style=\"text-align: justify;\"><a href=\"https:\/\/www.ei-ie.org\/en\/item\/27950:world-teachers-day-2023-the-teachers-we-need-for-the-education-we-want\" target=\"_blank\" rel=\"noopener noreferrer\">https:\/\/www.ei-ie.org\/en\/item\/27950:world-teachers-day-2023-the-teachers-we-need-for-the-education-we-want<\/a><\/p>\n<p style=\"text-align: justify;\"><a href=\"https:\/\/www.ei-ie.org\/en\/dossier\/1537:go-public-fund-education\" target=\"_blank\" rel=\"noopener noreferrer\">https:\/\/www.ei-ie.org\/en\/dossier\/1537:go-public-fund-education<\/a><\/p>\n<p style=\"text-align: justify;\"><a href=\"https:\/\/www.csee-etuce.org\/en\/campaigns\/make-teaching-attractive\/european-week-of-teachers\" target=\"_blank\" rel=\"noopener noreferrer\">https:\/\/www.csee-etuce.org\/en\/campaigns\/make-teaching-attractive\/european-week-of-teachers<\/a><\/p>\n<p>&nbsp;<\/p>\n<h6>fonte:\u00a0<a href=\"https:\/\/uilscuola.it\/giornata-mondiale-degli-insegnanti-celebrare-non-basta-serve-riconoscimento-economico-e-sociale\/\" target=\"_blank\" rel=\"noopener noreferrer\">FEDERAZIONE UIL Scuola RUA<\/a><\/h6>\n\n<div class=\"twitter-share\"><a href=\"https:\/\/twitter.com\/intent\/tweet?via=UILScuolaBO_ER\" class=\"twitter-share-button\" data-size=\"large\">Tweet<\/a><\/div>\n","protected":false},"excerpt":{"rendered":"<p>L\u2019appello del Segretario generale Uil Scuola Rua D\u2019Aprile ai genitori: \u201cNon entrate in competizione con i docenti, rispettateli, altrimenti gli insegnanti non riusciranno ad assolvere &hellip; <\/p>\n","protected":false},"author":1,"featured_media":11977,"comment_status":"closed","ping_status":"open","sticky":false,"template":"","format":"standard","meta":{"footnotes":""},"categories":[12],"tags":[],"yoast_head":"<!-- This site is optimized with the Yoast SEO plugin v21.7 - https:\/\/yoast.com\/wordpress\/plugins\/seo\/ -->\r\n<title>Giornata Mondiale degli Insegnanti, celebrare non basta serve riconoscimento economico e sociale - Uil Scuola Emilia Romagna<\/title>\r\n<meta name=\"robots\" content=\"index, follow, max-snippet:-1, max-image-preview:large, max-video-preview:-1\" \/>\r\n<link rel=\"canonical\" href=\"https:\/\/www.uilscuolaemiliaromagna.it\/public\/er\/2023\/10\/05\/giornata-mondiale-degli-insegnanti-celebrare-non-basta-serve-riconoscimento-economico-e-sociale\/\" \/>\r\n<meta property=\"og:locale\" content=\"it_IT\" \/>\r\n<meta property=\"og:type\" content=\"article\" \/>\r\n<meta property=\"og:title\" content=\"Giornata Mondiale degli Insegnanti, celebrare non basta serve riconoscimento economico e sociale - Uil Scuola Emilia Romagna\" \/>\r\n<meta property=\"og:description\" content=\"L\u2019appello del Segretario generale Uil Scuola Rua D\u2019Aprile ai genitori: \u201cNon entrate in competizione con i docenti, rispettateli, altrimenti gli insegnanti non riusciranno ad assolvere &hellip;\" \/>\r\n<meta property=\"og:url\" content=\"https:\/\/www.uilscuolaemiliaromagna.it\/public\/er\/2023\/10\/05\/giornata-mondiale-degli-insegnanti-celebrare-non-basta-serve-riconoscimento-economico-e-sociale\/\" \/>\r\n<meta property=\"og:site_name\" content=\"Uil Scuola Emilia Romagna\" \/>\r\n<meta property=\"article:published_time\" content=\"2023-10-05T09:11:51+00:00\" \/>\r\n<meta property=\"og:image\" content=\"https:\/\/www.uilscuolaemiliaromagna.it\/public\/er\/wp-content\/uploads\/2023\/10\/GIORNATA-MONDIALE-INSEGNANTI-300x273-1.jpg\" \/>\r\n\t<meta property=\"og:image:width\" content=\"300\" \/>\r\n\t<meta property=\"og:image:height\" content=\"273\" \/>\r\n\t<meta property=\"og:image:type\" content=\"image\/jpeg\" \/>\r\n<meta name=\"author\" content=\"admin\" \/>\r\n<meta name=\"twitter:card\" content=\"summary_large_image\" \/>\r\n<meta name=\"twitter:label1\" content=\"Scritto da\" \/>\n\t<meta name=\"twitter:data1\" content=\"admin\" \/>\n\t<meta name=\"twitter:label2\" content=\"Tempo di lettura stimato\" \/>\n\t<meta name=\"twitter:data2\" content=\"4 minuti\" \/>\r\n<script type=\"application\/ld+json\" class=\"yoast-schema-graph\">{\"@context\":\"https:\/\/schema.org\",\"@graph\":[{\"@type\":\"Article\",\"@id\":\"https:\/\/www.uilscuolaemiliaromagna.it\/public\/er\/2023\/10\/05\/giornata-mondiale-degli-insegnanti-celebrare-non-basta-serve-riconoscimento-economico-e-sociale\/#article\",\"isPartOf\":{\"@id\":\"https:\/\/www.uilscuolaemiliaromagna.it\/public\/er\/2023\/10\/05\/giornata-mondiale-degli-insegnanti-celebrare-non-basta-serve-riconoscimento-economico-e-sociale\/\"},\"author\":{\"name\":\"admin\",\"@id\":\"https:\/\/www.uilscuolaemiliaromagna.it\/public\/er\/#\/schema\/person\/f42878fd07a4b6ba2b7153d4fad5de5e\"},\"headline\":\"Giornata Mondiale degli Insegnanti, celebrare non basta serve riconoscimento economico e sociale\",\"datePublished\":\"2023-10-05T09:11:51+00:00\",\"dateModified\":\"2023-10-05T09:11:51+00:00\",\"mainEntityOfPage\":{\"@id\":\"https:\/\/www.uilscuolaemiliaromagna.it\/public\/er\/2023\/10\/05\/giornata-mondiale-degli-insegnanti-celebrare-non-basta-serve-riconoscimento-economico-e-sociale\/\"},\"wordCount\":734,\"publisher\":{\"@id\":\"https:\/\/www.uilscuolaemiliaromagna.it\/public\/er\/#organization\"},\"articleSection\":[\"Notizie\"],\"inLanguage\":\"it-IT\"},{\"@type\":\"WebPage\",\"@id\":\"https:\/\/www.uilscuolaemiliaromagna.it\/public\/er\/2023\/10\/05\/giornata-mondiale-degli-insegnanti-celebrare-non-basta-serve-riconoscimento-economico-e-sociale\/\",\"url\":\"https:\/\/www.uilscuolaemiliaromagna.it\/public\/er\/2023\/10\/05\/giornata-mondiale-degli-insegnanti-celebrare-non-basta-serve-riconoscimento-economico-e-sociale\/\",\"name\":\"Giornata Mondiale degli Insegnanti, celebrare non basta serve riconoscimento economico e sociale - Uil Scuola Emilia Romagna\",\"isPartOf\":{\"@id\":\"https:\/\/www.uilscuolaemiliaromagna.it\/public\/er\/#website\"},\"datePublished\":\"2023-10-05T09:11:51+00:00\",\"dateModified\":\"2023-10-05T09:11:51+00:00\",\"breadcrumb\":{\"@id\":\"https:\/\/www.uilscuolaemiliaromagna.it\/public\/er\/2023\/10\/05\/giornata-mondiale-degli-insegnanti-celebrare-non-basta-serve-riconoscimento-economico-e-sociale\/#breadcrumb\"},\"inLanguage\":\"it-IT\",\"potentialAction\":[{\"@type\":\"ReadAction\",\"target\":[\"https:\/\/www.uilscuolaemiliaromagna.it\/public\/er\/2023\/10\/05\/giornata-mondiale-degli-insegnanti-celebrare-non-basta-serve-riconoscimento-economico-e-sociale\/\"]}]},{\"@type\":\"BreadcrumbList\",\"@id\":\"https:\/\/www.uilscuolaemiliaromagna.it\/public\/er\/2023\/10\/05\/giornata-mondiale-degli-insegnanti-celebrare-non-basta-serve-riconoscimento-economico-e-sociale\/#breadcrumb\",\"itemListElement\":[{\"@type\":\"ListItem\",\"position\":1,\"name\":\"Home\",\"item\":\"https:\/\/www.uilscuolaemiliaromagna.it\/public\/er\/\"},{\"@type\":\"ListItem\",\"position\":2,\"name\":\"Giornata Mondiale degli Insegnanti, celebrare non basta serve riconoscimento economico e sociale\"}]},{\"@type\":\"WebSite\",\"@id\":\"https:\/\/www.uilscuolaemiliaromagna.it\/public\/er\/#website\",\"url\":\"https:\/\/www.uilscuolaemiliaromagna.it\/public\/er\/\",\"name\":\"Uil Scuola Emilia Romagna\",\"description\":\"La voce libera della scuola\",\"publisher\":{\"@id\":\"https:\/\/www.uilscuolaemiliaromagna.it\/public\/er\/#organization\"},\"potentialAction\":[{\"@type\":\"SearchAction\",\"target\":{\"@type\":\"EntryPoint\",\"urlTemplate\":\"https:\/\/www.uilscuolaemiliaromagna.it\/public\/er\/?s={search_term_string}\"},\"query-input\":\"required name=search_term_string\"}],\"inLanguage\":\"it-IT\"},{\"@type\":\"Organization\",\"@id\":\"https:\/\/www.uilscuolaemiliaromagna.it\/public\/er\/#organization\",\"name\":\"Uil Scuola Emilia Romagna\",\"url\":\"https:\/\/www.uilscuolaemiliaromagna.it\/public\/er\/\",\"logo\":{\"@type\":\"ImageObject\",\"inLanguage\":\"it-IT\",\"@id\":\"https:\/\/www.uilscuolaemiliaromagna.it\/public\/er\/#\/schema\/logo\/image\/\",\"url\":\"https:\/\/www.uilscuolaemiliaromagna.it\/public\/er\/wp-content\/uploads\/2017\/04\/cropped-header.png\",\"contentUrl\":\"https:\/\/www.uilscuolaemiliaromagna.it\/public\/er\/wp-content\/uploads\/2017\/04\/cropped-header.png\",\"width\":1000,\"height\":150,\"caption\":\"Uil Scuola Emilia Romagna\"},\"image\":{\"@id\":\"https:\/\/www.uilscuolaemiliaromagna.it\/public\/er\/#\/schema\/logo\/image\/\"}},{\"@type\":\"Person\",\"@id\":\"https:\/\/www.uilscuolaemiliaromagna.it\/public\/er\/#\/schema\/person\/f42878fd07a4b6ba2b7153d4fad5de5e\",\"name\":\"admin\",\"image\":{\"@type\":\"ImageObject\",\"inLanguage\":\"it-IT\",\"@id\":\"https:\/\/www.uilscuolaemiliaromagna.it\/public\/er\/#\/schema\/person\/image\/\",\"url\":\"https:\/\/secure.gravatar.com\/avatar\/aebf815ae2f30ffdae8b8c247273d34c?s=96&d=mm&r=g\",\"contentUrl\":\"https:\/\/secure.gravatar.com\/avatar\/aebf815ae2f30ffdae8b8c247273d34c?s=96&d=mm&r=g\",\"caption\":\"admin\"},\"url\":\"https:\/\/www.uilscuolaemiliaromagna.it\/public\/er\/author\/admin\/\"}]}<\/script>\r\n<!-- \/ Yoast SEO plugin. -->","yoast_head_json":{"title":"Giornata Mondiale degli Insegnanti, celebrare non basta serve riconoscimento economico e sociale - Uil Scuola Emilia Romagna","robots":{"index":"index","follow":"follow","max-snippet":"max-snippet:-1","max-image-preview":"max-image-preview:large","max-video-preview":"max-video-preview:-1"},"canonical":"https:\/\/www.uilscuolaemiliaromagna.it\/public\/er\/2023\/10\/05\/giornata-mondiale-degli-insegnanti-celebrare-non-basta-serve-riconoscimento-economico-e-sociale\/","og_locale":"it_IT","og_type":"article","og_title":"Giornata Mondiale degli Insegnanti, celebrare non basta serve riconoscimento economico e sociale - Uil Scuola Emilia Romagna","og_description":"L\u2019appello del Segretario generale Uil Scuola Rua D\u2019Aprile ai genitori: \u201cNon entrate in competizione con i docenti, rispettateli, altrimenti gli insegnanti non riusciranno ad assolvere &hellip;","og_url":"https:\/\/www.uilscuolaemiliaromagna.it\/public\/er\/2023\/10\/05\/giornata-mondiale-degli-insegnanti-celebrare-non-basta-serve-riconoscimento-economico-e-sociale\/","og_site_name":"Uil Scuola Emilia Romagna","article_published_time":"2023-10-05T09:11:51+00:00","og_image":[{"width":300,"height":273,"url":"https:\/\/www.uilscuolaemiliaromagna.it\/public\/er\/wp-content\/uploads\/2023\/10\/GIORNATA-MONDIALE-INSEGNANTI-300x273-1.jpg","type":"image\/jpeg"}],"author":"admin","twitter_card":"summary_large_image","twitter_misc":{"Scritto da":"admin","Tempo di lettura stimato":"4 minuti"},"schema":{"@context":"https:\/\/schema.org","@graph":[{"@type":"Article","@id":"https:\/\/www.uilscuolaemiliaromagna.it\/public\/er\/2023\/10\/05\/giornata-mondiale-degli-insegnanti-celebrare-non-basta-serve-riconoscimento-economico-e-sociale\/#article","isPartOf":{"@id":"https:\/\/www.uilscuolaemiliaromagna.it\/public\/er\/2023\/10\/05\/giornata-mondiale-degli-insegnanti-celebrare-non-basta-serve-riconoscimento-economico-e-sociale\/"},"author":{"name":"admin","@id":"https:\/\/www.uilscuolaemiliaromagna.it\/public\/er\/#\/schema\/person\/f42878fd07a4b6ba2b7153d4fad5de5e"},"headline":"Giornata Mondiale degli Insegnanti, celebrare non basta serve riconoscimento economico e sociale","datePublished":"2023-10-05T09:11:51+00:00","dateModified":"2023-10-05T09:11:51+00:00","mainEntityOfPage":{"@id":"https:\/\/www.uilscuolaemiliaromagna.it\/public\/er\/2023\/10\/05\/giornata-mondiale-degli-insegnanti-celebrare-non-basta-serve-riconoscimento-economico-e-sociale\/"},"wordCount":734,"publisher":{"@id":"https:\/\/www.uilscuolaemiliaromagna.it\/public\/er\/#organization"},"articleSection":["Notizie"],"inLanguage":"it-IT"},{"@type":"WebPage","@id":"https:\/\/www.uilscuolaemiliaromagna.it\/public\/er\/2023\/10\/05\/giornata-mondiale-degli-insegnanti-celebrare-non-basta-serve-riconoscimento-economico-e-sociale\/","url":"https:\/\/www.uilscuolaemiliaromagna.it\/public\/er\/2023\/10\/05\/giornata-mondiale-degli-insegnanti-celebrare-non-basta-serve-riconoscimento-economico-e-sociale\/","name":"Giornata Mondiale degli Insegnanti, celebrare non basta serve riconoscimento economico e sociale - Uil Scuola Emilia Romagna","isPartOf":{"@id":"https:\/\/www.uilscuolaemiliaromagna.it\/public\/er\/#website"},"datePublished":"2023-10-05T09:11:51+00:00","dateModified":"2023-10-05T09:11:51+00:00","breadcrumb":{"@id":"https:\/\/www.uilscuolaemiliaromagna.it\/public\/er\/2023\/10\/05\/giornata-mondiale-degli-insegnanti-celebrare-non-basta-serve-riconoscimento-economico-e-sociale\/#breadcrumb"},"inLanguage":"it-IT","potentialAction":[{"@type":"ReadAction","target":["https:\/\/www.uilscuolaemiliaromagna.it\/public\/er\/2023\/10\/05\/giornata-mondiale-degli-insegnanti-celebrare-non-basta-serve-riconoscimento-economico-e-sociale\/"]}]},{"@type":"BreadcrumbList","@id":"https:\/\/www.uilscuolaemiliaromagna.it\/public\/er\/2023\/10\/05\/giornata-mondiale-degli-insegnanti-celebrare-non-basta-serve-riconoscimento-economico-e-sociale\/#breadcrumb","itemListElement":[{"@type":"ListItem","position":1,"name":"Home","item":"https:\/\/www.uilscuolaemiliaromagna.it\/public\/er\/"},{"@type":"ListItem","position":2,"name":"Giornata Mondiale degli Insegnanti, celebrare non basta serve riconoscimento economico e sociale"}]},{"@type":"WebSite","@id":"https:\/\/www.uilscuolaemiliaromagna.it\/public\/er\/#website","url":"https:\/\/www.uilscuolaemiliaromagna.it\/public\/er\/","name":"Uil Scuola Emilia Romagna","description":"La voce libera della scuola","publisher":{"@id":"https:\/\/www.uilscuolaemiliaromagna.it\/public\/er\/#organization"},"potentialAction":[{"@type":"SearchAction","target":{"@type":"EntryPoint","urlTemplate":"https:\/\/www.uilscuolaemiliaromagna.it\/public\/er\/?s={search_term_string}"},"query-input":"required name=search_term_string"}],"inLanguage":"it-IT"},{"@type":"Organization","@id":"https:\/\/www.uilscuolaemiliaromagna.it\/public\/er\/#organization","name":"Uil Scuola Emilia Romagna","url":"https:\/\/www.uilscuolaemiliaromagna.it\/public\/er\/","logo":{"@type":"ImageObject","inLanguage":"it-IT","@id":"https:\/\/www.uilscuolaemiliaromagna.it\/public\/er\/#\/schema\/logo\/image\/","url":"https:\/\/www.uilscuolaemiliaromagna.it\/public\/er\/wp-content\/uploads\/2017\/04\/cropped-header.png","contentUrl":"https:\/\/www.uilscuolaemiliaromagna.it\/public\/er\/wp-content\/uploads\/2017\/04\/cropped-header.png","width":1000,"height":150,"caption":"Uil Scuola Emilia Romagna"},"image":{"@id":"https:\/\/www.uilscuolaemiliaromagna.it\/public\/er\/#\/schema\/logo\/image\/"}},{"@type":"Person","@id":"https:\/\/www.uilscuolaemiliaromagna.it\/public\/er\/#\/schema\/person\/f42878fd07a4b6ba2b7153d4fad5de5e","name":"admin","image":{"@type":"ImageObject","inLanguage":"it-IT","@id":"https:\/\/www.uilscuolaemiliaromagna.it\/public\/er\/#\/schema\/person\/image\/","url":"https:\/\/secure.gravatar.com\/avatar\/aebf815ae2f30ffdae8b8c247273d34c?s=96&d=mm&r=g","contentUrl":"https:\/\/secure.gravatar.com\/avatar\/aebf815ae2f30ffdae8b8c247273d34c?s=96&d=mm&r=g","caption":"admin"},"url":"https:\/\/www.uilscuolaemiliaromagna.it\/public\/er\/author\/admin\/"}]}},"views":617,"_links":{"self":[{"href":"https:\/\/www.uilscuolaemiliaromagna.it\/public\/er\/wp-json\/wp\/v2\/posts\/11976"}],"collection":[{"href":"https:\/\/www.uilscuolaemiliaromagna.it\/public\/er\/wp-json\/wp\/v2\/posts"}],"about":[{"href":"https:\/\/www.uilscuolaemiliaromagna.it\/public\/er\/wp-json\/wp\/v2\/types\/post"}],"author":[{"embeddable":true,"href":"https:\/\/www.uilscuolaemiliaromagna.it\/public\/er\/wp-json\/wp\/v2\/users\/1"}],"replies":[{"embeddable":true,"href":"https:\/\/www.uilscuolaemiliaromagna.it\/public\/er\/wp-json\/wp\/v2\/comments?post=11976"}],"version-history":[{"count":1,"href":"https:\/\/www.uilscuolaemiliaromagna.it\/public\/er\/wp-json\/wp\/v2\/posts\/11976\/revisions"}],"predecessor-version":[{"id":11978,"href":"https:\/\/www.uilscuolaemiliaromagna.it\/public\/er\/wp-json\/wp\/v2\/posts\/11976\/revisions\/11978"}],"wp:featuredmedia":[{"embeddable":true,"href":"https:\/\/www.uilscuolaemiliaromagna.it\/public\/er\/wp-json\/wp\/v2\/media\/11977"}],"wp:attachment":[{"href":"https:\/\/www.uilscuolaemiliaromagna.it\/public\/er\/wp-json\/wp\/v2\/media?parent=11976"}],"wp:term":[{"taxonomy":"category","embeddable":true,"href":"https:\/\/www.uilscuolaemiliaromagna.it\/public\/er\/wp-json\/wp\/v2\/categories?post=11976"},{"taxonomy":"post_tag","embeddable":true,"href":"https:\/\/www.uilscuolaemiliaromagna.it\/public\/er\/wp-json\/wp\/v2\/tags?post=11976"}],"curies":[{"name":"wp","href":"https:\/\/api.w.org\/{rel}","templated":true}]}}