{"id":12108,"date":"2023-11-08T20:43:12","date_gmt":"2023-11-08T19:43:12","guid":{"rendered":"https:\/\/www.uilscuolaemiliaromagna.it\/public\/er\/?p=12108"},"modified":"2023-11-08T20:44:52","modified_gmt":"2023-11-08T19:44:52","slug":"incontri-al-mim-aggiornamento-gps-e-regolamento-delle-supplenze-report","status":"publish","type":"post","link":"https:\/\/www.uilscuolaemiliaromagna.it\/public\/er\/2023\/11\/08\/incontri-al-mim-aggiornamento-gps-e-regolamento-delle-supplenze-report\/","title":{"rendered":"INCONTRI AL MIM | Aggiornamento GPS e Regolamento delle supplenze (REPORT)"},"content":{"rendered":"<p style=\"text-align: justify;\"><strong>Per la UIL Scuola: L\u2019aggiornamento deve restare biennale. Prorogare l\u2019attuale ordinanza ministeriale, con le opportune modifiche, e intervenire sul nuovo Regolamento.<\/strong><\/p>\n<p style=\"text-align: justify;\"><strong>Necessaria inoltre l\u2019assunzione in ruolo dalle GPS di I fascia posto comune e sostegno.<\/strong><\/p>\n<p style=\"text-align: justify;\">Si \u00e8 svolto un incontro tra il Capo di Gabinetto, dott. Recinto, e le Organizzazioni sindacali avente come oggetto il prossimo aggiornamento delle GPS. L\u2019incontro \u00e8 stato richiesto dalle organizzazioni sindacali a seguito dell\u2019informativa fornita dal Ministero il 24 ottobre scorso e relativa alla bozza del nuovo Regolamento per le supplenze.<\/p>\n<p style=\"text-align: justify;\">Come noto, una prima bozza del Regolamento era stata presentata dal Ministero ad aprile dello scorso anno su cui il Consiglio di Stato si era espresso con i seguenti rilievi:<\/p>\n<ul style=\"text-align: justify;\">\n<li>Tabelle di valutazione dei titoli poco dettagliate;<\/li>\n<li>Procedura informatica delle supplenze che non dovrebbe essere parte integrante del Regolamento ma collocata in altro provvedimento;<\/li>\n<li>Effetti sanzionatori con riferimento alle rinunce o abbandono delle supplenze troppo rigide;<\/li>\n<li>La durata del rinnovo delle supplenze, la cui previsione dovrebbe ora essere triennale e non pi\u00f9 biennale, deve essere inserita in un provvedimento amministrativo estraneo al Regolamento;<\/li>\n<li>Valutare le conseguenze di una cancellazione della seconda fascia GPS della scuola primaria e dell\u2019infanzia ovvero i laureandi del quarto e quinto anno di Scienze della Formazione Primaria che comunque non sono stati compresi nella Ordinanza Ministeriale 112\/2022 attualmente in vigore.<\/li>\n<li>Per il sostegno, valutare l\u2019impatto che avrebbe la previsione che le tre annualit\u00e0 di insegnamento su sostegno per accedere alla 2 fascia devono essere possedute entro l\u2019anno scolastico precedente a quello di presentazione della istanza;<\/li>\n<li>La necessit\u00e0 di chiarire cosa si intenda per dichiarazioni \u201cnon corrispondenti a verit\u00e0\u201d, al fine anche di procedere ad eventuale \u201crettifica\u201d o invece ad \u201desclusione\u201d della graduatoria e che il suddetto controllo deve avvenire prima della costituzione della graduatoria e non a posteriori;<\/li>\n<li>Trasparenza delle sedi: al momento della domanda, se l\u2019aspirante sia o meno in condizione di conoscere le sedi per le quali vi saranno disponibilit\u00e0. Cosa che oggi, con l\u2019ordinanza in vigore, non avviene.<\/li>\n<\/ul>\n<p style=\"text-align: justify;\">Tutti i punti di criticit\u00e0 espressi dal Consiglio di Stato sul nuovo Regolamento li abbiamo anticipati come Federazione Uil Scuola Rua nel corso degli incontri avuti al Ministero proprio sullo stesso Regolamento e successivamente sull\u2019Ordinanza Ministeriale n.112\/2022 attualmente in vigore.<\/p>\n<p style=\"text-align: justify;\">Tali criticit\u00e0 sono state da noi nuovamente evidenziate nell\u2019incontro dello scorso 24 ottobre quando il Ministero ripresenta una nuova bozza di Regolamento, che dovr\u00e0 essere nuovamente sottoposta al vaglio del Consiglio di Stato, che abbiamo definito un \u201ccopia e incolla\u201d della Ordinanza Ministeriale attualmente in vigore e che non risolve tutte le criticit\u00e0 indicate.<\/p>\n<h3 style=\"text-align: justify;\">Cosa abbiamo chiesto<\/h3>\n<p style=\"text-align: justify;\">che il prossimo aggiornamento delle GPS deve restare biennale (aa.ss. 2024\/2025 e 2025\/2026) e che in attesa di una definizione del nuovo Regolamento, del cui iter non conosciamo i tempi di conclusione, \u00e8 necessario procedere con l\u2019aggiornamento delle graduatorie\u00a0<strong>con una nuova Ordinanza Ministeriale o con la proroga di quella attuale che vada per\u00f2 a modificare alcuni aspetti che fino ad oggi, per la Federazione UIL Scuola Rua, sono risultati di maggiore criticit\u00e0:<\/strong><\/p>\n<ul style=\"text-align: justify;\">\n<li><strong>La palese violazione dei diritti di coloro i quali sono utilmente collocati in graduatoria con un punteggio superiore e vengono scavalcati<\/strong>, nei turni di nomina successivi, da chi ha meno punteggio, perch\u00e9 considerati rinunciatari per non aver espresso tutte le sedi nella domanda di partecipazione alle Abbiamo pi\u00f9 volte sottolineato come questo sistema lede i diritti dei supplenti non tenendo in alcun conto dell\u2019esperienza e della posizione in graduatoria;<\/li>\n<li><strong>Il divieto del frazionamento di una cattedra intera al fine di consentire il completamento orario a chi ha una supplenza su uno spezzone orario<\/strong>. Su questo punto abbiamo sottolineato la violazione dell\u2019<strong>\u00a040 comma 7 del CCNL 2007\u00a0<\/strong>in cui \u00e8 chiaramente specificato che \u201c Il personale [\u2026] con orario settimanale inferiore alla cattedra oraria,\u00a0<strong>ha diritto<\/strong>, in presenza della disponibilit\u00e0 delle relative ore, al completamento o, comunque, all\u2019elevazione del medesimo orario settimanale\u201d.<\/li>\n<li><strong>Il divieto di presentare la messa a disposizione in altra provincia<\/strong>, se presenti nelle GAE o nelle GPS, soprattutto su posto di sostegno. Abbiamo definito paradossale non permettere ai docenti specializzati \u2013 gi\u00e0 incusi in graduatoria \u2013 di produrre domanda di messa a disposizione in altra regione dove si assumono docenti senza titolo di sostegno.<\/li>\n<\/ul>\n<p style=\"text-align: justify;\">In merito alle GPS, continuiamo anche a ribadire la necessit\u00e0 di\u00a0<strong>considerare le GPS di I fascia come ulteriore canale di assunzione in ruolo in cui \u00e8 inserito personale gi\u00e0 abilitato su posto comune o specializzato sul sostegno.\u00a0<\/strong>Se vogliamo dare il giusto valore sociale al personale della scuola per \u201crecuperare l\u2019autorevolezza persa\u201d del personale, \u00e8 in primis obbligo dell\u2019Amministrazione attivare procedure concorsuali eque, chiare e ben definite che diano certezze a chi vi partecipa, ma anche quello di valorizzare il personale che vanta titoli e diritti di graduatoria, al fine di evitare disparit\u00e0 di trattamento tra i colleghi e nell\u2019interesse della comunit\u00e0 educante tutta.<\/p>\n<p style=\"text-align: justify;\"><strong>Sulle proposte e criticit\u00e0 avanzate dalla Federazione UIL Scuola Rua, l\u2019Amministrazione ha risposto\u00a0<\/strong>che lo strumento della Ordinanza Ministeriale, che ha regolato il sistema delle supplenze negli ultimi 3 anni, \u00e8 un provvedimento legato all\u2019emergenza Covid che ormai \u00e8 terminata. Per cui, l\u2019unico strumento ad oggi disponibile per poter regolare la gestione delle supplenze, potrebbe essere solo un Regolamento. Per prorogare per\u00f2 l\u2019attuale ordinanza o per riscriverne una nuova vi \u00e8 la necessit\u00e0 di un intervento legislativo. Si \u00e8 comunque riservata di valutare le proposte, tra cui quella di prorogare per un anno l\u2019Ordinanza Ministeriale vigente e ha aggiornato la riunione.<\/p>\n<p style=\"text-align: justify;\">Per la Federazione UIL Scuola Rua hanno partecipato Paolo Pizzo e Roberta Vannini.<\/p>\n<ul>\n<li><a href=\"https:\/\/www.uilscuolaemiliaromagna.it\/public\/er\/wp-content\/uploads\/2023\/11\/Aggiornamento-GPS-e-Regolamento-supplenze.-Report-.pdf\" target=\"_blank\" rel=\"noopener\">il report in pdf<\/a><\/li>\n<\/ul>\n<h6>fonte:\u00a0<a href=\"https:\/\/uilscuola.it\/aggiornamento-gps-e-regolamento-delle-supplenze-report\/\" target=\"_blank\" rel=\"noopener\">uilscuola.it<\/a><\/h6>\n<h3 style=\"text-align: center;\">L&#8217;intervento di Roberta Vannini sui canali social di Orizzontescuola:<\/h3>\n<h3 style=\"text-align: center;\">&#8220;Aggiornamento GPS, 2024 o 2025? Ministero e sindacati a confronto&#8221;<\/h3>\n<p><iframe loading=\"lazy\" title=\"Aggiornamento GPS, 2024 o 2025? Ministero e sindacati a confronto\" width=\"1200\" height=\"675\" src=\"https:\/\/www.youtube.com\/embed\/-cvIsq0TnSo?feature=oembed\" frameborder=\"0\" allow=\"accelerometer; autoplay; clipboard-write; encrypted-media; gyroscope; picture-in-picture; web-share\" allowfullscreen><\/iframe><\/p>\n<p>&nbsp;<\/p>\n\n<div class=\"twitter-share\"><a href=\"https:\/\/twitter.com\/intent\/tweet?via=UILScuolaBO_ER\" class=\"twitter-share-button\" data-size=\"large\">Tweet<\/a><\/div>\n","protected":false},"excerpt":{"rendered":"<p>Per la UIL Scuola: L\u2019aggiornamento deve restare biennale. Prorogare l\u2019attuale ordinanza ministeriale, con le opportune modifiche, e intervenire sul nuovo Regolamento. Necessaria inoltre l\u2019assunzione in &hellip; <\/p>\n","protected":false},"author":1,"featured_media":11482,"comment_status":"closed","ping_status":"open","sticky":false,"template":"","format":"standard","meta":{"footnotes":""},"categories":[12,6],"tags":[],"yoast_head":"<!-- This site is optimized with the Yoast SEO plugin v21.7 - https:\/\/yoast.com\/wordpress\/plugins\/seo\/ -->\r\n<title>INCONTRI AL MIM | Aggiornamento GPS e Regolamento delle supplenze (REPORT) - Uil Scuola Emilia Romagna<\/title>\r\n<meta name=\"robots\" content=\"index, follow, max-snippet:-1, max-image-preview:large, max-video-preview:-1\" \/>\r\n<link rel=\"canonical\" href=\"https:\/\/www.uilscuolaemiliaromagna.it\/public\/er\/2023\/11\/08\/incontri-al-mim-aggiornamento-gps-e-regolamento-delle-supplenze-report\/\" \/>\r\n<meta property=\"og:locale\" content=\"it_IT\" \/>\r\n<meta property=\"og:type\" content=\"article\" \/>\r\n<meta property=\"og:title\" content=\"INCONTRI AL MIM | Aggiornamento GPS e Regolamento delle supplenze (REPORT) - Uil Scuola Emilia Romagna\" \/>\r\n<meta property=\"og:description\" content=\"Per la UIL Scuola: L\u2019aggiornamento deve restare biennale. Prorogare l\u2019attuale ordinanza ministeriale, con le opportune modifiche, e intervenire sul nuovo Regolamento. Necessaria inoltre l\u2019assunzione in &hellip;\" \/>\r\n<meta property=\"og:url\" content=\"https:\/\/www.uilscuolaemiliaromagna.it\/public\/er\/2023\/11\/08\/incontri-al-mim-aggiornamento-gps-e-regolamento-delle-supplenze-report\/\" \/>\r\n<meta property=\"og:site_name\" content=\"Uil Scuola Emilia Romagna\" \/>\r\n<meta property=\"article:published_time\" content=\"2023-11-08T19:43:12+00:00\" \/>\r\n<meta property=\"article:modified_time\" content=\"2023-11-08T19:44:52+00:00\" \/>\r\n<meta property=\"og:image\" content=\"https:\/\/www.uilscuolaemiliaromagna.it\/public\/er\/wp-content\/uploads\/2023\/06\/FOTO-Ministero-Istruzione-150x150-1.jpg\" \/>\r\n\t<meta property=\"og:image:width\" content=\"150\" \/>\r\n\t<meta property=\"og:image:height\" content=\"150\" \/>\r\n\t<meta property=\"og:image:type\" content=\"image\/jpeg\" \/>\r\n<meta name=\"author\" content=\"admin\" \/>\r\n<meta name=\"twitter:card\" content=\"summary_large_image\" \/>\r\n<meta name=\"twitter:label1\" content=\"Scritto da\" \/>\n\t<meta name=\"twitter:data1\" content=\"admin\" \/>\n\t<meta name=\"twitter:label2\" content=\"Tempo di lettura stimato\" \/>\n\t<meta name=\"twitter:data2\" content=\"5 minuti\" \/>\r\n<script type=\"application\/ld+json\" class=\"yoast-schema-graph\">{\"@context\":\"https:\/\/schema.org\",\"@graph\":[{\"@type\":\"Article\",\"@id\":\"https:\/\/www.uilscuolaemiliaromagna.it\/public\/er\/2023\/11\/08\/incontri-al-mim-aggiornamento-gps-e-regolamento-delle-supplenze-report\/#article\",\"isPartOf\":{\"@id\":\"https:\/\/www.uilscuolaemiliaromagna.it\/public\/er\/2023\/11\/08\/incontri-al-mim-aggiornamento-gps-e-regolamento-delle-supplenze-report\/\"},\"author\":{\"name\":\"admin\",\"@id\":\"https:\/\/www.uilscuolaemiliaromagna.it\/public\/er\/#\/schema\/person\/f42878fd07a4b6ba2b7153d4fad5de5e\"},\"headline\":\"INCONTRI AL MIM | Aggiornamento GPS e Regolamento delle supplenze (REPORT)\",\"datePublished\":\"2023-11-08T19:43:12+00:00\",\"dateModified\":\"2023-11-08T19:44:52+00:00\",\"mainEntityOfPage\":{\"@id\":\"https:\/\/www.uilscuolaemiliaromagna.it\/public\/er\/2023\/11\/08\/incontri-al-mim-aggiornamento-gps-e-regolamento-delle-supplenze-report\/\"},\"wordCount\":957,\"publisher\":{\"@id\":\"https:\/\/www.uilscuolaemiliaromagna.it\/public\/er\/#organization\"},\"articleSection\":[\"Notizie\",\"Personale Docente\"],\"inLanguage\":\"it-IT\"},{\"@type\":\"WebPage\",\"@id\":\"https:\/\/www.uilscuolaemiliaromagna.it\/public\/er\/2023\/11\/08\/incontri-al-mim-aggiornamento-gps-e-regolamento-delle-supplenze-report\/\",\"url\":\"https:\/\/www.uilscuolaemiliaromagna.it\/public\/er\/2023\/11\/08\/incontri-al-mim-aggiornamento-gps-e-regolamento-delle-supplenze-report\/\",\"name\":\"INCONTRI AL MIM | Aggiornamento GPS e Regolamento delle supplenze (REPORT) - Uil Scuola Emilia Romagna\",\"isPartOf\":{\"@id\":\"https:\/\/www.uilscuolaemiliaromagna.it\/public\/er\/#website\"},\"datePublished\":\"2023-11-08T19:43:12+00:00\",\"dateModified\":\"2023-11-08T19:44:52+00:00\",\"breadcrumb\":{\"@id\":\"https:\/\/www.uilscuolaemiliaromagna.it\/public\/er\/2023\/11\/08\/incontri-al-mim-aggiornamento-gps-e-regolamento-delle-supplenze-report\/#breadcrumb\"},\"inLanguage\":\"it-IT\",\"potentialAction\":[{\"@type\":\"ReadAction\",\"target\":[\"https:\/\/www.uilscuolaemiliaromagna.it\/public\/er\/2023\/11\/08\/incontri-al-mim-aggiornamento-gps-e-regolamento-delle-supplenze-report\/\"]}]},{\"@type\":\"BreadcrumbList\",\"@id\":\"https:\/\/www.uilscuolaemiliaromagna.it\/public\/er\/2023\/11\/08\/incontri-al-mim-aggiornamento-gps-e-regolamento-delle-supplenze-report\/#breadcrumb\",\"itemListElement\":[{\"@type\":\"ListItem\",\"position\":1,\"name\":\"Home\",\"item\":\"https:\/\/www.uilscuolaemiliaromagna.it\/public\/er\/\"},{\"@type\":\"ListItem\",\"position\":2,\"name\":\"INCONTRI AL MIM | Aggiornamento GPS e Regolamento delle supplenze (REPORT)\"}]},{\"@type\":\"WebSite\",\"@id\":\"https:\/\/www.uilscuolaemiliaromagna.it\/public\/er\/#website\",\"url\":\"https:\/\/www.uilscuolaemiliaromagna.it\/public\/er\/\",\"name\":\"Uil Scuola Emilia Romagna\",\"description\":\"La voce libera della scuola\",\"publisher\":{\"@id\":\"https:\/\/www.uilscuolaemiliaromagna.it\/public\/er\/#organization\"},\"potentialAction\":[{\"@type\":\"SearchAction\",\"target\":{\"@type\":\"EntryPoint\",\"urlTemplate\":\"https:\/\/www.uilscuolaemiliaromagna.it\/public\/er\/?s={search_term_string}\"},\"query-input\":\"required name=search_term_string\"}],\"inLanguage\":\"it-IT\"},{\"@type\":\"Organization\",\"@id\":\"https:\/\/www.uilscuolaemiliaromagna.it\/public\/er\/#organization\",\"name\":\"Uil Scuola Emilia Romagna\",\"url\":\"https:\/\/www.uilscuolaemiliaromagna.it\/public\/er\/\",\"logo\":{\"@type\":\"ImageObject\",\"inLanguage\":\"it-IT\",\"@id\":\"https:\/\/www.uilscuolaemiliaromagna.it\/public\/er\/#\/schema\/logo\/image\/\",\"url\":\"https:\/\/www.uilscuolaemiliaromagna.it\/public\/er\/wp-content\/uploads\/2017\/04\/cropped-header.png\",\"contentUrl\":\"https:\/\/www.uilscuolaemiliaromagna.it\/public\/er\/wp-content\/uploads\/2017\/04\/cropped-header.png\",\"width\":1000,\"height\":150,\"caption\":\"Uil Scuola Emilia Romagna\"},\"image\":{\"@id\":\"https:\/\/www.uilscuolaemiliaromagna.it\/public\/er\/#\/schema\/logo\/image\/\"}},{\"@type\":\"Person\",\"@id\":\"https:\/\/www.uilscuolaemiliaromagna.it\/public\/er\/#\/schema\/person\/f42878fd07a4b6ba2b7153d4fad5de5e\",\"name\":\"admin\",\"image\":{\"@type\":\"ImageObject\",\"inLanguage\":\"it-IT\",\"@id\":\"https:\/\/www.uilscuolaemiliaromagna.it\/public\/er\/#\/schema\/person\/image\/\",\"url\":\"https:\/\/secure.gravatar.com\/avatar\/aebf815ae2f30ffdae8b8c247273d34c?s=96&d=mm&r=g\",\"contentUrl\":\"https:\/\/secure.gravatar.com\/avatar\/aebf815ae2f30ffdae8b8c247273d34c?s=96&d=mm&r=g\",\"caption\":\"admin\"},\"url\":\"https:\/\/www.uilscuolaemiliaromagna.it\/public\/er\/author\/admin\/\"}]}<\/script>\r\n<!-- \/ Yoast SEO plugin. -->","yoast_head_json":{"title":"INCONTRI AL MIM | Aggiornamento GPS e Regolamento delle supplenze (REPORT) - Uil Scuola Emilia Romagna","robots":{"index":"index","follow":"follow","max-snippet":"max-snippet:-1","max-image-preview":"max-image-preview:large","max-video-preview":"max-video-preview:-1"},"canonical":"https:\/\/www.uilscuolaemiliaromagna.it\/public\/er\/2023\/11\/08\/incontri-al-mim-aggiornamento-gps-e-regolamento-delle-supplenze-report\/","og_locale":"it_IT","og_type":"article","og_title":"INCONTRI AL MIM | Aggiornamento GPS e Regolamento delle supplenze (REPORT) - Uil Scuola Emilia Romagna","og_description":"Per la UIL Scuola: L\u2019aggiornamento deve restare biennale. Prorogare l\u2019attuale ordinanza ministeriale, con le opportune modifiche, e intervenire sul nuovo Regolamento. Necessaria inoltre l\u2019assunzione in &hellip;","og_url":"https:\/\/www.uilscuolaemiliaromagna.it\/public\/er\/2023\/11\/08\/incontri-al-mim-aggiornamento-gps-e-regolamento-delle-supplenze-report\/","og_site_name":"Uil Scuola Emilia Romagna","article_published_time":"2023-11-08T19:43:12+00:00","article_modified_time":"2023-11-08T19:44:52+00:00","og_image":[{"width":150,"height":150,"url":"https:\/\/www.uilscuolaemiliaromagna.it\/public\/er\/wp-content\/uploads\/2023\/06\/FOTO-Ministero-Istruzione-150x150-1.jpg","type":"image\/jpeg"}],"author":"admin","twitter_card":"summary_large_image","twitter_misc":{"Scritto da":"admin","Tempo di lettura stimato":"5 minuti"},"schema":{"@context":"https:\/\/schema.org","@graph":[{"@type":"Article","@id":"https:\/\/www.uilscuolaemiliaromagna.it\/public\/er\/2023\/11\/08\/incontri-al-mim-aggiornamento-gps-e-regolamento-delle-supplenze-report\/#article","isPartOf":{"@id":"https:\/\/www.uilscuolaemiliaromagna.it\/public\/er\/2023\/11\/08\/incontri-al-mim-aggiornamento-gps-e-regolamento-delle-supplenze-report\/"},"author":{"name":"admin","@id":"https:\/\/www.uilscuolaemiliaromagna.it\/public\/er\/#\/schema\/person\/f42878fd07a4b6ba2b7153d4fad5de5e"},"headline":"INCONTRI AL MIM | Aggiornamento GPS e Regolamento delle supplenze (REPORT)","datePublished":"2023-11-08T19:43:12+00:00","dateModified":"2023-11-08T19:44:52+00:00","mainEntityOfPage":{"@id":"https:\/\/www.uilscuolaemiliaromagna.it\/public\/er\/2023\/11\/08\/incontri-al-mim-aggiornamento-gps-e-regolamento-delle-supplenze-report\/"},"wordCount":957,"publisher":{"@id":"https:\/\/www.uilscuolaemiliaromagna.it\/public\/er\/#organization"},"articleSection":["Notizie","Personale Docente"],"inLanguage":"it-IT"},{"@type":"WebPage","@id":"https:\/\/www.uilscuolaemiliaromagna.it\/public\/er\/2023\/11\/08\/incontri-al-mim-aggiornamento-gps-e-regolamento-delle-supplenze-report\/","url":"https:\/\/www.uilscuolaemiliaromagna.it\/public\/er\/2023\/11\/08\/incontri-al-mim-aggiornamento-gps-e-regolamento-delle-supplenze-report\/","name":"INCONTRI AL MIM | Aggiornamento GPS e Regolamento delle supplenze (REPORT) - Uil Scuola Emilia Romagna","isPartOf":{"@id":"https:\/\/www.uilscuolaemiliaromagna.it\/public\/er\/#website"},"datePublished":"2023-11-08T19:43:12+00:00","dateModified":"2023-11-08T19:44:52+00:00","breadcrumb":{"@id":"https:\/\/www.uilscuolaemiliaromagna.it\/public\/er\/2023\/11\/08\/incontri-al-mim-aggiornamento-gps-e-regolamento-delle-supplenze-report\/#breadcrumb"},"inLanguage":"it-IT","potentialAction":[{"@type":"ReadAction","target":["https:\/\/www.uilscuolaemiliaromagna.it\/public\/er\/2023\/11\/08\/incontri-al-mim-aggiornamento-gps-e-regolamento-delle-supplenze-report\/"]}]},{"@type":"BreadcrumbList","@id":"https:\/\/www.uilscuolaemiliaromagna.it\/public\/er\/2023\/11\/08\/incontri-al-mim-aggiornamento-gps-e-regolamento-delle-supplenze-report\/#breadcrumb","itemListElement":[{"@type":"ListItem","position":1,"name":"Home","item":"https:\/\/www.uilscuolaemiliaromagna.it\/public\/er\/"},{"@type":"ListItem","position":2,"name":"INCONTRI AL MIM | Aggiornamento GPS e Regolamento delle supplenze (REPORT)"}]},{"@type":"WebSite","@id":"https:\/\/www.uilscuolaemiliaromagna.it\/public\/er\/#website","url":"https:\/\/www.uilscuolaemiliaromagna.it\/public\/er\/","name":"Uil Scuola Emilia Romagna","description":"La voce libera della scuola","publisher":{"@id":"https:\/\/www.uilscuolaemiliaromagna.it\/public\/er\/#organization"},"potentialAction":[{"@type":"SearchAction","target":{"@type":"EntryPoint","urlTemplate":"https:\/\/www.uilscuolaemiliaromagna.it\/public\/er\/?s={search_term_string}"},"query-input":"required name=search_term_string"}],"inLanguage":"it-IT"},{"@type":"Organization","@id":"https:\/\/www.uilscuolaemiliaromagna.it\/public\/er\/#organization","name":"Uil Scuola Emilia Romagna","url":"https:\/\/www.uilscuolaemiliaromagna.it\/public\/er\/","logo":{"@type":"ImageObject","inLanguage":"it-IT","@id":"https:\/\/www.uilscuolaemiliaromagna.it\/public\/er\/#\/schema\/logo\/image\/","url":"https:\/\/www.uilscuolaemiliaromagna.it\/public\/er\/wp-content\/uploads\/2017\/04\/cropped-header.png","contentUrl":"https:\/\/www.uilscuolaemiliaromagna.it\/public\/er\/wp-content\/uploads\/2017\/04\/cropped-header.png","width":1000,"height":150,"caption":"Uil Scuola Emilia Romagna"},"image":{"@id":"https:\/\/www.uilscuolaemiliaromagna.it\/public\/er\/#\/schema\/logo\/image\/"}},{"@type":"Person","@id":"https:\/\/www.uilscuolaemiliaromagna.it\/public\/er\/#\/schema\/person\/f42878fd07a4b6ba2b7153d4fad5de5e","name":"admin","image":{"@type":"ImageObject","inLanguage":"it-IT","@id":"https:\/\/www.uilscuolaemiliaromagna.it\/public\/er\/#\/schema\/person\/image\/","url":"https:\/\/secure.gravatar.com\/avatar\/aebf815ae2f30ffdae8b8c247273d34c?s=96&d=mm&r=g","contentUrl":"https:\/\/secure.gravatar.com\/avatar\/aebf815ae2f30ffdae8b8c247273d34c?s=96&d=mm&r=g","caption":"admin"},"url":"https:\/\/www.uilscuolaemiliaromagna.it\/public\/er\/author\/admin\/"}]}},"views":481,"_links":{"self":[{"href":"https:\/\/www.uilscuolaemiliaromagna.it\/public\/er\/wp-json\/wp\/v2\/posts\/12108"}],"collection":[{"href":"https:\/\/www.uilscuolaemiliaromagna.it\/public\/er\/wp-json\/wp\/v2\/posts"}],"about":[{"href":"https:\/\/www.uilscuolaemiliaromagna.it\/public\/er\/wp-json\/wp\/v2\/types\/post"}],"author":[{"embeddable":true,"href":"https:\/\/www.uilscuolaemiliaromagna.it\/public\/er\/wp-json\/wp\/v2\/users\/1"}],"replies":[{"embeddable":true,"href":"https:\/\/www.uilscuolaemiliaromagna.it\/public\/er\/wp-json\/wp\/v2\/comments?post=12108"}],"version-history":[{"count":1,"href":"https:\/\/www.uilscuolaemiliaromagna.it\/public\/er\/wp-json\/wp\/v2\/posts\/12108\/revisions"}],"predecessor-version":[{"id":12110,"href":"https:\/\/www.uilscuolaemiliaromagna.it\/public\/er\/wp-json\/wp\/v2\/posts\/12108\/revisions\/12110"}],"wp:featuredmedia":[{"embeddable":true,"href":"https:\/\/www.uilscuolaemiliaromagna.it\/public\/er\/wp-json\/wp\/v2\/media\/11482"}],"wp:attachment":[{"href":"https:\/\/www.uilscuolaemiliaromagna.it\/public\/er\/wp-json\/wp\/v2\/media?parent=12108"}],"wp:term":[{"taxonomy":"category","embeddable":true,"href":"https:\/\/www.uilscuolaemiliaromagna.it\/public\/er\/wp-json\/wp\/v2\/categories?post=12108"},{"taxonomy":"post_tag","embeddable":true,"href":"https:\/\/www.uilscuolaemiliaromagna.it\/public\/er\/wp-json\/wp\/v2\/tags?post=12108"}],"curies":[{"name":"wp","href":"https:\/\/api.w.org\/{rel}","templated":true}]}}