{"id":12189,"date":"2023-11-15T23:04:24","date_gmt":"2023-11-15T22:04:24","guid":{"rendered":"https:\/\/www.uilscuolaemiliaromagna.it\/public\/er\/?p=12189"},"modified":"2023-11-30T19:54:13","modified_gmt":"2023-11-30T18:54:13","slug":"uat-di-bologna-permessi-retribuiti-diritto-allo-studio-personale-comparto-scuola-anno-2024","status":"publish","type":"post","link":"https:\/\/www.uilscuolaemiliaromagna.it\/public\/er\/2023\/11\/15\/uat-di-bologna-permessi-retribuiti-diritto-allo-studio-personale-comparto-scuola-anno-2024\/","title":{"rendered":"UAT di Bologna | Permessi retribuiti diritto allo studio personale comparto scuola. Anno 2024"},"content":{"rendered":"<p style=\"text-align: justify;\">Al seguente link la <em>Nota prot.n. 17552 relativa alla richiesta dei permessi retribuiti diritto allo studio personale comparto scuola \u2013 art. 3 DPR n. 395 del 23\/08\/1988 per il 2024<\/em> pubblicata in data odierna sul sito internet dell&#8217;Ufficio V &#8211; Ambito Territoriale di Bologna:<\/p>\n<ul>\n<li><a href=\"https:\/\/bo.istruzioneer.gov.it\/2023\/11\/15\/permessi-retribuiti-diritto-allo-studio-personale-comparto-scuola-anno-2024\/\" target=\"_blank\" rel=\"noopener\">Permessi retribuiti diritto allo studio personale comparto scuola. Anno 2024<\/a><\/li>\n<\/ul>\n<h3 style=\"text-align: center;\">Le domande del diritto allo studio dovranno essere presentate dal personale scolastico\u00a0<strong>entro il 30\/11\/2023<\/strong><\/h3>\n<p style=\"text-align: justify;\"><em>L\u2019Accordo ha stabilito, con riferimento ai corsi di studio indicati all\u2019art. 5, comma 1-sub 3 del Contratto Collettivo Integrativo Regionale relativi al conseguimento dei 24 CFU\/CFA, di includere anche i percorsi di abilitazione previsti dal D.P.C.M. 4 agosto 2023, utili per l\u2019accesso alle procedure di reclutamento del personale docente.<\/em><\/p>\n<p style=\"text-align: justify;\"><em>Il personale scolastico che, alla data del 30 novembre, non ha ancora concluso la procedura di iscrizione per l\u2019ammissione ad uno dei corsi di cui all\u2019art. 5, comma 1- sub 3, presenter\u00e0 comunque istanza entro il suddetto termine. Detto personale verr\u00e0 ammesso con riserva nelle rispettive graduatorie dei beneficiari dei permessi. La riserva dovr\u00e0 comunque essere sciolta entro la data del 30 dicembre 2023.<\/em><\/p>\n<p style=\"text-align: justify;\"><em>In caso di completamento delle iscrizioni ai percorsi di abilitazione previsti dal D.P.C.M. 4 agosto 2023 dopo la data del 30 dicembre 2023, esaudite positivamente tutte le istanze relative alla frequenza dei corsi di cui all\u2019art. 5 del CCDR 2021-23, in presenza di disponibilit\u00e0 di contingente residuale, sar\u00e0 consentito al personale interessato, entro 5 giorni dall\u2019iscrizione, di presentare domanda.<\/em><\/p>\n<h6>fonte:\u00a0<a href=\"https:\/\/bo.istruzioneer.gov.it\/2023\/11\/15\/permessi-retribuiti-diritto-allo-studio-personale-comparto-scuola-anno-2024\/\" target=\"_blank\" rel=\"noopener\">Ufficio V &#8211; Ambito Territoriale di Bologna<\/a><\/h6>\n<h3 style=\"text-align: center;\"><span style=\"color: #0000ff;\">Per informazioni:<\/span><\/h3>\n<h3 style=\"text-align: center;\"><span style=\"color: #0000ff;\">Serafino 3282258300<\/span><\/h3>\n<h3 style=\"text-align: center;\"><span style=\"color: #0000ff;\">Marco 3479688040<\/span><\/h3>\n<h3 style=\"text-align: center;\"><span style=\"color: #0000ff;\">Franco 3917658533<\/span><\/h3>\n<h3 style=\"text-align: center;\"><span style=\"color: #0000ff;\">Emidio 3917658534<\/span><\/h3>\n<h3 style=\"text-align: center;\"><span style=\"color: #0000ff;\">Gennaro (sede di Imola) 3477775464<\/span><\/h3>\n<h3 style=\"text-align: center;\"><span style=\"color: #0000ff;\">Gianluca (sede di Molinella) 3392855649<\/span><\/h3>\n<p>&nbsp;<\/p>\n<h4><\/h4>\n<h4 class=\"entry-title\" style=\"text-align: center;\"><span style=\"color: #0000ff;\"><strong>Nasce il canale WhatsApp della UIL Scuola RUA Bologna \/ Emilia Romagna<\/strong><\/span><\/h4>\n<h4 style=\"text-align: center;\"><span style=\"color: #0000ff;\"><strong>CLICCA SULL\u2019ICONA E ISCRIVITI<\/strong><\/span><\/h4>\n<p><a href=\"https:\/\/whatsapp.com\/channel\/0029Va9KtAN5fM5g93lE7D29\" target=\"_blank\" rel=\"noopener\"><img loading=\"lazy\" decoding=\"async\" class=\"aligncenter wp-image-3908\" src=\"https:\/\/www.uilscuolamodena.it\/wp-content\/uploads\/2023\/10\/whatsapp-2-300x300.png\" sizes=\"(max-width: 300px) 100vw, 300px\" srcset=\"https:\/\/www.uilscuolamodena.it\/wp-content\/uploads\/2023\/10\/whatsapp-2-300x300.png 300w, https:\/\/www.uilscuolamodena.it\/wp-content\/uploads\/2023\/10\/whatsapp-2-200x200.png 200w, https:\/\/www.uilscuolamodena.it\/wp-content\/uploads\/2023\/10\/whatsapp-2.png 601w\" alt=\"canale whatsapp UIL Scuola RUA Bologna \/ Emilia Romagna\" width=\"109\" height=\"109\" \/><\/a><\/p>\n\n<div class=\"twitter-share\"><a href=\"https:\/\/twitter.com\/intent\/tweet?via=UILScuolaBO_ER\" class=\"twitter-share-button\" data-size=\"large\">Tweet<\/a><\/div>\n","protected":false},"excerpt":{"rendered":"<p>Al seguente link la Nota prot.n. 17552 relativa alla richiesta dei permessi retribuiti diritto allo studio personale comparto scuola \u2013 art. 3 DPR n. 395 &hellip; <\/p>\n","protected":false},"author":1,"featured_media":12190,"comment_status":"closed","ping_status":"open","sticky":false,"template":"","format":"standard","meta":{"footnotes":""},"categories":[2,12,6],"tags":[],"yoast_head":"<!-- This site is optimized with the Yoast SEO plugin v21.7 - https:\/\/yoast.com\/wordpress\/plugins\/seo\/ -->\r\n<title>UAT di Bologna | Permessi retribuiti diritto allo studio personale comparto scuola. Anno 2024 - Uil Scuola Emilia Romagna<\/title>\r\n<meta name=\"robots\" content=\"index, follow, max-snippet:-1, max-image-preview:large, max-video-preview:-1\" \/>\r\n<link rel=\"canonical\" href=\"https:\/\/www.uilscuolaemiliaromagna.it\/public\/er\/2023\/11\/15\/uat-di-bologna-permessi-retribuiti-diritto-allo-studio-personale-comparto-scuola-anno-2024\/\" \/>\r\n<meta property=\"og:locale\" content=\"it_IT\" \/>\r\n<meta property=\"og:type\" content=\"article\" \/>\r\n<meta property=\"og:title\" content=\"UAT di Bologna | Permessi retribuiti diritto allo studio personale comparto scuola. Anno 2024 - Uil Scuola Emilia Romagna\" \/>\r\n<meta property=\"og:description\" content=\"Al seguente link la Nota prot.n. 17552 relativa alla richiesta dei permessi retribuiti diritto allo studio personale comparto scuola \u2013 art. 3 DPR n. 395 &hellip;\" \/>\r\n<meta property=\"og:url\" content=\"https:\/\/www.uilscuolaemiliaromagna.it\/public\/er\/2023\/11\/15\/uat-di-bologna-permessi-retribuiti-diritto-allo-studio-personale-comparto-scuola-anno-2024\/\" \/>\r\n<meta property=\"og:site_name\" content=\"Uil Scuola Emilia Romagna\" \/>\r\n<meta property=\"article:published_time\" content=\"2023-11-15T22:04:24+00:00\" \/>\r\n<meta property=\"article:modified_time\" content=\"2023-11-30T18:54:13+00:00\" \/>\r\n<meta property=\"og:image\" content=\"https:\/\/www.uilscuolaemiliaromagna.it\/public\/er\/wp-content\/uploads\/2023\/11\/studio-anno-2024.jpg\" \/>\r\n\t<meta property=\"og:image:width\" content=\"800\" \/>\r\n\t<meta property=\"og:image:height\" content=\"533\" \/>\r\n\t<meta property=\"og:image:type\" content=\"image\/jpeg\" \/>\r\n<meta name=\"author\" content=\"admin\" \/>\r\n<meta name=\"twitter:card\" content=\"summary_large_image\" \/>\r\n<meta name=\"twitter:label1\" content=\"Scritto da\" \/>\n\t<meta name=\"twitter:data1\" content=\"admin\" \/>\n\t<meta name=\"twitter:label2\" content=\"Tempo di lettura stimato\" \/>\n\t<meta name=\"twitter:data2\" content=\"2 minuti\" \/>\r\n<script type=\"application\/ld+json\" class=\"yoast-schema-graph\">{\"@context\":\"https:\/\/schema.org\",\"@graph\":[{\"@type\":\"Article\",\"@id\":\"https:\/\/www.uilscuolaemiliaromagna.it\/public\/er\/2023\/11\/15\/uat-di-bologna-permessi-retribuiti-diritto-allo-studio-personale-comparto-scuola-anno-2024\/#article\",\"isPartOf\":{\"@id\":\"https:\/\/www.uilscuolaemiliaromagna.it\/public\/er\/2023\/11\/15\/uat-di-bologna-permessi-retribuiti-diritto-allo-studio-personale-comparto-scuola-anno-2024\/\"},\"author\":{\"name\":\"admin\",\"@id\":\"https:\/\/www.uilscuolaemiliaromagna.it\/public\/er\/#\/schema\/person\/f42878fd07a4b6ba2b7153d4fad5de5e\"},\"headline\":\"UAT di Bologna | Permessi retribuiti diritto allo studio personale comparto scuola. Anno 2024\",\"datePublished\":\"2023-11-15T22:04:24+00:00\",\"dateModified\":\"2023-11-30T18:54:13+00:00\",\"mainEntityOfPage\":{\"@id\":\"https:\/\/www.uilscuolaemiliaromagna.it\/public\/er\/2023\/11\/15\/uat-di-bologna-permessi-retribuiti-diritto-allo-studio-personale-comparto-scuola-anno-2024\/\"},\"wordCount\":283,\"publisher\":{\"@id\":\"https:\/\/www.uilscuolaemiliaromagna.it\/public\/er\/#organization\"},\"articleSection\":[\"ATA\",\"Notizie\",\"Personale Docente\"],\"inLanguage\":\"it-IT\"},{\"@type\":\"WebPage\",\"@id\":\"https:\/\/www.uilscuolaemiliaromagna.it\/public\/er\/2023\/11\/15\/uat-di-bologna-permessi-retribuiti-diritto-allo-studio-personale-comparto-scuola-anno-2024\/\",\"url\":\"https:\/\/www.uilscuolaemiliaromagna.it\/public\/er\/2023\/11\/15\/uat-di-bologna-permessi-retribuiti-diritto-allo-studio-personale-comparto-scuola-anno-2024\/\",\"name\":\"UAT di Bologna | Permessi retribuiti diritto allo studio personale comparto scuola. Anno 2024 - Uil Scuola Emilia Romagna\",\"isPartOf\":{\"@id\":\"https:\/\/www.uilscuolaemiliaromagna.it\/public\/er\/#website\"},\"datePublished\":\"2023-11-15T22:04:24+00:00\",\"dateModified\":\"2023-11-30T18:54:13+00:00\",\"breadcrumb\":{\"@id\":\"https:\/\/www.uilscuolaemiliaromagna.it\/public\/er\/2023\/11\/15\/uat-di-bologna-permessi-retribuiti-diritto-allo-studio-personale-comparto-scuola-anno-2024\/#breadcrumb\"},\"inLanguage\":\"it-IT\",\"potentialAction\":[{\"@type\":\"ReadAction\",\"target\":[\"https:\/\/www.uilscuolaemiliaromagna.it\/public\/er\/2023\/11\/15\/uat-di-bologna-permessi-retribuiti-diritto-allo-studio-personale-comparto-scuola-anno-2024\/\"]}]},{\"@type\":\"BreadcrumbList\",\"@id\":\"https:\/\/www.uilscuolaemiliaromagna.it\/public\/er\/2023\/11\/15\/uat-di-bologna-permessi-retribuiti-diritto-allo-studio-personale-comparto-scuola-anno-2024\/#breadcrumb\",\"itemListElement\":[{\"@type\":\"ListItem\",\"position\":1,\"name\":\"Home\",\"item\":\"https:\/\/www.uilscuolaemiliaromagna.it\/public\/er\/\"},{\"@type\":\"ListItem\",\"position\":2,\"name\":\"UAT di Bologna | Permessi retribuiti diritto allo studio personale comparto scuola. Anno 2024\"}]},{\"@type\":\"WebSite\",\"@id\":\"https:\/\/www.uilscuolaemiliaromagna.it\/public\/er\/#website\",\"url\":\"https:\/\/www.uilscuolaemiliaromagna.it\/public\/er\/\",\"name\":\"Uil Scuola Emilia Romagna\",\"description\":\"La voce libera della scuola\",\"publisher\":{\"@id\":\"https:\/\/www.uilscuolaemiliaromagna.it\/public\/er\/#organization\"},\"potentialAction\":[{\"@type\":\"SearchAction\",\"target\":{\"@type\":\"EntryPoint\",\"urlTemplate\":\"https:\/\/www.uilscuolaemiliaromagna.it\/public\/er\/?s={search_term_string}\"},\"query-input\":\"required name=search_term_string\"}],\"inLanguage\":\"it-IT\"},{\"@type\":\"Organization\",\"@id\":\"https:\/\/www.uilscuolaemiliaromagna.it\/public\/er\/#organization\",\"name\":\"Uil Scuola Emilia Romagna\",\"url\":\"https:\/\/www.uilscuolaemiliaromagna.it\/public\/er\/\",\"logo\":{\"@type\":\"ImageObject\",\"inLanguage\":\"it-IT\",\"@id\":\"https:\/\/www.uilscuolaemiliaromagna.it\/public\/er\/#\/schema\/logo\/image\/\",\"url\":\"https:\/\/www.uilscuolaemiliaromagna.it\/public\/er\/wp-content\/uploads\/2017\/04\/cropped-header.png\",\"contentUrl\":\"https:\/\/www.uilscuolaemiliaromagna.it\/public\/er\/wp-content\/uploads\/2017\/04\/cropped-header.png\",\"width\":1000,\"height\":150,\"caption\":\"Uil Scuola Emilia Romagna\"},\"image\":{\"@id\":\"https:\/\/www.uilscuolaemiliaromagna.it\/public\/er\/#\/schema\/logo\/image\/\"}},{\"@type\":\"Person\",\"@id\":\"https:\/\/www.uilscuolaemiliaromagna.it\/public\/er\/#\/schema\/person\/f42878fd07a4b6ba2b7153d4fad5de5e\",\"name\":\"admin\",\"image\":{\"@type\":\"ImageObject\",\"inLanguage\":\"it-IT\",\"@id\":\"https:\/\/www.uilscuolaemiliaromagna.it\/public\/er\/#\/schema\/person\/image\/\",\"url\":\"https:\/\/secure.gravatar.com\/avatar\/aebf815ae2f30ffdae8b8c247273d34c?s=96&d=mm&r=g\",\"contentUrl\":\"https:\/\/secure.gravatar.com\/avatar\/aebf815ae2f30ffdae8b8c247273d34c?s=96&d=mm&r=g\",\"caption\":\"admin\"},\"url\":\"https:\/\/www.uilscuolaemiliaromagna.it\/public\/er\/author\/admin\/\"}]}<\/script>\r\n<!-- \/ Yoast SEO plugin. -->","yoast_head_json":{"title":"UAT di Bologna | Permessi retribuiti diritto allo studio personale comparto scuola. Anno 2024 - Uil Scuola Emilia Romagna","robots":{"index":"index","follow":"follow","max-snippet":"max-snippet:-1","max-image-preview":"max-image-preview:large","max-video-preview":"max-video-preview:-1"},"canonical":"https:\/\/www.uilscuolaemiliaromagna.it\/public\/er\/2023\/11\/15\/uat-di-bologna-permessi-retribuiti-diritto-allo-studio-personale-comparto-scuola-anno-2024\/","og_locale":"it_IT","og_type":"article","og_title":"UAT di Bologna | Permessi retribuiti diritto allo studio personale comparto scuola. Anno 2024 - Uil Scuola Emilia Romagna","og_description":"Al seguente link la Nota prot.n. 17552 relativa alla richiesta dei permessi retribuiti diritto allo studio personale comparto scuola \u2013 art. 3 DPR n. 395 &hellip;","og_url":"https:\/\/www.uilscuolaemiliaromagna.it\/public\/er\/2023\/11\/15\/uat-di-bologna-permessi-retribuiti-diritto-allo-studio-personale-comparto-scuola-anno-2024\/","og_site_name":"Uil Scuola Emilia Romagna","article_published_time":"2023-11-15T22:04:24+00:00","article_modified_time":"2023-11-30T18:54:13+00:00","og_image":[{"width":800,"height":533,"url":"https:\/\/www.uilscuolaemiliaromagna.it\/public\/er\/wp-content\/uploads\/2023\/11\/studio-anno-2024.jpg","type":"image\/jpeg"}],"author":"admin","twitter_card":"summary_large_image","twitter_misc":{"Scritto da":"admin","Tempo di lettura stimato":"2 minuti"},"schema":{"@context":"https:\/\/schema.org","@graph":[{"@type":"Article","@id":"https:\/\/www.uilscuolaemiliaromagna.it\/public\/er\/2023\/11\/15\/uat-di-bologna-permessi-retribuiti-diritto-allo-studio-personale-comparto-scuola-anno-2024\/#article","isPartOf":{"@id":"https:\/\/www.uilscuolaemiliaromagna.it\/public\/er\/2023\/11\/15\/uat-di-bologna-permessi-retribuiti-diritto-allo-studio-personale-comparto-scuola-anno-2024\/"},"author":{"name":"admin","@id":"https:\/\/www.uilscuolaemiliaromagna.it\/public\/er\/#\/schema\/person\/f42878fd07a4b6ba2b7153d4fad5de5e"},"headline":"UAT di Bologna | Permessi retribuiti diritto allo studio personale comparto scuola. Anno 2024","datePublished":"2023-11-15T22:04:24+00:00","dateModified":"2023-11-30T18:54:13+00:00","mainEntityOfPage":{"@id":"https:\/\/www.uilscuolaemiliaromagna.it\/public\/er\/2023\/11\/15\/uat-di-bologna-permessi-retribuiti-diritto-allo-studio-personale-comparto-scuola-anno-2024\/"},"wordCount":283,"publisher":{"@id":"https:\/\/www.uilscuolaemiliaromagna.it\/public\/er\/#organization"},"articleSection":["ATA","Notizie","Personale Docente"],"inLanguage":"it-IT"},{"@type":"WebPage","@id":"https:\/\/www.uilscuolaemiliaromagna.it\/public\/er\/2023\/11\/15\/uat-di-bologna-permessi-retribuiti-diritto-allo-studio-personale-comparto-scuola-anno-2024\/","url":"https:\/\/www.uilscuolaemiliaromagna.it\/public\/er\/2023\/11\/15\/uat-di-bologna-permessi-retribuiti-diritto-allo-studio-personale-comparto-scuola-anno-2024\/","name":"UAT di Bologna | Permessi retribuiti diritto allo studio personale comparto scuola. Anno 2024 - Uil Scuola Emilia Romagna","isPartOf":{"@id":"https:\/\/www.uilscuolaemiliaromagna.it\/public\/er\/#website"},"datePublished":"2023-11-15T22:04:24+00:00","dateModified":"2023-11-30T18:54:13+00:00","breadcrumb":{"@id":"https:\/\/www.uilscuolaemiliaromagna.it\/public\/er\/2023\/11\/15\/uat-di-bologna-permessi-retribuiti-diritto-allo-studio-personale-comparto-scuola-anno-2024\/#breadcrumb"},"inLanguage":"it-IT","potentialAction":[{"@type":"ReadAction","target":["https:\/\/www.uilscuolaemiliaromagna.it\/public\/er\/2023\/11\/15\/uat-di-bologna-permessi-retribuiti-diritto-allo-studio-personale-comparto-scuola-anno-2024\/"]}]},{"@type":"BreadcrumbList","@id":"https:\/\/www.uilscuolaemiliaromagna.it\/public\/er\/2023\/11\/15\/uat-di-bologna-permessi-retribuiti-diritto-allo-studio-personale-comparto-scuola-anno-2024\/#breadcrumb","itemListElement":[{"@type":"ListItem","position":1,"name":"Home","item":"https:\/\/www.uilscuolaemiliaromagna.it\/public\/er\/"},{"@type":"ListItem","position":2,"name":"UAT di Bologna | Permessi retribuiti diritto allo studio personale comparto scuola. Anno 2024"}]},{"@type":"WebSite","@id":"https:\/\/www.uilscuolaemiliaromagna.it\/public\/er\/#website","url":"https:\/\/www.uilscuolaemiliaromagna.it\/public\/er\/","name":"Uil Scuola Emilia Romagna","description":"La voce libera della scuola","publisher":{"@id":"https:\/\/www.uilscuolaemiliaromagna.it\/public\/er\/#organization"},"potentialAction":[{"@type":"SearchAction","target":{"@type":"EntryPoint","urlTemplate":"https:\/\/www.uilscuolaemiliaromagna.it\/public\/er\/?s={search_term_string}"},"query-input":"required name=search_term_string"}],"inLanguage":"it-IT"},{"@type":"Organization","@id":"https:\/\/www.uilscuolaemiliaromagna.it\/public\/er\/#organization","name":"Uil Scuola Emilia Romagna","url":"https:\/\/www.uilscuolaemiliaromagna.it\/public\/er\/","logo":{"@type":"ImageObject","inLanguage":"it-IT","@id":"https:\/\/www.uilscuolaemiliaromagna.it\/public\/er\/#\/schema\/logo\/image\/","url":"https:\/\/www.uilscuolaemiliaromagna.it\/public\/er\/wp-content\/uploads\/2017\/04\/cropped-header.png","contentUrl":"https:\/\/www.uilscuolaemiliaromagna.it\/public\/er\/wp-content\/uploads\/2017\/04\/cropped-header.png","width":1000,"height":150,"caption":"Uil Scuola Emilia Romagna"},"image":{"@id":"https:\/\/www.uilscuolaemiliaromagna.it\/public\/er\/#\/schema\/logo\/image\/"}},{"@type":"Person","@id":"https:\/\/www.uilscuolaemiliaromagna.it\/public\/er\/#\/schema\/person\/f42878fd07a4b6ba2b7153d4fad5de5e","name":"admin","image":{"@type":"ImageObject","inLanguage":"it-IT","@id":"https:\/\/www.uilscuolaemiliaromagna.it\/public\/er\/#\/schema\/person\/image\/","url":"https:\/\/secure.gravatar.com\/avatar\/aebf815ae2f30ffdae8b8c247273d34c?s=96&d=mm&r=g","contentUrl":"https:\/\/secure.gravatar.com\/avatar\/aebf815ae2f30ffdae8b8c247273d34c?s=96&d=mm&r=g","caption":"admin"},"url":"https:\/\/www.uilscuolaemiliaromagna.it\/public\/er\/author\/admin\/"}]}},"views":785,"_links":{"self":[{"href":"https:\/\/www.uilscuolaemiliaromagna.it\/public\/er\/wp-json\/wp\/v2\/posts\/12189"}],"collection":[{"href":"https:\/\/www.uilscuolaemiliaromagna.it\/public\/er\/wp-json\/wp\/v2\/posts"}],"about":[{"href":"https:\/\/www.uilscuolaemiliaromagna.it\/public\/er\/wp-json\/wp\/v2\/types\/post"}],"author":[{"embeddable":true,"href":"https:\/\/www.uilscuolaemiliaromagna.it\/public\/er\/wp-json\/wp\/v2\/users\/1"}],"replies":[{"embeddable":true,"href":"https:\/\/www.uilscuolaemiliaromagna.it\/public\/er\/wp-json\/wp\/v2\/comments?post=12189"}],"version-history":[{"count":3,"href":"https:\/\/www.uilscuolaemiliaromagna.it\/public\/er\/wp-json\/wp\/v2\/posts\/12189\/revisions"}],"predecessor-version":[{"id":12193,"href":"https:\/\/www.uilscuolaemiliaromagna.it\/public\/er\/wp-json\/wp\/v2\/posts\/12189\/revisions\/12193"}],"wp:featuredmedia":[{"embeddable":true,"href":"https:\/\/www.uilscuolaemiliaromagna.it\/public\/er\/wp-json\/wp\/v2\/media\/12190"}],"wp:attachment":[{"href":"https:\/\/www.uilscuolaemiliaromagna.it\/public\/er\/wp-json\/wp\/v2\/media?parent=12189"}],"wp:term":[{"taxonomy":"category","embeddable":true,"href":"https:\/\/www.uilscuolaemiliaromagna.it\/public\/er\/wp-json\/wp\/v2\/categories?post=12189"},{"taxonomy":"post_tag","embeddable":true,"href":"https:\/\/www.uilscuolaemiliaromagna.it\/public\/er\/wp-json\/wp\/v2\/tags?post=12189"}],"curies":[{"name":"wp","href":"https:\/\/api.w.org\/{rel}","templated":true}]}}