{"id":13374,"date":"2024-04-23T23:19:55","date_gmt":"2024-04-23T21:19:55","guid":{"rendered":"https:\/\/www.uilscuolaemiliaromagna.it\/public\/er\/?p=13374"},"modified":"2026-02-01T18:42:26","modified_gmt":"2026-02-01T17:42:26","slug":"otto-punti-chiave-per-il-futuro-la-uil-lancia-il-suo-manifesto-per-scuola-e-universita","status":"publish","type":"post","link":"https:\/\/www.uilscuolaemiliaromagna.it\/public\/er\/2024\/04\/23\/otto-punti-chiave-per-il-futuro-la-uil-lancia-il-suo-manifesto-per-scuola-e-universita\/","title":{"rendered":"Otto punti chiave per il futuro: la Uil lancia il suo manifesto per scuola e universit\u00e0"},"content":{"rendered":"<div>\n<p><em>D\u2019Aprile: \u201cInvestire su scuola, universit\u00e0 e ricerca per dare valore al lavoro di tutti. Chiediamo alle forze politiche di assumersi la responsabilit\u00e0 di difendere il sistema nazionale di istruzione e evitare di distrarre le risorse dalle universit\u00e0 pubbliche alle universit\u00e0 private.<\/em><\/p>\n<p>Durante la manifestazione nazionale \u201cScegliamo il Futuro\u201d la Uil Scuola Rua ha presentato oggi, al Teatro Italia di Roma, il suo manifesto programmatico. Composto da otto punti chiave, mira al miglioramento della condizione del settore della conoscenza italiano.<br \/>\nL\u2019evento ha visto la partecipazione di oltre mille delegati provenienti da tutta Italia e rappresentanti del mondo della scuola, dell\u2019universit\u00e0 e dei principali comitati studenteschi.<\/p>\n<p><img loading=\"lazy\" decoding=\"async\" class=\"wp-image-36240 aligncenter\" src=\"https:\/\/uilscuola.it\/wp-content\/uploads\/2024\/04\/9bf75476-6bab-478e-90b8-58148ce863b5-1024x768.jpg\" sizes=\"(max-width: 675px) 100vw, 675px\" srcset=\"https:\/\/uilscuola.it\/wp-content\/uploads\/2024\/04\/9bf75476-6bab-478e-90b8-58148ce863b5-1024x768.jpg 1024w, https:\/\/uilscuola.it\/wp-content\/uploads\/2024\/04\/9bf75476-6bab-478e-90b8-58148ce863b5-300x225.jpg 300w, https:\/\/uilscuola.it\/wp-content\/uploads\/2024\/04\/9bf75476-6bab-478e-90b8-58148ce863b5-768x576.jpg 768w, https:\/\/uilscuola.it\/wp-content\/uploads\/2024\/04\/9bf75476-6bab-478e-90b8-58148ce863b5-1536x1152.jpg 1536w, https:\/\/uilscuola.it\/wp-content\/uploads\/2024\/04\/9bf75476-6bab-478e-90b8-58148ce863b5.jpg 1600w\" alt=\"\" width=\"675\" height=\"506\" \/><\/p>\n<p style=\"text-align: justify;\">La manifestazione di oggi \u00e8 un messaggio chiaro e forte ad una politica concentrata sulle sole scadenze elettorali e distratta rispetto alle gravi emergenze del Paese reale \u2013 dichiara Giuseppe D\u2019Aprile, Segretario generale della UIL Scuola Rua \u2013 Il diritto all\u2019istruzione va tolto dalle logiche divisive e dal terrendo dello scontro politico. Oggi ci siamo confrontati con tutti gli attori della scuola, una scuola che necessita di pi\u00f9 attenzioni, di una politica che mira a valorizzarla attraverso il personale che la fa funzionare tutti i giorni e che istruisce menti libere e critiche.<\/p>\n<p style=\"text-align: justify;\">Basta finanziare il settore privato a discapito del pubblico \u2013 spiega il Segretario generale Uil Rua Attilio Bombardieri \u2013 \u00e8 necessario investire in formazione e ricerca.<br \/>\nInoltre \u2013 prosegue Attilio Bombardieri \u2013 continuiamo ad opporci ad ogni ipotesi di regionalizzazione ed \u00e8 fondamentale garantire il diritto allo studio alle nuove generazioni, oggi in grandi difficolt\u00e0 economiche e sociali.<\/p>\n<p><img loading=\"lazy\" decoding=\"async\" class=\"wp-image-36242 aligncenter\" src=\"https:\/\/uilscuola.it\/wp-content\/uploads\/2024\/04\/b7153bc3-0b6c-4319-80fb-498f0b2e5e52-1024x768.jpg\" sizes=\"(max-width: 804px) 100vw, 804px\" srcset=\"https:\/\/uilscuola.it\/wp-content\/uploads\/2024\/04\/b7153bc3-0b6c-4319-80fb-498f0b2e5e52-1024x768.jpg 1024w, https:\/\/uilscuola.it\/wp-content\/uploads\/2024\/04\/b7153bc3-0b6c-4319-80fb-498f0b2e5e52-300x225.jpg 300w, https:\/\/uilscuola.it\/wp-content\/uploads\/2024\/04\/b7153bc3-0b6c-4319-80fb-498f0b2e5e52-768x576.jpg 768w, https:\/\/uilscuola.it\/wp-content\/uploads\/2024\/04\/b7153bc3-0b6c-4319-80fb-498f0b2e5e52-1536x1152.jpg 1536w, https:\/\/uilscuola.it\/wp-content\/uploads\/2024\/04\/b7153bc3-0b6c-4319-80fb-498f0b2e5e52.jpg 1600w\" alt=\"\" width=\"804\" height=\"603\" \/><\/p>\n<p style=\"text-align: justify;\">Gli 8 punti del manifesto includono:<br \/>\n<strong>1. LA SCUOLA FUORI DALL\u2019AUTONOMIA DIFFERENZIATA<\/strong><br \/>\nLa riduzione dei divari territoriali e il contrasto alla dispersione scolastica sono obiettivi che ci chiede l\u2019Europa e, entro il 2030. Questi obiettivi poco hanno a che fare con il disegno di autonomia differenziata e si collegano solo parzialmente al progetto di dimensionamento in atto che, secondo le direttive europee, andava realizzato contestualmente alla riduzione del numero di alunni per classe.<\/p>\n<p style=\"text-align: justify;\"><strong>2. I SETTORI DELLA CONOSCENZA FUORI DAL PATTO DI STABILITA\u2019<\/strong><br \/>\nLa spesa corrente per il sistema nazionale di scuola, universit\u00e0 e ricerca va tenuta fuori dalle politiche di austerity e riduzione della spesa. Investire in istruzione significa garantire sviluppo, coesione, inclusione al nostro Paese. Bisogna anche superare il metodo di calcolo della cosiddetta \u201cspesa storica\u201d, in base alla quale l\u2019attribuzione delle risorse viene effettuata sulla base di quanto speso in passato da uno stesso ente per uno stesso servizio. In pratica, riceve di pi\u00f9 chi garantisce determinati servizi, a svantaggio di chi non \u00e8 stato mai in grado di erogarli.<\/p>\n<p><img loading=\"lazy\" decoding=\"async\" class=\"size-large wp-image-36244 aligncenter\" src=\"https:\/\/uilscuola.it\/wp-content\/uploads\/2024\/04\/2adbfd17-cfbb-4a3f-898e-9a6a3baf6e33-1-1024x768.jpg\" sizes=\"(max-width: 1024px) 100vw, 1024px\" srcset=\"https:\/\/uilscuola.it\/wp-content\/uploads\/2024\/04\/2adbfd17-cfbb-4a3f-898e-9a6a3baf6e33-1-1024x768.jpg 1024w, https:\/\/uilscuola.it\/wp-content\/uploads\/2024\/04\/2adbfd17-cfbb-4a3f-898e-9a6a3baf6e33-1-300x225.jpg 300w, https:\/\/uilscuola.it\/wp-content\/uploads\/2024\/04\/2adbfd17-cfbb-4a3f-898e-9a6a3baf6e33-1-768x576.jpg 768w, https:\/\/uilscuola.it\/wp-content\/uploads\/2024\/04\/2adbfd17-cfbb-4a3f-898e-9a6a3baf6e33-1-1536x1152.jpg 1536w, https:\/\/uilscuola.it\/wp-content\/uploads\/2024\/04\/2adbfd17-cfbb-4a3f-898e-9a6a3baf6e33-1.jpg 1600w\" alt=\"\" width=\"1024\" height=\"768\" \/><\/p>\n<p><strong>I punti del manifesto includono:<\/strong><br \/>\n\u2013 Il miglioramento dei contratti per il personale della scuola, dell\u2019universit\u00e0 e della ricerca.<br \/>\n\u2013 L\u2019aumento delle retribuzioni per riconoscere il valore sociale del personale.<br \/>\n\u2013 La garanzia di docenti specializzati per gli alunni con disabilit\u00e0.<br \/>\n\u2013 La progressiva eliminazione del lavoro precario nel mondo della scuola.<br \/>\n\u2013 La programmazione di un piano di investimenti nel settore pubblico per universit\u00e0 e ricerca.<br \/>\n\u2013 La garanzia del diritto universale allo studio per tutti, specialmente per i giovani in difficolt\u00e0 economica.<\/p>\n<hr \/>\n<div id=\"gallery-1\" class=\"gallery galleryid-36237 gallery-columns-3 gallery-size-thumbnail\">\n<dl class=\"gallery-item\">\n<dt class=\"gallery-icon landscape\"><a href=\"https:\/\/uilscuola.it\/galleria\/scegliamo-il-futuro-le-immagini-della-nostra-manifestazione-di-roma\/attachment\/00\/\"><img loading=\"lazy\" decoding=\"async\" class=\"attachment-thumbnail size-thumbnail\" src=\"https:\/\/uilscuola.it\/wp-content\/uploads\/2024\/04\/00-150x150.jpg\" sizes=\"(max-width: 150px) 100vw, 150px\" srcset=\"https:\/\/uilscuola.it\/wp-content\/uploads\/2024\/04\/00-150x150.jpg 150w, https:\/\/uilscuola.it\/wp-content\/uploads\/2024\/04\/00-500x500.jpg 500w\" alt=\"\" width=\"150\" height=\"150\" \/><\/a><\/dt>\n<\/dl>\n<dl class=\"gallery-item\">\n<dt class=\"gallery-icon landscape\"><a href=\"https:\/\/uilscuola.it\/galleria\/scegliamo-il-futuro-le-immagini-della-nostra-manifestazione-di-roma\/attachment\/0\/\"><img loading=\"lazy\" decoding=\"async\" class=\"attachment-thumbnail size-thumbnail\" src=\"https:\/\/uilscuola.it\/wp-content\/uploads\/2024\/04\/0-150x150.jpg\" sizes=\"(max-width: 150px) 100vw, 150px\" srcset=\"https:\/\/uilscuola.it\/wp-content\/uploads\/2024\/04\/0-150x150.jpg 150w, https:\/\/uilscuola.it\/wp-content\/uploads\/2024\/04\/0-500x500.jpg 500w\" alt=\"\" width=\"150\" height=\"150\" \/><\/a><\/dt>\n<\/dl>\n<dl class=\"gallery-item\">\n<dt class=\"gallery-icon landscape\"><a href=\"https:\/\/uilscuola.it\/galleria\/scegliamo-il-futuro-le-immagini-della-nostra-manifestazione-di-roma\/2-12\/\"><img loading=\"lazy\" decoding=\"async\" class=\"attachment-thumbnail size-thumbnail\" src=\"https:\/\/uilscuola.it\/wp-content\/uploads\/2024\/04\/2-1-150x150.jpg\" sizes=\"(max-width: 150px) 100vw, 150px\" srcset=\"https:\/\/uilscuola.it\/wp-content\/uploads\/2024\/04\/2-1-150x150.jpg 150w, https:\/\/uilscuola.it\/wp-content\/uploads\/2024\/04\/2-1-500x500.jpg 500w\" alt=\"\" width=\"150\" height=\"150\" \/><\/a><\/dt>\n<\/dl>\n<dl class=\"gallery-item\">\n<dt class=\"gallery-icon landscape\"><a href=\"https:\/\/uilscuola.it\/galleria\/scegliamo-il-futuro-le-immagini-della-nostra-manifestazione-di-roma\/3-16\/\"><img loading=\"lazy\" decoding=\"async\" class=\"attachment-thumbnail size-thumbnail\" src=\"https:\/\/uilscuola.it\/wp-content\/uploads\/2024\/04\/3-1-150x150.jpg\" sizes=\"(max-width: 150px) 100vw, 150px\" srcset=\"https:\/\/uilscuola.it\/wp-content\/uploads\/2024\/04\/3-1-150x150.jpg 150w, https:\/\/uilscuola.it\/wp-content\/uploads\/2024\/04\/3-1-500x500.jpg 500w\" alt=\"\" width=\"150\" height=\"150\" \/><\/a><\/dt>\n<\/dl>\n<dl class=\"gallery-item\">\n<dt class=\"gallery-icon landscape\"><a href=\"https:\/\/uilscuola.it\/galleria\/scegliamo-il-futuro-le-immagini-della-nostra-manifestazione-di-roma\/4-9\/\"><img loading=\"lazy\" decoding=\"async\" class=\"attachment-thumbnail size-thumbnail\" src=\"https:\/\/uilscuola.it\/wp-content\/uploads\/2024\/04\/4-150x150.jpg\" sizes=\"(max-width: 150px) 100vw, 150px\" srcset=\"https:\/\/uilscuola.it\/wp-content\/uploads\/2024\/04\/4-150x150.jpg 150w, https:\/\/uilscuola.it\/wp-content\/uploads\/2024\/04\/4-500x500.jpg 500w\" alt=\"\" width=\"150\" height=\"150\" \/><\/a><\/dt>\n<\/dl>\n<dl class=\"gallery-item\">\n<dt class=\"gallery-icon landscape\"><a href=\"https:\/\/uilscuola.it\/galleria\/scegliamo-il-futuro-le-immagini-della-nostra-manifestazione-di-roma\/5-8\/\"><img loading=\"lazy\" decoding=\"async\" class=\"attachment-thumbnail size-thumbnail\" src=\"https:\/\/uilscuola.it\/wp-content\/uploads\/2024\/04\/5-1-150x150.jpg\" sizes=\"(max-width: 150px) 100vw, 150px\" srcset=\"https:\/\/uilscuola.it\/wp-content\/uploads\/2024\/04\/5-1-150x150.jpg 150w, https:\/\/uilscuola.it\/wp-content\/uploads\/2024\/04\/5-1-500x500.jpg 500w\" alt=\"\" width=\"150\" height=\"150\" \/><\/a><\/dt>\n<\/dl>\n<dl class=\"gallery-item\">\n<dt class=\"gallery-icon landscape\"><a href=\"https:\/\/uilscuola.it\/galleria\/scegliamo-il-futuro-le-immagini-della-nostra-manifestazione-di-roma\/6-7\/\"><img loading=\"lazy\" decoding=\"async\" class=\"attachment-thumbnail size-thumbnail\" src=\"https:\/\/uilscuola.it\/wp-content\/uploads\/2024\/04\/6-150x150.jpg\" sizes=\"(max-width: 150px) 100vw, 150px\" srcset=\"https:\/\/uilscuola.it\/wp-content\/uploads\/2024\/04\/6-150x150.jpg 150w, https:\/\/uilscuola.it\/wp-content\/uploads\/2024\/04\/6-500x500.jpg 500w\" alt=\"\" width=\"150\" height=\"150\" \/><\/a><\/dt>\n<\/dl>\n<dl class=\"gallery-item\">\n<dt class=\"gallery-icon landscape\"><a href=\"https:\/\/uilscuola.it\/galleria\/scegliamo-il-futuro-le-immagini-della-nostra-manifestazione-di-roma\/7-6\/\"><img loading=\"lazy\" decoding=\"async\" class=\"attachment-thumbnail size-thumbnail\" src=\"https:\/\/uilscuola.it\/wp-content\/uploads\/2024\/04\/7-150x150.jpg\" sizes=\"(max-width: 150px) 100vw, 150px\" srcset=\"https:\/\/uilscuola.it\/wp-content\/uploads\/2024\/04\/7-150x150.jpg 150w, https:\/\/uilscuola.it\/wp-content\/uploads\/2024\/04\/7-500x500.jpg 500w\" alt=\"\" width=\"150\" height=\"150\" \/><\/a><\/dt>\n<\/dl>\n<dl class=\"gallery-item\">\n<dt class=\"gallery-icon landscape\"><a href=\"https:\/\/uilscuola.it\/galleria\/scegliamo-il-futuro-le-immagini-della-nostra-manifestazione-di-roma\/8-8\/\"><img loading=\"lazy\" decoding=\"async\" class=\"attachment-thumbnail size-thumbnail\" src=\"https:\/\/uilscuola.it\/wp-content\/uploads\/2024\/04\/8-150x150.jpg\" sizes=\"(max-width: 150px) 100vw, 150px\" srcset=\"https:\/\/uilscuola.it\/wp-content\/uploads\/2024\/04\/8-150x150.jpg 150w, https:\/\/uilscuola.it\/wp-content\/uploads\/2024\/04\/8-500x500.jpg 500w\" alt=\"\" width=\"150\" height=\"150\" \/><\/a><\/dt>\n<\/dl>\n<dl class=\"gallery-item\">\n<dt class=\"gallery-icon landscape\"><a href=\"https:\/\/uilscuola.it\/galleria\/scegliamo-il-futuro-le-immagini-della-nostra-manifestazione-di-roma\/9-5\/\"><img loading=\"lazy\" decoding=\"async\" class=\"attachment-thumbnail size-thumbnail\" src=\"https:\/\/uilscuola.it\/wp-content\/uploads\/2024\/04\/9-150x150.jpg\" sizes=\"(max-width: 150px) 100vw, 150px\" srcset=\"https:\/\/uilscuola.it\/wp-content\/uploads\/2024\/04\/9-150x150.jpg 150w, https:\/\/uilscuola.it\/wp-content\/uploads\/2024\/04\/9-500x500.jpg 500w\" alt=\"\" width=\"150\" height=\"150\" \/><\/a><\/dt>\n<\/dl>\n<dl class=\"gallery-item\">\n<dt class=\"gallery-icon landscape\"><a href=\"https:\/\/uilscuola.it\/galleria\/scegliamo-il-futuro-le-immagini-della-nostra-manifestazione-di-roma\/10-4\/\"><img loading=\"lazy\" decoding=\"async\" class=\"attachment-thumbnail size-thumbnail\" src=\"https:\/\/uilscuola.it\/wp-content\/uploads\/2024\/04\/10-150x150.jpg\" sizes=\"(max-width: 150px) 100vw, 150px\" srcset=\"https:\/\/uilscuola.it\/wp-content\/uploads\/2024\/04\/10-150x150.jpg 150w, https:\/\/uilscuola.it\/wp-content\/uploads\/2024\/04\/10-500x500.jpg 500w\" alt=\"\" width=\"150\" height=\"150\" \/><\/a><\/dt>\n<\/dl>\n<dl class=\"gallery-item\">\n<dt class=\"gallery-icon landscape\"><a href=\"https:\/\/uilscuola.it\/galleria\/scegliamo-il-futuro-le-immagini-della-nostra-manifestazione-di-roma\/11-5\/\"><img loading=\"lazy\" decoding=\"async\" class=\"attachment-thumbnail size-thumbnail\" src=\"https:\/\/uilscuola.it\/wp-content\/uploads\/2024\/04\/11-150x150.jpg\" sizes=\"(max-width: 150px) 100vw, 150px\" srcset=\"https:\/\/uilscuola.it\/wp-content\/uploads\/2024\/04\/11-150x150.jpg 150w, https:\/\/uilscuola.it\/wp-content\/uploads\/2024\/04\/11-500x500.jpg 500w\" alt=\"\" width=\"150\" height=\"150\" \/><\/a><\/dt>\n<\/dl>\n<dl class=\"gallery-item\">\n<dt class=\"gallery-icon landscape\"><a href=\"https:\/\/uilscuola.it\/galleria\/scegliamo-il-futuro-le-immagini-della-nostra-manifestazione-di-roma\/attachment\/18\/\"><img loading=\"lazy\" decoding=\"async\" class=\"attachment-thumbnail size-thumbnail\" src=\"https:\/\/uilscuola.it\/wp-content\/uploads\/2024\/04\/18-150x150.jpg\" sizes=\"(max-width: 150px) 100vw, 150px\" srcset=\"https:\/\/uilscuola.it\/wp-content\/uploads\/2024\/04\/18-150x150.jpg 150w, https:\/\/uilscuola.it\/wp-content\/uploads\/2024\/04\/18-500x500.jpg 500w\" alt=\"\" width=\"150\" height=\"150\" \/><\/a><\/dt>\n<\/dl>\n<dl class=\"gallery-item\">\n<dt class=\"gallery-icon landscape\"><a href=\"https:\/\/uilscuola.it\/galleria\/scegliamo-il-futuro-le-immagini-della-nostra-manifestazione-di-roma\/12-5\/\"><img loading=\"lazy\" decoding=\"async\" class=\"attachment-thumbnail size-thumbnail\" src=\"https:\/\/uilscuola.it\/wp-content\/uploads\/2024\/04\/12-150x150.jpg\" sizes=\"(max-width: 150px) 100vw, 150px\" srcset=\"https:\/\/uilscuola.it\/wp-content\/uploads\/2024\/04\/12-150x150.jpg 150w, https:\/\/uilscuola.it\/wp-content\/uploads\/2024\/04\/12-500x500.jpg 500w\" alt=\"\" width=\"150\" height=\"150\" \/><\/a><\/dt>\n<\/dl>\n<dl class=\"gallery-item\">\n<dt class=\"gallery-icon landscape\"><a href=\"https:\/\/uilscuola.it\/galleria\/scegliamo-il-futuro-le-immagini-della-nostra-manifestazione-di-roma\/13-4\/\"><img loading=\"lazy\" decoding=\"async\" class=\"attachment-thumbnail size-thumbnail\" src=\"https:\/\/uilscuola.it\/wp-content\/uploads\/2024\/04\/13-150x150.jpg\" sizes=\"(max-width: 150px) 100vw, 150px\" srcset=\"https:\/\/uilscuola.it\/wp-content\/uploads\/2024\/04\/13-150x150.jpg 150w, https:\/\/uilscuola.it\/wp-content\/uploads\/2024\/04\/13-500x500.jpg 500w\" alt=\"\" width=\"150\" height=\"150\" \/><\/a><\/dt>\n<\/dl>\n<dl class=\"gallery-item\">\n<dt class=\"gallery-icon landscape\"><a href=\"https:\/\/uilscuola.it\/galleria\/scegliamo-il-futuro-le-immagini-della-nostra-manifestazione-di-roma\/14-2\/\"><img loading=\"lazy\" decoding=\"async\" class=\"attachment-thumbnail size-thumbnail\" src=\"https:\/\/uilscuola.it\/wp-content\/uploads\/2024\/04\/14-150x150.jpg\" sizes=\"(max-width: 150px) 100vw, 150px\" srcset=\"https:\/\/uilscuola.it\/wp-content\/uploads\/2024\/04\/14-150x150.jpg 150w, https:\/\/uilscuola.it\/wp-content\/uploads\/2024\/04\/14-500x500.jpg 500w\" alt=\"\" width=\"150\" height=\"150\" \/><\/a><\/dt>\n<\/dl>\n<dl class=\"gallery-item\">\n<dt class=\"gallery-icon landscape\"><a href=\"https:\/\/uilscuola.it\/galleria\/scegliamo-il-futuro-le-immagini-della-nostra-manifestazione-di-roma\/16-2\/\"><img loading=\"lazy\" decoding=\"async\" class=\"attachment-thumbnail size-thumbnail\" src=\"https:\/\/uilscuola.it\/wp-content\/uploads\/2024\/04\/16-150x150.jpg\" sizes=\"(max-width: 150px) 100vw, 150px\" srcset=\"https:\/\/uilscuola.it\/wp-content\/uploads\/2024\/04\/16-150x150.jpg 150w, https:\/\/uilscuola.it\/wp-content\/uploads\/2024\/04\/16-500x500.jpg 500w\" alt=\"\" width=\"150\" height=\"150\" \/><\/a><\/dt>\n<\/dl>\n<dl class=\"gallery-item\">\n<dt class=\"gallery-icon landscape\"><a href=\"https:\/\/uilscuola.it\/galleria\/scegliamo-il-futuro-le-immagini-della-nostra-manifestazione-di-roma\/17-2\/\"><img loading=\"lazy\" decoding=\"async\" class=\"attachment-thumbnail size-thumbnail\" src=\"https:\/\/uilscuola.it\/wp-content\/uploads\/2024\/04\/17-150x150.jpg\" sizes=\"(max-width: 150px) 100vw, 150px\" srcset=\"https:\/\/uilscuola.it\/wp-content\/uploads\/2024\/04\/17-150x150.jpg 150w, https:\/\/uilscuola.it\/wp-content\/uploads\/2024\/04\/17-500x500.jpg 500w\" alt=\"\" width=\"150\" height=\"150\" \/><\/a><\/dt>\n<\/dl>\n<\/div>\n<p>&nbsp;<\/p>\n<hr \/>\n<div class=\"fluid-width-video-wrapper\"><iframe id=\"fitvid0\" title=\"&quot;SCEGLIAMO IL FUTURO&quot; - Manifestazione Uil Scuola Rua. Il tributo a Nuccio Ordine\" src=\"https:\/\/www.youtube.com\/embed\/hEdUp0AbP40?feature=oembed\" frameborder=\"0\" allowfullscreen=\"allowfullscreen\" data-mce-fragment=\"1\"><\/iframe><\/div>\n<div class=\"fluid-width-video-wrapper\"><iframe id=\"fitvid1\" title=\"Detto ieri, VALE OGGI -  Manifestazione Uil Scuola Rua &quot;Scegliamo il Futuro&quot;\" src=\"https:\/\/www.youtube.com\/embed\/1lSOD2ht9wo?feature=oembed\" frameborder=\"0\" allowfullscreen=\"allowfullscreen\" data-mce-fragment=\"1\"><\/iframe><\/div>\n<\/div>\n<div class=\"clear\"><\/div>\n<h6 id=\"allegati\">fonte:\u00a0<a href=\"https:\/\/uilscuola.it\/otto-punti-chiave-per-la-scuola-la-uil-lancia-il-suo-manifesto-per-scuola-e-universita\/\" target=\"_blank\" rel=\"noopener\">FEDERAZIONE UIL Scuola RUA<\/a><\/h6>\n\n<div class=\"twitter-share\"><a href=\"https:\/\/twitter.com\/intent\/tweet?via=UILScuolaBO_ER\" class=\"twitter-share-button\" data-size=\"large\">Tweet<\/a><\/div>\n","protected":false},"excerpt":{"rendered":"<p>D\u2019Aprile: \u201cInvestire su scuola, universit\u00e0 e ricerca per dare valore al lavoro di tutti. Chiediamo alle forze politiche di assumersi la responsabilit\u00e0 di difendere il &hellip; <\/p>\n","protected":false},"author":1,"featured_media":13375,"comment_status":"closed","ping_status":"open","sticky":false,"template":"","format":"standard","meta":{"footnotes":""},"categories":[2,3,12,6,7],"tags":[],"yoast_head":"<!-- This site is optimized with the Yoast SEO plugin v21.7 - https:\/\/yoast.com\/wordpress\/plugins\/seo\/ -->\r\n<title>Otto punti chiave per il futuro: la Uil lancia il suo manifesto per scuola e universit\u00e0 - Uil Scuola Emilia Romagna<\/title>\r\n<meta name=\"robots\" content=\"index, follow, max-snippet:-1, max-image-preview:large, max-video-preview:-1\" \/>\r\n<link rel=\"canonical\" href=\"https:\/\/www.uilscuolaemiliaromagna.it\/public\/er\/2024\/04\/23\/otto-punti-chiave-per-il-futuro-la-uil-lancia-il-suo-manifesto-per-scuola-e-universita\/\" \/>\r\n<meta property=\"og:locale\" content=\"it_IT\" \/>\r\n<meta property=\"og:type\" content=\"article\" \/>\r\n<meta property=\"og:title\" content=\"Otto punti chiave per il futuro: la Uil lancia il suo manifesto per scuola e universit\u00e0 - Uil Scuola Emilia Romagna\" \/>\r\n<meta property=\"og:description\" content=\"D\u2019Aprile: \u201cInvestire su scuola, universit\u00e0 e ricerca per dare valore al lavoro di tutti. Chiediamo alle forze politiche di assumersi la responsabilit\u00e0 di difendere il &hellip;\" \/>\r\n<meta property=\"og:url\" content=\"https:\/\/www.uilscuolaemiliaromagna.it\/public\/er\/2024\/04\/23\/otto-punti-chiave-per-il-futuro-la-uil-lancia-il-suo-manifesto-per-scuola-e-universita\/\" \/>\r\n<meta property=\"og:site_name\" content=\"Uil Scuola Emilia Romagna\" \/>\r\n<meta property=\"article:published_time\" content=\"2024-04-23T21:19:55+00:00\" \/>\r\n<meta property=\"article:modified_time\" content=\"2026-02-01T17:42:26+00:00\" \/>\r\n<meta property=\"og:image\" content=\"https:\/\/www.uilscuolaemiliaromagna.it\/public\/er\/wp-content\/uploads\/2024\/04\/manifestazione.jpg\" \/>\r\n\t<meta property=\"og:image:width\" content=\"768\" \/>\r\n\t<meta property=\"og:image:height\" content=\"576\" \/>\r\n\t<meta property=\"og:image:type\" content=\"image\/jpeg\" \/>\r\n<meta name=\"author\" content=\"admin\" \/>\r\n<meta name=\"twitter:card\" content=\"summary_large_image\" \/>\r\n<meta name=\"twitter:label1\" content=\"Scritto da\" \/>\n\t<meta name=\"twitter:data1\" content=\"admin\" \/>\n\t<meta name=\"twitter:label2\" content=\"Tempo di lettura stimato\" \/>\n\t<meta name=\"twitter:data2\" content=\"8 minuti\" \/>\r\n<script type=\"application\/ld+json\" class=\"yoast-schema-graph\">{\"@context\":\"https:\/\/schema.org\",\"@graph\":[{\"@type\":\"Article\",\"@id\":\"https:\/\/www.uilscuolaemiliaromagna.it\/public\/er\/2024\/04\/23\/otto-punti-chiave-per-il-futuro-la-uil-lancia-il-suo-manifesto-per-scuola-e-universita\/#article\",\"isPartOf\":{\"@id\":\"https:\/\/www.uilscuolaemiliaromagna.it\/public\/er\/2024\/04\/23\/otto-punti-chiave-per-il-futuro-la-uil-lancia-il-suo-manifesto-per-scuola-e-universita\/\"},\"author\":{\"name\":\"admin\",\"@id\":\"https:\/\/www.uilscuolaemiliaromagna.it\/public\/er\/#\/schema\/person\/f42878fd07a4b6ba2b7153d4fad5de5e\"},\"headline\":\"Otto punti chiave per il futuro: la Uil lancia il suo manifesto per scuola e universit\u00e0\",\"datePublished\":\"2024-04-23T21:19:55+00:00\",\"dateModified\":\"2026-02-01T17:42:26+00:00\",\"mainEntityOfPage\":{\"@id\":\"https:\/\/www.uilscuolaemiliaromagna.it\/public\/er\/2024\/04\/23\/otto-punti-chiave-per-il-futuro-la-uil-lancia-il-suo-manifesto-per-scuola-e-universita\/\"},\"wordCount\":524,\"publisher\":{\"@id\":\"https:\/\/www.uilscuolaemiliaromagna.it\/public\/er\/#organization\"},\"articleSection\":[\"ATA\",\"Dirigenti\",\"Notizie\",\"Personale Docente\",\"Personale Educativo\"],\"inLanguage\":\"it-IT\"},{\"@type\":\"WebPage\",\"@id\":\"https:\/\/www.uilscuolaemiliaromagna.it\/public\/er\/2024\/04\/23\/otto-punti-chiave-per-il-futuro-la-uil-lancia-il-suo-manifesto-per-scuola-e-universita\/\",\"url\":\"https:\/\/www.uilscuolaemiliaromagna.it\/public\/er\/2024\/04\/23\/otto-punti-chiave-per-il-futuro-la-uil-lancia-il-suo-manifesto-per-scuola-e-universita\/\",\"name\":\"Otto punti chiave per il futuro: la Uil lancia il suo manifesto per scuola e universit\u00e0 - Uil Scuola Emilia Romagna\",\"isPartOf\":{\"@id\":\"https:\/\/www.uilscuolaemiliaromagna.it\/public\/er\/#website\"},\"datePublished\":\"2024-04-23T21:19:55+00:00\",\"dateModified\":\"2026-02-01T17:42:26+00:00\",\"breadcrumb\":{\"@id\":\"https:\/\/www.uilscuolaemiliaromagna.it\/public\/er\/2024\/04\/23\/otto-punti-chiave-per-il-futuro-la-uil-lancia-il-suo-manifesto-per-scuola-e-universita\/#breadcrumb\"},\"inLanguage\":\"it-IT\",\"potentialAction\":[{\"@type\":\"ReadAction\",\"target\":[\"https:\/\/www.uilscuolaemiliaromagna.it\/public\/er\/2024\/04\/23\/otto-punti-chiave-per-il-futuro-la-uil-lancia-il-suo-manifesto-per-scuola-e-universita\/\"]}]},{\"@type\":\"BreadcrumbList\",\"@id\":\"https:\/\/www.uilscuolaemiliaromagna.it\/public\/er\/2024\/04\/23\/otto-punti-chiave-per-il-futuro-la-uil-lancia-il-suo-manifesto-per-scuola-e-universita\/#breadcrumb\",\"itemListElement\":[{\"@type\":\"ListItem\",\"position\":1,\"name\":\"Home\",\"item\":\"https:\/\/www.uilscuolaemiliaromagna.it\/public\/er\/\"},{\"@type\":\"ListItem\",\"position\":2,\"name\":\"Otto punti chiave per il futuro: la Uil lancia il suo manifesto per scuola e universit\u00e0\"}]},{\"@type\":\"WebSite\",\"@id\":\"https:\/\/www.uilscuolaemiliaromagna.it\/public\/er\/#website\",\"url\":\"https:\/\/www.uilscuolaemiliaromagna.it\/public\/er\/\",\"name\":\"Uil Scuola Emilia Romagna\",\"description\":\"La voce libera della scuola\",\"publisher\":{\"@id\":\"https:\/\/www.uilscuolaemiliaromagna.it\/public\/er\/#organization\"},\"potentialAction\":[{\"@type\":\"SearchAction\",\"target\":{\"@type\":\"EntryPoint\",\"urlTemplate\":\"https:\/\/www.uilscuolaemiliaromagna.it\/public\/er\/?s={search_term_string}\"},\"query-input\":\"required name=search_term_string\"}],\"inLanguage\":\"it-IT\"},{\"@type\":\"Organization\",\"@id\":\"https:\/\/www.uilscuolaemiliaromagna.it\/public\/er\/#organization\",\"name\":\"Uil Scuola Emilia Romagna\",\"url\":\"https:\/\/www.uilscuolaemiliaromagna.it\/public\/er\/\",\"logo\":{\"@type\":\"ImageObject\",\"inLanguage\":\"it-IT\",\"@id\":\"https:\/\/www.uilscuolaemiliaromagna.it\/public\/er\/#\/schema\/logo\/image\/\",\"url\":\"https:\/\/www.uilscuolaemiliaromagna.it\/public\/er\/wp-content\/uploads\/2017\/04\/cropped-header.png\",\"contentUrl\":\"https:\/\/www.uilscuolaemiliaromagna.it\/public\/er\/wp-content\/uploads\/2017\/04\/cropped-header.png\",\"width\":1000,\"height\":150,\"caption\":\"Uil Scuola Emilia Romagna\"},\"image\":{\"@id\":\"https:\/\/www.uilscuolaemiliaromagna.it\/public\/er\/#\/schema\/logo\/image\/\"}},{\"@type\":\"Person\",\"@id\":\"https:\/\/www.uilscuolaemiliaromagna.it\/public\/er\/#\/schema\/person\/f42878fd07a4b6ba2b7153d4fad5de5e\",\"name\":\"admin\",\"image\":{\"@type\":\"ImageObject\",\"inLanguage\":\"it-IT\",\"@id\":\"https:\/\/www.uilscuolaemiliaromagna.it\/public\/er\/#\/schema\/person\/image\/\",\"url\":\"https:\/\/secure.gravatar.com\/avatar\/aebf815ae2f30ffdae8b8c247273d34c?s=96&d=mm&r=g\",\"contentUrl\":\"https:\/\/secure.gravatar.com\/avatar\/aebf815ae2f30ffdae8b8c247273d34c?s=96&d=mm&r=g\",\"caption\":\"admin\"},\"url\":\"https:\/\/www.uilscuolaemiliaromagna.it\/public\/er\/author\/admin\/\"}]}<\/script>\r\n<!-- \/ Yoast SEO plugin. -->","yoast_head_json":{"title":"Otto punti chiave per il futuro: la Uil lancia il suo manifesto per scuola e universit\u00e0 - Uil Scuola Emilia Romagna","robots":{"index":"index","follow":"follow","max-snippet":"max-snippet:-1","max-image-preview":"max-image-preview:large","max-video-preview":"max-video-preview:-1"},"canonical":"https:\/\/www.uilscuolaemiliaromagna.it\/public\/er\/2024\/04\/23\/otto-punti-chiave-per-il-futuro-la-uil-lancia-il-suo-manifesto-per-scuola-e-universita\/","og_locale":"it_IT","og_type":"article","og_title":"Otto punti chiave per il futuro: la Uil lancia il suo manifesto per scuola e universit\u00e0 - Uil Scuola Emilia Romagna","og_description":"D\u2019Aprile: \u201cInvestire su scuola, universit\u00e0 e ricerca per dare valore al lavoro di tutti. Chiediamo alle forze politiche di assumersi la responsabilit\u00e0 di difendere il &hellip;","og_url":"https:\/\/www.uilscuolaemiliaromagna.it\/public\/er\/2024\/04\/23\/otto-punti-chiave-per-il-futuro-la-uil-lancia-il-suo-manifesto-per-scuola-e-universita\/","og_site_name":"Uil Scuola Emilia Romagna","article_published_time":"2024-04-23T21:19:55+00:00","article_modified_time":"2026-02-01T17:42:26+00:00","og_image":[{"width":768,"height":576,"url":"https:\/\/www.uilscuolaemiliaromagna.it\/public\/er\/wp-content\/uploads\/2024\/04\/manifestazione.jpg","type":"image\/jpeg"}],"author":"admin","twitter_card":"summary_large_image","twitter_misc":{"Scritto da":"admin","Tempo di lettura stimato":"8 minuti"},"schema":{"@context":"https:\/\/schema.org","@graph":[{"@type":"Article","@id":"https:\/\/www.uilscuolaemiliaromagna.it\/public\/er\/2024\/04\/23\/otto-punti-chiave-per-il-futuro-la-uil-lancia-il-suo-manifesto-per-scuola-e-universita\/#article","isPartOf":{"@id":"https:\/\/www.uilscuolaemiliaromagna.it\/public\/er\/2024\/04\/23\/otto-punti-chiave-per-il-futuro-la-uil-lancia-il-suo-manifesto-per-scuola-e-universita\/"},"author":{"name":"admin","@id":"https:\/\/www.uilscuolaemiliaromagna.it\/public\/er\/#\/schema\/person\/f42878fd07a4b6ba2b7153d4fad5de5e"},"headline":"Otto punti chiave per il futuro: la Uil lancia il suo manifesto per scuola e universit\u00e0","datePublished":"2024-04-23T21:19:55+00:00","dateModified":"2026-02-01T17:42:26+00:00","mainEntityOfPage":{"@id":"https:\/\/www.uilscuolaemiliaromagna.it\/public\/er\/2024\/04\/23\/otto-punti-chiave-per-il-futuro-la-uil-lancia-il-suo-manifesto-per-scuola-e-universita\/"},"wordCount":524,"publisher":{"@id":"https:\/\/www.uilscuolaemiliaromagna.it\/public\/er\/#organization"},"articleSection":["ATA","Dirigenti","Notizie","Personale Docente","Personale Educativo"],"inLanguage":"it-IT"},{"@type":"WebPage","@id":"https:\/\/www.uilscuolaemiliaromagna.it\/public\/er\/2024\/04\/23\/otto-punti-chiave-per-il-futuro-la-uil-lancia-il-suo-manifesto-per-scuola-e-universita\/","url":"https:\/\/www.uilscuolaemiliaromagna.it\/public\/er\/2024\/04\/23\/otto-punti-chiave-per-il-futuro-la-uil-lancia-il-suo-manifesto-per-scuola-e-universita\/","name":"Otto punti chiave per il futuro: la Uil lancia il suo manifesto per scuola e universit\u00e0 - Uil Scuola Emilia Romagna","isPartOf":{"@id":"https:\/\/www.uilscuolaemiliaromagna.it\/public\/er\/#website"},"datePublished":"2024-04-23T21:19:55+00:00","dateModified":"2026-02-01T17:42:26+00:00","breadcrumb":{"@id":"https:\/\/www.uilscuolaemiliaromagna.it\/public\/er\/2024\/04\/23\/otto-punti-chiave-per-il-futuro-la-uil-lancia-il-suo-manifesto-per-scuola-e-universita\/#breadcrumb"},"inLanguage":"it-IT","potentialAction":[{"@type":"ReadAction","target":["https:\/\/www.uilscuolaemiliaromagna.it\/public\/er\/2024\/04\/23\/otto-punti-chiave-per-il-futuro-la-uil-lancia-il-suo-manifesto-per-scuola-e-universita\/"]}]},{"@type":"BreadcrumbList","@id":"https:\/\/www.uilscuolaemiliaromagna.it\/public\/er\/2024\/04\/23\/otto-punti-chiave-per-il-futuro-la-uil-lancia-il-suo-manifesto-per-scuola-e-universita\/#breadcrumb","itemListElement":[{"@type":"ListItem","position":1,"name":"Home","item":"https:\/\/www.uilscuolaemiliaromagna.it\/public\/er\/"},{"@type":"ListItem","position":2,"name":"Otto punti chiave per il futuro: la Uil lancia il suo manifesto per scuola e universit\u00e0"}]},{"@type":"WebSite","@id":"https:\/\/www.uilscuolaemiliaromagna.it\/public\/er\/#website","url":"https:\/\/www.uilscuolaemiliaromagna.it\/public\/er\/","name":"Uil Scuola Emilia Romagna","description":"La voce libera della scuola","publisher":{"@id":"https:\/\/www.uilscuolaemiliaromagna.it\/public\/er\/#organization"},"potentialAction":[{"@type":"SearchAction","target":{"@type":"EntryPoint","urlTemplate":"https:\/\/www.uilscuolaemiliaromagna.it\/public\/er\/?s={search_term_string}"},"query-input":"required name=search_term_string"}],"inLanguage":"it-IT"},{"@type":"Organization","@id":"https:\/\/www.uilscuolaemiliaromagna.it\/public\/er\/#organization","name":"Uil Scuola Emilia Romagna","url":"https:\/\/www.uilscuolaemiliaromagna.it\/public\/er\/","logo":{"@type":"ImageObject","inLanguage":"it-IT","@id":"https:\/\/www.uilscuolaemiliaromagna.it\/public\/er\/#\/schema\/logo\/image\/","url":"https:\/\/www.uilscuolaemiliaromagna.it\/public\/er\/wp-content\/uploads\/2017\/04\/cropped-header.png","contentUrl":"https:\/\/www.uilscuolaemiliaromagna.it\/public\/er\/wp-content\/uploads\/2017\/04\/cropped-header.png","width":1000,"height":150,"caption":"Uil Scuola Emilia Romagna"},"image":{"@id":"https:\/\/www.uilscuolaemiliaromagna.it\/public\/er\/#\/schema\/logo\/image\/"}},{"@type":"Person","@id":"https:\/\/www.uilscuolaemiliaromagna.it\/public\/er\/#\/schema\/person\/f42878fd07a4b6ba2b7153d4fad5de5e","name":"admin","image":{"@type":"ImageObject","inLanguage":"it-IT","@id":"https:\/\/www.uilscuolaemiliaromagna.it\/public\/er\/#\/schema\/person\/image\/","url":"https:\/\/secure.gravatar.com\/avatar\/aebf815ae2f30ffdae8b8c247273d34c?s=96&d=mm&r=g","contentUrl":"https:\/\/secure.gravatar.com\/avatar\/aebf815ae2f30ffdae8b8c247273d34c?s=96&d=mm&r=g","caption":"admin"},"url":"https:\/\/www.uilscuolaemiliaromagna.it\/public\/er\/author\/admin\/"}]}},"views":809,"_links":{"self":[{"href":"https:\/\/www.uilscuolaemiliaromagna.it\/public\/er\/wp-json\/wp\/v2\/posts\/13374"}],"collection":[{"href":"https:\/\/www.uilscuolaemiliaromagna.it\/public\/er\/wp-json\/wp\/v2\/posts"}],"about":[{"href":"https:\/\/www.uilscuolaemiliaromagna.it\/public\/er\/wp-json\/wp\/v2\/types\/post"}],"author":[{"embeddable":true,"href":"https:\/\/www.uilscuolaemiliaromagna.it\/public\/er\/wp-json\/wp\/v2\/users\/1"}],"replies":[{"embeddable":true,"href":"https:\/\/www.uilscuolaemiliaromagna.it\/public\/er\/wp-json\/wp\/v2\/comments?post=13374"}],"version-history":[{"count":1,"href":"https:\/\/www.uilscuolaemiliaromagna.it\/public\/er\/wp-json\/wp\/v2\/posts\/13374\/revisions"}],"predecessor-version":[{"id":13376,"href":"https:\/\/www.uilscuolaemiliaromagna.it\/public\/er\/wp-json\/wp\/v2\/posts\/13374\/revisions\/13376"}],"wp:featuredmedia":[{"embeddable":true,"href":"https:\/\/www.uilscuolaemiliaromagna.it\/public\/er\/wp-json\/wp\/v2\/media\/13375"}],"wp:attachment":[{"href":"https:\/\/www.uilscuolaemiliaromagna.it\/public\/er\/wp-json\/wp\/v2\/media?parent=13374"}],"wp:term":[{"taxonomy":"category","embeddable":true,"href":"https:\/\/www.uilscuolaemiliaromagna.it\/public\/er\/wp-json\/wp\/v2\/categories?post=13374"},{"taxonomy":"post_tag","embeddable":true,"href":"https:\/\/www.uilscuolaemiliaromagna.it\/public\/er\/wp-json\/wp\/v2\/tags?post=13374"}],"curies":[{"name":"wp","href":"https:\/\/api.w.org\/{rel}","templated":true}]}}