{"id":13472,"date":"2024-05-22T18:50:32","date_gmt":"2024-05-22T16:50:32","guid":{"rendered":"https:\/\/www.uilscuolaemiliaromagna.it\/public\/er\/?p=13472"},"modified":"2024-07-04T21:25:46","modified_gmt":"2024-07-04T19:25:46","slug":"terza-fascia-ata-domande-dal-28-maggio-al-28-giugno","status":"publish","type":"post","link":"https:\/\/www.uilscuolaemiliaromagna.it\/public\/er\/2024\/05\/22\/terza-fascia-ata-domande-dal-28-maggio-al-28-giugno\/","title":{"rendered":"Terza Fascia ATA, domande dal 28 maggio al 28 giugno"},"content":{"rendered":"<div>\n<h3><strong>Grazie alla nostra determinazione non ci sar\u00e0 nessuno slittamento.<\/strong><\/h3>\n<p style=\"text-align: justify;\">Il Ministero dell\u2019Istruzione e del Merito, con la pubblicazione del Decreto Ministeriale N. 89 del 21 maggio 2024, ha previsto l\u2019apertura delle graduatorie di terza fascia di istituto per il personale ATA (nuovi inserimenti e aggiornamento). Le domande potranno essere presentate dal 28 maggio al 28 giugno.<\/p>\n<p style=\"text-align: justify;\">Come in pi\u00f9 occasioni rivendicato dalla Federazione Uil Scuola Rua, non \u00e8 previsto nessuno slittamento delle graduatorie e resta confermata la validit\u00e0 della certificazione dell\u2019attestato di dattilografia.<img loading=\"lazy\" decoding=\"async\" class=\"wp-image-37006 aligncenter\" src=\"https:\/\/uilscuola.it\/wp-content\/uploads\/2024\/05\/TERZA-FASCIA-ATA-SLITTAMENTO-UIL-SCUOLA-RUA-1024x1024.png\" sizes=\"(max-width: 578px) 100vw, 578px\" srcset=\"https:\/\/uilscuola.it\/wp-content\/uploads\/2024\/05\/TERZA-FASCIA-ATA-SLITTAMENTO-UIL-SCUOLA-RUA-1024x1024.png 1024w, https:\/\/uilscuola.it\/wp-content\/uploads\/2024\/05\/TERZA-FASCIA-ATA-SLITTAMENTO-UIL-SCUOLA-RUA-300x300.png 300w, https:\/\/uilscuola.it\/wp-content\/uploads\/2024\/05\/TERZA-FASCIA-ATA-SLITTAMENTO-UIL-SCUOLA-RUA-150x150.png 150w, https:\/\/uilscuola.it\/wp-content\/uploads\/2024\/05\/TERZA-FASCIA-ATA-SLITTAMENTO-UIL-SCUOLA-RUA-768x768.png 768w, https:\/\/uilscuola.it\/wp-content\/uploads\/2024\/05\/TERZA-FASCIA-ATA-SLITTAMENTO-UIL-SCUOLA-RUA-500x500.png 500w, https:\/\/uilscuola.it\/wp-content\/uploads\/2024\/05\/TERZA-FASCIA-ATA-SLITTAMENTO-UIL-SCUOLA-RUA.png 1080w\" alt=\"\" width=\"578\" height=\"578\" \/><\/p>\n<p style=\"text-align: justify;\"><strong>Requisiti per i Diversi Profili ATA<\/strong><\/p>\n<p style=\"text-align: justify;\"><strong>Assistente Amministrativo<\/strong><br \/>\nDiploma di scuola superiore.<br \/>\nCertificazione internazionale di competenza digitale.<\/p>\n<p style=\"text-align: justify;\"><strong>Assistente Tecnico<\/strong><br \/>\nDiploma di scuola superiore relativo al settore professionale specifico.<br \/>\nCertificazione internazionale di competenza digitale.<\/p>\n<p style=\"text-align: justify;\"><strong>Cuoco<\/strong><br \/>\nDiploma di scuola superiore con qualifica di tecnico dei servizi di ristorazione (settore cucina).<br \/>\nCertificazione internazionale di competenza digitale.<\/p>\n<p style=\"text-align: justify;\"><strong>Infermiere<\/strong><br \/>\nLaurea in scienze infermieristiche o titolo equivalente riconosciuto per l\u2019esercizio della professione.<br \/>\nCertificazione internazionale di competenza digitale.<\/p>\n<p style=\"text-align: justify;\"><strong>Guardarobiere<\/strong><br \/>\nDiploma professionale di operatore di moda o diploma di scuola superiore nel settore moda.<br \/>\nCertificazione internazionale di competenza digitale.<\/p>\n<p style=\"text-align: justify;\"><strong>Operatore dei Servizi Agrari<\/strong><br \/>\nAttestato di qualifica professionale in uno dei seguenti ambiti: operatore agrituristico, agroindustriale, agroambientale, agroalimentare.<br \/>\nCertificazione internazionale di competenza digitale.<\/p>\n<p style=\"text-align: justify;\"><strong>Operatore Scolastico<\/strong><br \/>\nAttestato di qualifica professionale di operatore dei servizi sociali.<br \/>\nCertificazione internazionale di competenza digitale.<\/p>\n<p style=\"text-align: justify;\"><strong>Collaboratore Scolastico<\/strong><br \/>\nDiploma di qualifica triennale rilasciato da un istituto professionale o certificato di competenze relativo ai primi tre anni di studi.<br \/>\nVari diplomi accettabili, inclusi diploma di maestro d\u2019arte, scuola magistrale per l\u2019infanzia, diploma di maturit\u00e0, o attestati professionali triennali.<\/p>\n<p style=\"text-align: justify;\"><strong>Inclusione nelle graduatorie<\/strong><br \/>\nGli aspiranti possono essere inclusi nella terza fascia delle graduatorie se gi\u00e0 inseriti nelle graduatorie di prima e seconda fascia per il profilo richiesto. Sono validi i titoli di studio richiesti dall\u2019ordinamento vigente all\u2019epoca dell\u2019inserimento nelle predette graduatorie. Inoltre, possono essere inclusi coloro che hanno prestato almeno 30 giorni di servizio, anche non continuativi, prima del 25 luglio 2008, in ruoli corrispondenti al profilo professionale richiesto.<\/p>\n<p style=\"text-align: justify;\"><strong>Certificazione Internazionale di Alfabetizzazione Digitale<\/strong><br \/>\nTutti i candidati hanno un anno di tempo per ottenere la certificazione internazionale di alfabetizzazione digitale necessaria per l\u2019accesso a tutti i profili, escluso quello di collaboratore scolastico. Chi non sar\u00e0 in possesso della certificazione entro il 28 giugno potr\u00e0 presentarla entro il 30 aprile 2025. Fino a quella data, tutti potranno svolgere supplenze anche senza la certificazione, purch\u00e9 si mettano in regola entro il termine stabilito.<\/p>\n<p style=\"text-align: justify;\"><strong>Requisiti generali<\/strong><br \/>\nGli aspiranti devono possedere i seguenti requisiti generali:<br \/>\nCittadinanza italiana o di uno Stato membro dell\u2019UE, o altre condizioni specifiche.<br \/>\nEt\u00e0 compresa tra i 18 e i 67 anni al 1\u00b0 settembre 2024.<br \/>\nGodimento dei diritti civili e politici.<br \/>\nPosizione regolare nei confronti del servizio di leva.<br \/>\nAdeguata conoscenza della lingua italiana.<\/p>\n<p style=\"text-align: justify;\"><strong>Chi \u00e8 escluso dalla procedura<\/strong><br \/>\nSono stati esclusi dall\u2019elettorato politico attivo. Sono stati destituiti o dispensati da un impiego pubblico per insufficiente rendimento. Sono stati dichiarati decaduti da un impiego statale per produzione di documenti falsi. Hanno riportato condanne penali per reati impedenti l\u2019assunzione presso una pubblica amministrazione. Sono dipendenti dello Stato o enti pubblici collocati a riposo.<\/p>\n<p style=\"text-align: justify;\">Tutti i requisiti devono essere posseduti alla data di scadenza della presentazione della domanda, con l\u2019eccezione della certificazione digitale, che pu\u00f2 essere acquisita entro il 30 aprile 2025.<\/p>\n<\/div>\n<ul>\n<li id=\"allegati\">\n<h3><a href=\"https:\/\/www.uilscuolaemiliaromagna.it\/public\/er\/wp-content\/uploads\/2024\/05\/m_pi.AOOGABMI.Registro-DecretiR.0000089.21-05-2024-1.pdf\" target=\"_blank\" rel=\"noopener\">Il Decreto Ministeriale<\/a><\/h3>\n<\/li>\n<li>\n<h3><a href=\"https:\/\/www.uilscuolaemiliaromagna.it\/public\/er\/wp-content\/uploads\/2024\/05\/Guida-Terza-Fascia-2024.27.pdf\">La guida della UIL Scuola RUA<\/a><\/h3>\n<\/li>\n<\/ul>\n<p>&nbsp;<\/p>\n<h3 style=\"text-align: center;\"><span style=\"color: #ff0000;\">Per informazioni:<\/span><\/h3>\n<h3 style=\"text-align: center;\"><span style=\"color: #ff0000;\">Serafino 3282258300<\/span><\/h3>\n<h3 style=\"text-align: center;\"><span style=\"color: #ff0000;\">Marco 3479688040<\/span><\/h3>\n<h3 style=\"text-align: center;\"><span style=\"color: #ff0000;\">Franco 3917658533<\/span><\/h3>\n<h3 style=\"text-align: center;\"><span style=\"color: #ff0000;\">Gennaro (sede di Imola) 3477775464<\/span><\/h3>\n<h3 style=\"text-align: center;\"><span style=\"color: #ff0000;\">Gianluca (sede di Molinella) 3392855649<\/span><\/h3>\n<h3 style=\"text-align: center;\"><span style=\"color: #ff0000;\">Costantino 3472213667<\/span><\/h3>\n<h3 style=\"text-align: center;\"><span style=\"color: #ff0000;\">Emidio\u00a0(area Alto Reno Terme)\u00a03917658534<\/span><\/h3>\n<p>&nbsp;<\/p>\n<h2><span style=\"color: #0000ff;\">Potrebbe interessarti (clicca sul link o sull\u2019immagine per ulteriori informazioni):<\/span><\/h2>\n<h2 style=\"text-align: center;\"><a href=\"https:\/\/www.uilscuolaemiliaromagna.it\/public\/er\/2024\/05\/17\/personale-ata-certificazione-internazionale-di-alfabetizzazione-digitale-protocollo-di-intesa-tra-la-uil-scuola-rua-lirase-nazionale-e-la-societa-certipass\/\" target=\"_blank\" rel=\"noopener\">PERSONALE ATA | Certificazione Internazionale di Alfabetizzazione Digitale \u2013 Protocollo di intesa tra la Uil Scuola Rua, l\u2019IRASE Nazionale e la societ\u00e0 CERTIPASS<\/a><\/h2>\n<p style=\"text-align: center;\"><a href=\"https:\/\/www.uilscuolaemiliaromagna.it\/public\/er\/2024\/05\/17\/personale-ata-certificazione-internazionale-di-alfabetizzazione-digitale-protocollo-di-intesa-tra-la-uil-scuola-rua-lirase-nazionale-e-la-societa-certipass\/\"><img loading=\"lazy\" decoding=\"async\" class=\"aligncenter wp-image-13019 size-full\" src=\"https:\/\/www.uilscuolaemiliaromagna.it\/public\/er\/wp-content\/uploads\/2024\/03\/LOCANDINA-Bologna.jpg\" alt=\"\" width=\"600\" height=\"600\" srcset=\"https:\/\/www.uilscuolaemiliaromagna.it\/public\/er\/wp-content\/uploads\/2024\/03\/LOCANDINA-Bologna.jpg 600w, https:\/\/www.uilscuolaemiliaromagna.it\/public\/er\/wp-content\/uploads\/2024\/03\/LOCANDINA-Bologna-300x300.jpg 300w, https:\/\/www.uilscuolaemiliaromagna.it\/public\/er\/wp-content\/uploads\/2024\/03\/LOCANDINA-Bologna-150x150.jpg 150w\" sizes=\"(max-width: 600px) 100vw, 600px\" \/><\/a><\/p>\n<p>&nbsp;<\/p>\n<h2 style=\"text-align: center;\"><a href=\"https:\/\/www.uilscuolaemiliaromagna.it\/public\/er\/2024\/02\/23\/bando-terza-fascia-ata-il-dossier-della-uil-scuola-rua\/\" target=\"_blank\" rel=\"noopener\">Bando terza fascia Ata, il dossier della Uil Scuola Rua<\/a><\/h2>\n<p style=\"text-align: center;\"><a href=\"https:\/\/www.uilscuolaemiliaromagna.it\/public\/er\/2024\/02\/23\/bando-terza-fascia-ata-il-dossier-della-uil-scuola-rua\/\"><img loading=\"lazy\" decoding=\"async\" class=\"aligncenter wp-image-12913 size-full\" src=\"https:\/\/www.uilscuolaemiliaromagna.it\/public\/er\/wp-content\/uploads\/2024\/02\/dossier.jpg\" alt=\"\" width=\"800\" height=\"445\" srcset=\"https:\/\/www.uilscuolaemiliaromagna.it\/public\/er\/wp-content\/uploads\/2024\/02\/dossier.jpg 800w, https:\/\/www.uilscuolaemiliaromagna.it\/public\/er\/wp-content\/uploads\/2024\/02\/dossier-300x167.jpg 300w, https:\/\/www.uilscuolaemiliaromagna.it\/public\/er\/wp-content\/uploads\/2024\/02\/dossier-768x427.jpg 768w\" sizes=\"(max-width: 800px) 100vw, 800px\" \/><\/a><\/p>\n<p>&nbsp;<\/p>\n<h3><a href=\"https:\/\/www.whatsapp.com\/channel\/0029Va9KtAN5fM5g93lE7D29\" target=\"_blank\" rel=\"noopener\"><img loading=\"lazy\" decoding=\"async\" class=\"aligncenter wp-image-13119 size-medium\" src=\"https:\/\/www.uilscuolaemiliaromagna.it\/public\/er\/wp-content\/uploads\/2024\/03\/canale_whatsapp-300x142.jpg\" sizes=\"(max-width: 300px) 100vw, 300px\" srcset=\"https:\/\/www.uilscuolaemiliaromagna.it\/public\/er\/wp-content\/uploads\/2024\/03\/canale_whatsapp-300x142.jpg 300w, https:\/\/www.uilscuolaemiliaromagna.it\/public\/er\/wp-content\/uploads\/2024\/03\/canale_whatsapp-768x363.jpg 768w, https:\/\/www.uilscuolaemiliaromagna.it\/public\/er\/wp-content\/uploads\/2024\/03\/canale_whatsapp.jpg 800w\" alt=\"\" width=\"300\" height=\"142\" \/><\/a><\/h3>\n<p><a href=\"https:\/\/www.irasenazionale.it\/wp-content\/uploads\/2024\/03\/Delega_UilScuolaRua_Editabile.pdf\" target=\"_blank\" rel=\"noopener\"><img loading=\"lazy\" decoding=\"async\" class=\"aligncenter wp-image-13111 size-medium\" src=\"https:\/\/www.uilscuolaemiliaromagna.it\/public\/er\/wp-content\/uploads\/2024\/03\/iscriviti-7-2-300x92.png\" sizes=\"(max-width: 300px) 100vw, 300px\" srcset=\"https:\/\/www.uilscuolaemiliaromagna.it\/public\/er\/wp-content\/uploads\/2024\/03\/iscriviti-7-2-300x92.png 300w, https:\/\/www.uilscuolaemiliaromagna.it\/public\/er\/wp-content\/uploads\/2024\/03\/iscriviti-7-2-768x236.png 768w, https:\/\/www.uilscuolaemiliaromagna.it\/public\/er\/wp-content\/uploads\/2024\/03\/iscriviti-7-2.png 800w\" alt=\"\" width=\"300\" height=\"92\" \/><\/a><\/p>\n<h6 style=\"text-align: center;\"><span style=\"color: #0000ff;\"><em><strong>Clicca sull\u2019immagine per iscriverti alla Uil Scuola Rua di Bologna\u00a0<\/strong><strong>compilando la delega in ogni sua parte e allegando un documento\u00a0<\/strong><\/em><em><strong>di identit\u00e0 in corso di validit\u00e0.<\/strong><\/em><\/span><br \/>\n<span style=\"color: #0000ff;\"><em><strong>Entrambi andranno inviati al seguente indirizzo mail: bologna@uilscuola.it<\/strong><\/em><\/span><\/h6>\n\n<div class=\"twitter-share\"><a href=\"https:\/\/twitter.com\/intent\/tweet?via=UILScuolaBO_ER\" class=\"twitter-share-button\" data-size=\"large\">Tweet<\/a><\/div>\n","protected":false},"excerpt":{"rendered":"<p>Grazie alla nostra determinazione non ci sar\u00e0 nessuno slittamento. Il Ministero dell\u2019Istruzione e del Merito, con la pubblicazione del Decreto Ministeriale N. 89 del 21 &hellip; <\/p>\n","protected":false},"author":1,"featured_media":13482,"comment_status":"closed","ping_status":"open","sticky":false,"template":"","format":"standard","meta":{"footnotes":""},"categories":[2,25,20],"tags":[],"yoast_head":"<!-- This site is optimized with the Yoast SEO plugin v21.7 - https:\/\/yoast.com\/wordpress\/plugins\/seo\/ -->\r\n<title>Terza Fascia ATA, domande dal 28 maggio al 28 giugno - Uil Scuola Emilia Romagna<\/title>\r\n<meta name=\"robots\" content=\"index, follow, max-snippet:-1, max-image-preview:large, max-video-preview:-1\" \/>\r\n<link rel=\"canonical\" href=\"https:\/\/www.uilscuolaemiliaromagna.it\/public\/er\/2024\/05\/22\/terza-fascia-ata-domande-dal-28-maggio-al-28-giugno\/\" \/>\r\n<meta property=\"og:locale\" content=\"it_IT\" \/>\r\n<meta property=\"og:type\" content=\"article\" \/>\r\n<meta property=\"og:title\" content=\"Terza Fascia ATA, domande dal 28 maggio al 28 giugno - Uil Scuola Emilia Romagna\" \/>\r\n<meta property=\"og:description\" content=\"Grazie alla nostra determinazione non ci sar\u00e0 nessuno slittamento. Il Ministero dell\u2019Istruzione e del Merito, con la pubblicazione del Decreto Ministeriale N. 89 del 21 &hellip;\" \/>\r\n<meta property=\"og:url\" content=\"https:\/\/www.uilscuolaemiliaromagna.it\/public\/er\/2024\/05\/22\/terza-fascia-ata-domande-dal-28-maggio-al-28-giugno\/\" \/>\r\n<meta property=\"og:site_name\" content=\"Uil Scuola Emilia Romagna\" \/>\r\n<meta property=\"article:published_time\" content=\"2024-05-22T16:50:32+00:00\" \/>\r\n<meta property=\"article:modified_time\" content=\"2024-07-04T19:25:46+00:00\" \/>\r\n<meta property=\"og:image\" content=\"https:\/\/www.uilscuolaemiliaromagna.it\/public\/er\/wp-content\/uploads\/2024\/05\/TERZA-FASCIA-ATA-SLITTAMENTO-UIL-SCUOLA-RUA-1024x1024-1.jpg\" \/>\r\n\t<meta property=\"og:image:width\" content=\"600\" \/>\r\n\t<meta property=\"og:image:height\" content=\"600\" \/>\r\n\t<meta property=\"og:image:type\" content=\"image\/jpeg\" \/>\r\n<meta name=\"author\" content=\"admin\" \/>\r\n<meta name=\"twitter:card\" content=\"summary_large_image\" \/>\r\n<meta name=\"twitter:label1\" content=\"Scritto da\" \/>\n\t<meta name=\"twitter:data1\" content=\"admin\" \/>\n\t<meta name=\"twitter:label2\" content=\"Tempo di lettura stimato\" \/>\n\t<meta name=\"twitter:data2\" content=\"5 minuti\" \/>\r\n<script type=\"application\/ld+json\" class=\"yoast-schema-graph\">{\"@context\":\"https:\/\/schema.org\",\"@graph\":[{\"@type\":\"Article\",\"@id\":\"https:\/\/www.uilscuolaemiliaromagna.it\/public\/er\/2024\/05\/22\/terza-fascia-ata-domande-dal-28-maggio-al-28-giugno\/#article\",\"isPartOf\":{\"@id\":\"https:\/\/www.uilscuolaemiliaromagna.it\/public\/er\/2024\/05\/22\/terza-fascia-ata-domande-dal-28-maggio-al-28-giugno\/\"},\"author\":{\"name\":\"admin\",\"@id\":\"https:\/\/www.uilscuolaemiliaromagna.it\/public\/er\/#\/schema\/person\/f42878fd07a4b6ba2b7153d4fad5de5e\"},\"headline\":\"Terza Fascia ATA, domande dal 28 maggio al 28 giugno\",\"datePublished\":\"2024-05-22T16:50:32+00:00\",\"dateModified\":\"2024-07-04T19:25:46+00:00\",\"mainEntityOfPage\":{\"@id\":\"https:\/\/www.uilscuolaemiliaromagna.it\/public\/er\/2024\/05\/22\/terza-fascia-ata-domande-dal-28-maggio-al-28-giugno\/\"},\"wordCount\":651,\"publisher\":{\"@id\":\"https:\/\/www.uilscuolaemiliaromagna.it\/public\/er\/#organization\"},\"articleSection\":[\"ATA\",\"Graduatoria Ata\",\"Graduatorie\"],\"inLanguage\":\"it-IT\"},{\"@type\":\"WebPage\",\"@id\":\"https:\/\/www.uilscuolaemiliaromagna.it\/public\/er\/2024\/05\/22\/terza-fascia-ata-domande-dal-28-maggio-al-28-giugno\/\",\"url\":\"https:\/\/www.uilscuolaemiliaromagna.it\/public\/er\/2024\/05\/22\/terza-fascia-ata-domande-dal-28-maggio-al-28-giugno\/\",\"name\":\"Terza Fascia ATA, domande dal 28 maggio al 28 giugno - Uil Scuola Emilia Romagna\",\"isPartOf\":{\"@id\":\"https:\/\/www.uilscuolaemiliaromagna.it\/public\/er\/#website\"},\"datePublished\":\"2024-05-22T16:50:32+00:00\",\"dateModified\":\"2024-07-04T19:25:46+00:00\",\"breadcrumb\":{\"@id\":\"https:\/\/www.uilscuolaemiliaromagna.it\/public\/er\/2024\/05\/22\/terza-fascia-ata-domande-dal-28-maggio-al-28-giugno\/#breadcrumb\"},\"inLanguage\":\"it-IT\",\"potentialAction\":[{\"@type\":\"ReadAction\",\"target\":[\"https:\/\/www.uilscuolaemiliaromagna.it\/public\/er\/2024\/05\/22\/terza-fascia-ata-domande-dal-28-maggio-al-28-giugno\/\"]}]},{\"@type\":\"BreadcrumbList\",\"@id\":\"https:\/\/www.uilscuolaemiliaromagna.it\/public\/er\/2024\/05\/22\/terza-fascia-ata-domande-dal-28-maggio-al-28-giugno\/#breadcrumb\",\"itemListElement\":[{\"@type\":\"ListItem\",\"position\":1,\"name\":\"Home\",\"item\":\"https:\/\/www.uilscuolaemiliaromagna.it\/public\/er\/\"},{\"@type\":\"ListItem\",\"position\":2,\"name\":\"Terza Fascia ATA, domande dal 28 maggio al 28 giugno\"}]},{\"@type\":\"WebSite\",\"@id\":\"https:\/\/www.uilscuolaemiliaromagna.it\/public\/er\/#website\",\"url\":\"https:\/\/www.uilscuolaemiliaromagna.it\/public\/er\/\",\"name\":\"Uil Scuola Emilia Romagna\",\"description\":\"La voce libera della scuola\",\"publisher\":{\"@id\":\"https:\/\/www.uilscuolaemiliaromagna.it\/public\/er\/#organization\"},\"potentialAction\":[{\"@type\":\"SearchAction\",\"target\":{\"@type\":\"EntryPoint\",\"urlTemplate\":\"https:\/\/www.uilscuolaemiliaromagna.it\/public\/er\/?s={search_term_string}\"},\"query-input\":\"required name=search_term_string\"}],\"inLanguage\":\"it-IT\"},{\"@type\":\"Organization\",\"@id\":\"https:\/\/www.uilscuolaemiliaromagna.it\/public\/er\/#organization\",\"name\":\"Uil Scuola Emilia Romagna\",\"url\":\"https:\/\/www.uilscuolaemiliaromagna.it\/public\/er\/\",\"logo\":{\"@type\":\"ImageObject\",\"inLanguage\":\"it-IT\",\"@id\":\"https:\/\/www.uilscuolaemiliaromagna.it\/public\/er\/#\/schema\/logo\/image\/\",\"url\":\"https:\/\/www.uilscuolaemiliaromagna.it\/public\/er\/wp-content\/uploads\/2017\/04\/cropped-header.png\",\"contentUrl\":\"https:\/\/www.uilscuolaemiliaromagna.it\/public\/er\/wp-content\/uploads\/2017\/04\/cropped-header.png\",\"width\":1000,\"height\":150,\"caption\":\"Uil Scuola Emilia Romagna\"},\"image\":{\"@id\":\"https:\/\/www.uilscuolaemiliaromagna.it\/public\/er\/#\/schema\/logo\/image\/\"}},{\"@type\":\"Person\",\"@id\":\"https:\/\/www.uilscuolaemiliaromagna.it\/public\/er\/#\/schema\/person\/f42878fd07a4b6ba2b7153d4fad5de5e\",\"name\":\"admin\",\"image\":{\"@type\":\"ImageObject\",\"inLanguage\":\"it-IT\",\"@id\":\"https:\/\/www.uilscuolaemiliaromagna.it\/public\/er\/#\/schema\/person\/image\/\",\"url\":\"https:\/\/secure.gravatar.com\/avatar\/aebf815ae2f30ffdae8b8c247273d34c?s=96&d=mm&r=g\",\"contentUrl\":\"https:\/\/secure.gravatar.com\/avatar\/aebf815ae2f30ffdae8b8c247273d34c?s=96&d=mm&r=g\",\"caption\":\"admin\"},\"url\":\"https:\/\/www.uilscuolaemiliaromagna.it\/public\/er\/author\/admin\/\"}]}<\/script>\r\n<!-- \/ Yoast SEO plugin. -->","yoast_head_json":{"title":"Terza Fascia ATA, domande dal 28 maggio al 28 giugno - Uil Scuola Emilia Romagna","robots":{"index":"index","follow":"follow","max-snippet":"max-snippet:-1","max-image-preview":"max-image-preview:large","max-video-preview":"max-video-preview:-1"},"canonical":"https:\/\/www.uilscuolaemiliaromagna.it\/public\/er\/2024\/05\/22\/terza-fascia-ata-domande-dal-28-maggio-al-28-giugno\/","og_locale":"it_IT","og_type":"article","og_title":"Terza Fascia ATA, domande dal 28 maggio al 28 giugno - Uil Scuola Emilia Romagna","og_description":"Grazie alla nostra determinazione non ci sar\u00e0 nessuno slittamento. Il Ministero dell\u2019Istruzione e del Merito, con la pubblicazione del Decreto Ministeriale N. 89 del 21 &hellip;","og_url":"https:\/\/www.uilscuolaemiliaromagna.it\/public\/er\/2024\/05\/22\/terza-fascia-ata-domande-dal-28-maggio-al-28-giugno\/","og_site_name":"Uil Scuola Emilia Romagna","article_published_time":"2024-05-22T16:50:32+00:00","article_modified_time":"2024-07-04T19:25:46+00:00","og_image":[{"width":600,"height":600,"url":"https:\/\/www.uilscuolaemiliaromagna.it\/public\/er\/wp-content\/uploads\/2024\/05\/TERZA-FASCIA-ATA-SLITTAMENTO-UIL-SCUOLA-RUA-1024x1024-1.jpg","type":"image\/jpeg"}],"author":"admin","twitter_card":"summary_large_image","twitter_misc":{"Scritto da":"admin","Tempo di lettura stimato":"5 minuti"},"schema":{"@context":"https:\/\/schema.org","@graph":[{"@type":"Article","@id":"https:\/\/www.uilscuolaemiliaromagna.it\/public\/er\/2024\/05\/22\/terza-fascia-ata-domande-dal-28-maggio-al-28-giugno\/#article","isPartOf":{"@id":"https:\/\/www.uilscuolaemiliaromagna.it\/public\/er\/2024\/05\/22\/terza-fascia-ata-domande-dal-28-maggio-al-28-giugno\/"},"author":{"name":"admin","@id":"https:\/\/www.uilscuolaemiliaromagna.it\/public\/er\/#\/schema\/person\/f42878fd07a4b6ba2b7153d4fad5de5e"},"headline":"Terza Fascia ATA, domande dal 28 maggio al 28 giugno","datePublished":"2024-05-22T16:50:32+00:00","dateModified":"2024-07-04T19:25:46+00:00","mainEntityOfPage":{"@id":"https:\/\/www.uilscuolaemiliaromagna.it\/public\/er\/2024\/05\/22\/terza-fascia-ata-domande-dal-28-maggio-al-28-giugno\/"},"wordCount":651,"publisher":{"@id":"https:\/\/www.uilscuolaemiliaromagna.it\/public\/er\/#organization"},"articleSection":["ATA","Graduatoria Ata","Graduatorie"],"inLanguage":"it-IT"},{"@type":"WebPage","@id":"https:\/\/www.uilscuolaemiliaromagna.it\/public\/er\/2024\/05\/22\/terza-fascia-ata-domande-dal-28-maggio-al-28-giugno\/","url":"https:\/\/www.uilscuolaemiliaromagna.it\/public\/er\/2024\/05\/22\/terza-fascia-ata-domande-dal-28-maggio-al-28-giugno\/","name":"Terza Fascia ATA, domande dal 28 maggio al 28 giugno - Uil Scuola Emilia Romagna","isPartOf":{"@id":"https:\/\/www.uilscuolaemiliaromagna.it\/public\/er\/#website"},"datePublished":"2024-05-22T16:50:32+00:00","dateModified":"2024-07-04T19:25:46+00:00","breadcrumb":{"@id":"https:\/\/www.uilscuolaemiliaromagna.it\/public\/er\/2024\/05\/22\/terza-fascia-ata-domande-dal-28-maggio-al-28-giugno\/#breadcrumb"},"inLanguage":"it-IT","potentialAction":[{"@type":"ReadAction","target":["https:\/\/www.uilscuolaemiliaromagna.it\/public\/er\/2024\/05\/22\/terza-fascia-ata-domande-dal-28-maggio-al-28-giugno\/"]}]},{"@type":"BreadcrumbList","@id":"https:\/\/www.uilscuolaemiliaromagna.it\/public\/er\/2024\/05\/22\/terza-fascia-ata-domande-dal-28-maggio-al-28-giugno\/#breadcrumb","itemListElement":[{"@type":"ListItem","position":1,"name":"Home","item":"https:\/\/www.uilscuolaemiliaromagna.it\/public\/er\/"},{"@type":"ListItem","position":2,"name":"Terza Fascia ATA, domande dal 28 maggio al 28 giugno"}]},{"@type":"WebSite","@id":"https:\/\/www.uilscuolaemiliaromagna.it\/public\/er\/#website","url":"https:\/\/www.uilscuolaemiliaromagna.it\/public\/er\/","name":"Uil Scuola Emilia Romagna","description":"La voce libera della scuola","publisher":{"@id":"https:\/\/www.uilscuolaemiliaromagna.it\/public\/er\/#organization"},"potentialAction":[{"@type":"SearchAction","target":{"@type":"EntryPoint","urlTemplate":"https:\/\/www.uilscuolaemiliaromagna.it\/public\/er\/?s={search_term_string}"},"query-input":"required name=search_term_string"}],"inLanguage":"it-IT"},{"@type":"Organization","@id":"https:\/\/www.uilscuolaemiliaromagna.it\/public\/er\/#organization","name":"Uil Scuola Emilia Romagna","url":"https:\/\/www.uilscuolaemiliaromagna.it\/public\/er\/","logo":{"@type":"ImageObject","inLanguage":"it-IT","@id":"https:\/\/www.uilscuolaemiliaromagna.it\/public\/er\/#\/schema\/logo\/image\/","url":"https:\/\/www.uilscuolaemiliaromagna.it\/public\/er\/wp-content\/uploads\/2017\/04\/cropped-header.png","contentUrl":"https:\/\/www.uilscuolaemiliaromagna.it\/public\/er\/wp-content\/uploads\/2017\/04\/cropped-header.png","width":1000,"height":150,"caption":"Uil Scuola Emilia Romagna"},"image":{"@id":"https:\/\/www.uilscuolaemiliaromagna.it\/public\/er\/#\/schema\/logo\/image\/"}},{"@type":"Person","@id":"https:\/\/www.uilscuolaemiliaromagna.it\/public\/er\/#\/schema\/person\/f42878fd07a4b6ba2b7153d4fad5de5e","name":"admin","image":{"@type":"ImageObject","inLanguage":"it-IT","@id":"https:\/\/www.uilscuolaemiliaromagna.it\/public\/er\/#\/schema\/person\/image\/","url":"https:\/\/secure.gravatar.com\/avatar\/aebf815ae2f30ffdae8b8c247273d34c?s=96&d=mm&r=g","contentUrl":"https:\/\/secure.gravatar.com\/avatar\/aebf815ae2f30ffdae8b8c247273d34c?s=96&d=mm&r=g","caption":"admin"},"url":"https:\/\/www.uilscuolaemiliaromagna.it\/public\/er\/author\/admin\/"}]}},"views":1475,"_links":{"self":[{"href":"https:\/\/www.uilscuolaemiliaromagna.it\/public\/er\/wp-json\/wp\/v2\/posts\/13472"}],"collection":[{"href":"https:\/\/www.uilscuolaemiliaromagna.it\/public\/er\/wp-json\/wp\/v2\/posts"}],"about":[{"href":"https:\/\/www.uilscuolaemiliaromagna.it\/public\/er\/wp-json\/wp\/v2\/types\/post"}],"author":[{"embeddable":true,"href":"https:\/\/www.uilscuolaemiliaromagna.it\/public\/er\/wp-json\/wp\/v2\/users\/1"}],"replies":[{"embeddable":true,"href":"https:\/\/www.uilscuolaemiliaromagna.it\/public\/er\/wp-json\/wp\/v2\/comments?post=13472"}],"version-history":[{"count":4,"href":"https:\/\/www.uilscuolaemiliaromagna.it\/public\/er\/wp-json\/wp\/v2\/posts\/13472\/revisions"}],"predecessor-version":[{"id":13496,"href":"https:\/\/www.uilscuolaemiliaromagna.it\/public\/er\/wp-json\/wp\/v2\/posts\/13472\/revisions\/13496"}],"wp:featuredmedia":[{"embeddable":true,"href":"https:\/\/www.uilscuolaemiliaromagna.it\/public\/er\/wp-json\/wp\/v2\/media\/13482"}],"wp:attachment":[{"href":"https:\/\/www.uilscuolaemiliaromagna.it\/public\/er\/wp-json\/wp\/v2\/media?parent=13472"}],"wp:term":[{"taxonomy":"category","embeddable":true,"href":"https:\/\/www.uilscuolaemiliaromagna.it\/public\/er\/wp-json\/wp\/v2\/categories?post=13472"},{"taxonomy":"post_tag","embeddable":true,"href":"https:\/\/www.uilscuolaemiliaromagna.it\/public\/er\/wp-json\/wp\/v2\/tags?post=13472"}],"curies":[{"name":"wp","href":"https:\/\/api.w.org\/{rel}","templated":true}]}}