{"id":14757,"date":"2025-02-03T18:36:28","date_gmt":"2025-02-03T17:36:28","guid":{"rendered":"https:\/\/www.uilscuolaemiliaromagna.it\/public\/er\/?p=14757"},"modified":"2025-04-07T09:41:38","modified_gmt":"2025-04-07T07:41:38","slug":"mobilita-2025-ecco-chi-puo-presentare-domanda-piattaforma-online","status":"publish","type":"post","link":"https:\/\/www.uilscuolaemiliaromagna.it\/public\/er\/2025\/02\/03\/mobilita-2025-ecco-chi-puo-presentare-domanda-piattaforma-online\/","title":{"rendered":"Mobilit\u00e0 2025, ecco chi pu\u00f2 presentare domanda [piattaforma online]"},"content":{"rendered":"<p style=\"text-align: justify;\"><em><strong>A breve le domande per docenti, educatori e personale Ata. La nostra piattaforma sulla Mobilit\u00e0 2025 \u00e8 costantemente aggiornata con guide, FAQ e strumenti utili.\u00a0<a href=\"https:\/\/uilscuolanazionale.wixsite.com\/mob25\" target=\"_blank\" rel=\"noopener\">CLICCA QUI<\/a>\u00a0per visitarla.<\/strong><\/em><\/p>\n<p style=\"text-align: justify;\">Si \u00e8 svolta presso il Ministero la riunione avente come oggetto l\u2019Informativa sulla prossima Ordinanza Ministeriale sulla mobilit\u00e0 per l\u2019a.s. 2025\/26. Al momento, nella bozza presentata alle organizzazioni sindacali, sono confermate le seguenti date:<\/p>\n<p style=\"text-align: justify;\"><strong>\u2013 Personale docente: dal 5 marzo 2025 al 24 marzo 2025 con possibilit\u00e0 di proroga al 28 marzo.<br \/>\n<\/strong>Per il personale docente per tutti i gradi di istruzione il termine ultimo di comunicazione al SIDI dei posti disponibili \u00e8 il 28 aprile 2025, il termine ultimo di comunicazione al SIDI delle domande di mobilit\u00e0 \u00e8 il 30 aprile 2025 e la pubblicazione dei movimenti \u00e8 fissata al 23 maggio 2025.<\/p>\n<p style=\"text-align: justify;\"><strong>\u2013 Personale educativo: dal 7 marzo 2025 al 27 marzo 2025.<br \/>\n<\/strong>Per il personale educativo, il termine ultimo di comunicazione al Sidi delle domande di mobilit\u00e0 e dei posti disponibili \u00e8 il 30 aprile 2025 e la pubblicazione dei movimenti \u00e8 fissata al 27 maggio<\/p>\n<p style=\"text-align: justify;\"><strong>\u2013 Personale ATA: dal 14 marzo 2025 al 31 marzo 2025.<br \/>\n<\/strong>Per il personale ATA, il termine ultimo di comunicazione al SIDI delle domande di mobilit\u00e0 e dei posti disponibili \u00e8 il 12 maggio 2025 e la pubblicazione dei movimenti \u00e8 fissata al 3 giugno 2025.<\/p>\n<p style=\"text-align: justify;\">Si precisa che i docenti assunti con contratto a tempo determinato finalizzato al ruolo non possono partecipare alle operazioni di mobilit\u00e0, non essendo ancora immessi in ruolo.<br \/>\nI docenti in attesa di titolarit\u00e0 definitiva nella provincia, al fine di ottenere la sede di titolarit\u00e0, sono tenuti a presentare domanda di trasferimento.<br \/>\nIl personale scolastico destinatario di nomina giuridica a tempo indeterminato, successivamente al termine di presentazione delle domande di mobilit\u00e0, pu\u00f2 presentare domanda entro 5 giorni dalla nomina e, comunque, nel rispetto dei termini ultimi per la comunicazione al SIDI delle domande di mobilit\u00e0.<\/p>\n<p style=\"text-align: justify;\">La richiesta di revoca della domanda pu\u00f2 essere presentata sino a dieci giorni prima del termine ultimo per la comunicazione al SIDI delle domande di mobilit\u00e0.<\/p>\n<p style=\"text-align: justify;\"><strong>Rispetto al CCNI 2025\/28, l\u2019O.M. chiarisce che:<\/strong><\/p>\n<p style=\"text-align: justify;\"><strong><br \/>\n<\/strong>\u2013 I docenti immessi in ruolo nell\u2019anno scolastico 2024-25 in attesa di una sede definitiva, possono presentare domanda di mobilit\u00e0 anche per altre province.<\/p>\n<p style=\"text-align: justify;\"><em>\u2013 I titoli generali previsti dalla Tabella A-A3, lettere I) ed L), con riferimento all\u2019incarico dei tutor e agli orientatori e per la continuit\u00e0 sulle sedi disagiate, non attribuiscono punteggio per la mobilit\u00e0 2025\/2026, non essendosi ancora verificata la condizione ivi prevista relativa allo svolgimento del servizio continuativo per almeno un triennio.<\/em><\/p>\n<p style=\"text-align: justify;\"><em>\u2013 Con riferimento alla valutazione dell\u2019anzianit\u00e0 del servizio pre-ruolo ai fini della mobilit\u00e0 d\u2019ufficio, al docente che nel medesimo anno scolastico abbia svolto il servizio pre-ruolo riconosciuto o riconoscibile ai fini della ricostruzione di carriera svolto in diversi gradi di istruzione (infanzia\/primaria e I\/II grado) di cui uno coincidente con quello di attuale titolarit\u00e0, \u00e8 riconosciuto il punteggio previsto per il servizio pre-ruolo prestato nel grado di scuola con contratto a tempo determinato di maggior durata.<\/em><\/p>\n<p style=\"text-align: justify;\"><em>\u2013 Per la valutazione, invece, del punteggio di continuit\u00e0 nelle graduatorie di istituto ai fini del perdente posto, l\u2019O.M. chiarisce una incongruenza contenuta nella nota 5bis del nuovo CCNI:<\/em><br \/>\nl\u2019attribuzione del punteggio di continuit\u00e0 didattica di cui all\u2019allegato 2, tabella A1), lettera C) ai fini della formazione della graduatoria per l\u2019individuazione del soprannumerario ed ai fini del trasferimento d\u2019ufficio, prescinde dal triennio. Fermo restando quanto precisato nella nota 5 dell\u2019allegato 2 al CCNI 2025,\u00a0<strong>la continuit\u00e0 didattica viene valutata, entro il triennio, punti 4 per ogni anno di servizio di ruolo nella scuola di attuale titolarit\u00e0 o di incarico triennale prestato senza soluzione di continuit\u00e0 come nella mobilit\u00e0 a domanda.<\/strong><\/p>\n<h2 style=\"text-align: center;\"><span style=\"color: #0000ff;\"><em><strong>Nella piattaforma il banner \u201cscopri se puoi fare domanda\u201d.<\/strong><\/em><\/span><\/h2>\n<p>In attesa dell\u2019ordinanza ministeriale in cui saranno indicate le date per la presentazione delle domande, abbiamo aggiornato la piattaforma dedicata alla Mobilit\u00e0 del personale docente, educativo e ATA per l\u2019a.s. 2025\/26, alla luce delle novit\u00e0 in introdotte dal nuovo CCNI 2025\/28 sulla mobilit\u00e0.<\/p>\n<p>\u00c8 suddivisa in aree tematiche ed \u00e8 organizzata come una banca dati, in continuo aggiornamento, a disposizione di docenti, Ata e addetti ai lavori.<br \/>\nAll\u2019interno sono presenti molti materiali: tra questi, schede tecniche, la guida al nuovo contratto, le nostre FAQ sui dubbi pi\u00f9 frequenti e le autodichiarazione da compilare e allegare alla domanda.<\/p>\n<p>Con questo strumento, accessibile a tutti, offriamo un aggiornamento puntuale su quello che \u00e8 un tema cruciale per tutto il personale della scuola, che coinvolge ogni anno migliaia di persone<\/p>\n<p><strong>Per accedere, vi baster\u00e0\u00a0<a href=\"https:\/\/uilscuolanazionale.wixsite.com\/mob25\" target=\"_blank\" rel=\"noopener\">cliccare QUI<\/a>\u00a0o inquadrare il Qr Code presente qui sotto.<\/strong><\/p>\n<p><img loading=\"lazy\" decoding=\"async\" class=\"size-full wp-image-42343 aligncenter\" src=\"https:\/\/uilscuola.it\/wp-content\/uploads\/2025\/02\/MOBILITA-PIATTAFORMA-UIL-SCUOLA.png\" sizes=\"(max-width: 500px) 100vw, 500px\" srcset=\"https:\/\/uilscuola.it\/wp-content\/uploads\/2025\/02\/MOBILITA-PIATTAFORMA-UIL-SCUOLA.png 500w, https:\/\/uilscuola.it\/wp-content\/uploads\/2025\/02\/MOBILITA-PIATTAFORMA-UIL-SCUOLA-300x300.png 300w, https:\/\/uilscuola.it\/wp-content\/uploads\/2025\/02\/MOBILITA-PIATTAFORMA-UIL-SCUOLA-150x150.png 150w\" alt=\"\" width=\"500\" height=\"500\" \/><br \/>\n<strong>Scarica in anteprima la scheda di sintesi sui vincoli e le deroghe per i docenti.<\/strong><\/p>\n<ul>\n<li><a href=\"https:\/\/www.uilscuolaemiliaromagna.it\/public\/er\/wp-content\/uploads\/2025\/02\/Vincoli-docenti-Scheda-sintetica-2025-26.pdf\" target=\"_blank\" rel=\"noopener\">Vincoli docenti scheda sintetica<\/a><\/li>\n<\/ul>\n<h6>fonte:\u00a0<a href=\"https:\/\/uilscuola.it\/mobilita-2025-ecco-chi-puo-presentare-domanda-piattaforma-online\/\" target=\"_blank\" rel=\"noopener\">uilscuola.it<\/a><\/h6>\n<p><iframe loading=\"lazy\" title=\"Mobilit\u00e0 2025, a breve le domande: ecco cosa \u00e8 previsto per vincoli, deroghe e precedenze\" width=\"1200\" height=\"675\" src=\"https:\/\/www.youtube.com\/embed\/dTAARWI0RNk?feature=oembed\" frameborder=\"0\" allow=\"accelerometer; autoplay; clipboard-write; encrypted-media; gyroscope; picture-in-picture; web-share\" referrerpolicy=\"strict-origin-when-cross-origin\" allowfullscreen><\/iframe><\/p>\n<h2 style=\"text-align: center;\"><\/h2>\n<p><iframe loading=\"lazy\" title=\"\ud83d\udd35\u2757MOBILITA&#039; 2025 - ECCO COME DIVIDERE IL PERSONALE\" width=\"1200\" height=\"675\" src=\"https:\/\/www.youtube.com\/embed\/JchNeA9WcQc?feature=oembed\" frameborder=\"0\" allow=\"accelerometer; autoplay; clipboard-write; encrypted-media; gyroscope; picture-in-picture; web-share\" referrerpolicy=\"strict-origin-when-cross-origin\" allowfullscreen><\/iframe><\/p>\n<h2><\/h2>\n<p><iframe loading=\"lazy\" title=\"Mobilit\u00e0 docenti 2025, dalle deroghe alle precedenze, le risposte alle vostre domande\" width=\"1200\" height=\"675\" src=\"https:\/\/www.youtube.com\/embed\/33_PhdFRAU4?feature=oembed\" frameborder=\"0\" allow=\"accelerometer; autoplay; clipboard-write; encrypted-media; gyroscope; picture-in-picture; web-share\" referrerpolicy=\"strict-origin-when-cross-origin\" allowfullscreen><\/iframe><\/p>\n<p>&nbsp;<\/p>\n<p><iframe loading=\"lazy\" title=\"Mobilit\u00e0 docenti 2025, la gestione degli allegati e non solo. Tutte le info utili\" width=\"1200\" height=\"675\" src=\"https:\/\/www.youtube.com\/embed\/TiUDyrXk0is?feature=oembed\" frameborder=\"0\" allow=\"accelerometer; autoplay; clipboard-write; encrypted-media; gyroscope; picture-in-picture; web-share\" referrerpolicy=\"strict-origin-when-cross-origin\" allowfullscreen><\/iframe><\/p>\n<h2><\/h2>\n<h2><span style=\"color: #ff0000;\">Potrebbe interessarti (clicca sull\u2019immgine o sul link):<\/span><\/h2>\n<h3 style=\"text-align: center;\"><a href=\"https:\/\/www.uilscuolaemiliaromagna.it\/public\/er\/2025\/01\/29\/mobilita-2025-28-le-novita-con-il-nuovo-contratto-integrativo-scheda-e-commento\/\" target=\"_blank\" rel=\"noopener\">Mobilit\u00e0 2025-28, le novit\u00e0 con il nuovo contratto integrativo (SCHEDA E COMMENTO)<\/a><\/h3>\n<p style=\"text-align: center;\"><a href=\"https:\/\/www.uilscuolaemiliaromagna.it\/public\/er\/2025\/01\/29\/mobilita-2025-28-le-novita-con-il-nuovo-contratto-integrativo-scheda-e-commento\/\" target=\"_blank\" rel=\"noopener\"><img loading=\"lazy\" decoding=\"async\" class=\"aligncenter wp-image-14748 size-full\" src=\"https:\/\/www.uilscuolaemiliaromagna.it\/public\/er\/wp-content\/uploads\/2025\/01\/mobilita.jpg\" alt=\"\" width=\"432\" height=\"365\" srcset=\"https:\/\/www.uilscuolaemiliaromagna.it\/public\/er\/wp-content\/uploads\/2025\/01\/mobilita.jpg 432w, https:\/\/www.uilscuolaemiliaromagna.it\/public\/er\/wp-content\/uploads\/2025\/01\/mobilita-300x253.jpg 300w\" sizes=\"(max-width: 432px) 100vw, 432px\" \/><\/a><\/p>\n<h4><\/h4>\n<h4 style=\"text-align: center;\"><span style=\"color: #ff0000;\">Per ulteriori informazioni:<\/span><\/h4>\n<h4 style=\"text-align: center;\"><span style=\"color: #ff0000;\">Serafino 3282258300<\/span><\/h4>\n<h4 style=\"text-align: center;\"><span style=\"color: #ff0000;\">Marco 3479688040<\/span><\/h4>\n<h4 style=\"text-align: center;\"><span style=\"color: #ff0000;\">Franco 3917658533<\/span><\/h4>\n<h4 style=\"text-align: center;\"><span style=\"color: #ff0000;\">Costantino 3472213667<\/span><\/h4>\n<h4 style=\"text-align: center;\"><span style=\"color: #ff0000;\">Alessandro 3891785488<\/span><\/h4>\n<h4 style=\"text-align: center;\"><span style=\"color: #ff0000;\">Nino (sede di Imola) 3887599121<\/span><\/h4>\n<h4 style=\"text-align: center;\"><span style=\"color: #ff0000;\">Gianluca (sede di Molinella) 3392855649<\/span><\/h4>\n<h4 style=\"text-align: center;\"><span style=\"color: #ff0000;\">Emidio\u00a0(area Alto Reno Terme)\u00a03917658534<\/span><\/h4>\n<p>&nbsp;<\/p>\n<h3><a href=\"https:\/\/www.whatsapp.com\/channel\/0029Va9KtAN5fM5g93lE7D29\" target=\"_blank\" rel=\"noopener\"><img loading=\"lazy\" decoding=\"async\" class=\"aligncenter wp-image-13119 size-medium\" src=\"https:\/\/www.uilscuolaemiliaromagna.it\/public\/er\/wp-content\/uploads\/2024\/03\/canale_whatsapp-300x142.jpg\" sizes=\"(max-width: 300px) 100vw, 300px\" srcset=\"https:\/\/www.uilscuolaemiliaromagna.it\/public\/er\/wp-content\/uploads\/2024\/03\/canale_whatsapp-300x142.jpg 300w, https:\/\/www.uilscuolaemiliaromagna.it\/public\/er\/wp-content\/uploads\/2024\/03\/canale_whatsapp-768x363.jpg 768w, https:\/\/www.uilscuolaemiliaromagna.it\/public\/er\/wp-content\/uploads\/2024\/03\/canale_whatsapp.jpg 800w\" alt=\"\" width=\"300\" height=\"142\" \/><\/a><\/h3>\n<p><a href=\"https:\/\/www.irasenazionale.it\/wp-content\/uploads\/2024\/03\/Delega_UilScuolaRua_Editabile.pdf\" target=\"_blank\" rel=\"noopener\"><img loading=\"lazy\" decoding=\"async\" class=\"aligncenter wp-image-13111 size-medium\" src=\"https:\/\/www.uilscuolaemiliaromagna.it\/public\/er\/wp-content\/uploads\/2024\/03\/iscriviti-7-2-300x92.png\" sizes=\"(max-width: 300px) 100vw, 300px\" srcset=\"https:\/\/www.uilscuolaemiliaromagna.it\/public\/er\/wp-content\/uploads\/2024\/03\/iscriviti-7-2-300x92.png 300w, https:\/\/www.uilscuolaemiliaromagna.it\/public\/er\/wp-content\/uploads\/2024\/03\/iscriviti-7-2-768x236.png 768w, https:\/\/www.uilscuolaemiliaromagna.it\/public\/er\/wp-content\/uploads\/2024\/03\/iscriviti-7-2.png 800w\" alt=\"\" width=\"300\" height=\"92\" \/><\/a><\/p>\n<h6 style=\"text-align: center;\"><span style=\"color: #0000ff;\"><em><strong>Clicca sull\u2019immagine per iscriverti alla Uil Scuola Rua di Bologna\u00a0<\/strong><strong>compilando la delega in ogni sua parte e allegando un documento\u00a0<\/strong><\/em><em><strong>di identit\u00e0 in corso di validit\u00e0.<\/strong><\/em><\/span><br \/>\n<span style=\"color: #0000ff;\"><em><strong>Entrambi andranno inviati al seguente indirizzo mail: bologna@uilscuola.it<\/strong><\/em><\/span><\/h6>\n<p>&nbsp;<\/p>\n\n<div class=\"twitter-share\"><a href=\"https:\/\/twitter.com\/intent\/tweet?via=UILScuolaBO_ER\" class=\"twitter-share-button\" data-size=\"large\">Tweet<\/a><\/div>\n","protected":false},"excerpt":{"rendered":"<p>A breve le domande per docenti, educatori e personale Ata. La nostra piattaforma sulla Mobilit\u00e0 2025 \u00e8 costantemente aggiornata con guide, FAQ e strumenti utili.\u00a0CLICCA &hellip; <\/p>\n","protected":false},"author":1,"featured_media":14759,"comment_status":"closed","ping_status":"open","sticky":false,"template":"","format":"standard","meta":{"footnotes":""},"categories":[2,5,12,6],"tags":[],"yoast_head":"<!-- This site is optimized with the Yoast SEO plugin v21.7 - https:\/\/yoast.com\/wordpress\/plugins\/seo\/ -->\r\n<title>Mobilit\u00e0 2025, ecco chi pu\u00f2 presentare domanda [piattaforma online] - Uil Scuola Emilia Romagna<\/title>\r\n<meta name=\"robots\" content=\"index, follow, max-snippet:-1, max-image-preview:large, max-video-preview:-1\" \/>\r\n<link rel=\"canonical\" href=\"https:\/\/www.uilscuolaemiliaromagna.it\/public\/er\/2025\/02\/03\/mobilita-2025-ecco-chi-puo-presentare-domanda-piattaforma-online\/\" \/>\r\n<meta property=\"og:locale\" content=\"it_IT\" \/>\r\n<meta property=\"og:type\" content=\"article\" \/>\r\n<meta property=\"og:title\" content=\"Mobilit\u00e0 2025, ecco chi pu\u00f2 presentare domanda [piattaforma online] - Uil Scuola Emilia Romagna\" \/>\r\n<meta property=\"og:description\" content=\"A breve le domande per docenti, educatori e personale Ata. La nostra piattaforma sulla Mobilit\u00e0 2025 \u00e8 costantemente aggiornata con guide, FAQ e strumenti utili.\u00a0CLICCA &hellip;\" \/>\r\n<meta property=\"og:url\" content=\"https:\/\/www.uilscuolaemiliaromagna.it\/public\/er\/2025\/02\/03\/mobilita-2025-ecco-chi-puo-presentare-domanda-piattaforma-online\/\" \/>\r\n<meta property=\"og:site_name\" content=\"Uil Scuola Emilia Romagna\" \/>\r\n<meta property=\"article:published_time\" content=\"2025-02-03T17:36:28+00:00\" \/>\r\n<meta property=\"article:modified_time\" content=\"2025-04-07T07:41:38+00:00\" \/>\r\n<meta property=\"og:image\" content=\"https:\/\/www.uilscuolaemiliaromagna.it\/public\/er\/wp-content\/uploads\/2025\/02\/MOBILITA-PIATTAFORMA-UIL-SCUOLA.jpg\" \/>\r\n\t<meta property=\"og:image:width\" content=\"500\" \/>\r\n\t<meta property=\"og:image:height\" content=\"500\" \/>\r\n\t<meta property=\"og:image:type\" content=\"image\/jpeg\" \/>\r\n<meta name=\"author\" content=\"admin\" \/>\r\n<meta name=\"twitter:card\" content=\"summary_large_image\" \/>\r\n<meta name=\"twitter:label1\" content=\"Scritto da\" \/>\n\t<meta name=\"twitter:data1\" content=\"admin\" \/>\n\t<meta name=\"twitter:label2\" content=\"Tempo di lettura stimato\" \/>\n\t<meta name=\"twitter:data2\" content=\"6 minuti\" \/>\r\n<script type=\"application\/ld+json\" class=\"yoast-schema-graph\">{\"@context\":\"https:\/\/schema.org\",\"@graph\":[{\"@type\":\"Article\",\"@id\":\"https:\/\/www.uilscuolaemiliaromagna.it\/public\/er\/2025\/02\/03\/mobilita-2025-ecco-chi-puo-presentare-domanda-piattaforma-online\/#article\",\"isPartOf\":{\"@id\":\"https:\/\/www.uilscuolaemiliaromagna.it\/public\/er\/2025\/02\/03\/mobilita-2025-ecco-chi-puo-presentare-domanda-piattaforma-online\/\"},\"author\":{\"name\":\"admin\",\"@id\":\"https:\/\/www.uilscuolaemiliaromagna.it\/public\/er\/#\/schema\/person\/f42878fd07a4b6ba2b7153d4fad5de5e\"},\"headline\":\"Mobilit\u00e0 2025, ecco chi pu\u00f2 presentare domanda [piattaforma online]\",\"datePublished\":\"2025-02-03T17:36:28+00:00\",\"dateModified\":\"2025-04-07T07:41:38+00:00\",\"mainEntityOfPage\":{\"@id\":\"https:\/\/www.uilscuolaemiliaromagna.it\/public\/er\/2025\/02\/03\/mobilita-2025-ecco-chi-puo-presentare-domanda-piattaforma-online\/\"},\"wordCount\":862,\"publisher\":{\"@id\":\"https:\/\/www.uilscuolaemiliaromagna.it\/public\/er\/#organization\"},\"articleSection\":[\"ATA\",\"Mobilit\u00e0\",\"Notizie\",\"Personale Docente\"],\"inLanguage\":\"it-IT\"},{\"@type\":\"WebPage\",\"@id\":\"https:\/\/www.uilscuolaemiliaromagna.it\/public\/er\/2025\/02\/03\/mobilita-2025-ecco-chi-puo-presentare-domanda-piattaforma-online\/\",\"url\":\"https:\/\/www.uilscuolaemiliaromagna.it\/public\/er\/2025\/02\/03\/mobilita-2025-ecco-chi-puo-presentare-domanda-piattaforma-online\/\",\"name\":\"Mobilit\u00e0 2025, ecco chi pu\u00f2 presentare domanda [piattaforma online] - Uil Scuola Emilia Romagna\",\"isPartOf\":{\"@id\":\"https:\/\/www.uilscuolaemiliaromagna.it\/public\/er\/#website\"},\"datePublished\":\"2025-02-03T17:36:28+00:00\",\"dateModified\":\"2025-04-07T07:41:38+00:00\",\"breadcrumb\":{\"@id\":\"https:\/\/www.uilscuolaemiliaromagna.it\/public\/er\/2025\/02\/03\/mobilita-2025-ecco-chi-puo-presentare-domanda-piattaforma-online\/#breadcrumb\"},\"inLanguage\":\"it-IT\",\"potentialAction\":[{\"@type\":\"ReadAction\",\"target\":[\"https:\/\/www.uilscuolaemiliaromagna.it\/public\/er\/2025\/02\/03\/mobilita-2025-ecco-chi-puo-presentare-domanda-piattaforma-online\/\"]}]},{\"@type\":\"BreadcrumbList\",\"@id\":\"https:\/\/www.uilscuolaemiliaromagna.it\/public\/er\/2025\/02\/03\/mobilita-2025-ecco-chi-puo-presentare-domanda-piattaforma-online\/#breadcrumb\",\"itemListElement\":[{\"@type\":\"ListItem\",\"position\":1,\"name\":\"Home\",\"item\":\"https:\/\/www.uilscuolaemiliaromagna.it\/public\/er\/\"},{\"@type\":\"ListItem\",\"position\":2,\"name\":\"Mobilit\u00e0 2025, ecco chi pu\u00f2 presentare domanda [piattaforma online]\"}]},{\"@type\":\"WebSite\",\"@id\":\"https:\/\/www.uilscuolaemiliaromagna.it\/public\/er\/#website\",\"url\":\"https:\/\/www.uilscuolaemiliaromagna.it\/public\/er\/\",\"name\":\"Uil Scuola Emilia Romagna\",\"description\":\"La voce libera della scuola\",\"publisher\":{\"@id\":\"https:\/\/www.uilscuolaemiliaromagna.it\/public\/er\/#organization\"},\"potentialAction\":[{\"@type\":\"SearchAction\",\"target\":{\"@type\":\"EntryPoint\",\"urlTemplate\":\"https:\/\/www.uilscuolaemiliaromagna.it\/public\/er\/?s={search_term_string}\"},\"query-input\":\"required name=search_term_string\"}],\"inLanguage\":\"it-IT\"},{\"@type\":\"Organization\",\"@id\":\"https:\/\/www.uilscuolaemiliaromagna.it\/public\/er\/#organization\",\"name\":\"Uil Scuola Emilia Romagna\",\"url\":\"https:\/\/www.uilscuolaemiliaromagna.it\/public\/er\/\",\"logo\":{\"@type\":\"ImageObject\",\"inLanguage\":\"it-IT\",\"@id\":\"https:\/\/www.uilscuolaemiliaromagna.it\/public\/er\/#\/schema\/logo\/image\/\",\"url\":\"https:\/\/www.uilscuolaemiliaromagna.it\/public\/er\/wp-content\/uploads\/2017\/04\/cropped-header.png\",\"contentUrl\":\"https:\/\/www.uilscuolaemiliaromagna.it\/public\/er\/wp-content\/uploads\/2017\/04\/cropped-header.png\",\"width\":1000,\"height\":150,\"caption\":\"Uil Scuola Emilia Romagna\"},\"image\":{\"@id\":\"https:\/\/www.uilscuolaemiliaromagna.it\/public\/er\/#\/schema\/logo\/image\/\"}},{\"@type\":\"Person\",\"@id\":\"https:\/\/www.uilscuolaemiliaromagna.it\/public\/er\/#\/schema\/person\/f42878fd07a4b6ba2b7153d4fad5de5e\",\"name\":\"admin\",\"image\":{\"@type\":\"ImageObject\",\"inLanguage\":\"it-IT\",\"@id\":\"https:\/\/www.uilscuolaemiliaromagna.it\/public\/er\/#\/schema\/person\/image\/\",\"url\":\"https:\/\/secure.gravatar.com\/avatar\/aebf815ae2f30ffdae8b8c247273d34c?s=96&d=mm&r=g\",\"contentUrl\":\"https:\/\/secure.gravatar.com\/avatar\/aebf815ae2f30ffdae8b8c247273d34c?s=96&d=mm&r=g\",\"caption\":\"admin\"},\"url\":\"https:\/\/www.uilscuolaemiliaromagna.it\/public\/er\/author\/admin\/\"}]}<\/script>\r\n<!-- \/ Yoast SEO plugin. -->","yoast_head_json":{"title":"Mobilit\u00e0 2025, ecco chi pu\u00f2 presentare domanda [piattaforma online] - Uil Scuola Emilia Romagna","robots":{"index":"index","follow":"follow","max-snippet":"max-snippet:-1","max-image-preview":"max-image-preview:large","max-video-preview":"max-video-preview:-1"},"canonical":"https:\/\/www.uilscuolaemiliaromagna.it\/public\/er\/2025\/02\/03\/mobilita-2025-ecco-chi-puo-presentare-domanda-piattaforma-online\/","og_locale":"it_IT","og_type":"article","og_title":"Mobilit\u00e0 2025, ecco chi pu\u00f2 presentare domanda [piattaforma online] - Uil Scuola Emilia Romagna","og_description":"A breve le domande per docenti, educatori e personale Ata. La nostra piattaforma sulla Mobilit\u00e0 2025 \u00e8 costantemente aggiornata con guide, FAQ e strumenti utili.\u00a0CLICCA &hellip;","og_url":"https:\/\/www.uilscuolaemiliaromagna.it\/public\/er\/2025\/02\/03\/mobilita-2025-ecco-chi-puo-presentare-domanda-piattaforma-online\/","og_site_name":"Uil Scuola Emilia Romagna","article_published_time":"2025-02-03T17:36:28+00:00","article_modified_time":"2025-04-07T07:41:38+00:00","og_image":[{"width":500,"height":500,"url":"https:\/\/www.uilscuolaemiliaromagna.it\/public\/er\/wp-content\/uploads\/2025\/02\/MOBILITA-PIATTAFORMA-UIL-SCUOLA.jpg","type":"image\/jpeg"}],"author":"admin","twitter_card":"summary_large_image","twitter_misc":{"Scritto da":"admin","Tempo di lettura stimato":"6 minuti"},"schema":{"@context":"https:\/\/schema.org","@graph":[{"@type":"Article","@id":"https:\/\/www.uilscuolaemiliaromagna.it\/public\/er\/2025\/02\/03\/mobilita-2025-ecco-chi-puo-presentare-domanda-piattaforma-online\/#article","isPartOf":{"@id":"https:\/\/www.uilscuolaemiliaromagna.it\/public\/er\/2025\/02\/03\/mobilita-2025-ecco-chi-puo-presentare-domanda-piattaforma-online\/"},"author":{"name":"admin","@id":"https:\/\/www.uilscuolaemiliaromagna.it\/public\/er\/#\/schema\/person\/f42878fd07a4b6ba2b7153d4fad5de5e"},"headline":"Mobilit\u00e0 2025, ecco chi pu\u00f2 presentare domanda [piattaforma online]","datePublished":"2025-02-03T17:36:28+00:00","dateModified":"2025-04-07T07:41:38+00:00","mainEntityOfPage":{"@id":"https:\/\/www.uilscuolaemiliaromagna.it\/public\/er\/2025\/02\/03\/mobilita-2025-ecco-chi-puo-presentare-domanda-piattaforma-online\/"},"wordCount":862,"publisher":{"@id":"https:\/\/www.uilscuolaemiliaromagna.it\/public\/er\/#organization"},"articleSection":["ATA","Mobilit\u00e0","Notizie","Personale Docente"],"inLanguage":"it-IT"},{"@type":"WebPage","@id":"https:\/\/www.uilscuolaemiliaromagna.it\/public\/er\/2025\/02\/03\/mobilita-2025-ecco-chi-puo-presentare-domanda-piattaforma-online\/","url":"https:\/\/www.uilscuolaemiliaromagna.it\/public\/er\/2025\/02\/03\/mobilita-2025-ecco-chi-puo-presentare-domanda-piattaforma-online\/","name":"Mobilit\u00e0 2025, ecco chi pu\u00f2 presentare domanda [piattaforma online] - Uil Scuola Emilia Romagna","isPartOf":{"@id":"https:\/\/www.uilscuolaemiliaromagna.it\/public\/er\/#website"},"datePublished":"2025-02-03T17:36:28+00:00","dateModified":"2025-04-07T07:41:38+00:00","breadcrumb":{"@id":"https:\/\/www.uilscuolaemiliaromagna.it\/public\/er\/2025\/02\/03\/mobilita-2025-ecco-chi-puo-presentare-domanda-piattaforma-online\/#breadcrumb"},"inLanguage":"it-IT","potentialAction":[{"@type":"ReadAction","target":["https:\/\/www.uilscuolaemiliaromagna.it\/public\/er\/2025\/02\/03\/mobilita-2025-ecco-chi-puo-presentare-domanda-piattaforma-online\/"]}]},{"@type":"BreadcrumbList","@id":"https:\/\/www.uilscuolaemiliaromagna.it\/public\/er\/2025\/02\/03\/mobilita-2025-ecco-chi-puo-presentare-domanda-piattaforma-online\/#breadcrumb","itemListElement":[{"@type":"ListItem","position":1,"name":"Home","item":"https:\/\/www.uilscuolaemiliaromagna.it\/public\/er\/"},{"@type":"ListItem","position":2,"name":"Mobilit\u00e0 2025, ecco chi pu\u00f2 presentare domanda [piattaforma online]"}]},{"@type":"WebSite","@id":"https:\/\/www.uilscuolaemiliaromagna.it\/public\/er\/#website","url":"https:\/\/www.uilscuolaemiliaromagna.it\/public\/er\/","name":"Uil Scuola Emilia Romagna","description":"La voce libera della scuola","publisher":{"@id":"https:\/\/www.uilscuolaemiliaromagna.it\/public\/er\/#organization"},"potentialAction":[{"@type":"SearchAction","target":{"@type":"EntryPoint","urlTemplate":"https:\/\/www.uilscuolaemiliaromagna.it\/public\/er\/?s={search_term_string}"},"query-input":"required name=search_term_string"}],"inLanguage":"it-IT"},{"@type":"Organization","@id":"https:\/\/www.uilscuolaemiliaromagna.it\/public\/er\/#organization","name":"Uil Scuola Emilia Romagna","url":"https:\/\/www.uilscuolaemiliaromagna.it\/public\/er\/","logo":{"@type":"ImageObject","inLanguage":"it-IT","@id":"https:\/\/www.uilscuolaemiliaromagna.it\/public\/er\/#\/schema\/logo\/image\/","url":"https:\/\/www.uilscuolaemiliaromagna.it\/public\/er\/wp-content\/uploads\/2017\/04\/cropped-header.png","contentUrl":"https:\/\/www.uilscuolaemiliaromagna.it\/public\/er\/wp-content\/uploads\/2017\/04\/cropped-header.png","width":1000,"height":150,"caption":"Uil Scuola Emilia Romagna"},"image":{"@id":"https:\/\/www.uilscuolaemiliaromagna.it\/public\/er\/#\/schema\/logo\/image\/"}},{"@type":"Person","@id":"https:\/\/www.uilscuolaemiliaromagna.it\/public\/er\/#\/schema\/person\/f42878fd07a4b6ba2b7153d4fad5de5e","name":"admin","image":{"@type":"ImageObject","inLanguage":"it-IT","@id":"https:\/\/www.uilscuolaemiliaromagna.it\/public\/er\/#\/schema\/person\/image\/","url":"https:\/\/secure.gravatar.com\/avatar\/aebf815ae2f30ffdae8b8c247273d34c?s=96&d=mm&r=g","contentUrl":"https:\/\/secure.gravatar.com\/avatar\/aebf815ae2f30ffdae8b8c247273d34c?s=96&d=mm&r=g","caption":"admin"},"url":"https:\/\/www.uilscuolaemiliaromagna.it\/public\/er\/author\/admin\/"}]}},"views":1686,"_links":{"self":[{"href":"https:\/\/www.uilscuolaemiliaromagna.it\/public\/er\/wp-json\/wp\/v2\/posts\/14757"}],"collection":[{"href":"https:\/\/www.uilscuolaemiliaromagna.it\/public\/er\/wp-json\/wp\/v2\/posts"}],"about":[{"href":"https:\/\/www.uilscuolaemiliaromagna.it\/public\/er\/wp-json\/wp\/v2\/types\/post"}],"author":[{"embeddable":true,"href":"https:\/\/www.uilscuolaemiliaromagna.it\/public\/er\/wp-json\/wp\/v2\/users\/1"}],"replies":[{"embeddable":true,"href":"https:\/\/www.uilscuolaemiliaromagna.it\/public\/er\/wp-json\/wp\/v2\/comments?post=14757"}],"version-history":[{"count":7,"href":"https:\/\/www.uilscuolaemiliaromagna.it\/public\/er\/wp-json\/wp\/v2\/posts\/14757\/revisions"}],"predecessor-version":[{"id":14878,"href":"https:\/\/www.uilscuolaemiliaromagna.it\/public\/er\/wp-json\/wp\/v2\/posts\/14757\/revisions\/14878"}],"wp:featuredmedia":[{"embeddable":true,"href":"https:\/\/www.uilscuolaemiliaromagna.it\/public\/er\/wp-json\/wp\/v2\/media\/14759"}],"wp:attachment":[{"href":"https:\/\/www.uilscuolaemiliaromagna.it\/public\/er\/wp-json\/wp\/v2\/media?parent=14757"}],"wp:term":[{"taxonomy":"category","embeddable":true,"href":"https:\/\/www.uilscuolaemiliaromagna.it\/public\/er\/wp-json\/wp\/v2\/categories?post=14757"},{"taxonomy":"post_tag","embeddable":true,"href":"https:\/\/www.uilscuolaemiliaromagna.it\/public\/er\/wp-json\/wp\/v2\/tags?post=14757"}],"curies":[{"name":"wp","href":"https:\/\/api.w.org\/{rel}","templated":true}]}}