{"id":1497,"date":"2017-05-08T10:29:06","date_gmt":"2017-05-08T08:29:06","guid":{"rendered":"http:\/\/www.uilscuolaemiliaromagna.it\/public\/er\/?p=1497"},"modified":"2017-06-08T20:49:54","modified_gmt":"2017-06-08T18:49:54","slug":"rassegna-stampa-8-maggio-orizzontescuola-chiamata-diretta-daprile-uil-contratto-riconsegna-potere-ai-collegi-docenti-ingiusto-divieto-per-docenti-su-ambito-di-chiedere-mobilita-su-s","status":"publish","type":"post","link":"https:\/\/www.uilscuolaemiliaromagna.it\/public\/er\/2017\/05\/08\/rassegna-stampa-8-maggio-orizzontescuola-chiamata-diretta-daprile-uil-contratto-riconsegna-potere-ai-collegi-docenti-ingiusto-divieto-per-docenti-su-ambito-di-chiedere-mobilita-su-s\/","title":{"rendered":"Rassegna stampa: 8 maggio | OrizzonteScuola &#8211; Chiamata diretta, D\u2019Aprile (UIL): Contratto riconsegna potere ai Collegi docenti. Ingiusto divieto per docenti su ambito di chiedere mobilit\u00e0 su scuola in cui insegna, \u00e8 stata una nostra battaglia"},"content":{"rendered":"<div style=\"text-align: justify;\">Di seguito l&#8217;intervista al Segretario Generale UIL Scuola Bologna &#8211; Emilia Romagna\u00a0Giuseppe D&#8217;aprile, pubblicata oggi su OrizzonteScuola.it<\/div>\n<div style=\"text-align: justify;\"><\/div>\n<div style=\"text-align: justify;\"><strong>Chiamata diretta, D\u2019Aprile (UIL): Contratto riconsegna potere ai Collegi docenti. Ingiusto divieto per docenti su ambito di chiedere mobilit\u00e0 su scuola in cui insegna, \u00e8 stata una nostra battaglia<\/strong><\/div>\n<div style=\"text-align: justify;\"><\/div>\n<div>\n<p style=\"text-align: justify;\">A rispondere alle domande su mobilit\u00e0 e contratto chiamata diretta \u00e8 Giuseppe D\u2019Aprile, della segreteria nazionale UIL scuola, presente agli incontri con il Ministero per gli accordi che hanno portato circa 250mila docenti a chiedere trasferimento di sede.<\/p>\n<div class=\"m_-8195274318917957133entry-content\" style=\"text-align: justify;\">\n<p><strong>Con questo contratto avete assegnato ai Collegi dei docenti un potere non indifferente, dato che dovranno deliberare sui criteri per l\u2019assegnazione delle cattedre ai docenti (chiamata diretta). Ritiene che i Collegi siano maturi per assumersi questa responsabilit\u00e0?<\/strong><\/p>\n<p>Si \u00e8 semplicemente (ri) dato al Collegio dei docenti il ruolo centrale che gli \u00e8 proprio e che la legge 107, ha spostato, impropriamente sul Dirigente Scolastico. La sottoscrizione dell\u2019accordo consente di stabilire i criteri necessari per il passaggio dei docenti da ambito a scuola in modo oggettivo, trasparente e imparziale che escludano ogni individuazione o scelta discrezionale da parte del Dirigente Scolastico. Per la UIL Scuola, la definizione da parte del collegio docenti di deliberarli, ha rappresentato sin dall\u2019inizio della trattativa un punto fondamentale per la sottoscrizione dell\u2019accordo.<\/p>\n<p><strong>Cosa non ha funzionato nel precedente contratto sulla mobilit\u00e0 messo a punto dal precedente esecutivo?<\/strong><\/p>\n<p>Lo scorso anno, attraverso il contratto sulla mobilit\u00e0 e quindi attraverso la contrattazione, abbiamo modificato gli errori contenuti nella Legge 107. L\u2019algoritmo messo a punto dal MIUR, non coerente con il contratto, era sbagliato. Come \u00e8 noto, ha dato vita alle conciliazioni fatte senza criteri di equit\u00e0 e senza la garanzia della presenza sindacale, successivamente sanzionate in sede giurisdizionale con la condanna dell\u2019amministrazione. Ancora oggi \u00e8 pendente dinanzi al TAR il contenzioso per accertare i danni derivanti dal famigerato algoritmo.<\/p>\n<p><strong>Alcune associazioni di dirigenti hanno lamentato, in relazione alla loro valutazione, una sottrazione di potere decisionale e quindi una diminuita capacit\u00e0 di scegliersi la squadra di docenti, necessaria, a dir loro, per incidere sulla qualit\u00e0 della didattica.<\/strong><\/p>\n<p>Scegliere i docenti \u00e8 un modello che \u00e8 adottato dalle scuole private che hanno come loro fine un\u2019educazione caratterizzata da una visione specifica. Scegliere il personale \u00e8 un atteggiamento che si addice ad un titolare di un\u2019azienda che ha sicuramente finalit\u00e0 diverse da quelle dell\u2019interesse collettivo che, invece, \u00e8 rappresentato dalle scuole statali che garantiscono per tutti pluralismo ed un insegnamento laico. Siamo sicuri che scegliersi i docenti non equivalga a trasformare l\u2019istruzione, costituzionalmente definita quale funzione essenziale dello Stato, in un servizio? Il pericolo della privatizzazione della Scuola \u00e8 sempre incombente, caratterizza le scelte della Legge 107 che prende a modello il sistema delle Scuole private :\u00a0 scelta dei docenti e definizione del piano dell\u2019offerta formativa ad opera del singolo, senza \u201cintralci collegiali\u201d.<br \/>\nIl passo successivo \u00e8 breve: rivendicare non la libert\u00e0 di istituire scuole private, bens\u00ec quella di finanziarle con soldi pubblici.<br \/>\nPensare di passare dal pluralismo culturale e professionale interno che \u00e8 stato garantito dalla scuola statale ad un \u201cpluralismo esterno\u201d basato sulla competizione delle diverse\u00a0 offerte formative, significa non avere a cuore il futuro di questo paese, specie in una societ\u00e0 sempre pi\u00f9 multiculturale e multireligiosa .<\/p>\n<p><strong>Ad ogni modo restano gli ambiti, che ci risulta non essere molto amati dai docenti. A\u00a0noi risulta che moltissimi abbiano puntato esclusivamente sulle scuole. Paura di cosa?<\/strong><\/p>\n<p>Direi che\u00a0 quanto accaduto lo scorso anno con i timori dei docenti di essere assegnati alle scuole, attraverso richieste di curriculum con foto e video a busto intero, \u00e8 scongiurato dal nuovo accordo. La UIL Scuola ha sempre affermato con chiarezza la propria contrarieta\u0300 al sistema degli ambiti: un sistema non imparziale che riduce la libert\u00e0 di insegnamento con logiche clientelari e, come detto prima, di stampo privatistico. Il docente che dagli ambiti viene assegnato ad una scuola deve avere la certezza che ci\u00f2\u2019 avvenga sulla base di criteri oggettivi ed \u00e8 per questo che, per la UIl Scuola, tale punto \u00e8 stato dirimente per la firma dell\u2019accordo che regolamenta il passaggio da ambito a scuola. Ci auguriamo che, con la prossima legislatura, vengano eliminati gli ambiti che rappresentano solo una procedura burocratica inutile con ripercussioni negative sull\u2019apertura dell\u2019anno scolastico, non garantendo la continuit\u00e0 didattica teoricamente decantata e difesa da tutti.<\/p>\n<p><strong>Questo contratto pu\u00f2 definirsi un punto a favore dell\u2019ascolto e del dialogo. Una cosa che \u00e8 venuta a mancare nella precedente amministrazione.<\/strong><\/p>\n<p>Da parte del precedente esecutivo non c\u2019\u00e8\u2019 stata nessuna volont\u00e0 di dialogo. La UIL Scuola, ha sempre ricercato ogni forma di dialogo e rivendicato un percorso di confronto. Gi\u00e0 nel dicembre 2015 abbiamo presentato ai banchetti del PD (Italiacoraggio) un documento contenente le nostre proposte di modifica della Legge 107. Purtroppo il Governo e i partiti di maggioranza sono stati sordi. Sicuramente, con l\u2019attuale esecutivo, esiste pi\u00f9 confronto e pi\u00f9 dialogo. La stessa Ministra nella nostra ultima conferenza di organizzazione ha dichiarato\u2026\u201d abbiamo impostato sin dall\u2019inizio un rapporto molto costruttivo, anche se ciascuno ha le proprie opinioni e le proprie funzioni e credo che questo dialogo debba continuare e protrarsi nel tempo\u201d\u2026 Questo modo di operare e\u2019 la base per trovare soluzioni positive per il paese. Un atteggiamento che per\u00f2 dovr\u00e0 portare a cambiare le scelte sbagliate, attraverso la contrattazione ed il confronto costruttivo con il sindacato.<br \/>\nCi auguriamo che ci\u00f2 porti risultati tangibili per il personale tutto: dirigenti, docenti, educatori ed ATA che, insieme, rappresentano quella comunit\u00e0 che \u00e8 la scuola dell\u2019autonomia. Diversamente, come sempre, non faremo sconti alcuni.<\/p>\n<p><strong>Ci sono punti, per\u00f2, che meritavano una maggiore attenzione. Ad esempio la possibilit\u00e0 per i docenti in ambito di poter fare mobilit\u00e0 chiedendo cattedra nella stessa scuola in cui si insegna. Sarebbe stato, se non altro, un provvedimento di giustizia per non creare disparit\u00e0, se ne \u00e8 discusso durante gli incontri al Ministero? Perch\u00e9 questo punto non \u00e8 stato inserito nel contratto? Comunque soddisfatti?<\/strong><\/p>\n<p>Vorrei ricordare che questo contratto, diversamente da ci\u00f2 che prevede la legge 107, prevede la possibilit\u00e0 di trasferimento sulla singola scuola, elimina il vincolo triennale di permanenza per i trasferimenti tra provincie diverse, regolamenta il passaggio verso i licei musicali e prevede che i criteri di assegnazione dei docenti e degli ATA a plessi o sezioni staccate di una stessa autonomia scolastica, ma situati in\u00a0 Comuni diversi, sia stabilita in contrattazione di Istituto. La possibilit\u00e0 da parte dei docenti assegnati negli ambiti di poter chiedere, in fase di mobilit\u00e0, la scuola di servizio era tra i punti pi\u00f9 volte discussi con il MIUR ed ha rappresentato per noi un altro punto fondamentale per la sottoscrizione del contratto.<br \/>\nDa parte nostra e\u2019 stata una battaglia condotta fino alla fine ma che ha visto l\u2019Amministrazione resistente e determinata, trincerata dietro un impedimento prettamente tecnico e di sistema, che avrebbe\u00a0 potuto pregiudicare l\u2019intera fase dei trasferimenti.<br \/>\nD\u2019altronde Il contratto \u00e8 frutto di una mediazione tra le parti e alla fine si doveva decidere:\u00a0 scegliere tra l\u2019applicazione della Legge con le conseguenti ricadute sul personale e sugli alunni o la sottoscrizione del contratto integrativo con tutti i miglioramenti citati.<br \/>\nBeh! Francamente abbiamo optato per la seconda scelta con la consapevolezza di aver piegato le rigita\u2019 della Legge 107.<br \/>\nAbbiamo dimostrato che attraverso la contrattazione si trovano le risposte per la tutela del\u00a0 personale e per far funzionare le scuole.<br \/>\nSpiace dover verificare che qualcuno se ne accorga solo ora e trovi ogni pretesto di critica e di\u00a0 protesta per scelte che attengono, anche giustamente, a situazioni personali e particolari che con il contratto non siamo riusciti a risolvere.<\/p>\n<p>Sicuramente il prossimo anno cercheremo di fare ancora meglio\u2026<\/p>\n<\/div>\n<div class=\"m_-8195274318917957133gmail-nl-box\" style=\"text-align: justify;\"><span style=\"color: #000000;\">\u00a0<\/span><\/div>\n<footer class=\"m_-8195274318917957133entry-footer\">\n<div class=\"m_-8195274318917957133gmail-submitted\" style=\"text-align: justify;\">8 maggio 2017 &#8211; 8:27 &#8211; Paolo Damanti<\/div>\n<\/footer>\n<\/div>\n<div class=\"m_-8195274318917957133gmail-submitted\" style=\"text-align: justify;\"><\/div>\n<div class=\"m_-8195274318917957133gmail-submitted\" style=\"text-align: justify;\"><a href=\"https:\/\/www.uilscuolaemiliaromagna.it\/public\/er\/wp-content\/uploads\/2017\/05\/orizzontescuola.it-Chiamata-diretta-DAprile-UIL-Contratto-riconsegna-potere-ai-Collegi-docenti-Ingiusto-divieto-per-doce.pdf\">l&#8217;intervista a Giuseppe D&#8217;Aprile in formato pdf<\/a><\/div>\n\n<div class=\"twitter-share\"><a href=\"https:\/\/twitter.com\/intent\/tweet?via=UILScuolaBO_ER\" class=\"twitter-share-button\" data-size=\"large\">Tweet<\/a><\/div>\n","protected":false},"excerpt":{"rendered":"<p>Di seguito l&#8217;intervista al Segretario Generale UIL Scuola Bologna &#8211; Emilia Romagna\u00a0Giuseppe D&#8217;aprile, pubblicata oggi su OrizzonteScuola.it Chiamata diretta, D\u2019Aprile (UIL): Contratto riconsegna potere ai &hellip; <\/p>\n","protected":false},"author":1,"featured_media":0,"comment_status":"closed","ping_status":"open","sticky":false,"template":"","format":"standard","meta":{"footnotes":""},"categories":[5,12,6,13],"tags":[],"yoast_head":"<!-- This site is optimized with the Yoast SEO plugin v21.7 - https:\/\/yoast.com\/wordpress\/plugins\/seo\/ -->\r\n<title>Rassegna stampa: 8 maggio | OrizzonteScuola - Chiamata diretta, D\u2019Aprile (UIL): Contratto riconsegna potere ai Collegi docenti. Ingiusto divieto per docenti su ambito di chiedere mobilit\u00e0 su scuola in cui insegna, \u00e8 stata una nostra battaglia - Uil Scuola Emilia Romagna<\/title>\r\n<meta name=\"robots\" content=\"index, follow, max-snippet:-1, max-image-preview:large, max-video-preview:-1\" \/>\r\n<link rel=\"canonical\" href=\"https:\/\/www.uilscuolaemiliaromagna.it\/public\/er\/2017\/05\/08\/rassegna-stampa-8-maggio-orizzontescuola-chiamata-diretta-daprile-uil-contratto-riconsegna-potere-ai-collegi-docenti-ingiusto-divieto-per-docenti-su-ambito-di-chiedere-mobilita-su-s\/\" \/>\r\n<meta property=\"og:locale\" content=\"it_IT\" \/>\r\n<meta property=\"og:type\" content=\"article\" \/>\r\n<meta property=\"og:title\" content=\"Rassegna stampa: 8 maggio | OrizzonteScuola - Chiamata diretta, D\u2019Aprile (UIL): Contratto riconsegna potere ai Collegi docenti. Ingiusto divieto per docenti su ambito di chiedere mobilit\u00e0 su scuola in cui insegna, \u00e8 stata una nostra battaglia - Uil Scuola Emilia Romagna\" \/>\r\n<meta property=\"og:description\" content=\"Di seguito l&#8217;intervista al Segretario Generale UIL Scuola Bologna &#8211; Emilia Romagna\u00a0Giuseppe D&#8217;aprile, pubblicata oggi su OrizzonteScuola.it Chiamata diretta, D\u2019Aprile (UIL): Contratto riconsegna potere ai &hellip;\" \/>\r\n<meta property=\"og:url\" content=\"https:\/\/www.uilscuolaemiliaromagna.it\/public\/er\/2017\/05\/08\/rassegna-stampa-8-maggio-orizzontescuola-chiamata-diretta-daprile-uil-contratto-riconsegna-potere-ai-collegi-docenti-ingiusto-divieto-per-docenti-su-ambito-di-chiedere-mobilita-su-s\/\" \/>\r\n<meta property=\"og:site_name\" content=\"Uil Scuola Emilia Romagna\" \/>\r\n<meta property=\"article:published_time\" content=\"2017-05-08T08:29:06+00:00\" \/>\r\n<meta property=\"article:modified_time\" content=\"2017-06-08T18:49:54+00:00\" \/>\r\n<meta name=\"author\" content=\"admin\" \/>\r\n<meta name=\"twitter:card\" content=\"summary_large_image\" \/>\r\n<meta name=\"twitter:label1\" content=\"Scritto da\" \/>\n\t<meta name=\"twitter:data1\" content=\"admin\" \/>\n\t<meta name=\"twitter:label2\" content=\"Tempo di lettura stimato\" \/>\n\t<meta name=\"twitter:data2\" content=\"6 minuti\" \/>\r\n<script type=\"application\/ld+json\" class=\"yoast-schema-graph\">{\"@context\":\"https:\/\/schema.org\",\"@graph\":[{\"@type\":\"Article\",\"@id\":\"https:\/\/www.uilscuolaemiliaromagna.it\/public\/er\/2017\/05\/08\/rassegna-stampa-8-maggio-orizzontescuola-chiamata-diretta-daprile-uil-contratto-riconsegna-potere-ai-collegi-docenti-ingiusto-divieto-per-docenti-su-ambito-di-chiedere-mobilita-su-s\/#article\",\"isPartOf\":{\"@id\":\"https:\/\/www.uilscuolaemiliaromagna.it\/public\/er\/2017\/05\/08\/rassegna-stampa-8-maggio-orizzontescuola-chiamata-diretta-daprile-uil-contratto-riconsegna-potere-ai-collegi-docenti-ingiusto-divieto-per-docenti-su-ambito-di-chiedere-mobilita-su-s\/\"},\"author\":{\"name\":\"admin\",\"@id\":\"https:\/\/www.uilscuolaemiliaromagna.it\/public\/er\/#\/schema\/person\/f42878fd07a4b6ba2b7153d4fad5de5e\"},\"headline\":\"Rassegna stampa: 8 maggio | OrizzonteScuola &#8211; Chiamata diretta, D\u2019Aprile (UIL): Contratto riconsegna potere ai Collegi docenti. Ingiusto divieto per docenti su ambito di chiedere mobilit\u00e0 su scuola in cui insegna, \u00e8 stata una nostra battaglia\",\"datePublished\":\"2017-05-08T08:29:06+00:00\",\"dateModified\":\"2017-06-08T18:49:54+00:00\",\"mainEntityOfPage\":{\"@id\":\"https:\/\/www.uilscuolaemiliaromagna.it\/public\/er\/2017\/05\/08\/rassegna-stampa-8-maggio-orizzontescuola-chiamata-diretta-daprile-uil-contratto-riconsegna-potere-ai-collegi-docenti-ingiusto-divieto-per-docenti-su-ambito-di-chiedere-mobilita-su-s\/\"},\"wordCount\":1303,\"publisher\":{\"@id\":\"https:\/\/www.uilscuolaemiliaromagna.it\/public\/er\/#organization\"},\"articleSection\":[\"Mobilit\u00e0\",\"Notizie\",\"Personale Docente\",\"Strumento Musicale\"],\"inLanguage\":\"it-IT\"},{\"@type\":\"WebPage\",\"@id\":\"https:\/\/www.uilscuolaemiliaromagna.it\/public\/er\/2017\/05\/08\/rassegna-stampa-8-maggio-orizzontescuola-chiamata-diretta-daprile-uil-contratto-riconsegna-potere-ai-collegi-docenti-ingiusto-divieto-per-docenti-su-ambito-di-chiedere-mobilita-su-s\/\",\"url\":\"https:\/\/www.uilscuolaemiliaromagna.it\/public\/er\/2017\/05\/08\/rassegna-stampa-8-maggio-orizzontescuola-chiamata-diretta-daprile-uil-contratto-riconsegna-potere-ai-collegi-docenti-ingiusto-divieto-per-docenti-su-ambito-di-chiedere-mobilita-su-s\/\",\"name\":\"Rassegna stampa: 8 maggio | OrizzonteScuola - Chiamata diretta, D\u2019Aprile (UIL): Contratto riconsegna potere ai Collegi docenti. Ingiusto divieto per docenti su ambito di chiedere mobilit\u00e0 su scuola in cui insegna, \u00e8 stata una nostra battaglia - Uil Scuola Emilia Romagna\",\"isPartOf\":{\"@id\":\"https:\/\/www.uilscuolaemiliaromagna.it\/public\/er\/#website\"},\"datePublished\":\"2017-05-08T08:29:06+00:00\",\"dateModified\":\"2017-06-08T18:49:54+00:00\",\"breadcrumb\":{\"@id\":\"https:\/\/www.uilscuolaemiliaromagna.it\/public\/er\/2017\/05\/08\/rassegna-stampa-8-maggio-orizzontescuola-chiamata-diretta-daprile-uil-contratto-riconsegna-potere-ai-collegi-docenti-ingiusto-divieto-per-docenti-su-ambito-di-chiedere-mobilita-su-s\/#breadcrumb\"},\"inLanguage\":\"it-IT\",\"potentialAction\":[{\"@type\":\"ReadAction\",\"target\":[\"https:\/\/www.uilscuolaemiliaromagna.it\/public\/er\/2017\/05\/08\/rassegna-stampa-8-maggio-orizzontescuola-chiamata-diretta-daprile-uil-contratto-riconsegna-potere-ai-collegi-docenti-ingiusto-divieto-per-docenti-su-ambito-di-chiedere-mobilita-su-s\/\"]}]},{\"@type\":\"BreadcrumbList\",\"@id\":\"https:\/\/www.uilscuolaemiliaromagna.it\/public\/er\/2017\/05\/08\/rassegna-stampa-8-maggio-orizzontescuola-chiamata-diretta-daprile-uil-contratto-riconsegna-potere-ai-collegi-docenti-ingiusto-divieto-per-docenti-su-ambito-di-chiedere-mobilita-su-s\/#breadcrumb\",\"itemListElement\":[{\"@type\":\"ListItem\",\"position\":1,\"name\":\"Home\",\"item\":\"https:\/\/www.uilscuolaemiliaromagna.it\/public\/er\/\"},{\"@type\":\"ListItem\",\"position\":2,\"name\":\"Rassegna stampa: 8 maggio | OrizzonteScuola &#8211; Chiamata diretta, D\u2019Aprile (UIL): Contratto riconsegna potere ai Collegi docenti. Ingiusto divieto per docenti su ambito di chiedere mobilit\u00e0 su scuola in cui insegna, \u00e8 stata una nostra battaglia\"}]},{\"@type\":\"WebSite\",\"@id\":\"https:\/\/www.uilscuolaemiliaromagna.it\/public\/er\/#website\",\"url\":\"https:\/\/www.uilscuolaemiliaromagna.it\/public\/er\/\",\"name\":\"Uil Scuola Emilia Romagna\",\"description\":\"La voce libera della scuola\",\"publisher\":{\"@id\":\"https:\/\/www.uilscuolaemiliaromagna.it\/public\/er\/#organization\"},\"potentialAction\":[{\"@type\":\"SearchAction\",\"target\":{\"@type\":\"EntryPoint\",\"urlTemplate\":\"https:\/\/www.uilscuolaemiliaromagna.it\/public\/er\/?s={search_term_string}\"},\"query-input\":\"required name=search_term_string\"}],\"inLanguage\":\"it-IT\"},{\"@type\":\"Organization\",\"@id\":\"https:\/\/www.uilscuolaemiliaromagna.it\/public\/er\/#organization\",\"name\":\"Uil Scuola Emilia Romagna\",\"url\":\"https:\/\/www.uilscuolaemiliaromagna.it\/public\/er\/\",\"logo\":{\"@type\":\"ImageObject\",\"inLanguage\":\"it-IT\",\"@id\":\"https:\/\/www.uilscuolaemiliaromagna.it\/public\/er\/#\/schema\/logo\/image\/\",\"url\":\"https:\/\/www.uilscuolaemiliaromagna.it\/public\/er\/wp-content\/uploads\/2017\/04\/cropped-header.png\",\"contentUrl\":\"https:\/\/www.uilscuolaemiliaromagna.it\/public\/er\/wp-content\/uploads\/2017\/04\/cropped-header.png\",\"width\":1000,\"height\":150,\"caption\":\"Uil Scuola Emilia Romagna\"},\"image\":{\"@id\":\"https:\/\/www.uilscuolaemiliaromagna.it\/public\/er\/#\/schema\/logo\/image\/\"}},{\"@type\":\"Person\",\"@id\":\"https:\/\/www.uilscuolaemiliaromagna.it\/public\/er\/#\/schema\/person\/f42878fd07a4b6ba2b7153d4fad5de5e\",\"name\":\"admin\",\"image\":{\"@type\":\"ImageObject\",\"inLanguage\":\"it-IT\",\"@id\":\"https:\/\/www.uilscuolaemiliaromagna.it\/public\/er\/#\/schema\/person\/image\/\",\"url\":\"https:\/\/secure.gravatar.com\/avatar\/aebf815ae2f30ffdae8b8c247273d34c?s=96&d=mm&r=g\",\"contentUrl\":\"https:\/\/secure.gravatar.com\/avatar\/aebf815ae2f30ffdae8b8c247273d34c?s=96&d=mm&r=g\",\"caption\":\"admin\"},\"url\":\"https:\/\/www.uilscuolaemiliaromagna.it\/public\/er\/author\/admin\/\"}]}<\/script>\r\n<!-- \/ Yoast SEO plugin. -->","yoast_head_json":{"title":"Rassegna stampa: 8 maggio | OrizzonteScuola - Chiamata diretta, D\u2019Aprile (UIL): Contratto riconsegna potere ai Collegi docenti. Ingiusto divieto per docenti su ambito di chiedere mobilit\u00e0 su scuola in cui insegna, \u00e8 stata una nostra battaglia - Uil Scuola Emilia Romagna","robots":{"index":"index","follow":"follow","max-snippet":"max-snippet:-1","max-image-preview":"max-image-preview:large","max-video-preview":"max-video-preview:-1"},"canonical":"https:\/\/www.uilscuolaemiliaromagna.it\/public\/er\/2017\/05\/08\/rassegna-stampa-8-maggio-orizzontescuola-chiamata-diretta-daprile-uil-contratto-riconsegna-potere-ai-collegi-docenti-ingiusto-divieto-per-docenti-su-ambito-di-chiedere-mobilita-su-s\/","og_locale":"it_IT","og_type":"article","og_title":"Rassegna stampa: 8 maggio | OrizzonteScuola - Chiamata diretta, D\u2019Aprile (UIL): Contratto riconsegna potere ai Collegi docenti. Ingiusto divieto per docenti su ambito di chiedere mobilit\u00e0 su scuola in cui insegna, \u00e8 stata una nostra battaglia - Uil Scuola Emilia Romagna","og_description":"Di seguito l&#8217;intervista al Segretario Generale UIL Scuola Bologna &#8211; Emilia Romagna\u00a0Giuseppe D&#8217;aprile, pubblicata oggi su OrizzonteScuola.it Chiamata diretta, D\u2019Aprile (UIL): Contratto riconsegna potere ai &hellip;","og_url":"https:\/\/www.uilscuolaemiliaromagna.it\/public\/er\/2017\/05\/08\/rassegna-stampa-8-maggio-orizzontescuola-chiamata-diretta-daprile-uil-contratto-riconsegna-potere-ai-collegi-docenti-ingiusto-divieto-per-docenti-su-ambito-di-chiedere-mobilita-su-s\/","og_site_name":"Uil Scuola Emilia Romagna","article_published_time":"2017-05-08T08:29:06+00:00","article_modified_time":"2017-06-08T18:49:54+00:00","author":"admin","twitter_card":"summary_large_image","twitter_misc":{"Scritto da":"admin","Tempo di lettura stimato":"6 minuti"},"schema":{"@context":"https:\/\/schema.org","@graph":[{"@type":"Article","@id":"https:\/\/www.uilscuolaemiliaromagna.it\/public\/er\/2017\/05\/08\/rassegna-stampa-8-maggio-orizzontescuola-chiamata-diretta-daprile-uil-contratto-riconsegna-potere-ai-collegi-docenti-ingiusto-divieto-per-docenti-su-ambito-di-chiedere-mobilita-su-s\/#article","isPartOf":{"@id":"https:\/\/www.uilscuolaemiliaromagna.it\/public\/er\/2017\/05\/08\/rassegna-stampa-8-maggio-orizzontescuola-chiamata-diretta-daprile-uil-contratto-riconsegna-potere-ai-collegi-docenti-ingiusto-divieto-per-docenti-su-ambito-di-chiedere-mobilita-su-s\/"},"author":{"name":"admin","@id":"https:\/\/www.uilscuolaemiliaromagna.it\/public\/er\/#\/schema\/person\/f42878fd07a4b6ba2b7153d4fad5de5e"},"headline":"Rassegna stampa: 8 maggio | OrizzonteScuola &#8211; Chiamata diretta, D\u2019Aprile (UIL): Contratto riconsegna potere ai Collegi docenti. Ingiusto divieto per docenti su ambito di chiedere mobilit\u00e0 su scuola in cui insegna, \u00e8 stata una nostra battaglia","datePublished":"2017-05-08T08:29:06+00:00","dateModified":"2017-06-08T18:49:54+00:00","mainEntityOfPage":{"@id":"https:\/\/www.uilscuolaemiliaromagna.it\/public\/er\/2017\/05\/08\/rassegna-stampa-8-maggio-orizzontescuola-chiamata-diretta-daprile-uil-contratto-riconsegna-potere-ai-collegi-docenti-ingiusto-divieto-per-docenti-su-ambito-di-chiedere-mobilita-su-s\/"},"wordCount":1303,"publisher":{"@id":"https:\/\/www.uilscuolaemiliaromagna.it\/public\/er\/#organization"},"articleSection":["Mobilit\u00e0","Notizie","Personale Docente","Strumento Musicale"],"inLanguage":"it-IT"},{"@type":"WebPage","@id":"https:\/\/www.uilscuolaemiliaromagna.it\/public\/er\/2017\/05\/08\/rassegna-stampa-8-maggio-orizzontescuola-chiamata-diretta-daprile-uil-contratto-riconsegna-potere-ai-collegi-docenti-ingiusto-divieto-per-docenti-su-ambito-di-chiedere-mobilita-su-s\/","url":"https:\/\/www.uilscuolaemiliaromagna.it\/public\/er\/2017\/05\/08\/rassegna-stampa-8-maggio-orizzontescuola-chiamata-diretta-daprile-uil-contratto-riconsegna-potere-ai-collegi-docenti-ingiusto-divieto-per-docenti-su-ambito-di-chiedere-mobilita-su-s\/","name":"Rassegna stampa: 8 maggio | OrizzonteScuola - Chiamata diretta, D\u2019Aprile (UIL): Contratto riconsegna potere ai Collegi docenti. Ingiusto divieto per docenti su ambito di chiedere mobilit\u00e0 su scuola in cui insegna, \u00e8 stata una nostra battaglia - Uil Scuola Emilia Romagna","isPartOf":{"@id":"https:\/\/www.uilscuolaemiliaromagna.it\/public\/er\/#website"},"datePublished":"2017-05-08T08:29:06+00:00","dateModified":"2017-06-08T18:49:54+00:00","breadcrumb":{"@id":"https:\/\/www.uilscuolaemiliaromagna.it\/public\/er\/2017\/05\/08\/rassegna-stampa-8-maggio-orizzontescuola-chiamata-diretta-daprile-uil-contratto-riconsegna-potere-ai-collegi-docenti-ingiusto-divieto-per-docenti-su-ambito-di-chiedere-mobilita-su-s\/#breadcrumb"},"inLanguage":"it-IT","potentialAction":[{"@type":"ReadAction","target":["https:\/\/www.uilscuolaemiliaromagna.it\/public\/er\/2017\/05\/08\/rassegna-stampa-8-maggio-orizzontescuola-chiamata-diretta-daprile-uil-contratto-riconsegna-potere-ai-collegi-docenti-ingiusto-divieto-per-docenti-su-ambito-di-chiedere-mobilita-su-s\/"]}]},{"@type":"BreadcrumbList","@id":"https:\/\/www.uilscuolaemiliaromagna.it\/public\/er\/2017\/05\/08\/rassegna-stampa-8-maggio-orizzontescuola-chiamata-diretta-daprile-uil-contratto-riconsegna-potere-ai-collegi-docenti-ingiusto-divieto-per-docenti-su-ambito-di-chiedere-mobilita-su-s\/#breadcrumb","itemListElement":[{"@type":"ListItem","position":1,"name":"Home","item":"https:\/\/www.uilscuolaemiliaromagna.it\/public\/er\/"},{"@type":"ListItem","position":2,"name":"Rassegna stampa: 8 maggio | OrizzonteScuola &#8211; Chiamata diretta, D\u2019Aprile (UIL): Contratto riconsegna potere ai Collegi docenti. Ingiusto divieto per docenti su ambito di chiedere mobilit\u00e0 su scuola in cui insegna, \u00e8 stata una nostra battaglia"}]},{"@type":"WebSite","@id":"https:\/\/www.uilscuolaemiliaromagna.it\/public\/er\/#website","url":"https:\/\/www.uilscuolaemiliaromagna.it\/public\/er\/","name":"Uil Scuola Emilia Romagna","description":"La voce libera della scuola","publisher":{"@id":"https:\/\/www.uilscuolaemiliaromagna.it\/public\/er\/#organization"},"potentialAction":[{"@type":"SearchAction","target":{"@type":"EntryPoint","urlTemplate":"https:\/\/www.uilscuolaemiliaromagna.it\/public\/er\/?s={search_term_string}"},"query-input":"required name=search_term_string"}],"inLanguage":"it-IT"},{"@type":"Organization","@id":"https:\/\/www.uilscuolaemiliaromagna.it\/public\/er\/#organization","name":"Uil Scuola Emilia Romagna","url":"https:\/\/www.uilscuolaemiliaromagna.it\/public\/er\/","logo":{"@type":"ImageObject","inLanguage":"it-IT","@id":"https:\/\/www.uilscuolaemiliaromagna.it\/public\/er\/#\/schema\/logo\/image\/","url":"https:\/\/www.uilscuolaemiliaromagna.it\/public\/er\/wp-content\/uploads\/2017\/04\/cropped-header.png","contentUrl":"https:\/\/www.uilscuolaemiliaromagna.it\/public\/er\/wp-content\/uploads\/2017\/04\/cropped-header.png","width":1000,"height":150,"caption":"Uil Scuola Emilia Romagna"},"image":{"@id":"https:\/\/www.uilscuolaemiliaromagna.it\/public\/er\/#\/schema\/logo\/image\/"}},{"@type":"Person","@id":"https:\/\/www.uilscuolaemiliaromagna.it\/public\/er\/#\/schema\/person\/f42878fd07a4b6ba2b7153d4fad5de5e","name":"admin","image":{"@type":"ImageObject","inLanguage":"it-IT","@id":"https:\/\/www.uilscuolaemiliaromagna.it\/public\/er\/#\/schema\/person\/image\/","url":"https:\/\/secure.gravatar.com\/avatar\/aebf815ae2f30ffdae8b8c247273d34c?s=96&d=mm&r=g","contentUrl":"https:\/\/secure.gravatar.com\/avatar\/aebf815ae2f30ffdae8b8c247273d34c?s=96&d=mm&r=g","caption":"admin"},"url":"https:\/\/www.uilscuolaemiliaromagna.it\/public\/er\/author\/admin\/"}]}},"views":1090,"_links":{"self":[{"href":"https:\/\/www.uilscuolaemiliaromagna.it\/public\/er\/wp-json\/wp\/v2\/posts\/1497"}],"collection":[{"href":"https:\/\/www.uilscuolaemiliaromagna.it\/public\/er\/wp-json\/wp\/v2\/posts"}],"about":[{"href":"https:\/\/www.uilscuolaemiliaromagna.it\/public\/er\/wp-json\/wp\/v2\/types\/post"}],"author":[{"embeddable":true,"href":"https:\/\/www.uilscuolaemiliaromagna.it\/public\/er\/wp-json\/wp\/v2\/users\/1"}],"replies":[{"embeddable":true,"href":"https:\/\/www.uilscuolaemiliaromagna.it\/public\/er\/wp-json\/wp\/v2\/comments?post=1497"}],"version-history":[{"count":2,"href":"https:\/\/www.uilscuolaemiliaromagna.it\/public\/er\/wp-json\/wp\/v2\/posts\/1497\/revisions"}],"predecessor-version":[{"id":1676,"href":"https:\/\/www.uilscuolaemiliaromagna.it\/public\/er\/wp-json\/wp\/v2\/posts\/1497\/revisions\/1676"}],"wp:attachment":[{"href":"https:\/\/www.uilscuolaemiliaromagna.it\/public\/er\/wp-json\/wp\/v2\/media?parent=1497"}],"wp:term":[{"taxonomy":"category","embeddable":true,"href":"https:\/\/www.uilscuolaemiliaromagna.it\/public\/er\/wp-json\/wp\/v2\/categories?post=1497"},{"taxonomy":"post_tag","embeddable":true,"href":"https:\/\/www.uilscuolaemiliaromagna.it\/public\/er\/wp-json\/wp\/v2\/tags?post=1497"}],"curies":[{"name":"wp","href":"https:\/\/api.w.org\/{rel}","templated":true}]}}