{"id":15642,"date":"2025-11-25T21:03:31","date_gmt":"2025-11-25T20:03:31","guid":{"rendered":"https:\/\/www.uilscuolaemiliaromagna.it\/public\/er\/?p=15642"},"modified":"2025-11-26T09:15:14","modified_gmt":"2025-11-26T08:15:14","slug":"comunicato-uil-scuola-emilia-romagna-posizioni-economiche-personale-ata-abbinamenti-aule-candidati-quando-un-criterio-oggettivo-si-scontra-con-loggettivita-della-vita-delle-persone-chiesto-incon","status":"publish","type":"post","link":"https:\/\/www.uilscuolaemiliaromagna.it\/public\/er\/2025\/11\/25\/comunicato-uil-scuola-emilia-romagna-posizioni-economiche-personale-ata-abbinamenti-aule-candidati-quando-un-criterio-oggettivo-si-scontra-con-loggettivita-della-vita-delle-persone-chiesto-incon\/","title":{"rendered":"COMUNICATO UIL SCUOLA EMILIA-ROMAGNA Posizioni economiche personale ATA &#8211; abbinamenti aule\/candidati: quando un criterio oggettivo si scontra con l&#8217;oggettivit\u00e0 della vita delle persone. Chiesto incontro urgente all\u2019USR"},"content":{"rendered":"<h3 style=\"text-align: center;\"><span style=\"color: #0000ff;\"><strong>COMUNICATO UIL SCUOLA EMILIA-ROMAGNA<\/strong><\/span><br \/>\n<span style=\"color: #0000ff;\"><strong>Posizioni economiche personale ATA &#8211; abbinamenti aule\/candidati: quando un criterio oggettivo si scontra con l&#8217;oggettivit\u00e0 della vita delle persone. Chiesto incontro urgente all\u2019USR<\/strong><\/span><\/h3>\n<p>&nbsp;<\/p>\n<p style=\"text-align: justify;\">La UIL Scuola Emilia-Romagna esprime forte preoccupazione e contrariet\u00e0 per le modalit\u00e0 con cui l\u2019Ufficio Scolastico Regionale, in data 24 novembre, ha disposto l\u2019abbinamento aule\/candidati per la prova finale di valutazione relativa all\u2019attribuzione delle posizioni economiche del personale ATA.<\/p>\n<p style=\"text-align: justify;\">L\u2019USR ha deciso di distribuire i candidati nelle diverse province seguendo il <em>mero ordine alfabetico<\/em> \u2013 criterio utilizzato nei concorsi ordinari dei docenti \u2013 senza considerare la provincia di titolarit\u00e0. Un criterio che, in questa specifica procedura, sarebbe invece stato il pi\u00f9 logico e naturale, poich\u00e9 lo stesso decreto ministeriale obbliga gli aspiranti a presentare domanda proprio nella propria provincia di titolarit\u00e0.<\/p>\n<p style=\"text-align: justify;\">Questa scelta sta producendo gravi disagi per decine di lavoratrici e lavoratori, costretti a spostarsi anche per <strong>centinaia di chilometri<\/strong> per raggiungere sedi d\u2019esame collocate persino a <strong>200 km dalla propria provincia<\/strong>, con evidenti ripercussioni economiche e personali: spese di viaggio interamente a carico dei candidati, costi per i pasti e \u2013 per molti \u2013 necessit\u00e0 di pernottare fuori sede pur di raggiungere in orario la sede assegnata.<\/p>\n<p style=\"text-align: justify;\">Una decisione \u201cincomprensibile\u201d, che non risponde a nessuna esigenza organizzativa e che, anzi:<\/p>\n<ul style=\"text-align: justify;\">\n<li><strong>non ottimizza<\/strong> il processo organizzativo complessivo;<\/li>\n<li><strong>crea difficolt\u00e0 logistiche<\/strong> e inevitabili assenze dai luoghi di lavoro, con ricadute sulle scuole che in quei giorni dovranno fronteggiare la mancanza di pi\u00f9 unit\u00e0 di personale;<\/li>\n<li><strong>ignora le reali condizioni dei lavoratori ATA<\/strong>, dimostrando scarsa attenzione verso la loro professionalit\u00e0;<\/li>\n<li>contraddice ogni logica di <strong>prossimit\u00e0 e semplificazione amministrativa<\/strong>.<\/li>\n<\/ul>\n<p style=\"text-align: justify;\">Sarebbe stato sufficiente assegnare ciascun candidato alla provincia di titolarit\u00e0 per garantire tempi, costi e modalit\u00e0 sostenibili sia per il personale sia per le istituzioni scolastiche interessate.<\/p>\n<p style=\"text-align: justify;\">Per queste ragioni, la UIL Scuola Emilia-Romagna:<\/p>\n<ul style=\"text-align: justify;\">\n<li>ha gi\u00e0 richiesto all\u2019USR <strong>un incontro urgente<\/strong>, rammaricandosi che non sia stato attivato un confronto preliminare;<\/li>\n<li>chiede di <strong>modificare immediatamente<\/strong> il provvedimento, applicando criteri di buon senso e prossimit\u00e0;<\/li>\n<li>sollecita l\u2019Amministrazione a <strong>chiarire i criteri<\/strong> utilizzati e a spiegare perch\u00e9 non siano state adottate soluzioni pi\u00f9 ragionevoli e rispettose dei lavoratori.<\/li>\n<\/ul>\n<p style=\"text-align: justify;\">La UIL Scuola Emilia-Romagna resta disponibile al confronto e auspica un rapido intervento correttivo che restituisca equit\u00e0, coerenza e rispetto a una procedura che, cos\u00ec come impostata, risulta ingiustificatamente penalizzante per il personale ATA.<\/p>\n<ul>\n<li>\n<h3><a href=\"https:\/\/www.uilscuolaemiliaromagna.it\/public\/er\/wp-content\/uploads\/2025\/11\/COMUNICATO-UIL-SCUOLA-EMILIA-ROMAGNA.pdf\" target=\"_blank\" rel=\"noopener\">il comunicato in formato pdf<\/a><\/h3>\n<\/li>\n<\/ul>\n<p>&nbsp;<\/p>\n<h1><span style=\"color: #ff0000;\">La notizia sulle testate giornalistiche online:<\/span><\/h1>\n<ul>\n<li>\n<h2><a href=\"https:\/\/www.infoscuola24.it\/comunicato-uil-scuola-emilia-romagna-prove-per-le-posizioni-economiche-ata-criteri-di-assegnazione-delle-sedi-incomprensibili-e-dannosi-chiesto-incontro-urgente-allusr\/\" target=\"_blank\" rel=\"noopener\">infoscuola24.it: COMUNICATO UIL SCUOLA EMILIA-ROMAGNA \u2013 Prove per le posizioni economiche ATA: criteri di assegnazione delle sedi incomprensibili e dannosi. Chiesto incontro urgente all\u2019USR<\/a><\/h2>\n<\/li>\n<li>\n<h2><a href=\"https:\/\/www.bologna2000.com\/2025\/11\/25\/posizioni-economiche-personale-ata-abbinamenti-aule-candidati-uil-scuola-er-esprime-preoccupazione\/\" target=\"_blank\" rel=\"noopener\">bologna2000.com: Posizioni economiche personale ATA \u2013 abbinamenti aule\/candidati: Uil Scuola ER esprime preoccupazione<\/a><\/h2>\n<\/li>\n<li>\n<h2><a href=\"https:\/\/www.modena2000.it\/2025\/11\/25\/posizioni-economiche-personale-ata-abbinamenti-aule-candidati-uil-scuola-er-esprime-preoccupazione\/\" target=\"_blank\" rel=\"noopener\">modena2000.it: Posizioni economiche personale ATA \u2013 abbinamenti aule\/candidati: Uil Scuola ER esprime preoccupazione<\/a><\/h2>\n<\/li>\n<li>\n<h2><a href=\"https:\/\/www.informazionescuola.it\/abbinamenti-aule-candidati-per-il-personale-ata-la-uil-scuola-emilia-romagna-contesta-le-scelte-dellusr\/\" target=\"_blank\" rel=\"noopener\">informazionescuola.it: Abbinamenti Aule-Candidati per il Personale ATA: La UIL Scuola Emilia-Romagna Contesta le Scelte dell\u2019USR<\/a><\/h2>\n<\/li>\n<\/ul>\n<p>&nbsp;<\/p>\n<h3><a href=\"https:\/\/www.whatsapp.com\/channel\/0029Va9KtAN5fM5g93lE7D29\" target=\"_blank\" rel=\"noopener\"><img loading=\"lazy\" decoding=\"async\" class=\"aligncenter wp-image-13119 size-medium\" src=\"https:\/\/www.uilscuolaemiliaromagna.it\/public\/er\/wp-content\/uploads\/2024\/03\/canale_whatsapp-300x142.jpg\" sizes=\"(max-width: 300px) 100vw, 300px\" srcset=\"https:\/\/www.uilscuolaemiliaromagna.it\/public\/er\/wp-content\/uploads\/2024\/03\/canale_whatsapp-300x142.jpg 300w, https:\/\/www.uilscuolaemiliaromagna.it\/public\/er\/wp-content\/uploads\/2024\/03\/canale_whatsapp-768x363.jpg 768w, https:\/\/www.uilscuolaemiliaromagna.it\/public\/er\/wp-content\/uploads\/2024\/03\/canale_whatsapp.jpg 800w\" alt=\"\" width=\"300\" height=\"142\" \/><\/a><\/h3>\n<p>&nbsp;<\/p>\n<p><a href=\"https:\/\/www.irasenazionale.it\/wp-content\/uploads\/2024\/03\/Delega_UilScuolaRua_Editabile.pdf\" target=\"_blank\" rel=\"noopener\"><img loading=\"lazy\" decoding=\"async\" class=\"aligncenter wp-image-13111 size-medium\" src=\"https:\/\/www.uilscuolaemiliaromagna.it\/public\/er\/wp-content\/uploads\/2024\/03\/iscriviti-7-2-300x92.png\" sizes=\"(max-width: 300px) 100vw, 300px\" srcset=\"https:\/\/www.uilscuolaemiliaromagna.it\/public\/er\/wp-content\/uploads\/2024\/03\/iscriviti-7-2-300x92.png 300w, https:\/\/www.uilscuolaemiliaromagna.it\/public\/er\/wp-content\/uploads\/2024\/03\/iscriviti-7-2-768x236.png 768w, https:\/\/www.uilscuolaemiliaromagna.it\/public\/er\/wp-content\/uploads\/2024\/03\/iscriviti-7-2.png 800w\" alt=\"\" width=\"300\" height=\"92\" \/><\/a><\/p>\n<h6 style=\"text-align: center;\"><em><span style=\"color: #0000ff;\">Clicca sull\u2019immagine per iscriverti alla\u00a0Uil Scuola Rua\u00a0di Bologna\u00a0compilando la delega in ogni sua parte e allegando un documento\u00a0di identit\u00e0 in corso di validit\u00e0.<\/span><\/em><br \/>\n<em><span style=\"color: #0000ff;\">Entrambi andranno inviati al seguente indirizzo mail: bologna@uilscuola.it<\/span><\/em><\/h6>\n\n<div class=\"twitter-share\"><a href=\"https:\/\/twitter.com\/intent\/tweet?via=UILScuolaBO_ER\" class=\"twitter-share-button\" data-size=\"large\">Tweet<\/a><\/div>\n","protected":false},"excerpt":{"rendered":"<p>COMUNICATO UIL SCUOLA EMILIA-ROMAGNA Posizioni economiche personale ATA &#8211; abbinamenti aule\/candidati: quando un criterio oggettivo si scontra con l&#8217;oggettivit\u00e0 della vita delle persone. Chiesto incontro &hellip; <\/p>\n","protected":false},"author":1,"featured_media":15644,"comment_status":"closed","ping_status":"open","sticky":false,"template":"","format":"standard","meta":{"footnotes":""},"categories":[2,12],"tags":[],"yoast_head":"<!-- This site is optimized with the Yoast SEO plugin v21.7 - https:\/\/yoast.com\/wordpress\/plugins\/seo\/ -->\r\n<title>COMUNICATO UIL SCUOLA EMILIA-ROMAGNA Posizioni economiche personale ATA - abbinamenti aule\/candidati: quando un criterio oggettivo si scontra con l&#039;oggettivit\u00e0 della vita delle persone. Chiesto incontro urgente all\u2019USR - Uil Scuola Emilia Romagna<\/title>\r\n<meta name=\"robots\" content=\"index, follow, max-snippet:-1, max-image-preview:large, max-video-preview:-1\" \/>\r\n<link rel=\"canonical\" href=\"https:\/\/www.uilscuolaemiliaromagna.it\/public\/er\/2025\/11\/25\/comunicato-uil-scuola-emilia-romagna-posizioni-economiche-personale-ata-abbinamenti-aule-candidati-quando-un-criterio-oggettivo-si-scontra-con-loggettivita-della-vita-delle-persone-chiesto-incon\/\" \/>\r\n<meta property=\"og:locale\" content=\"it_IT\" \/>\r\n<meta property=\"og:type\" content=\"article\" \/>\r\n<meta property=\"og:title\" content=\"COMUNICATO UIL SCUOLA EMILIA-ROMAGNA Posizioni economiche personale ATA - abbinamenti aule\/candidati: quando un criterio oggettivo si scontra con l&#039;oggettivit\u00e0 della vita delle persone. Chiesto incontro urgente all\u2019USR - Uil Scuola Emilia Romagna\" \/>\r\n<meta property=\"og:description\" content=\"COMUNICATO UIL SCUOLA EMILIA-ROMAGNA Posizioni economiche personale ATA &#8211; abbinamenti aule\/candidati: quando un criterio oggettivo si scontra con l&#8217;oggettivit\u00e0 della vita delle persone. Chiesto incontro &hellip;\" \/>\r\n<meta property=\"og:url\" content=\"https:\/\/www.uilscuolaemiliaromagna.it\/public\/er\/2025\/11\/25\/comunicato-uil-scuola-emilia-romagna-posizioni-economiche-personale-ata-abbinamenti-aule-candidati-quando-un-criterio-oggettivo-si-scontra-con-loggettivita-della-vita-delle-persone-chiesto-incon\/\" \/>\r\n<meta property=\"og:site_name\" content=\"Uil Scuola Emilia Romagna\" \/>\r\n<meta property=\"article:published_time\" content=\"2025-11-25T20:03:31+00:00\" \/>\r\n<meta property=\"article:modified_time\" content=\"2025-11-26T08:15:14+00:00\" \/>\r\n<meta property=\"og:image\" content=\"https:\/\/www.uilscuolaemiliaromagna.it\/public\/er\/wp-content\/uploads\/2025\/11\/IMG-20251125-WA0033.jpg\" \/>\r\n\t<meta property=\"og:image:width\" content=\"800\" \/>\r\n\t<meta property=\"og:image:height\" content=\"572\" \/>\r\n\t<meta property=\"og:image:type\" content=\"image\/jpeg\" \/>\r\n<meta name=\"author\" content=\"admin\" \/>\r\n<meta name=\"twitter:card\" content=\"summary_large_image\" \/>\r\n<meta name=\"twitter:label1\" content=\"Scritto da\" \/>\n\t<meta name=\"twitter:data1\" content=\"admin\" \/>\n\t<meta name=\"twitter:label2\" content=\"Tempo di lettura stimato\" \/>\n\t<meta name=\"twitter:data2\" content=\"4 minuti\" \/>\r\n<script type=\"application\/ld+json\" class=\"yoast-schema-graph\">{\"@context\":\"https:\/\/schema.org\",\"@graph\":[{\"@type\":\"Article\",\"@id\":\"https:\/\/www.uilscuolaemiliaromagna.it\/public\/er\/2025\/11\/25\/comunicato-uil-scuola-emilia-romagna-posizioni-economiche-personale-ata-abbinamenti-aule-candidati-quando-un-criterio-oggettivo-si-scontra-con-loggettivita-della-vita-delle-persone-chiesto-incon\/#article\",\"isPartOf\":{\"@id\":\"https:\/\/www.uilscuolaemiliaromagna.it\/public\/er\/2025\/11\/25\/comunicato-uil-scuola-emilia-romagna-posizioni-economiche-personale-ata-abbinamenti-aule-candidati-quando-un-criterio-oggettivo-si-scontra-con-loggettivita-della-vita-delle-persone-chiesto-incon\/\"},\"author\":{\"name\":\"admin\",\"@id\":\"https:\/\/www.uilscuolaemiliaromagna.it\/public\/er\/#\/schema\/person\/f42878fd07a4b6ba2b7153d4fad5de5e\"},\"headline\":\"COMUNICATO UIL SCUOLA EMILIA-ROMAGNA Posizioni economiche personale ATA &#8211; abbinamenti aule\/candidati: quando un criterio oggettivo si scontra con l&#8217;oggettivit\u00e0 della vita delle persone. Chiesto incontro urgente all\u2019USR\",\"datePublished\":\"2025-11-25T20:03:31+00:00\",\"dateModified\":\"2025-11-26T08:15:14+00:00\",\"mainEntityOfPage\":{\"@id\":\"https:\/\/www.uilscuolaemiliaromagna.it\/public\/er\/2025\/11\/25\/comunicato-uil-scuola-emilia-romagna-posizioni-economiche-personale-ata-abbinamenti-aule-candidati-quando-un-criterio-oggettivo-si-scontra-con-loggettivita-della-vita-delle-persone-chiesto-incon\/\"},\"wordCount\":539,\"publisher\":{\"@id\":\"https:\/\/www.uilscuolaemiliaromagna.it\/public\/er\/#organization\"},\"articleSection\":[\"ATA\",\"Notizie\"],\"inLanguage\":\"it-IT\"},{\"@type\":\"WebPage\",\"@id\":\"https:\/\/www.uilscuolaemiliaromagna.it\/public\/er\/2025\/11\/25\/comunicato-uil-scuola-emilia-romagna-posizioni-economiche-personale-ata-abbinamenti-aule-candidati-quando-un-criterio-oggettivo-si-scontra-con-loggettivita-della-vita-delle-persone-chiesto-incon\/\",\"url\":\"https:\/\/www.uilscuolaemiliaromagna.it\/public\/er\/2025\/11\/25\/comunicato-uil-scuola-emilia-romagna-posizioni-economiche-personale-ata-abbinamenti-aule-candidati-quando-un-criterio-oggettivo-si-scontra-con-loggettivita-della-vita-delle-persone-chiesto-incon\/\",\"name\":\"COMUNICATO UIL SCUOLA EMILIA-ROMAGNA Posizioni economiche personale ATA - abbinamenti aule\/candidati: quando un criterio oggettivo si scontra con l'oggettivit\u00e0 della vita delle persone. Chiesto incontro urgente all\u2019USR - Uil Scuola Emilia Romagna\",\"isPartOf\":{\"@id\":\"https:\/\/www.uilscuolaemiliaromagna.it\/public\/er\/#website\"},\"datePublished\":\"2025-11-25T20:03:31+00:00\",\"dateModified\":\"2025-11-26T08:15:14+00:00\",\"breadcrumb\":{\"@id\":\"https:\/\/www.uilscuolaemiliaromagna.it\/public\/er\/2025\/11\/25\/comunicato-uil-scuola-emilia-romagna-posizioni-economiche-personale-ata-abbinamenti-aule-candidati-quando-un-criterio-oggettivo-si-scontra-con-loggettivita-della-vita-delle-persone-chiesto-incon\/#breadcrumb\"},\"inLanguage\":\"it-IT\",\"potentialAction\":[{\"@type\":\"ReadAction\",\"target\":[\"https:\/\/www.uilscuolaemiliaromagna.it\/public\/er\/2025\/11\/25\/comunicato-uil-scuola-emilia-romagna-posizioni-economiche-personale-ata-abbinamenti-aule-candidati-quando-un-criterio-oggettivo-si-scontra-con-loggettivita-della-vita-delle-persone-chiesto-incon\/\"]}]},{\"@type\":\"BreadcrumbList\",\"@id\":\"https:\/\/www.uilscuolaemiliaromagna.it\/public\/er\/2025\/11\/25\/comunicato-uil-scuola-emilia-romagna-posizioni-economiche-personale-ata-abbinamenti-aule-candidati-quando-un-criterio-oggettivo-si-scontra-con-loggettivita-della-vita-delle-persone-chiesto-incon\/#breadcrumb\",\"itemListElement\":[{\"@type\":\"ListItem\",\"position\":1,\"name\":\"Home\",\"item\":\"https:\/\/www.uilscuolaemiliaromagna.it\/public\/er\/\"},{\"@type\":\"ListItem\",\"position\":2,\"name\":\"COMUNICATO UIL SCUOLA EMILIA-ROMAGNA Posizioni economiche personale ATA &#8211; abbinamenti aule\/candidati: quando un criterio oggettivo si scontra con l&#8217;oggettivit\u00e0 della vita delle persone. Chiesto incontro urgente all\u2019USR\"}]},{\"@type\":\"WebSite\",\"@id\":\"https:\/\/www.uilscuolaemiliaromagna.it\/public\/er\/#website\",\"url\":\"https:\/\/www.uilscuolaemiliaromagna.it\/public\/er\/\",\"name\":\"Uil Scuola Emilia Romagna\",\"description\":\"La voce libera della scuola\",\"publisher\":{\"@id\":\"https:\/\/www.uilscuolaemiliaromagna.it\/public\/er\/#organization\"},\"potentialAction\":[{\"@type\":\"SearchAction\",\"target\":{\"@type\":\"EntryPoint\",\"urlTemplate\":\"https:\/\/www.uilscuolaemiliaromagna.it\/public\/er\/?s={search_term_string}\"},\"query-input\":\"required name=search_term_string\"}],\"inLanguage\":\"it-IT\"},{\"@type\":\"Organization\",\"@id\":\"https:\/\/www.uilscuolaemiliaromagna.it\/public\/er\/#organization\",\"name\":\"Uil Scuola Emilia Romagna\",\"url\":\"https:\/\/www.uilscuolaemiliaromagna.it\/public\/er\/\",\"logo\":{\"@type\":\"ImageObject\",\"inLanguage\":\"it-IT\",\"@id\":\"https:\/\/www.uilscuolaemiliaromagna.it\/public\/er\/#\/schema\/logo\/image\/\",\"url\":\"https:\/\/www.uilscuolaemiliaromagna.it\/public\/er\/wp-content\/uploads\/2017\/04\/cropped-header.png\",\"contentUrl\":\"https:\/\/www.uilscuolaemiliaromagna.it\/public\/er\/wp-content\/uploads\/2017\/04\/cropped-header.png\",\"width\":1000,\"height\":150,\"caption\":\"Uil Scuola Emilia Romagna\"},\"image\":{\"@id\":\"https:\/\/www.uilscuolaemiliaromagna.it\/public\/er\/#\/schema\/logo\/image\/\"}},{\"@type\":\"Person\",\"@id\":\"https:\/\/www.uilscuolaemiliaromagna.it\/public\/er\/#\/schema\/person\/f42878fd07a4b6ba2b7153d4fad5de5e\",\"name\":\"admin\",\"image\":{\"@type\":\"ImageObject\",\"inLanguage\":\"it-IT\",\"@id\":\"https:\/\/www.uilscuolaemiliaromagna.it\/public\/er\/#\/schema\/person\/image\/\",\"url\":\"https:\/\/secure.gravatar.com\/avatar\/aebf815ae2f30ffdae8b8c247273d34c?s=96&d=mm&r=g\",\"contentUrl\":\"https:\/\/secure.gravatar.com\/avatar\/aebf815ae2f30ffdae8b8c247273d34c?s=96&d=mm&r=g\",\"caption\":\"admin\"},\"url\":\"https:\/\/www.uilscuolaemiliaromagna.it\/public\/er\/author\/admin\/\"}]}<\/script>\r\n<!-- \/ Yoast SEO plugin. -->","yoast_head_json":{"title":"COMUNICATO UIL SCUOLA EMILIA-ROMAGNA Posizioni economiche personale ATA - abbinamenti aule\/candidati: quando un criterio oggettivo si scontra con l'oggettivit\u00e0 della vita delle persone. Chiesto incontro urgente all\u2019USR - Uil Scuola Emilia Romagna","robots":{"index":"index","follow":"follow","max-snippet":"max-snippet:-1","max-image-preview":"max-image-preview:large","max-video-preview":"max-video-preview:-1"},"canonical":"https:\/\/www.uilscuolaemiliaromagna.it\/public\/er\/2025\/11\/25\/comunicato-uil-scuola-emilia-romagna-posizioni-economiche-personale-ata-abbinamenti-aule-candidati-quando-un-criterio-oggettivo-si-scontra-con-loggettivita-della-vita-delle-persone-chiesto-incon\/","og_locale":"it_IT","og_type":"article","og_title":"COMUNICATO UIL SCUOLA EMILIA-ROMAGNA Posizioni economiche personale ATA - abbinamenti aule\/candidati: quando un criterio oggettivo si scontra con l'oggettivit\u00e0 della vita delle persone. Chiesto incontro urgente all\u2019USR - Uil Scuola Emilia Romagna","og_description":"COMUNICATO UIL SCUOLA EMILIA-ROMAGNA Posizioni economiche personale ATA &#8211; abbinamenti aule\/candidati: quando un criterio oggettivo si scontra con l&#8217;oggettivit\u00e0 della vita delle persone. Chiesto incontro &hellip;","og_url":"https:\/\/www.uilscuolaemiliaromagna.it\/public\/er\/2025\/11\/25\/comunicato-uil-scuola-emilia-romagna-posizioni-economiche-personale-ata-abbinamenti-aule-candidati-quando-un-criterio-oggettivo-si-scontra-con-loggettivita-della-vita-delle-persone-chiesto-incon\/","og_site_name":"Uil Scuola Emilia Romagna","article_published_time":"2025-11-25T20:03:31+00:00","article_modified_time":"2025-11-26T08:15:14+00:00","og_image":[{"width":800,"height":572,"url":"https:\/\/www.uilscuolaemiliaromagna.it\/public\/er\/wp-content\/uploads\/2025\/11\/IMG-20251125-WA0033.jpg","type":"image\/jpeg"}],"author":"admin","twitter_card":"summary_large_image","twitter_misc":{"Scritto da":"admin","Tempo di lettura stimato":"4 minuti"},"schema":{"@context":"https:\/\/schema.org","@graph":[{"@type":"Article","@id":"https:\/\/www.uilscuolaemiliaromagna.it\/public\/er\/2025\/11\/25\/comunicato-uil-scuola-emilia-romagna-posizioni-economiche-personale-ata-abbinamenti-aule-candidati-quando-un-criterio-oggettivo-si-scontra-con-loggettivita-della-vita-delle-persone-chiesto-incon\/#article","isPartOf":{"@id":"https:\/\/www.uilscuolaemiliaromagna.it\/public\/er\/2025\/11\/25\/comunicato-uil-scuola-emilia-romagna-posizioni-economiche-personale-ata-abbinamenti-aule-candidati-quando-un-criterio-oggettivo-si-scontra-con-loggettivita-della-vita-delle-persone-chiesto-incon\/"},"author":{"name":"admin","@id":"https:\/\/www.uilscuolaemiliaromagna.it\/public\/er\/#\/schema\/person\/f42878fd07a4b6ba2b7153d4fad5de5e"},"headline":"COMUNICATO UIL SCUOLA EMILIA-ROMAGNA Posizioni economiche personale ATA &#8211; abbinamenti aule\/candidati: quando un criterio oggettivo si scontra con l&#8217;oggettivit\u00e0 della vita delle persone. Chiesto incontro urgente all\u2019USR","datePublished":"2025-11-25T20:03:31+00:00","dateModified":"2025-11-26T08:15:14+00:00","mainEntityOfPage":{"@id":"https:\/\/www.uilscuolaemiliaromagna.it\/public\/er\/2025\/11\/25\/comunicato-uil-scuola-emilia-romagna-posizioni-economiche-personale-ata-abbinamenti-aule-candidati-quando-un-criterio-oggettivo-si-scontra-con-loggettivita-della-vita-delle-persone-chiesto-incon\/"},"wordCount":539,"publisher":{"@id":"https:\/\/www.uilscuolaemiliaromagna.it\/public\/er\/#organization"},"articleSection":["ATA","Notizie"],"inLanguage":"it-IT"},{"@type":"WebPage","@id":"https:\/\/www.uilscuolaemiliaromagna.it\/public\/er\/2025\/11\/25\/comunicato-uil-scuola-emilia-romagna-posizioni-economiche-personale-ata-abbinamenti-aule-candidati-quando-un-criterio-oggettivo-si-scontra-con-loggettivita-della-vita-delle-persone-chiesto-incon\/","url":"https:\/\/www.uilscuolaemiliaromagna.it\/public\/er\/2025\/11\/25\/comunicato-uil-scuola-emilia-romagna-posizioni-economiche-personale-ata-abbinamenti-aule-candidati-quando-un-criterio-oggettivo-si-scontra-con-loggettivita-della-vita-delle-persone-chiesto-incon\/","name":"COMUNICATO UIL SCUOLA EMILIA-ROMAGNA Posizioni economiche personale ATA - abbinamenti aule\/candidati: quando un criterio oggettivo si scontra con l'oggettivit\u00e0 della vita delle persone. Chiesto incontro urgente all\u2019USR - Uil Scuola Emilia Romagna","isPartOf":{"@id":"https:\/\/www.uilscuolaemiliaromagna.it\/public\/er\/#website"},"datePublished":"2025-11-25T20:03:31+00:00","dateModified":"2025-11-26T08:15:14+00:00","breadcrumb":{"@id":"https:\/\/www.uilscuolaemiliaromagna.it\/public\/er\/2025\/11\/25\/comunicato-uil-scuola-emilia-romagna-posizioni-economiche-personale-ata-abbinamenti-aule-candidati-quando-un-criterio-oggettivo-si-scontra-con-loggettivita-della-vita-delle-persone-chiesto-incon\/#breadcrumb"},"inLanguage":"it-IT","potentialAction":[{"@type":"ReadAction","target":["https:\/\/www.uilscuolaemiliaromagna.it\/public\/er\/2025\/11\/25\/comunicato-uil-scuola-emilia-romagna-posizioni-economiche-personale-ata-abbinamenti-aule-candidati-quando-un-criterio-oggettivo-si-scontra-con-loggettivita-della-vita-delle-persone-chiesto-incon\/"]}]},{"@type":"BreadcrumbList","@id":"https:\/\/www.uilscuolaemiliaromagna.it\/public\/er\/2025\/11\/25\/comunicato-uil-scuola-emilia-romagna-posizioni-economiche-personale-ata-abbinamenti-aule-candidati-quando-un-criterio-oggettivo-si-scontra-con-loggettivita-della-vita-delle-persone-chiesto-incon\/#breadcrumb","itemListElement":[{"@type":"ListItem","position":1,"name":"Home","item":"https:\/\/www.uilscuolaemiliaromagna.it\/public\/er\/"},{"@type":"ListItem","position":2,"name":"COMUNICATO UIL SCUOLA EMILIA-ROMAGNA Posizioni economiche personale ATA &#8211; abbinamenti aule\/candidati: quando un criterio oggettivo si scontra con l&#8217;oggettivit\u00e0 della vita delle persone. Chiesto incontro urgente all\u2019USR"}]},{"@type":"WebSite","@id":"https:\/\/www.uilscuolaemiliaromagna.it\/public\/er\/#website","url":"https:\/\/www.uilscuolaemiliaromagna.it\/public\/er\/","name":"Uil Scuola Emilia Romagna","description":"La voce libera della scuola","publisher":{"@id":"https:\/\/www.uilscuolaemiliaromagna.it\/public\/er\/#organization"},"potentialAction":[{"@type":"SearchAction","target":{"@type":"EntryPoint","urlTemplate":"https:\/\/www.uilscuolaemiliaromagna.it\/public\/er\/?s={search_term_string}"},"query-input":"required name=search_term_string"}],"inLanguage":"it-IT"},{"@type":"Organization","@id":"https:\/\/www.uilscuolaemiliaromagna.it\/public\/er\/#organization","name":"Uil Scuola Emilia Romagna","url":"https:\/\/www.uilscuolaemiliaromagna.it\/public\/er\/","logo":{"@type":"ImageObject","inLanguage":"it-IT","@id":"https:\/\/www.uilscuolaemiliaromagna.it\/public\/er\/#\/schema\/logo\/image\/","url":"https:\/\/www.uilscuolaemiliaromagna.it\/public\/er\/wp-content\/uploads\/2017\/04\/cropped-header.png","contentUrl":"https:\/\/www.uilscuolaemiliaromagna.it\/public\/er\/wp-content\/uploads\/2017\/04\/cropped-header.png","width":1000,"height":150,"caption":"Uil Scuola Emilia Romagna"},"image":{"@id":"https:\/\/www.uilscuolaemiliaromagna.it\/public\/er\/#\/schema\/logo\/image\/"}},{"@type":"Person","@id":"https:\/\/www.uilscuolaemiliaromagna.it\/public\/er\/#\/schema\/person\/f42878fd07a4b6ba2b7153d4fad5de5e","name":"admin","image":{"@type":"ImageObject","inLanguage":"it-IT","@id":"https:\/\/www.uilscuolaemiliaromagna.it\/public\/er\/#\/schema\/person\/image\/","url":"https:\/\/secure.gravatar.com\/avatar\/aebf815ae2f30ffdae8b8c247273d34c?s=96&d=mm&r=g","contentUrl":"https:\/\/secure.gravatar.com\/avatar\/aebf815ae2f30ffdae8b8c247273d34c?s=96&d=mm&r=g","caption":"admin"},"url":"https:\/\/www.uilscuolaemiliaromagna.it\/public\/er\/author\/admin\/"}]}},"views":261,"_links":{"self":[{"href":"https:\/\/www.uilscuolaemiliaromagna.it\/public\/er\/wp-json\/wp\/v2\/posts\/15642"}],"collection":[{"href":"https:\/\/www.uilscuolaemiliaromagna.it\/public\/er\/wp-json\/wp\/v2\/posts"}],"about":[{"href":"https:\/\/www.uilscuolaemiliaromagna.it\/public\/er\/wp-json\/wp\/v2\/types\/post"}],"author":[{"embeddable":true,"href":"https:\/\/www.uilscuolaemiliaromagna.it\/public\/er\/wp-json\/wp\/v2\/users\/1"}],"replies":[{"embeddable":true,"href":"https:\/\/www.uilscuolaemiliaromagna.it\/public\/er\/wp-json\/wp\/v2\/comments?post=15642"}],"version-history":[{"count":7,"href":"https:\/\/www.uilscuolaemiliaromagna.it\/public\/er\/wp-json\/wp\/v2\/posts\/15642\/revisions"}],"predecessor-version":[{"id":15651,"href":"https:\/\/www.uilscuolaemiliaromagna.it\/public\/er\/wp-json\/wp\/v2\/posts\/15642\/revisions\/15651"}],"wp:featuredmedia":[{"embeddable":true,"href":"https:\/\/www.uilscuolaemiliaromagna.it\/public\/er\/wp-json\/wp\/v2\/media\/15644"}],"wp:attachment":[{"href":"https:\/\/www.uilscuolaemiliaromagna.it\/public\/er\/wp-json\/wp\/v2\/media?parent=15642"}],"wp:term":[{"taxonomy":"category","embeddable":true,"href":"https:\/\/www.uilscuolaemiliaromagna.it\/public\/er\/wp-json\/wp\/v2\/categories?post=15642"},{"taxonomy":"post_tag","embeddable":true,"href":"https:\/\/www.uilscuolaemiliaromagna.it\/public\/er\/wp-json\/wp\/v2\/tags?post=15642"}],"curies":[{"name":"wp","href":"https:\/\/api.w.org\/{rel}","templated":true}]}}