{"id":15773,"date":"2026-01-20T20:25:13","date_gmt":"2026-01-20T19:25:13","guid":{"rendered":"https:\/\/www.uilscuolaemiliaromagna.it\/public\/er\/?p=15773"},"modified":"2026-01-21T09:28:36","modified_gmt":"2026-01-21T08:28:36","slug":"posizioni-economiche-ata-abbinamento-sedi-report-incontro-al-mim","status":"publish","type":"post","link":"https:\/\/www.uilscuolaemiliaromagna.it\/public\/er\/2026\/01\/20\/posizioni-economiche-ata-abbinamento-sedi-report-incontro-al-mim\/","title":{"rendered":"Posizioni economiche ATA \u2013 Abbinamento sedi. Report incontro al MIM"},"content":{"rendered":"<h1 style=\"font-weight: 400; text-align: center;\"><span style=\"color: #0000ff;\"><strong>Accolta la richiesta della UIL Scuola: anche il personale in assegnazione provvisoria svolger\u00e0 la prova nella\u00a0<\/strong><strong>provincia di servizio.<\/strong><\/span><\/h1>\n<p style=\"font-weight: 400; text-align: justify;\">Il 20 gennaio si \u00e8 svolta la riunione presso tra le Organizzazioni sindacali e il Ministero dell\u2019Istruzione e del Merito relativa all\u2019abbinamento delle sedi per lo svolgimento della prova finalizzata all\u2019assegnazione delle posizioni economiche ATA.<\/p>\n<p style=\"font-weight: 400; text-align: justify;\">L\u2019Amministrazione ha comunicato quanto segue:<\/p>\n<p style=\"font-weight: 400; text-align: justify;\">&#8211; \u00e8 stato predisposto un algoritmo che, partendo dalla sede di servizio, ha assegnato ciascun candidato alla scuola pi\u00f9 vicina;<\/p>\n<p style=\"font-weight: 400; text-align: justify;\">&#8211; dei candidati ammessi alla prova (47.328 in totale), soltanto 124 sono stati assegnati a sedi distanti poco pi\u00f9 di 50 km, a causa di impedimenti oggettivi;<\/p>\n<p style=\"font-weight: 400; text-align: justify;\">&#8211; in linea generale, i candidati sono stati collocati a una distanza media di 8,7 km, con una distanza media nazionale pari a 4,9 km.<\/p>\n<p style=\"font-weight: 400; text-align: justify;\">Per quanto riguarda le modalit\u00e0 di convocazione, sar\u00e0 necessario \u2013 come avviene per i docenti \u2013 collegarsi alla piattaforma \u201cConcorsi\u201d nell\u2019area riservata.<\/p>\n<p style=\"font-weight: 400; text-align: justify;\">\u00c8 stato altres\u00ec specificato che, qualora la sede d\u2019esame coincida con la scuola di servizio del lavoratore, quest\u2019ultimo\u00a0<strong>sar\u00e0 <\/strong><strong>abbinato<\/strong>\u00a0a un\u2019altra scuola, sempre\u00a0<strong>nell\u2019ambito della stessa provincia di servizio.<\/strong><\/p>\n<p style=\"font-weight: 400; text-align: justify;\"><strong>Le richieste della UIL Scuola<\/strong><\/p>\n<p style=\"font-weight: 400; text-align: justify;\">Abbiamo chiesto che il Ministero, nella circolare esplicativa, specifichi in modo chiaro il percorso da seguire per l\u2019accesso alla piattaforma.<\/p>\n<p style=\"font-weight: 400; text-align: justify;\">Un\u2019ulteriore richiesta, accolta dall\u2019Amministrazione, riguarda la possibilit\u00e0 per il personale in assegnazione provvisoria di sostenere la prova nella provincia di servizio, anzich\u00e9 in quella di titolarit\u00e0.<\/p>\n<p style=\"font-weight: 400; text-align: justify;\">Secondo quanto riferito dall\u2019Amministrazione, le prove potrebbero svolgersi a partire dalla met\u00e0 di febbraio.<\/p>\n<p style=\"font-weight: 400; text-align: justify;\">Per l\u2019Amministrazione erano presenti la dott.ssa Palermo, la dott.ssa Calvosa e il dott. D\u2019Amico.<\/p>\n<p style=\"font-weight: 400; text-align: justify;\">Per la UIL Scuola Pasquale Raimondo.<\/p>\n<h3><a href=\"https:\/\/www.whatsapp.com\/channel\/0029Va9KtAN5fM5g93lE7D29\" target=\"_blank\" rel=\"noopener\"><img loading=\"lazy\" decoding=\"async\" class=\"aligncenter wp-image-13119 size-medium\" src=\"https:\/\/www.uilscuolaemiliaromagna.it\/public\/er\/wp-content\/uploads\/2024\/03\/canale_whatsapp-300x142.jpg\" sizes=\"(max-width: 300px) 100vw, 300px\" srcset=\"https:\/\/www.uilscuolaemiliaromagna.it\/public\/er\/wp-content\/uploads\/2024\/03\/canale_whatsapp-300x142.jpg 300w, https:\/\/www.uilscuolaemiliaromagna.it\/public\/er\/wp-content\/uploads\/2024\/03\/canale_whatsapp-768x363.jpg 768w, https:\/\/www.uilscuolaemiliaromagna.it\/public\/er\/wp-content\/uploads\/2024\/03\/canale_whatsapp.jpg 800w\" alt=\"\" width=\"300\" height=\"142\" \/><\/a><\/h3>\n<p>&nbsp;<\/p>\n<p><a href=\"https:\/\/www.irasenazionale.it\/wp-content\/uploads\/2024\/03\/Delega_UilScuolaRua_Editabile.pdf\" target=\"_blank\" rel=\"noopener\"><img loading=\"lazy\" decoding=\"async\" class=\"aligncenter wp-image-13111 size-medium\" src=\"https:\/\/www.uilscuolaemiliaromagna.it\/public\/er\/wp-content\/uploads\/2024\/03\/iscriviti-7-2-300x92.png\" sizes=\"(max-width: 300px) 100vw, 300px\" srcset=\"https:\/\/www.uilscuolaemiliaromagna.it\/public\/er\/wp-content\/uploads\/2024\/03\/iscriviti-7-2-300x92.png 300w, https:\/\/www.uilscuolaemiliaromagna.it\/public\/er\/wp-content\/uploads\/2024\/03\/iscriviti-7-2-768x236.png 768w, https:\/\/www.uilscuolaemiliaromagna.it\/public\/er\/wp-content\/uploads\/2024\/03\/iscriviti-7-2.png 800w\" alt=\"\" width=\"300\" height=\"92\" \/><\/a><\/p>\n<h6 style=\"text-align: center;\"><span style=\"color: #0000ff;\"><em>Clicca sull\u2019immagine per iscriverti alla\u00a0Uil Scuola Rua\u00a0di Bologna\u00a0compilando la delega in ogni sua parte e allegando un documento\u00a0di identit\u00e0 in corso di validit\u00e0.<\/em><\/span><br \/>\n<span style=\"color: #0000ff;\"><em>Entrambi andranno inviati al seguente indirizzo mail: bologna@uilscuola.it<\/em><\/span><\/h6>\n\n<div class=\"twitter-share\"><a href=\"https:\/\/twitter.com\/intent\/tweet?via=UILScuolaBO_ER\" class=\"twitter-share-button\" data-size=\"large\">Tweet<\/a><\/div>\n","protected":false},"excerpt":{"rendered":"<p>Accolta la richiesta della UIL Scuola: anche il personale in assegnazione provvisoria svolger\u00e0 la prova nella\u00a0provincia di servizio. Il 20 gennaio si \u00e8 svolta la &hellip; <\/p>\n","protected":false},"author":1,"featured_media":15774,"comment_status":"closed","ping_status":"open","sticky":false,"template":"","format":"standard","meta":{"footnotes":""},"categories":[2,12],"tags":[],"yoast_head":"<!-- This site is optimized with the Yoast SEO plugin v21.7 - https:\/\/yoast.com\/wordpress\/plugins\/seo\/ -->\r\n<title>Posizioni economiche ATA \u2013 Abbinamento sedi. Report incontro al MIM - Uil Scuola Emilia Romagna<\/title>\r\n<meta name=\"robots\" content=\"index, follow, max-snippet:-1, max-image-preview:large, max-video-preview:-1\" \/>\r\n<link rel=\"canonical\" href=\"https:\/\/www.uilscuolaemiliaromagna.it\/public\/er\/2026\/01\/20\/posizioni-economiche-ata-abbinamento-sedi-report-incontro-al-mim\/\" \/>\r\n<meta property=\"og:locale\" content=\"it_IT\" \/>\r\n<meta property=\"og:type\" content=\"article\" \/>\r\n<meta property=\"og:title\" content=\"Posizioni economiche ATA \u2013 Abbinamento sedi. Report incontro al MIM - Uil Scuola Emilia Romagna\" \/>\r\n<meta property=\"og:description\" content=\"Accolta la richiesta della UIL Scuola: anche il personale in assegnazione provvisoria svolger\u00e0 la prova nella\u00a0provincia di servizio. Il 20 gennaio si \u00e8 svolta la &hellip;\" \/>\r\n<meta property=\"og:url\" content=\"https:\/\/www.uilscuolaemiliaromagna.it\/public\/er\/2026\/01\/20\/posizioni-economiche-ata-abbinamento-sedi-report-incontro-al-mim\/\" \/>\r\n<meta property=\"og:site_name\" content=\"Uil Scuola Emilia Romagna\" \/>\r\n<meta property=\"article:published_time\" content=\"2026-01-20T19:25:13+00:00\" \/>\r\n<meta property=\"article:modified_time\" content=\"2026-01-21T08:28:36+00:00\" \/>\r\n<meta property=\"og:image\" content=\"https:\/\/www.uilscuolaemiliaromagna.it\/public\/er\/wp-content\/uploads\/2026\/01\/posizioni-economiche.jpg\" \/>\r\n\t<meta property=\"og:image:width\" content=\"800\" \/>\r\n\t<meta property=\"og:image:height\" content=\"531\" \/>\r\n\t<meta property=\"og:image:type\" content=\"image\/jpeg\" \/>\r\n<meta name=\"author\" content=\"admin\" \/>\r\n<meta name=\"twitter:card\" content=\"summary_large_image\" \/>\r\n<meta name=\"twitter:label1\" content=\"Scritto da\" \/>\n\t<meta name=\"twitter:data1\" content=\"admin\" \/>\n\t<meta name=\"twitter:label2\" content=\"Tempo di lettura stimato\" \/>\n\t<meta name=\"twitter:data2\" content=\"3 minuti\" \/>\r\n<script type=\"application\/ld+json\" class=\"yoast-schema-graph\">{\"@context\":\"https:\/\/schema.org\",\"@graph\":[{\"@type\":\"Article\",\"@id\":\"https:\/\/www.uilscuolaemiliaromagna.it\/public\/er\/2026\/01\/20\/posizioni-economiche-ata-abbinamento-sedi-report-incontro-al-mim\/#article\",\"isPartOf\":{\"@id\":\"https:\/\/www.uilscuolaemiliaromagna.it\/public\/er\/2026\/01\/20\/posizioni-economiche-ata-abbinamento-sedi-report-incontro-al-mim\/\"},\"author\":{\"name\":\"admin\",\"@id\":\"https:\/\/www.uilscuolaemiliaromagna.it\/public\/er\/#\/schema\/person\/f42878fd07a4b6ba2b7153d4fad5de5e\"},\"headline\":\"Posizioni economiche ATA \u2013 Abbinamento sedi. Report incontro al MIM\",\"datePublished\":\"2026-01-20T19:25:13+00:00\",\"dateModified\":\"2026-01-21T08:28:36+00:00\",\"mainEntityOfPage\":{\"@id\":\"https:\/\/www.uilscuolaemiliaromagna.it\/public\/er\/2026\/01\/20\/posizioni-economiche-ata-abbinamento-sedi-report-incontro-al-mim\/\"},\"wordCount\":322,\"publisher\":{\"@id\":\"https:\/\/www.uilscuolaemiliaromagna.it\/public\/er\/#organization\"},\"articleSection\":[\"ATA\",\"Notizie\"],\"inLanguage\":\"it-IT\"},{\"@type\":\"WebPage\",\"@id\":\"https:\/\/www.uilscuolaemiliaromagna.it\/public\/er\/2026\/01\/20\/posizioni-economiche-ata-abbinamento-sedi-report-incontro-al-mim\/\",\"url\":\"https:\/\/www.uilscuolaemiliaromagna.it\/public\/er\/2026\/01\/20\/posizioni-economiche-ata-abbinamento-sedi-report-incontro-al-mim\/\",\"name\":\"Posizioni economiche ATA \u2013 Abbinamento sedi. Report incontro al MIM - Uil Scuola Emilia Romagna\",\"isPartOf\":{\"@id\":\"https:\/\/www.uilscuolaemiliaromagna.it\/public\/er\/#website\"},\"datePublished\":\"2026-01-20T19:25:13+00:00\",\"dateModified\":\"2026-01-21T08:28:36+00:00\",\"breadcrumb\":{\"@id\":\"https:\/\/www.uilscuolaemiliaromagna.it\/public\/er\/2026\/01\/20\/posizioni-economiche-ata-abbinamento-sedi-report-incontro-al-mim\/#breadcrumb\"},\"inLanguage\":\"it-IT\",\"potentialAction\":[{\"@type\":\"ReadAction\",\"target\":[\"https:\/\/www.uilscuolaemiliaromagna.it\/public\/er\/2026\/01\/20\/posizioni-economiche-ata-abbinamento-sedi-report-incontro-al-mim\/\"]}]},{\"@type\":\"BreadcrumbList\",\"@id\":\"https:\/\/www.uilscuolaemiliaromagna.it\/public\/er\/2026\/01\/20\/posizioni-economiche-ata-abbinamento-sedi-report-incontro-al-mim\/#breadcrumb\",\"itemListElement\":[{\"@type\":\"ListItem\",\"position\":1,\"name\":\"Home\",\"item\":\"https:\/\/www.uilscuolaemiliaromagna.it\/public\/er\/\"},{\"@type\":\"ListItem\",\"position\":2,\"name\":\"Posizioni economiche ATA \u2013 Abbinamento sedi. Report incontro al MIM\"}]},{\"@type\":\"WebSite\",\"@id\":\"https:\/\/www.uilscuolaemiliaromagna.it\/public\/er\/#website\",\"url\":\"https:\/\/www.uilscuolaemiliaromagna.it\/public\/er\/\",\"name\":\"Uil Scuola Emilia Romagna\",\"description\":\"La voce libera della scuola\",\"publisher\":{\"@id\":\"https:\/\/www.uilscuolaemiliaromagna.it\/public\/er\/#organization\"},\"potentialAction\":[{\"@type\":\"SearchAction\",\"target\":{\"@type\":\"EntryPoint\",\"urlTemplate\":\"https:\/\/www.uilscuolaemiliaromagna.it\/public\/er\/?s={search_term_string}\"},\"query-input\":\"required name=search_term_string\"}],\"inLanguage\":\"it-IT\"},{\"@type\":\"Organization\",\"@id\":\"https:\/\/www.uilscuolaemiliaromagna.it\/public\/er\/#organization\",\"name\":\"Uil Scuola Emilia Romagna\",\"url\":\"https:\/\/www.uilscuolaemiliaromagna.it\/public\/er\/\",\"logo\":{\"@type\":\"ImageObject\",\"inLanguage\":\"it-IT\",\"@id\":\"https:\/\/www.uilscuolaemiliaromagna.it\/public\/er\/#\/schema\/logo\/image\/\",\"url\":\"https:\/\/www.uilscuolaemiliaromagna.it\/public\/er\/wp-content\/uploads\/2017\/04\/cropped-header.png\",\"contentUrl\":\"https:\/\/www.uilscuolaemiliaromagna.it\/public\/er\/wp-content\/uploads\/2017\/04\/cropped-header.png\",\"width\":1000,\"height\":150,\"caption\":\"Uil Scuola Emilia Romagna\"},\"image\":{\"@id\":\"https:\/\/www.uilscuolaemiliaromagna.it\/public\/er\/#\/schema\/logo\/image\/\"}},{\"@type\":\"Person\",\"@id\":\"https:\/\/www.uilscuolaemiliaromagna.it\/public\/er\/#\/schema\/person\/f42878fd07a4b6ba2b7153d4fad5de5e\",\"name\":\"admin\",\"image\":{\"@type\":\"ImageObject\",\"inLanguage\":\"it-IT\",\"@id\":\"https:\/\/www.uilscuolaemiliaromagna.it\/public\/er\/#\/schema\/person\/image\/\",\"url\":\"https:\/\/secure.gravatar.com\/avatar\/aebf815ae2f30ffdae8b8c247273d34c?s=96&d=mm&r=g\",\"contentUrl\":\"https:\/\/secure.gravatar.com\/avatar\/aebf815ae2f30ffdae8b8c247273d34c?s=96&d=mm&r=g\",\"caption\":\"admin\"},\"url\":\"https:\/\/www.uilscuolaemiliaromagna.it\/public\/er\/author\/admin\/\"}]}<\/script>\r\n<!-- \/ Yoast SEO plugin. -->","yoast_head_json":{"title":"Posizioni economiche ATA \u2013 Abbinamento sedi. Report incontro al MIM - Uil Scuola Emilia Romagna","robots":{"index":"index","follow":"follow","max-snippet":"max-snippet:-1","max-image-preview":"max-image-preview:large","max-video-preview":"max-video-preview:-1"},"canonical":"https:\/\/www.uilscuolaemiliaromagna.it\/public\/er\/2026\/01\/20\/posizioni-economiche-ata-abbinamento-sedi-report-incontro-al-mim\/","og_locale":"it_IT","og_type":"article","og_title":"Posizioni economiche ATA \u2013 Abbinamento sedi. Report incontro al MIM - Uil Scuola Emilia Romagna","og_description":"Accolta la richiesta della UIL Scuola: anche il personale in assegnazione provvisoria svolger\u00e0 la prova nella\u00a0provincia di servizio. Il 20 gennaio si \u00e8 svolta la &hellip;","og_url":"https:\/\/www.uilscuolaemiliaromagna.it\/public\/er\/2026\/01\/20\/posizioni-economiche-ata-abbinamento-sedi-report-incontro-al-mim\/","og_site_name":"Uil Scuola Emilia Romagna","article_published_time":"2026-01-20T19:25:13+00:00","article_modified_time":"2026-01-21T08:28:36+00:00","og_image":[{"width":800,"height":531,"url":"https:\/\/www.uilscuolaemiliaromagna.it\/public\/er\/wp-content\/uploads\/2026\/01\/posizioni-economiche.jpg","type":"image\/jpeg"}],"author":"admin","twitter_card":"summary_large_image","twitter_misc":{"Scritto da":"admin","Tempo di lettura stimato":"3 minuti"},"schema":{"@context":"https:\/\/schema.org","@graph":[{"@type":"Article","@id":"https:\/\/www.uilscuolaemiliaromagna.it\/public\/er\/2026\/01\/20\/posizioni-economiche-ata-abbinamento-sedi-report-incontro-al-mim\/#article","isPartOf":{"@id":"https:\/\/www.uilscuolaemiliaromagna.it\/public\/er\/2026\/01\/20\/posizioni-economiche-ata-abbinamento-sedi-report-incontro-al-mim\/"},"author":{"name":"admin","@id":"https:\/\/www.uilscuolaemiliaromagna.it\/public\/er\/#\/schema\/person\/f42878fd07a4b6ba2b7153d4fad5de5e"},"headline":"Posizioni economiche ATA \u2013 Abbinamento sedi. Report incontro al MIM","datePublished":"2026-01-20T19:25:13+00:00","dateModified":"2026-01-21T08:28:36+00:00","mainEntityOfPage":{"@id":"https:\/\/www.uilscuolaemiliaromagna.it\/public\/er\/2026\/01\/20\/posizioni-economiche-ata-abbinamento-sedi-report-incontro-al-mim\/"},"wordCount":322,"publisher":{"@id":"https:\/\/www.uilscuolaemiliaromagna.it\/public\/er\/#organization"},"articleSection":["ATA","Notizie"],"inLanguage":"it-IT"},{"@type":"WebPage","@id":"https:\/\/www.uilscuolaemiliaromagna.it\/public\/er\/2026\/01\/20\/posizioni-economiche-ata-abbinamento-sedi-report-incontro-al-mim\/","url":"https:\/\/www.uilscuolaemiliaromagna.it\/public\/er\/2026\/01\/20\/posizioni-economiche-ata-abbinamento-sedi-report-incontro-al-mim\/","name":"Posizioni economiche ATA \u2013 Abbinamento sedi. Report incontro al MIM - Uil Scuola Emilia Romagna","isPartOf":{"@id":"https:\/\/www.uilscuolaemiliaromagna.it\/public\/er\/#website"},"datePublished":"2026-01-20T19:25:13+00:00","dateModified":"2026-01-21T08:28:36+00:00","breadcrumb":{"@id":"https:\/\/www.uilscuolaemiliaromagna.it\/public\/er\/2026\/01\/20\/posizioni-economiche-ata-abbinamento-sedi-report-incontro-al-mim\/#breadcrumb"},"inLanguage":"it-IT","potentialAction":[{"@type":"ReadAction","target":["https:\/\/www.uilscuolaemiliaromagna.it\/public\/er\/2026\/01\/20\/posizioni-economiche-ata-abbinamento-sedi-report-incontro-al-mim\/"]}]},{"@type":"BreadcrumbList","@id":"https:\/\/www.uilscuolaemiliaromagna.it\/public\/er\/2026\/01\/20\/posizioni-economiche-ata-abbinamento-sedi-report-incontro-al-mim\/#breadcrumb","itemListElement":[{"@type":"ListItem","position":1,"name":"Home","item":"https:\/\/www.uilscuolaemiliaromagna.it\/public\/er\/"},{"@type":"ListItem","position":2,"name":"Posizioni economiche ATA \u2013 Abbinamento sedi. Report incontro al MIM"}]},{"@type":"WebSite","@id":"https:\/\/www.uilscuolaemiliaromagna.it\/public\/er\/#website","url":"https:\/\/www.uilscuolaemiliaromagna.it\/public\/er\/","name":"Uil Scuola Emilia Romagna","description":"La voce libera della scuola","publisher":{"@id":"https:\/\/www.uilscuolaemiliaromagna.it\/public\/er\/#organization"},"potentialAction":[{"@type":"SearchAction","target":{"@type":"EntryPoint","urlTemplate":"https:\/\/www.uilscuolaemiliaromagna.it\/public\/er\/?s={search_term_string}"},"query-input":"required name=search_term_string"}],"inLanguage":"it-IT"},{"@type":"Organization","@id":"https:\/\/www.uilscuolaemiliaromagna.it\/public\/er\/#organization","name":"Uil Scuola Emilia Romagna","url":"https:\/\/www.uilscuolaemiliaromagna.it\/public\/er\/","logo":{"@type":"ImageObject","inLanguage":"it-IT","@id":"https:\/\/www.uilscuolaemiliaromagna.it\/public\/er\/#\/schema\/logo\/image\/","url":"https:\/\/www.uilscuolaemiliaromagna.it\/public\/er\/wp-content\/uploads\/2017\/04\/cropped-header.png","contentUrl":"https:\/\/www.uilscuolaemiliaromagna.it\/public\/er\/wp-content\/uploads\/2017\/04\/cropped-header.png","width":1000,"height":150,"caption":"Uil Scuola Emilia Romagna"},"image":{"@id":"https:\/\/www.uilscuolaemiliaromagna.it\/public\/er\/#\/schema\/logo\/image\/"}},{"@type":"Person","@id":"https:\/\/www.uilscuolaemiliaromagna.it\/public\/er\/#\/schema\/person\/f42878fd07a4b6ba2b7153d4fad5de5e","name":"admin","image":{"@type":"ImageObject","inLanguage":"it-IT","@id":"https:\/\/www.uilscuolaemiliaromagna.it\/public\/er\/#\/schema\/person\/image\/","url":"https:\/\/secure.gravatar.com\/avatar\/aebf815ae2f30ffdae8b8c247273d34c?s=96&d=mm&r=g","contentUrl":"https:\/\/secure.gravatar.com\/avatar\/aebf815ae2f30ffdae8b8c247273d34c?s=96&d=mm&r=g","caption":"admin"},"url":"https:\/\/www.uilscuolaemiliaromagna.it\/public\/er\/author\/admin\/"}]}},"views":223,"_links":{"self":[{"href":"https:\/\/www.uilscuolaemiliaromagna.it\/public\/er\/wp-json\/wp\/v2\/posts\/15773"}],"collection":[{"href":"https:\/\/www.uilscuolaemiliaromagna.it\/public\/er\/wp-json\/wp\/v2\/posts"}],"about":[{"href":"https:\/\/www.uilscuolaemiliaromagna.it\/public\/er\/wp-json\/wp\/v2\/types\/post"}],"author":[{"embeddable":true,"href":"https:\/\/www.uilscuolaemiliaromagna.it\/public\/er\/wp-json\/wp\/v2\/users\/1"}],"replies":[{"embeddable":true,"href":"https:\/\/www.uilscuolaemiliaromagna.it\/public\/er\/wp-json\/wp\/v2\/comments?post=15773"}],"version-history":[{"count":1,"href":"https:\/\/www.uilscuolaemiliaromagna.it\/public\/er\/wp-json\/wp\/v2\/posts\/15773\/revisions"}],"predecessor-version":[{"id":15775,"href":"https:\/\/www.uilscuolaemiliaromagna.it\/public\/er\/wp-json\/wp\/v2\/posts\/15773\/revisions\/15775"}],"wp:featuredmedia":[{"embeddable":true,"href":"https:\/\/www.uilscuolaemiliaromagna.it\/public\/er\/wp-json\/wp\/v2\/media\/15774"}],"wp:attachment":[{"href":"https:\/\/www.uilscuolaemiliaromagna.it\/public\/er\/wp-json\/wp\/v2\/media?parent=15773"}],"wp:term":[{"taxonomy":"category","embeddable":true,"href":"https:\/\/www.uilscuolaemiliaromagna.it\/public\/er\/wp-json\/wp\/v2\/categories?post=15773"},{"taxonomy":"post_tag","embeddable":true,"href":"https:\/\/www.uilscuolaemiliaromagna.it\/public\/er\/wp-json\/wp\/v2\/tags?post=15773"}],"curies":[{"name":"wp","href":"https:\/\/api.w.org\/{rel}","templated":true}]}}