{"id":15777,"date":"2026-01-22T18:28:27","date_gmt":"2026-01-22T17:28:27","guid":{"rendered":"https:\/\/www.uilscuolaemiliaromagna.it\/public\/er\/?p=15777"},"modified":"2026-01-22T18:28:27","modified_gmt":"2026-01-22T17:28:27","slug":"comunicato-stampa-scuola-incontro-con-il-commissario-ad-acta-di-palma-allusr-emilia-romagna-ooss-numeri-in-ordine-misura-ingiustificata-ribadito-il-no-al-taglio-di-17-autonomie-nessun","status":"publish","type":"post","link":"https:\/\/www.uilscuolaemiliaromagna.it\/public\/er\/2026\/01\/22\/comunicato-stampa-scuola-incontro-con-il-commissario-ad-acta-di-palma-allusr-emilia-romagna-ooss-numeri-in-ordine-misura-ingiustificata-ribadito-il-no-al-taglio-di-17-autonomie-nessun\/","title":{"rendered":"COMUNICATO STAMPA &#8211; Scuola: incontro con il Commissario ad acta Di Palma all\u2019USR Emilia Romagna. OOSS: numeri in ordine, misura ingiustificata. Ribadito il no al taglio di 17 autonomie. Nessuna risposta concreta dal Commissario"},"content":{"rendered":"<p>Bologna, 22 gennaio 2026<\/p>\n<h1 style=\"text-align: center;\"><span style=\"color: #0000ff;\">COMUNICATO STAMPA<\/span><\/h1>\n<h2 style=\"text-align: center;\"><span style=\"color: #ff0000;\">Scuola: incontro con il Commissario ad acta Di Palma all\u2019USR Emilia Romagna. OOSS: numeri in ordine, misura ingiustificata. Ribadito il no al taglio di 17 autonomie. Nessuna risposta concreta dal Commissario<\/span><\/h2>\n<p style=\"text-align: justify;\">\nBologna, 22 gennaio 2026 \u2013 Si \u00e8 svolto questa mattina, presso l\u2019Ufficio Scolastico Regionale per l\u2019Emilia Romagna, l\u2019incontro tra le Organizzazioni Sindacali regionali della scuola FLC CGIL, CISL Scuola, UIL Scuola RUA, Gilda UNAMS, SNALS CONFSAL, ANIEF e il Commissario ad acta Di Palma, nominato dal Governo per procedere al dimensionamento della rete scolastica regionale.<\/p>\n<p style=\"text-align: justify;\">\nIn apertura, il commissario Di Palma si \u00e8 limitato ad illustrare le norme che regolano l\u2019organizzazione del sistema scolastico quindi il dimensionamento e le motivazioni alla base del provvedimento di nomina adottato dal Consiglio dei Ministri.<\/p>\n<p style=\"text-align: justify;\">\nLe Organizzazioni Sindacali hanno ribadito la propria posizione, gi\u00e0 nota: no al commissariamento e no al dimensionamento che prevede la riduzione di 17 istituzioni scolastiche in Emilia Romagna. Abbiamo sottolineato che la nostra regione presenta un sistema complessivamente in equilibrio, con numeri in ordine e gi\u00e0 coerente con i parametri previsti: per questo l\u2019imposizione di ulteriori accorpamenti risulta ingiustificata, iniqua e assume il carattere di una scelta politica che colpisce la scuola pubblica.<\/p>\n<p style=\"text-align: justify;\">\nUn intervento di questo tipo indebolisce l\u2019autonomia scolastica, aumenta eccessivamente le dimensioni delle istituzioni, appesantisce la gestione e produce ricadute negative su lavoratrici e lavoratori, studenti, famiglie e territori, con effetti particolarmente critici nelle aree pi\u00f9 fragili e montane.<br \/>\nLe organizzazioni hanno giudicato insufficiente e deludente l\u2019incontro in quanto dal commissario non sono arrivate delucidazioni, spiegazioni, orientamenti circa le 17 autonomie da chiudere.<\/p>\n<p style=\"text-align: justify;\">\nAbbiamo quindi chiesto la massima chiarezza su criteri, tempistiche e ricadute organizzative dell\u2019operazione, sottolineando che non pu\u00f2 esserci alcun confronto serio senza trasparenza, a partire dall\u2019elemento essenziale: l\u2019indicazione delle istituzioni scolastiche interessate dal dimensionamento. Il commissario ha ribadito che assumer\u00e0 autonomamente la decisione di attivare il decreto di chiusura delle scuole.<br \/>\nLe OO.SS. hanno inoltre evidenziato un ulteriore e grave elemento di opacit\u00e0: non \u00e8 stato reso noto \u2013 e ad oggi non \u00e8 conoscibile con certezza \u2013 il dato complessivo del numero degli studenti dell\u2019Emilia Romagna assunto a riferimento.<\/p>\n<p style=\"text-align: justify;\">\nSolo dopo tali richieste e osservazioni, il Commissario ha riferito di confermare l\u2019impostazione governativa e di voler dare seguito all\u2019operazione di dimensionamento, confermando dunque la prospettiva della riduzione delle 17 autonomie.<\/p>\n<p style=\"text-align: justify;\">\nA fronte delle nostre richieste, tuttavia, non \u00e8 stata comunicata alcuna informazione sulle scuole interessate: n\u00e9 l\u2019elenco, n\u00e9 l\u2019indicazione delle istituzioni coinvolte. \u00c8 un fatto gravissimo: una decisione che incide direttamente su comunit\u00e0 scolastiche e territori viene portata avanti senza rendere noto chi ne subir\u00e0 gli effetti e senza rendere trasparenti i dati di riferimento.<\/p>\n<p style=\"text-align: justify;\">\nIn queste condizioni, il confronto risulta svuotato di significato e viene negata la trasparenza dovuta a lavoratrici e lavoratori della scuola, famiglie, studenti e amministrazioni locali.<br \/>\nLe Organizzazioni Sindacali, giudicando inutile l\u2019incontro in quanto oggi non \u00e8 stato fornito nessun elemento conoscitivo sul perimetro dell\u2019operazione di dimensionamento, nel manifestare la propria insoddisfazione, confermano la manifestazione regionale di sabato 24 gennaio 2026 a Bologna, contro il commissariamento e contro il taglio delle autonomie scolastiche in Emilia Romagna, alla quale hanno confermato la presenza il Presidente della Regione Emilia Romagna Michele De Pascale, l\u2019Assessora regionale all\u2019istruzione Isabella Conti, numerosi amministratori locali, parlamentari e consiglieri regionali, rappresentanti dei consigli d\u2019Istituto.<\/p>\n<p style=\"text-align: justify;\">\nMonica Ottaviani \u2013 FLC CGIL ER<\/p>\n<p style=\"text-align: justify;\">Luca Battistelli \u2013 CISL SCUOLA ER<\/p>\n<p style=\"text-align: justify;\">Serafino Veltri \u2013 UIL Scuola RUA ER<\/p>\n<p style=\"text-align: justify;\">Rosarita Cherubino \u2013 Gilda UNAMS ER<\/p>\n<p style=\"text-align: justify;\">Gianni Fontana \u2013 SNALS CONFSAL ER<\/p>\n<p style=\"text-align: justify;\">Francesco Clemente \u2013 ANIEF ER<\/p>\n<ul>\n<li>\n<h1><a href=\"https:\/\/www.uilscuolaemiliaromagna.it\/public\/er\/wp-content\/uploads\/2026\/01\/2025.12.22_Comunicato_Stampa_Incontro_Commissario.pdf\" target=\"_blank\" rel=\"noopener\">IL COMUNICATO STAMPA<\/a><\/h1>\n<\/li>\n<\/ul>\n\n<div class=\"twitter-share\"><a href=\"https:\/\/twitter.com\/intent\/tweet?via=UILScuolaBO_ER\" class=\"twitter-share-button\" data-size=\"large\">Tweet<\/a><\/div>\n","protected":false},"excerpt":{"rendered":"<p>Bologna, 22 gennaio 2026 COMUNICATO STAMPA Scuola: incontro con il Commissario ad acta Di Palma all\u2019USR Emilia Romagna. OOSS: numeri in ordine, misura ingiustificata. Ribadito &hellip; <\/p>\n","protected":false},"author":1,"featured_media":15771,"comment_status":"closed","ping_status":"open","sticky":false,"template":"","format":"standard","meta":{"footnotes":""},"categories":[2,3,12,6],"tags":[],"yoast_head":"<!-- This site is optimized with the Yoast SEO plugin v21.7 - https:\/\/yoast.com\/wordpress\/plugins\/seo\/ -->\r\n<title>COMUNICATO STAMPA - Scuola: incontro con il Commissario ad acta Di Palma all\u2019USR Emilia Romagna. OOSS: numeri in ordine, misura ingiustificata. Ribadito il no al taglio di 17 autonomie. Nessuna risposta concreta dal Commissario - Uil Scuola Emilia Romagna<\/title>\r\n<meta name=\"robots\" content=\"index, follow, max-snippet:-1, max-image-preview:large, max-video-preview:-1\" \/>\r\n<link rel=\"canonical\" href=\"https:\/\/www.uilscuolaemiliaromagna.it\/public\/er\/2026\/01\/22\/comunicato-stampa-scuola-incontro-con-il-commissario-ad-acta-di-palma-allusr-emilia-romagna-ooss-numeri-in-ordine-misura-ingiustificata-ribadito-il-no-al-taglio-di-17-autonomie-nessun\/\" \/>\r\n<meta property=\"og:locale\" content=\"it_IT\" \/>\r\n<meta property=\"og:type\" content=\"article\" \/>\r\n<meta property=\"og:title\" content=\"COMUNICATO STAMPA - Scuola: incontro con il Commissario ad acta Di Palma all\u2019USR Emilia Romagna. OOSS: numeri in ordine, misura ingiustificata. Ribadito il no al taglio di 17 autonomie. Nessuna risposta concreta dal Commissario - Uil Scuola Emilia Romagna\" \/>\r\n<meta property=\"og:description\" content=\"Bologna, 22 gennaio 2026 COMUNICATO STAMPA Scuola: incontro con il Commissario ad acta Di Palma all\u2019USR Emilia Romagna. OOSS: numeri in ordine, misura ingiustificata. Ribadito &hellip;\" \/>\r\n<meta property=\"og:url\" content=\"https:\/\/www.uilscuolaemiliaromagna.it\/public\/er\/2026\/01\/22\/comunicato-stampa-scuola-incontro-con-il-commissario-ad-acta-di-palma-allusr-emilia-romagna-ooss-numeri-in-ordine-misura-ingiustificata-ribadito-il-no-al-taglio-di-17-autonomie-nessun\/\" \/>\r\n<meta property=\"og:site_name\" content=\"Uil Scuola Emilia Romagna\" \/>\r\n<meta property=\"article:published_time\" content=\"2026-01-22T17:28:27+00:00\" \/>\r\n<meta property=\"og:image\" content=\"https:\/\/www.uilscuolaemiliaromagna.it\/public\/er\/wp-content\/uploads\/2026\/01\/IMG-20260119-WA0022.jpg\" \/>\r\n\t<meta property=\"og:image:width\" content=\"800\" \/>\r\n\t<meta property=\"og:image:height\" content=\"533\" \/>\r\n\t<meta property=\"og:image:type\" content=\"image\/jpeg\" \/>\r\n<meta name=\"author\" content=\"admin\" \/>\r\n<meta name=\"twitter:card\" content=\"summary_large_image\" \/>\r\n<meta name=\"twitter:label1\" content=\"Scritto da\" \/>\n\t<meta name=\"twitter:data1\" content=\"admin\" \/>\n\t<meta name=\"twitter:label2\" content=\"Tempo di lettura stimato\" \/>\n\t<meta name=\"twitter:data2\" content=\"4 minuti\" \/>\r\n<script type=\"application\/ld+json\" class=\"yoast-schema-graph\">{\"@context\":\"https:\/\/schema.org\",\"@graph\":[{\"@type\":\"Article\",\"@id\":\"https:\/\/www.uilscuolaemiliaromagna.it\/public\/er\/2026\/01\/22\/comunicato-stampa-scuola-incontro-con-il-commissario-ad-acta-di-palma-allusr-emilia-romagna-ooss-numeri-in-ordine-misura-ingiustificata-ribadito-il-no-al-taglio-di-17-autonomie-nessun\/#article\",\"isPartOf\":{\"@id\":\"https:\/\/www.uilscuolaemiliaromagna.it\/public\/er\/2026\/01\/22\/comunicato-stampa-scuola-incontro-con-il-commissario-ad-acta-di-palma-allusr-emilia-romagna-ooss-numeri-in-ordine-misura-ingiustificata-ribadito-il-no-al-taglio-di-17-autonomie-nessun\/\"},\"author\":{\"name\":\"admin\",\"@id\":\"https:\/\/www.uilscuolaemiliaromagna.it\/public\/er\/#\/schema\/person\/f42878fd07a4b6ba2b7153d4fad5de5e\"},\"headline\":\"COMUNICATO STAMPA &#8211; Scuola: incontro con il Commissario ad acta Di Palma all\u2019USR Emilia Romagna. OOSS: numeri in ordine, misura ingiustificata. Ribadito il no al taglio di 17 autonomie. Nessuna risposta concreta dal Commissario\",\"datePublished\":\"2026-01-22T17:28:27+00:00\",\"dateModified\":\"2026-01-22T17:28:27+00:00\",\"mainEntityOfPage\":{\"@id\":\"https:\/\/www.uilscuolaemiliaromagna.it\/public\/er\/2026\/01\/22\/comunicato-stampa-scuola-incontro-con-il-commissario-ad-acta-di-palma-allusr-emilia-romagna-ooss-numeri-in-ordine-misura-ingiustificata-ribadito-il-no-al-taglio-di-17-autonomie-nessun\/\"},\"wordCount\":616,\"publisher\":{\"@id\":\"https:\/\/www.uilscuolaemiliaromagna.it\/public\/er\/#organization\"},\"articleSection\":[\"ATA\",\"Dirigenti\",\"Notizie\",\"Personale Docente\"],\"inLanguage\":\"it-IT\"},{\"@type\":\"WebPage\",\"@id\":\"https:\/\/www.uilscuolaemiliaromagna.it\/public\/er\/2026\/01\/22\/comunicato-stampa-scuola-incontro-con-il-commissario-ad-acta-di-palma-allusr-emilia-romagna-ooss-numeri-in-ordine-misura-ingiustificata-ribadito-il-no-al-taglio-di-17-autonomie-nessun\/\",\"url\":\"https:\/\/www.uilscuolaemiliaromagna.it\/public\/er\/2026\/01\/22\/comunicato-stampa-scuola-incontro-con-il-commissario-ad-acta-di-palma-allusr-emilia-romagna-ooss-numeri-in-ordine-misura-ingiustificata-ribadito-il-no-al-taglio-di-17-autonomie-nessun\/\",\"name\":\"COMUNICATO STAMPA - Scuola: incontro con il Commissario ad acta Di Palma all\u2019USR Emilia Romagna. OOSS: numeri in ordine, misura ingiustificata. Ribadito il no al taglio di 17 autonomie. Nessuna risposta concreta dal Commissario - Uil Scuola Emilia Romagna\",\"isPartOf\":{\"@id\":\"https:\/\/www.uilscuolaemiliaromagna.it\/public\/er\/#website\"},\"datePublished\":\"2026-01-22T17:28:27+00:00\",\"dateModified\":\"2026-01-22T17:28:27+00:00\",\"breadcrumb\":{\"@id\":\"https:\/\/www.uilscuolaemiliaromagna.it\/public\/er\/2026\/01\/22\/comunicato-stampa-scuola-incontro-con-il-commissario-ad-acta-di-palma-allusr-emilia-romagna-ooss-numeri-in-ordine-misura-ingiustificata-ribadito-il-no-al-taglio-di-17-autonomie-nessun\/#breadcrumb\"},\"inLanguage\":\"it-IT\",\"potentialAction\":[{\"@type\":\"ReadAction\",\"target\":[\"https:\/\/www.uilscuolaemiliaromagna.it\/public\/er\/2026\/01\/22\/comunicato-stampa-scuola-incontro-con-il-commissario-ad-acta-di-palma-allusr-emilia-romagna-ooss-numeri-in-ordine-misura-ingiustificata-ribadito-il-no-al-taglio-di-17-autonomie-nessun\/\"]}]},{\"@type\":\"BreadcrumbList\",\"@id\":\"https:\/\/www.uilscuolaemiliaromagna.it\/public\/er\/2026\/01\/22\/comunicato-stampa-scuola-incontro-con-il-commissario-ad-acta-di-palma-allusr-emilia-romagna-ooss-numeri-in-ordine-misura-ingiustificata-ribadito-il-no-al-taglio-di-17-autonomie-nessun\/#breadcrumb\",\"itemListElement\":[{\"@type\":\"ListItem\",\"position\":1,\"name\":\"Home\",\"item\":\"https:\/\/www.uilscuolaemiliaromagna.it\/public\/er\/\"},{\"@type\":\"ListItem\",\"position\":2,\"name\":\"COMUNICATO STAMPA &#8211; Scuola: incontro con il Commissario ad acta Di Palma all\u2019USR Emilia Romagna. OOSS: numeri in ordine, misura ingiustificata. Ribadito il no al taglio di 17 autonomie. Nessuna risposta concreta dal Commissario\"}]},{\"@type\":\"WebSite\",\"@id\":\"https:\/\/www.uilscuolaemiliaromagna.it\/public\/er\/#website\",\"url\":\"https:\/\/www.uilscuolaemiliaromagna.it\/public\/er\/\",\"name\":\"Uil Scuola Emilia Romagna\",\"description\":\"La voce libera della scuola\",\"publisher\":{\"@id\":\"https:\/\/www.uilscuolaemiliaromagna.it\/public\/er\/#organization\"},\"potentialAction\":[{\"@type\":\"SearchAction\",\"target\":{\"@type\":\"EntryPoint\",\"urlTemplate\":\"https:\/\/www.uilscuolaemiliaromagna.it\/public\/er\/?s={search_term_string}\"},\"query-input\":\"required name=search_term_string\"}],\"inLanguage\":\"it-IT\"},{\"@type\":\"Organization\",\"@id\":\"https:\/\/www.uilscuolaemiliaromagna.it\/public\/er\/#organization\",\"name\":\"Uil Scuola Emilia Romagna\",\"url\":\"https:\/\/www.uilscuolaemiliaromagna.it\/public\/er\/\",\"logo\":{\"@type\":\"ImageObject\",\"inLanguage\":\"it-IT\",\"@id\":\"https:\/\/www.uilscuolaemiliaromagna.it\/public\/er\/#\/schema\/logo\/image\/\",\"url\":\"https:\/\/www.uilscuolaemiliaromagna.it\/public\/er\/wp-content\/uploads\/2017\/04\/cropped-header.png\",\"contentUrl\":\"https:\/\/www.uilscuolaemiliaromagna.it\/public\/er\/wp-content\/uploads\/2017\/04\/cropped-header.png\",\"width\":1000,\"height\":150,\"caption\":\"Uil Scuola Emilia Romagna\"},\"image\":{\"@id\":\"https:\/\/www.uilscuolaemiliaromagna.it\/public\/er\/#\/schema\/logo\/image\/\"}},{\"@type\":\"Person\",\"@id\":\"https:\/\/www.uilscuolaemiliaromagna.it\/public\/er\/#\/schema\/person\/f42878fd07a4b6ba2b7153d4fad5de5e\",\"name\":\"admin\",\"image\":{\"@type\":\"ImageObject\",\"inLanguage\":\"it-IT\",\"@id\":\"https:\/\/www.uilscuolaemiliaromagna.it\/public\/er\/#\/schema\/person\/image\/\",\"url\":\"https:\/\/secure.gravatar.com\/avatar\/aebf815ae2f30ffdae8b8c247273d34c?s=96&d=mm&r=g\",\"contentUrl\":\"https:\/\/secure.gravatar.com\/avatar\/aebf815ae2f30ffdae8b8c247273d34c?s=96&d=mm&r=g\",\"caption\":\"admin\"},\"url\":\"https:\/\/www.uilscuolaemiliaromagna.it\/public\/er\/author\/admin\/\"}]}<\/script>\r\n<!-- \/ Yoast SEO plugin. -->","yoast_head_json":{"title":"COMUNICATO STAMPA - Scuola: incontro con il Commissario ad acta Di Palma all\u2019USR Emilia Romagna. OOSS: numeri in ordine, misura ingiustificata. Ribadito il no al taglio di 17 autonomie. Nessuna risposta concreta dal Commissario - Uil Scuola Emilia Romagna","robots":{"index":"index","follow":"follow","max-snippet":"max-snippet:-1","max-image-preview":"max-image-preview:large","max-video-preview":"max-video-preview:-1"},"canonical":"https:\/\/www.uilscuolaemiliaromagna.it\/public\/er\/2026\/01\/22\/comunicato-stampa-scuola-incontro-con-il-commissario-ad-acta-di-palma-allusr-emilia-romagna-ooss-numeri-in-ordine-misura-ingiustificata-ribadito-il-no-al-taglio-di-17-autonomie-nessun\/","og_locale":"it_IT","og_type":"article","og_title":"COMUNICATO STAMPA - Scuola: incontro con il Commissario ad acta Di Palma all\u2019USR Emilia Romagna. OOSS: numeri in ordine, misura ingiustificata. Ribadito il no al taglio di 17 autonomie. Nessuna risposta concreta dal Commissario - Uil Scuola Emilia Romagna","og_description":"Bologna, 22 gennaio 2026 COMUNICATO STAMPA Scuola: incontro con il Commissario ad acta Di Palma all\u2019USR Emilia Romagna. OOSS: numeri in ordine, misura ingiustificata. Ribadito &hellip;","og_url":"https:\/\/www.uilscuolaemiliaromagna.it\/public\/er\/2026\/01\/22\/comunicato-stampa-scuola-incontro-con-il-commissario-ad-acta-di-palma-allusr-emilia-romagna-ooss-numeri-in-ordine-misura-ingiustificata-ribadito-il-no-al-taglio-di-17-autonomie-nessun\/","og_site_name":"Uil Scuola Emilia Romagna","article_published_time":"2026-01-22T17:28:27+00:00","og_image":[{"width":800,"height":533,"url":"https:\/\/www.uilscuolaemiliaromagna.it\/public\/er\/wp-content\/uploads\/2026\/01\/IMG-20260119-WA0022.jpg","type":"image\/jpeg"}],"author":"admin","twitter_card":"summary_large_image","twitter_misc":{"Scritto da":"admin","Tempo di lettura stimato":"4 minuti"},"schema":{"@context":"https:\/\/schema.org","@graph":[{"@type":"Article","@id":"https:\/\/www.uilscuolaemiliaromagna.it\/public\/er\/2026\/01\/22\/comunicato-stampa-scuola-incontro-con-il-commissario-ad-acta-di-palma-allusr-emilia-romagna-ooss-numeri-in-ordine-misura-ingiustificata-ribadito-il-no-al-taglio-di-17-autonomie-nessun\/#article","isPartOf":{"@id":"https:\/\/www.uilscuolaemiliaromagna.it\/public\/er\/2026\/01\/22\/comunicato-stampa-scuola-incontro-con-il-commissario-ad-acta-di-palma-allusr-emilia-romagna-ooss-numeri-in-ordine-misura-ingiustificata-ribadito-il-no-al-taglio-di-17-autonomie-nessun\/"},"author":{"name":"admin","@id":"https:\/\/www.uilscuolaemiliaromagna.it\/public\/er\/#\/schema\/person\/f42878fd07a4b6ba2b7153d4fad5de5e"},"headline":"COMUNICATO STAMPA &#8211; Scuola: incontro con il Commissario ad acta Di Palma all\u2019USR Emilia Romagna. OOSS: numeri in ordine, misura ingiustificata. Ribadito il no al taglio di 17 autonomie. Nessuna risposta concreta dal Commissario","datePublished":"2026-01-22T17:28:27+00:00","dateModified":"2026-01-22T17:28:27+00:00","mainEntityOfPage":{"@id":"https:\/\/www.uilscuolaemiliaromagna.it\/public\/er\/2026\/01\/22\/comunicato-stampa-scuola-incontro-con-il-commissario-ad-acta-di-palma-allusr-emilia-romagna-ooss-numeri-in-ordine-misura-ingiustificata-ribadito-il-no-al-taglio-di-17-autonomie-nessun\/"},"wordCount":616,"publisher":{"@id":"https:\/\/www.uilscuolaemiliaromagna.it\/public\/er\/#organization"},"articleSection":["ATA","Dirigenti","Notizie","Personale Docente"],"inLanguage":"it-IT"},{"@type":"WebPage","@id":"https:\/\/www.uilscuolaemiliaromagna.it\/public\/er\/2026\/01\/22\/comunicato-stampa-scuola-incontro-con-il-commissario-ad-acta-di-palma-allusr-emilia-romagna-ooss-numeri-in-ordine-misura-ingiustificata-ribadito-il-no-al-taglio-di-17-autonomie-nessun\/","url":"https:\/\/www.uilscuolaemiliaromagna.it\/public\/er\/2026\/01\/22\/comunicato-stampa-scuola-incontro-con-il-commissario-ad-acta-di-palma-allusr-emilia-romagna-ooss-numeri-in-ordine-misura-ingiustificata-ribadito-il-no-al-taglio-di-17-autonomie-nessun\/","name":"COMUNICATO STAMPA - Scuola: incontro con il Commissario ad acta Di Palma all\u2019USR Emilia Romagna. OOSS: numeri in ordine, misura ingiustificata. Ribadito il no al taglio di 17 autonomie. Nessuna risposta concreta dal Commissario - Uil Scuola Emilia Romagna","isPartOf":{"@id":"https:\/\/www.uilscuolaemiliaromagna.it\/public\/er\/#website"},"datePublished":"2026-01-22T17:28:27+00:00","dateModified":"2026-01-22T17:28:27+00:00","breadcrumb":{"@id":"https:\/\/www.uilscuolaemiliaromagna.it\/public\/er\/2026\/01\/22\/comunicato-stampa-scuola-incontro-con-il-commissario-ad-acta-di-palma-allusr-emilia-romagna-ooss-numeri-in-ordine-misura-ingiustificata-ribadito-il-no-al-taglio-di-17-autonomie-nessun\/#breadcrumb"},"inLanguage":"it-IT","potentialAction":[{"@type":"ReadAction","target":["https:\/\/www.uilscuolaemiliaromagna.it\/public\/er\/2026\/01\/22\/comunicato-stampa-scuola-incontro-con-il-commissario-ad-acta-di-palma-allusr-emilia-romagna-ooss-numeri-in-ordine-misura-ingiustificata-ribadito-il-no-al-taglio-di-17-autonomie-nessun\/"]}]},{"@type":"BreadcrumbList","@id":"https:\/\/www.uilscuolaemiliaromagna.it\/public\/er\/2026\/01\/22\/comunicato-stampa-scuola-incontro-con-il-commissario-ad-acta-di-palma-allusr-emilia-romagna-ooss-numeri-in-ordine-misura-ingiustificata-ribadito-il-no-al-taglio-di-17-autonomie-nessun\/#breadcrumb","itemListElement":[{"@type":"ListItem","position":1,"name":"Home","item":"https:\/\/www.uilscuolaemiliaromagna.it\/public\/er\/"},{"@type":"ListItem","position":2,"name":"COMUNICATO STAMPA &#8211; Scuola: incontro con il Commissario ad acta Di Palma all\u2019USR Emilia Romagna. OOSS: numeri in ordine, misura ingiustificata. Ribadito il no al taglio di 17 autonomie. Nessuna risposta concreta dal Commissario"}]},{"@type":"WebSite","@id":"https:\/\/www.uilscuolaemiliaromagna.it\/public\/er\/#website","url":"https:\/\/www.uilscuolaemiliaromagna.it\/public\/er\/","name":"Uil Scuola Emilia Romagna","description":"La voce libera della scuola","publisher":{"@id":"https:\/\/www.uilscuolaemiliaromagna.it\/public\/er\/#organization"},"potentialAction":[{"@type":"SearchAction","target":{"@type":"EntryPoint","urlTemplate":"https:\/\/www.uilscuolaemiliaromagna.it\/public\/er\/?s={search_term_string}"},"query-input":"required name=search_term_string"}],"inLanguage":"it-IT"},{"@type":"Organization","@id":"https:\/\/www.uilscuolaemiliaromagna.it\/public\/er\/#organization","name":"Uil Scuola Emilia Romagna","url":"https:\/\/www.uilscuolaemiliaromagna.it\/public\/er\/","logo":{"@type":"ImageObject","inLanguage":"it-IT","@id":"https:\/\/www.uilscuolaemiliaromagna.it\/public\/er\/#\/schema\/logo\/image\/","url":"https:\/\/www.uilscuolaemiliaromagna.it\/public\/er\/wp-content\/uploads\/2017\/04\/cropped-header.png","contentUrl":"https:\/\/www.uilscuolaemiliaromagna.it\/public\/er\/wp-content\/uploads\/2017\/04\/cropped-header.png","width":1000,"height":150,"caption":"Uil Scuola Emilia Romagna"},"image":{"@id":"https:\/\/www.uilscuolaemiliaromagna.it\/public\/er\/#\/schema\/logo\/image\/"}},{"@type":"Person","@id":"https:\/\/www.uilscuolaemiliaromagna.it\/public\/er\/#\/schema\/person\/f42878fd07a4b6ba2b7153d4fad5de5e","name":"admin","image":{"@type":"ImageObject","inLanguage":"it-IT","@id":"https:\/\/www.uilscuolaemiliaromagna.it\/public\/er\/#\/schema\/person\/image\/","url":"https:\/\/secure.gravatar.com\/avatar\/aebf815ae2f30ffdae8b8c247273d34c?s=96&d=mm&r=g","contentUrl":"https:\/\/secure.gravatar.com\/avatar\/aebf815ae2f30ffdae8b8c247273d34c?s=96&d=mm&r=g","caption":"admin"},"url":"https:\/\/www.uilscuolaemiliaromagna.it\/public\/er\/author\/admin\/"}]}},"views":145,"_links":{"self":[{"href":"https:\/\/www.uilscuolaemiliaromagna.it\/public\/er\/wp-json\/wp\/v2\/posts\/15777"}],"collection":[{"href":"https:\/\/www.uilscuolaemiliaromagna.it\/public\/er\/wp-json\/wp\/v2\/posts"}],"about":[{"href":"https:\/\/www.uilscuolaemiliaromagna.it\/public\/er\/wp-json\/wp\/v2\/types\/post"}],"author":[{"embeddable":true,"href":"https:\/\/www.uilscuolaemiliaromagna.it\/public\/er\/wp-json\/wp\/v2\/users\/1"}],"replies":[{"embeddable":true,"href":"https:\/\/www.uilscuolaemiliaromagna.it\/public\/er\/wp-json\/wp\/v2\/comments?post=15777"}],"version-history":[{"count":1,"href":"https:\/\/www.uilscuolaemiliaromagna.it\/public\/er\/wp-json\/wp\/v2\/posts\/15777\/revisions"}],"predecessor-version":[{"id":15779,"href":"https:\/\/www.uilscuolaemiliaromagna.it\/public\/er\/wp-json\/wp\/v2\/posts\/15777\/revisions\/15779"}],"wp:featuredmedia":[{"embeddable":true,"href":"https:\/\/www.uilscuolaemiliaromagna.it\/public\/er\/wp-json\/wp\/v2\/media\/15771"}],"wp:attachment":[{"href":"https:\/\/www.uilscuolaemiliaromagna.it\/public\/er\/wp-json\/wp\/v2\/media?parent=15777"}],"wp:term":[{"taxonomy":"category","embeddable":true,"href":"https:\/\/www.uilscuolaemiliaromagna.it\/public\/er\/wp-json\/wp\/v2\/categories?post=15777"},{"taxonomy":"post_tag","embeddable":true,"href":"https:\/\/www.uilscuolaemiliaromagna.it\/public\/er\/wp-json\/wp\/v2\/tags?post=15777"}],"curies":[{"name":"wp","href":"https:\/\/api.w.org\/{rel}","templated":true}]}}