{"id":15791,"date":"2026-01-23T17:01:55","date_gmt":"2026-01-23T16:01:55","guid":{"rendered":"https:\/\/www.uilscuolaemiliaromagna.it\/public\/er\/?p=15791"},"modified":"2026-01-23T17:01:55","modified_gmt":"2026-01-23T16:01:55","slug":"comunicato-stampa-scuola-sabato-24-gennaio-manifestazione-regionale-a-bologna-no-al-commissariamento-e-al-taglio-delle-autonomie-scolastiche-che-produce-un-danno-irreversibile-per-le-scuole-della","status":"publish","type":"post","link":"https:\/\/www.uilscuolaemiliaromagna.it\/public\/er\/2026\/01\/23\/comunicato-stampa-scuola-sabato-24-gennaio-manifestazione-regionale-a-bologna-no-al-commissariamento-e-al-taglio-delle-autonomie-scolastiche-che-produce-un-danno-irreversibile-per-le-scuole-della\/","title":{"rendered":"COMUNICATO STAMPA &#8211; Scuola: sabato 24 gennaio manifestazione regionale a Bologna. No al commissariamento e al taglio delle autonomie scolastiche che produce un danno irreversibile per le scuole della nostra regione"},"content":{"rendered":"<p style=\"text-align: justify;\">Bologna, 23 gennaio 2026<\/p>\n<h1 style=\"text-align: center;\"><span style=\"color: #ff0000;\">COMUNICATO STAMPA<\/span><\/h1>\n<h2 style=\"text-align: center;\">\n<span style=\"color: #0000ff;\">Scuola: sabato 24 gennaio manifestazione regionale a Bologna. No al commissariamento e al taglio delle autonomie scolastiche che produce un danno irreversibile per le scuole della nostra regione<\/span><\/h2>\n<p style=\"text-align: justify;\">Bologna, 23 gennaio 2026 \u2013 Per le Organizzazioni Sindacali regionali della scuola FLC CGIL, CISL Scuola, UIL Scuola RUA, Gilda UNAMS, SNALS CONFSAL, ANIEF, permangono tutte le condizioni per confermare della manifestazione di domani 24 gennaio.<br \/>\nLa decisione del Governo di imporre all\u2019Emilia Romagna il taglio di 17 istituzioni scolastiche e la nomina di un commissario ad acta per effettuarle, \u00e8 un atto grave che produrr\u00e0 danni irreversibili al sistema pubblico d\u2019istruzione, che svuota il ruolo della Regione e scarica sui territori scelte che incidono direttamente su comunit\u00e0 educanti, autonomie scolastiche e diritto allo studio.<\/p>\n<p style=\"text-align: justify;\">\nIl taglio di 17 autonomie che sar\u00e0 deciso dal commissario ad acta nominato designato dal governo, significher\u00e0 meno scuole, scuole pi\u00f9 grandi e pi\u00f9 difficili da governare, servizi meno accessibili, organizzazione pi\u00f9 fragile e un impatto particolarmente pesante sulle aree interne e montane e sui contesti pi\u00f9 delicati ma anche sul resto del territorio.<\/p>\n<p style=\"text-align: justify;\">\nL\u2019Emilia Romagna \u00e8 in equilibrio rispetto ai parametri imposti dalle norme, con una media di alunni per istituzione scolastica superiore al dato nazionale.<\/p>\n<p style=\"text-align: justify;\">\nGrave, iniqua, ingiusta e punitiva \u00e8 quindi la decisione di procedere con la razionalizzazione.<\/p>\n<p style=\"text-align: justify;\">\nIn queste settimane abbiamo promosso un percorso di iniziative e interlocuzioni istituzionali, coinvolto le comunit\u00e0 scolastiche, gli organi collegiali, incontrato il Prefetto, la Regione ed il Commissario ad acta, perch\u00e9 la scuola pubblica non \u00e8 un capitolo di contabilit\u00e0, ma un presidio sociale, democratico, costituzionale.<\/p>\n<p style=\"text-align: justify;\"><strong> La mobilitazione culminer\u00e0 con la manifestazione regionale di sabato 24 gennaio 2026 a Bologna, alla quale hanno confermato la presenza il Presidente della Regione Emilia Romagna Michele De Pascale, l\u2019Assessora regionale all\u2019istruzione Isabella Conti, amministratori locali, parlamentari e consiglieri regionali, rappresentanti dei consigli d\u2019Istituto.<\/strong><\/p>\n<p style=\"text-align: justify;\">\n<strong>Il ritrovo \u00e8 alle ore 10.30 in Piazza Roosevelt (Prefettura), corteo verso l\u2019USR Emilia Romagna e sit-in.<\/strong><\/p>\n<p style=\"text-align: justify;\">\nInvitiamo lavoratrici e lavoratori della scuola, famiglie, studenti, istituzioni e cittadinanza a partecipare per difendere la qualit\u00e0 dell\u2019offerta formativa e una rete di scuole pubbliche diffusa e vicina alle persone.<\/p>\n<p style=\"text-align: justify;\">\nMonica Ottaviani \u2013 FLC CGIL ER<br \/>\nLuca Battistelli \u2013 CISL SCUOLA ER<br \/>\nSerafino Veltri \u2013 UIL Scuola RUA ER<br \/>\nRosarita Cherubino \u2013 Gilda UNAMS ER<br \/>\nGianni Fontana \u2013 SNALS CONFSAL ER<br \/>\nFrancesco Clemente &#8211; ANIEF ER<\/p>\n<p>&nbsp;<\/p>\n<ul>\n<li>\n<h1><a href=\"https:\/\/www.uilscuolaemiliaromagna.it\/public\/er\/wp-content\/uploads\/2026\/01\/2025.12.22_Comunicato_Stampa_Manifestazione_24_gennaio-1.pdf\" target=\"_blank\" rel=\"noopener\">il comunicato stampa<\/a><\/h1>\n<\/li>\n<\/ul>\n<p>&nbsp;<\/p>\n\n<div class=\"twitter-share\"><a href=\"https:\/\/twitter.com\/intent\/tweet?via=UILScuolaBO_ER\" class=\"twitter-share-button\" data-size=\"large\">Tweet<\/a><\/div>\n","protected":false},"excerpt":{"rendered":"<p>Bologna, 23 gennaio 2026 COMUNICATO STAMPA Scuola: sabato 24 gennaio manifestazione regionale a Bologna. No al commissariamento e al taglio delle autonomie scolastiche che produce &hellip; <\/p>\n","protected":false},"author":1,"featured_media":15771,"comment_status":"closed","ping_status":"open","sticky":false,"template":"","format":"standard","meta":{"footnotes":""},"categories":[2,3,12,6],"tags":[],"yoast_head":"<!-- This site is optimized with the Yoast SEO plugin v21.7 - https:\/\/yoast.com\/wordpress\/plugins\/seo\/ -->\r\n<title>COMUNICATO STAMPA - Scuola: sabato 24 gennaio manifestazione regionale a Bologna. No al commissariamento e al taglio delle autonomie scolastiche che produce un danno irreversibile per le scuole della nostra regione - Uil Scuola Emilia Romagna<\/title>\r\n<meta name=\"robots\" content=\"index, follow, max-snippet:-1, max-image-preview:large, max-video-preview:-1\" \/>\r\n<link rel=\"canonical\" href=\"https:\/\/www.uilscuolaemiliaromagna.it\/public\/er\/2026\/01\/23\/comunicato-stampa-scuola-sabato-24-gennaio-manifestazione-regionale-a-bologna-no-al-commissariamento-e-al-taglio-delle-autonomie-scolastiche-che-produce-un-danno-irreversibile-per-le-scuole-della\/\" \/>\r\n<meta property=\"og:locale\" content=\"it_IT\" \/>\r\n<meta property=\"og:type\" content=\"article\" \/>\r\n<meta property=\"og:title\" content=\"COMUNICATO STAMPA - Scuola: sabato 24 gennaio manifestazione regionale a Bologna. No al commissariamento e al taglio delle autonomie scolastiche che produce un danno irreversibile per le scuole della nostra regione - Uil Scuola Emilia Romagna\" \/>\r\n<meta property=\"og:description\" content=\"Bologna, 23 gennaio 2026 COMUNICATO STAMPA Scuola: sabato 24 gennaio manifestazione regionale a Bologna. No al commissariamento e al taglio delle autonomie scolastiche che produce &hellip;\" \/>\r\n<meta property=\"og:url\" content=\"https:\/\/www.uilscuolaemiliaromagna.it\/public\/er\/2026\/01\/23\/comunicato-stampa-scuola-sabato-24-gennaio-manifestazione-regionale-a-bologna-no-al-commissariamento-e-al-taglio-delle-autonomie-scolastiche-che-produce-un-danno-irreversibile-per-le-scuole-della\/\" \/>\r\n<meta property=\"og:site_name\" content=\"Uil Scuola Emilia Romagna\" \/>\r\n<meta property=\"article:published_time\" content=\"2026-01-23T16:01:55+00:00\" \/>\r\n<meta property=\"og:image\" content=\"https:\/\/www.uilscuolaemiliaromagna.it\/public\/er\/wp-content\/uploads\/2026\/01\/IMG-20260119-WA0022.jpg\" \/>\r\n\t<meta property=\"og:image:width\" content=\"800\" \/>\r\n\t<meta property=\"og:image:height\" content=\"533\" \/>\r\n\t<meta property=\"og:image:type\" content=\"image\/jpeg\" \/>\r\n<meta name=\"author\" content=\"admin\" \/>\r\n<meta name=\"twitter:card\" content=\"summary_large_image\" \/>\r\n<meta name=\"twitter:label1\" content=\"Scritto da\" \/>\n\t<meta name=\"twitter:data1\" content=\"admin\" \/>\n\t<meta name=\"twitter:label2\" content=\"Tempo di lettura stimato\" \/>\n\t<meta name=\"twitter:data2\" content=\"3 minuti\" \/>\r\n<script type=\"application\/ld+json\" class=\"yoast-schema-graph\">{\"@context\":\"https:\/\/schema.org\",\"@graph\":[{\"@type\":\"Article\",\"@id\":\"https:\/\/www.uilscuolaemiliaromagna.it\/public\/er\/2026\/01\/23\/comunicato-stampa-scuola-sabato-24-gennaio-manifestazione-regionale-a-bologna-no-al-commissariamento-e-al-taglio-delle-autonomie-scolastiche-che-produce-un-danno-irreversibile-per-le-scuole-della\/#article\",\"isPartOf\":{\"@id\":\"https:\/\/www.uilscuolaemiliaromagna.it\/public\/er\/2026\/01\/23\/comunicato-stampa-scuola-sabato-24-gennaio-manifestazione-regionale-a-bologna-no-al-commissariamento-e-al-taglio-delle-autonomie-scolastiche-che-produce-un-danno-irreversibile-per-le-scuole-della\/\"},\"author\":{\"name\":\"admin\",\"@id\":\"https:\/\/www.uilscuolaemiliaromagna.it\/public\/er\/#\/schema\/person\/f42878fd07a4b6ba2b7153d4fad5de5e\"},\"headline\":\"COMUNICATO STAMPA &#8211; Scuola: sabato 24 gennaio manifestazione regionale a Bologna. No al commissariamento e al taglio delle autonomie scolastiche che produce un danno irreversibile per le scuole della nostra regione\",\"datePublished\":\"2026-01-23T16:01:55+00:00\",\"dateModified\":\"2026-01-23T16:01:55+00:00\",\"mainEntityOfPage\":{\"@id\":\"https:\/\/www.uilscuolaemiliaromagna.it\/public\/er\/2026\/01\/23\/comunicato-stampa-scuola-sabato-24-gennaio-manifestazione-regionale-a-bologna-no-al-commissariamento-e-al-taglio-delle-autonomie-scolastiche-che-produce-un-danno-irreversibile-per-le-scuole-della\/\"},\"wordCount\":413,\"publisher\":{\"@id\":\"https:\/\/www.uilscuolaemiliaromagna.it\/public\/er\/#organization\"},\"articleSection\":[\"ATA\",\"Dirigenti\",\"Notizie\",\"Personale Docente\"],\"inLanguage\":\"it-IT\"},{\"@type\":\"WebPage\",\"@id\":\"https:\/\/www.uilscuolaemiliaromagna.it\/public\/er\/2026\/01\/23\/comunicato-stampa-scuola-sabato-24-gennaio-manifestazione-regionale-a-bologna-no-al-commissariamento-e-al-taglio-delle-autonomie-scolastiche-che-produce-un-danno-irreversibile-per-le-scuole-della\/\",\"url\":\"https:\/\/www.uilscuolaemiliaromagna.it\/public\/er\/2026\/01\/23\/comunicato-stampa-scuola-sabato-24-gennaio-manifestazione-regionale-a-bologna-no-al-commissariamento-e-al-taglio-delle-autonomie-scolastiche-che-produce-un-danno-irreversibile-per-le-scuole-della\/\",\"name\":\"COMUNICATO STAMPA - Scuola: sabato 24 gennaio manifestazione regionale a Bologna. No al commissariamento e al taglio delle autonomie scolastiche che produce un danno irreversibile per le scuole della nostra regione - Uil Scuola Emilia Romagna\",\"isPartOf\":{\"@id\":\"https:\/\/www.uilscuolaemiliaromagna.it\/public\/er\/#website\"},\"datePublished\":\"2026-01-23T16:01:55+00:00\",\"dateModified\":\"2026-01-23T16:01:55+00:00\",\"breadcrumb\":{\"@id\":\"https:\/\/www.uilscuolaemiliaromagna.it\/public\/er\/2026\/01\/23\/comunicato-stampa-scuola-sabato-24-gennaio-manifestazione-regionale-a-bologna-no-al-commissariamento-e-al-taglio-delle-autonomie-scolastiche-che-produce-un-danno-irreversibile-per-le-scuole-della\/#breadcrumb\"},\"inLanguage\":\"it-IT\",\"potentialAction\":[{\"@type\":\"ReadAction\",\"target\":[\"https:\/\/www.uilscuolaemiliaromagna.it\/public\/er\/2026\/01\/23\/comunicato-stampa-scuola-sabato-24-gennaio-manifestazione-regionale-a-bologna-no-al-commissariamento-e-al-taglio-delle-autonomie-scolastiche-che-produce-un-danno-irreversibile-per-le-scuole-della\/\"]}]},{\"@type\":\"BreadcrumbList\",\"@id\":\"https:\/\/www.uilscuolaemiliaromagna.it\/public\/er\/2026\/01\/23\/comunicato-stampa-scuola-sabato-24-gennaio-manifestazione-regionale-a-bologna-no-al-commissariamento-e-al-taglio-delle-autonomie-scolastiche-che-produce-un-danno-irreversibile-per-le-scuole-della\/#breadcrumb\",\"itemListElement\":[{\"@type\":\"ListItem\",\"position\":1,\"name\":\"Home\",\"item\":\"https:\/\/www.uilscuolaemiliaromagna.it\/public\/er\/\"},{\"@type\":\"ListItem\",\"position\":2,\"name\":\"COMUNICATO STAMPA &#8211; Scuola: sabato 24 gennaio manifestazione regionale a Bologna. No al commissariamento e al taglio delle autonomie scolastiche che produce un danno irreversibile per le scuole della nostra regione\"}]},{\"@type\":\"WebSite\",\"@id\":\"https:\/\/www.uilscuolaemiliaromagna.it\/public\/er\/#website\",\"url\":\"https:\/\/www.uilscuolaemiliaromagna.it\/public\/er\/\",\"name\":\"Uil Scuola Emilia Romagna\",\"description\":\"La voce libera della scuola\",\"publisher\":{\"@id\":\"https:\/\/www.uilscuolaemiliaromagna.it\/public\/er\/#organization\"},\"potentialAction\":[{\"@type\":\"SearchAction\",\"target\":{\"@type\":\"EntryPoint\",\"urlTemplate\":\"https:\/\/www.uilscuolaemiliaromagna.it\/public\/er\/?s={search_term_string}\"},\"query-input\":\"required name=search_term_string\"}],\"inLanguage\":\"it-IT\"},{\"@type\":\"Organization\",\"@id\":\"https:\/\/www.uilscuolaemiliaromagna.it\/public\/er\/#organization\",\"name\":\"Uil Scuola Emilia Romagna\",\"url\":\"https:\/\/www.uilscuolaemiliaromagna.it\/public\/er\/\",\"logo\":{\"@type\":\"ImageObject\",\"inLanguage\":\"it-IT\",\"@id\":\"https:\/\/www.uilscuolaemiliaromagna.it\/public\/er\/#\/schema\/logo\/image\/\",\"url\":\"https:\/\/www.uilscuolaemiliaromagna.it\/public\/er\/wp-content\/uploads\/2017\/04\/cropped-header.png\",\"contentUrl\":\"https:\/\/www.uilscuolaemiliaromagna.it\/public\/er\/wp-content\/uploads\/2017\/04\/cropped-header.png\",\"width\":1000,\"height\":150,\"caption\":\"Uil Scuola Emilia Romagna\"},\"image\":{\"@id\":\"https:\/\/www.uilscuolaemiliaromagna.it\/public\/er\/#\/schema\/logo\/image\/\"}},{\"@type\":\"Person\",\"@id\":\"https:\/\/www.uilscuolaemiliaromagna.it\/public\/er\/#\/schema\/person\/f42878fd07a4b6ba2b7153d4fad5de5e\",\"name\":\"admin\",\"image\":{\"@type\":\"ImageObject\",\"inLanguage\":\"it-IT\",\"@id\":\"https:\/\/www.uilscuolaemiliaromagna.it\/public\/er\/#\/schema\/person\/image\/\",\"url\":\"https:\/\/secure.gravatar.com\/avatar\/aebf815ae2f30ffdae8b8c247273d34c?s=96&d=mm&r=g\",\"contentUrl\":\"https:\/\/secure.gravatar.com\/avatar\/aebf815ae2f30ffdae8b8c247273d34c?s=96&d=mm&r=g\",\"caption\":\"admin\"},\"url\":\"https:\/\/www.uilscuolaemiliaromagna.it\/public\/er\/author\/admin\/\"}]}<\/script>\r\n<!-- \/ Yoast SEO plugin. -->","yoast_head_json":{"title":"COMUNICATO STAMPA - Scuola: sabato 24 gennaio manifestazione regionale a Bologna. No al commissariamento e al taglio delle autonomie scolastiche che produce un danno irreversibile per le scuole della nostra regione - Uil Scuola Emilia Romagna","robots":{"index":"index","follow":"follow","max-snippet":"max-snippet:-1","max-image-preview":"max-image-preview:large","max-video-preview":"max-video-preview:-1"},"canonical":"https:\/\/www.uilscuolaemiliaromagna.it\/public\/er\/2026\/01\/23\/comunicato-stampa-scuola-sabato-24-gennaio-manifestazione-regionale-a-bologna-no-al-commissariamento-e-al-taglio-delle-autonomie-scolastiche-che-produce-un-danno-irreversibile-per-le-scuole-della\/","og_locale":"it_IT","og_type":"article","og_title":"COMUNICATO STAMPA - Scuola: sabato 24 gennaio manifestazione regionale a Bologna. No al commissariamento e al taglio delle autonomie scolastiche che produce un danno irreversibile per le scuole della nostra regione - Uil Scuola Emilia Romagna","og_description":"Bologna, 23 gennaio 2026 COMUNICATO STAMPA Scuola: sabato 24 gennaio manifestazione regionale a Bologna. No al commissariamento e al taglio delle autonomie scolastiche che produce &hellip;","og_url":"https:\/\/www.uilscuolaemiliaromagna.it\/public\/er\/2026\/01\/23\/comunicato-stampa-scuola-sabato-24-gennaio-manifestazione-regionale-a-bologna-no-al-commissariamento-e-al-taglio-delle-autonomie-scolastiche-che-produce-un-danno-irreversibile-per-le-scuole-della\/","og_site_name":"Uil Scuola Emilia Romagna","article_published_time":"2026-01-23T16:01:55+00:00","og_image":[{"width":800,"height":533,"url":"https:\/\/www.uilscuolaemiliaromagna.it\/public\/er\/wp-content\/uploads\/2026\/01\/IMG-20260119-WA0022.jpg","type":"image\/jpeg"}],"author":"admin","twitter_card":"summary_large_image","twitter_misc":{"Scritto da":"admin","Tempo di lettura stimato":"3 minuti"},"schema":{"@context":"https:\/\/schema.org","@graph":[{"@type":"Article","@id":"https:\/\/www.uilscuolaemiliaromagna.it\/public\/er\/2026\/01\/23\/comunicato-stampa-scuola-sabato-24-gennaio-manifestazione-regionale-a-bologna-no-al-commissariamento-e-al-taglio-delle-autonomie-scolastiche-che-produce-un-danno-irreversibile-per-le-scuole-della\/#article","isPartOf":{"@id":"https:\/\/www.uilscuolaemiliaromagna.it\/public\/er\/2026\/01\/23\/comunicato-stampa-scuola-sabato-24-gennaio-manifestazione-regionale-a-bologna-no-al-commissariamento-e-al-taglio-delle-autonomie-scolastiche-che-produce-un-danno-irreversibile-per-le-scuole-della\/"},"author":{"name":"admin","@id":"https:\/\/www.uilscuolaemiliaromagna.it\/public\/er\/#\/schema\/person\/f42878fd07a4b6ba2b7153d4fad5de5e"},"headline":"COMUNICATO STAMPA &#8211; Scuola: sabato 24 gennaio manifestazione regionale a Bologna. No al commissariamento e al taglio delle autonomie scolastiche che produce un danno irreversibile per le scuole della nostra regione","datePublished":"2026-01-23T16:01:55+00:00","dateModified":"2026-01-23T16:01:55+00:00","mainEntityOfPage":{"@id":"https:\/\/www.uilscuolaemiliaromagna.it\/public\/er\/2026\/01\/23\/comunicato-stampa-scuola-sabato-24-gennaio-manifestazione-regionale-a-bologna-no-al-commissariamento-e-al-taglio-delle-autonomie-scolastiche-che-produce-un-danno-irreversibile-per-le-scuole-della\/"},"wordCount":413,"publisher":{"@id":"https:\/\/www.uilscuolaemiliaromagna.it\/public\/er\/#organization"},"articleSection":["ATA","Dirigenti","Notizie","Personale Docente"],"inLanguage":"it-IT"},{"@type":"WebPage","@id":"https:\/\/www.uilscuolaemiliaromagna.it\/public\/er\/2026\/01\/23\/comunicato-stampa-scuola-sabato-24-gennaio-manifestazione-regionale-a-bologna-no-al-commissariamento-e-al-taglio-delle-autonomie-scolastiche-che-produce-un-danno-irreversibile-per-le-scuole-della\/","url":"https:\/\/www.uilscuolaemiliaromagna.it\/public\/er\/2026\/01\/23\/comunicato-stampa-scuola-sabato-24-gennaio-manifestazione-regionale-a-bologna-no-al-commissariamento-e-al-taglio-delle-autonomie-scolastiche-che-produce-un-danno-irreversibile-per-le-scuole-della\/","name":"COMUNICATO STAMPA - Scuola: sabato 24 gennaio manifestazione regionale a Bologna. No al commissariamento e al taglio delle autonomie scolastiche che produce un danno irreversibile per le scuole della nostra regione - Uil Scuola Emilia Romagna","isPartOf":{"@id":"https:\/\/www.uilscuolaemiliaromagna.it\/public\/er\/#website"},"datePublished":"2026-01-23T16:01:55+00:00","dateModified":"2026-01-23T16:01:55+00:00","breadcrumb":{"@id":"https:\/\/www.uilscuolaemiliaromagna.it\/public\/er\/2026\/01\/23\/comunicato-stampa-scuola-sabato-24-gennaio-manifestazione-regionale-a-bologna-no-al-commissariamento-e-al-taglio-delle-autonomie-scolastiche-che-produce-un-danno-irreversibile-per-le-scuole-della\/#breadcrumb"},"inLanguage":"it-IT","potentialAction":[{"@type":"ReadAction","target":["https:\/\/www.uilscuolaemiliaromagna.it\/public\/er\/2026\/01\/23\/comunicato-stampa-scuola-sabato-24-gennaio-manifestazione-regionale-a-bologna-no-al-commissariamento-e-al-taglio-delle-autonomie-scolastiche-che-produce-un-danno-irreversibile-per-le-scuole-della\/"]}]},{"@type":"BreadcrumbList","@id":"https:\/\/www.uilscuolaemiliaromagna.it\/public\/er\/2026\/01\/23\/comunicato-stampa-scuola-sabato-24-gennaio-manifestazione-regionale-a-bologna-no-al-commissariamento-e-al-taglio-delle-autonomie-scolastiche-che-produce-un-danno-irreversibile-per-le-scuole-della\/#breadcrumb","itemListElement":[{"@type":"ListItem","position":1,"name":"Home","item":"https:\/\/www.uilscuolaemiliaromagna.it\/public\/er\/"},{"@type":"ListItem","position":2,"name":"COMUNICATO STAMPA &#8211; Scuola: sabato 24 gennaio manifestazione regionale a Bologna. No al commissariamento e al taglio delle autonomie scolastiche che produce un danno irreversibile per le scuole della nostra regione"}]},{"@type":"WebSite","@id":"https:\/\/www.uilscuolaemiliaromagna.it\/public\/er\/#website","url":"https:\/\/www.uilscuolaemiliaromagna.it\/public\/er\/","name":"Uil Scuola Emilia Romagna","description":"La voce libera della scuola","publisher":{"@id":"https:\/\/www.uilscuolaemiliaromagna.it\/public\/er\/#organization"},"potentialAction":[{"@type":"SearchAction","target":{"@type":"EntryPoint","urlTemplate":"https:\/\/www.uilscuolaemiliaromagna.it\/public\/er\/?s={search_term_string}"},"query-input":"required name=search_term_string"}],"inLanguage":"it-IT"},{"@type":"Organization","@id":"https:\/\/www.uilscuolaemiliaromagna.it\/public\/er\/#organization","name":"Uil Scuola Emilia Romagna","url":"https:\/\/www.uilscuolaemiliaromagna.it\/public\/er\/","logo":{"@type":"ImageObject","inLanguage":"it-IT","@id":"https:\/\/www.uilscuolaemiliaromagna.it\/public\/er\/#\/schema\/logo\/image\/","url":"https:\/\/www.uilscuolaemiliaromagna.it\/public\/er\/wp-content\/uploads\/2017\/04\/cropped-header.png","contentUrl":"https:\/\/www.uilscuolaemiliaromagna.it\/public\/er\/wp-content\/uploads\/2017\/04\/cropped-header.png","width":1000,"height":150,"caption":"Uil Scuola Emilia Romagna"},"image":{"@id":"https:\/\/www.uilscuolaemiliaromagna.it\/public\/er\/#\/schema\/logo\/image\/"}},{"@type":"Person","@id":"https:\/\/www.uilscuolaemiliaromagna.it\/public\/er\/#\/schema\/person\/f42878fd07a4b6ba2b7153d4fad5de5e","name":"admin","image":{"@type":"ImageObject","inLanguage":"it-IT","@id":"https:\/\/www.uilscuolaemiliaromagna.it\/public\/er\/#\/schema\/person\/image\/","url":"https:\/\/secure.gravatar.com\/avatar\/aebf815ae2f30ffdae8b8c247273d34c?s=96&d=mm&r=g","contentUrl":"https:\/\/secure.gravatar.com\/avatar\/aebf815ae2f30ffdae8b8c247273d34c?s=96&d=mm&r=g","caption":"admin"},"url":"https:\/\/www.uilscuolaemiliaromagna.it\/public\/er\/author\/admin\/"}]}},"views":176,"_links":{"self":[{"href":"https:\/\/www.uilscuolaemiliaromagna.it\/public\/er\/wp-json\/wp\/v2\/posts\/15791"}],"collection":[{"href":"https:\/\/www.uilscuolaemiliaromagna.it\/public\/er\/wp-json\/wp\/v2\/posts"}],"about":[{"href":"https:\/\/www.uilscuolaemiliaromagna.it\/public\/er\/wp-json\/wp\/v2\/types\/post"}],"author":[{"embeddable":true,"href":"https:\/\/www.uilscuolaemiliaromagna.it\/public\/er\/wp-json\/wp\/v2\/users\/1"}],"replies":[{"embeddable":true,"href":"https:\/\/www.uilscuolaemiliaromagna.it\/public\/er\/wp-json\/wp\/v2\/comments?post=15791"}],"version-history":[{"count":1,"href":"https:\/\/www.uilscuolaemiliaromagna.it\/public\/er\/wp-json\/wp\/v2\/posts\/15791\/revisions"}],"predecessor-version":[{"id":15793,"href":"https:\/\/www.uilscuolaemiliaromagna.it\/public\/er\/wp-json\/wp\/v2\/posts\/15791\/revisions\/15793"}],"wp:featuredmedia":[{"embeddable":true,"href":"https:\/\/www.uilscuolaemiliaromagna.it\/public\/er\/wp-json\/wp\/v2\/media\/15771"}],"wp:attachment":[{"href":"https:\/\/www.uilscuolaemiliaromagna.it\/public\/er\/wp-json\/wp\/v2\/media?parent=15791"}],"wp:term":[{"taxonomy":"category","embeddable":true,"href":"https:\/\/www.uilscuolaemiliaromagna.it\/public\/er\/wp-json\/wp\/v2\/categories?post=15791"},{"taxonomy":"post_tag","embeddable":true,"href":"https:\/\/www.uilscuolaemiliaromagna.it\/public\/er\/wp-json\/wp\/v2\/tags?post=15791"}],"curies":[{"name":"wp","href":"https:\/\/api.w.org\/{rel}","templated":true}]}}