{"id":15809,"date":"2026-01-28T17:32:00","date_gmt":"2026-01-28T16:32:00","guid":{"rendered":"https:\/\/www.uilscuolaemiliaromagna.it\/public\/er\/?p=15809"},"modified":"2026-01-28T17:32:52","modified_gmt":"2026-01-28T16:32:52","slug":"comunicato-stampa-scuola-pubblicato-il-decreto-del-commissario-ad-acta-sul-dimensionamento-oo-ss-atto-unilaterale-e-ingiustificato-si-fermi-il-taglio-di-17-autonomie-in-emilia-romagna","status":"publish","type":"post","link":"https:\/\/www.uilscuolaemiliaromagna.it\/public\/er\/2026\/01\/28\/comunicato-stampa-scuola-pubblicato-il-decreto-del-commissario-ad-acta-sul-dimensionamento-oo-ss-atto-unilaterale-e-ingiustificato-si-fermi-il-taglio-di-17-autonomie-in-emilia-romagna\/","title":{"rendered":"COMUNICATO STAMPA &#8211; Scuola: pubblicato il decreto del Commissario ad acta sul dimensionamento. OO.SS.: atto unilaterale e ingiustificato. Si fermi il taglio di 17 autonomie in Emilia Romagna"},"content":{"rendered":"<h1 style=\"text-align: center;\"><span style=\"color: #ff0000;\">COMUNICATO STAMPA<\/span><\/h1>\n<h2 style=\"text-align: center;\"><span style=\"color: #0000ff;\">Scuola: pubblicato il decreto del Commissario ad acta sul dimensionamento. OO.SS.: atto unilaterale e ingiustificato. Si fermi il taglio di 17 autonomie in Emilia Romagna<\/span><\/h2>\n<p>&nbsp;<\/p>\n<p style=\"text-align: justify;\">Bologna, <strong>28 gennaio 2026<\/strong> \u2013 Oggi il Commissario ad acta <strong>Di Palma<\/strong> ha pubblicato il <strong>decreto<\/strong> relativo al dimensionamento della rete scolastica dell\u2019Emilia Romagna, indicando le istituzioni scolastiche coinvolte dall\u2019operazione di chiusura e relativo accorpamento e riduzione di <strong>17 autonomie<\/strong>. Un atto che arriva senza un confronto reale e dopo settimane in cui, a fronte delle nostre richieste, non sono stati forniti elementi concreti su criteri, tempistiche e perimetro dell\u2019intervento.<\/p>\n<p style=\"text-align: justify;\">Le Organizzazioni Sindacali regionali della scuola <strong>FLC CGIL, CISL Scuola, UIL Scuola RUA, Gilda UNAMS, SNALS CONFSAL e ANIEF<\/strong> ribadiscono la propria posizione di netta contrariet\u00e0.<\/p>\n<p style=\"text-align: justify;\">Con la pubblicazione del decreto, che investe tutte le province della regione e non risparmia nessuno, si aprono scenari pesanti nei territori. La conseguenza immediata \u00e8 quella di istituzioni scolastiche eccessivamente grandi anche con sedi a scavalco su pi\u00f9 comuni, segreterie e servizi amministrativi ulteriormente sotto pressione, riduzione dell&#8217;occupazione, e della capacit\u00e0 organizzativa delle comunit\u00e0 educanti che vedranno il coinvolgimento del personale della scuola, di studenti, famiglie e comuni, con criticit\u00e0 territoriali. Inaccettabile poi \u00e8 il taglio previsto per il personale ATA che porter\u00e0 conseguenze alla sicurezza all&#8217;interno degli istituti.<br \/>\nL&#8217;operazione di taglio si \u00e8 abbattuta esclusivamente sugli istituti del primo ciclo (infanzia, primaria e scuola media) con aggregazioni e accorpamenti che hanno generato istituzioni scolastiche \u201cmonstre\u201d che oscillano tra i 1000 e i 1800 alunni.<br \/>\nDi seguito l&#8217;elenco dei tagli: Piacenza -1; Parma -2; Reggio Emilia -2; Modena -2; Bologna -3; Ferrara -2; Ravenna -1; Forl\u00ec Cesena -3; Rimini -1.<br \/>\nUna decisione &#8211; lo rimarchiamo -, presa senza alcun confronto e senza nessuna chiarezza su criteri e dati utilizzati in un contesto regionale con i numeri in ordine, a cui si aggiunge l\u2019opacit\u00e0 del Ministero che ha imposto il taglio all\u2019Emilia Romagna senza fornire spiegazioni per la chiusura delle 17 autonomie.<br \/>\nPer queste ragioni chiediamo la sospensione degli effetti del decreto, che riteniamo grave e dannoso per l\u2019offerta formativa e per l\u2019organizzazione gi\u00e0 di suo complessa del servizio scolastico nei territori. Si rende necessario mantenere alta l\u2019attenzione attraverso la continua interlocuzione con Regione, enti locali e comunit\u00e0 scolastiche, per monitorare gli effetti delle ricadute di tale decisione iniqua e sbagliata, attraverso l\u2019attivazione di misure a supporto degli organici, del diritto allo studio e dell\u2019organizzazione complessiva.<\/p>\n<p style=\"text-align: justify;\">Auspichiamo altres\u00ec l\u2019impegno di tutte le parti politiche ad intervenire a livello parlamentare per modificare una scelta ingiusta e dannosa, operata nei confronti della scuola della nostra regione.<\/p>\n<p style=\"text-align: justify;\">Le Organizzazioni Sindacali regionali della scuola <strong>FLC CGIL, CISL Scuola, UIL Scuola RUA, Gilda UNAMS, SNALS CONFSAL e ANIEF<\/strong>, continueranno tenacemente a vigilare e ad al fianco della comunit\u00e0 educante e delle rappresentanze istituzionali nella battaglia a difesa del sistema d\u2019istruzione pubblico.<\/p>\n<p style=\"text-align: justify;\">Monica Ottaviani \u2013 FLC CGIL ER<\/p>\n<p style=\"text-align: justify;\">Luca Battistelli \u2013 CISL SCUOLA ER<\/p>\n<p style=\"text-align: justify;\">Serafino Veltri \u2013 UIL Scuola RUA ER<\/p>\n<p style=\"text-align: justify;\">Rosarita Cherubino \u2013 Gilda UNAMS ER<\/p>\n<p style=\"text-align: justify;\">Gianni Fontana \u2013 SNALS CONFSAL ER<\/p>\n<p style=\"text-align: justify;\">Francesco Clemente &#8211; ANIEF ER<\/p>\n<ul>\n<li>\n<h1><a href=\"https:\/\/www.uilscuolaemiliaromagna.it\/public\/er\/wp-content\/uploads\/2026\/01\/2025.01.27_Comunicato_Stampa_Decreto_Accorpamenti.pdf\" target=\"_blank\" rel=\"noopener\">IL COMUNICATO STAMPA<\/a><\/h1>\n<\/li>\n<li>\n<h1><a href=\"https:\/\/www.uilscuolaemiliaromagna.it\/public\/er\/wp-content\/uploads\/2026\/01\/m_pi.AOODRER.REGISTRO-UFFICIALEU.0003169.27-01-2026.pdf\" target=\"_blank\" rel=\"noopener\">Il Decreto del Commissario ad acta<\/a><\/h1>\n<\/li>\n<\/ul>\n\n<div class=\"twitter-share\"><a href=\"https:\/\/twitter.com\/intent\/tweet?via=UILScuolaBO_ER\" class=\"twitter-share-button\" data-size=\"large\">Tweet<\/a><\/div>\n","protected":false},"excerpt":{"rendered":"<p>COMUNICATO STAMPA Scuola: pubblicato il decreto del Commissario ad acta sul dimensionamento. OO.SS.: atto unilaterale e ingiustificato. Si fermi il taglio di 17 autonomie in &hellip; <\/p>\n","protected":false},"author":1,"featured_media":15771,"comment_status":"closed","ping_status":"open","sticky":false,"template":"","format":"standard","meta":{"footnotes":""},"categories":[2,3,12,6],"tags":[],"yoast_head":"<!-- This site is optimized with the Yoast SEO plugin v21.7 - https:\/\/yoast.com\/wordpress\/plugins\/seo\/ -->\r\n<title>COMUNICATO STAMPA - Scuola: pubblicato il decreto del Commissario ad acta sul dimensionamento. OO.SS.: atto unilaterale e ingiustificato. Si fermi il taglio di 17 autonomie in Emilia Romagna - Uil Scuola Emilia Romagna<\/title>\r\n<meta name=\"robots\" content=\"index, follow, max-snippet:-1, max-image-preview:large, max-video-preview:-1\" \/>\r\n<link rel=\"canonical\" href=\"https:\/\/www.uilscuolaemiliaromagna.it\/public\/er\/2026\/01\/28\/comunicato-stampa-scuola-pubblicato-il-decreto-del-commissario-ad-acta-sul-dimensionamento-oo-ss-atto-unilaterale-e-ingiustificato-si-fermi-il-taglio-di-17-autonomie-in-emilia-romagna\/\" \/>\r\n<meta property=\"og:locale\" content=\"it_IT\" \/>\r\n<meta property=\"og:type\" content=\"article\" \/>\r\n<meta property=\"og:title\" content=\"COMUNICATO STAMPA - Scuola: pubblicato il decreto del Commissario ad acta sul dimensionamento. OO.SS.: atto unilaterale e ingiustificato. Si fermi il taglio di 17 autonomie in Emilia Romagna - Uil Scuola Emilia Romagna\" \/>\r\n<meta property=\"og:description\" content=\"COMUNICATO STAMPA Scuola: pubblicato il decreto del Commissario ad acta sul dimensionamento. OO.SS.: atto unilaterale e ingiustificato. Si fermi il taglio di 17 autonomie in &hellip;\" \/>\r\n<meta property=\"og:url\" content=\"https:\/\/www.uilscuolaemiliaromagna.it\/public\/er\/2026\/01\/28\/comunicato-stampa-scuola-pubblicato-il-decreto-del-commissario-ad-acta-sul-dimensionamento-oo-ss-atto-unilaterale-e-ingiustificato-si-fermi-il-taglio-di-17-autonomie-in-emilia-romagna\/\" \/>\r\n<meta property=\"og:site_name\" content=\"Uil Scuola Emilia Romagna\" \/>\r\n<meta property=\"article:published_time\" content=\"2026-01-28T16:32:00+00:00\" \/>\r\n<meta property=\"article:modified_time\" content=\"2026-01-28T16:32:52+00:00\" \/>\r\n<meta property=\"og:image\" content=\"https:\/\/www.uilscuolaemiliaromagna.it\/public\/er\/wp-content\/uploads\/2026\/01\/IMG-20260119-WA0022.jpg\" \/>\r\n\t<meta property=\"og:image:width\" content=\"800\" \/>\r\n\t<meta property=\"og:image:height\" content=\"533\" \/>\r\n\t<meta property=\"og:image:type\" content=\"image\/jpeg\" \/>\r\n<meta name=\"author\" content=\"admin\" \/>\r\n<meta name=\"twitter:card\" content=\"summary_large_image\" \/>\r\n<meta name=\"twitter:label1\" content=\"Scritto da\" \/>\n\t<meta name=\"twitter:data1\" content=\"admin\" \/>\n\t<meta name=\"twitter:label2\" content=\"Tempo di lettura stimato\" \/>\n\t<meta name=\"twitter:data2\" content=\"3 minuti\" \/>\r\n<script type=\"application\/ld+json\" class=\"yoast-schema-graph\">{\"@context\":\"https:\/\/schema.org\",\"@graph\":[{\"@type\":\"Article\",\"@id\":\"https:\/\/www.uilscuolaemiliaromagna.it\/public\/er\/2026\/01\/28\/comunicato-stampa-scuola-pubblicato-il-decreto-del-commissario-ad-acta-sul-dimensionamento-oo-ss-atto-unilaterale-e-ingiustificato-si-fermi-il-taglio-di-17-autonomie-in-emilia-romagna\/#article\",\"isPartOf\":{\"@id\":\"https:\/\/www.uilscuolaemiliaromagna.it\/public\/er\/2026\/01\/28\/comunicato-stampa-scuola-pubblicato-il-decreto-del-commissario-ad-acta-sul-dimensionamento-oo-ss-atto-unilaterale-e-ingiustificato-si-fermi-il-taglio-di-17-autonomie-in-emilia-romagna\/\"},\"author\":{\"name\":\"admin\",\"@id\":\"https:\/\/www.uilscuolaemiliaromagna.it\/public\/er\/#\/schema\/person\/f42878fd07a4b6ba2b7153d4fad5de5e\"},\"headline\":\"COMUNICATO STAMPA &#8211; Scuola: pubblicato il decreto del Commissario ad acta sul dimensionamento. OO.SS.: atto unilaterale e ingiustificato. Si fermi il taglio di 17 autonomie in Emilia Romagna\",\"datePublished\":\"2026-01-28T16:32:00+00:00\",\"dateModified\":\"2026-01-28T16:32:52+00:00\",\"mainEntityOfPage\":{\"@id\":\"https:\/\/www.uilscuolaemiliaromagna.it\/public\/er\/2026\/01\/28\/comunicato-stampa-scuola-pubblicato-il-decreto-del-commissario-ad-acta-sul-dimensionamento-oo-ss-atto-unilaterale-e-ingiustificato-si-fermi-il-taglio-di-17-autonomie-in-emilia-romagna\/\"},\"wordCount\":540,\"publisher\":{\"@id\":\"https:\/\/www.uilscuolaemiliaromagna.it\/public\/er\/#organization\"},\"articleSection\":[\"ATA\",\"Dirigenti\",\"Notizie\",\"Personale Docente\"],\"inLanguage\":\"it-IT\"},{\"@type\":\"WebPage\",\"@id\":\"https:\/\/www.uilscuolaemiliaromagna.it\/public\/er\/2026\/01\/28\/comunicato-stampa-scuola-pubblicato-il-decreto-del-commissario-ad-acta-sul-dimensionamento-oo-ss-atto-unilaterale-e-ingiustificato-si-fermi-il-taglio-di-17-autonomie-in-emilia-romagna\/\",\"url\":\"https:\/\/www.uilscuolaemiliaromagna.it\/public\/er\/2026\/01\/28\/comunicato-stampa-scuola-pubblicato-il-decreto-del-commissario-ad-acta-sul-dimensionamento-oo-ss-atto-unilaterale-e-ingiustificato-si-fermi-il-taglio-di-17-autonomie-in-emilia-romagna\/\",\"name\":\"COMUNICATO STAMPA - Scuola: pubblicato il decreto del Commissario ad acta sul dimensionamento. OO.SS.: atto unilaterale e ingiustificato. Si fermi il taglio di 17 autonomie in Emilia Romagna - Uil Scuola Emilia Romagna\",\"isPartOf\":{\"@id\":\"https:\/\/www.uilscuolaemiliaromagna.it\/public\/er\/#website\"},\"datePublished\":\"2026-01-28T16:32:00+00:00\",\"dateModified\":\"2026-01-28T16:32:52+00:00\",\"breadcrumb\":{\"@id\":\"https:\/\/www.uilscuolaemiliaromagna.it\/public\/er\/2026\/01\/28\/comunicato-stampa-scuola-pubblicato-il-decreto-del-commissario-ad-acta-sul-dimensionamento-oo-ss-atto-unilaterale-e-ingiustificato-si-fermi-il-taglio-di-17-autonomie-in-emilia-romagna\/#breadcrumb\"},\"inLanguage\":\"it-IT\",\"potentialAction\":[{\"@type\":\"ReadAction\",\"target\":[\"https:\/\/www.uilscuolaemiliaromagna.it\/public\/er\/2026\/01\/28\/comunicato-stampa-scuola-pubblicato-il-decreto-del-commissario-ad-acta-sul-dimensionamento-oo-ss-atto-unilaterale-e-ingiustificato-si-fermi-il-taglio-di-17-autonomie-in-emilia-romagna\/\"]}]},{\"@type\":\"BreadcrumbList\",\"@id\":\"https:\/\/www.uilscuolaemiliaromagna.it\/public\/er\/2026\/01\/28\/comunicato-stampa-scuola-pubblicato-il-decreto-del-commissario-ad-acta-sul-dimensionamento-oo-ss-atto-unilaterale-e-ingiustificato-si-fermi-il-taglio-di-17-autonomie-in-emilia-romagna\/#breadcrumb\",\"itemListElement\":[{\"@type\":\"ListItem\",\"position\":1,\"name\":\"Home\",\"item\":\"https:\/\/www.uilscuolaemiliaromagna.it\/public\/er\/\"},{\"@type\":\"ListItem\",\"position\":2,\"name\":\"COMUNICATO STAMPA &#8211; Scuola: pubblicato il decreto del Commissario ad acta sul dimensionamento. OO.SS.: atto unilaterale e ingiustificato. Si fermi il taglio di 17 autonomie in Emilia Romagna\"}]},{\"@type\":\"WebSite\",\"@id\":\"https:\/\/www.uilscuolaemiliaromagna.it\/public\/er\/#website\",\"url\":\"https:\/\/www.uilscuolaemiliaromagna.it\/public\/er\/\",\"name\":\"Uil Scuola Emilia Romagna\",\"description\":\"La voce libera della scuola\",\"publisher\":{\"@id\":\"https:\/\/www.uilscuolaemiliaromagna.it\/public\/er\/#organization\"},\"potentialAction\":[{\"@type\":\"SearchAction\",\"target\":{\"@type\":\"EntryPoint\",\"urlTemplate\":\"https:\/\/www.uilscuolaemiliaromagna.it\/public\/er\/?s={search_term_string}\"},\"query-input\":\"required name=search_term_string\"}],\"inLanguage\":\"it-IT\"},{\"@type\":\"Organization\",\"@id\":\"https:\/\/www.uilscuolaemiliaromagna.it\/public\/er\/#organization\",\"name\":\"Uil Scuola Emilia Romagna\",\"url\":\"https:\/\/www.uilscuolaemiliaromagna.it\/public\/er\/\",\"logo\":{\"@type\":\"ImageObject\",\"inLanguage\":\"it-IT\",\"@id\":\"https:\/\/www.uilscuolaemiliaromagna.it\/public\/er\/#\/schema\/logo\/image\/\",\"url\":\"https:\/\/www.uilscuolaemiliaromagna.it\/public\/er\/wp-content\/uploads\/2017\/04\/cropped-header.png\",\"contentUrl\":\"https:\/\/www.uilscuolaemiliaromagna.it\/public\/er\/wp-content\/uploads\/2017\/04\/cropped-header.png\",\"width\":1000,\"height\":150,\"caption\":\"Uil Scuola Emilia Romagna\"},\"image\":{\"@id\":\"https:\/\/www.uilscuolaemiliaromagna.it\/public\/er\/#\/schema\/logo\/image\/\"}},{\"@type\":\"Person\",\"@id\":\"https:\/\/www.uilscuolaemiliaromagna.it\/public\/er\/#\/schema\/person\/f42878fd07a4b6ba2b7153d4fad5de5e\",\"name\":\"admin\",\"image\":{\"@type\":\"ImageObject\",\"inLanguage\":\"it-IT\",\"@id\":\"https:\/\/www.uilscuolaemiliaromagna.it\/public\/er\/#\/schema\/person\/image\/\",\"url\":\"https:\/\/secure.gravatar.com\/avatar\/aebf815ae2f30ffdae8b8c247273d34c?s=96&d=mm&r=g\",\"contentUrl\":\"https:\/\/secure.gravatar.com\/avatar\/aebf815ae2f30ffdae8b8c247273d34c?s=96&d=mm&r=g\",\"caption\":\"admin\"},\"url\":\"https:\/\/www.uilscuolaemiliaromagna.it\/public\/er\/author\/admin\/\"}]}<\/script>\r\n<!-- \/ Yoast SEO plugin. -->","yoast_head_json":{"title":"COMUNICATO STAMPA - Scuola: pubblicato il decreto del Commissario ad acta sul dimensionamento. OO.SS.: atto unilaterale e ingiustificato. Si fermi il taglio di 17 autonomie in Emilia Romagna - Uil Scuola Emilia Romagna","robots":{"index":"index","follow":"follow","max-snippet":"max-snippet:-1","max-image-preview":"max-image-preview:large","max-video-preview":"max-video-preview:-1"},"canonical":"https:\/\/www.uilscuolaemiliaromagna.it\/public\/er\/2026\/01\/28\/comunicato-stampa-scuola-pubblicato-il-decreto-del-commissario-ad-acta-sul-dimensionamento-oo-ss-atto-unilaterale-e-ingiustificato-si-fermi-il-taglio-di-17-autonomie-in-emilia-romagna\/","og_locale":"it_IT","og_type":"article","og_title":"COMUNICATO STAMPA - Scuola: pubblicato il decreto del Commissario ad acta sul dimensionamento. OO.SS.: atto unilaterale e ingiustificato. Si fermi il taglio di 17 autonomie in Emilia Romagna - Uil Scuola Emilia Romagna","og_description":"COMUNICATO STAMPA Scuola: pubblicato il decreto del Commissario ad acta sul dimensionamento. OO.SS.: atto unilaterale e ingiustificato. Si fermi il taglio di 17 autonomie in &hellip;","og_url":"https:\/\/www.uilscuolaemiliaromagna.it\/public\/er\/2026\/01\/28\/comunicato-stampa-scuola-pubblicato-il-decreto-del-commissario-ad-acta-sul-dimensionamento-oo-ss-atto-unilaterale-e-ingiustificato-si-fermi-il-taglio-di-17-autonomie-in-emilia-romagna\/","og_site_name":"Uil Scuola Emilia Romagna","article_published_time":"2026-01-28T16:32:00+00:00","article_modified_time":"2026-01-28T16:32:52+00:00","og_image":[{"width":800,"height":533,"url":"https:\/\/www.uilscuolaemiliaromagna.it\/public\/er\/wp-content\/uploads\/2026\/01\/IMG-20260119-WA0022.jpg","type":"image\/jpeg"}],"author":"admin","twitter_card":"summary_large_image","twitter_misc":{"Scritto da":"admin","Tempo di lettura stimato":"3 minuti"},"schema":{"@context":"https:\/\/schema.org","@graph":[{"@type":"Article","@id":"https:\/\/www.uilscuolaemiliaromagna.it\/public\/er\/2026\/01\/28\/comunicato-stampa-scuola-pubblicato-il-decreto-del-commissario-ad-acta-sul-dimensionamento-oo-ss-atto-unilaterale-e-ingiustificato-si-fermi-il-taglio-di-17-autonomie-in-emilia-romagna\/#article","isPartOf":{"@id":"https:\/\/www.uilscuolaemiliaromagna.it\/public\/er\/2026\/01\/28\/comunicato-stampa-scuola-pubblicato-il-decreto-del-commissario-ad-acta-sul-dimensionamento-oo-ss-atto-unilaterale-e-ingiustificato-si-fermi-il-taglio-di-17-autonomie-in-emilia-romagna\/"},"author":{"name":"admin","@id":"https:\/\/www.uilscuolaemiliaromagna.it\/public\/er\/#\/schema\/person\/f42878fd07a4b6ba2b7153d4fad5de5e"},"headline":"COMUNICATO STAMPA &#8211; Scuola: pubblicato il decreto del Commissario ad acta sul dimensionamento. OO.SS.: atto unilaterale e ingiustificato. Si fermi il taglio di 17 autonomie in Emilia Romagna","datePublished":"2026-01-28T16:32:00+00:00","dateModified":"2026-01-28T16:32:52+00:00","mainEntityOfPage":{"@id":"https:\/\/www.uilscuolaemiliaromagna.it\/public\/er\/2026\/01\/28\/comunicato-stampa-scuola-pubblicato-il-decreto-del-commissario-ad-acta-sul-dimensionamento-oo-ss-atto-unilaterale-e-ingiustificato-si-fermi-il-taglio-di-17-autonomie-in-emilia-romagna\/"},"wordCount":540,"publisher":{"@id":"https:\/\/www.uilscuolaemiliaromagna.it\/public\/er\/#organization"},"articleSection":["ATA","Dirigenti","Notizie","Personale Docente"],"inLanguage":"it-IT"},{"@type":"WebPage","@id":"https:\/\/www.uilscuolaemiliaromagna.it\/public\/er\/2026\/01\/28\/comunicato-stampa-scuola-pubblicato-il-decreto-del-commissario-ad-acta-sul-dimensionamento-oo-ss-atto-unilaterale-e-ingiustificato-si-fermi-il-taglio-di-17-autonomie-in-emilia-romagna\/","url":"https:\/\/www.uilscuolaemiliaromagna.it\/public\/er\/2026\/01\/28\/comunicato-stampa-scuola-pubblicato-il-decreto-del-commissario-ad-acta-sul-dimensionamento-oo-ss-atto-unilaterale-e-ingiustificato-si-fermi-il-taglio-di-17-autonomie-in-emilia-romagna\/","name":"COMUNICATO STAMPA - Scuola: pubblicato il decreto del Commissario ad acta sul dimensionamento. OO.SS.: atto unilaterale e ingiustificato. Si fermi il taglio di 17 autonomie in Emilia Romagna - Uil Scuola Emilia Romagna","isPartOf":{"@id":"https:\/\/www.uilscuolaemiliaromagna.it\/public\/er\/#website"},"datePublished":"2026-01-28T16:32:00+00:00","dateModified":"2026-01-28T16:32:52+00:00","breadcrumb":{"@id":"https:\/\/www.uilscuolaemiliaromagna.it\/public\/er\/2026\/01\/28\/comunicato-stampa-scuola-pubblicato-il-decreto-del-commissario-ad-acta-sul-dimensionamento-oo-ss-atto-unilaterale-e-ingiustificato-si-fermi-il-taglio-di-17-autonomie-in-emilia-romagna\/#breadcrumb"},"inLanguage":"it-IT","potentialAction":[{"@type":"ReadAction","target":["https:\/\/www.uilscuolaemiliaromagna.it\/public\/er\/2026\/01\/28\/comunicato-stampa-scuola-pubblicato-il-decreto-del-commissario-ad-acta-sul-dimensionamento-oo-ss-atto-unilaterale-e-ingiustificato-si-fermi-il-taglio-di-17-autonomie-in-emilia-romagna\/"]}]},{"@type":"BreadcrumbList","@id":"https:\/\/www.uilscuolaemiliaromagna.it\/public\/er\/2026\/01\/28\/comunicato-stampa-scuola-pubblicato-il-decreto-del-commissario-ad-acta-sul-dimensionamento-oo-ss-atto-unilaterale-e-ingiustificato-si-fermi-il-taglio-di-17-autonomie-in-emilia-romagna\/#breadcrumb","itemListElement":[{"@type":"ListItem","position":1,"name":"Home","item":"https:\/\/www.uilscuolaemiliaromagna.it\/public\/er\/"},{"@type":"ListItem","position":2,"name":"COMUNICATO STAMPA &#8211; Scuola: pubblicato il decreto del Commissario ad acta sul dimensionamento. OO.SS.: atto unilaterale e ingiustificato. Si fermi il taglio di 17 autonomie in Emilia Romagna"}]},{"@type":"WebSite","@id":"https:\/\/www.uilscuolaemiliaromagna.it\/public\/er\/#website","url":"https:\/\/www.uilscuolaemiliaromagna.it\/public\/er\/","name":"Uil Scuola Emilia Romagna","description":"La voce libera della scuola","publisher":{"@id":"https:\/\/www.uilscuolaemiliaromagna.it\/public\/er\/#organization"},"potentialAction":[{"@type":"SearchAction","target":{"@type":"EntryPoint","urlTemplate":"https:\/\/www.uilscuolaemiliaromagna.it\/public\/er\/?s={search_term_string}"},"query-input":"required name=search_term_string"}],"inLanguage":"it-IT"},{"@type":"Organization","@id":"https:\/\/www.uilscuolaemiliaromagna.it\/public\/er\/#organization","name":"Uil Scuola Emilia Romagna","url":"https:\/\/www.uilscuolaemiliaromagna.it\/public\/er\/","logo":{"@type":"ImageObject","inLanguage":"it-IT","@id":"https:\/\/www.uilscuolaemiliaromagna.it\/public\/er\/#\/schema\/logo\/image\/","url":"https:\/\/www.uilscuolaemiliaromagna.it\/public\/er\/wp-content\/uploads\/2017\/04\/cropped-header.png","contentUrl":"https:\/\/www.uilscuolaemiliaromagna.it\/public\/er\/wp-content\/uploads\/2017\/04\/cropped-header.png","width":1000,"height":150,"caption":"Uil Scuola Emilia Romagna"},"image":{"@id":"https:\/\/www.uilscuolaemiliaromagna.it\/public\/er\/#\/schema\/logo\/image\/"}},{"@type":"Person","@id":"https:\/\/www.uilscuolaemiliaromagna.it\/public\/er\/#\/schema\/person\/f42878fd07a4b6ba2b7153d4fad5de5e","name":"admin","image":{"@type":"ImageObject","inLanguage":"it-IT","@id":"https:\/\/www.uilscuolaemiliaromagna.it\/public\/er\/#\/schema\/person\/image\/","url":"https:\/\/secure.gravatar.com\/avatar\/aebf815ae2f30ffdae8b8c247273d34c?s=96&d=mm&r=g","contentUrl":"https:\/\/secure.gravatar.com\/avatar\/aebf815ae2f30ffdae8b8c247273d34c?s=96&d=mm&r=g","caption":"admin"},"url":"https:\/\/www.uilscuolaemiliaromagna.it\/public\/er\/author\/admin\/"}]}},"views":227,"_links":{"self":[{"href":"https:\/\/www.uilscuolaemiliaromagna.it\/public\/er\/wp-json\/wp\/v2\/posts\/15809"}],"collection":[{"href":"https:\/\/www.uilscuolaemiliaromagna.it\/public\/er\/wp-json\/wp\/v2\/posts"}],"about":[{"href":"https:\/\/www.uilscuolaemiliaromagna.it\/public\/er\/wp-json\/wp\/v2\/types\/post"}],"author":[{"embeddable":true,"href":"https:\/\/www.uilscuolaemiliaromagna.it\/public\/er\/wp-json\/wp\/v2\/users\/1"}],"replies":[{"embeddable":true,"href":"https:\/\/www.uilscuolaemiliaromagna.it\/public\/er\/wp-json\/wp\/v2\/comments?post=15809"}],"version-history":[{"count":2,"href":"https:\/\/www.uilscuolaemiliaromagna.it\/public\/er\/wp-json\/wp\/v2\/posts\/15809\/revisions"}],"predecessor-version":[{"id":15813,"href":"https:\/\/www.uilscuolaemiliaromagna.it\/public\/er\/wp-json\/wp\/v2\/posts\/15809\/revisions\/15813"}],"wp:featuredmedia":[{"embeddable":true,"href":"https:\/\/www.uilscuolaemiliaromagna.it\/public\/er\/wp-json\/wp\/v2\/media\/15771"}],"wp:attachment":[{"href":"https:\/\/www.uilscuolaemiliaromagna.it\/public\/er\/wp-json\/wp\/v2\/media?parent=15809"}],"wp:term":[{"taxonomy":"category","embeddable":true,"href":"https:\/\/www.uilscuolaemiliaromagna.it\/public\/er\/wp-json\/wp\/v2\/categories?post=15809"},{"taxonomy":"post_tag","embeddable":true,"href":"https:\/\/www.uilscuolaemiliaromagna.it\/public\/er\/wp-json\/wp\/v2\/tags?post=15809"}],"curies":[{"name":"wp","href":"https:\/\/api.w.org\/{rel}","templated":true}]}}