{"id":15814,"date":"2026-01-29T19:04:28","date_gmt":"2026-01-29T18:04:28","guid":{"rendered":"https:\/\/www.uilscuolaemiliaromagna.it\/public\/er\/?p=15814"},"modified":"2026-03-17T11:47:02","modified_gmt":"2026-03-17T10:47:02","slug":"irase-nazionale-prova-orale-del-concorso-pnrr3-corso-di-preparazione","status":"publish","type":"post","link":"https:\/\/www.uilscuolaemiliaromagna.it\/public\/er\/2026\/01\/29\/irase-nazionale-prova-orale-del-concorso-pnrr3-corso-di-preparazione\/","title":{"rendered":"IRASE NAZIONALE | PROVA ORALE DEL CONCORSO PNRR3 \u2013 CORSO DI PREPARAZIONE"},"content":{"rendered":"<h2 style=\"text-align: center;\"><span style=\"color: #0000ff;\">PROVA ORALE DEL CONCORSO PNRR3 \u2013 PREPARATI CON NOI<\/span><\/h2>\n<h4 style=\"text-align: justify;\">Dal 27 GENNAIO 2026 \u00e8 possibile aderire alla ricca offerta formativa che IRASE Nazionale e la UIL Scuola hanno dedicato a tutti coloro che dovranno sostenere la prova orale del concorso PNRR3.<\/h4>\n<p style=\"text-align: justify;\"><strong data-start=\"844\" data-end=\"929\">Al fine di cogliere al meglio le opportunit\u00e0 offerte dalla procedura concorsuale,<\/strong>\u00a0il percorso formativo \u00e8 stato concepito per accompagnare il candidato in modo graduale e strutturato, valorizzando il tempo a disposizione e focalizzando l\u2019attenzione sugli snodi decisivi della prova orale. Questo approccio si \u00e8 concretizzato con tre distinte proposte tra cui il candidato potr\u00e0 scegliere \u00a0in relazione al proprio profilo, agli obiettivi di preparazione e al livello di accompagnamento desiderato:<\/p>\n<ul style=\"text-align: justify;\">\n<li>Corso 40 ore di formazione + risorsa EDISES<\/li>\n<li>Corso 40 ore di formazione + Revisione lezione simulata + risorsa EDISES<\/li>\n<li>Solo revisione lezione simulata (a distanza \u2013 asincrona, mediante servizio mail)<\/li>\n<\/ul>\n<p style=\"text-align: justify;\">\n<p style=\"text-align: justify;\"><span style=\"color: #0000ff;\"><strong>IL CORSO<\/strong><\/span><\/p>\n<p style=\"text-align: justify;\">Il corso di preparazione alla prova orale del concorso si articola in\u00a0<strong>40 ore complessive<\/strong>, progettate come\u00a0<strong>un unico percorso organico<\/strong>, suddiviso in due moduli complementari e progressivi, pensati per garantire\u00a0<strong>efficacia formativa e flessibilit\u00e0<\/strong>\u00a0in relazione alle diverse tempistiche dei candidati.<\/p>\n<p style=\"text-align: justify;\"><img decoding=\"async\" class=\"emoji\" role=\"img\" draggable=\"false\" src=\"https:\/\/s.w.org\/images\/core\/emoji\/17.0.2\/svg\/1f539.svg\" alt=\"\ud83d\udd39\" \/>\u00a0<strong>Gli<\/strong>\u00a0<strong>Essenziali per la prova orale\u00a0<\/strong><strong>(18 ore)<\/strong><br \/>\nPercorso fondamentale dedicato allo sviluppo delle competenze indispensabili per la prova orale:\u00a0<strong>progettazione, presentazione e discussione della lezione simulata<\/strong>\u00a0e gestione della\u00a0<strong>competenza linguistica<\/strong>.<br \/>\nIl modulo \u00e8 concepito come\u00a0<strong>percorso autosufficiente<\/strong>, particolarmente indicato per chi deve sostenere la prova in tempi ravvicinati, consentendo in\u00a0<strong>18 ore<\/strong>\u00a0una\u00a0<strong>preparazione di base solida ed efficace<\/strong>.<\/p>\n<p style=\"text-align: justify;\"><img decoding=\"async\" class=\"emoji\" role=\"img\" draggable=\"false\" src=\"https:\/\/s.w.org\/images\/core\/emoji\/17.0.2\/svg\/1f539.svg\" alt=\"\ud83d\udd39\" \/>\u00a0<strong>Dagli Essenziali alla Preparazione Avanzata: Percorso di Approfondimento e Applicazione (22 ore)<\/strong><br \/>\nPercorso di potenziamento orientato all\u2019<strong>approfondimento dei contenuti<\/strong>, allo sviluppo di\u00a0<strong>competenze operative<\/strong>\u00a0e al miglioramento della\u00a0<strong>qualit\u00e0 complessiva della performance<\/strong>, attraverso modelli operativi e simulazioni.<\/p>\n<ul style=\"text-align: justify;\">\n<li>\n<h4>STRUTTURA DEL CORSO<\/h4>\n<ul>\n<li>Modalit\u00e0:\u00a0<strong>videolezioni sincrone<\/strong>\u00a0+ possibilit\u00e0 di\u00a0<strong>rivedere le registrazioni delle videolezioni in\u00a0 asincrono<\/strong>\u00a0\u2013 fruibilit\u00e0 on demand (piattaforma e-learning IRASE Formazione)<\/li>\n<li>Ambiente di formazione: Piattaforma e-learning IRASE Formazione\u00a0<a href=\"https:\/\/iraseformazione.it\/moodle\/\">https:\/\/iraseformazione.it\/moodle\/<\/a><\/li>\n<li>Durata del Corso: 40 ore<\/li>\n<li>Numero percorsi: 2 \u2013\u00a0<strong>Gli<\/strong>\u00a0<strong>Essenziali per la prova orale\u00a0<\/strong><strong>(18 ore) + Dagli Essenziali alla Preparazione Avanzata: Percorso di Approfondimento e Applicazione (22 ore)<\/strong><\/li>\n<li>Risorse: materiale di studio e schede operative in piattaforma;<\/li>\n<\/ul>\n<h4><span style=\"color: #ff0000;\">N.B.: il corso non tratta contenuti disciplinari delle singole classi di concorso<\/span><\/h4>\n<\/li>\n<\/ul>\n<p style=\"text-align: justify;\"><span style=\"color: #0000ff;\"><strong>SERVIZIO DI REVISIONE LEZIONE SIMULATA<\/strong><\/span><\/p>\n<p style=\"text-align: justify;\" data-start=\"261\" data-end=\"437\">Il servizio di revisione della lezione simulata \u00e8 erogato\u00a0<strong data-start=\"319\" data-end=\"385\">esclusivamente in modalit\u00e0 asincrona tramite posta elettronica<\/strong>\u00a0ed \u00e8 articolato in\u00a0<strong data-start=\"405\" data-end=\"436\">tre distinte fasi operative<\/strong>.<\/p>\n<p style=\"text-align: justify;\" data-start=\"439\" data-end=\"525\"><strong data-start=\"439\" data-end=\"476\">Prima fase \u2013 Avvio e impostazione<\/strong><br \/>\nA seguito dell\u2019iscrizione, il corsista ricever\u00e0:<\/p>\n<ul style=\"text-align: justify;\" data-start=\"526\" data-end=\"748\">\n<li data-start=\"526\" data-end=\"629\">\n<p data-start=\"528\" data-end=\"629\">un\u00a0<strong data-start=\"531\" data-end=\"553\">format strutturato<\/strong>\u00a0per la progettazione della lezione simulata (documento privo di contenuti);<\/p>\n<\/li>\n<li data-start=\"630\" data-end=\"748\">\n<p data-start=\"632\" data-end=\"748\">un\u00a0<strong data-start=\"635\" data-end=\"672\">breve tutorial di accompagnamento<\/strong>\u00a0finalizzato a illustrare la struttura del format e le modalit\u00e0 di utilizzo.<\/p>\n<\/li>\n<\/ul>\n<p style=\"text-align: justify;\" data-start=\"750\" data-end=\"1249\"><strong data-start=\"750\" data-end=\"809\">Seconda fase \u2013 Prima elaborazione e feedback intermedio<\/strong><br data-start=\"809\" data-end=\"812\" \/>Nei giorni che precedono il sorteggio della traccia, il corsista provveder\u00e0 allo sviluppo dei\u00a0<strong data-start=\"906\" data-end=\"939\">contenuti essenziali e neutri<\/strong>, costituenti l\u2019ossatura della progettazione didattica.<br data-start=\"994\" data-end=\"997\" \/>L\u2019elaborato sar\u00e0 trasmesso al servizio di revisione, che fornir\u00e0 un\u00a0<strong data-start=\"1065\" data-end=\"1093\">primo feedback ragionato<\/strong>, finalizzato a evidenziare punti di forza, criticit\u00e0 e possibili miglioramenti. Il corsista potr\u00e0 quindi procedere alle opportune integrazioni e revisioni.<\/p>\n<p style=\"text-align: justify;\" data-start=\"1251\" data-end=\"1568\"><strong data-start=\"1251\" data-end=\"1284\">Terza fase \u2013 Revisione finale<\/strong><br \/>\nNel giorno del sorteggio della traccia, il corsista, dopo aver completato la progettazione in coerenza con la traccia assegnata, invier\u00e0 l\u2019elaborato per la\u00a0<strong data-start=\"1441\" data-end=\"1471\">seconda e ultima revisione<\/strong>.<br data-start=\"1472\" data-end=\"1475\" \/>Il servizio di revisione restituir\u00e0 un\u00a0<strong data-start=\"1514\" data-end=\"1543\">feedback finale ragionato<\/strong>\u00a0sul prodotto conclusivo.<\/p>\n<p style=\"text-align: justify;\" data-start=\"1570\" data-end=\"1867\"><strong data-start=\"1570\" data-end=\"1583\">Nota bene<\/strong><br data-start=\"1583\" data-end=\"1586\" \/>Il servizio di revisione\u00a0<strong data-start=\"1611\" data-end=\"1660\">non si sostituisce in alcun modo al candidato<\/strong>\u00a0e\u00a0<strong data-start=\"1663\" data-end=\"1723\">non prevede la redazione della progettazione in sua vece<\/strong>. L\u2019attivit\u00e0 \u00e8 esclusivamente orientata al supporto metodologico, strutturale e migliorativo dell\u2019elaborato prodotto autonomamente dal corsista.<\/p>\n<p style=\"text-align: justify;\"><strong>Nota Bene<\/strong><\/p>\n<p style=\"text-align: justify;\">L\u2019acquisto del servizio \u00e8\u00a0<strong data-start=\"757\" data-end=\"801\">riferito a una singola prova concorsuale<\/strong>. Qualora il candidato sia chiamato a sostenere\u00a0<strong data-start=\"849\" data-end=\"868\">pi\u00f9 prove orali<\/strong>, sar\u00e0 necessario procedere all\u2019acquisto di\u00a0<strong data-start=\"912\" data-end=\"986\">un numero di servizi di revisione corrispondente al numero delle prove<\/strong>\u00a0da sostenere.<\/p>\n<p style=\"text-align: justify;\"><span style=\"color: #0000ff;\"><strong>RISORSA EDISES<\/strong><\/span><\/p>\n<h3 style=\"text-align: justify;\" data-start=\"205\" data-end=\"261\">Integrazione con prodotti editoriali EdiSES Edizioni<\/h3>\n<p style=\"text-align: justify;\" data-start=\"263\" data-end=\"566\">L\u2019offerta formativa si arricchisce dei\u00a0<strong data-start=\"302\" data-end=\"344\">prodotti editoriali di EdiSES Edizioni<\/strong>.<br data-start=\"345\" data-end=\"348\" \/>Al fine di integrare e consolidare i contenuti disciplinari, il corsista avr\u00e0 accesso a\u00a0<strong data-start=\"436\" data-end=\"451\">n. 1 e-book<\/strong>\u00a0(prodotto\u00a0<strong data-start=\"462\" data-end=\"519\">consultabile da dispositivo digitale e non stampabile<\/strong>) dedicato a\u00a0<strong data-start=\"532\" data-end=\"565\">specifiche classi di concorso<\/strong>.<\/p>\n<p style=\"text-align: justify;\" data-start=\"568\" data-end=\"869\">In allegato \u00e8 disponibile l\u2019elenco dei prodotti editoriali attivabili, con indicazione delle\u00a0<strong data-start=\"661\" data-end=\"692\">relative classi di concorso<\/strong>.<br data-start=\"693\" data-end=\"696\" \/>Si invitano pertanto gli interessati a effettuare un\u2019attenta lettura del documento, al fine di verificare la\u00a0<strong data-start=\"805\" data-end=\"868\">disponibilit\u00e0 dell\u2019e-book per la propria classe di concorso<\/strong>.<\/p>\n<p style=\"text-align: justify;\" data-start=\"871\" data-end=\"1038\">Qualora non sia prevista una risorsa EdiSES specifica per la classe di concorso di interesse, il corsista potr\u00e0 scegliere\u00a0<strong data-start=\"993\" data-end=\"1011\">in alternativa<\/strong>\u00a0uno dei seguenti prodotti:<\/p>\n<ul style=\"text-align: justify;\" data-start=\"1039\" data-end=\"1184\">\n<li data-start=\"1039\" data-end=\"1098\">\n<p data-start=\"1041\" data-end=\"1098\">e-book dedicato alla\u00a0<strong data-start=\"1062\" data-end=\"1097\">scuola dell\u2019infanzia e primaria<\/strong>;<\/p>\n<\/li>\n<li data-start=\"1099\" data-end=\"1184\">\n<p data-start=\"1101\" data-end=\"1184\">e-book dedicato alla\u00a0<strong data-start=\"1122\" data-end=\"1143\">scuola secondaria<\/strong>, entrambi riferiti alla\u00a0<strong data-start=\"1168\" data-end=\"1183\">prova orale<\/strong>.<\/p>\n<\/li>\n<\/ul>\n<p style=\"text-align: justify;\" data-start=\"1186\" data-end=\"1496\">L\u2019adesione all\u2019offerta formativa d\u00e0 diritto al\u00a0<strong data-start=\"1233\" data-end=\"1286\">ricevimento di un solo prodotto editoriale EdiSES<\/strong>.<br data-start=\"1287\" data-end=\"1290\" \/>Il corsista che aderir\u00e0 al corso per una classe di concorso per la quale\u00a0<strong data-start=\"1363\" data-end=\"1413\">non \u00e8 disponibile una risorsa EdiSES specifica<\/strong>\u00a0<strong data-start=\"1414\" data-end=\"1495\">non avr\u00e0 diritto a rimborsi, n\u00e9 parziali n\u00e9 totali, della quota di iscrizione<\/strong>.<\/p>\n<p style=\"text-align: justify;\" data-start=\"1498\" data-end=\"1685\">Si precisa infine che il\u00a0<strong data-start=\"1523\" data-end=\"1591\">servizio di revisione della progettazione della lezione simulata<\/strong>, se fruito come servizio autonomo,\u00a0<strong data-start=\"1627\" data-end=\"1684\">non prevede il rilascio di prodotti editoriali EdiSES<\/strong>.<\/p>\n<p style=\"text-align: justify;\"><a class=\"no-lightbox\" href=\"https:\/\/www.irasenazionale.it\/wp-content\/uploads\/2026\/01\/Classi-di-concorso-pnrr-con-disponibilita-ebook-edises.pdf\"><img loading=\"lazy\" decoding=\"async\" class=\"alignnone\" src=\"https:\/\/www.irasenazionale.it\/wp-content\/uploads\/2020\/07\/pdf.png\" alt=\"\" width=\"30\" height=\"31\" \/><\/a><a href=\"https:\/\/www.irasenazionale.it\/wp-content\/uploads\/2026\/01\/Classi-di-concorso-pnrr-con-disponibilita-ebook-edises.pdf\">Elenco risorse EdiSES disponibili<\/a><\/p>\n<p style=\"text-align: justify;\">\n<h4 style=\"text-align: justify;\"><span style=\"color: #ff0000;\">OMAGGIO<\/span><\/h4>\n<p style=\"text-align: justify;\" data-start=\"121\" data-end=\"509\">Tutti gli iscritti avranno la possibilit\u00e0 di partecipare a\u00a0<strong data-start=\"180\" data-end=\"210\">n. 2 videolezioni sincrone<\/strong>, dedicate alla realizzazione della\u00a0<strong data-start=\"246\" data-end=\"283\">presentazione della progettazione<\/strong>\u00a0mediante l\u2019utilizzo di\u00a0<strong data-start=\"307\" data-end=\"329\">CANVA e POWERPOINT<\/strong>.<br data-start=\"330\" data-end=\"333\" \/>Le videolezioni saranno\u00a0<strong data-start=\"357\" data-end=\"371\">registrate<\/strong>\u00a0e rese disponibili per la\u00a0<strong data-start=\"398\" data-end=\"421\">fruizione asincrona<\/strong>\u00a0all\u2019interno dell\u2019apposita sezione della piattaforma di e-learning\u00a0<strong data-start=\"488\" data-end=\"508\" data-is-only-node=\"\">IRASE Formazione<\/strong>.<\/p>\n<p style=\"text-align: justify;\" data-start=\"511\" data-end=\"669\">A ciascun corsista sar\u00e0 inoltre inviato un\u00a0<strong data-start=\"554\" data-end=\"578\">template strutturato<\/strong>, utilizzabile come\u00a0<strong data-start=\"598\" data-end=\"624\">modello di riferimento<\/strong>\u00a0per lo sviluppo della propria presentazione.<\/p>\n<p style=\"text-align: justify;\">\n<p style=\"text-align: justify;\"><span style=\"color: #0000ff;\"><strong>COSTI<\/strong><\/span><\/p>\n<p style=\"text-align: justify;\"><strong>Per gli iscritti UIL Scuola<\/strong><\/p>\n<ul style=\"text-align: justify;\">\n<li>Corso 40 ore di formazione + risorsa EDISES \u2013 Costo \u20ac110,00<\/li>\n<li>Corso 40 ore di formazione + Revisione lezione simulata + risorsa EDISES \u2013 costo \u20ac180,00<\/li>\n<li>Solo revisione lezione simulata \u2013 costo \u20ac100,00<\/li>\n<\/ul>\n<p style=\"text-align: justify;\">\n<p style=\"text-align: justify;\"><strong>Per i non iscritti UIL Scuola<\/strong><\/p>\n<ul style=\"text-align: justify;\">\n<li>Corso 40 ore di formazione + risorsa EDISES \u2013 Costo \u20ac200,00<\/li>\n<li>Corso 40 ore di formazione + Revisione lezione simulata + risorsa EDISES \u2013 costo \u20ac250,00<\/li>\n<li>Solo revisione lezione simulata \u2013 costo \u20ac130,00<\/li>\n<\/ul>\n<p style=\"text-align: justify;\">\n<h4 style=\"text-align: justify;\"><span style=\"color: #0000ff;\"><strong>ISCRIZIONE<\/strong><\/span><\/h4>\n<h4 style=\"text-align: justify;\">L\u2019iscrizione al corso avverr\u00e0 mediante modulo digitale accessibile dal seguente link:<\/h4>\n<p style=\"text-align: justify;\"><a href=\"https:\/\/forms.gle\/7mms19Wj7HyLoM2f7\">https:\/\/forms.gle\/7mms19Wj7HyLoM2f7<\/a><\/p>\n<p style=\"text-align: justify;\">Al modulo digitale dovr\u00e0 allegare i seguenti documenti:<\/p>\n<ul style=\"text-align: justify;\">\n<li>Modulo di adesione compilato e sottoscritto;<\/li>\n<li>Patto formativo compilato e sottoscritto;<\/li>\n<li>Ricevuta di bonifico;<\/li>\n<li>Per i coloro che intendono avvalersi dei benefici economici riservati agli Iscritti alla UIL Scuola: attestazione di iscrizione in corso di validit\u00e0 (2026)<\/li>\n<\/ul>\n<p style=\"text-align: justify;\"><span style=\"color: #ff0000;\"><strong>NON SARANNO PRESE IN CONSIDERAZIONI LE ISCRIZIONI PERVENUTE VIA MAIL<\/strong><\/span><\/p>\n<p style=\"text-align: justify;\"><b style=\"font-size: 1.125rem;\"><img decoding=\"async\" class=\"an1\" draggable=\"false\" src=\"https:\/\/fonts.gstatic.com\/s\/e\/notoemoji\/16.0\/1f449\/32.png\" alt=\"\ud83d\udc49\" data-emoji=\"\ud83d\udc49\" aria-label=\"\ud83d\udc49\" \/>\u00a0INFO e SUPPORTO<\/b><\/p>\n<div style=\"text-align: justify;\"><img decoding=\"async\" class=\"an1\" draggable=\"false\" src=\"https:\/\/fonts.gstatic.com\/s\/e\/notoemoji\/16.0\/1f4e7\/32.png\" alt=\"\ud83d\udce7\" data-emoji=\"\ud83d\udce7\" aria-label=\"\ud83d\udce7\" \/>\u00a0Assistenza\u00a0via mail (risposta\u00a0entro 48 ore \u2013 escluso festivi):<b>\u00a0<\/b><a href=\"mailto:segreteria@irasenazionale.com\" target=\"_blank\" rel=\"noopener\">segreteria@<wbr \/>irasenazionale.com<\/a><\/div>\n<div style=\"text-align: justify;\"><\/div>\n<div style=\"text-align: justify;\"><b><img decoding=\"async\" class=\"an1\" draggable=\"false\" src=\"https:\/\/fonts.gstatic.com\/s\/e\/notoemoji\/16.0\/260e_fe0f\/32.png\" alt=\"\u260e\ufe0f\" data-emoji=\"\u260e\ufe0f\" aria-label=\"\u260e\ufe0f\" \/>Assistenza telefonica: Linea dedicata \u2013 cell.:\u00a03921701745\u00a0\u2013 l\u2019assistenza sar\u00e0 attiva a partire da luned\u00ec 20 ottobre 2025 nelle seguenti fasce\u00a0orarie:<\/b><\/div>\n<div style=\"text-align: justify;\"><b>\u00a0 \u00a0 \u00a0Luned\u00ec \u2013 mercoled\u00ec \u2013 venerd\u00ec\u00a0dalle ore 10:00 alle ore 13:00 (escluso festivi)<\/b><\/div>\n<div style=\"text-align: justify;\"><b>\u00a0 \u00a0 \u00a0Marted\u00ec \u2013 gioved\u00ec dalle ore 15:00 alle 18:00 (escluso festivi)<\/b><\/div>\n<div><\/div>\n<ul>\n<li><a href=\"https:\/\/www.uilscuolaemiliaromagna.it\/public\/er\/wp-content\/uploads\/2026\/01\/Modulo-adesione-Concorso-PNRR3_prova-orale_editabile.pdf\" target=\"_blank\" rel=\"noopener\">Modulo di adesione<\/a><\/li>\n<li><a href=\"https:\/\/www.uilscuolaemiliaromagna.it\/public\/er\/wp-content\/uploads\/2026\/01\/Patto-formativo-Concorso-PNRR3_prova-orale_editabile.pdf\" target=\"_blank\" rel=\"noopener\">Patto formativo<\/a><\/li>\n<\/ul>\n<p>&nbsp;<\/p>\n<h6><em>fonte:\u00a0<a href=\"https:\/\/www.irasenazionale.it\/prova-orale-del-concorso-pnrr3-corso-di-preparazione\/\" target=\"_blank\" rel=\"noopener\">IRASE NAZIONALE<\/a><\/em><\/h6>\n<p>&nbsp;<\/p>\n<h3><a href=\"https:\/\/www.whatsapp.com\/channel\/0029Va9KtAN5fM5g93lE7D29\" target=\"_blank\" rel=\"noopener\"><img loading=\"lazy\" decoding=\"async\" class=\"aligncenter wp-image-13119 size-medium\" src=\"https:\/\/www.uilscuolaemiliaromagna.it\/public\/er\/wp-content\/uploads\/2024\/03\/canale_whatsapp-300x142.jpg\" sizes=\"(max-width: 300px) 100vw, 300px\" srcset=\"https:\/\/www.uilscuolaemiliaromagna.it\/public\/er\/wp-content\/uploads\/2024\/03\/canale_whatsapp-300x142.jpg 300w, https:\/\/www.uilscuolaemiliaromagna.it\/public\/er\/wp-content\/uploads\/2024\/03\/canale_whatsapp-768x363.jpg 768w, https:\/\/www.uilscuolaemiliaromagna.it\/public\/er\/wp-content\/uploads\/2024\/03\/canale_whatsapp.jpg 800w\" alt=\"\" width=\"300\" height=\"142\" \/><\/a><\/h3>\n<p>&nbsp;<\/p>\n<p><a href=\"https:\/\/www.irasenazionale.it\/wp-content\/uploads\/2024\/03\/Delega_UilScuolaRua_Editabile.pdf\" target=\"_blank\" rel=\"noopener\"><img loading=\"lazy\" decoding=\"async\" class=\"aligncenter wp-image-13111 size-medium\" src=\"https:\/\/www.uilscuolaemiliaromagna.it\/public\/er\/wp-content\/uploads\/2024\/03\/iscriviti-7-2-300x92.png\" sizes=\"(max-width: 300px) 100vw, 300px\" srcset=\"https:\/\/www.uilscuolaemiliaromagna.it\/public\/er\/wp-content\/uploads\/2024\/03\/iscriviti-7-2-300x92.png 300w, https:\/\/www.uilscuolaemiliaromagna.it\/public\/er\/wp-content\/uploads\/2024\/03\/iscriviti-7-2-768x236.png 768w, https:\/\/www.uilscuolaemiliaromagna.it\/public\/er\/wp-content\/uploads\/2024\/03\/iscriviti-7-2.png 800w\" alt=\"\" width=\"300\" height=\"92\" \/><\/a><\/p>\n<h6 style=\"text-align: center;\"><span style=\"color: #0000ff;\"><em>Clicca sull\u2019immagine per iscriverti alla\u00a0Uil Scuola Rua\u00a0di Bologna\u00a0compilando la delega in ogni sua parte e allegando un documento\u00a0di identit\u00e0 in corso di validit\u00e0.<\/em><\/span><br \/>\n<span style=\"color: #0000ff;\"><em>Entrambi andranno inviati al seguente indirizzo mail: bologna@uilscuola.it<\/em><\/span><\/h6>\n\n<div class=\"twitter-share\"><a href=\"https:\/\/twitter.com\/intent\/tweet?via=UILScuolaBO_ER\" class=\"twitter-share-button\" data-size=\"large\">Tweet<\/a><\/div>\n","protected":false},"excerpt":{"rendered":"<p>PROVA ORALE DEL CONCORSO PNRR3 \u2013 PREPARATI CON NOI Dal 27 GENNAIO 2026 \u00e8 possibile aderire alla ricca offerta formativa che IRASE Nazionale e la &hellip; <\/p>\n","protected":false},"author":1,"featured_media":15817,"comment_status":"closed","ping_status":"open","sticky":false,"template":"","format":"standard","meta":{"footnotes":""},"categories":[27,12,6],"tags":[],"yoast_head":"<!-- This site is optimized with the Yoast SEO plugin v21.7 - https:\/\/yoast.com\/wordpress\/plugins\/seo\/ -->\r\n<title>IRASE NAZIONALE | PROVA ORALE DEL CONCORSO PNRR3 \u2013 CORSO DI PREPARAZIONE - Uil Scuola Emilia Romagna<\/title>\r\n<meta name=\"robots\" content=\"index, follow, max-snippet:-1, max-image-preview:large, max-video-preview:-1\" \/>\r\n<link rel=\"canonical\" href=\"https:\/\/www.uilscuolaemiliaromagna.it\/public\/er\/2026\/01\/29\/irase-nazionale-prova-orale-del-concorso-pnrr3-corso-di-preparazione\/\" \/>\r\n<meta property=\"og:locale\" content=\"it_IT\" \/>\r\n<meta property=\"og:type\" content=\"article\" \/>\r\n<meta property=\"og:title\" content=\"IRASE NAZIONALE | PROVA ORALE DEL CONCORSO PNRR3 \u2013 CORSO DI PREPARAZIONE - Uil Scuola Emilia Romagna\" \/>\r\n<meta property=\"og:description\" content=\"PROVA ORALE DEL CONCORSO PNRR3 \u2013 PREPARATI CON NOI Dal 27 GENNAIO 2026 \u00e8 possibile aderire alla ricca offerta formativa che IRASE Nazionale e la &hellip;\" \/>\r\n<meta property=\"og:url\" content=\"https:\/\/www.uilscuolaemiliaromagna.it\/public\/er\/2026\/01\/29\/irase-nazionale-prova-orale-del-concorso-pnrr3-corso-di-preparazione\/\" \/>\r\n<meta property=\"og:site_name\" content=\"Uil Scuola Emilia Romagna\" \/>\r\n<meta property=\"article:published_time\" content=\"2026-01-29T18:04:28+00:00\" \/>\r\n<meta property=\"article:modified_time\" content=\"2026-03-17T10:47:02+00:00\" \/>\r\n<meta property=\"og:image\" content=\"https:\/\/www.uilscuolaemiliaromagna.it\/public\/er\/wp-content\/uploads\/2026\/01\/PNRR3-Prova-orale-1-1.jpg\" \/>\r\n\t<meta property=\"og:image:width\" content=\"600\" \/>\r\n\t<meta property=\"og:image:height\" content=\"600\" \/>\r\n\t<meta property=\"og:image:type\" content=\"image\/jpeg\" \/>\r\n<meta name=\"author\" content=\"admin\" \/>\r\n<meta name=\"twitter:card\" content=\"summary_large_image\" \/>\r\n<meta name=\"twitter:label1\" content=\"Scritto da\" \/>\n\t<meta name=\"twitter:data1\" content=\"admin\" \/>\n\t<meta name=\"twitter:label2\" content=\"Tempo di lettura stimato\" \/>\n\t<meta name=\"twitter:data2\" content=\"8 minuti\" \/>\r\n<script type=\"application\/ld+json\" class=\"yoast-schema-graph\">{\"@context\":\"https:\/\/schema.org\",\"@graph\":[{\"@type\":\"Article\",\"@id\":\"https:\/\/www.uilscuolaemiliaromagna.it\/public\/er\/2026\/01\/29\/irase-nazionale-prova-orale-del-concorso-pnrr3-corso-di-preparazione\/#article\",\"isPartOf\":{\"@id\":\"https:\/\/www.uilscuolaemiliaromagna.it\/public\/er\/2026\/01\/29\/irase-nazionale-prova-orale-del-concorso-pnrr3-corso-di-preparazione\/\"},\"author\":{\"name\":\"admin\",\"@id\":\"https:\/\/www.uilscuolaemiliaromagna.it\/public\/er\/#\/schema\/person\/f42878fd07a4b6ba2b7153d4fad5de5e\"},\"headline\":\"IRASE NAZIONALE | PROVA ORALE DEL CONCORSO PNRR3 \u2013 CORSO DI PREPARAZIONE\",\"datePublished\":\"2026-01-29T18:04:28+00:00\",\"dateModified\":\"2026-03-17T10:47:02+00:00\",\"mainEntityOfPage\":{\"@id\":\"https:\/\/www.uilscuolaemiliaromagna.it\/public\/er\/2026\/01\/29\/irase-nazionale-prova-orale-del-concorso-pnrr3-corso-di-preparazione\/\"},\"wordCount\":1126,\"publisher\":{\"@id\":\"https:\/\/www.uilscuolaemiliaromagna.it\/public\/er\/#organization\"},\"articleSection\":[\"Formazione\",\"Notizie\",\"Personale Docente\"],\"inLanguage\":\"it-IT\"},{\"@type\":\"WebPage\",\"@id\":\"https:\/\/www.uilscuolaemiliaromagna.it\/public\/er\/2026\/01\/29\/irase-nazionale-prova-orale-del-concorso-pnrr3-corso-di-preparazione\/\",\"url\":\"https:\/\/www.uilscuolaemiliaromagna.it\/public\/er\/2026\/01\/29\/irase-nazionale-prova-orale-del-concorso-pnrr3-corso-di-preparazione\/\",\"name\":\"IRASE NAZIONALE | PROVA ORALE DEL CONCORSO PNRR3 \u2013 CORSO DI PREPARAZIONE - Uil Scuola Emilia Romagna\",\"isPartOf\":{\"@id\":\"https:\/\/www.uilscuolaemiliaromagna.it\/public\/er\/#website\"},\"datePublished\":\"2026-01-29T18:04:28+00:00\",\"dateModified\":\"2026-03-17T10:47:02+00:00\",\"breadcrumb\":{\"@id\":\"https:\/\/www.uilscuolaemiliaromagna.it\/public\/er\/2026\/01\/29\/irase-nazionale-prova-orale-del-concorso-pnrr3-corso-di-preparazione\/#breadcrumb\"},\"inLanguage\":\"it-IT\",\"potentialAction\":[{\"@type\":\"ReadAction\",\"target\":[\"https:\/\/www.uilscuolaemiliaromagna.it\/public\/er\/2026\/01\/29\/irase-nazionale-prova-orale-del-concorso-pnrr3-corso-di-preparazione\/\"]}]},{\"@type\":\"BreadcrumbList\",\"@id\":\"https:\/\/www.uilscuolaemiliaromagna.it\/public\/er\/2026\/01\/29\/irase-nazionale-prova-orale-del-concorso-pnrr3-corso-di-preparazione\/#breadcrumb\",\"itemListElement\":[{\"@type\":\"ListItem\",\"position\":1,\"name\":\"Home\",\"item\":\"https:\/\/www.uilscuolaemiliaromagna.it\/public\/er\/\"},{\"@type\":\"ListItem\",\"position\":2,\"name\":\"IRASE NAZIONALE | PROVA ORALE DEL CONCORSO PNRR3 \u2013 CORSO DI PREPARAZIONE\"}]},{\"@type\":\"WebSite\",\"@id\":\"https:\/\/www.uilscuolaemiliaromagna.it\/public\/er\/#website\",\"url\":\"https:\/\/www.uilscuolaemiliaromagna.it\/public\/er\/\",\"name\":\"Uil Scuola Emilia Romagna\",\"description\":\"La voce libera della scuola\",\"publisher\":{\"@id\":\"https:\/\/www.uilscuolaemiliaromagna.it\/public\/er\/#organization\"},\"potentialAction\":[{\"@type\":\"SearchAction\",\"target\":{\"@type\":\"EntryPoint\",\"urlTemplate\":\"https:\/\/www.uilscuolaemiliaromagna.it\/public\/er\/?s={search_term_string}\"},\"query-input\":\"required name=search_term_string\"}],\"inLanguage\":\"it-IT\"},{\"@type\":\"Organization\",\"@id\":\"https:\/\/www.uilscuolaemiliaromagna.it\/public\/er\/#organization\",\"name\":\"Uil Scuola Emilia Romagna\",\"url\":\"https:\/\/www.uilscuolaemiliaromagna.it\/public\/er\/\",\"logo\":{\"@type\":\"ImageObject\",\"inLanguage\":\"it-IT\",\"@id\":\"https:\/\/www.uilscuolaemiliaromagna.it\/public\/er\/#\/schema\/logo\/image\/\",\"url\":\"https:\/\/www.uilscuolaemiliaromagna.it\/public\/er\/wp-content\/uploads\/2017\/04\/cropped-header.png\",\"contentUrl\":\"https:\/\/www.uilscuolaemiliaromagna.it\/public\/er\/wp-content\/uploads\/2017\/04\/cropped-header.png\",\"width\":1000,\"height\":150,\"caption\":\"Uil Scuola Emilia Romagna\"},\"image\":{\"@id\":\"https:\/\/www.uilscuolaemiliaromagna.it\/public\/er\/#\/schema\/logo\/image\/\"}},{\"@type\":\"Person\",\"@id\":\"https:\/\/www.uilscuolaemiliaromagna.it\/public\/er\/#\/schema\/person\/f42878fd07a4b6ba2b7153d4fad5de5e\",\"name\":\"admin\",\"image\":{\"@type\":\"ImageObject\",\"inLanguage\":\"it-IT\",\"@id\":\"https:\/\/www.uilscuolaemiliaromagna.it\/public\/er\/#\/schema\/person\/image\/\",\"url\":\"https:\/\/secure.gravatar.com\/avatar\/aebf815ae2f30ffdae8b8c247273d34c?s=96&d=mm&r=g\",\"contentUrl\":\"https:\/\/secure.gravatar.com\/avatar\/aebf815ae2f30ffdae8b8c247273d34c?s=96&d=mm&r=g\",\"caption\":\"admin\"},\"url\":\"https:\/\/www.uilscuolaemiliaromagna.it\/public\/er\/author\/admin\/\"}]}<\/script>\r\n<!-- \/ Yoast SEO plugin. -->","yoast_head_json":{"title":"IRASE NAZIONALE | PROVA ORALE DEL CONCORSO PNRR3 \u2013 CORSO DI PREPARAZIONE - Uil Scuola Emilia Romagna","robots":{"index":"index","follow":"follow","max-snippet":"max-snippet:-1","max-image-preview":"max-image-preview:large","max-video-preview":"max-video-preview:-1"},"canonical":"https:\/\/www.uilscuolaemiliaromagna.it\/public\/er\/2026\/01\/29\/irase-nazionale-prova-orale-del-concorso-pnrr3-corso-di-preparazione\/","og_locale":"it_IT","og_type":"article","og_title":"IRASE NAZIONALE | PROVA ORALE DEL CONCORSO PNRR3 \u2013 CORSO DI PREPARAZIONE - Uil Scuola Emilia Romagna","og_description":"PROVA ORALE DEL CONCORSO PNRR3 \u2013 PREPARATI CON NOI Dal 27 GENNAIO 2026 \u00e8 possibile aderire alla ricca offerta formativa che IRASE Nazionale e la &hellip;","og_url":"https:\/\/www.uilscuolaemiliaromagna.it\/public\/er\/2026\/01\/29\/irase-nazionale-prova-orale-del-concorso-pnrr3-corso-di-preparazione\/","og_site_name":"Uil Scuola Emilia Romagna","article_published_time":"2026-01-29T18:04:28+00:00","article_modified_time":"2026-03-17T10:47:02+00:00","og_image":[{"width":600,"height":600,"url":"https:\/\/www.uilscuolaemiliaromagna.it\/public\/er\/wp-content\/uploads\/2026\/01\/PNRR3-Prova-orale-1-1.jpg","type":"image\/jpeg"}],"author":"admin","twitter_card":"summary_large_image","twitter_misc":{"Scritto da":"admin","Tempo di lettura stimato":"8 minuti"},"schema":{"@context":"https:\/\/schema.org","@graph":[{"@type":"Article","@id":"https:\/\/www.uilscuolaemiliaromagna.it\/public\/er\/2026\/01\/29\/irase-nazionale-prova-orale-del-concorso-pnrr3-corso-di-preparazione\/#article","isPartOf":{"@id":"https:\/\/www.uilscuolaemiliaromagna.it\/public\/er\/2026\/01\/29\/irase-nazionale-prova-orale-del-concorso-pnrr3-corso-di-preparazione\/"},"author":{"name":"admin","@id":"https:\/\/www.uilscuolaemiliaromagna.it\/public\/er\/#\/schema\/person\/f42878fd07a4b6ba2b7153d4fad5de5e"},"headline":"IRASE NAZIONALE | PROVA ORALE DEL CONCORSO PNRR3 \u2013 CORSO DI PREPARAZIONE","datePublished":"2026-01-29T18:04:28+00:00","dateModified":"2026-03-17T10:47:02+00:00","mainEntityOfPage":{"@id":"https:\/\/www.uilscuolaemiliaromagna.it\/public\/er\/2026\/01\/29\/irase-nazionale-prova-orale-del-concorso-pnrr3-corso-di-preparazione\/"},"wordCount":1126,"publisher":{"@id":"https:\/\/www.uilscuolaemiliaromagna.it\/public\/er\/#organization"},"articleSection":["Formazione","Notizie","Personale Docente"],"inLanguage":"it-IT"},{"@type":"WebPage","@id":"https:\/\/www.uilscuolaemiliaromagna.it\/public\/er\/2026\/01\/29\/irase-nazionale-prova-orale-del-concorso-pnrr3-corso-di-preparazione\/","url":"https:\/\/www.uilscuolaemiliaromagna.it\/public\/er\/2026\/01\/29\/irase-nazionale-prova-orale-del-concorso-pnrr3-corso-di-preparazione\/","name":"IRASE NAZIONALE | PROVA ORALE DEL CONCORSO PNRR3 \u2013 CORSO DI PREPARAZIONE - Uil Scuola Emilia Romagna","isPartOf":{"@id":"https:\/\/www.uilscuolaemiliaromagna.it\/public\/er\/#website"},"datePublished":"2026-01-29T18:04:28+00:00","dateModified":"2026-03-17T10:47:02+00:00","breadcrumb":{"@id":"https:\/\/www.uilscuolaemiliaromagna.it\/public\/er\/2026\/01\/29\/irase-nazionale-prova-orale-del-concorso-pnrr3-corso-di-preparazione\/#breadcrumb"},"inLanguage":"it-IT","potentialAction":[{"@type":"ReadAction","target":["https:\/\/www.uilscuolaemiliaromagna.it\/public\/er\/2026\/01\/29\/irase-nazionale-prova-orale-del-concorso-pnrr3-corso-di-preparazione\/"]}]},{"@type":"BreadcrumbList","@id":"https:\/\/www.uilscuolaemiliaromagna.it\/public\/er\/2026\/01\/29\/irase-nazionale-prova-orale-del-concorso-pnrr3-corso-di-preparazione\/#breadcrumb","itemListElement":[{"@type":"ListItem","position":1,"name":"Home","item":"https:\/\/www.uilscuolaemiliaromagna.it\/public\/er\/"},{"@type":"ListItem","position":2,"name":"IRASE NAZIONALE | PROVA ORALE DEL CONCORSO PNRR3 \u2013 CORSO DI PREPARAZIONE"}]},{"@type":"WebSite","@id":"https:\/\/www.uilscuolaemiliaromagna.it\/public\/er\/#website","url":"https:\/\/www.uilscuolaemiliaromagna.it\/public\/er\/","name":"Uil Scuola Emilia Romagna","description":"La voce libera della scuola","publisher":{"@id":"https:\/\/www.uilscuolaemiliaromagna.it\/public\/er\/#organization"},"potentialAction":[{"@type":"SearchAction","target":{"@type":"EntryPoint","urlTemplate":"https:\/\/www.uilscuolaemiliaromagna.it\/public\/er\/?s={search_term_string}"},"query-input":"required name=search_term_string"}],"inLanguage":"it-IT"},{"@type":"Organization","@id":"https:\/\/www.uilscuolaemiliaromagna.it\/public\/er\/#organization","name":"Uil Scuola Emilia Romagna","url":"https:\/\/www.uilscuolaemiliaromagna.it\/public\/er\/","logo":{"@type":"ImageObject","inLanguage":"it-IT","@id":"https:\/\/www.uilscuolaemiliaromagna.it\/public\/er\/#\/schema\/logo\/image\/","url":"https:\/\/www.uilscuolaemiliaromagna.it\/public\/er\/wp-content\/uploads\/2017\/04\/cropped-header.png","contentUrl":"https:\/\/www.uilscuolaemiliaromagna.it\/public\/er\/wp-content\/uploads\/2017\/04\/cropped-header.png","width":1000,"height":150,"caption":"Uil Scuola Emilia Romagna"},"image":{"@id":"https:\/\/www.uilscuolaemiliaromagna.it\/public\/er\/#\/schema\/logo\/image\/"}},{"@type":"Person","@id":"https:\/\/www.uilscuolaemiliaromagna.it\/public\/er\/#\/schema\/person\/f42878fd07a4b6ba2b7153d4fad5de5e","name":"admin","image":{"@type":"ImageObject","inLanguage":"it-IT","@id":"https:\/\/www.uilscuolaemiliaromagna.it\/public\/er\/#\/schema\/person\/image\/","url":"https:\/\/secure.gravatar.com\/avatar\/aebf815ae2f30ffdae8b8c247273d34c?s=96&d=mm&r=g","contentUrl":"https:\/\/secure.gravatar.com\/avatar\/aebf815ae2f30ffdae8b8c247273d34c?s=96&d=mm&r=g","caption":"admin"},"url":"https:\/\/www.uilscuolaemiliaromagna.it\/public\/er\/author\/admin\/"}]}},"views":224,"_links":{"self":[{"href":"https:\/\/www.uilscuolaemiliaromagna.it\/public\/er\/wp-json\/wp\/v2\/posts\/15814"}],"collection":[{"href":"https:\/\/www.uilscuolaemiliaromagna.it\/public\/er\/wp-json\/wp\/v2\/posts"}],"about":[{"href":"https:\/\/www.uilscuolaemiliaromagna.it\/public\/er\/wp-json\/wp\/v2\/types\/post"}],"author":[{"embeddable":true,"href":"https:\/\/www.uilscuolaemiliaromagna.it\/public\/er\/wp-json\/wp\/v2\/users\/1"}],"replies":[{"embeddable":true,"href":"https:\/\/www.uilscuolaemiliaromagna.it\/public\/er\/wp-json\/wp\/v2\/comments?post=15814"}],"version-history":[{"count":1,"href":"https:\/\/www.uilscuolaemiliaromagna.it\/public\/er\/wp-json\/wp\/v2\/posts\/15814\/revisions"}],"predecessor-version":[{"id":15818,"href":"https:\/\/www.uilscuolaemiliaromagna.it\/public\/er\/wp-json\/wp\/v2\/posts\/15814\/revisions\/15818"}],"wp:featuredmedia":[{"embeddable":true,"href":"https:\/\/www.uilscuolaemiliaromagna.it\/public\/er\/wp-json\/wp\/v2\/media\/15817"}],"wp:attachment":[{"href":"https:\/\/www.uilscuolaemiliaromagna.it\/public\/er\/wp-json\/wp\/v2\/media?parent=15814"}],"wp:term":[{"taxonomy":"category","embeddable":true,"href":"https:\/\/www.uilscuolaemiliaromagna.it\/public\/er\/wp-json\/wp\/v2\/categories?post=15814"},{"taxonomy":"post_tag","embeddable":true,"href":"https:\/\/www.uilscuolaemiliaromagna.it\/public\/er\/wp-json\/wp\/v2\/tags?post=15814"}],"curies":[{"name":"wp","href":"https:\/\/api.w.org\/{rel}","templated":true}]}}