{"id":1582,"date":"2017-05-26T08:07:37","date_gmt":"2017-05-26T06:07:37","guid":{"rendered":"http:\/\/www.uilscuolaemiliaromagna.it\/public\/er\/?p=1582"},"modified":"2017-05-28T10:08:43","modified_gmt":"2017-05-28T08:08:43","slug":"esecutivo-uil-scuola-la-priorita-e-il-rinnovo-del-contratto","status":"publish","type":"post","link":"https:\/\/www.uilscuolaemiliaromagna.it\/public\/er\/2017\/05\/26\/esecutivo-uil-scuola-la-priorita-e-il-rinnovo-del-contratto\/","title":{"rendered":"ESECUTIVO UIL SCUOLA | La priorit\u00e0 \u00e8 il rinnovo del contratto"},"content":{"rendered":"<p><em><strong>Turi: urgente l\u2019apertura del negoziato per regole che riportino serenit\u00e0 nelle scuole<\/strong><\/em><\/p>\n<p style=\"text-align: justify;\">E\u2019 il rinnovo del contratto, uno dei temi giudicati pi\u00f9 urgenti dai segretari Uil Scuola riuniti a Montecatini per l\u2019esecutivo nazionale del sindacato. Un blocco giudicato non pi\u00f9 sostenibile, per pi\u00f9 ragioni \u2013 hanno detto nei loro interventi i segretari provenienti da tutte le regioni \u2013 perch\u00e9 accanto a stipendi fermi da troppo tempo, ci sono gli effetti diretti sul lavoro delle persone prodotti dalla legge 107.<\/p>\n<p style=\"text-align: justify;\">Un cambio di clima preoccupante che \u2013 secondo la Uil Scuola &#8211; pu\u00f2 essere superato attraverso un nuovo contratto che riesca a definire migliori condizioni di lavoro. Con il testo unico sul pubblico impiego si \u00e8 tracciato un percorso \u2013 ha detto Pino Turi, segretario generale della Uil Scuola, nella sua relazione conclusiva.<\/p>\n<p style=\"text-align: justify;\">Superare il sistema disegnato da Brunetta significa passare da un impianto che rinviava alla legge per regolare il lavoro delle persone, e scegliere un sistema nel quale il rapporto di lavoro \u00e8 definito e regolato dal contratto.<\/p>\n<p style=\"text-align: justify;\">I contratti non sono un momento ideologico \u2013 ha detto ancora Turi &#8211; sono un momento di confronto nel quale si trovano soluzioni condivise. Il ministro Madia si \u00e8 impegnata ad inviare all\u2019Aran l\u2019atto di indirizzo per aprire il negoziato per il rinnovo contrattuale. Si faccia presto.<\/p>\n<p style=\"text-align: justify;\">Anche per il contratto integrativo sulle utilizzazioni e assegnazioni provvisorie, che si sta mettendo a punto in questi giorni \u2013 si legge nel documento conclusivo \u2013 va trovato il giusto equilibrio, che solo la contrattazione pu\u00f2 realizzare, tra le legittime esigenze di mobilit\u00e0 del personale e la garanzia di continuit\u00e0 didattica degli alunni che va garantita in coerenza con la ratio della legge, senza bisogno di blocchi e inutili divieti punitivi.<\/p>\n\n<div class=\"twitter-share\"><a href=\"https:\/\/twitter.com\/intent\/tweet?via=UILScuolaBO_ER\" class=\"twitter-share-button\" data-size=\"large\">Tweet<\/a><\/div>\n","protected":false},"excerpt":{"rendered":"<p>Turi: urgente l\u2019apertura del negoziato per regole che riportino serenit\u00e0 nelle scuole E\u2019 il rinnovo del contratto, uno dei temi giudicati pi\u00f9 urgenti dai segretari &hellip; <\/p>\n","protected":false},"author":1,"featured_media":0,"comment_status":"closed","ping_status":"open","sticky":false,"template":"","format":"standard","meta":{"footnotes":""},"categories":[12],"tags":[],"yoast_head":"<!-- This site is optimized with the Yoast SEO plugin v21.7 - https:\/\/yoast.com\/wordpress\/plugins\/seo\/ -->\r\n<title>ESECUTIVO UIL SCUOLA | La priorit\u00e0 \u00e8 il rinnovo del contratto - Uil Scuola Emilia Romagna<\/title>\r\n<meta name=\"robots\" content=\"index, follow, max-snippet:-1, max-image-preview:large, max-video-preview:-1\" \/>\r\n<link rel=\"canonical\" href=\"https:\/\/www.uilscuolaemiliaromagna.it\/public\/er\/2017\/05\/26\/esecutivo-uil-scuola-la-priorita-e-il-rinnovo-del-contratto\/\" \/>\r\n<meta property=\"og:locale\" content=\"it_IT\" \/>\r\n<meta property=\"og:type\" content=\"article\" \/>\r\n<meta property=\"og:title\" content=\"ESECUTIVO UIL SCUOLA | La priorit\u00e0 \u00e8 il rinnovo del contratto - Uil Scuola Emilia Romagna\" \/>\r\n<meta property=\"og:description\" content=\"Turi: urgente l\u2019apertura del negoziato per regole che riportino serenit\u00e0 nelle scuole E\u2019 il rinnovo del contratto, uno dei temi giudicati pi\u00f9 urgenti dai segretari &hellip;\" \/>\r\n<meta property=\"og:url\" content=\"https:\/\/www.uilscuolaemiliaromagna.it\/public\/er\/2017\/05\/26\/esecutivo-uil-scuola-la-priorita-e-il-rinnovo-del-contratto\/\" \/>\r\n<meta property=\"og:site_name\" content=\"Uil Scuola Emilia Romagna\" \/>\r\n<meta property=\"article:published_time\" content=\"2017-05-26T06:07:37+00:00\" \/>\r\n<meta property=\"article:modified_time\" content=\"2017-05-28T08:08:43+00:00\" \/>\r\n<meta name=\"author\" content=\"admin\" \/>\r\n<meta name=\"twitter:card\" content=\"summary_large_image\" \/>\r\n<meta name=\"twitter:label1\" content=\"Scritto da\" \/>\n\t<meta name=\"twitter:data1\" content=\"admin\" \/>\n\t<meta name=\"twitter:label2\" content=\"Tempo di lettura stimato\" \/>\n\t<meta name=\"twitter:data2\" content=\"1 minuto\" \/>\r\n<script type=\"application\/ld+json\" class=\"yoast-schema-graph\">{\"@context\":\"https:\/\/schema.org\",\"@graph\":[{\"@type\":\"Article\",\"@id\":\"https:\/\/www.uilscuolaemiliaromagna.it\/public\/er\/2017\/05\/26\/esecutivo-uil-scuola-la-priorita-e-il-rinnovo-del-contratto\/#article\",\"isPartOf\":{\"@id\":\"https:\/\/www.uilscuolaemiliaromagna.it\/public\/er\/2017\/05\/26\/esecutivo-uil-scuola-la-priorita-e-il-rinnovo-del-contratto\/\"},\"author\":{\"name\":\"admin\",\"@id\":\"https:\/\/www.uilscuolaemiliaromagna.it\/public\/er\/#\/schema\/person\/f42878fd07a4b6ba2b7153d4fad5de5e\"},\"headline\":\"ESECUTIVO UIL SCUOLA | La priorit\u00e0 \u00e8 il rinnovo del contratto\",\"datePublished\":\"2017-05-26T06:07:37+00:00\",\"dateModified\":\"2017-05-28T08:08:43+00:00\",\"mainEntityOfPage\":{\"@id\":\"https:\/\/www.uilscuolaemiliaromagna.it\/public\/er\/2017\/05\/26\/esecutivo-uil-scuola-la-priorita-e-il-rinnovo-del-contratto\/\"},\"wordCount\":289,\"publisher\":{\"@id\":\"https:\/\/www.uilscuolaemiliaromagna.it\/public\/er\/#organization\"},\"articleSection\":[\"Notizie\"],\"inLanguage\":\"it-IT\"},{\"@type\":\"WebPage\",\"@id\":\"https:\/\/www.uilscuolaemiliaromagna.it\/public\/er\/2017\/05\/26\/esecutivo-uil-scuola-la-priorita-e-il-rinnovo-del-contratto\/\",\"url\":\"https:\/\/www.uilscuolaemiliaromagna.it\/public\/er\/2017\/05\/26\/esecutivo-uil-scuola-la-priorita-e-il-rinnovo-del-contratto\/\",\"name\":\"ESECUTIVO UIL SCUOLA | La priorit\u00e0 \u00e8 il rinnovo del contratto - Uil Scuola Emilia Romagna\",\"isPartOf\":{\"@id\":\"https:\/\/www.uilscuolaemiliaromagna.it\/public\/er\/#website\"},\"datePublished\":\"2017-05-26T06:07:37+00:00\",\"dateModified\":\"2017-05-28T08:08:43+00:00\",\"breadcrumb\":{\"@id\":\"https:\/\/www.uilscuolaemiliaromagna.it\/public\/er\/2017\/05\/26\/esecutivo-uil-scuola-la-priorita-e-il-rinnovo-del-contratto\/#breadcrumb\"},\"inLanguage\":\"it-IT\",\"potentialAction\":[{\"@type\":\"ReadAction\",\"target\":[\"https:\/\/www.uilscuolaemiliaromagna.it\/public\/er\/2017\/05\/26\/esecutivo-uil-scuola-la-priorita-e-il-rinnovo-del-contratto\/\"]}]},{\"@type\":\"BreadcrumbList\",\"@id\":\"https:\/\/www.uilscuolaemiliaromagna.it\/public\/er\/2017\/05\/26\/esecutivo-uil-scuola-la-priorita-e-il-rinnovo-del-contratto\/#breadcrumb\",\"itemListElement\":[{\"@type\":\"ListItem\",\"position\":1,\"name\":\"Home\",\"item\":\"https:\/\/www.uilscuolaemiliaromagna.it\/public\/er\/\"},{\"@type\":\"ListItem\",\"position\":2,\"name\":\"ESECUTIVO UIL SCUOLA | La priorit\u00e0 \u00e8 il rinnovo del contratto\"}]},{\"@type\":\"WebSite\",\"@id\":\"https:\/\/www.uilscuolaemiliaromagna.it\/public\/er\/#website\",\"url\":\"https:\/\/www.uilscuolaemiliaromagna.it\/public\/er\/\",\"name\":\"Uil Scuola Emilia Romagna\",\"description\":\"La voce libera della scuola\",\"publisher\":{\"@id\":\"https:\/\/www.uilscuolaemiliaromagna.it\/public\/er\/#organization\"},\"potentialAction\":[{\"@type\":\"SearchAction\",\"target\":{\"@type\":\"EntryPoint\",\"urlTemplate\":\"https:\/\/www.uilscuolaemiliaromagna.it\/public\/er\/?s={search_term_string}\"},\"query-input\":\"required name=search_term_string\"}],\"inLanguage\":\"it-IT\"},{\"@type\":\"Organization\",\"@id\":\"https:\/\/www.uilscuolaemiliaromagna.it\/public\/er\/#organization\",\"name\":\"Uil Scuola Emilia Romagna\",\"url\":\"https:\/\/www.uilscuolaemiliaromagna.it\/public\/er\/\",\"logo\":{\"@type\":\"ImageObject\",\"inLanguage\":\"it-IT\",\"@id\":\"https:\/\/www.uilscuolaemiliaromagna.it\/public\/er\/#\/schema\/logo\/image\/\",\"url\":\"https:\/\/www.uilscuolaemiliaromagna.it\/public\/er\/wp-content\/uploads\/2017\/04\/cropped-header.png\",\"contentUrl\":\"https:\/\/www.uilscuolaemiliaromagna.it\/public\/er\/wp-content\/uploads\/2017\/04\/cropped-header.png\",\"width\":1000,\"height\":150,\"caption\":\"Uil Scuola Emilia Romagna\"},\"image\":{\"@id\":\"https:\/\/www.uilscuolaemiliaromagna.it\/public\/er\/#\/schema\/logo\/image\/\"}},{\"@type\":\"Person\",\"@id\":\"https:\/\/www.uilscuolaemiliaromagna.it\/public\/er\/#\/schema\/person\/f42878fd07a4b6ba2b7153d4fad5de5e\",\"name\":\"admin\",\"image\":{\"@type\":\"ImageObject\",\"inLanguage\":\"it-IT\",\"@id\":\"https:\/\/www.uilscuolaemiliaromagna.it\/public\/er\/#\/schema\/person\/image\/\",\"url\":\"https:\/\/secure.gravatar.com\/avatar\/aebf815ae2f30ffdae8b8c247273d34c?s=96&d=mm&r=g\",\"contentUrl\":\"https:\/\/secure.gravatar.com\/avatar\/aebf815ae2f30ffdae8b8c247273d34c?s=96&d=mm&r=g\",\"caption\":\"admin\"},\"url\":\"https:\/\/www.uilscuolaemiliaromagna.it\/public\/er\/author\/admin\/\"}]}<\/script>\r\n<!-- \/ Yoast SEO plugin. -->","yoast_head_json":{"title":"ESECUTIVO UIL SCUOLA | La priorit\u00e0 \u00e8 il rinnovo del contratto - Uil Scuola Emilia Romagna","robots":{"index":"index","follow":"follow","max-snippet":"max-snippet:-1","max-image-preview":"max-image-preview:large","max-video-preview":"max-video-preview:-1"},"canonical":"https:\/\/www.uilscuolaemiliaromagna.it\/public\/er\/2017\/05\/26\/esecutivo-uil-scuola-la-priorita-e-il-rinnovo-del-contratto\/","og_locale":"it_IT","og_type":"article","og_title":"ESECUTIVO UIL SCUOLA | La priorit\u00e0 \u00e8 il rinnovo del contratto - Uil Scuola Emilia Romagna","og_description":"Turi: urgente l\u2019apertura del negoziato per regole che riportino serenit\u00e0 nelle scuole E\u2019 il rinnovo del contratto, uno dei temi giudicati pi\u00f9 urgenti dai segretari &hellip;","og_url":"https:\/\/www.uilscuolaemiliaromagna.it\/public\/er\/2017\/05\/26\/esecutivo-uil-scuola-la-priorita-e-il-rinnovo-del-contratto\/","og_site_name":"Uil Scuola Emilia Romagna","article_published_time":"2017-05-26T06:07:37+00:00","article_modified_time":"2017-05-28T08:08:43+00:00","author":"admin","twitter_card":"summary_large_image","twitter_misc":{"Scritto da":"admin","Tempo di lettura stimato":"1 minuto"},"schema":{"@context":"https:\/\/schema.org","@graph":[{"@type":"Article","@id":"https:\/\/www.uilscuolaemiliaromagna.it\/public\/er\/2017\/05\/26\/esecutivo-uil-scuola-la-priorita-e-il-rinnovo-del-contratto\/#article","isPartOf":{"@id":"https:\/\/www.uilscuolaemiliaromagna.it\/public\/er\/2017\/05\/26\/esecutivo-uil-scuola-la-priorita-e-il-rinnovo-del-contratto\/"},"author":{"name":"admin","@id":"https:\/\/www.uilscuolaemiliaromagna.it\/public\/er\/#\/schema\/person\/f42878fd07a4b6ba2b7153d4fad5de5e"},"headline":"ESECUTIVO UIL SCUOLA | La priorit\u00e0 \u00e8 il rinnovo del contratto","datePublished":"2017-05-26T06:07:37+00:00","dateModified":"2017-05-28T08:08:43+00:00","mainEntityOfPage":{"@id":"https:\/\/www.uilscuolaemiliaromagna.it\/public\/er\/2017\/05\/26\/esecutivo-uil-scuola-la-priorita-e-il-rinnovo-del-contratto\/"},"wordCount":289,"publisher":{"@id":"https:\/\/www.uilscuolaemiliaromagna.it\/public\/er\/#organization"},"articleSection":["Notizie"],"inLanguage":"it-IT"},{"@type":"WebPage","@id":"https:\/\/www.uilscuolaemiliaromagna.it\/public\/er\/2017\/05\/26\/esecutivo-uil-scuola-la-priorita-e-il-rinnovo-del-contratto\/","url":"https:\/\/www.uilscuolaemiliaromagna.it\/public\/er\/2017\/05\/26\/esecutivo-uil-scuola-la-priorita-e-il-rinnovo-del-contratto\/","name":"ESECUTIVO UIL SCUOLA | La priorit\u00e0 \u00e8 il rinnovo del contratto - Uil Scuola Emilia Romagna","isPartOf":{"@id":"https:\/\/www.uilscuolaemiliaromagna.it\/public\/er\/#website"},"datePublished":"2017-05-26T06:07:37+00:00","dateModified":"2017-05-28T08:08:43+00:00","breadcrumb":{"@id":"https:\/\/www.uilscuolaemiliaromagna.it\/public\/er\/2017\/05\/26\/esecutivo-uil-scuola-la-priorita-e-il-rinnovo-del-contratto\/#breadcrumb"},"inLanguage":"it-IT","potentialAction":[{"@type":"ReadAction","target":["https:\/\/www.uilscuolaemiliaromagna.it\/public\/er\/2017\/05\/26\/esecutivo-uil-scuola-la-priorita-e-il-rinnovo-del-contratto\/"]}]},{"@type":"BreadcrumbList","@id":"https:\/\/www.uilscuolaemiliaromagna.it\/public\/er\/2017\/05\/26\/esecutivo-uil-scuola-la-priorita-e-il-rinnovo-del-contratto\/#breadcrumb","itemListElement":[{"@type":"ListItem","position":1,"name":"Home","item":"https:\/\/www.uilscuolaemiliaromagna.it\/public\/er\/"},{"@type":"ListItem","position":2,"name":"ESECUTIVO UIL SCUOLA | La priorit\u00e0 \u00e8 il rinnovo del contratto"}]},{"@type":"WebSite","@id":"https:\/\/www.uilscuolaemiliaromagna.it\/public\/er\/#website","url":"https:\/\/www.uilscuolaemiliaromagna.it\/public\/er\/","name":"Uil Scuola Emilia Romagna","description":"La voce libera della scuola","publisher":{"@id":"https:\/\/www.uilscuolaemiliaromagna.it\/public\/er\/#organization"},"potentialAction":[{"@type":"SearchAction","target":{"@type":"EntryPoint","urlTemplate":"https:\/\/www.uilscuolaemiliaromagna.it\/public\/er\/?s={search_term_string}"},"query-input":"required name=search_term_string"}],"inLanguage":"it-IT"},{"@type":"Organization","@id":"https:\/\/www.uilscuolaemiliaromagna.it\/public\/er\/#organization","name":"Uil Scuola Emilia Romagna","url":"https:\/\/www.uilscuolaemiliaromagna.it\/public\/er\/","logo":{"@type":"ImageObject","inLanguage":"it-IT","@id":"https:\/\/www.uilscuolaemiliaromagna.it\/public\/er\/#\/schema\/logo\/image\/","url":"https:\/\/www.uilscuolaemiliaromagna.it\/public\/er\/wp-content\/uploads\/2017\/04\/cropped-header.png","contentUrl":"https:\/\/www.uilscuolaemiliaromagna.it\/public\/er\/wp-content\/uploads\/2017\/04\/cropped-header.png","width":1000,"height":150,"caption":"Uil Scuola Emilia Romagna"},"image":{"@id":"https:\/\/www.uilscuolaemiliaromagna.it\/public\/er\/#\/schema\/logo\/image\/"}},{"@type":"Person","@id":"https:\/\/www.uilscuolaemiliaromagna.it\/public\/er\/#\/schema\/person\/f42878fd07a4b6ba2b7153d4fad5de5e","name":"admin","image":{"@type":"ImageObject","inLanguage":"it-IT","@id":"https:\/\/www.uilscuolaemiliaromagna.it\/public\/er\/#\/schema\/person\/image\/","url":"https:\/\/secure.gravatar.com\/avatar\/aebf815ae2f30ffdae8b8c247273d34c?s=96&d=mm&r=g","contentUrl":"https:\/\/secure.gravatar.com\/avatar\/aebf815ae2f30ffdae8b8c247273d34c?s=96&d=mm&r=g","caption":"admin"},"url":"https:\/\/www.uilscuolaemiliaromagna.it\/public\/er\/author\/admin\/"}]}},"views":1323,"_links":{"self":[{"href":"https:\/\/www.uilscuolaemiliaromagna.it\/public\/er\/wp-json\/wp\/v2\/posts\/1582"}],"collection":[{"href":"https:\/\/www.uilscuolaemiliaromagna.it\/public\/er\/wp-json\/wp\/v2\/posts"}],"about":[{"href":"https:\/\/www.uilscuolaemiliaromagna.it\/public\/er\/wp-json\/wp\/v2\/types\/post"}],"author":[{"embeddable":true,"href":"https:\/\/www.uilscuolaemiliaromagna.it\/public\/er\/wp-json\/wp\/v2\/users\/1"}],"replies":[{"embeddable":true,"href":"https:\/\/www.uilscuolaemiliaromagna.it\/public\/er\/wp-json\/wp\/v2\/comments?post=1582"}],"version-history":[{"count":1,"href":"https:\/\/www.uilscuolaemiliaromagna.it\/public\/er\/wp-json\/wp\/v2\/posts\/1582\/revisions"}],"predecessor-version":[{"id":1583,"href":"https:\/\/www.uilscuolaemiliaromagna.it\/public\/er\/wp-json\/wp\/v2\/posts\/1582\/revisions\/1583"}],"wp:attachment":[{"href":"https:\/\/www.uilscuolaemiliaromagna.it\/public\/er\/wp-json\/wp\/v2\/media?parent=1582"}],"wp:term":[{"taxonomy":"category","embeddable":true,"href":"https:\/\/www.uilscuolaemiliaromagna.it\/public\/er\/wp-json\/wp\/v2\/categories?post=1582"},{"taxonomy":"post_tag","embeddable":true,"href":"https:\/\/www.uilscuolaemiliaromagna.it\/public\/er\/wp-json\/wp\/v2\/tags?post=1582"}],"curies":[{"name":"wp","href":"https:\/\/api.w.org\/{rel}","templated":true}]}}