{"id":15980,"date":"2026-03-04T23:51:10","date_gmt":"2026-03-04T22:51:10","guid":{"rendered":"https:\/\/www.uilscuolaemiliaromagna.it\/public\/er\/?p=15980"},"modified":"2026-03-06T06:53:59","modified_gmt":"2026-03-06T05:53:59","slug":"dirigenti-report-incontro-per-sottoscrizione-definitiva-ipotesi-ccni-19-giugno-2025","status":"publish","type":"post","link":"https:\/\/www.uilscuolaemiliaromagna.it\/public\/er\/2026\/03\/04\/dirigenti-report-incontro-per-sottoscrizione-definitiva-ipotesi-ccni-19-giugno-2025\/","title":{"rendered":"Dirigenti, report incontro per sottoscrizione definitiva Ipotesi CCNI 19 giugno 2025"},"content":{"rendered":"<div>\n<p style=\"text-align: justify;\" data-start=\"78\" data-end=\"305\"><strong data-start=\"78\" data-end=\"305\">RIPARTO E IMPIEGO DELLE RISORSE INTEGRATIVE DEI FF.UU.NN. PER LA DIRIGENZA SCOLASTICA, PER GLI ANNI SCOLASTICI 2020\/2021, 2021\/2022 E 2022\/2023<\/strong><\/p>\n<p style=\"text-align: justify;\" data-start=\"307\" data-end=\"592\">In data 4 marzo 2026 si \u00e8 svolto l\u2019incontro per la sottoscrizione definitiva dell\u2019Ipotesi di C.C.N.I. del 19 giugno 2025, relativa al riparto e all\u2019impiego delle risorse integrative del F.U.N. per la dirigenza scolastica, riferite agli anni scolastici 2020\/2021, 2021\/2022 e 2022\/2023.<br \/>\nL\u2019Amministrazione ha introdotto la riunione illustrando l\u2019iter procedurale che ha finalmente consentito la sottoscrizione definitiva del CCNI, riguardante risorse relative ad annualit\u00e0 pregresse.<\/p>\n<p style=\"text-align: justify;\" data-start=\"791\" data-end=\"958\">Il Contratto ha recepito i rilievi degli Organi di controllo, contenuti nella nota DFP 20 gennaio 2026 n. 3847 e nella connessa nota MEF-IGOP 20 gennaio 2026 n. 13874:<br \/>\n\u2013 art. 2 e 3: intestazione colonna A di ciascuna tabelle, sostituire la sigla \u201cO.D.\u201d con le parole \u201cIstituzioni scolastiche + CPIA\u201d<br \/>\n\u2013\u00a0 art. 4: intestazione della colonna A, sostituire la sigla \u201cO.D.\u201d con le parole \u201cIstituzioni scolastiche + CPIA al netto delle istituzioni scolastiche sottodimensionate con meno di 500 alunni (300 per le istituzioni in piccole isole, comuni montani, o aree geografiche con specificit\u00e0 linguistiche)\u201d<\/p>\n<p style=\"text-align: justify;\" data-start=\"1396\" data-end=\"1561\">Le risorse sono suddivise su base regionale e vanno ad integrare l\u2019indennit\u00e0 di risultato gi\u00e0 percepita sulla base dell\u2019organico di diritto dei Dirigenti scolastici:<\/p>\n<hr \/>\n<h3 style=\"text-align: justify;\" data-start=\"1568\" data-end=\"1616\">2020\/2021: \u20ac 1.731.848,67 (lordo dipendente)<\/h3>\n<p style=\"text-align: justify;\" data-start=\"1620\" data-end=\"1641\">\u2013 Abruzzo \u20ac 40.846,49<br \/>\n\u2013 Basilicata \u20ac 24.338,58<br \/>\n\u2013 Calabria \u20ac 76.190,34<br \/>\n\u2013 Campania \u20ac 208.676,87<br \/>\n\u2013 Emilia-Romagna \u20ac 113.015,67<br \/>\n\u2013 Friuli-Venezia Giuli \u20ac 35.343,85<br \/>\n\u2013 Lazio \u20ac 153.015,59<br \/>\n\u2013 Liguria \u20ac 39.788,29<br \/>\n\u2013 Lombardia \u20ac 241.057,76<br \/>\n\u2013 Marche \u20ac 49.947,00<br \/>\n\u2013 Molise \u20ac 11.005,27<br \/>\n\u2013 Piemonte \u20ac 114.708,78<br \/>\n\u2013 Puglia \u20ac 134.391,29<br \/>\n\u2013 Sardegna \u20ac 57.989,31<br \/>\n\u2013 Sicilia \u20ac 175.872,69<br \/>\n\u2013 Toscana \u20ac 100.740,56<br \/>\n\u2013 Umbria \u20ac 29.417,94<br \/>\n\u2013 Veneto \u20ac 125.502,39<\/p>\n<hr \/>\n<h3 style=\"text-align: justify;\" data-start=\"2087\" data-end=\"2135\">2021\/2022: \u20ac 3.455.797,98 (lordo dipendente)<\/h3>\n<p style=\"text-align: justify;\" data-start=\"2139\" data-end=\"2160\">\u2013 Abruzzo \u20ac 81.756,44<br \/>\n\u2013 Basilicata \u20ac 48.714,98<br \/>\n\u2013 Calabria \u20ac 152.499,05<br \/>\n\u2013 Campania \u20ac 417.254,35<br \/>\n\u2013 Emilia-Romagna \u20ac 226.206,93<br \/>\n\u2013 Friuli-Venezia Giuli \u20ac 70.742,62<br \/>\n\u2013 Lazio \u20ac 305.845,32<br \/>\n\u2013 Liguria \u20ac 79.638,39<br \/>\n\u2013 Lombardia \u20ac 480.795,62<br \/>\n\u2013 Marche \u20ac 98.700,78<br \/>\n\u2013 Molise \u20ac 22.027,64<br \/>\n\u2013 Piemonte \u20ac 228.748,58<br \/>\n\u2013 Puglia \u20ac 268.991,38<br \/>\n\u2013 Sardegna \u20ac 115.645,11<br \/>\n\u2013 Sicilia \u20ac 346.935,34<br \/>\n\u2013 Toscana \u20ac 201.637,64<br \/>\n\u2013 Umbria \u20ac 58.881,58<br \/>\n\u2013 Veneto \u20ac 250.776,21<\/p>\n<hr \/>\n<h3 style=\"text-align: justify;\" data-start=\"2608\" data-end=\"2656\">2022\/2023: \u20ac 3.956.934,47 (lordo dipendente)<\/h3>\n<p style=\"text-align: justify;\" data-start=\"2660\" data-end=\"2681\">\u2013 Abruzzo \u20ac 91.180,46<br \/>\n\u2013 Basilicata \u20ac 54.510,06<br \/>\n\u2013 Calabria \u20ac 167.494,53<br \/>\n\u2013 Campania \u20ac 472.255,30<br \/>\n\u2013 Emilia-Romagna \u20ac 262.639,36<br \/>\n\u2013 Friuli-Venezia Giuli \u20ac 82.260,63<br \/>\n\u2013 Lazio \u20ac 354.315,36<br \/>\n\u2013 Liguria \u20ac 91.180,46<br \/>\n\u2013 Lombardia \u20ac 559.471,39<br \/>\n\u2013 Marche \u20ac 108.524,56<br \/>\n\u2013 Molise \u20ac 25.272,84<br \/>\n\u2013 Piemonte \u20ac 267.099,27<br \/>\n\u2013 Puglia \u20ac 308.229,59<br \/>\n\u2013 Sardegna \u20ac 133.301,86<br \/>\n\u2013 Sicilia \u20ac 396.436,77<br \/>\n\u2013 Toscana \u20ac 227.455,59<br \/>\n\u2013 Umbria \u20ac 66.898,70<br \/>\n\u2013 Veneto \u20ac 288.407,74<\/p>\n<hr \/>\n<p style=\"text-align: justify;\" data-start=\"3130\" data-end=\"3159\"><strong>Posizione della UIL Scuola<\/strong><br \/>\nLa UIL Scuola ha espresso apprezzamento per il lavoro svolto dall\u2019Amministrazione, ma ha al contempo evidenziato il grave ritardo con cui gli Organi di controllo hanno approvato il CCNI.<br \/>\nLa UIL Scuola ha inoltre sottolineato la necessit\u00e0 di procedere rapidamente al pagamento delle somme dovute, anche in considerazione del fatto che si tratta di risorse riferite ad anni precedenti.<br \/>\nL\u2019Amministrazione si \u00e8 impegnata a richiedere un pagamento centralizzato, cos\u00ec come gi\u00e0 avvenuto per il FUN 2023\/2024. Nel frattempo, tutti gli Uffici Scolastici Regionali procedono, in tempi rapidi, al calcolo dell\u2019integrazione dell\u2019indennit\u00e0 di risultato spettante a ciascun Dirigente scolastico, in proporzione a quanto gi\u00e0 percepito.<\/p>\n<p style=\"text-align: justify;\" data-start=\"3886\" data-end=\"4305\">Infine, la UIL Scuola ha segnalato che anche l\u2019ipotesi di CCNI relativa al riparto del FUN 2024\/2025 giace ormai da mesi presso gli Organi di controllo. Il protrarsi di tale ritardo rischia di provocare un danno soprattutto ai Dirigenti che attualmente vengono retribuiti con una fascia superiore rispetto a quella della loro titolarit\u00e0, i quali potrebbero trovarsi costretti a restituire somme indebitamente percepite.<\/p>\n<p style=\"text-align: justify;\" data-start=\"4307\" data-end=\"4458\">L\u2019Amministrazione si \u00e8 impegnata a interloquire con il Dipartimento della Funzione Pubblica al fine di accelerare l\u2019iter di approvazione del Contratto.<br \/>\nPer l\u2019Amministrazione ha partecipato il Direttore generale, la dott.ssa Antonella Iunti.<\/p>\n<p style=\"text-align: justify;\" data-start=\"4552\" data-end=\"4620\" data-is-last-node=\"\" data-is-only-node=\"\">Per la UIL Scuola hanno partecipato Rosa Cirillo e Andrea Codispoti.<\/p>\n<\/div>\n<h6 class=\"clear\" style=\"text-align: justify;\"><em>fonte:\u00a0<a href=\"https:\/\/uilscuola.it\/dirigenti-report-incontro-per-sottoscrizione-definitiva-ipotesi-ccni-19-giugno-2025\/\" target=\"_blank\" rel=\"noopener\">uilscuola.it<\/a><\/em><\/h6>\n<h3><a href=\"https:\/\/www.whatsapp.com\/channel\/0029Va9KtAN5fM5g93lE7D29\" target=\"_blank\" rel=\"noopener\"><img loading=\"lazy\" decoding=\"async\" class=\"aligncenter wp-image-13119 size-medium\" src=\"https:\/\/www.uilscuolaemiliaromagna.it\/public\/er\/wp-content\/uploads\/2024\/03\/canale_whatsapp-300x142.jpg\" sizes=\"(max-width: 300px) 100vw, 300px\" srcset=\"https:\/\/www.uilscuolaemiliaromagna.it\/public\/er\/wp-content\/uploads\/2024\/03\/canale_whatsapp-300x142.jpg 300w, https:\/\/www.uilscuolaemiliaromagna.it\/public\/er\/wp-content\/uploads\/2024\/03\/canale_whatsapp-768x363.jpg 768w, https:\/\/www.uilscuolaemiliaromagna.it\/public\/er\/wp-content\/uploads\/2024\/03\/canale_whatsapp.jpg 800w\" alt=\"\" width=\"300\" height=\"142\" \/><\/a><\/h3>\n<p>&nbsp;<\/p>\n<p><a href=\"https:\/\/www.irasenazionale.it\/wp-content\/uploads\/2024\/03\/Delega_UilScuolaRua_Editabile.pdf\" target=\"_blank\" rel=\"noopener\"><img loading=\"lazy\" decoding=\"async\" class=\"aligncenter wp-image-13111 size-medium\" src=\"https:\/\/www.uilscuolaemiliaromagna.it\/public\/er\/wp-content\/uploads\/2024\/03\/iscriviti-7-2-300x92.png\" sizes=\"(max-width: 300px) 100vw, 300px\" srcset=\"https:\/\/www.uilscuolaemiliaromagna.it\/public\/er\/wp-content\/uploads\/2024\/03\/iscriviti-7-2-300x92.png 300w, https:\/\/www.uilscuolaemiliaromagna.it\/public\/er\/wp-content\/uploads\/2024\/03\/iscriviti-7-2-768x236.png 768w, https:\/\/www.uilscuolaemiliaromagna.it\/public\/er\/wp-content\/uploads\/2024\/03\/iscriviti-7-2.png 800w\" alt=\"\" width=\"300\" height=\"92\" \/><\/a><\/p>\n<h6 style=\"text-align: center;\"><span style=\"color: #0000ff;\"><strong><em>Clicca sull\u2019immagine per iscriverti alla\u00a0Uil Scuola Rua\u00a0di Bologna\u00a0compilando la delega in ogni sua parte e allegando un documento<\/em><\/strong><\/span><br \/>\n<span style=\"color: #0000ff;\"><strong><em>di identit\u00e0 in corso di validit\u00e0.\u00a0<\/em><\/strong><strong><em>Entrambi andranno inviati al seguente indirizzo mail: bologna@uilscuola.it<\/em><\/strong><\/span><\/h6>\n<div id=\"allegati\" style=\"text-align: justify;\"><\/div>\n\n<div class=\"twitter-share\"><a href=\"https:\/\/twitter.com\/intent\/tweet?via=UILScuolaBO_ER\" class=\"twitter-share-button\" data-size=\"large\">Tweet<\/a><\/div>\n","protected":false},"excerpt":{"rendered":"<p>RIPARTO E IMPIEGO DELLE RISORSE INTEGRATIVE DEI FF.UU.NN. PER LA DIRIGENZA SCOLASTICA, PER GLI ANNI SCOLASTICI 2020\/2021, 2021\/2022 E 2022\/2023 In data 4 marzo 2026 &hellip; <\/p>\n","protected":false},"author":1,"featured_media":15981,"comment_status":"closed","ping_status":"open","sticky":false,"template":"","format":"standard","meta":{"footnotes":""},"categories":[3,12],"tags":[],"yoast_head":"<!-- This site is optimized with the Yoast SEO plugin v21.7 - https:\/\/yoast.com\/wordpress\/plugins\/seo\/ -->\r\n<title>Dirigenti, report incontro per sottoscrizione definitiva Ipotesi CCNI 19 giugno 2025 - Uil Scuola Emilia Romagna<\/title>\r\n<meta name=\"robots\" content=\"index, follow, max-snippet:-1, max-image-preview:large, max-video-preview:-1\" \/>\r\n<link rel=\"canonical\" href=\"https:\/\/www.uilscuolaemiliaromagna.it\/public\/er\/2026\/03\/04\/dirigenti-report-incontro-per-sottoscrizione-definitiva-ipotesi-ccni-19-giugno-2025\/\" \/>\r\n<meta property=\"og:locale\" content=\"it_IT\" \/>\r\n<meta property=\"og:type\" content=\"article\" \/>\r\n<meta property=\"og:title\" content=\"Dirigenti, report incontro per sottoscrizione definitiva Ipotesi CCNI 19 giugno 2025 - Uil Scuola Emilia Romagna\" \/>\r\n<meta property=\"og:description\" content=\"RIPARTO E IMPIEGO DELLE RISORSE INTEGRATIVE DEI FF.UU.NN. PER LA DIRIGENZA SCOLASTICA, PER GLI ANNI SCOLASTICI 2020\/2021, 2021\/2022 E 2022\/2023 In data 4 marzo 2026 &hellip;\" \/>\r\n<meta property=\"og:url\" content=\"https:\/\/www.uilscuolaemiliaromagna.it\/public\/er\/2026\/03\/04\/dirigenti-report-incontro-per-sottoscrizione-definitiva-ipotesi-ccni-19-giugno-2025\/\" \/>\r\n<meta property=\"og:site_name\" content=\"Uil Scuola Emilia Romagna\" \/>\r\n<meta property=\"article:published_time\" content=\"2026-03-04T22:51:10+00:00\" \/>\r\n<meta property=\"article:modified_time\" content=\"2026-03-06T05:53:59+00:00\" \/>\r\n<meta property=\"og:image\" content=\"https:\/\/www.uilscuolaemiliaromagna.it\/public\/er\/wp-content\/uploads\/2026\/03\/DIRIGENTI-1024x772-1.jpg\" \/>\r\n\t<meta property=\"og:image:width\" content=\"796\" \/>\r\n\t<meta property=\"og:image:height\" content=\"600\" \/>\r\n\t<meta property=\"og:image:type\" content=\"image\/jpeg\" \/>\r\n<meta name=\"author\" content=\"admin\" \/>\r\n<meta name=\"twitter:card\" content=\"summary_large_image\" \/>\r\n<meta name=\"twitter:label1\" content=\"Scritto da\" \/>\n\t<meta name=\"twitter:data1\" content=\"admin\" \/>\n\t<meta name=\"twitter:label2\" content=\"Tempo di lettura stimato\" \/>\n\t<meta name=\"twitter:data2\" content=\"4 minuti\" \/>\r\n<script type=\"application\/ld+json\" class=\"yoast-schema-graph\">{\"@context\":\"https:\/\/schema.org\",\"@graph\":[{\"@type\":\"Article\",\"@id\":\"https:\/\/www.uilscuolaemiliaromagna.it\/public\/er\/2026\/03\/04\/dirigenti-report-incontro-per-sottoscrizione-definitiva-ipotesi-ccni-19-giugno-2025\/#article\",\"isPartOf\":{\"@id\":\"https:\/\/www.uilscuolaemiliaromagna.it\/public\/er\/2026\/03\/04\/dirigenti-report-incontro-per-sottoscrizione-definitiva-ipotesi-ccni-19-giugno-2025\/\"},\"author\":{\"name\":\"admin\",\"@id\":\"https:\/\/www.uilscuolaemiliaromagna.it\/public\/er\/#\/schema\/person\/f42878fd07a4b6ba2b7153d4fad5de5e\"},\"headline\":\"Dirigenti, report incontro per sottoscrizione definitiva Ipotesi CCNI 19 giugno 2025\",\"datePublished\":\"2026-03-04T22:51:10+00:00\",\"dateModified\":\"2026-03-06T05:53:59+00:00\",\"mainEntityOfPage\":{\"@id\":\"https:\/\/www.uilscuolaemiliaromagna.it\/public\/er\/2026\/03\/04\/dirigenti-report-incontro-per-sottoscrizione-definitiva-ipotesi-ccni-19-giugno-2025\/\"},\"wordCount\":527,\"publisher\":{\"@id\":\"https:\/\/www.uilscuolaemiliaromagna.it\/public\/er\/#organization\"},\"articleSection\":[\"Dirigenti\",\"Notizie\"],\"inLanguage\":\"it-IT\"},{\"@type\":\"WebPage\",\"@id\":\"https:\/\/www.uilscuolaemiliaromagna.it\/public\/er\/2026\/03\/04\/dirigenti-report-incontro-per-sottoscrizione-definitiva-ipotesi-ccni-19-giugno-2025\/\",\"url\":\"https:\/\/www.uilscuolaemiliaromagna.it\/public\/er\/2026\/03\/04\/dirigenti-report-incontro-per-sottoscrizione-definitiva-ipotesi-ccni-19-giugno-2025\/\",\"name\":\"Dirigenti, report incontro per sottoscrizione definitiva Ipotesi CCNI 19 giugno 2025 - Uil Scuola Emilia Romagna\",\"isPartOf\":{\"@id\":\"https:\/\/www.uilscuolaemiliaromagna.it\/public\/er\/#website\"},\"datePublished\":\"2026-03-04T22:51:10+00:00\",\"dateModified\":\"2026-03-06T05:53:59+00:00\",\"breadcrumb\":{\"@id\":\"https:\/\/www.uilscuolaemiliaromagna.it\/public\/er\/2026\/03\/04\/dirigenti-report-incontro-per-sottoscrizione-definitiva-ipotesi-ccni-19-giugno-2025\/#breadcrumb\"},\"inLanguage\":\"it-IT\",\"potentialAction\":[{\"@type\":\"ReadAction\",\"target\":[\"https:\/\/www.uilscuolaemiliaromagna.it\/public\/er\/2026\/03\/04\/dirigenti-report-incontro-per-sottoscrizione-definitiva-ipotesi-ccni-19-giugno-2025\/\"]}]},{\"@type\":\"BreadcrumbList\",\"@id\":\"https:\/\/www.uilscuolaemiliaromagna.it\/public\/er\/2026\/03\/04\/dirigenti-report-incontro-per-sottoscrizione-definitiva-ipotesi-ccni-19-giugno-2025\/#breadcrumb\",\"itemListElement\":[{\"@type\":\"ListItem\",\"position\":1,\"name\":\"Home\",\"item\":\"https:\/\/www.uilscuolaemiliaromagna.it\/public\/er\/\"},{\"@type\":\"ListItem\",\"position\":2,\"name\":\"Dirigenti, report incontro per sottoscrizione definitiva Ipotesi CCNI 19 giugno 2025\"}]},{\"@type\":\"WebSite\",\"@id\":\"https:\/\/www.uilscuolaemiliaromagna.it\/public\/er\/#website\",\"url\":\"https:\/\/www.uilscuolaemiliaromagna.it\/public\/er\/\",\"name\":\"Uil Scuola Emilia Romagna\",\"description\":\"La voce libera della scuola\",\"publisher\":{\"@id\":\"https:\/\/www.uilscuolaemiliaromagna.it\/public\/er\/#organization\"},\"potentialAction\":[{\"@type\":\"SearchAction\",\"target\":{\"@type\":\"EntryPoint\",\"urlTemplate\":\"https:\/\/www.uilscuolaemiliaromagna.it\/public\/er\/?s={search_term_string}\"},\"query-input\":\"required name=search_term_string\"}],\"inLanguage\":\"it-IT\"},{\"@type\":\"Organization\",\"@id\":\"https:\/\/www.uilscuolaemiliaromagna.it\/public\/er\/#organization\",\"name\":\"Uil Scuola Emilia Romagna\",\"url\":\"https:\/\/www.uilscuolaemiliaromagna.it\/public\/er\/\",\"logo\":{\"@type\":\"ImageObject\",\"inLanguage\":\"it-IT\",\"@id\":\"https:\/\/www.uilscuolaemiliaromagna.it\/public\/er\/#\/schema\/logo\/image\/\",\"url\":\"https:\/\/www.uilscuolaemiliaromagna.it\/public\/er\/wp-content\/uploads\/2017\/04\/cropped-header.png\",\"contentUrl\":\"https:\/\/www.uilscuolaemiliaromagna.it\/public\/er\/wp-content\/uploads\/2017\/04\/cropped-header.png\",\"width\":1000,\"height\":150,\"caption\":\"Uil Scuola Emilia Romagna\"},\"image\":{\"@id\":\"https:\/\/www.uilscuolaemiliaromagna.it\/public\/er\/#\/schema\/logo\/image\/\"}},{\"@type\":\"Person\",\"@id\":\"https:\/\/www.uilscuolaemiliaromagna.it\/public\/er\/#\/schema\/person\/f42878fd07a4b6ba2b7153d4fad5de5e\",\"name\":\"admin\",\"image\":{\"@type\":\"ImageObject\",\"inLanguage\":\"it-IT\",\"@id\":\"https:\/\/www.uilscuolaemiliaromagna.it\/public\/er\/#\/schema\/person\/image\/\",\"url\":\"https:\/\/secure.gravatar.com\/avatar\/aebf815ae2f30ffdae8b8c247273d34c?s=96&d=mm&r=g\",\"contentUrl\":\"https:\/\/secure.gravatar.com\/avatar\/aebf815ae2f30ffdae8b8c247273d34c?s=96&d=mm&r=g\",\"caption\":\"admin\"},\"url\":\"https:\/\/www.uilscuolaemiliaromagna.it\/public\/er\/author\/admin\/\"}]}<\/script>\r\n<!-- \/ Yoast SEO plugin. -->","yoast_head_json":{"title":"Dirigenti, report incontro per sottoscrizione definitiva Ipotesi CCNI 19 giugno 2025 - Uil Scuola Emilia Romagna","robots":{"index":"index","follow":"follow","max-snippet":"max-snippet:-1","max-image-preview":"max-image-preview:large","max-video-preview":"max-video-preview:-1"},"canonical":"https:\/\/www.uilscuolaemiliaromagna.it\/public\/er\/2026\/03\/04\/dirigenti-report-incontro-per-sottoscrizione-definitiva-ipotesi-ccni-19-giugno-2025\/","og_locale":"it_IT","og_type":"article","og_title":"Dirigenti, report incontro per sottoscrizione definitiva Ipotesi CCNI 19 giugno 2025 - Uil Scuola Emilia Romagna","og_description":"RIPARTO E IMPIEGO DELLE RISORSE INTEGRATIVE DEI FF.UU.NN. PER LA DIRIGENZA SCOLASTICA, PER GLI ANNI SCOLASTICI 2020\/2021, 2021\/2022 E 2022\/2023 In data 4 marzo 2026 &hellip;","og_url":"https:\/\/www.uilscuolaemiliaromagna.it\/public\/er\/2026\/03\/04\/dirigenti-report-incontro-per-sottoscrizione-definitiva-ipotesi-ccni-19-giugno-2025\/","og_site_name":"Uil Scuola Emilia Romagna","article_published_time":"2026-03-04T22:51:10+00:00","article_modified_time":"2026-03-06T05:53:59+00:00","og_image":[{"width":796,"height":600,"url":"https:\/\/www.uilscuolaemiliaromagna.it\/public\/er\/wp-content\/uploads\/2026\/03\/DIRIGENTI-1024x772-1.jpg","type":"image\/jpeg"}],"author":"admin","twitter_card":"summary_large_image","twitter_misc":{"Scritto da":"admin","Tempo di lettura stimato":"4 minuti"},"schema":{"@context":"https:\/\/schema.org","@graph":[{"@type":"Article","@id":"https:\/\/www.uilscuolaemiliaromagna.it\/public\/er\/2026\/03\/04\/dirigenti-report-incontro-per-sottoscrizione-definitiva-ipotesi-ccni-19-giugno-2025\/#article","isPartOf":{"@id":"https:\/\/www.uilscuolaemiliaromagna.it\/public\/er\/2026\/03\/04\/dirigenti-report-incontro-per-sottoscrizione-definitiva-ipotesi-ccni-19-giugno-2025\/"},"author":{"name":"admin","@id":"https:\/\/www.uilscuolaemiliaromagna.it\/public\/er\/#\/schema\/person\/f42878fd07a4b6ba2b7153d4fad5de5e"},"headline":"Dirigenti, report incontro per sottoscrizione definitiva Ipotesi CCNI 19 giugno 2025","datePublished":"2026-03-04T22:51:10+00:00","dateModified":"2026-03-06T05:53:59+00:00","mainEntityOfPage":{"@id":"https:\/\/www.uilscuolaemiliaromagna.it\/public\/er\/2026\/03\/04\/dirigenti-report-incontro-per-sottoscrizione-definitiva-ipotesi-ccni-19-giugno-2025\/"},"wordCount":527,"publisher":{"@id":"https:\/\/www.uilscuolaemiliaromagna.it\/public\/er\/#organization"},"articleSection":["Dirigenti","Notizie"],"inLanguage":"it-IT"},{"@type":"WebPage","@id":"https:\/\/www.uilscuolaemiliaromagna.it\/public\/er\/2026\/03\/04\/dirigenti-report-incontro-per-sottoscrizione-definitiva-ipotesi-ccni-19-giugno-2025\/","url":"https:\/\/www.uilscuolaemiliaromagna.it\/public\/er\/2026\/03\/04\/dirigenti-report-incontro-per-sottoscrizione-definitiva-ipotesi-ccni-19-giugno-2025\/","name":"Dirigenti, report incontro per sottoscrizione definitiva Ipotesi CCNI 19 giugno 2025 - Uil Scuola Emilia Romagna","isPartOf":{"@id":"https:\/\/www.uilscuolaemiliaromagna.it\/public\/er\/#website"},"datePublished":"2026-03-04T22:51:10+00:00","dateModified":"2026-03-06T05:53:59+00:00","breadcrumb":{"@id":"https:\/\/www.uilscuolaemiliaromagna.it\/public\/er\/2026\/03\/04\/dirigenti-report-incontro-per-sottoscrizione-definitiva-ipotesi-ccni-19-giugno-2025\/#breadcrumb"},"inLanguage":"it-IT","potentialAction":[{"@type":"ReadAction","target":["https:\/\/www.uilscuolaemiliaromagna.it\/public\/er\/2026\/03\/04\/dirigenti-report-incontro-per-sottoscrizione-definitiva-ipotesi-ccni-19-giugno-2025\/"]}]},{"@type":"BreadcrumbList","@id":"https:\/\/www.uilscuolaemiliaromagna.it\/public\/er\/2026\/03\/04\/dirigenti-report-incontro-per-sottoscrizione-definitiva-ipotesi-ccni-19-giugno-2025\/#breadcrumb","itemListElement":[{"@type":"ListItem","position":1,"name":"Home","item":"https:\/\/www.uilscuolaemiliaromagna.it\/public\/er\/"},{"@type":"ListItem","position":2,"name":"Dirigenti, report incontro per sottoscrizione definitiva Ipotesi CCNI 19 giugno 2025"}]},{"@type":"WebSite","@id":"https:\/\/www.uilscuolaemiliaromagna.it\/public\/er\/#website","url":"https:\/\/www.uilscuolaemiliaromagna.it\/public\/er\/","name":"Uil Scuola Emilia Romagna","description":"La voce libera della scuola","publisher":{"@id":"https:\/\/www.uilscuolaemiliaromagna.it\/public\/er\/#organization"},"potentialAction":[{"@type":"SearchAction","target":{"@type":"EntryPoint","urlTemplate":"https:\/\/www.uilscuolaemiliaromagna.it\/public\/er\/?s={search_term_string}"},"query-input":"required name=search_term_string"}],"inLanguage":"it-IT"},{"@type":"Organization","@id":"https:\/\/www.uilscuolaemiliaromagna.it\/public\/er\/#organization","name":"Uil Scuola Emilia Romagna","url":"https:\/\/www.uilscuolaemiliaromagna.it\/public\/er\/","logo":{"@type":"ImageObject","inLanguage":"it-IT","@id":"https:\/\/www.uilscuolaemiliaromagna.it\/public\/er\/#\/schema\/logo\/image\/","url":"https:\/\/www.uilscuolaemiliaromagna.it\/public\/er\/wp-content\/uploads\/2017\/04\/cropped-header.png","contentUrl":"https:\/\/www.uilscuolaemiliaromagna.it\/public\/er\/wp-content\/uploads\/2017\/04\/cropped-header.png","width":1000,"height":150,"caption":"Uil Scuola Emilia Romagna"},"image":{"@id":"https:\/\/www.uilscuolaemiliaromagna.it\/public\/er\/#\/schema\/logo\/image\/"}},{"@type":"Person","@id":"https:\/\/www.uilscuolaemiliaromagna.it\/public\/er\/#\/schema\/person\/f42878fd07a4b6ba2b7153d4fad5de5e","name":"admin","image":{"@type":"ImageObject","inLanguage":"it-IT","@id":"https:\/\/www.uilscuolaemiliaromagna.it\/public\/er\/#\/schema\/person\/image\/","url":"https:\/\/secure.gravatar.com\/avatar\/aebf815ae2f30ffdae8b8c247273d34c?s=96&d=mm&r=g","contentUrl":"https:\/\/secure.gravatar.com\/avatar\/aebf815ae2f30ffdae8b8c247273d34c?s=96&d=mm&r=g","caption":"admin"},"url":"https:\/\/www.uilscuolaemiliaromagna.it\/public\/er\/author\/admin\/"}]}},"views":102,"_links":{"self":[{"href":"https:\/\/www.uilscuolaemiliaromagna.it\/public\/er\/wp-json\/wp\/v2\/posts\/15980"}],"collection":[{"href":"https:\/\/www.uilscuolaemiliaromagna.it\/public\/er\/wp-json\/wp\/v2\/posts"}],"about":[{"href":"https:\/\/www.uilscuolaemiliaromagna.it\/public\/er\/wp-json\/wp\/v2\/types\/post"}],"author":[{"embeddable":true,"href":"https:\/\/www.uilscuolaemiliaromagna.it\/public\/er\/wp-json\/wp\/v2\/users\/1"}],"replies":[{"embeddable":true,"href":"https:\/\/www.uilscuolaemiliaromagna.it\/public\/er\/wp-json\/wp\/v2\/comments?post=15980"}],"version-history":[{"count":1,"href":"https:\/\/www.uilscuolaemiliaromagna.it\/public\/er\/wp-json\/wp\/v2\/posts\/15980\/revisions"}],"predecessor-version":[{"id":15982,"href":"https:\/\/www.uilscuolaemiliaromagna.it\/public\/er\/wp-json\/wp\/v2\/posts\/15980\/revisions\/15982"}],"wp:featuredmedia":[{"embeddable":true,"href":"https:\/\/www.uilscuolaemiliaromagna.it\/public\/er\/wp-json\/wp\/v2\/media\/15981"}],"wp:attachment":[{"href":"https:\/\/www.uilscuolaemiliaromagna.it\/public\/er\/wp-json\/wp\/v2\/media?parent=15980"}],"wp:term":[{"taxonomy":"category","embeddable":true,"href":"https:\/\/www.uilscuolaemiliaromagna.it\/public\/er\/wp-json\/wp\/v2\/categories?post=15980"},{"taxonomy":"post_tag","embeddable":true,"href":"https:\/\/www.uilscuolaemiliaromagna.it\/public\/er\/wp-json\/wp\/v2\/tags?post=15980"}],"curies":[{"name":"wp","href":"https:\/\/api.w.org\/{rel}","templated":true}]}}