{"id":15991,"date":"2026-03-10T19:34:35","date_gmt":"2026-03-10T18:34:35","guid":{"rendered":"https:\/\/www.uilscuolaemiliaromagna.it\/public\/er\/?p=15991"},"modified":"2026-03-10T19:34:35","modified_gmt":"2026-03-10T18:34:35","slug":"mobilita-2026-27-cambiano-le-deroghe-ai-vincoli-figli-fino-a-14-anni-escluso-il-ricongiungimento-al-genitore-over-65","status":"publish","type":"post","link":"https:\/\/www.uilscuolaemiliaromagna.it\/public\/er\/2026\/03\/10\/mobilita-2026-27-cambiano-le-deroghe-ai-vincoli-figli-fino-a-14-anni-escluso-il-ricongiungimento-al-genitore-over-65\/","title":{"rendered":"Mobilit\u00e0 2026\/27: cambiano le deroghe ai vincoli. Figli fino a 14 anni, escluso il ricongiungimento al genitore over 65"},"content":{"rendered":"<p style=\"text-align: justify;\"><strong><em>Apertura delle domande presumibilmente dal 16 marzo.\u00a0<\/em><\/strong><\/p>\n<p style=\"text-align: justify;\">Si \u00e8 svolto\u00a0<strong>il 10 marzo<\/strong>\u00a0l\u2019incontro al Ministero dell\u2019Istruzione e del Merito relativo alla\u00a0<strong>mobilit\u00e0 del personale docente, educativo e ATA per l\u2019a.s. 2026\/2027<\/strong>.<br \/>\nA seguito dei rilievi sull\u2019ipotesi di\u00a0<strong>CCNI sulla mobilit\u00e0 2025\/2028<\/strong>, le organizzazioni sindacali firmatarie dell\u2019accordo (<strong>tra cui non \u00e8 presente la UIL Scuola<\/strong>) hanno proceduto alla sottoscrizione del contratto definitivo introducendo alcune modifiche rilevanti.<\/p>\n<p style=\"text-align: justify;\">In particolare sono state apportate\u00a0<strong>due modifiche significative alle deroghe ai vincoli di permanenza per il personale docente e per l\u2019Area dei Funzionari ed Elevata Qualificazione:<br \/>\n<\/strong>\u2013 La prima riguarda la\u00a0<strong>deroga legata alla presenza di figli<\/strong>, che \u00e8 stata ridotta: si passa da\u00a0<strong>figli fino a 16 anni<\/strong>\u00a0a\u00a0<strong>figli fino a 14 anni<\/strong>.<br \/>\n\u2013 La seconda modifica riguarda il\u00a0<strong>ricongiungimento familiare<\/strong>:\u00a0<strong>non \u00e8 pi\u00f9 consentito superare il vincolo triennale per ricongiungersi al genitore over 65<\/strong><\/p>\n<p style=\"text-align: justify;\">La UIL Scuola, non firmataria del CCNI in vigore, ha ribadito la propria posizione critica rispetto al sistema dei vincoli, ritenendo necessario garantire una maggiore tutela della continuit\u00e0 familiare (ricongiungimento al genitore) e personale dei lavoratori della scuola.<\/p>\n<p style=\"text-align: justify;\">Per la UIL Scuola la materia della mobilit\u00e0 deve rientrare nell\u2019alveo della contrattazione nazionale, come da sempre sostenuto in tutti gli incontri politici e istituzionali. Questa sar\u00e0 la posizione che continueremo a sostenere, per la parte giuridica, in fase di rinnovo del prossimo CCNL del comparto Istruzione e Ricerca.<\/p>\n<hr \/>\n<p style=\"text-align: justify;\"><strong>Presentazioni domande (date da confermare)<br \/>\n<\/strong>\u2013 Personale docente: dal 16 marzo al 2 aprile \u2013 pubblicazione movimenti 29 maggio 2026;<br \/>\n\u2013 Personale educativo: dal 16 marzo al 7 aprile \u2013 pubblicazione movimenti 4 giugno 2026;<br \/>\n\u2013 Personale ATA: dal 23 marzo al 9 aprile \u2013 pubblicazione movimenti 10 giugno 2026.<br \/>\n\u2013 Docenti di Religione Cattolica: dal 21 marzo al 17 aprile \u2013 pubblicazione movimenti 5 giugno 2026.<\/p>\n<p style=\"text-align: justify;\">Sui tempi di presentazione delle domande, la UIL Scuola ha chiesto uno slittamento rispetto alle date indicate nella bozza dell\u2019ordinanza, al fine di garantire tempi pi\u00f9 adeguati per la compilazione delle istanze. La richiesta \u00e8 sia per i docenti, ma riguarda in particolare il personale ATA, il cui termine per la presentazione delle domande ricade nella settimana di Pasqua, con evidenti difficolt\u00e0 operative per il personale.<\/p>\n<hr \/>\n<p style=\"text-align: justify;\"><strong>Personale docente che pu\u00f2 presentare domanda<br \/>\n<\/strong><strong>Assunti a tempo indeterminato entro l\u2019a.s. 2023\/24<\/strong>\u00a0che nel\u00a0<strong>2024\/25 e\/o 2025\/26<\/strong>:<br \/>\n\u2013 non hanno presentato domanda di mobilit\u00e0 o non hanno ottenuto movimento;<br \/>\n\u2013 hanno ottenuto mobilit\u00e0 nella stessa provincia tramite codice sintetico (comune\/distretto);<br \/>\n\u2013 hanno ottenuto mobilit\u00e0 in altra provincia tramite codice sintetico (comune\/distretto\/provincia).<br \/>\n<strong>Tali docenti possono presentare domanda di mobilit\u00e0 provinciale e\/o interprovinciale senza necessit\u00e0 di deroghe.<br \/>\n<\/strong><\/p>\n<hr \/>\n<p style=\"text-align: justify;\"><strong>Particolarit\u00e0<br \/>\n<\/strong>\u00c8 altres\u00ec escluso dal vincolo e pu\u00f2 presentare domanda\u00a0<strong>senza ricorrere alle deroghe<\/strong>:<br \/>\n1) il docente assunto a\u00a0<strong>tempo determinato il 1\u00b0 settembre 2023 da GPS I fascia sostegno<\/strong>,\u00a0<strong>confermato in ruolo il 1\u00b0 settembre 2024<\/strong>, con\u00a0<strong>retrodatazione giuridica al 1\u00b0 settembre 2023<\/strong>;<br \/>\n2) analogamente, il\u00a0<strong>docente assunto da concorso straordinario bis nel 2023\/2024<\/strong>\u00a0e\u00a0<strong>confermato in ruolo nel 2024\/2025<\/strong>\u00a0<em>(l\u2019anno svolto a tempo determinato \u00e8 comunque computato nel triennio di blocco).<br \/>\n<\/em><\/p>\n<hr \/>\n<p style=\"text-align: justify;\"><strong>Divieto di domanda di mobilit\u00e0 (anche in presenza di deroghe)<br \/>\n<\/strong><strong>Non pu\u00f2 presentare domanda di mobilit\u00e0 per l\u2019a.s. 2026\/2027<\/strong>\u00a0il docente che nell\u2019a.s.\u00a0<strong>2025\/2026<\/strong>\u00a0sia:<br \/>\n\u2013 assunto a T.D. da GPS I fascia sostegno;<br \/>\n\u2013 assunto a T.D. da concorso straordinario bis;<br \/>\n\u2013 assunto a T.D. da concorso PNRR in attesa di abilitazione.<br \/>\nIl divieto \u00e8\u00a0<strong>assoluto<\/strong>\u00a0e non sono previste deroghe.<\/p>\n<hr \/>\n<p style=\"text-align: justify;\"><strong>Divieto di domanda di mobilit\u00e0 (salvo deroghe)<br \/>\n<\/strong>Non possono presentare domanda di mobilit\u00e0 i docenti:<br \/>\n<strong>\u2013 assunti a tempo indeterminato dal 1\u00b0 settembre 2024<\/strong>\u00a0(anche con sola decorrenza giuridica);<br \/>\n<strong>\u2013 assunti dal 1\u00b0 settembre 2025 con decorrenza economica;<\/strong><br \/>\n\u2013 chi ha ottenuto\u00a0<strong>nell\u2019a.s. 2024\/25 o 2025\/26<\/strong>\u00a0la titolarit\u00e0 su una scuola\u00a0<strong>richiesta<\/strong>\u00a0<strong>in modo puntuale<\/strong>\u00a0con domanda volontaria.<\/p>\n<p style=\"text-align: justify;\"><strong>Rientra nel vincolo triennale anche<\/strong>\u00a0il docente assunto da\u00a0<strong>GPS I fascia sostegno nel 2024<\/strong>, confermato in ruolo nel\u00a0<strong>2025 con retrodatazione giuridica al 1\/9\/2024<\/strong>.<\/p>\n<p style=\"text-align: justify;\">Per tali docenti la\u00a0<strong>domanda \u00e8 possibile solo in presenza delle deroghe previste.<br \/>\n<\/strong><\/p>\n<hr \/>\n<p style=\"text-align: justify;\"><strong>Deroghe al vincolo<br \/>\n<\/strong>Possono presentare domanda di mobilit\u00e0 i docenti soggetti al vincolo triennale che rientrano in una delle seguenti categorie:<br \/>\n<strong>a) Genitori di figli fino a 14 anni<\/strong>\u00a0(per adottivi\/affidatari: entro 14 anni dall\u2019ingresso in famiglia e comunque non oltre la maggiore et\u00e0).<br \/>\n<strong>b) Docenti con disabilit\u00e0<\/strong>\u00a0o che\u00a0<strong>assistono familiare con disabilit\u00e0 grave<\/strong>\u00a0(artt. 21 e 33, commi 3, 5 e 6 104\/92).<br \/>\n<strong>c) Fruizione del congedo biennale<\/strong>\u00a0per assistenza a disabile (art. 42 c.5 D.Lgs. 151\/2001).<br \/>\n<strong>d) Coniuge o figlio di mutilato\/invalido civile<\/strong>\u00a0(L.118\/1971).<\/p>\n<hr \/>\n<p style=\"text-align: justify;\"><strong>Altri casi di domanda anche con vincolo<br \/>\n<\/strong><strong>1) Docenti in soprannumero o esubero<\/strong>.<br \/>\n<strong>2) Docenti con vincolo per preferenza puntuale<\/strong>\u00a0di scuola se:<br \/>\n\u2013 beneficiano di\u00a0<strong>precedenze art.13 CCNI 2025\/28<\/strong>\u00a0(se assegnati fuori dal comune o distretto sub-comunale di esercizio della precedenza);<br \/>\n<strong>\u2013 trasferiti d\u2019ufficio o con domanda condizionata<\/strong>.<\/p>\n<hr \/>\n<p style=\"text-align: justify;\"><strong>Altre novit\u00e0 e precisazioni previste per l\u2019a.s. 2026\/27 (docenti)<\/strong><\/p>\n<p style=\"text-align: justify;\"><strong>Punteggio del servizio pre-ruolo: differenza tra mobilit\u00e0 a domanda e mobilit\u00e0 d\u2019ufficio<br \/>\n<\/strong>Per l\u2019a.s. 2026\/2027 sono previste modalit\u00e0 diverse di valutazione del servizio pre-ruolo a seconda che si tratti di mobilit\u00e0 a domanda oppure di mobilit\u00e0 d\u2019ufficio.<\/p>\n<p style=\"text-align: justify;\"><strong>Mobilit\u00e0 d\u2019ufficio<\/strong><br \/>\nNella mobilit\u00e0 d\u2019ufficio \u2013 che riguarda, ad esempio, la graduatoria interna di istituto o i casi di trasferimento senza domanda (docenti soprannumerari) \u2013 il servizio pre-ruolo \u00e8 valutato:<br \/>\n\u2022 5 punti per ogni anno di servizio pre-ruolo<br \/>\n\u2022 solo se prestato nello stesso ruolo di titolarit\u00e0.<br \/>\nSi segnala che nell\u2019anno scolastico 2025\/2026 ogni anno di servizio pre-ruolo era valutato 4 punti.<\/p>\n<p style=\"text-align: justify;\"><strong>Mobilit\u00e0 a domanda<\/strong><br \/>\nDiverso \u00e8 il caso della mobilit\u00e0 a domanda (trasferimenti e passaggi richiesti volontariamente dal docente).<br \/>\nIn questo caso:<br \/>\n\u2022 il servizio pre-ruolo continua ad essere valutato 6 punti per ogni anno<br \/>\n\u2022 la valutazione \u00e8 per intero indipendentemente dal ruolo o dal grado di scuola in cui la supplenza \u00e8 stata prestata.<\/p>\n<p style=\"text-align: justify;\"><strong><em>Docente titolare su posto di sostegno ADML, ADSL, BDSD<br \/>\n<\/em><\/strong>Nella scuola secondaria di I e II grado il personale docente titolare su posto di sostegno ADML, ADSL, BDSD e in possesso di abilitazione pu\u00f2, qualora abbia assolto il vincolo quinquennale, presentare domanda di trasferimento su posto comune, selezionando sul modulo-domanda una sola classe di concorso per cui detto personale \u00e8 in possesso dell\u2019abilitazione.<\/p>\n<p style=\"text-align: justify;\">Il modulo-domanda di trasferimento presente nel portale Istanze on line mostra, infatti, una nuova sezione \u201cClasse di concorso richiesta\u201d, in cui \u00e8 presente la casella \u201cClasse di concorso per la quale il docente \u00e8 in possesso dell\u2019abilitazione (casella compilabile dai soli titolari su posto di sostegno ADML, ADSL, BDSD)\u201d. Tale casella \u00e8 abilitata soltanto per i docenti titolari sui predetti posti che richiedono il trasferimento su posto comune e la compilazione della casella \u00e8 obbligatoria per i medesimi.<br \/>\nSu questo aspetto la UIL Scuola ha chiesto che, per tali docenti, sia maggiormente chiarita la procedura di presentazione della domanda.<\/p>\n<p style=\"text-align: justify;\"><strong><em>Classi di concorso A-29, A-30, A-56<br \/>\n<\/em><\/strong>I docenti in possesso dell\u2019abilitazione per le classi di concorso A-29, A-30, A-56, possono presentare domanda di passaggio di ruolo e di cattedra per le classi di concorso A-53 Storia della musica, A-55 Strumento musicale negli istituti di istruzione secondaria di II grado, A-63 Tecnologie musicali, A-64 Teoria analisi e composizione se in possesso dei titoli di cui all\u2019allegato E al decreto del Ministro dell\u2019istruzione, dell\u2019universit\u00e0 e della ricerca 9 maggio 2017, n. 259, nonch\u00e9 passaggio di ruolo e di cattedra per la classe di concorso A-55 se in possesso dei titoli di servizio previsti nell\u2019allegato medesimo.<\/p>\n<p style=\"text-align: justify;\"><strong><em>Punteggio scuole di montagna<br \/>\n<\/em><\/strong>La bozza di ordinanza ministeriale precisa che nelle more dell\u2019adozione dei decreti di cui all\u2019articolo 2, comma 2 e all\u2019articolo 7, comma 4, primo periodo, della legge 12 settembre 2025 n. 131, resta fermo quanto previsto dal CCNI riguardo al punteggio attribuito per l\u2019insegnamento nelle scuole primarie di montagna.<\/p>\n<p style=\"text-align: justify;\"><strong><em>Trasferimenti provinciali da posto di sostegno a posto comune<br \/>\n<\/em><\/strong>Per l\u2019a.s. 2026\/2027, i trasferimenti a domanda all\u2019interno della provincia di titolarit\u00e0, da posto di sostegno a posto comune, dei docenti privi di precedenza, sono effettuati sul\u00a0<strong>75%<\/strong>\u00a0dei posti disponibili.<\/p>\n<p style=\"text-align: justify;\"><strong><em>Posto dispari \u2013 destinazione<br \/>\n<\/em><\/strong>Per l\u2019anno scolastico 2026\/2027, ai fini della ripartizione dei posti, il posto dispari \u00e8 attribuito alle\u00a0<strong>immissioni in ruolo.<\/strong><\/p>\n<hr \/>\n<p style=\"text-align: justify;\"><strong>Personale ATA<br \/>\n<\/strong>Possono presentare domanda di mobilit\u00e0:<br \/>\n\u2013 il\u00a0<strong>personale ATA di ruolo provinciale a tempo indeterminato<\/strong>\u00a0alla data di presentazione della domanda;<br \/>\n\u2013 i\u00a0<strong>collaboratori scolastici assunti dalle procedure ex art. 58 DL 69\/2013<\/strong>, immessi in ruolo a tempo pieno o con trasformazione da part-time a full-time (L.178\/2020);<br \/>\n\u2013 il personale\u00a0<strong>assistente amministrativo, assistente tecnico e collaboratore scolastico<\/strong>\u00a0assunto con le procedure della\u00a0<strong>205\/2017<\/strong>, immesso in ruolo a tempo pieno o con trasformazione da part-time a full-time.<\/p>\n<hr \/>\n<p style=\"text-align: justify;\"><strong>Area Funzionari ed Elevata Qualificazione<br \/>\n<\/strong>Il personale neo immesso in ruolo su\u00a0<strong>sede provvisoria<\/strong>, tramite procedura valutativa o concorso, pu\u00f2\u00a0<strong>confermare la sede di servizio<\/strong>\u00a0per acquisirne la\u00a0<strong>titolarit\u00e0 definitiva<\/strong>. In tal caso,\u00a0<strong>l\u2019anno di servizio gi\u00e0 svolto<\/strong>\u00a0su quella sede\u00a0<strong>\u00e8 valido ai fini del vincolo triennale di permanenza<\/strong>\u00a0previsto dall\u2019art. 35, comma 5-bis, del D.Lgs. 165\/2001.<\/p>\n<p style=\"text-align: justify;\">Gli\u00a0<strong>Ambiti Territoriali<\/strong>\u00a0acquisiscono la eventuale conferma\u00a0<strong>prima dell\u2019avvio delle operazioni di mobilit\u00e0 ATA<\/strong>.<br \/>\n<strong>\u2013 In caso di conferma<\/strong>, la sede occupata diventa definitiva e\u00a0<strong>non \u00e8 disponibile per la mobilit\u00e0<\/strong><strong>.<br \/>\n<\/strong><strong>\u2013 In caso di mancata conferma<\/strong>, il personale\u00a0<strong>partecipa alla mobilit\u00e0 territoriale in seconda fase<\/strong><strong>.<\/strong><\/p>\n<p style=\"text-align: justify;\">In ogni caso, dalla\u00a0<strong>sede definitiva di prima assegnazione<\/strong>\u00a0il personale dell\u2019<strong>Area dei Funzionari e dell\u2019Elevata Qualificazione<\/strong>\u00a0\u00e8 soggetto a\u00a0<strong>vincolo triennale di permanenza<\/strong>,\u00a0<strong>salvo le deroghe previste dal CCNI.<br \/>\n<\/strong><\/p>\n<hr \/>\n<p style=\"text-align: justify;\">Per tutti i dettagli si rimanda ai materiali in allegato.<\/p>\n<ul>\n<li><a href=\"https:\/\/www.uilscuolaemiliaromagna.it\/public\/er\/wp-content\/uploads\/2026\/03\/DEROGHE-MOBILITA-26-27-1-2.pdf\" target=\"_blank\" rel=\"noopener\">DEROGHE VINCOLI<\/a><\/li>\n<li><a href=\"https:\/\/www.uilscuolaemiliaromagna.it\/public\/er\/wp-content\/uploads\/2026\/03\/DEROGHE-VINCOLI-MOBILITA.pdf\" target=\"_blank\" rel=\"noopener\">DEROGHE VINCOLI IN PILLOLE<\/a><\/li>\n<li><a href=\"https:\/\/www.uilscuolaemiliaromagna.it\/public\/er\/wp-content\/uploads\/2026\/03\/PRECEDENZE-MOBILITA.pdf\" target=\"_blank\" rel=\"noopener\">PRECEDENZE<\/a><\/li>\n<li><a href=\"https:\/\/www.uilscuolaemiliaromagna.it\/public\/er\/wp-content\/uploads\/2026\/03\/PILLOLE-DI-MOBILITA.pdf\" target=\"_blank\" rel=\"noopener\">PILLOLE DI MOBILITA&#8217;<\/a><\/li>\n<li><a href=\"https:\/\/www.uilscuolaemiliaromagna.it\/public\/er\/wp-content\/uploads\/2026\/03\/CHI-PUO-PRESENTARE-DOMANDA-DI-MOBILITA.pdf\" target=\"_blank\" rel=\"noopener\">CHI PUO&#8217; PRESENTARE DOMANDA<\/a><\/li>\n<\/ul>\n<h1 style=\"text-align: center;\"><span style=\"color: #ff0000;\">Per ulteriori informazioni:<\/span><\/h1>\n<h3 style=\"text-align: center;\"><span style=\"color: #0000ff;\"><em>Serafino 3282258300<\/em><\/span><\/h3>\n<h3 style=\"text-align: center;\"><span style=\"color: #0000ff;\"><em>Marco 3479688040<\/em><\/span><\/h3>\n<h3 style=\"text-align: center;\"><span style=\"color: #0000ff;\"><em>Franco 3917658533<\/em><\/span><\/h3>\n<h3 style=\"text-align: center;\"><span style=\"color: #0000ff;\"><em>Emidio 3917658534<\/em><\/span><\/h3>\n<h3 style=\"text-align: center;\"><span style=\"color: #0000ff;\"><em>Gianluca (sede di Molinella) 3392855649<\/em><\/span><\/h3>\n<p>&nbsp;<\/p>\n<h3><a href=\"https:\/\/www.whatsapp.com\/channel\/0029Va9KtAN5fM5g93lE7D29\" target=\"_blank\" rel=\"noopener\"><img loading=\"lazy\" decoding=\"async\" class=\"aligncenter wp-image-13119 size-medium\" src=\"https:\/\/www.uilscuolaemiliaromagna.it\/public\/er\/wp-content\/uploads\/2024\/03\/canale_whatsapp-300x142.jpg\" sizes=\"(max-width: 300px) 100vw, 300px\" srcset=\"https:\/\/www.uilscuolaemiliaromagna.it\/public\/er\/wp-content\/uploads\/2024\/03\/canale_whatsapp-300x142.jpg 300w, https:\/\/www.uilscuolaemiliaromagna.it\/public\/er\/wp-content\/uploads\/2024\/03\/canale_whatsapp-768x363.jpg 768w, https:\/\/www.uilscuolaemiliaromagna.it\/public\/er\/wp-content\/uploads\/2024\/03\/canale_whatsapp.jpg 800w\" alt=\"\" width=\"300\" height=\"142\" \/><\/a><\/h3>\n<p>&nbsp;<\/p>\n<p><a href=\"https:\/\/www.irasenazionale.it\/wp-content\/uploads\/2024\/03\/Delega_UilScuolaRua_Editabile.pdf\" target=\"_blank\" rel=\"noopener\"><img loading=\"lazy\" decoding=\"async\" class=\"aligncenter wp-image-13111 size-medium\" src=\"https:\/\/www.uilscuolaemiliaromagna.it\/public\/er\/wp-content\/uploads\/2024\/03\/iscriviti-7-2-300x92.png\" sizes=\"(max-width: 300px) 100vw, 300px\" srcset=\"https:\/\/www.uilscuolaemiliaromagna.it\/public\/er\/wp-content\/uploads\/2024\/03\/iscriviti-7-2-300x92.png 300w, https:\/\/www.uilscuolaemiliaromagna.it\/public\/er\/wp-content\/uploads\/2024\/03\/iscriviti-7-2-768x236.png 768w, https:\/\/www.uilscuolaemiliaromagna.it\/public\/er\/wp-content\/uploads\/2024\/03\/iscriviti-7-2.png 800w\" alt=\"\" width=\"300\" height=\"92\" \/><\/a><\/p>\n<h6 style=\"text-align: center;\"><span style=\"color: #0000ff;\"><strong><em>Clicca sull\u2019immagine per iscriverti alla\u00a0Uil Scuola Rua\u00a0di Bologna\u00a0compilando la delega in ogni sua parte e allegando un documento<\/em><\/strong><\/span><br \/>\n<span style=\"color: #0000ff;\"><strong><em>di identit\u00e0 in corso di validit\u00e0.\u00a0<\/em><\/strong><strong><em>Entrambi andranno inviati al seguente indirizzo mail: bologna@uilscuola.it<\/em><\/strong><\/span><\/h6>\n\n<div class=\"twitter-share\"><a href=\"https:\/\/twitter.com\/intent\/tweet?via=UILScuolaBO_ER\" class=\"twitter-share-button\" data-size=\"large\">Tweet<\/a><\/div>\n","protected":false},"excerpt":{"rendered":"<p>Apertura delle domande presumibilmente dal 16 marzo.\u00a0 Si \u00e8 svolto\u00a0il 10 marzo\u00a0l\u2019incontro al Ministero dell\u2019Istruzione e del Merito relativo alla\u00a0mobilit\u00e0 del personale docente, educativo e &hellip; <\/p>\n","protected":false},"author":1,"featured_media":15997,"comment_status":"closed","ping_status":"open","sticky":false,"template":"","format":"standard","meta":{"footnotes":""},"categories":[2,5,12,6],"tags":[],"yoast_head":"<!-- This site is optimized with the Yoast SEO plugin v21.7 - https:\/\/yoast.com\/wordpress\/plugins\/seo\/ -->\r\n<title>Mobilit\u00e0 2026\/27: cambiano le deroghe ai vincoli. Figli fino a 14 anni, escluso il ricongiungimento al genitore over 65 - Uil Scuola Emilia Romagna<\/title>\r\n<meta name=\"robots\" content=\"index, follow, max-snippet:-1, max-image-preview:large, max-video-preview:-1\" \/>\r\n<link rel=\"canonical\" href=\"https:\/\/www.uilscuolaemiliaromagna.it\/public\/er\/2026\/03\/10\/mobilita-2026-27-cambiano-le-deroghe-ai-vincoli-figli-fino-a-14-anni-escluso-il-ricongiungimento-al-genitore-over-65\/\" \/>\r\n<meta property=\"og:locale\" content=\"it_IT\" \/>\r\n<meta property=\"og:type\" content=\"article\" \/>\r\n<meta property=\"og:title\" content=\"Mobilit\u00e0 2026\/27: cambiano le deroghe ai vincoli. Figli fino a 14 anni, escluso il ricongiungimento al genitore over 65 - Uil Scuola Emilia Romagna\" \/>\r\n<meta property=\"og:description\" content=\"Apertura delle domande presumibilmente dal 16 marzo.\u00a0 Si \u00e8 svolto\u00a0il 10 marzo\u00a0l\u2019incontro al Ministero dell\u2019Istruzione e del Merito relativo alla\u00a0mobilit\u00e0 del personale docente, educativo e &hellip;\" \/>\r\n<meta property=\"og:url\" content=\"https:\/\/www.uilscuolaemiliaromagna.it\/public\/er\/2026\/03\/10\/mobilita-2026-27-cambiano-le-deroghe-ai-vincoli-figli-fino-a-14-anni-escluso-il-ricongiungimento-al-genitore-over-65\/\" \/>\r\n<meta property=\"og:site_name\" content=\"Uil Scuola Emilia Romagna\" \/>\r\n<meta property=\"article:published_time\" content=\"2026-03-10T18:34:35+00:00\" \/>\r\n<meta property=\"og:image\" content=\"https:\/\/www.uilscuolaemiliaromagna.it\/public\/er\/wp-content\/uploads\/2026\/03\/mobilita-1.jpg\" \/>\r\n\t<meta property=\"og:image:width\" content=\"431\" \/>\r\n\t<meta property=\"og:image:height\" content=\"309\" \/>\r\n\t<meta property=\"og:image:type\" content=\"image\/jpeg\" \/>\r\n<meta name=\"author\" content=\"admin\" \/>\r\n<meta name=\"twitter:card\" content=\"summary_large_image\" \/>\r\n<meta name=\"twitter:label1\" content=\"Scritto da\" \/>\n\t<meta name=\"twitter:data1\" content=\"admin\" \/>\n\t<meta name=\"twitter:label2\" content=\"Tempo di lettura stimato\" \/>\n\t<meta name=\"twitter:data2\" content=\"10 minuti\" \/>\r\n<script type=\"application\/ld+json\" class=\"yoast-schema-graph\">{\"@context\":\"https:\/\/schema.org\",\"@graph\":[{\"@type\":\"Article\",\"@id\":\"https:\/\/www.uilscuolaemiliaromagna.it\/public\/er\/2026\/03\/10\/mobilita-2026-27-cambiano-le-deroghe-ai-vincoli-figli-fino-a-14-anni-escluso-il-ricongiungimento-al-genitore-over-65\/#article\",\"isPartOf\":{\"@id\":\"https:\/\/www.uilscuolaemiliaromagna.it\/public\/er\/2026\/03\/10\/mobilita-2026-27-cambiano-le-deroghe-ai-vincoli-figli-fino-a-14-anni-escluso-il-ricongiungimento-al-genitore-over-65\/\"},\"author\":{\"name\":\"admin\",\"@id\":\"https:\/\/www.uilscuolaemiliaromagna.it\/public\/er\/#\/schema\/person\/f42878fd07a4b6ba2b7153d4fad5de5e\"},\"headline\":\"Mobilit\u00e0 2026\/27: cambiano le deroghe ai vincoli. Figli fino a 14 anni, escluso il ricongiungimento al genitore over 65\",\"datePublished\":\"2026-03-10T18:34:35+00:00\",\"dateModified\":\"2026-03-10T18:34:35+00:00\",\"mainEntityOfPage\":{\"@id\":\"https:\/\/www.uilscuolaemiliaromagna.it\/public\/er\/2026\/03\/10\/mobilita-2026-27-cambiano-le-deroghe-ai-vincoli-figli-fino-a-14-anni-escluso-il-ricongiungimento-al-genitore-over-65\/\"},\"wordCount\":1566,\"publisher\":{\"@id\":\"https:\/\/www.uilscuolaemiliaromagna.it\/public\/er\/#organization\"},\"articleSection\":[\"ATA\",\"Mobilit\u00e0\",\"Notizie\",\"Personale Docente\"],\"inLanguage\":\"it-IT\"},{\"@type\":\"WebPage\",\"@id\":\"https:\/\/www.uilscuolaemiliaromagna.it\/public\/er\/2026\/03\/10\/mobilita-2026-27-cambiano-le-deroghe-ai-vincoli-figli-fino-a-14-anni-escluso-il-ricongiungimento-al-genitore-over-65\/\",\"url\":\"https:\/\/www.uilscuolaemiliaromagna.it\/public\/er\/2026\/03\/10\/mobilita-2026-27-cambiano-le-deroghe-ai-vincoli-figli-fino-a-14-anni-escluso-il-ricongiungimento-al-genitore-over-65\/\",\"name\":\"Mobilit\u00e0 2026\/27: cambiano le deroghe ai vincoli. Figli fino a 14 anni, escluso il ricongiungimento al genitore over 65 - Uil Scuola Emilia Romagna\",\"isPartOf\":{\"@id\":\"https:\/\/www.uilscuolaemiliaromagna.it\/public\/er\/#website\"},\"datePublished\":\"2026-03-10T18:34:35+00:00\",\"dateModified\":\"2026-03-10T18:34:35+00:00\",\"breadcrumb\":{\"@id\":\"https:\/\/www.uilscuolaemiliaromagna.it\/public\/er\/2026\/03\/10\/mobilita-2026-27-cambiano-le-deroghe-ai-vincoli-figli-fino-a-14-anni-escluso-il-ricongiungimento-al-genitore-over-65\/#breadcrumb\"},\"inLanguage\":\"it-IT\",\"potentialAction\":[{\"@type\":\"ReadAction\",\"target\":[\"https:\/\/www.uilscuolaemiliaromagna.it\/public\/er\/2026\/03\/10\/mobilita-2026-27-cambiano-le-deroghe-ai-vincoli-figli-fino-a-14-anni-escluso-il-ricongiungimento-al-genitore-over-65\/\"]}]},{\"@type\":\"BreadcrumbList\",\"@id\":\"https:\/\/www.uilscuolaemiliaromagna.it\/public\/er\/2026\/03\/10\/mobilita-2026-27-cambiano-le-deroghe-ai-vincoli-figli-fino-a-14-anni-escluso-il-ricongiungimento-al-genitore-over-65\/#breadcrumb\",\"itemListElement\":[{\"@type\":\"ListItem\",\"position\":1,\"name\":\"Home\",\"item\":\"https:\/\/www.uilscuolaemiliaromagna.it\/public\/er\/\"},{\"@type\":\"ListItem\",\"position\":2,\"name\":\"Mobilit\u00e0 2026\/27: cambiano le deroghe ai vincoli. Figli fino a 14 anni, escluso il ricongiungimento al genitore over 65\"}]},{\"@type\":\"WebSite\",\"@id\":\"https:\/\/www.uilscuolaemiliaromagna.it\/public\/er\/#website\",\"url\":\"https:\/\/www.uilscuolaemiliaromagna.it\/public\/er\/\",\"name\":\"Uil Scuola Emilia Romagna\",\"description\":\"La voce libera della scuola\",\"publisher\":{\"@id\":\"https:\/\/www.uilscuolaemiliaromagna.it\/public\/er\/#organization\"},\"potentialAction\":[{\"@type\":\"SearchAction\",\"target\":{\"@type\":\"EntryPoint\",\"urlTemplate\":\"https:\/\/www.uilscuolaemiliaromagna.it\/public\/er\/?s={search_term_string}\"},\"query-input\":\"required name=search_term_string\"}],\"inLanguage\":\"it-IT\"},{\"@type\":\"Organization\",\"@id\":\"https:\/\/www.uilscuolaemiliaromagna.it\/public\/er\/#organization\",\"name\":\"Uil Scuola Emilia Romagna\",\"url\":\"https:\/\/www.uilscuolaemiliaromagna.it\/public\/er\/\",\"logo\":{\"@type\":\"ImageObject\",\"inLanguage\":\"it-IT\",\"@id\":\"https:\/\/www.uilscuolaemiliaromagna.it\/public\/er\/#\/schema\/logo\/image\/\",\"url\":\"https:\/\/www.uilscuolaemiliaromagna.it\/public\/er\/wp-content\/uploads\/2017\/04\/cropped-header.png\",\"contentUrl\":\"https:\/\/www.uilscuolaemiliaromagna.it\/public\/er\/wp-content\/uploads\/2017\/04\/cropped-header.png\",\"width\":1000,\"height\":150,\"caption\":\"Uil Scuola Emilia Romagna\"},\"image\":{\"@id\":\"https:\/\/www.uilscuolaemiliaromagna.it\/public\/er\/#\/schema\/logo\/image\/\"}},{\"@type\":\"Person\",\"@id\":\"https:\/\/www.uilscuolaemiliaromagna.it\/public\/er\/#\/schema\/person\/f42878fd07a4b6ba2b7153d4fad5de5e\",\"name\":\"admin\",\"image\":{\"@type\":\"ImageObject\",\"inLanguage\":\"it-IT\",\"@id\":\"https:\/\/www.uilscuolaemiliaromagna.it\/public\/er\/#\/schema\/person\/image\/\",\"url\":\"https:\/\/secure.gravatar.com\/avatar\/aebf815ae2f30ffdae8b8c247273d34c?s=96&d=mm&r=g\",\"contentUrl\":\"https:\/\/secure.gravatar.com\/avatar\/aebf815ae2f30ffdae8b8c247273d34c?s=96&d=mm&r=g\",\"caption\":\"admin\"},\"url\":\"https:\/\/www.uilscuolaemiliaromagna.it\/public\/er\/author\/admin\/\"}]}<\/script>\r\n<!-- \/ Yoast SEO plugin. -->","yoast_head_json":{"title":"Mobilit\u00e0 2026\/27: cambiano le deroghe ai vincoli. Figli fino a 14 anni, escluso il ricongiungimento al genitore over 65 - Uil Scuola Emilia Romagna","robots":{"index":"index","follow":"follow","max-snippet":"max-snippet:-1","max-image-preview":"max-image-preview:large","max-video-preview":"max-video-preview:-1"},"canonical":"https:\/\/www.uilscuolaemiliaromagna.it\/public\/er\/2026\/03\/10\/mobilita-2026-27-cambiano-le-deroghe-ai-vincoli-figli-fino-a-14-anni-escluso-il-ricongiungimento-al-genitore-over-65\/","og_locale":"it_IT","og_type":"article","og_title":"Mobilit\u00e0 2026\/27: cambiano le deroghe ai vincoli. Figli fino a 14 anni, escluso il ricongiungimento al genitore over 65 - Uil Scuola Emilia Romagna","og_description":"Apertura delle domande presumibilmente dal 16 marzo.\u00a0 Si \u00e8 svolto\u00a0il 10 marzo\u00a0l\u2019incontro al Ministero dell\u2019Istruzione e del Merito relativo alla\u00a0mobilit\u00e0 del personale docente, educativo e &hellip;","og_url":"https:\/\/www.uilscuolaemiliaromagna.it\/public\/er\/2026\/03\/10\/mobilita-2026-27-cambiano-le-deroghe-ai-vincoli-figli-fino-a-14-anni-escluso-il-ricongiungimento-al-genitore-over-65\/","og_site_name":"Uil Scuola Emilia Romagna","article_published_time":"2026-03-10T18:34:35+00:00","og_image":[{"width":431,"height":309,"url":"https:\/\/www.uilscuolaemiliaromagna.it\/public\/er\/wp-content\/uploads\/2026\/03\/mobilita-1.jpg","type":"image\/jpeg"}],"author":"admin","twitter_card":"summary_large_image","twitter_misc":{"Scritto da":"admin","Tempo di lettura stimato":"10 minuti"},"schema":{"@context":"https:\/\/schema.org","@graph":[{"@type":"Article","@id":"https:\/\/www.uilscuolaemiliaromagna.it\/public\/er\/2026\/03\/10\/mobilita-2026-27-cambiano-le-deroghe-ai-vincoli-figli-fino-a-14-anni-escluso-il-ricongiungimento-al-genitore-over-65\/#article","isPartOf":{"@id":"https:\/\/www.uilscuolaemiliaromagna.it\/public\/er\/2026\/03\/10\/mobilita-2026-27-cambiano-le-deroghe-ai-vincoli-figli-fino-a-14-anni-escluso-il-ricongiungimento-al-genitore-over-65\/"},"author":{"name":"admin","@id":"https:\/\/www.uilscuolaemiliaromagna.it\/public\/er\/#\/schema\/person\/f42878fd07a4b6ba2b7153d4fad5de5e"},"headline":"Mobilit\u00e0 2026\/27: cambiano le deroghe ai vincoli. Figli fino a 14 anni, escluso il ricongiungimento al genitore over 65","datePublished":"2026-03-10T18:34:35+00:00","dateModified":"2026-03-10T18:34:35+00:00","mainEntityOfPage":{"@id":"https:\/\/www.uilscuolaemiliaromagna.it\/public\/er\/2026\/03\/10\/mobilita-2026-27-cambiano-le-deroghe-ai-vincoli-figli-fino-a-14-anni-escluso-il-ricongiungimento-al-genitore-over-65\/"},"wordCount":1566,"publisher":{"@id":"https:\/\/www.uilscuolaemiliaromagna.it\/public\/er\/#organization"},"articleSection":["ATA","Mobilit\u00e0","Notizie","Personale Docente"],"inLanguage":"it-IT"},{"@type":"WebPage","@id":"https:\/\/www.uilscuolaemiliaromagna.it\/public\/er\/2026\/03\/10\/mobilita-2026-27-cambiano-le-deroghe-ai-vincoli-figli-fino-a-14-anni-escluso-il-ricongiungimento-al-genitore-over-65\/","url":"https:\/\/www.uilscuolaemiliaromagna.it\/public\/er\/2026\/03\/10\/mobilita-2026-27-cambiano-le-deroghe-ai-vincoli-figli-fino-a-14-anni-escluso-il-ricongiungimento-al-genitore-over-65\/","name":"Mobilit\u00e0 2026\/27: cambiano le deroghe ai vincoli. Figli fino a 14 anni, escluso il ricongiungimento al genitore over 65 - Uil Scuola Emilia Romagna","isPartOf":{"@id":"https:\/\/www.uilscuolaemiliaromagna.it\/public\/er\/#website"},"datePublished":"2026-03-10T18:34:35+00:00","dateModified":"2026-03-10T18:34:35+00:00","breadcrumb":{"@id":"https:\/\/www.uilscuolaemiliaromagna.it\/public\/er\/2026\/03\/10\/mobilita-2026-27-cambiano-le-deroghe-ai-vincoli-figli-fino-a-14-anni-escluso-il-ricongiungimento-al-genitore-over-65\/#breadcrumb"},"inLanguage":"it-IT","potentialAction":[{"@type":"ReadAction","target":["https:\/\/www.uilscuolaemiliaromagna.it\/public\/er\/2026\/03\/10\/mobilita-2026-27-cambiano-le-deroghe-ai-vincoli-figli-fino-a-14-anni-escluso-il-ricongiungimento-al-genitore-over-65\/"]}]},{"@type":"BreadcrumbList","@id":"https:\/\/www.uilscuolaemiliaromagna.it\/public\/er\/2026\/03\/10\/mobilita-2026-27-cambiano-le-deroghe-ai-vincoli-figli-fino-a-14-anni-escluso-il-ricongiungimento-al-genitore-over-65\/#breadcrumb","itemListElement":[{"@type":"ListItem","position":1,"name":"Home","item":"https:\/\/www.uilscuolaemiliaromagna.it\/public\/er\/"},{"@type":"ListItem","position":2,"name":"Mobilit\u00e0 2026\/27: cambiano le deroghe ai vincoli. Figli fino a 14 anni, escluso il ricongiungimento al genitore over 65"}]},{"@type":"WebSite","@id":"https:\/\/www.uilscuolaemiliaromagna.it\/public\/er\/#website","url":"https:\/\/www.uilscuolaemiliaromagna.it\/public\/er\/","name":"Uil Scuola Emilia Romagna","description":"La voce libera della scuola","publisher":{"@id":"https:\/\/www.uilscuolaemiliaromagna.it\/public\/er\/#organization"},"potentialAction":[{"@type":"SearchAction","target":{"@type":"EntryPoint","urlTemplate":"https:\/\/www.uilscuolaemiliaromagna.it\/public\/er\/?s={search_term_string}"},"query-input":"required name=search_term_string"}],"inLanguage":"it-IT"},{"@type":"Organization","@id":"https:\/\/www.uilscuolaemiliaromagna.it\/public\/er\/#organization","name":"Uil Scuola Emilia Romagna","url":"https:\/\/www.uilscuolaemiliaromagna.it\/public\/er\/","logo":{"@type":"ImageObject","inLanguage":"it-IT","@id":"https:\/\/www.uilscuolaemiliaromagna.it\/public\/er\/#\/schema\/logo\/image\/","url":"https:\/\/www.uilscuolaemiliaromagna.it\/public\/er\/wp-content\/uploads\/2017\/04\/cropped-header.png","contentUrl":"https:\/\/www.uilscuolaemiliaromagna.it\/public\/er\/wp-content\/uploads\/2017\/04\/cropped-header.png","width":1000,"height":150,"caption":"Uil Scuola Emilia Romagna"},"image":{"@id":"https:\/\/www.uilscuolaemiliaromagna.it\/public\/er\/#\/schema\/logo\/image\/"}},{"@type":"Person","@id":"https:\/\/www.uilscuolaemiliaromagna.it\/public\/er\/#\/schema\/person\/f42878fd07a4b6ba2b7153d4fad5de5e","name":"admin","image":{"@type":"ImageObject","inLanguage":"it-IT","@id":"https:\/\/www.uilscuolaemiliaromagna.it\/public\/er\/#\/schema\/person\/image\/","url":"https:\/\/secure.gravatar.com\/avatar\/aebf815ae2f30ffdae8b8c247273d34c?s=96&d=mm&r=g","contentUrl":"https:\/\/secure.gravatar.com\/avatar\/aebf815ae2f30ffdae8b8c247273d34c?s=96&d=mm&r=g","caption":"admin"},"url":"https:\/\/www.uilscuolaemiliaromagna.it\/public\/er\/author\/admin\/"}]}},"views":122,"_links":{"self":[{"href":"https:\/\/www.uilscuolaemiliaromagna.it\/public\/er\/wp-json\/wp\/v2\/posts\/15991"}],"collection":[{"href":"https:\/\/www.uilscuolaemiliaromagna.it\/public\/er\/wp-json\/wp\/v2\/posts"}],"about":[{"href":"https:\/\/www.uilscuolaemiliaromagna.it\/public\/er\/wp-json\/wp\/v2\/types\/post"}],"author":[{"embeddable":true,"href":"https:\/\/www.uilscuolaemiliaromagna.it\/public\/er\/wp-json\/wp\/v2\/users\/1"}],"replies":[{"embeddable":true,"href":"https:\/\/www.uilscuolaemiliaromagna.it\/public\/er\/wp-json\/wp\/v2\/comments?post=15991"}],"version-history":[{"count":1,"href":"https:\/\/www.uilscuolaemiliaromagna.it\/public\/er\/wp-json\/wp\/v2\/posts\/15991\/revisions"}],"predecessor-version":[{"id":15998,"href":"https:\/\/www.uilscuolaemiliaromagna.it\/public\/er\/wp-json\/wp\/v2\/posts\/15991\/revisions\/15998"}],"wp:featuredmedia":[{"embeddable":true,"href":"https:\/\/www.uilscuolaemiliaromagna.it\/public\/er\/wp-json\/wp\/v2\/media\/15997"}],"wp:attachment":[{"href":"https:\/\/www.uilscuolaemiliaromagna.it\/public\/er\/wp-json\/wp\/v2\/media?parent=15991"}],"wp:term":[{"taxonomy":"category","embeddable":true,"href":"https:\/\/www.uilscuolaemiliaromagna.it\/public\/er\/wp-json\/wp\/v2\/categories?post=15991"},{"taxonomy":"post_tag","embeddable":true,"href":"https:\/\/www.uilscuolaemiliaromagna.it\/public\/er\/wp-json\/wp\/v2\/tags?post=15991"}],"curies":[{"name":"wp","href":"https:\/\/api.w.org\/{rel}","templated":true}]}}