{"id":16007,"date":"2026-03-13T17:23:08","date_gmt":"2026-03-13T16:23:08","guid":{"rendered":"https:\/\/www.uilscuolaemiliaromagna.it\/public\/er\/?p=16007"},"modified":"2026-03-13T17:30:55","modified_gmt":"2026-03-13T16:30:55","slug":"mobilita-e-graduatorie-interne-online-la-piattaforma-uil-scuola-dedicata","status":"publish","type":"post","link":"https:\/\/www.uilscuolaemiliaromagna.it\/public\/er\/2026\/03\/13\/mobilita-e-graduatorie-interne-online-la-piattaforma-uil-scuola-dedicata\/","title":{"rendered":"Mobilit\u00e0 e graduatorie interne: online la piattaforma Uil Scuola dedicata"},"content":{"rendered":"<p style=\"text-align: justify;\"><em><strong>Mobilit\u00e0 territoriale, mobilit\u00e0 annuale e graduatorie interne in un solo click: normativa, schede, tabelle e simulatori di calcolo.<\/strong><\/em><\/p>\n<p style=\"text-align: justify;\">Abbiamo aggiornato la piattaforma Uil Scuola (<a href=\"https:\/\/uilscuolanazionale.wixsite.com\/movimenti\" target=\"_blank\" rel=\"noopener\">clicca qui per accedere<\/a>)\u00a0dedicata alla mobilit\u00e0 del personale docente, educativo e ATA per l\u2019a.s. 2026\/27.<\/p>\n<p style=\"text-align: justify;\">Organizzata per aree tematiche e strutturata come una banca dati in continuo aggiornamento, la piattaforma mette a disposizione di docenti, ATA e operatori del settore materiali utili per la compilazione delle domande: schede tecniche, guida al nuovo contratto, e modelli di autodichiarazione da allegare.<\/p>\n<p style=\"text-align: justify;\">Uno spazio \u00e8 dedicato anche alle graduatorie interne di istituto: come individuare il perdente posto, cosa accade in caso di dimensionamento scolastico e come attribuire il punteggio di ruolo, diverso ruolo, pre-ruolo e continuit\u00e0 alla luce delle novit\u00e0 del CCNI 2025\/28.<\/p>\n<p style=\"text-align: justify;\">All\u2019interno sono disponibili anche i nuovi modelli che le scuole devono utilizzare, le autodichiarazioni per docenti e ATA e un file che facilita il calcolo del punteggio.<\/p>\n<h1 style=\"text-align: center;\"><span style=\"color: #ff0000;\"><a style=\"color: #ff0000;\" href=\"https:\/\/uilscuolanazionale.wixsite.com\/movimenti\" target=\"_blank\" rel=\"noopener\"><em><strong><span style=\"text-decoration: underline;\">CLICCA QUI O SULL\u2019IMMAGINE PER ACCEDERE:<\/span><\/strong><\/em><\/a><\/span><\/h1>\n<p style=\"text-align: center;\"><a href=\"https:\/\/uilscuolanazionale.wixsite.com\/movimenti\" target=\"_blank\" rel=\"noopener\"><img loading=\"lazy\" decoding=\"async\" class=\"aligncenter wp-image-16008 size-full\" src=\"https:\/\/www.uilscuolaemiliaromagna.it\/public\/er\/wp-content\/uploads\/2026\/03\/portale-mobilita-imm.jpg\" alt=\"\" width=\"434\" height=\"552\" srcset=\"https:\/\/www.uilscuolaemiliaromagna.it\/public\/er\/wp-content\/uploads\/2026\/03\/portale-mobilita-imm.jpg 434w, https:\/\/www.uilscuolaemiliaromagna.it\/public\/er\/wp-content\/uploads\/2026\/03\/portale-mobilita-imm-236x300.jpg 236w\" sizes=\"(max-width: 434px) 100vw, 434px\" \/><\/a><\/p>\n<h6><em>fonte:\u00a0<a href=\"https:\/\/uilscuola.it\/mobilita-e-graduatorie-interne-online-la-piattaforma-uil-scuola-dedicata\/\" target=\"_blank\" rel=\"noopener\">uilscuola.it<\/a><\/em><\/h6>\n<h3><a href=\"https:\/\/www.whatsapp.com\/channel\/0029Va9KtAN5fM5g93lE7D29\" target=\"_blank\" rel=\"noopener\"><img loading=\"lazy\" decoding=\"async\" class=\"aligncenter wp-image-13119 size-medium\" src=\"https:\/\/www.uilscuolaemiliaromagna.it\/public\/er\/wp-content\/uploads\/2024\/03\/canale_whatsapp-300x142.jpg\" sizes=\"(max-width: 300px) 100vw, 300px\" srcset=\"https:\/\/www.uilscuolaemiliaromagna.it\/public\/er\/wp-content\/uploads\/2024\/03\/canale_whatsapp-300x142.jpg 300w, https:\/\/www.uilscuolaemiliaromagna.it\/public\/er\/wp-content\/uploads\/2024\/03\/canale_whatsapp-768x363.jpg 768w, https:\/\/www.uilscuolaemiliaromagna.it\/public\/er\/wp-content\/uploads\/2024\/03\/canale_whatsapp.jpg 800w\" alt=\"\" width=\"300\" height=\"142\" \/><\/a><\/h3>\n<p>&nbsp;<\/p>\n<p><a href=\"https:\/\/www.irasenazionale.it\/wp-content\/uploads\/2024\/03\/Delega_UilScuolaRua_Editabile.pdf\" target=\"_blank\" rel=\"noopener\"><img loading=\"lazy\" decoding=\"async\" class=\"aligncenter wp-image-13111 size-medium\" src=\"https:\/\/www.uilscuolaemiliaromagna.it\/public\/er\/wp-content\/uploads\/2024\/03\/iscriviti-7-2-300x92.png\" sizes=\"(max-width: 300px) 100vw, 300px\" srcset=\"https:\/\/www.uilscuolaemiliaromagna.it\/public\/er\/wp-content\/uploads\/2024\/03\/iscriviti-7-2-300x92.png 300w, https:\/\/www.uilscuolaemiliaromagna.it\/public\/er\/wp-content\/uploads\/2024\/03\/iscriviti-7-2-768x236.png 768w, https:\/\/www.uilscuolaemiliaromagna.it\/public\/er\/wp-content\/uploads\/2024\/03\/iscriviti-7-2.png 800w\" alt=\"\" width=\"300\" height=\"92\" \/><\/a><\/p>\n<h6 style=\"text-align: center;\"><span style=\"color: #0000ff;\"><strong><em>Clicca sull\u2019immagine per iscriverti alla\u00a0Uil Scuola Rua\u00a0di Bologna\u00a0compilando la delega in ogni sua parte e allegando un documento<\/em><\/strong><\/span><br \/>\n<span style=\"color: #0000ff;\"><strong><em>di identit\u00e0 in corso di validit\u00e0.\u00a0<\/em><\/strong><strong><em>Entrambi andranno inviati al seguente indirizzo mail: bologna@uilscuola.it<\/em><\/strong><\/span><\/h6>\n\n<div class=\"twitter-share\"><a href=\"https:\/\/twitter.com\/intent\/tweet?via=UILScuolaBO_ER\" class=\"twitter-share-button\" data-size=\"large\">Tweet<\/a><\/div>\n","protected":false},"excerpt":{"rendered":"<p>Mobilit\u00e0 territoriale, mobilit\u00e0 annuale e graduatorie interne in un solo click: normativa, schede, tabelle e simulatori di calcolo. Abbiamo aggiornato la piattaforma Uil Scuola (clicca &hellip; <\/p>\n","protected":false},"author":1,"featured_media":16008,"comment_status":"closed","ping_status":"open","sticky":false,"template":"","format":"standard","meta":{"footnotes":""},"categories":[2,5,12,6],"tags":[],"yoast_head":"<!-- This site is optimized with the Yoast SEO plugin v21.7 - https:\/\/yoast.com\/wordpress\/plugins\/seo\/ -->\r\n<title>Mobilit\u00e0 e graduatorie interne: online la piattaforma Uil Scuola dedicata - Uil Scuola Emilia Romagna<\/title>\r\n<meta name=\"robots\" content=\"index, follow, max-snippet:-1, max-image-preview:large, max-video-preview:-1\" \/>\r\n<link rel=\"canonical\" href=\"https:\/\/www.uilscuolaemiliaromagna.it\/public\/er\/2026\/03\/13\/mobilita-e-graduatorie-interne-online-la-piattaforma-uil-scuola-dedicata\/\" \/>\r\n<meta property=\"og:locale\" content=\"it_IT\" \/>\r\n<meta property=\"og:type\" content=\"article\" \/>\r\n<meta property=\"og:title\" content=\"Mobilit\u00e0 e graduatorie interne: online la piattaforma Uil Scuola dedicata - Uil Scuola Emilia Romagna\" \/>\r\n<meta property=\"og:description\" content=\"Mobilit\u00e0 territoriale, mobilit\u00e0 annuale e graduatorie interne in un solo click: normativa, schede, tabelle e simulatori di calcolo. Abbiamo aggiornato la piattaforma Uil Scuola (clicca &hellip;\" \/>\r\n<meta property=\"og:url\" content=\"https:\/\/www.uilscuolaemiliaromagna.it\/public\/er\/2026\/03\/13\/mobilita-e-graduatorie-interne-online-la-piattaforma-uil-scuola-dedicata\/\" \/>\r\n<meta property=\"og:site_name\" content=\"Uil Scuola Emilia Romagna\" \/>\r\n<meta property=\"article:published_time\" content=\"2026-03-13T16:23:08+00:00\" \/>\r\n<meta property=\"article:modified_time\" content=\"2026-03-13T16:30:55+00:00\" \/>\r\n<meta property=\"og:image\" content=\"https:\/\/www.uilscuolaemiliaromagna.it\/public\/er\/wp-content\/uploads\/2026\/03\/portale-mobilita-imm.jpg\" \/>\r\n\t<meta property=\"og:image:width\" content=\"434\" \/>\r\n\t<meta property=\"og:image:height\" content=\"552\" \/>\r\n\t<meta property=\"og:image:type\" content=\"image\/jpeg\" \/>\r\n<meta name=\"author\" content=\"admin\" \/>\r\n<meta name=\"twitter:card\" content=\"summary_large_image\" \/>\r\n<meta name=\"twitter:label1\" content=\"Scritto da\" \/>\n\t<meta name=\"twitter:data1\" content=\"admin\" \/>\n\t<meta name=\"twitter:label2\" content=\"Tempo di lettura stimato\" \/>\n\t<meta name=\"twitter:data2\" content=\"2 minuti\" \/>\r\n<script type=\"application\/ld+json\" class=\"yoast-schema-graph\">{\"@context\":\"https:\/\/schema.org\",\"@graph\":[{\"@type\":\"Article\",\"@id\":\"https:\/\/www.uilscuolaemiliaromagna.it\/public\/er\/2026\/03\/13\/mobilita-e-graduatorie-interne-online-la-piattaforma-uil-scuola-dedicata\/#article\",\"isPartOf\":{\"@id\":\"https:\/\/www.uilscuolaemiliaromagna.it\/public\/er\/2026\/03\/13\/mobilita-e-graduatorie-interne-online-la-piattaforma-uil-scuola-dedicata\/\"},\"author\":{\"name\":\"admin\",\"@id\":\"https:\/\/www.uilscuolaemiliaromagna.it\/public\/er\/#\/schema\/person\/f42878fd07a4b6ba2b7153d4fad5de5e\"},\"headline\":\"Mobilit\u00e0 e graduatorie interne: online la piattaforma Uil Scuola dedicata\",\"datePublished\":\"2026-03-13T16:23:08+00:00\",\"dateModified\":\"2026-03-13T16:30:55+00:00\",\"mainEntityOfPage\":{\"@id\":\"https:\/\/www.uilscuolaemiliaromagna.it\/public\/er\/2026\/03\/13\/mobilita-e-graduatorie-interne-online-la-piattaforma-uil-scuola-dedicata\/\"},\"wordCount\":211,\"publisher\":{\"@id\":\"https:\/\/www.uilscuolaemiliaromagna.it\/public\/er\/#organization\"},\"articleSection\":[\"ATA\",\"Mobilit\u00e0\",\"Notizie\",\"Personale Docente\"],\"inLanguage\":\"it-IT\"},{\"@type\":\"WebPage\",\"@id\":\"https:\/\/www.uilscuolaemiliaromagna.it\/public\/er\/2026\/03\/13\/mobilita-e-graduatorie-interne-online-la-piattaforma-uil-scuola-dedicata\/\",\"url\":\"https:\/\/www.uilscuolaemiliaromagna.it\/public\/er\/2026\/03\/13\/mobilita-e-graduatorie-interne-online-la-piattaforma-uil-scuola-dedicata\/\",\"name\":\"Mobilit\u00e0 e graduatorie interne: online la piattaforma Uil Scuola dedicata - Uil Scuola Emilia Romagna\",\"isPartOf\":{\"@id\":\"https:\/\/www.uilscuolaemiliaromagna.it\/public\/er\/#website\"},\"datePublished\":\"2026-03-13T16:23:08+00:00\",\"dateModified\":\"2026-03-13T16:30:55+00:00\",\"breadcrumb\":{\"@id\":\"https:\/\/www.uilscuolaemiliaromagna.it\/public\/er\/2026\/03\/13\/mobilita-e-graduatorie-interne-online-la-piattaforma-uil-scuola-dedicata\/#breadcrumb\"},\"inLanguage\":\"it-IT\",\"potentialAction\":[{\"@type\":\"ReadAction\",\"target\":[\"https:\/\/www.uilscuolaemiliaromagna.it\/public\/er\/2026\/03\/13\/mobilita-e-graduatorie-interne-online-la-piattaforma-uil-scuola-dedicata\/\"]}]},{\"@type\":\"BreadcrumbList\",\"@id\":\"https:\/\/www.uilscuolaemiliaromagna.it\/public\/er\/2026\/03\/13\/mobilita-e-graduatorie-interne-online-la-piattaforma-uil-scuola-dedicata\/#breadcrumb\",\"itemListElement\":[{\"@type\":\"ListItem\",\"position\":1,\"name\":\"Home\",\"item\":\"https:\/\/www.uilscuolaemiliaromagna.it\/public\/er\/\"},{\"@type\":\"ListItem\",\"position\":2,\"name\":\"Mobilit\u00e0 e graduatorie interne: online la piattaforma Uil Scuola dedicata\"}]},{\"@type\":\"WebSite\",\"@id\":\"https:\/\/www.uilscuolaemiliaromagna.it\/public\/er\/#website\",\"url\":\"https:\/\/www.uilscuolaemiliaromagna.it\/public\/er\/\",\"name\":\"Uil Scuola Emilia Romagna\",\"description\":\"La voce libera della scuola\",\"publisher\":{\"@id\":\"https:\/\/www.uilscuolaemiliaromagna.it\/public\/er\/#organization\"},\"potentialAction\":[{\"@type\":\"SearchAction\",\"target\":{\"@type\":\"EntryPoint\",\"urlTemplate\":\"https:\/\/www.uilscuolaemiliaromagna.it\/public\/er\/?s={search_term_string}\"},\"query-input\":\"required name=search_term_string\"}],\"inLanguage\":\"it-IT\"},{\"@type\":\"Organization\",\"@id\":\"https:\/\/www.uilscuolaemiliaromagna.it\/public\/er\/#organization\",\"name\":\"Uil Scuola Emilia Romagna\",\"url\":\"https:\/\/www.uilscuolaemiliaromagna.it\/public\/er\/\",\"logo\":{\"@type\":\"ImageObject\",\"inLanguage\":\"it-IT\",\"@id\":\"https:\/\/www.uilscuolaemiliaromagna.it\/public\/er\/#\/schema\/logo\/image\/\",\"url\":\"https:\/\/www.uilscuolaemiliaromagna.it\/public\/er\/wp-content\/uploads\/2017\/04\/cropped-header.png\",\"contentUrl\":\"https:\/\/www.uilscuolaemiliaromagna.it\/public\/er\/wp-content\/uploads\/2017\/04\/cropped-header.png\",\"width\":1000,\"height\":150,\"caption\":\"Uil Scuola Emilia Romagna\"},\"image\":{\"@id\":\"https:\/\/www.uilscuolaemiliaromagna.it\/public\/er\/#\/schema\/logo\/image\/\"}},{\"@type\":\"Person\",\"@id\":\"https:\/\/www.uilscuolaemiliaromagna.it\/public\/er\/#\/schema\/person\/f42878fd07a4b6ba2b7153d4fad5de5e\",\"name\":\"admin\",\"image\":{\"@type\":\"ImageObject\",\"inLanguage\":\"it-IT\",\"@id\":\"https:\/\/www.uilscuolaemiliaromagna.it\/public\/er\/#\/schema\/person\/image\/\",\"url\":\"https:\/\/secure.gravatar.com\/avatar\/aebf815ae2f30ffdae8b8c247273d34c?s=96&d=mm&r=g\",\"contentUrl\":\"https:\/\/secure.gravatar.com\/avatar\/aebf815ae2f30ffdae8b8c247273d34c?s=96&d=mm&r=g\",\"caption\":\"admin\"},\"url\":\"https:\/\/www.uilscuolaemiliaromagna.it\/public\/er\/author\/admin\/\"}]}<\/script>\r\n<!-- \/ Yoast SEO plugin. -->","yoast_head_json":{"title":"Mobilit\u00e0 e graduatorie interne: online la piattaforma Uil Scuola dedicata - Uil Scuola Emilia Romagna","robots":{"index":"index","follow":"follow","max-snippet":"max-snippet:-1","max-image-preview":"max-image-preview:large","max-video-preview":"max-video-preview:-1"},"canonical":"https:\/\/www.uilscuolaemiliaromagna.it\/public\/er\/2026\/03\/13\/mobilita-e-graduatorie-interne-online-la-piattaforma-uil-scuola-dedicata\/","og_locale":"it_IT","og_type":"article","og_title":"Mobilit\u00e0 e graduatorie interne: online la piattaforma Uil Scuola dedicata - Uil Scuola Emilia Romagna","og_description":"Mobilit\u00e0 territoriale, mobilit\u00e0 annuale e graduatorie interne in un solo click: normativa, schede, tabelle e simulatori di calcolo. Abbiamo aggiornato la piattaforma Uil Scuola (clicca &hellip;","og_url":"https:\/\/www.uilscuolaemiliaromagna.it\/public\/er\/2026\/03\/13\/mobilita-e-graduatorie-interne-online-la-piattaforma-uil-scuola-dedicata\/","og_site_name":"Uil Scuola Emilia Romagna","article_published_time":"2026-03-13T16:23:08+00:00","article_modified_time":"2026-03-13T16:30:55+00:00","og_image":[{"width":434,"height":552,"url":"https:\/\/www.uilscuolaemiliaromagna.it\/public\/er\/wp-content\/uploads\/2026\/03\/portale-mobilita-imm.jpg","type":"image\/jpeg"}],"author":"admin","twitter_card":"summary_large_image","twitter_misc":{"Scritto da":"admin","Tempo di lettura stimato":"2 minuti"},"schema":{"@context":"https:\/\/schema.org","@graph":[{"@type":"Article","@id":"https:\/\/www.uilscuolaemiliaromagna.it\/public\/er\/2026\/03\/13\/mobilita-e-graduatorie-interne-online-la-piattaforma-uil-scuola-dedicata\/#article","isPartOf":{"@id":"https:\/\/www.uilscuolaemiliaromagna.it\/public\/er\/2026\/03\/13\/mobilita-e-graduatorie-interne-online-la-piattaforma-uil-scuola-dedicata\/"},"author":{"name":"admin","@id":"https:\/\/www.uilscuolaemiliaromagna.it\/public\/er\/#\/schema\/person\/f42878fd07a4b6ba2b7153d4fad5de5e"},"headline":"Mobilit\u00e0 e graduatorie interne: online la piattaforma Uil Scuola dedicata","datePublished":"2026-03-13T16:23:08+00:00","dateModified":"2026-03-13T16:30:55+00:00","mainEntityOfPage":{"@id":"https:\/\/www.uilscuolaemiliaromagna.it\/public\/er\/2026\/03\/13\/mobilita-e-graduatorie-interne-online-la-piattaforma-uil-scuola-dedicata\/"},"wordCount":211,"publisher":{"@id":"https:\/\/www.uilscuolaemiliaromagna.it\/public\/er\/#organization"},"articleSection":["ATA","Mobilit\u00e0","Notizie","Personale Docente"],"inLanguage":"it-IT"},{"@type":"WebPage","@id":"https:\/\/www.uilscuolaemiliaromagna.it\/public\/er\/2026\/03\/13\/mobilita-e-graduatorie-interne-online-la-piattaforma-uil-scuola-dedicata\/","url":"https:\/\/www.uilscuolaemiliaromagna.it\/public\/er\/2026\/03\/13\/mobilita-e-graduatorie-interne-online-la-piattaforma-uil-scuola-dedicata\/","name":"Mobilit\u00e0 e graduatorie interne: online la piattaforma Uil Scuola dedicata - Uil Scuola Emilia Romagna","isPartOf":{"@id":"https:\/\/www.uilscuolaemiliaromagna.it\/public\/er\/#website"},"datePublished":"2026-03-13T16:23:08+00:00","dateModified":"2026-03-13T16:30:55+00:00","breadcrumb":{"@id":"https:\/\/www.uilscuolaemiliaromagna.it\/public\/er\/2026\/03\/13\/mobilita-e-graduatorie-interne-online-la-piattaforma-uil-scuola-dedicata\/#breadcrumb"},"inLanguage":"it-IT","potentialAction":[{"@type":"ReadAction","target":["https:\/\/www.uilscuolaemiliaromagna.it\/public\/er\/2026\/03\/13\/mobilita-e-graduatorie-interne-online-la-piattaforma-uil-scuola-dedicata\/"]}]},{"@type":"BreadcrumbList","@id":"https:\/\/www.uilscuolaemiliaromagna.it\/public\/er\/2026\/03\/13\/mobilita-e-graduatorie-interne-online-la-piattaforma-uil-scuola-dedicata\/#breadcrumb","itemListElement":[{"@type":"ListItem","position":1,"name":"Home","item":"https:\/\/www.uilscuolaemiliaromagna.it\/public\/er\/"},{"@type":"ListItem","position":2,"name":"Mobilit\u00e0 e graduatorie interne: online la piattaforma Uil Scuola dedicata"}]},{"@type":"WebSite","@id":"https:\/\/www.uilscuolaemiliaromagna.it\/public\/er\/#website","url":"https:\/\/www.uilscuolaemiliaromagna.it\/public\/er\/","name":"Uil Scuola Emilia Romagna","description":"La voce libera della scuola","publisher":{"@id":"https:\/\/www.uilscuolaemiliaromagna.it\/public\/er\/#organization"},"potentialAction":[{"@type":"SearchAction","target":{"@type":"EntryPoint","urlTemplate":"https:\/\/www.uilscuolaemiliaromagna.it\/public\/er\/?s={search_term_string}"},"query-input":"required name=search_term_string"}],"inLanguage":"it-IT"},{"@type":"Organization","@id":"https:\/\/www.uilscuolaemiliaromagna.it\/public\/er\/#organization","name":"Uil Scuola Emilia Romagna","url":"https:\/\/www.uilscuolaemiliaromagna.it\/public\/er\/","logo":{"@type":"ImageObject","inLanguage":"it-IT","@id":"https:\/\/www.uilscuolaemiliaromagna.it\/public\/er\/#\/schema\/logo\/image\/","url":"https:\/\/www.uilscuolaemiliaromagna.it\/public\/er\/wp-content\/uploads\/2017\/04\/cropped-header.png","contentUrl":"https:\/\/www.uilscuolaemiliaromagna.it\/public\/er\/wp-content\/uploads\/2017\/04\/cropped-header.png","width":1000,"height":150,"caption":"Uil Scuola Emilia Romagna"},"image":{"@id":"https:\/\/www.uilscuolaemiliaromagna.it\/public\/er\/#\/schema\/logo\/image\/"}},{"@type":"Person","@id":"https:\/\/www.uilscuolaemiliaromagna.it\/public\/er\/#\/schema\/person\/f42878fd07a4b6ba2b7153d4fad5de5e","name":"admin","image":{"@type":"ImageObject","inLanguage":"it-IT","@id":"https:\/\/www.uilscuolaemiliaromagna.it\/public\/er\/#\/schema\/person\/image\/","url":"https:\/\/secure.gravatar.com\/avatar\/aebf815ae2f30ffdae8b8c247273d34c?s=96&d=mm&r=g","contentUrl":"https:\/\/secure.gravatar.com\/avatar\/aebf815ae2f30ffdae8b8c247273d34c?s=96&d=mm&r=g","caption":"admin"},"url":"https:\/\/www.uilscuolaemiliaromagna.it\/public\/er\/author\/admin\/"}]}},"views":386,"_links":{"self":[{"href":"https:\/\/www.uilscuolaemiliaromagna.it\/public\/er\/wp-json\/wp\/v2\/posts\/16007"}],"collection":[{"href":"https:\/\/www.uilscuolaemiliaromagna.it\/public\/er\/wp-json\/wp\/v2\/posts"}],"about":[{"href":"https:\/\/www.uilscuolaemiliaromagna.it\/public\/er\/wp-json\/wp\/v2\/types\/post"}],"author":[{"embeddable":true,"href":"https:\/\/www.uilscuolaemiliaromagna.it\/public\/er\/wp-json\/wp\/v2\/users\/1"}],"replies":[{"embeddable":true,"href":"https:\/\/www.uilscuolaemiliaromagna.it\/public\/er\/wp-json\/wp\/v2\/comments?post=16007"}],"version-history":[{"count":4,"href":"https:\/\/www.uilscuolaemiliaromagna.it\/public\/er\/wp-json\/wp\/v2\/posts\/16007\/revisions"}],"predecessor-version":[{"id":16015,"href":"https:\/\/www.uilscuolaemiliaromagna.it\/public\/er\/wp-json\/wp\/v2\/posts\/16007\/revisions\/16015"}],"wp:featuredmedia":[{"embeddable":true,"href":"https:\/\/www.uilscuolaemiliaromagna.it\/public\/er\/wp-json\/wp\/v2\/media\/16008"}],"wp:attachment":[{"href":"https:\/\/www.uilscuolaemiliaromagna.it\/public\/er\/wp-json\/wp\/v2\/media?parent=16007"}],"wp:term":[{"taxonomy":"category","embeddable":true,"href":"https:\/\/www.uilscuolaemiliaromagna.it\/public\/er\/wp-json\/wp\/v2\/categories?post=16007"},{"taxonomy":"post_tag","embeddable":true,"href":"https:\/\/www.uilscuolaemiliaromagna.it\/public\/er\/wp-json\/wp\/v2\/tags?post=16007"}],"curies":[{"name":"wp","href":"https:\/\/api.w.org\/{rel}","templated":true}]}}