{"id":16175,"date":"2026-04-27T22:11:46","date_gmt":"2026-04-27T20:11:46","guid":{"rendered":"https:\/\/www.uilscuolaemiliaromagna.it\/public\/er\/?p=16175"},"modified":"2026-04-27T22:11:46","modified_gmt":"2026-04-27T20:11:46","slug":"organici-scuola-2026-27-criteri-e-parametri-per-le-classi-in-deroga","status":"publish","type":"post","link":"https:\/\/www.uilscuolaemiliaromagna.it\/public\/er\/2026\/04\/27\/organici-scuola-2026-27-criteri-e-parametri-per-le-classi-in-deroga\/","title":{"rendered":"Organici scuola 2026\/27, criteri e parametri per le classi in deroga"},"content":{"rendered":"<p style=\"text-align: justify;\"><em>Uil Scuola: quasi 1.500 posti in meno per i docenti rispetto al primo anno di attuazione. Misura utile ma insufficiente: senza nuovi investimenti e organici stabili il problema delle classi affollate resta irrisolto.<\/em><\/p>\n<p style=\"text-align: justify;\">Si \u00e8 svolto oggi 27 aprile l\u2019incontro al Ministero dell\u2019Istruzione e del Merito sul decreto relativo agli\u00a0<strong>indicatori per l\u2019attivazione delle classi in deroga ai parametri del DPR 81\/2009<\/strong>.<\/p>\n<p style=\"text-align: justify;\">Il provvedimento si inserisce nel quadro degli interventi legati al PNRR e punta a favorire una\u00a0<strong>riduzione del numero di alunni per classe<\/strong>, soprattutto nei contesti caratterizzati da maggiore fragilit\u00e0 sociale, dispersione scolastica e spopolamento.<\/p>\n<p style=\"text-align: justify;\"><strong>Cosa prevede il decreto<br \/>\n<\/strong>In apertura di incontro l\u2019Amministrazione ha illustrato i punti principali della bozza di decreto interministeriale (MIM\/MEF):<br \/>\n1) introduzione di\u00a0<strong>indicatori oggettivi<\/strong>\u00a0(ESCS, dispersione scolastica, dispersione implicita, spopolamento) per individuare le scuole beneficiarie;<br \/>\n2) definizione di\u00a0<strong>soglie nazionali<\/strong>\u00a0che determinano l\u2019accesso alla deroga;<br \/>\n3) possibilit\u00e0 di costituire classi con numeri ridotti:<br \/>\n\u2013 fino a\u00a0<strong>25 alunni nella primaria<br \/>\n<\/strong>\u2013 fino a\u00a0<strong>26 nella secondaria di I grado<br \/>\n<\/strong>\u2013 fino a\u00a0<strong>27 nella secondaria di II grado<br \/>\n<\/strong>4) attribuzione agli\u00a0<strong>Uffici scolastici regionali<\/strong>\u00a0del compito di individuare le scuole e autorizzare le deroghe.<\/p>\n<p style=\"text-align: justify;\"><img loading=\"lazy\" decoding=\"async\" class=\"wp-image-51603 aligncenter\" src=\"https:\/\/uilscuola.it\/wp-content\/uploads\/2026\/04\/Distribuzione-prevista-dei-posti-per-le-classi-in-deroga.png\" sizes=\"(max-width: 433px) 100vw, 433px\" srcset=\"https:\/\/uilscuola.it\/wp-content\/uploads\/2026\/04\/Distribuzione-prevista-dei-posti-per-le-classi-in-deroga.png 1080w, https:\/\/uilscuola.it\/wp-content\/uploads\/2026\/04\/Distribuzione-prevista-dei-posti-per-le-classi-in-deroga-240x300.png 240w, https:\/\/uilscuola.it\/wp-content\/uploads\/2026\/04\/Distribuzione-prevista-dei-posti-per-le-classi-in-deroga-819x1024.png 819w, https:\/\/uilscuola.it\/wp-content\/uploads\/2026\/04\/Distribuzione-prevista-dei-posti-per-le-classi-in-deroga-768x960.png 768w\" alt=\"\" width=\"433\" height=\"541\" \/><\/p>\n<p style=\"text-align: justify;\"><strong>Posizione Uil Scuola<br \/>\n<\/strong>Nel corso dell\u2019incontro abbiamo ribadito come\u00a0<a href=\"https:\/\/uilscuola.it\/organici-docenti-2026-27-meno-posti-di-potenziamento-e-risposte-insufficienti-sul-sostegno\/\" target=\"_blank\" rel=\"noopener\">la riduzione del numero di alunni per classe sia una priorit\u00e0 per la qualit\u00e0 della scuola<\/a>. Tuttavia, cos\u00ec come gi\u00e0 accaduto negli anni precedenti, il provvedimento rischia di avere un impatto limitato.<br \/>\nIl principale nodo resta quello delle risorse. Le deroghe sono vincolate a un contingente ristretto di posti e devono essere attuate senza superare i limiti di organico. In questo modo, la riduzione degli alunni per classe \u00e8 una possibilit\u00e0 circoscritta a poche realt\u00e0 territoriali, con effetti inevitabilmente marginali. Non va dimenticato, infatti, che permangono ancora oltre 5.000 classi con numerosit\u00e0 superiore ai limiti di legge, segno evidente di una criticit\u00e0 strutturale che questo intervento non riesce a risolvere.<\/p>\n<p style=\"text-align: justify;\">A ci\u00f2 si aggiunge la complessit\u00e0 degli indicatori previsti, che rischia di rendere poco trasparente l\u2019individuazione delle scuole beneficiarie e di lasciare fuori situazioni di disagio reale, creando possibili disparit\u00e0 tra territori. Anche la forte discrezionalit\u00e0 affidata agli Uffici scolastici regionali pu\u00f2 determinare applicazioni non uniformi.<\/p>\n<p style=\"text-align: justify;\">Per la UIL Scuola resta irrisolto il problema di fondo: si interviene ancora in deroga, senza modificare i parametri generali del DPR 81\/2009. Continuiamo a sostenere che la denatalit\u00e0 non pu\u00f2 essere considerata una penalizzazione, al contrario deve rappresentare una opportunit\u00e0 per ripensare il modello organizzativo della scuola, puntando su classi meno numerose, su una didattica pi\u00f9 personalizzata e su una maggiore attenzione ai bisogni degli studenti. Resta altres\u00ec prioritario un investimento sugli organici che garantisca il diritto all\u2019istruzione e un potenziamento del tempo scuola nella primaria.<\/p>\n<h6><em>fonte:\u00a0<a href=\"https:\/\/uilscuola.it\/organici-scuola-2026-27-criteri-e-parametri-per-le-classi-in-deroga-decreto\/\" target=\"_blank\" rel=\"noopener\">uilscuola.it<\/a><\/em><\/h6>\n<h3><a href=\"https:\/\/www.whatsapp.com\/channel\/0029Va9KtAN5fM5g93lE7D29\" target=\"_blank\" rel=\"noopener\"><img loading=\"lazy\" decoding=\"async\" class=\"aligncenter wp-image-13119 size-medium\" src=\"https:\/\/www.uilscuolaemiliaromagna.it\/public\/er\/wp-content\/uploads\/2024\/03\/canale_whatsapp-300x142.jpg\" sizes=\"(max-width: 300px) 100vw, 300px\" srcset=\"https:\/\/www.uilscuolaemiliaromagna.it\/public\/er\/wp-content\/uploads\/2024\/03\/canale_whatsapp-300x142.jpg 300w, https:\/\/www.uilscuolaemiliaromagna.it\/public\/er\/wp-content\/uploads\/2024\/03\/canale_whatsapp-768x363.jpg 768w, https:\/\/www.uilscuolaemiliaromagna.it\/public\/er\/wp-content\/uploads\/2024\/03\/canale_whatsapp.jpg 800w\" alt=\"\" width=\"300\" height=\"142\" \/><\/a><\/h3>\n<p><a href=\"https:\/\/www.irasenazionale.it\/wp-content\/uploads\/2024\/03\/Delega_UilScuolaRua_Editabile.pdf\" target=\"_blank\" rel=\"noopener\"><img loading=\"lazy\" decoding=\"async\" class=\"aligncenter wp-image-13111 size-medium\" src=\"https:\/\/www.uilscuolaemiliaromagna.it\/public\/er\/wp-content\/uploads\/2024\/03\/iscriviti-7-2-300x92.png\" sizes=\"(max-width: 300px) 100vw, 300px\" srcset=\"https:\/\/www.uilscuolaemiliaromagna.it\/public\/er\/wp-content\/uploads\/2024\/03\/iscriviti-7-2-300x92.png 300w, https:\/\/www.uilscuolaemiliaromagna.it\/public\/er\/wp-content\/uploads\/2024\/03\/iscriviti-7-2-768x236.png 768w, https:\/\/www.uilscuolaemiliaromagna.it\/public\/er\/wp-content\/uploads\/2024\/03\/iscriviti-7-2.png 800w\" alt=\"\" width=\"300\" height=\"92\" \/><\/a><\/p>\n<h6 style=\"text-align: center;\"><span style=\"color: #0000ff;\"><em><strong>Clicca sull\u2019immagine per iscriverti alla Uil Scuola Rua di Bologna\u00a0<\/strong><strong>compilando la delega in ogni sua parte e allegando un documento\u00a0<\/strong><\/em><em><strong>di identit\u00e0 in corso di validit\u00e0.<\/strong><\/em><\/span><br \/>\n<span style=\"color: #0000ff;\"><em><strong>Entrambi andranno inviati al seguente indirizzo mail: bologna@uilscuola.it<\/strong><\/em><\/span><\/h6>\n<p style=\"text-align: center;\"><span style=\"color: #ff0000;\"><em><strong>Le immagini presenti su questo sito sono tutte libere da copyright o generate con tecnologia AI<\/strong><\/em><\/span><\/p>\n\n<div class=\"twitter-share\"><a href=\"https:\/\/twitter.com\/intent\/tweet?via=UILScuolaBO_ER\" class=\"twitter-share-button\" data-size=\"large\">Tweet<\/a><\/div>\n","protected":false},"excerpt":{"rendered":"<p>Uil Scuola: quasi 1.500 posti in meno per i docenti rispetto al primo anno di attuazione. Misura utile ma insufficiente: senza nuovi investimenti e organici &hellip; <\/p>\n","protected":false},"author":1,"featured_media":16176,"comment_status":"closed","ping_status":"open","sticky":false,"template":"","format":"standard","meta":{"footnotes":""},"categories":[12,6],"tags":[],"yoast_head":"<!-- This site is optimized with the Yoast SEO plugin v21.7 - https:\/\/yoast.com\/wordpress\/plugins\/seo\/ -->\r\n<title>Organici scuola 2026\/27, criteri e parametri per le classi in deroga - Uil Scuola Emilia Romagna<\/title>\r\n<meta name=\"robots\" content=\"index, follow, max-snippet:-1, max-image-preview:large, max-video-preview:-1\" \/>\r\n<link rel=\"canonical\" href=\"https:\/\/www.uilscuolaemiliaromagna.it\/public\/er\/2026\/04\/27\/organici-scuola-2026-27-criteri-e-parametri-per-le-classi-in-deroga\/\" \/>\r\n<meta property=\"og:locale\" content=\"it_IT\" \/>\r\n<meta property=\"og:type\" content=\"article\" \/>\r\n<meta property=\"og:title\" content=\"Organici scuola 2026\/27, criteri e parametri per le classi in deroga - Uil Scuola Emilia Romagna\" \/>\r\n<meta property=\"og:description\" content=\"Uil Scuola: quasi 1.500 posti in meno per i docenti rispetto al primo anno di attuazione. Misura utile ma insufficiente: senza nuovi investimenti e organici &hellip;\" \/>\r\n<meta property=\"og:url\" content=\"https:\/\/www.uilscuolaemiliaromagna.it\/public\/er\/2026\/04\/27\/organici-scuola-2026-27-criteri-e-parametri-per-le-classi-in-deroga\/\" \/>\r\n<meta property=\"og:site_name\" content=\"Uil Scuola Emilia Romagna\" \/>\r\n<meta property=\"article:published_time\" content=\"2026-04-27T20:11:46+00:00\" \/>\r\n<meta property=\"og:image\" content=\"https:\/\/www.uilscuolaemiliaromagna.it\/public\/er\/wp-content\/uploads\/2026\/04\/ORGANICI-SCUOLA-REPORT-MINISTERO-150x150-1.jpg\" \/>\r\n\t<meta property=\"og:image:width\" content=\"150\" \/>\r\n\t<meta property=\"og:image:height\" content=\"150\" \/>\r\n\t<meta property=\"og:image:type\" content=\"image\/jpeg\" \/>\r\n<meta name=\"author\" content=\"admin\" \/>\r\n<meta name=\"twitter:card\" content=\"summary_large_image\" \/>\r\n<meta name=\"twitter:label1\" content=\"Scritto da\" \/>\n\t<meta name=\"twitter:data1\" content=\"admin\" \/>\n\t<meta name=\"twitter:label2\" content=\"Tempo di lettura stimato\" \/>\n\t<meta name=\"twitter:data2\" content=\"4 minuti\" \/>\r\n<script type=\"application\/ld+json\" class=\"yoast-schema-graph\">{\"@context\":\"https:\/\/schema.org\",\"@graph\":[{\"@type\":\"Article\",\"@id\":\"https:\/\/www.uilscuolaemiliaromagna.it\/public\/er\/2026\/04\/27\/organici-scuola-2026-27-criteri-e-parametri-per-le-classi-in-deroga\/#article\",\"isPartOf\":{\"@id\":\"https:\/\/www.uilscuolaemiliaromagna.it\/public\/er\/2026\/04\/27\/organici-scuola-2026-27-criteri-e-parametri-per-le-classi-in-deroga\/\"},\"author\":{\"name\":\"admin\",\"@id\":\"https:\/\/www.uilscuolaemiliaromagna.it\/public\/er\/#\/schema\/person\/f42878fd07a4b6ba2b7153d4fad5de5e\"},\"headline\":\"Organici scuola 2026\/27, criteri e parametri per le classi in deroga\",\"datePublished\":\"2026-04-27T20:11:46+00:00\",\"dateModified\":\"2026-04-27T20:11:46+00:00\",\"mainEntityOfPage\":{\"@id\":\"https:\/\/www.uilscuolaemiliaromagna.it\/public\/er\/2026\/04\/27\/organici-scuola-2026-27-criteri-e-parametri-per-le-classi-in-deroga\/\"},\"wordCount\":503,\"publisher\":{\"@id\":\"https:\/\/www.uilscuolaemiliaromagna.it\/public\/er\/#organization\"},\"articleSection\":[\"Notizie\",\"Personale Docente\"],\"inLanguage\":\"it-IT\"},{\"@type\":\"WebPage\",\"@id\":\"https:\/\/www.uilscuolaemiliaromagna.it\/public\/er\/2026\/04\/27\/organici-scuola-2026-27-criteri-e-parametri-per-le-classi-in-deroga\/\",\"url\":\"https:\/\/www.uilscuolaemiliaromagna.it\/public\/er\/2026\/04\/27\/organici-scuola-2026-27-criteri-e-parametri-per-le-classi-in-deroga\/\",\"name\":\"Organici scuola 2026\/27, criteri e parametri per le classi in deroga - Uil Scuola Emilia Romagna\",\"isPartOf\":{\"@id\":\"https:\/\/www.uilscuolaemiliaromagna.it\/public\/er\/#website\"},\"datePublished\":\"2026-04-27T20:11:46+00:00\",\"dateModified\":\"2026-04-27T20:11:46+00:00\",\"breadcrumb\":{\"@id\":\"https:\/\/www.uilscuolaemiliaromagna.it\/public\/er\/2026\/04\/27\/organici-scuola-2026-27-criteri-e-parametri-per-le-classi-in-deroga\/#breadcrumb\"},\"inLanguage\":\"it-IT\",\"potentialAction\":[{\"@type\":\"ReadAction\",\"target\":[\"https:\/\/www.uilscuolaemiliaromagna.it\/public\/er\/2026\/04\/27\/organici-scuola-2026-27-criteri-e-parametri-per-le-classi-in-deroga\/\"]}]},{\"@type\":\"BreadcrumbList\",\"@id\":\"https:\/\/www.uilscuolaemiliaromagna.it\/public\/er\/2026\/04\/27\/organici-scuola-2026-27-criteri-e-parametri-per-le-classi-in-deroga\/#breadcrumb\",\"itemListElement\":[{\"@type\":\"ListItem\",\"position\":1,\"name\":\"Home\",\"item\":\"https:\/\/www.uilscuolaemiliaromagna.it\/public\/er\/\"},{\"@type\":\"ListItem\",\"position\":2,\"name\":\"Organici scuola 2026\/27, criteri e parametri per le classi in deroga\"}]},{\"@type\":\"WebSite\",\"@id\":\"https:\/\/www.uilscuolaemiliaromagna.it\/public\/er\/#website\",\"url\":\"https:\/\/www.uilscuolaemiliaromagna.it\/public\/er\/\",\"name\":\"Uil Scuola Emilia Romagna\",\"description\":\"La voce libera della scuola\",\"publisher\":{\"@id\":\"https:\/\/www.uilscuolaemiliaromagna.it\/public\/er\/#organization\"},\"potentialAction\":[{\"@type\":\"SearchAction\",\"target\":{\"@type\":\"EntryPoint\",\"urlTemplate\":\"https:\/\/www.uilscuolaemiliaromagna.it\/public\/er\/?s={search_term_string}\"},\"query-input\":\"required name=search_term_string\"}],\"inLanguage\":\"it-IT\"},{\"@type\":\"Organization\",\"@id\":\"https:\/\/www.uilscuolaemiliaromagna.it\/public\/er\/#organization\",\"name\":\"Uil Scuola Emilia Romagna\",\"url\":\"https:\/\/www.uilscuolaemiliaromagna.it\/public\/er\/\",\"logo\":{\"@type\":\"ImageObject\",\"inLanguage\":\"it-IT\",\"@id\":\"https:\/\/www.uilscuolaemiliaromagna.it\/public\/er\/#\/schema\/logo\/image\/\",\"url\":\"https:\/\/www.uilscuolaemiliaromagna.it\/public\/er\/wp-content\/uploads\/2017\/04\/cropped-header.png\",\"contentUrl\":\"https:\/\/www.uilscuolaemiliaromagna.it\/public\/er\/wp-content\/uploads\/2017\/04\/cropped-header.png\",\"width\":1000,\"height\":150,\"caption\":\"Uil Scuola Emilia Romagna\"},\"image\":{\"@id\":\"https:\/\/www.uilscuolaemiliaromagna.it\/public\/er\/#\/schema\/logo\/image\/\"}},{\"@type\":\"Person\",\"@id\":\"https:\/\/www.uilscuolaemiliaromagna.it\/public\/er\/#\/schema\/person\/f42878fd07a4b6ba2b7153d4fad5de5e\",\"name\":\"admin\",\"image\":{\"@type\":\"ImageObject\",\"inLanguage\":\"it-IT\",\"@id\":\"https:\/\/www.uilscuolaemiliaromagna.it\/public\/er\/#\/schema\/person\/image\/\",\"url\":\"https:\/\/secure.gravatar.com\/avatar\/aebf815ae2f30ffdae8b8c247273d34c?s=96&d=mm&r=g\",\"contentUrl\":\"https:\/\/secure.gravatar.com\/avatar\/aebf815ae2f30ffdae8b8c247273d34c?s=96&d=mm&r=g\",\"caption\":\"admin\"},\"url\":\"https:\/\/www.uilscuolaemiliaromagna.it\/public\/er\/author\/admin\/\"}]}<\/script>\r\n<!-- \/ Yoast SEO plugin. -->","yoast_head_json":{"title":"Organici scuola 2026\/27, criteri e parametri per le classi in deroga - Uil Scuola Emilia Romagna","robots":{"index":"index","follow":"follow","max-snippet":"max-snippet:-1","max-image-preview":"max-image-preview:large","max-video-preview":"max-video-preview:-1"},"canonical":"https:\/\/www.uilscuolaemiliaromagna.it\/public\/er\/2026\/04\/27\/organici-scuola-2026-27-criteri-e-parametri-per-le-classi-in-deroga\/","og_locale":"it_IT","og_type":"article","og_title":"Organici scuola 2026\/27, criteri e parametri per le classi in deroga - Uil Scuola Emilia Romagna","og_description":"Uil Scuola: quasi 1.500 posti in meno per i docenti rispetto al primo anno di attuazione. Misura utile ma insufficiente: senza nuovi investimenti e organici &hellip;","og_url":"https:\/\/www.uilscuolaemiliaromagna.it\/public\/er\/2026\/04\/27\/organici-scuola-2026-27-criteri-e-parametri-per-le-classi-in-deroga\/","og_site_name":"Uil Scuola Emilia Romagna","article_published_time":"2026-04-27T20:11:46+00:00","og_image":[{"width":150,"height":150,"url":"https:\/\/www.uilscuolaemiliaromagna.it\/public\/er\/wp-content\/uploads\/2026\/04\/ORGANICI-SCUOLA-REPORT-MINISTERO-150x150-1.jpg","type":"image\/jpeg"}],"author":"admin","twitter_card":"summary_large_image","twitter_misc":{"Scritto da":"admin","Tempo di lettura stimato":"4 minuti"},"schema":{"@context":"https:\/\/schema.org","@graph":[{"@type":"Article","@id":"https:\/\/www.uilscuolaemiliaromagna.it\/public\/er\/2026\/04\/27\/organici-scuola-2026-27-criteri-e-parametri-per-le-classi-in-deroga\/#article","isPartOf":{"@id":"https:\/\/www.uilscuolaemiliaromagna.it\/public\/er\/2026\/04\/27\/organici-scuola-2026-27-criteri-e-parametri-per-le-classi-in-deroga\/"},"author":{"name":"admin","@id":"https:\/\/www.uilscuolaemiliaromagna.it\/public\/er\/#\/schema\/person\/f42878fd07a4b6ba2b7153d4fad5de5e"},"headline":"Organici scuola 2026\/27, criteri e parametri per le classi in deroga","datePublished":"2026-04-27T20:11:46+00:00","dateModified":"2026-04-27T20:11:46+00:00","mainEntityOfPage":{"@id":"https:\/\/www.uilscuolaemiliaromagna.it\/public\/er\/2026\/04\/27\/organici-scuola-2026-27-criteri-e-parametri-per-le-classi-in-deroga\/"},"wordCount":503,"publisher":{"@id":"https:\/\/www.uilscuolaemiliaromagna.it\/public\/er\/#organization"},"articleSection":["Notizie","Personale Docente"],"inLanguage":"it-IT"},{"@type":"WebPage","@id":"https:\/\/www.uilscuolaemiliaromagna.it\/public\/er\/2026\/04\/27\/organici-scuola-2026-27-criteri-e-parametri-per-le-classi-in-deroga\/","url":"https:\/\/www.uilscuolaemiliaromagna.it\/public\/er\/2026\/04\/27\/organici-scuola-2026-27-criteri-e-parametri-per-le-classi-in-deroga\/","name":"Organici scuola 2026\/27, criteri e parametri per le classi in deroga - Uil Scuola Emilia Romagna","isPartOf":{"@id":"https:\/\/www.uilscuolaemiliaromagna.it\/public\/er\/#website"},"datePublished":"2026-04-27T20:11:46+00:00","dateModified":"2026-04-27T20:11:46+00:00","breadcrumb":{"@id":"https:\/\/www.uilscuolaemiliaromagna.it\/public\/er\/2026\/04\/27\/organici-scuola-2026-27-criteri-e-parametri-per-le-classi-in-deroga\/#breadcrumb"},"inLanguage":"it-IT","potentialAction":[{"@type":"ReadAction","target":["https:\/\/www.uilscuolaemiliaromagna.it\/public\/er\/2026\/04\/27\/organici-scuola-2026-27-criteri-e-parametri-per-le-classi-in-deroga\/"]}]},{"@type":"BreadcrumbList","@id":"https:\/\/www.uilscuolaemiliaromagna.it\/public\/er\/2026\/04\/27\/organici-scuola-2026-27-criteri-e-parametri-per-le-classi-in-deroga\/#breadcrumb","itemListElement":[{"@type":"ListItem","position":1,"name":"Home","item":"https:\/\/www.uilscuolaemiliaromagna.it\/public\/er\/"},{"@type":"ListItem","position":2,"name":"Organici scuola 2026\/27, criteri e parametri per le classi in deroga"}]},{"@type":"WebSite","@id":"https:\/\/www.uilscuolaemiliaromagna.it\/public\/er\/#website","url":"https:\/\/www.uilscuolaemiliaromagna.it\/public\/er\/","name":"Uil Scuola Emilia Romagna","description":"La voce libera della scuola","publisher":{"@id":"https:\/\/www.uilscuolaemiliaromagna.it\/public\/er\/#organization"},"potentialAction":[{"@type":"SearchAction","target":{"@type":"EntryPoint","urlTemplate":"https:\/\/www.uilscuolaemiliaromagna.it\/public\/er\/?s={search_term_string}"},"query-input":"required name=search_term_string"}],"inLanguage":"it-IT"},{"@type":"Organization","@id":"https:\/\/www.uilscuolaemiliaromagna.it\/public\/er\/#organization","name":"Uil Scuola Emilia Romagna","url":"https:\/\/www.uilscuolaemiliaromagna.it\/public\/er\/","logo":{"@type":"ImageObject","inLanguage":"it-IT","@id":"https:\/\/www.uilscuolaemiliaromagna.it\/public\/er\/#\/schema\/logo\/image\/","url":"https:\/\/www.uilscuolaemiliaromagna.it\/public\/er\/wp-content\/uploads\/2017\/04\/cropped-header.png","contentUrl":"https:\/\/www.uilscuolaemiliaromagna.it\/public\/er\/wp-content\/uploads\/2017\/04\/cropped-header.png","width":1000,"height":150,"caption":"Uil Scuola Emilia Romagna"},"image":{"@id":"https:\/\/www.uilscuolaemiliaromagna.it\/public\/er\/#\/schema\/logo\/image\/"}},{"@type":"Person","@id":"https:\/\/www.uilscuolaemiliaromagna.it\/public\/er\/#\/schema\/person\/f42878fd07a4b6ba2b7153d4fad5de5e","name":"admin","image":{"@type":"ImageObject","inLanguage":"it-IT","@id":"https:\/\/www.uilscuolaemiliaromagna.it\/public\/er\/#\/schema\/person\/image\/","url":"https:\/\/secure.gravatar.com\/avatar\/aebf815ae2f30ffdae8b8c247273d34c?s=96&d=mm&r=g","contentUrl":"https:\/\/secure.gravatar.com\/avatar\/aebf815ae2f30ffdae8b8c247273d34c?s=96&d=mm&r=g","caption":"admin"},"url":"https:\/\/www.uilscuolaemiliaromagna.it\/public\/er\/author\/admin\/"}]}},"views":25,"_links":{"self":[{"href":"https:\/\/www.uilscuolaemiliaromagna.it\/public\/er\/wp-json\/wp\/v2\/posts\/16175"}],"collection":[{"href":"https:\/\/www.uilscuolaemiliaromagna.it\/public\/er\/wp-json\/wp\/v2\/posts"}],"about":[{"href":"https:\/\/www.uilscuolaemiliaromagna.it\/public\/er\/wp-json\/wp\/v2\/types\/post"}],"author":[{"embeddable":true,"href":"https:\/\/www.uilscuolaemiliaromagna.it\/public\/er\/wp-json\/wp\/v2\/users\/1"}],"replies":[{"embeddable":true,"href":"https:\/\/www.uilscuolaemiliaromagna.it\/public\/er\/wp-json\/wp\/v2\/comments?post=16175"}],"version-history":[{"count":1,"href":"https:\/\/www.uilscuolaemiliaromagna.it\/public\/er\/wp-json\/wp\/v2\/posts\/16175\/revisions"}],"predecessor-version":[{"id":16177,"href":"https:\/\/www.uilscuolaemiliaromagna.it\/public\/er\/wp-json\/wp\/v2\/posts\/16175\/revisions\/16177"}],"wp:featuredmedia":[{"embeddable":true,"href":"https:\/\/www.uilscuolaemiliaromagna.it\/public\/er\/wp-json\/wp\/v2\/media\/16176"}],"wp:attachment":[{"href":"https:\/\/www.uilscuolaemiliaromagna.it\/public\/er\/wp-json\/wp\/v2\/media?parent=16175"}],"wp:term":[{"taxonomy":"category","embeddable":true,"href":"https:\/\/www.uilscuolaemiliaromagna.it\/public\/er\/wp-json\/wp\/v2\/categories?post=16175"},{"taxonomy":"post_tag","embeddable":true,"href":"https:\/\/www.uilscuolaemiliaromagna.it\/public\/er\/wp-json\/wp\/v2\/tags?post=16175"}],"curies":[{"name":"wp","href":"https:\/\/api.w.org\/{rel}","templated":true}]}}