{"id":16179,"date":"2026-04-29T18:18:25","date_gmt":"2026-04-29T16:18:25","guid":{"rendered":"https:\/\/www.uilscuolaemiliaromagna.it\/public\/er\/?p=16179"},"modified":"2026-04-29T18:18:25","modified_gmt":"2026-04-29T16:18:25","slug":"supplenze-2026-27-incontro-al-mim-sulla-bozza-di-nota-operativa-domande-dal-16-luglio","status":"publish","type":"post","link":"https:\/\/www.uilscuolaemiliaromagna.it\/public\/er\/2026\/04\/29\/supplenze-2026-27-incontro-al-mim-sulla-bozza-di-nota-operativa-domande-dal-16-luglio\/","title":{"rendered":"Supplenze 2026\/27: incontro al MIM sulla bozza di nota operativa. Domande dal 16 luglio"},"content":{"rendered":"<p style=\"text-align: justify;\"><em>Definite le procedure per gli incarichi da GPS sostegno e per le supplenze annuali del personale docente, educativo e ATA.<\/em><\/p>\n<p style=\"text-align: justify;\">Il 29 aprile si \u00e8 svolto l\u2019incontro tra le organizzazioni sindacali e il Ministero dell\u2019Istruzione e del Merito sulla bozza di nota operativa relativa alle supplenze per l\u2019a.s. 2026\/27.<br \/>\nIl documento, come di consueto, riepiloga criteri e modalit\u00e0 di conferimento degli incarichi a tempo determinato, includendo per il personale docente le supplenze finalizzate al ruolo dalle GPS di I fascia sostegno e le procedure di conferma sui posti di sostegno.<br \/>\nLa bozza tiene conto delle novit\u00e0 introdotte dall\u2019Ordinanza Ministeriale n. 27 del 16 febbraio 2026, relativa all\u2019aggiornamento delle graduatorie provinciali e di istituto, e richiama il quadro normativo di riferimento per il personale ATA, disciplinato dal D.M. 13 dicembre 2000, n. 430.<\/p>\n<p style=\"text-align: justify;\">Sono state definite anche le tempistiche della procedura informatizzata tramite\u00a0<strong>Istanze On Line (POLIS)<\/strong>\u00a0per il personale docente e educativo:<br \/>\n\u2013 dal\u00a0<strong>16 al 29 luglio 2026<\/strong>\u00a0per incarichi finalizzati al ruolo da GPS I fascia sostegno (fase provinciale), conferme su sostegno e supplenze al 31\/8 e 30\/6;<br \/>\n\u2013 dal\u00a0<strong>14 al 18 agosto 2026<\/strong>\u00a0per la fase interprovinciale degli incarichi finalizzati al ruolo da GPS I fascia sostegno.<\/p>\n<p style=\"text-align: justify;\"><strong>L\u2019amministrazione ci ha informato che l\u2019apertura della funzione per l\u2019iscrizione negli elenchi regionali sar\u00e0 disponibile dal 6 al 25 maggio (date da confermare).<\/strong><\/p>\n<p style=\"text-align: justify;\">Il personale scolastico\u00a0<strong>gi\u00e0 di ruolo<\/strong>\u00a0che abbia superato il periodo di prova con decorrenza 1\u00b0 settembre 2025 o anni precedenti, qualora in possesso dei requisiti previsti, pu\u00f2 partecipare a tutte le procedure previste, nei limiti stabiliti dagli articoli 47 e 70 del CCNL del Comparto Istruzione e Ricerca 2019\/21. Non possono partecipare i docenti tenuti allo svolgimento dell\u2019anno di prova.<br \/>\nSono esclusi dalla partecipazione agli incarichi finalizzati al ruolo da GPS I fascia sostegno gli aspiranti inseriti con riserva nella prima fascia delle GPS per i posti di sostegno, in quanto in attesa del conseguimento o del riconoscimento del titolo di specializzazione.<\/p>\n<p style=\"text-align: justify;\"><strong>PROCEDURA FINALIZZATA AL RUOLO \u2013 DOCENTI INSERTI A PIENO TITOLO NELLA I FASCIA GPS SOSTEGNO<br \/>\n<\/strong>La procedura si distingue in\u00a0<strong>due fasi<\/strong>:<\/p>\n<p style=\"text-align: justify;\"><strong>1) Fase provinciale<\/strong>\u00a0(nella provincia di inserimento in GPS)<br \/>\n<strong>Le relative funzioni sono rese disponibili nel periodo compreso tra il 16 luglio (ore 14.00) e il 29 luglio 2026 (ore 14.00).<br \/>\n<\/strong><strong>Attenzione:\u00a0<\/strong><strong>Attraverso la medesima funzione gli aspiranti presentano anche istanza di partecipazione alla procedura informatica per il conferimento delle supplenze al 31\/8 e al 30\/6.<\/strong><\/p>\n<p style=\"text-align: justify;\">Partecipano\u00a0<strong>esclusivamente i docenti inseriti a pieno titolo<\/strong>\u00a0nella prima fascia GPS per il sostegno.<\/p>\n<p style=\"text-align: justify;\">La procedura si svolge interamente tramite sistema informativo:<br \/>\n\u2013 In una prima fase gli USR, prima dell\u2019elaborazione degli incarichi a tempo determinato, inseriscono i posti disponibili per ciascuna scuola, distinti per tipologia di sostegno;<br \/>\n\u2013 Successivamente, verificano le domande e procedono all\u2019assegnazione automatizzata degli aspiranti alle sedi, sulla base della posizione in GPS e delle preferenze espresse.<br \/>\n\u2013 Se il candidato ha indicato preferenze sintetiche (ad esempio un comune o un distretto), le scuole vengono ordinate automaticamente secondo il codice meccanografico.<br \/>\n\u2013 Una volta concluse le operazioni, gli esiti vengono pubblicati e comunicati direttamente agli interessati nell\u2019area riservata.<\/p>\n<p style=\"text-align: justify;\"><strong>Accettazione\/rinuncia \u2013 conseguenze<br \/>\n<\/strong>Nel momento in cui la procedura automatizzata assegna una\u00a0<strong>scuola<\/strong>, il docente ha al massimo\u00a0<strong>5 giorni<\/strong>\u00a0per rispondere, o, comunque, entro il 1\u00b0 settembre qualora l\u2019assegnazione intervenga a\u00a0<strong>decorrere dal 28 agosto<\/strong>, utilizzando l\u2019apposita funzione indicata nel link presente nella comunicazione ricevuta. Se non si risponde entro questo termine, la mancata risposta vale come rinuncia.<\/p>\n<p style=\"text-align: justify;\"><strong>Attenzione<\/strong>: una volta che la\u00a0<strong>scuola \u00e8 stata assegnata<\/strong>, si \u00e8 comunque esclusi da tutte le altre procedure di supplenza. Non si potr\u00e0 pi\u00f9 partecipare n\u00e9 agli incarichi al 31 agosto, n\u00e9 al 30 giugno, n\u00e9 alle supplenze brevi o agli interpelli, e nemmeno per altre classi di concorso o tipologie di posto. Questo vale anche, se ne ricorrono i presupposti, per le eventuali conferme su sostegno.<br \/>\nIn pratica, nel momento in cui arriva l\u2019assegnazione della scuola, questa si pu\u00f2 accettare oppure non accettare, ma in entrambi i casi il docente non potr\u00e0 pi\u00f9 accedere alle altre supplenze.<br \/>\nEventuali rinunce possono essere coperte dagli Uffici tramite surroghe, ma solo prima dell\u2019avvio della fase interprovinciale.<\/p>\n<p style=\"text-align: justify;\"><strong>Nota bene<br \/>\n<\/strong>\u2013 La presentazione dell\u2019istanza \u00e8 condizione essenziale per partecipare alla procedura:\u00a0<strong>chi non la presenta \u00e8 automaticamente escluso<\/strong>.<br \/>\n\u2013 Chi\u00a0<strong>non presenta domanda oppure, pur partecipando, non ottiene alcun incarico sulle sedi richieste<\/strong>, mantiene la possibilit\u00e0 di partecipare alle successive procedure di conferimento delle supplenze (al 31 agosto, al 30 giugno e brevi) e, se ne ricorrono i presupposti, anche alle procedure di conferma su posto di sostegno.<\/p>\n<p style=\"text-align: justify;\"><strong>2<\/strong><strong>) Fase interprovinciale<\/strong>\u00a0(se non si \u00e8 ottenuto incarico nella fase provinciale)<br \/>\nAl termine della procedura provinciale, gli Uffici pubblicano sui propri siti le sedi rimaste vacanti, per ogni grado di scuola,\u00a0<strong>entro le ore 10:00 del 14 agosto 2026<\/strong>.<br \/>\nNello stesso giorno si apre una nuova finestra per presentare domanda:\u00a0<strong>dalle ore 14:00 del 14 agosto fino alle ore 12:00 del 18 agosto.<br \/>\n<\/strong>A questa fase possono partecipare solo i docenti inseriti a pieno titolo nella prima fascia GPS sostegno\u00a0<strong>che hanno gi\u00e0 partecipato alla fase provinciale senza rinunciare, ma che non hanno ricevuto alcuna proposta di incarico<\/strong>. Restano invece esclusi: chi non ha partecipato alla fase provinciale, chi \u00e8 gi\u00e0 stato soddisfatto e chi risulta rinunciatario.<\/p>\n<p style=\"text-align: justify;\">La procedura si svolge interamente online.<br \/>\n\u2013 I docenti devono presentare una nuova domanda tramite il sistema informativo, indicando la provincia (<strong>anche pi\u00f9 province purch\u00e9 della stessa regione, pure diversa da quella di inserimento<\/strong>) e le tipologie di posto per cui hanno titolo. Dal momento in cui si apre questa fase, non sono pi\u00f9 possibili scorrimenti o surroghe sulle assegnazioni provinciali gi\u00e0 fatte.<br \/>\n\u2013 Il sistema poi elabora le domande e crea, per ogni provincia e tipologia di posto, un elenco degli aspiranti basato sui dati delle GPS di origine.<br \/>\n\u2013 Una volta pubblicati questi elenchi, si procede con l\u2019assegnazione prima della provincia e poi della scuola, sempre tramite procedura informatizzata.<\/p>\n<p style=\"text-align: justify;\"><strong>Accettazione\/rinuncia \u2013 conseguenze<br \/>\n<\/strong>Anche in questa fase nel momento in cui la procedura automatizzata assegna una scuola, il docente ha al massimo 5 giorni per rispondere. Se non si risponde entro questo termine, la mancata risposta vale come rinuncia alla nomina e determina la decadenza dall\u2019incarico conferito.<\/p>\n<p style=\"text-align: justify;\"><strong>Attenzione<\/strong>: In questa procedura \u00e8 l\u2019assegnazione della\u00a0<strong>provincia<\/strong>\u00a0a determinare l\u2019esclusione da tutte le altre supplenze. Nel momento in cui il sistema informatizzato assegna una provincia, il docente\u00a0<strong>\u00e8 escluso automaticamente da tutte le altre procedure<\/strong>: non potr\u00e0 pi\u00f9 partecipare agli incarichi al\u00a0<strong>31 agosto<\/strong>, al\u00a0<strong>30 giugno<\/strong>, n\u00e9 alle\u00a0<strong>supplenze brevi o agli interpelli<\/strong>, e nemmeno concorrere per\u00a0<strong>altre classi di concorso o tipologie di posto<\/strong>.<br \/>\nL\u2019esclusione riguarda anche eventuali\u00a0<strong>conferme su sostegno<\/strong>, se ne ricorrono i presupposti.<br \/>\nIn concreto, una volta assegnata la provincia, il docente pu\u00f2 decidere se\u00a0<strong>accettarla o rinunciarvi<\/strong>, cos\u00ec come potr\u00e0 successivamente accettare o meno la sede scolastica assegnata. Tuttavia,\u00a0<strong>in ogni caso<\/strong>, l\u2019assegnazione della provincia comporta la\u00a0<strong>definitiva esclusione da tutte le altre opportunit\u00e0 di supplenza<\/strong>.<\/p>\n<p style=\"text-align: justify;\"><strong>Nota bene<br \/>\n<\/strong>\u2013 La presentazione dell\u2019istanza \u00e8 condizione essenziale per partecipare alla procedura:\u00a0<strong>chi non la presenta \u00e8 automaticamente escluso<\/strong>.<br \/>\n\u2013 Chi\u00a0<strong>non presenta domanda oppure, pur partecipando, non ottiene alcuna provincia richiesta<\/strong>, mantiene la possibilit\u00e0 di partecipare alle successive procedure di conferimento delle supplenze (al 31 agosto, al 30 giugno e brevi) e, se ne ricorrono i presupposti, anche alle procedure di conferma su posto di sostegno.<\/p>\n<p style=\"text-align: justify;\"><strong>CONFERMA DEI DOCENTI A TEMPO DETERMINATO SU POSTO DI SOSTEGNO PER L\u2019ANNO SCOLASTICO 2026\/2027<br \/>\n<\/strong>Una volta concluse tutte le operazioni di immissione in ruolo, degli incarichi finalizzati al ruolo e delle procedure di utilizzazione e assegnazione provvisoria, gli Uffici avviano la fase relativa alla\u00a0<a href=\"https:\/\/uilscuola.it\/conferma-docente-di-sostegno-a-s-2026-27-destinatari-criteri-e-modalita\/?doing_wp_cron=1777385607.8049309253692626953125\" target=\"_blank\" rel=\"noopener\"><strong>conferma del docente a didattica su sostegno<\/strong><\/a>\u00a0prevista dall\u2019articolo 13 dall\u2019Ordinanza Ministeriale n. 27 del 16 febbraio 2026.<\/p>\n<p style=\"text-align: justify;\">Si tratta di una procedura successiva e distinta, le cui modalit\u00e0 operative sono gi\u00e0 definite nella\u00a0<strong>nota ministeriale del 26 marzo 2026.<\/strong><\/p>\n<p style=\"text-align: justify;\">In questo contesto, i docenti a tempo determinato che hanno i requisiti, e per i quali il dirigente scolastico ha concluso positivamente la verifica, devono esprimere la volont\u00e0 di partecipare in modo\u00a0<strong>definitivo, vincolante e irrevocabile<\/strong>\u00a0all\u2019interno della stessa istanza su Istanze On Line (POLIS) utilizzata per le nomine.<br \/>\n<strong>Le relative funzioni sono rese disponibili nel periodo compreso tra il 16 luglio (ore 14.00) e il 29 luglio 2026 (ore 14.00).<br \/>\n<\/strong><strong>Attenzione:\u00a0<\/strong><strong>Attraverso la medesima funzione gli aspiranti presentano anche istanza di partecipazione alla procedura informatica per il conferimento delle supplenze al 31\/8 e al 30\/6.<\/strong><\/p>\n<p style=\"text-align: justify;\"><strong>SUPPLENZE AL 30\/6, 31\/8 E BREVI<br \/>\n<\/strong>Per il conferimento delle supplenze del personale docente, educativo e ATA \u2013 sia al\u00a0<strong>31 agosto<\/strong>, sia al\u00a0<strong>30 giugno<\/strong>, sia per le\u00a0<strong>supplenze brevi<\/strong>\u00a0si fa riferimento a:<br \/>\n\u2013 l\u2019Ordinanza Ministeriale n. 27 del 16 febbraio 2026 per il personale docente ed educativo;<br \/>\n\u2013 il D.M. 13 dicembre 2000 n. 430 per il personale ATA.<\/p>\n<p style=\"text-align: justify;\">Per il personale docente ed educativo le funzioni per la presentazione delle domande per gli incarichi al 31\/8 e al 30\/6 saranno disponibili\u00a0<strong>dal 16 luglio 2026 (ore 14:00) al 29 luglio 2026 (ore 14:00)<\/strong>.<br \/>\nSu questi aspetti sar\u00e0 predisposta a breve una\u00a0<strong>scheda riepilogativa<\/strong>, utile a sintetizzare procedure e casistiche, anche alla luce delle principali novit\u00e0 introdotte per il personale docente dalla nuova Ordinanza, tra cui:<br \/>\n\u2013 l\u2019assegnazione degli\u00a0<strong>spezzoni pari o inferiori alle 6 ore<\/strong>;<br \/>\n\u2013 il\u00a0<strong>completamento orario<\/strong>\u00a0da graduatorie di istituto;<br \/>\n\u2013 la possibilit\u00e0 di\u00a0<strong>ripescaggio nei turni successivi da GPS;<br \/>\n<\/strong>\u2013 il nuovo sistema delle<strong>\u00a0sanzioni.<\/strong><\/p>\n<p style=\"text-align: justify;\">Tra le novit\u00e0 della procedura di convocazione, \u00e8 previsto che le scuole possano visualizzare direttamente a sistema le classi di concorso esaurite per la propria istituzione scolastica, sulla base delle comunicazioni effettuate dagli Uffici competenti.<br \/>\nQuando le GAE risultano esaurite o incapienti, si procede allo scorrimento delle GPS con le stesse modalit\u00e0. Se anche le GPS non sono sufficienti, si passa alle Graduatorie di Istituto, utilizzate direttamente dai dirigenti scolastici.<br \/>\nAl termine di ogni turno di nomina, gli Uffici comunicano alle scuole quali classi di concorso o tipologie di posto risultano esaurite a livello provinciale e indicano quando avverr\u00e0 il turno successivo. A partire da questa comunicazione, i dirigenti scolastici assegnano le supplenze, sia gi\u00e0 disponibili sia sopravvenute, scorrendo immediatamente le graduatorie di istituto.<\/p>\n<p style=\"text-align: justify;\"><strong>OSSERVAZIONI UIL SCUOLA<br \/>\n<\/strong>Nel corso del confronto sono state formulate alcune\u00a0<strong>osservazioni puntuali<\/strong>\u00a0per rendere la nota pi\u00f9 chiara e uniformemente applicabile.<\/p>\n<p style=\"text-align: justify;\"><strong><em>Completamento orario per i docenti<br \/>\n<\/em><\/strong>Occorre esplicitare nella nota la disciplina del completamento orario alla luce delle novit\u00e0 introdotte dalla nuova ordinanza, in particolare per le supplenze brevi da graduatorie di istituto, dove \u00e8 ora possibile il completamento anche con frazionamento del posto intero, nel rispetto dell\u2019unicit\u00e0 di insegnamento (posto comune\/sostegno) e della compatibilit\u00e0 oraria.<\/p>\n<p style=\"text-align: justify;\"><strong><em>Fase interprovinciale \u2013 procedura da GPS I fascia finalizzata al ruolo<br \/>\n<\/em><\/strong>\u00c8 necessario distinguere in modo pi\u00f9 chiaro le due fasi della procedura:<br \/>\n\u2013 assegnazione della provincia;<br \/>\n\u2013 assegnazione della sede scolastica.<br \/>\nVanno definiti con precisione tempi e modalit\u00e0 operative di ciascun passaggio.<\/p>\n<p style=\"text-align: justify;\"><strong><em>Priorit\u00e0 nella scelta della sede<br \/>\n<\/em><\/strong>Si ritiene opportuno un esplicito richiamo ai criteri e alle modalit\u00e0 gi\u00e0 previsti dal CCNI sulla mobilit\u00e0 (artt. 13 e 40, comma 1, punto IV), con l\u2019indicazione puntuale di chi sono i familiari assistiti.<\/p>\n<p style=\"text-align: justify;\"><strong><em>Riserve dei posti GPS<br \/>\n<\/em><\/strong>\u00c8 necessario chiarire che le riserve dei posti devono essere gestite distintamente all\u2019interno di ciascuna fascia GPS, evitando sovrapposizioni tra prima e seconda fascia.<\/p>\n<p style=\"text-align: justify;\"><strong><em>150 sedi gi\u00e0 espresse l\u2019anno precedente<br \/>\n<\/em><\/strong>Sul piano operativo, \u00e8 indispensabile migliorare la piattaforma, prevedendo che, per i docenti che non hanno cambiato provincia, siano visibili le 150 sedi gi\u00e0 espresse nell\u2019anno precedente, cos\u00ec da evitare la ricompilazione integrale della domanda.<\/p>\n<p style=\"text-align: justify;\"><strong><em>Personale ATA<br \/>\n<\/em><\/strong>Permane la contrariet\u00e0 rispetto alla previsione che vincola il personale gi\u00e0 in servizio al 30\/6 o al 31\/8 a risolvere anticipatamente il contratto per accettarne un altro su diverso profilo esclusivamente prima della presa di servizio.<br \/>\nTale impostazione appare una scelta unilaterale, non supportata da riferimenti normativi e non coerente con il quadro regolamentare vigente.<br \/>\nAbbiamo evidenziato inoltre l\u2019incompatibilit\u00e0 con le modalit\u00e0 concrete di convocazione degli Ambiti Territoriali, che non consentono una scelta contestuale tra pi\u00f9 profili, con conseguente penalizzazione dei lavoratori.<br \/>\nInfine, abbiamo chiesto che siano chiarite in modo pi\u00f9 esplicito anche le\u00a0<strong>sanzioni in caso di rinuncia o abbandono della supplenza<\/strong>, al fine di garantire certezza applicativa e uniformit\u00e0 su tutto il territorio nazionale, e che sia esplicata la possibilit\u00e0 di frazionamento del posto intero da parte delle scuole al fine di favorire il completamento orario.<\/p>\n<h6><em>fonte:\u00a0<a href=\"https:\/\/uilscuola.it\/supplenze-2026-27-incontro-al-mim-sulla-bozza-di-nota-operativa-domande-dal-16-luglio\/\" target=\"_blank\" rel=\"noopener\">uilscuola.it<\/a><\/em><\/h6>\n<h2 style=\"text-align: center;\"><span style=\"color: #0000ff;\"><strong><em>Supporto alla compilazione della domanda:<\/em><\/strong><\/span><\/h2>\n<h3 style=\"text-align: center;\"><span style=\"color: #ff0000;\"><em>Hai bisogno di aiuto con la tua domanda?\u00a0<strong class=\"Yjhzub\" data-complete=\"true\">Fissa subito il tuo appuntamento<\/strong>: trovi tutti i nostri contatti qui sotto<\/em><\/span><\/h3>\n<h3 style=\"text-align: center;\"><span style=\"color: #0000ff;\"><em>Serafino 3282258300<\/em><\/span><\/h3>\n<h3 style=\"text-align: center;\"><span style=\"color: #0000ff;\"><em>Marco 3479688040<\/em><\/span><\/h3>\n<h3 style=\"text-align: center;\"><span style=\"color: #0000ff;\"><em>Franco 3917658533<\/em><\/span><\/h3>\n<h3 style=\"text-align: center;\"><span style=\"color: #0000ff;\"><em>Gianluca (sede di Molinella) 3392855649<\/em><\/span><\/h3>\n<h3 style=\"text-align: center;\"><span style=\"color: #0000ff;\"><em>Emidio 3917658534<\/em><\/span><\/h3>\n<h2 style=\"text-align: center;\"><span style=\"color: #ff0000;\"><em>La consulenza \u00e8\u00a0<strong class=\"Yjhzub\" data-complete=\"true\">completamente gratuita<\/strong>\u00a0per tutti gli iscritti alla\u00a0<strong class=\"Yjhzub\" data-complete=\"true\">UIL Scuola di Bologna<\/strong>.<\/em><\/span><\/h2>\n<h3 style=\"text-align: center;\"><span style=\"color: #ff0000;\"><em>Non sei ancora iscritto? Contattaci per scoprire come tesserarti e\u00a0<strong>accedere gratuitamente<\/strong>\u00a0alla nostra consulenza.<\/em><\/span><\/h3>\n<h3><a href=\"https:\/\/www.whatsapp.com\/channel\/0029Va9KtAN5fM5g93lE7D29\" target=\"_blank\" rel=\"noopener\"><img loading=\"lazy\" decoding=\"async\" class=\"aligncenter wp-image-13119 size-medium\" src=\"https:\/\/www.uilscuolaemiliaromagna.it\/public\/er\/wp-content\/uploads\/2024\/03\/canale_whatsapp-300x142.jpg\" sizes=\"(max-width: 300px) 100vw, 300px\" srcset=\"https:\/\/www.uilscuolaemiliaromagna.it\/public\/er\/wp-content\/uploads\/2024\/03\/canale_whatsapp-300x142.jpg 300w, https:\/\/www.uilscuolaemiliaromagna.it\/public\/er\/wp-content\/uploads\/2024\/03\/canale_whatsapp-768x363.jpg 768w, https:\/\/www.uilscuolaemiliaromagna.it\/public\/er\/wp-content\/uploads\/2024\/03\/canale_whatsapp.jpg 800w\" alt=\"\" width=\"300\" height=\"142\" \/><\/a><\/h3>\n<p><a href=\"https:\/\/www.irasenazionale.it\/wp-content\/uploads\/2024\/03\/Delega_UilScuolaRua_Editabile.pdf\" target=\"_blank\" rel=\"noopener\"><img loading=\"lazy\" decoding=\"async\" class=\"aligncenter wp-image-13111 size-medium\" src=\"https:\/\/www.uilscuolaemiliaromagna.it\/public\/er\/wp-content\/uploads\/2024\/03\/iscriviti-7-2-300x92.png\" sizes=\"(max-width: 300px) 100vw, 300px\" srcset=\"https:\/\/www.uilscuolaemiliaromagna.it\/public\/er\/wp-content\/uploads\/2024\/03\/iscriviti-7-2-300x92.png 300w, https:\/\/www.uilscuolaemiliaromagna.it\/public\/er\/wp-content\/uploads\/2024\/03\/iscriviti-7-2-768x236.png 768w, https:\/\/www.uilscuolaemiliaromagna.it\/public\/er\/wp-content\/uploads\/2024\/03\/iscriviti-7-2.png 800w\" alt=\"\" width=\"300\" height=\"92\" \/><\/a><\/p>\n<h6 style=\"text-align: center;\"><span style=\"color: #0000ff;\"><em><strong>Clicca sull\u2019immagine per iscriverti alla Uil Scuola Rua di Bologna\u00a0<\/strong><strong>compilando la delega in ogni sua parte e allegando un documento\u00a0<\/strong><\/em><em><strong>di identit\u00e0 in corso di validit\u00e0.<\/strong><\/em><\/span><br \/>\n<span style=\"color: #0000ff;\"><em><strong>Entrambi andranno inviati al seguente indirizzo mail: bologna@uilscuola.it<\/strong><\/em><\/span><\/h6>\n<p style=\"text-align: center;\"><span style=\"color: #ff0000;\"><em><strong>Le immagini presenti su questo sito sono tutte libere da copyright o generate con tecnologia AI<\/strong><\/em><\/span><\/p>\n\n<div class=\"twitter-share\"><a href=\"https:\/\/twitter.com\/intent\/tweet?via=UILScuolaBO_ER\" class=\"twitter-share-button\" data-size=\"large\">Tweet<\/a><\/div>\n","protected":false},"excerpt":{"rendered":"<p>Definite le procedure per gli incarichi da GPS sostegno e per le supplenze annuali del personale docente, educativo e ATA. Il 29 aprile si \u00e8 &hellip; <\/p>\n","protected":false},"author":1,"featured_media":16180,"comment_status":"closed","ping_status":"open","sticky":false,"template":"","format":"standard","meta":{"footnotes":""},"categories":[20,15,12,6],"tags":[],"yoast_head":"<!-- This site is optimized with the Yoast SEO plugin v21.7 - https:\/\/yoast.com\/wordpress\/plugins\/seo\/ -->\r\n<title>Supplenze 2026\/27: incontro al MIM sulla bozza di nota operativa. Domande dal 16 luglio - Uil Scuola Emilia Romagna<\/title>\r\n<meta name=\"robots\" content=\"index, follow, max-snippet:-1, max-image-preview:large, max-video-preview:-1\" \/>\r\n<link rel=\"canonical\" href=\"https:\/\/www.uilscuolaemiliaromagna.it\/public\/er\/2026\/04\/29\/supplenze-2026-27-incontro-al-mim-sulla-bozza-di-nota-operativa-domande-dal-16-luglio\/\" \/>\r\n<meta property=\"og:locale\" content=\"it_IT\" \/>\r\n<meta property=\"og:type\" content=\"article\" \/>\r\n<meta property=\"og:title\" content=\"Supplenze 2026\/27: incontro al MIM sulla bozza di nota operativa. Domande dal 16 luglio - Uil Scuola Emilia Romagna\" \/>\r\n<meta property=\"og:description\" content=\"Definite le procedure per gli incarichi da GPS sostegno e per le supplenze annuali del personale docente, educativo e ATA. Il 29 aprile si \u00e8 &hellip;\" \/>\r\n<meta property=\"og:url\" content=\"https:\/\/www.uilscuolaemiliaromagna.it\/public\/er\/2026\/04\/29\/supplenze-2026-27-incontro-al-mim-sulla-bozza-di-nota-operativa-domande-dal-16-luglio\/\" \/>\r\n<meta property=\"og:site_name\" content=\"Uil Scuola Emilia Romagna\" \/>\r\n<meta property=\"article:published_time\" content=\"2026-04-29T16:18:25+00:00\" \/>\r\n<meta property=\"og:image\" content=\"https:\/\/www.uilscuolaemiliaromagna.it\/public\/er\/wp-content\/uploads\/2026\/04\/supplenze.jpg\" \/>\r\n\t<meta property=\"og:image:width\" content=\"435\" \/>\r\n\t<meta property=\"og:image:height\" content=\"310\" \/>\r\n\t<meta property=\"og:image:type\" content=\"image\/jpeg\" \/>\r\n<meta name=\"author\" content=\"admin\" \/>\r\n<meta name=\"twitter:card\" content=\"summary_large_image\" \/>\r\n<meta name=\"twitter:label1\" content=\"Scritto da\" \/>\n\t<meta name=\"twitter:data1\" content=\"admin\" \/>\n\t<meta name=\"twitter:label2\" content=\"Tempo di lettura stimato\" \/>\n\t<meta name=\"twitter:data2\" content=\"13 minuti\" \/>\r\n<script type=\"application\/ld+json\" class=\"yoast-schema-graph\">{\"@context\":\"https:\/\/schema.org\",\"@graph\":[{\"@type\":\"Article\",\"@id\":\"https:\/\/www.uilscuolaemiliaromagna.it\/public\/er\/2026\/04\/29\/supplenze-2026-27-incontro-al-mim-sulla-bozza-di-nota-operativa-domande-dal-16-luglio\/#article\",\"isPartOf\":{\"@id\":\"https:\/\/www.uilscuolaemiliaromagna.it\/public\/er\/2026\/04\/29\/supplenze-2026-27-incontro-al-mim-sulla-bozza-di-nota-operativa-domande-dal-16-luglio\/\"},\"author\":{\"name\":\"admin\",\"@id\":\"https:\/\/www.uilscuolaemiliaromagna.it\/public\/er\/#\/schema\/person\/f42878fd07a4b6ba2b7153d4fad5de5e\"},\"headline\":\"Supplenze 2026\/27: incontro al MIM sulla bozza di nota operativa. Domande dal 16 luglio\",\"datePublished\":\"2026-04-29T16:18:25+00:00\",\"dateModified\":\"2026-04-29T16:18:25+00:00\",\"mainEntityOfPage\":{\"@id\":\"https:\/\/www.uilscuolaemiliaromagna.it\/public\/er\/2026\/04\/29\/supplenze-2026-27-incontro-al-mim-sulla-bozza-di-nota-operativa-domande-dal-16-luglio\/\"},\"wordCount\":2102,\"publisher\":{\"@id\":\"https:\/\/www.uilscuolaemiliaromagna.it\/public\/er\/#organization\"},\"articleSection\":[\"Graduatorie\",\"In Evidenza\",\"Notizie\",\"Personale Docente\"],\"inLanguage\":\"it-IT\"},{\"@type\":\"WebPage\",\"@id\":\"https:\/\/www.uilscuolaemiliaromagna.it\/public\/er\/2026\/04\/29\/supplenze-2026-27-incontro-al-mim-sulla-bozza-di-nota-operativa-domande-dal-16-luglio\/\",\"url\":\"https:\/\/www.uilscuolaemiliaromagna.it\/public\/er\/2026\/04\/29\/supplenze-2026-27-incontro-al-mim-sulla-bozza-di-nota-operativa-domande-dal-16-luglio\/\",\"name\":\"Supplenze 2026\/27: incontro al MIM sulla bozza di nota operativa. Domande dal 16 luglio - Uil Scuola Emilia Romagna\",\"isPartOf\":{\"@id\":\"https:\/\/www.uilscuolaemiliaromagna.it\/public\/er\/#website\"},\"datePublished\":\"2026-04-29T16:18:25+00:00\",\"dateModified\":\"2026-04-29T16:18:25+00:00\",\"breadcrumb\":{\"@id\":\"https:\/\/www.uilscuolaemiliaromagna.it\/public\/er\/2026\/04\/29\/supplenze-2026-27-incontro-al-mim-sulla-bozza-di-nota-operativa-domande-dal-16-luglio\/#breadcrumb\"},\"inLanguage\":\"it-IT\",\"potentialAction\":[{\"@type\":\"ReadAction\",\"target\":[\"https:\/\/www.uilscuolaemiliaromagna.it\/public\/er\/2026\/04\/29\/supplenze-2026-27-incontro-al-mim-sulla-bozza-di-nota-operativa-domande-dal-16-luglio\/\"]}]},{\"@type\":\"BreadcrumbList\",\"@id\":\"https:\/\/www.uilscuolaemiliaromagna.it\/public\/er\/2026\/04\/29\/supplenze-2026-27-incontro-al-mim-sulla-bozza-di-nota-operativa-domande-dal-16-luglio\/#breadcrumb\",\"itemListElement\":[{\"@type\":\"ListItem\",\"position\":1,\"name\":\"Home\",\"item\":\"https:\/\/www.uilscuolaemiliaromagna.it\/public\/er\/\"},{\"@type\":\"ListItem\",\"position\":2,\"name\":\"Supplenze 2026\/27: incontro al MIM sulla bozza di nota operativa. Domande dal 16 luglio\"}]},{\"@type\":\"WebSite\",\"@id\":\"https:\/\/www.uilscuolaemiliaromagna.it\/public\/er\/#website\",\"url\":\"https:\/\/www.uilscuolaemiliaromagna.it\/public\/er\/\",\"name\":\"Uil Scuola Emilia Romagna\",\"description\":\"La voce libera della scuola\",\"publisher\":{\"@id\":\"https:\/\/www.uilscuolaemiliaromagna.it\/public\/er\/#organization\"},\"potentialAction\":[{\"@type\":\"SearchAction\",\"target\":{\"@type\":\"EntryPoint\",\"urlTemplate\":\"https:\/\/www.uilscuolaemiliaromagna.it\/public\/er\/?s={search_term_string}\"},\"query-input\":\"required name=search_term_string\"}],\"inLanguage\":\"it-IT\"},{\"@type\":\"Organization\",\"@id\":\"https:\/\/www.uilscuolaemiliaromagna.it\/public\/er\/#organization\",\"name\":\"Uil Scuola Emilia Romagna\",\"url\":\"https:\/\/www.uilscuolaemiliaromagna.it\/public\/er\/\",\"logo\":{\"@type\":\"ImageObject\",\"inLanguage\":\"it-IT\",\"@id\":\"https:\/\/www.uilscuolaemiliaromagna.it\/public\/er\/#\/schema\/logo\/image\/\",\"url\":\"https:\/\/www.uilscuolaemiliaromagna.it\/public\/er\/wp-content\/uploads\/2017\/04\/cropped-header.png\",\"contentUrl\":\"https:\/\/www.uilscuolaemiliaromagna.it\/public\/er\/wp-content\/uploads\/2017\/04\/cropped-header.png\",\"width\":1000,\"height\":150,\"caption\":\"Uil Scuola Emilia Romagna\"},\"image\":{\"@id\":\"https:\/\/www.uilscuolaemiliaromagna.it\/public\/er\/#\/schema\/logo\/image\/\"}},{\"@type\":\"Person\",\"@id\":\"https:\/\/www.uilscuolaemiliaromagna.it\/public\/er\/#\/schema\/person\/f42878fd07a4b6ba2b7153d4fad5de5e\",\"name\":\"admin\",\"image\":{\"@type\":\"ImageObject\",\"inLanguage\":\"it-IT\",\"@id\":\"https:\/\/www.uilscuolaemiliaromagna.it\/public\/er\/#\/schema\/person\/image\/\",\"url\":\"https:\/\/secure.gravatar.com\/avatar\/aebf815ae2f30ffdae8b8c247273d34c?s=96&d=mm&r=g\",\"contentUrl\":\"https:\/\/secure.gravatar.com\/avatar\/aebf815ae2f30ffdae8b8c247273d34c?s=96&d=mm&r=g\",\"caption\":\"admin\"},\"url\":\"https:\/\/www.uilscuolaemiliaromagna.it\/public\/er\/author\/admin\/\"}]}<\/script>\r\n<!-- \/ Yoast SEO plugin. -->","yoast_head_json":{"title":"Supplenze 2026\/27: incontro al MIM sulla bozza di nota operativa. Domande dal 16 luglio - Uil Scuola Emilia Romagna","robots":{"index":"index","follow":"follow","max-snippet":"max-snippet:-1","max-image-preview":"max-image-preview:large","max-video-preview":"max-video-preview:-1"},"canonical":"https:\/\/www.uilscuolaemiliaromagna.it\/public\/er\/2026\/04\/29\/supplenze-2026-27-incontro-al-mim-sulla-bozza-di-nota-operativa-domande-dal-16-luglio\/","og_locale":"it_IT","og_type":"article","og_title":"Supplenze 2026\/27: incontro al MIM sulla bozza di nota operativa. Domande dal 16 luglio - Uil Scuola Emilia Romagna","og_description":"Definite le procedure per gli incarichi da GPS sostegno e per le supplenze annuali del personale docente, educativo e ATA. Il 29 aprile si \u00e8 &hellip;","og_url":"https:\/\/www.uilscuolaemiliaromagna.it\/public\/er\/2026\/04\/29\/supplenze-2026-27-incontro-al-mim-sulla-bozza-di-nota-operativa-domande-dal-16-luglio\/","og_site_name":"Uil Scuola Emilia Romagna","article_published_time":"2026-04-29T16:18:25+00:00","og_image":[{"width":435,"height":310,"url":"https:\/\/www.uilscuolaemiliaromagna.it\/public\/er\/wp-content\/uploads\/2026\/04\/supplenze.jpg","type":"image\/jpeg"}],"author":"admin","twitter_card":"summary_large_image","twitter_misc":{"Scritto da":"admin","Tempo di lettura stimato":"13 minuti"},"schema":{"@context":"https:\/\/schema.org","@graph":[{"@type":"Article","@id":"https:\/\/www.uilscuolaemiliaromagna.it\/public\/er\/2026\/04\/29\/supplenze-2026-27-incontro-al-mim-sulla-bozza-di-nota-operativa-domande-dal-16-luglio\/#article","isPartOf":{"@id":"https:\/\/www.uilscuolaemiliaromagna.it\/public\/er\/2026\/04\/29\/supplenze-2026-27-incontro-al-mim-sulla-bozza-di-nota-operativa-domande-dal-16-luglio\/"},"author":{"name":"admin","@id":"https:\/\/www.uilscuolaemiliaromagna.it\/public\/er\/#\/schema\/person\/f42878fd07a4b6ba2b7153d4fad5de5e"},"headline":"Supplenze 2026\/27: incontro al MIM sulla bozza di nota operativa. Domande dal 16 luglio","datePublished":"2026-04-29T16:18:25+00:00","dateModified":"2026-04-29T16:18:25+00:00","mainEntityOfPage":{"@id":"https:\/\/www.uilscuolaemiliaromagna.it\/public\/er\/2026\/04\/29\/supplenze-2026-27-incontro-al-mim-sulla-bozza-di-nota-operativa-domande-dal-16-luglio\/"},"wordCount":2102,"publisher":{"@id":"https:\/\/www.uilscuolaemiliaromagna.it\/public\/er\/#organization"},"articleSection":["Graduatorie","In Evidenza","Notizie","Personale Docente"],"inLanguage":"it-IT"},{"@type":"WebPage","@id":"https:\/\/www.uilscuolaemiliaromagna.it\/public\/er\/2026\/04\/29\/supplenze-2026-27-incontro-al-mim-sulla-bozza-di-nota-operativa-domande-dal-16-luglio\/","url":"https:\/\/www.uilscuolaemiliaromagna.it\/public\/er\/2026\/04\/29\/supplenze-2026-27-incontro-al-mim-sulla-bozza-di-nota-operativa-domande-dal-16-luglio\/","name":"Supplenze 2026\/27: incontro al MIM sulla bozza di nota operativa. Domande dal 16 luglio - Uil Scuola Emilia Romagna","isPartOf":{"@id":"https:\/\/www.uilscuolaemiliaromagna.it\/public\/er\/#website"},"datePublished":"2026-04-29T16:18:25+00:00","dateModified":"2026-04-29T16:18:25+00:00","breadcrumb":{"@id":"https:\/\/www.uilscuolaemiliaromagna.it\/public\/er\/2026\/04\/29\/supplenze-2026-27-incontro-al-mim-sulla-bozza-di-nota-operativa-domande-dal-16-luglio\/#breadcrumb"},"inLanguage":"it-IT","potentialAction":[{"@type":"ReadAction","target":["https:\/\/www.uilscuolaemiliaromagna.it\/public\/er\/2026\/04\/29\/supplenze-2026-27-incontro-al-mim-sulla-bozza-di-nota-operativa-domande-dal-16-luglio\/"]}]},{"@type":"BreadcrumbList","@id":"https:\/\/www.uilscuolaemiliaromagna.it\/public\/er\/2026\/04\/29\/supplenze-2026-27-incontro-al-mim-sulla-bozza-di-nota-operativa-domande-dal-16-luglio\/#breadcrumb","itemListElement":[{"@type":"ListItem","position":1,"name":"Home","item":"https:\/\/www.uilscuolaemiliaromagna.it\/public\/er\/"},{"@type":"ListItem","position":2,"name":"Supplenze 2026\/27: incontro al MIM sulla bozza di nota operativa. Domande dal 16 luglio"}]},{"@type":"WebSite","@id":"https:\/\/www.uilscuolaemiliaromagna.it\/public\/er\/#website","url":"https:\/\/www.uilscuolaemiliaromagna.it\/public\/er\/","name":"Uil Scuola Emilia Romagna","description":"La voce libera della scuola","publisher":{"@id":"https:\/\/www.uilscuolaemiliaromagna.it\/public\/er\/#organization"},"potentialAction":[{"@type":"SearchAction","target":{"@type":"EntryPoint","urlTemplate":"https:\/\/www.uilscuolaemiliaromagna.it\/public\/er\/?s={search_term_string}"},"query-input":"required name=search_term_string"}],"inLanguage":"it-IT"},{"@type":"Organization","@id":"https:\/\/www.uilscuolaemiliaromagna.it\/public\/er\/#organization","name":"Uil Scuola Emilia Romagna","url":"https:\/\/www.uilscuolaemiliaromagna.it\/public\/er\/","logo":{"@type":"ImageObject","inLanguage":"it-IT","@id":"https:\/\/www.uilscuolaemiliaromagna.it\/public\/er\/#\/schema\/logo\/image\/","url":"https:\/\/www.uilscuolaemiliaromagna.it\/public\/er\/wp-content\/uploads\/2017\/04\/cropped-header.png","contentUrl":"https:\/\/www.uilscuolaemiliaromagna.it\/public\/er\/wp-content\/uploads\/2017\/04\/cropped-header.png","width":1000,"height":150,"caption":"Uil Scuola Emilia Romagna"},"image":{"@id":"https:\/\/www.uilscuolaemiliaromagna.it\/public\/er\/#\/schema\/logo\/image\/"}},{"@type":"Person","@id":"https:\/\/www.uilscuolaemiliaromagna.it\/public\/er\/#\/schema\/person\/f42878fd07a4b6ba2b7153d4fad5de5e","name":"admin","image":{"@type":"ImageObject","inLanguage":"it-IT","@id":"https:\/\/www.uilscuolaemiliaromagna.it\/public\/er\/#\/schema\/person\/image\/","url":"https:\/\/secure.gravatar.com\/avatar\/aebf815ae2f30ffdae8b8c247273d34c?s=96&d=mm&r=g","contentUrl":"https:\/\/secure.gravatar.com\/avatar\/aebf815ae2f30ffdae8b8c247273d34c?s=96&d=mm&r=g","caption":"admin"},"url":"https:\/\/www.uilscuolaemiliaromagna.it\/public\/er\/author\/admin\/"}]}},"views":36,"_links":{"self":[{"href":"https:\/\/www.uilscuolaemiliaromagna.it\/public\/er\/wp-json\/wp\/v2\/posts\/16179"}],"collection":[{"href":"https:\/\/www.uilscuolaemiliaromagna.it\/public\/er\/wp-json\/wp\/v2\/posts"}],"about":[{"href":"https:\/\/www.uilscuolaemiliaromagna.it\/public\/er\/wp-json\/wp\/v2\/types\/post"}],"author":[{"embeddable":true,"href":"https:\/\/www.uilscuolaemiliaromagna.it\/public\/er\/wp-json\/wp\/v2\/users\/1"}],"replies":[{"embeddable":true,"href":"https:\/\/www.uilscuolaemiliaromagna.it\/public\/er\/wp-json\/wp\/v2\/comments?post=16179"}],"version-history":[{"count":1,"href":"https:\/\/www.uilscuolaemiliaromagna.it\/public\/er\/wp-json\/wp\/v2\/posts\/16179\/revisions"}],"predecessor-version":[{"id":16181,"href":"https:\/\/www.uilscuolaemiliaromagna.it\/public\/er\/wp-json\/wp\/v2\/posts\/16179\/revisions\/16181"}],"wp:featuredmedia":[{"embeddable":true,"href":"https:\/\/www.uilscuolaemiliaromagna.it\/public\/er\/wp-json\/wp\/v2\/media\/16180"}],"wp:attachment":[{"href":"https:\/\/www.uilscuolaemiliaromagna.it\/public\/er\/wp-json\/wp\/v2\/media?parent=16179"}],"wp:term":[{"taxonomy":"category","embeddable":true,"href":"https:\/\/www.uilscuolaemiliaromagna.it\/public\/er\/wp-json\/wp\/v2\/categories?post=16179"},{"taxonomy":"post_tag","embeddable":true,"href":"https:\/\/www.uilscuolaemiliaromagna.it\/public\/er\/wp-json\/wp\/v2\/tags?post=16179"}],"curies":[{"name":"wp","href":"https:\/\/api.w.org\/{rel}","templated":true}]}}