{"id":1799,"date":"2017-07-04T19:34:12","date_gmt":"2017-07-04T17:34:12","guid":{"rendered":"http:\/\/www.uilscuolaemiliaromagna.it\/public\/er\/?p=1799"},"modified":"2017-07-04T19:34:12","modified_gmt":"2017-07-04T17:34:12","slug":"ruolo-funzione-e-prestigio-parole-chiave-per-aprire-un-nuovo-dialogo-con-gli-insegnanti-turi-docenti-piu-motivati-e-condizioni-migliori-per-stabilire-il-feeling-giusto-con-la-classe","status":"publish","type":"post","link":"https:\/\/www.uilscuolaemiliaromagna.it\/public\/er\/2017\/07\/04\/ruolo-funzione-e-prestigio-parole-chiave-per-aprire-un-nuovo-dialogo-con-gli-insegnanti-turi-docenti-piu-motivati-e-condizioni-migliori-per-stabilire-il-feeling-giusto-con-la-classe\/","title":{"rendered":"Ruolo, funzione e prestigio: parole chiave per aprire un nuovo dialogo con gli insegnanti | Turi: docenti pi\u00f9 motivati e condizioni migliori per stabilire il feeling giusto con la classe"},"content":{"rendered":"<p style=\"text-align: justify;\"><em>Stupiscono le affermazioni di chi ancora pensa che un docente penalizzato e maltrattato sar\u00e0\u00a0 pi\u00f9 funzionale per il lavoro che deve fare<\/em><\/p>\n<div id=\"ombra\">\n<div class=\"sfumatura_1\">\n<div class=\"sfumatura_2\">\n<div class=\"sfumatura_3\">\n<div id=\"page\" class=\"page no-page-bg\">\n<div id=\"page-inner\" class=\"page-inner\">\n<div id=\"main-wrapper\" class=\"main-wrapper full-width\">\n<div id=\"main\" class=\"main row grid16-16\">\n<div id=\"main-inner\" class=\"main-inner inner clearfix\">\n<div id=\"main-group\" class=\"main-group row nested grid16-16\">\n<div id=\"main-group-inner\" class=\"main-group-inner inner\">\n<div id=\"main-content\" class=\"main-content row nested\">\n<div id=\"main-content-inner\" class=\"main-content-inner inner\">\n<div id=\"content-group\" class=\"content-group row nested grid16-16\">\n<div id=\"content-group-inner\" class=\"content-group-inner inner\">\n<div id=\"content-region\" class=\"content-region row nested\">\n<div id=\"content-region-inner\" class=\"content-region-inner inner\">\n<div id=\"content-inner\" class=\"content-inner block\">\n<div id=\"content-inner-inner\" class=\"content-inner-inner inner\">\n<div id=\"content-content\" class=\"content-content\">\n<div class=\"panel-flexible panels-flexible-16 clear-block\">\n<div class=\"panel-flexible-inside panels-flexible-16-inside\">\n<div class=\"panels-flexible-16-middle\">\n<div class=\"panels-flexible-column panels-flexible-column-16-main panels-flexible-column-first\">\n<div class=\"inside panels-flexible-column-inside panels-flexible-column-16-main-inside panels-flexible-column-inside-first\">\n<div class=\"panels-flexible-region panels-flexible-region-16-center panels-flexible-region-first panels-flexible-region-last\">\n<div class=\"inside panels-flexible-region-inside panels-flexible-region-16-center-inside panels-flexible-region-inside-first panels-flexible-region-inside-last\">\n<div class=\"panel-pane pane-node-content NotiziaDettaglio\">\n<div class=\"pane-content\">\n<div id=\"node-5019\" class=\"node odd full-node node-type-notizia\">\n<div class=\"testoNotiziaInterna\">\n<p style=\"text-align: justify;\">E&#8217; vero che \u00e8 cambiato il reclutamento e sar\u00e0\u00a0 pi\u00f9 difficile mettere in cattedra chi quella passione non ha -sottolinea Pino Turi, segretario generale della Uil Scuola &#8211; occorrer\u00e0\u00a0 dimostrare, in un percorso di formazione e lavoro di tre anni, di sapere svolgere un compito sempre pi\u00f9 arduo e difficile, in una societ\u00e0\u00a0 in rapido cambiamento.<\/p>\n<p style=\"text-align: justify;\">Tutto questo non sar\u00e0\u00a0 sufficiente se ci sar\u00e0\u00a0 ancora qualcuno che ritiene che gli interessi dei docenti siano contrapposti a quelli degli alunni e delle famiglie. Si devono creare le condizioni ambientali, per un clima sereno e positivo, in cui operare se si vogliono ottenere i risultati attesi.<\/p>\n<p style=\"text-align: justify;\">Quello dell&#8217;insegnante \u00e8 un lavoro che presuppone professionalit\u00e0, passione, impegno ed amore per il proprio lavoro, oltre che competenze e preparazione. La scuola \u00e8 individuale e collegiale, \u00e8 comunit\u00e0 .<\/p>\n<p style=\"text-align: justify;\">Dover valutare, come \u00e8 stato fatto con il contratto sulla mobilit\u00e0\u00a0 e sulle assegnazioni provvisorie,\u00a0 le ragioni personali dei docenti, consente di avere docenti pi\u00f9 motivati e condizioni migliori per stabilire il feeling giusto con la classe. Qualcuno ci dovr\u00e0 spiegare &#8211; aggiunge Turi commentando recenti affermazioni dell&#8217;Associazione nazionale presidi &#8211;\u00a0 perch\u00e8 un docente penalizzato e maltrattato sar\u00e0\u00a0 pi\u00f9 funzionale per il lavoro che deve fare.<\/p>\n<\/div>\n<\/div>\n<\/div>\n<\/div>\n<\/div>\n<\/div>\n<\/div>\n<\/div>\n<\/div>\n<\/div>\n<\/div>\n<\/div>\n<\/div>\n<\/div>\n<\/div>\n<\/div>\n<\/div>\n<\/div>\n<\/div>\n<\/div>\n<\/div>\n<\/div>\n<\/div>\n<\/div>\n<\/div>\n<\/div>\n<\/div>\n<\/div>\n<\/div>\n<\/div>\n<\/div>\n\n<div class=\"twitter-share\"><a href=\"https:\/\/twitter.com\/intent\/tweet?via=UILScuolaBO_ER\" class=\"twitter-share-button\" data-size=\"large\">Tweet<\/a><\/div>\n","protected":false},"excerpt":{"rendered":"<p>Stupiscono le affermazioni di chi ancora pensa che un docente penalizzato e maltrattato sar\u00e0\u00a0 pi\u00f9 funzionale per il lavoro che deve fare E&#8217; vero che &hellip; <\/p>\n","protected":false},"author":1,"featured_media":0,"comment_status":"closed","ping_status":"open","sticky":false,"template":"","format":"standard","meta":{"footnotes":""},"categories":[12,6],"tags":[],"yoast_head":"<!-- This site is optimized with the Yoast SEO plugin v21.7 - https:\/\/yoast.com\/wordpress\/plugins\/seo\/ -->\r\n<title>Ruolo, funzione e prestigio: parole chiave per aprire un nuovo dialogo con gli insegnanti | Turi: docenti pi\u00f9 motivati e condizioni migliori per stabilire il feeling giusto con la classe - Uil Scuola Emilia Romagna<\/title>\r\n<meta name=\"robots\" content=\"index, follow, max-snippet:-1, max-image-preview:large, max-video-preview:-1\" \/>\r\n<link rel=\"canonical\" href=\"https:\/\/www.uilscuolaemiliaromagna.it\/public\/er\/2017\/07\/04\/ruolo-funzione-e-prestigio-parole-chiave-per-aprire-un-nuovo-dialogo-con-gli-insegnanti-turi-docenti-piu-motivati-e-condizioni-migliori-per-stabilire-il-feeling-giusto-con-la-classe\/\" \/>\r\n<meta property=\"og:locale\" content=\"it_IT\" \/>\r\n<meta property=\"og:type\" content=\"article\" \/>\r\n<meta property=\"og:title\" content=\"Ruolo, funzione e prestigio: parole chiave per aprire un nuovo dialogo con gli insegnanti | Turi: docenti pi\u00f9 motivati e condizioni migliori per stabilire il feeling giusto con la classe - Uil Scuola Emilia Romagna\" \/>\r\n<meta property=\"og:description\" content=\"Stupiscono le affermazioni di chi ancora pensa che un docente penalizzato e maltrattato sar\u00e0\u00a0 pi\u00f9 funzionale per il lavoro che deve fare E&#8217; vero che &hellip;\" \/>\r\n<meta property=\"og:url\" content=\"https:\/\/www.uilscuolaemiliaromagna.it\/public\/er\/2017\/07\/04\/ruolo-funzione-e-prestigio-parole-chiave-per-aprire-un-nuovo-dialogo-con-gli-insegnanti-turi-docenti-piu-motivati-e-condizioni-migliori-per-stabilire-il-feeling-giusto-con-la-classe\/\" \/>\r\n<meta property=\"og:site_name\" content=\"Uil Scuola Emilia Romagna\" \/>\r\n<meta property=\"article:published_time\" content=\"2017-07-04T17:34:12+00:00\" \/>\r\n<meta name=\"author\" content=\"admin\" \/>\r\n<meta name=\"twitter:card\" content=\"summary_large_image\" \/>\r\n<meta name=\"twitter:label1\" content=\"Scritto da\" \/>\n\t<meta name=\"twitter:data1\" content=\"admin\" \/>\n\t<meta name=\"twitter:label2\" content=\"Tempo di lettura stimato\" \/>\n\t<meta name=\"twitter:data2\" content=\"1 minuto\" \/>\r\n<script type=\"application\/ld+json\" class=\"yoast-schema-graph\">{\"@context\":\"https:\/\/schema.org\",\"@graph\":[{\"@type\":\"Article\",\"@id\":\"https:\/\/www.uilscuolaemiliaromagna.it\/public\/er\/2017\/07\/04\/ruolo-funzione-e-prestigio-parole-chiave-per-aprire-un-nuovo-dialogo-con-gli-insegnanti-turi-docenti-piu-motivati-e-condizioni-migliori-per-stabilire-il-feeling-giusto-con-la-classe\/#article\",\"isPartOf\":{\"@id\":\"https:\/\/www.uilscuolaemiliaromagna.it\/public\/er\/2017\/07\/04\/ruolo-funzione-e-prestigio-parole-chiave-per-aprire-un-nuovo-dialogo-con-gli-insegnanti-turi-docenti-piu-motivati-e-condizioni-migliori-per-stabilire-il-feeling-giusto-con-la-classe\/\"},\"author\":{\"name\":\"admin\",\"@id\":\"https:\/\/www.uilscuolaemiliaromagna.it\/public\/er\/#\/schema\/person\/f42878fd07a4b6ba2b7153d4fad5de5e\"},\"headline\":\"Ruolo, funzione e prestigio: parole chiave per aprire un nuovo dialogo con gli insegnanti | Turi: docenti pi\u00f9 motivati e condizioni migliori per stabilire il feeling giusto con la classe\",\"datePublished\":\"2017-07-04T17:34:12+00:00\",\"dateModified\":\"2017-07-04T17:34:12+00:00\",\"mainEntityOfPage\":{\"@id\":\"https:\/\/www.uilscuolaemiliaromagna.it\/public\/er\/2017\/07\/04\/ruolo-funzione-e-prestigio-parole-chiave-per-aprire-un-nuovo-dialogo-con-gli-insegnanti-turi-docenti-piu-motivati-e-condizioni-migliori-per-stabilire-il-feeling-giusto-con-la-classe\/\"},\"wordCount\":245,\"publisher\":{\"@id\":\"https:\/\/www.uilscuolaemiliaromagna.it\/public\/er\/#organization\"},\"articleSection\":[\"Notizie\",\"Personale Docente\"],\"inLanguage\":\"it-IT\"},{\"@type\":\"WebPage\",\"@id\":\"https:\/\/www.uilscuolaemiliaromagna.it\/public\/er\/2017\/07\/04\/ruolo-funzione-e-prestigio-parole-chiave-per-aprire-un-nuovo-dialogo-con-gli-insegnanti-turi-docenti-piu-motivati-e-condizioni-migliori-per-stabilire-il-feeling-giusto-con-la-classe\/\",\"url\":\"https:\/\/www.uilscuolaemiliaromagna.it\/public\/er\/2017\/07\/04\/ruolo-funzione-e-prestigio-parole-chiave-per-aprire-un-nuovo-dialogo-con-gli-insegnanti-turi-docenti-piu-motivati-e-condizioni-migliori-per-stabilire-il-feeling-giusto-con-la-classe\/\",\"name\":\"Ruolo, funzione e prestigio: parole chiave per aprire un nuovo dialogo con gli insegnanti | Turi: docenti pi\u00f9 motivati e condizioni migliori per stabilire il feeling giusto con la classe - Uil Scuola Emilia Romagna\",\"isPartOf\":{\"@id\":\"https:\/\/www.uilscuolaemiliaromagna.it\/public\/er\/#website\"},\"datePublished\":\"2017-07-04T17:34:12+00:00\",\"dateModified\":\"2017-07-04T17:34:12+00:00\",\"breadcrumb\":{\"@id\":\"https:\/\/www.uilscuolaemiliaromagna.it\/public\/er\/2017\/07\/04\/ruolo-funzione-e-prestigio-parole-chiave-per-aprire-un-nuovo-dialogo-con-gli-insegnanti-turi-docenti-piu-motivati-e-condizioni-migliori-per-stabilire-il-feeling-giusto-con-la-classe\/#breadcrumb\"},\"inLanguage\":\"it-IT\",\"potentialAction\":[{\"@type\":\"ReadAction\",\"target\":[\"https:\/\/www.uilscuolaemiliaromagna.it\/public\/er\/2017\/07\/04\/ruolo-funzione-e-prestigio-parole-chiave-per-aprire-un-nuovo-dialogo-con-gli-insegnanti-turi-docenti-piu-motivati-e-condizioni-migliori-per-stabilire-il-feeling-giusto-con-la-classe\/\"]}]},{\"@type\":\"BreadcrumbList\",\"@id\":\"https:\/\/www.uilscuolaemiliaromagna.it\/public\/er\/2017\/07\/04\/ruolo-funzione-e-prestigio-parole-chiave-per-aprire-un-nuovo-dialogo-con-gli-insegnanti-turi-docenti-piu-motivati-e-condizioni-migliori-per-stabilire-il-feeling-giusto-con-la-classe\/#breadcrumb\",\"itemListElement\":[{\"@type\":\"ListItem\",\"position\":1,\"name\":\"Home\",\"item\":\"https:\/\/www.uilscuolaemiliaromagna.it\/public\/er\/\"},{\"@type\":\"ListItem\",\"position\":2,\"name\":\"Ruolo, funzione e prestigio: parole chiave per aprire un nuovo dialogo con gli insegnanti | Turi: docenti pi\u00f9 motivati e condizioni migliori per stabilire il feeling giusto con la classe\"}]},{\"@type\":\"WebSite\",\"@id\":\"https:\/\/www.uilscuolaemiliaromagna.it\/public\/er\/#website\",\"url\":\"https:\/\/www.uilscuolaemiliaromagna.it\/public\/er\/\",\"name\":\"Uil Scuola Emilia Romagna\",\"description\":\"La voce libera della scuola\",\"publisher\":{\"@id\":\"https:\/\/www.uilscuolaemiliaromagna.it\/public\/er\/#organization\"},\"potentialAction\":[{\"@type\":\"SearchAction\",\"target\":{\"@type\":\"EntryPoint\",\"urlTemplate\":\"https:\/\/www.uilscuolaemiliaromagna.it\/public\/er\/?s={search_term_string}\"},\"query-input\":\"required name=search_term_string\"}],\"inLanguage\":\"it-IT\"},{\"@type\":\"Organization\",\"@id\":\"https:\/\/www.uilscuolaemiliaromagna.it\/public\/er\/#organization\",\"name\":\"Uil Scuola Emilia Romagna\",\"url\":\"https:\/\/www.uilscuolaemiliaromagna.it\/public\/er\/\",\"logo\":{\"@type\":\"ImageObject\",\"inLanguage\":\"it-IT\",\"@id\":\"https:\/\/www.uilscuolaemiliaromagna.it\/public\/er\/#\/schema\/logo\/image\/\",\"url\":\"https:\/\/www.uilscuolaemiliaromagna.it\/public\/er\/wp-content\/uploads\/2017\/04\/cropped-header.png\",\"contentUrl\":\"https:\/\/www.uilscuolaemiliaromagna.it\/public\/er\/wp-content\/uploads\/2017\/04\/cropped-header.png\",\"width\":1000,\"height\":150,\"caption\":\"Uil Scuola Emilia Romagna\"},\"image\":{\"@id\":\"https:\/\/www.uilscuolaemiliaromagna.it\/public\/er\/#\/schema\/logo\/image\/\"}},{\"@type\":\"Person\",\"@id\":\"https:\/\/www.uilscuolaemiliaromagna.it\/public\/er\/#\/schema\/person\/f42878fd07a4b6ba2b7153d4fad5de5e\",\"name\":\"admin\",\"image\":{\"@type\":\"ImageObject\",\"inLanguage\":\"it-IT\",\"@id\":\"https:\/\/www.uilscuolaemiliaromagna.it\/public\/er\/#\/schema\/person\/image\/\",\"url\":\"https:\/\/secure.gravatar.com\/avatar\/aebf815ae2f30ffdae8b8c247273d34c?s=96&d=mm&r=g\",\"contentUrl\":\"https:\/\/secure.gravatar.com\/avatar\/aebf815ae2f30ffdae8b8c247273d34c?s=96&d=mm&r=g\",\"caption\":\"admin\"},\"url\":\"https:\/\/www.uilscuolaemiliaromagna.it\/public\/er\/author\/admin\/\"}]}<\/script>\r\n<!-- \/ Yoast SEO plugin. -->","yoast_head_json":{"title":"Ruolo, funzione e prestigio: parole chiave per aprire un nuovo dialogo con gli insegnanti | Turi: docenti pi\u00f9 motivati e condizioni migliori per stabilire il feeling giusto con la classe - Uil Scuola Emilia Romagna","robots":{"index":"index","follow":"follow","max-snippet":"max-snippet:-1","max-image-preview":"max-image-preview:large","max-video-preview":"max-video-preview:-1"},"canonical":"https:\/\/www.uilscuolaemiliaromagna.it\/public\/er\/2017\/07\/04\/ruolo-funzione-e-prestigio-parole-chiave-per-aprire-un-nuovo-dialogo-con-gli-insegnanti-turi-docenti-piu-motivati-e-condizioni-migliori-per-stabilire-il-feeling-giusto-con-la-classe\/","og_locale":"it_IT","og_type":"article","og_title":"Ruolo, funzione e prestigio: parole chiave per aprire un nuovo dialogo con gli insegnanti | Turi: docenti pi\u00f9 motivati e condizioni migliori per stabilire il feeling giusto con la classe - Uil Scuola Emilia Romagna","og_description":"Stupiscono le affermazioni di chi ancora pensa che un docente penalizzato e maltrattato sar\u00e0\u00a0 pi\u00f9 funzionale per il lavoro che deve fare E&#8217; vero che &hellip;","og_url":"https:\/\/www.uilscuolaemiliaromagna.it\/public\/er\/2017\/07\/04\/ruolo-funzione-e-prestigio-parole-chiave-per-aprire-un-nuovo-dialogo-con-gli-insegnanti-turi-docenti-piu-motivati-e-condizioni-migliori-per-stabilire-il-feeling-giusto-con-la-classe\/","og_site_name":"Uil Scuola Emilia Romagna","article_published_time":"2017-07-04T17:34:12+00:00","author":"admin","twitter_card":"summary_large_image","twitter_misc":{"Scritto da":"admin","Tempo di lettura stimato":"1 minuto"},"schema":{"@context":"https:\/\/schema.org","@graph":[{"@type":"Article","@id":"https:\/\/www.uilscuolaemiliaromagna.it\/public\/er\/2017\/07\/04\/ruolo-funzione-e-prestigio-parole-chiave-per-aprire-un-nuovo-dialogo-con-gli-insegnanti-turi-docenti-piu-motivati-e-condizioni-migliori-per-stabilire-il-feeling-giusto-con-la-classe\/#article","isPartOf":{"@id":"https:\/\/www.uilscuolaemiliaromagna.it\/public\/er\/2017\/07\/04\/ruolo-funzione-e-prestigio-parole-chiave-per-aprire-un-nuovo-dialogo-con-gli-insegnanti-turi-docenti-piu-motivati-e-condizioni-migliori-per-stabilire-il-feeling-giusto-con-la-classe\/"},"author":{"name":"admin","@id":"https:\/\/www.uilscuolaemiliaromagna.it\/public\/er\/#\/schema\/person\/f42878fd07a4b6ba2b7153d4fad5de5e"},"headline":"Ruolo, funzione e prestigio: parole chiave per aprire un nuovo dialogo con gli insegnanti | Turi: docenti pi\u00f9 motivati e condizioni migliori per stabilire il feeling giusto con la classe","datePublished":"2017-07-04T17:34:12+00:00","dateModified":"2017-07-04T17:34:12+00:00","mainEntityOfPage":{"@id":"https:\/\/www.uilscuolaemiliaromagna.it\/public\/er\/2017\/07\/04\/ruolo-funzione-e-prestigio-parole-chiave-per-aprire-un-nuovo-dialogo-con-gli-insegnanti-turi-docenti-piu-motivati-e-condizioni-migliori-per-stabilire-il-feeling-giusto-con-la-classe\/"},"wordCount":245,"publisher":{"@id":"https:\/\/www.uilscuolaemiliaromagna.it\/public\/er\/#organization"},"articleSection":["Notizie","Personale Docente"],"inLanguage":"it-IT"},{"@type":"WebPage","@id":"https:\/\/www.uilscuolaemiliaromagna.it\/public\/er\/2017\/07\/04\/ruolo-funzione-e-prestigio-parole-chiave-per-aprire-un-nuovo-dialogo-con-gli-insegnanti-turi-docenti-piu-motivati-e-condizioni-migliori-per-stabilire-il-feeling-giusto-con-la-classe\/","url":"https:\/\/www.uilscuolaemiliaromagna.it\/public\/er\/2017\/07\/04\/ruolo-funzione-e-prestigio-parole-chiave-per-aprire-un-nuovo-dialogo-con-gli-insegnanti-turi-docenti-piu-motivati-e-condizioni-migliori-per-stabilire-il-feeling-giusto-con-la-classe\/","name":"Ruolo, funzione e prestigio: parole chiave per aprire un nuovo dialogo con gli insegnanti | Turi: docenti pi\u00f9 motivati e condizioni migliori per stabilire il feeling giusto con la classe - Uil Scuola Emilia Romagna","isPartOf":{"@id":"https:\/\/www.uilscuolaemiliaromagna.it\/public\/er\/#website"},"datePublished":"2017-07-04T17:34:12+00:00","dateModified":"2017-07-04T17:34:12+00:00","breadcrumb":{"@id":"https:\/\/www.uilscuolaemiliaromagna.it\/public\/er\/2017\/07\/04\/ruolo-funzione-e-prestigio-parole-chiave-per-aprire-un-nuovo-dialogo-con-gli-insegnanti-turi-docenti-piu-motivati-e-condizioni-migliori-per-stabilire-il-feeling-giusto-con-la-classe\/#breadcrumb"},"inLanguage":"it-IT","potentialAction":[{"@type":"ReadAction","target":["https:\/\/www.uilscuolaemiliaromagna.it\/public\/er\/2017\/07\/04\/ruolo-funzione-e-prestigio-parole-chiave-per-aprire-un-nuovo-dialogo-con-gli-insegnanti-turi-docenti-piu-motivati-e-condizioni-migliori-per-stabilire-il-feeling-giusto-con-la-classe\/"]}]},{"@type":"BreadcrumbList","@id":"https:\/\/www.uilscuolaemiliaromagna.it\/public\/er\/2017\/07\/04\/ruolo-funzione-e-prestigio-parole-chiave-per-aprire-un-nuovo-dialogo-con-gli-insegnanti-turi-docenti-piu-motivati-e-condizioni-migliori-per-stabilire-il-feeling-giusto-con-la-classe\/#breadcrumb","itemListElement":[{"@type":"ListItem","position":1,"name":"Home","item":"https:\/\/www.uilscuolaemiliaromagna.it\/public\/er\/"},{"@type":"ListItem","position":2,"name":"Ruolo, funzione e prestigio: parole chiave per aprire un nuovo dialogo con gli insegnanti | Turi: docenti pi\u00f9 motivati e condizioni migliori per stabilire il feeling giusto con la classe"}]},{"@type":"WebSite","@id":"https:\/\/www.uilscuolaemiliaromagna.it\/public\/er\/#website","url":"https:\/\/www.uilscuolaemiliaromagna.it\/public\/er\/","name":"Uil Scuola Emilia Romagna","description":"La voce libera della scuola","publisher":{"@id":"https:\/\/www.uilscuolaemiliaromagna.it\/public\/er\/#organization"},"potentialAction":[{"@type":"SearchAction","target":{"@type":"EntryPoint","urlTemplate":"https:\/\/www.uilscuolaemiliaromagna.it\/public\/er\/?s={search_term_string}"},"query-input":"required name=search_term_string"}],"inLanguage":"it-IT"},{"@type":"Organization","@id":"https:\/\/www.uilscuolaemiliaromagna.it\/public\/er\/#organization","name":"Uil Scuola Emilia Romagna","url":"https:\/\/www.uilscuolaemiliaromagna.it\/public\/er\/","logo":{"@type":"ImageObject","inLanguage":"it-IT","@id":"https:\/\/www.uilscuolaemiliaromagna.it\/public\/er\/#\/schema\/logo\/image\/","url":"https:\/\/www.uilscuolaemiliaromagna.it\/public\/er\/wp-content\/uploads\/2017\/04\/cropped-header.png","contentUrl":"https:\/\/www.uilscuolaemiliaromagna.it\/public\/er\/wp-content\/uploads\/2017\/04\/cropped-header.png","width":1000,"height":150,"caption":"Uil Scuola Emilia Romagna"},"image":{"@id":"https:\/\/www.uilscuolaemiliaromagna.it\/public\/er\/#\/schema\/logo\/image\/"}},{"@type":"Person","@id":"https:\/\/www.uilscuolaemiliaromagna.it\/public\/er\/#\/schema\/person\/f42878fd07a4b6ba2b7153d4fad5de5e","name":"admin","image":{"@type":"ImageObject","inLanguage":"it-IT","@id":"https:\/\/www.uilscuolaemiliaromagna.it\/public\/er\/#\/schema\/person\/image\/","url":"https:\/\/secure.gravatar.com\/avatar\/aebf815ae2f30ffdae8b8c247273d34c?s=96&d=mm&r=g","contentUrl":"https:\/\/secure.gravatar.com\/avatar\/aebf815ae2f30ffdae8b8c247273d34c?s=96&d=mm&r=g","caption":"admin"},"url":"https:\/\/www.uilscuolaemiliaromagna.it\/public\/er\/author\/admin\/"}]}},"views":1200,"_links":{"self":[{"href":"https:\/\/www.uilscuolaemiliaromagna.it\/public\/er\/wp-json\/wp\/v2\/posts\/1799"}],"collection":[{"href":"https:\/\/www.uilscuolaemiliaromagna.it\/public\/er\/wp-json\/wp\/v2\/posts"}],"about":[{"href":"https:\/\/www.uilscuolaemiliaromagna.it\/public\/er\/wp-json\/wp\/v2\/types\/post"}],"author":[{"embeddable":true,"href":"https:\/\/www.uilscuolaemiliaromagna.it\/public\/er\/wp-json\/wp\/v2\/users\/1"}],"replies":[{"embeddable":true,"href":"https:\/\/www.uilscuolaemiliaromagna.it\/public\/er\/wp-json\/wp\/v2\/comments?post=1799"}],"version-history":[{"count":1,"href":"https:\/\/www.uilscuolaemiliaromagna.it\/public\/er\/wp-json\/wp\/v2\/posts\/1799\/revisions"}],"predecessor-version":[{"id":1800,"href":"https:\/\/www.uilscuolaemiliaromagna.it\/public\/er\/wp-json\/wp\/v2\/posts\/1799\/revisions\/1800"}],"wp:attachment":[{"href":"https:\/\/www.uilscuolaemiliaromagna.it\/public\/er\/wp-json\/wp\/v2\/media?parent=1799"}],"wp:term":[{"taxonomy":"category","embeddable":true,"href":"https:\/\/www.uilscuolaemiliaromagna.it\/public\/er\/wp-json\/wp\/v2\/categories?post=1799"},{"taxonomy":"post_tag","embeddable":true,"href":"https:\/\/www.uilscuolaemiliaromagna.it\/public\/er\/wp-json\/wp\/v2\/tags?post=1799"}],"curies":[{"name":"wp","href":"https:\/\/api.w.org\/{rel}","templated":true}]}}