{"id":2520,"date":"2018-01-02T11:33:59","date_gmt":"2018-01-02T10:33:59","guid":{"rendered":"http:\/\/www.uilscuolaemiliaromagna.it\/public\/er\/?p=2520"},"modified":"2018-01-06T11:35:24","modified_gmt":"2018-01-06T10:35:24","slug":"aran-chiesto-un-calendario-serrato-di-incontri-prossimo-appuntamento-gia-giovedi-4-gennaio","status":"publish","type":"post","link":"https:\/\/www.uilscuolaemiliaromagna.it\/public\/er\/2018\/01\/02\/aran-chiesto-un-calendario-serrato-di-incontri-prossimo-appuntamento-gia-giovedi-4-gennaio\/","title":{"rendered":"Aran | Chiesto un calendario serrato di incontri. Prossimo appuntamento gi\u00e0 gioved\u00ec 4 gennaio"},"content":{"rendered":"<p style=\"text-align: justify;\"><em><strong>Turi: riaffermato il concetto di burocrazia zero per questo contratto<\/strong><\/em><\/p>\n<p><em>Uil: non c\u2019\u00e8 logica di scambio, piuttosto un principio, peraltro parziale, di risarcimento economico e normativo dopo dieci anni di blocco del contratto.<\/em><\/p>\n<p style=\"text-align: justify;\">Il riavvio della trattativa di oggi all\u2019Aran, e la firma del contratto degli Statali, fanno ben sperare di poter chiudere rapidamente. Abbiamo chiesto un calendario serrato di incontri. Il prossimo \u00e8 fissato per gioved\u00ec 4 gennaio quando si parler\u00e0 di relazioni sindacali e Rsu.<br \/>\nBisogna, tuttavia, che il contratto del comparto sia visto e discusso nella sua specificit\u00e0 e non come un\u2019omologazione di quello del settore ammnistrativo.<br \/>\nSiamo in presenza di una funzione essenziale dello Stato e non di una semplice erogazione di un servizio. Serve un contratto che (ri)dia dignit\u00e0 e ruolo al personale, attraverso gli organismi di autogoverno.<br \/>\nDobbiamo superare con la stipula del contratto, una vera e propria interruzione della democrazia partecipativa di questo Paese e riportare alla sua fisiologia, il sistema scolastico statale.<br \/>\nIl rinnovo contrattuale, arriva dopo molti anni di blocco, un tempo infinito per una comunit\u00e0 che vive e gestisce i continui cambiamenti sociali: va realizzato un contratto che riconosca le specificit\u00e0 della scuola. Va evitato ogni rischio di un contratto che sia costituito su una logica impiegatizia. Ci dobbiamo sforzare di fare un contratto che sia cucito sulla specificit\u00e0 della scuola.<br \/>\nDeve essere un contratto a burocrazia zero che, partendo dai necessari presupposti di supporto economico degli 85 euro e del ripristino di corrette relazioni sindacali, previsti dall\u2019accordo del 30 novembre, dovr\u00e0 trovare i correttivi ad istituti della 107 che si sono rilevati fallimentari e che stanno indebolendo il livello di qualit\u00e0 della nostra scuola statale. Occorre, spostare l\u2019asse delle decisioni dall\u2019organo monocratico agli organi collegiali e riportare fisiologicamente, al rango che le compete, quello costituzionale, la libert\u00e0 di insegnamento, cos\u00ec come previsto dalla legge.<br \/>\nQuanto all\u2019aspetto economico, a Legge di Bilancio approvata, appare ora necessario contrattualizzare le varie risorse come elemento di rilancio di un settore che ha pagato oltre ogni limite accettabile la crisi finanziaria di questi anni.<br \/>\nPertanto, in questo contratto non ci pu\u00f2 essere una logica di scambio piuttosto un riallineamento dei diritti ed obblighi del personale, messi in discussione anche dalle scelte sbagliate della legge 107 che vanno modificate e riportate nell\u2019alveo del modello di scuola partecipata, autogovernata, integrata nella pi\u00f9 ampio principi di autonomia, previsti dal titolo V della Costituzione.<br \/>\nLa UIL Scuola, ritiene che il tempo per rinnovare il contratto sia abbondantemente scaduto e che bisogna fare presto, contemporaneamente, non \u00e8 disponibile a sottoscrivere un contratto pur che sia, che non risponda al modello di scuola che abbiamo indicato nel manifesto della scuola di tutte e tutti.<br \/>\nNon si tratta solo di una battaglia sindacale, ma anche culturale a cui le forze politiche sono chiamate a rispondere con i loro programmi nelle imminenti elezioni politiche<\/p>\n\n<div class=\"twitter-share\"><a href=\"https:\/\/twitter.com\/intent\/tweet?via=UILScuolaBO_ER\" class=\"twitter-share-button\" data-size=\"large\">Tweet<\/a><\/div>\n","protected":false},"excerpt":{"rendered":"<p>Turi: riaffermato il concetto di burocrazia zero per questo contratto Uil: non c\u2019\u00e8 logica di scambio, piuttosto un principio, peraltro parziale, di risarcimento economico e &hellip; <\/p>\n","protected":false},"author":1,"featured_media":0,"comment_status":"closed","ping_status":"open","sticky":false,"template":"","format":"standard","meta":{"footnotes":""},"categories":[2,12,6,7],"tags":[],"yoast_head":"<!-- This site is optimized with the Yoast SEO plugin v21.7 - https:\/\/yoast.com\/wordpress\/plugins\/seo\/ -->\r\n<title>Aran | Chiesto un calendario serrato di incontri. Prossimo appuntamento gi\u00e0 gioved\u00ec 4 gennaio - Uil Scuola Emilia Romagna<\/title>\r\n<meta name=\"robots\" content=\"index, follow, max-snippet:-1, max-image-preview:large, max-video-preview:-1\" \/>\r\n<link rel=\"canonical\" href=\"https:\/\/www.uilscuolaemiliaromagna.it\/public\/er\/2018\/01\/02\/aran-chiesto-un-calendario-serrato-di-incontri-prossimo-appuntamento-gia-giovedi-4-gennaio\/\" \/>\r\n<meta property=\"og:locale\" content=\"it_IT\" \/>\r\n<meta property=\"og:type\" content=\"article\" \/>\r\n<meta property=\"og:title\" content=\"Aran | Chiesto un calendario serrato di incontri. Prossimo appuntamento gi\u00e0 gioved\u00ec 4 gennaio - Uil Scuola Emilia Romagna\" \/>\r\n<meta property=\"og:description\" content=\"Turi: riaffermato il concetto di burocrazia zero per questo contratto Uil: non c\u2019\u00e8 logica di scambio, piuttosto un principio, peraltro parziale, di risarcimento economico e &hellip;\" \/>\r\n<meta property=\"og:url\" content=\"https:\/\/www.uilscuolaemiliaromagna.it\/public\/er\/2018\/01\/02\/aran-chiesto-un-calendario-serrato-di-incontri-prossimo-appuntamento-gia-giovedi-4-gennaio\/\" \/>\r\n<meta property=\"og:site_name\" content=\"Uil Scuola Emilia Romagna\" \/>\r\n<meta property=\"article:published_time\" content=\"2018-01-02T10:33:59+00:00\" \/>\r\n<meta property=\"article:modified_time\" content=\"2018-01-06T10:35:24+00:00\" \/>\r\n<meta name=\"author\" content=\"admin\" \/>\r\n<meta name=\"twitter:card\" content=\"summary_large_image\" \/>\r\n<meta name=\"twitter:label1\" content=\"Scritto da\" \/>\n\t<meta name=\"twitter:data1\" content=\"admin\" \/>\n\t<meta name=\"twitter:label2\" content=\"Tempo di lettura stimato\" \/>\n\t<meta name=\"twitter:data2\" content=\"2 minuti\" \/>\r\n<script type=\"application\/ld+json\" class=\"yoast-schema-graph\">{\"@context\":\"https:\/\/schema.org\",\"@graph\":[{\"@type\":\"Article\",\"@id\":\"https:\/\/www.uilscuolaemiliaromagna.it\/public\/er\/2018\/01\/02\/aran-chiesto-un-calendario-serrato-di-incontri-prossimo-appuntamento-gia-giovedi-4-gennaio\/#article\",\"isPartOf\":{\"@id\":\"https:\/\/www.uilscuolaemiliaromagna.it\/public\/er\/2018\/01\/02\/aran-chiesto-un-calendario-serrato-di-incontri-prossimo-appuntamento-gia-giovedi-4-gennaio\/\"},\"author\":{\"name\":\"admin\",\"@id\":\"https:\/\/www.uilscuolaemiliaromagna.it\/public\/er\/#\/schema\/person\/f42878fd07a4b6ba2b7153d4fad5de5e\"},\"headline\":\"Aran | Chiesto un calendario serrato di incontri. Prossimo appuntamento gi\u00e0 gioved\u00ec 4 gennaio\",\"datePublished\":\"2018-01-02T10:33:59+00:00\",\"dateModified\":\"2018-01-06T10:35:24+00:00\",\"mainEntityOfPage\":{\"@id\":\"https:\/\/www.uilscuolaemiliaromagna.it\/public\/er\/2018\/01\/02\/aran-chiesto-un-calendario-serrato-di-incontri-prossimo-appuntamento-gia-giovedi-4-gennaio\/\"},\"wordCount\":485,\"publisher\":{\"@id\":\"https:\/\/www.uilscuolaemiliaromagna.it\/public\/er\/#organization\"},\"articleSection\":[\"ATA\",\"Notizie\",\"Personale Docente\",\"Personale Educativo\"],\"inLanguage\":\"it-IT\"},{\"@type\":\"WebPage\",\"@id\":\"https:\/\/www.uilscuolaemiliaromagna.it\/public\/er\/2018\/01\/02\/aran-chiesto-un-calendario-serrato-di-incontri-prossimo-appuntamento-gia-giovedi-4-gennaio\/\",\"url\":\"https:\/\/www.uilscuolaemiliaromagna.it\/public\/er\/2018\/01\/02\/aran-chiesto-un-calendario-serrato-di-incontri-prossimo-appuntamento-gia-giovedi-4-gennaio\/\",\"name\":\"Aran | Chiesto un calendario serrato di incontri. Prossimo appuntamento gi\u00e0 gioved\u00ec 4 gennaio - Uil Scuola Emilia Romagna\",\"isPartOf\":{\"@id\":\"https:\/\/www.uilscuolaemiliaromagna.it\/public\/er\/#website\"},\"datePublished\":\"2018-01-02T10:33:59+00:00\",\"dateModified\":\"2018-01-06T10:35:24+00:00\",\"breadcrumb\":{\"@id\":\"https:\/\/www.uilscuolaemiliaromagna.it\/public\/er\/2018\/01\/02\/aran-chiesto-un-calendario-serrato-di-incontri-prossimo-appuntamento-gia-giovedi-4-gennaio\/#breadcrumb\"},\"inLanguage\":\"it-IT\",\"potentialAction\":[{\"@type\":\"ReadAction\",\"target\":[\"https:\/\/www.uilscuolaemiliaromagna.it\/public\/er\/2018\/01\/02\/aran-chiesto-un-calendario-serrato-di-incontri-prossimo-appuntamento-gia-giovedi-4-gennaio\/\"]}]},{\"@type\":\"BreadcrumbList\",\"@id\":\"https:\/\/www.uilscuolaemiliaromagna.it\/public\/er\/2018\/01\/02\/aran-chiesto-un-calendario-serrato-di-incontri-prossimo-appuntamento-gia-giovedi-4-gennaio\/#breadcrumb\",\"itemListElement\":[{\"@type\":\"ListItem\",\"position\":1,\"name\":\"Home\",\"item\":\"https:\/\/www.uilscuolaemiliaromagna.it\/public\/er\/\"},{\"@type\":\"ListItem\",\"position\":2,\"name\":\"Aran | Chiesto un calendario serrato di incontri. Prossimo appuntamento gi\u00e0 gioved\u00ec 4 gennaio\"}]},{\"@type\":\"WebSite\",\"@id\":\"https:\/\/www.uilscuolaemiliaromagna.it\/public\/er\/#website\",\"url\":\"https:\/\/www.uilscuolaemiliaromagna.it\/public\/er\/\",\"name\":\"Uil Scuola Emilia Romagna\",\"description\":\"La voce libera della scuola\",\"publisher\":{\"@id\":\"https:\/\/www.uilscuolaemiliaromagna.it\/public\/er\/#organization\"},\"potentialAction\":[{\"@type\":\"SearchAction\",\"target\":{\"@type\":\"EntryPoint\",\"urlTemplate\":\"https:\/\/www.uilscuolaemiliaromagna.it\/public\/er\/?s={search_term_string}\"},\"query-input\":\"required name=search_term_string\"}],\"inLanguage\":\"it-IT\"},{\"@type\":\"Organization\",\"@id\":\"https:\/\/www.uilscuolaemiliaromagna.it\/public\/er\/#organization\",\"name\":\"Uil Scuola Emilia Romagna\",\"url\":\"https:\/\/www.uilscuolaemiliaromagna.it\/public\/er\/\",\"logo\":{\"@type\":\"ImageObject\",\"inLanguage\":\"it-IT\",\"@id\":\"https:\/\/www.uilscuolaemiliaromagna.it\/public\/er\/#\/schema\/logo\/image\/\",\"url\":\"https:\/\/www.uilscuolaemiliaromagna.it\/public\/er\/wp-content\/uploads\/2017\/04\/cropped-header.png\",\"contentUrl\":\"https:\/\/www.uilscuolaemiliaromagna.it\/public\/er\/wp-content\/uploads\/2017\/04\/cropped-header.png\",\"width\":1000,\"height\":150,\"caption\":\"Uil Scuola Emilia Romagna\"},\"image\":{\"@id\":\"https:\/\/www.uilscuolaemiliaromagna.it\/public\/er\/#\/schema\/logo\/image\/\"}},{\"@type\":\"Person\",\"@id\":\"https:\/\/www.uilscuolaemiliaromagna.it\/public\/er\/#\/schema\/person\/f42878fd07a4b6ba2b7153d4fad5de5e\",\"name\":\"admin\",\"image\":{\"@type\":\"ImageObject\",\"inLanguage\":\"it-IT\",\"@id\":\"https:\/\/www.uilscuolaemiliaromagna.it\/public\/er\/#\/schema\/person\/image\/\",\"url\":\"https:\/\/secure.gravatar.com\/avatar\/aebf815ae2f30ffdae8b8c247273d34c?s=96&d=mm&r=g\",\"contentUrl\":\"https:\/\/secure.gravatar.com\/avatar\/aebf815ae2f30ffdae8b8c247273d34c?s=96&d=mm&r=g\",\"caption\":\"admin\"},\"url\":\"https:\/\/www.uilscuolaemiliaromagna.it\/public\/er\/author\/admin\/\"}]}<\/script>\r\n<!-- \/ Yoast SEO plugin. -->","yoast_head_json":{"title":"Aran | Chiesto un calendario serrato di incontri. Prossimo appuntamento gi\u00e0 gioved\u00ec 4 gennaio - Uil Scuola Emilia Romagna","robots":{"index":"index","follow":"follow","max-snippet":"max-snippet:-1","max-image-preview":"max-image-preview:large","max-video-preview":"max-video-preview:-1"},"canonical":"https:\/\/www.uilscuolaemiliaromagna.it\/public\/er\/2018\/01\/02\/aran-chiesto-un-calendario-serrato-di-incontri-prossimo-appuntamento-gia-giovedi-4-gennaio\/","og_locale":"it_IT","og_type":"article","og_title":"Aran | Chiesto un calendario serrato di incontri. Prossimo appuntamento gi\u00e0 gioved\u00ec 4 gennaio - Uil Scuola Emilia Romagna","og_description":"Turi: riaffermato il concetto di burocrazia zero per questo contratto Uil: non c\u2019\u00e8 logica di scambio, piuttosto un principio, peraltro parziale, di risarcimento economico e &hellip;","og_url":"https:\/\/www.uilscuolaemiliaromagna.it\/public\/er\/2018\/01\/02\/aran-chiesto-un-calendario-serrato-di-incontri-prossimo-appuntamento-gia-giovedi-4-gennaio\/","og_site_name":"Uil Scuola Emilia Romagna","article_published_time":"2018-01-02T10:33:59+00:00","article_modified_time":"2018-01-06T10:35:24+00:00","author":"admin","twitter_card":"summary_large_image","twitter_misc":{"Scritto da":"admin","Tempo di lettura stimato":"2 minuti"},"schema":{"@context":"https:\/\/schema.org","@graph":[{"@type":"Article","@id":"https:\/\/www.uilscuolaemiliaromagna.it\/public\/er\/2018\/01\/02\/aran-chiesto-un-calendario-serrato-di-incontri-prossimo-appuntamento-gia-giovedi-4-gennaio\/#article","isPartOf":{"@id":"https:\/\/www.uilscuolaemiliaromagna.it\/public\/er\/2018\/01\/02\/aran-chiesto-un-calendario-serrato-di-incontri-prossimo-appuntamento-gia-giovedi-4-gennaio\/"},"author":{"name":"admin","@id":"https:\/\/www.uilscuolaemiliaromagna.it\/public\/er\/#\/schema\/person\/f42878fd07a4b6ba2b7153d4fad5de5e"},"headline":"Aran | Chiesto un calendario serrato di incontri. Prossimo appuntamento gi\u00e0 gioved\u00ec 4 gennaio","datePublished":"2018-01-02T10:33:59+00:00","dateModified":"2018-01-06T10:35:24+00:00","mainEntityOfPage":{"@id":"https:\/\/www.uilscuolaemiliaromagna.it\/public\/er\/2018\/01\/02\/aran-chiesto-un-calendario-serrato-di-incontri-prossimo-appuntamento-gia-giovedi-4-gennaio\/"},"wordCount":485,"publisher":{"@id":"https:\/\/www.uilscuolaemiliaromagna.it\/public\/er\/#organization"},"articleSection":["ATA","Notizie","Personale Docente","Personale Educativo"],"inLanguage":"it-IT"},{"@type":"WebPage","@id":"https:\/\/www.uilscuolaemiliaromagna.it\/public\/er\/2018\/01\/02\/aran-chiesto-un-calendario-serrato-di-incontri-prossimo-appuntamento-gia-giovedi-4-gennaio\/","url":"https:\/\/www.uilscuolaemiliaromagna.it\/public\/er\/2018\/01\/02\/aran-chiesto-un-calendario-serrato-di-incontri-prossimo-appuntamento-gia-giovedi-4-gennaio\/","name":"Aran | Chiesto un calendario serrato di incontri. Prossimo appuntamento gi\u00e0 gioved\u00ec 4 gennaio - Uil Scuola Emilia Romagna","isPartOf":{"@id":"https:\/\/www.uilscuolaemiliaromagna.it\/public\/er\/#website"},"datePublished":"2018-01-02T10:33:59+00:00","dateModified":"2018-01-06T10:35:24+00:00","breadcrumb":{"@id":"https:\/\/www.uilscuolaemiliaromagna.it\/public\/er\/2018\/01\/02\/aran-chiesto-un-calendario-serrato-di-incontri-prossimo-appuntamento-gia-giovedi-4-gennaio\/#breadcrumb"},"inLanguage":"it-IT","potentialAction":[{"@type":"ReadAction","target":["https:\/\/www.uilscuolaemiliaromagna.it\/public\/er\/2018\/01\/02\/aran-chiesto-un-calendario-serrato-di-incontri-prossimo-appuntamento-gia-giovedi-4-gennaio\/"]}]},{"@type":"BreadcrumbList","@id":"https:\/\/www.uilscuolaemiliaromagna.it\/public\/er\/2018\/01\/02\/aran-chiesto-un-calendario-serrato-di-incontri-prossimo-appuntamento-gia-giovedi-4-gennaio\/#breadcrumb","itemListElement":[{"@type":"ListItem","position":1,"name":"Home","item":"https:\/\/www.uilscuolaemiliaromagna.it\/public\/er\/"},{"@type":"ListItem","position":2,"name":"Aran | Chiesto un calendario serrato di incontri. Prossimo appuntamento gi\u00e0 gioved\u00ec 4 gennaio"}]},{"@type":"WebSite","@id":"https:\/\/www.uilscuolaemiliaromagna.it\/public\/er\/#website","url":"https:\/\/www.uilscuolaemiliaromagna.it\/public\/er\/","name":"Uil Scuola Emilia Romagna","description":"La voce libera della scuola","publisher":{"@id":"https:\/\/www.uilscuolaemiliaromagna.it\/public\/er\/#organization"},"potentialAction":[{"@type":"SearchAction","target":{"@type":"EntryPoint","urlTemplate":"https:\/\/www.uilscuolaemiliaromagna.it\/public\/er\/?s={search_term_string}"},"query-input":"required name=search_term_string"}],"inLanguage":"it-IT"},{"@type":"Organization","@id":"https:\/\/www.uilscuolaemiliaromagna.it\/public\/er\/#organization","name":"Uil Scuola Emilia Romagna","url":"https:\/\/www.uilscuolaemiliaromagna.it\/public\/er\/","logo":{"@type":"ImageObject","inLanguage":"it-IT","@id":"https:\/\/www.uilscuolaemiliaromagna.it\/public\/er\/#\/schema\/logo\/image\/","url":"https:\/\/www.uilscuolaemiliaromagna.it\/public\/er\/wp-content\/uploads\/2017\/04\/cropped-header.png","contentUrl":"https:\/\/www.uilscuolaemiliaromagna.it\/public\/er\/wp-content\/uploads\/2017\/04\/cropped-header.png","width":1000,"height":150,"caption":"Uil Scuola Emilia Romagna"},"image":{"@id":"https:\/\/www.uilscuolaemiliaromagna.it\/public\/er\/#\/schema\/logo\/image\/"}},{"@type":"Person","@id":"https:\/\/www.uilscuolaemiliaromagna.it\/public\/er\/#\/schema\/person\/f42878fd07a4b6ba2b7153d4fad5de5e","name":"admin","image":{"@type":"ImageObject","inLanguage":"it-IT","@id":"https:\/\/www.uilscuolaemiliaromagna.it\/public\/er\/#\/schema\/person\/image\/","url":"https:\/\/secure.gravatar.com\/avatar\/aebf815ae2f30ffdae8b8c247273d34c?s=96&d=mm&r=g","contentUrl":"https:\/\/secure.gravatar.com\/avatar\/aebf815ae2f30ffdae8b8c247273d34c?s=96&d=mm&r=g","caption":"admin"},"url":"https:\/\/www.uilscuolaemiliaromagna.it\/public\/er\/author\/admin\/"}]}},"views":1230,"_links":{"self":[{"href":"https:\/\/www.uilscuolaemiliaromagna.it\/public\/er\/wp-json\/wp\/v2\/posts\/2520"}],"collection":[{"href":"https:\/\/www.uilscuolaemiliaromagna.it\/public\/er\/wp-json\/wp\/v2\/posts"}],"about":[{"href":"https:\/\/www.uilscuolaemiliaromagna.it\/public\/er\/wp-json\/wp\/v2\/types\/post"}],"author":[{"embeddable":true,"href":"https:\/\/www.uilscuolaemiliaromagna.it\/public\/er\/wp-json\/wp\/v2\/users\/1"}],"replies":[{"embeddable":true,"href":"https:\/\/www.uilscuolaemiliaromagna.it\/public\/er\/wp-json\/wp\/v2\/comments?post=2520"}],"version-history":[{"count":1,"href":"https:\/\/www.uilscuolaemiliaromagna.it\/public\/er\/wp-json\/wp\/v2\/posts\/2520\/revisions"}],"predecessor-version":[{"id":2521,"href":"https:\/\/www.uilscuolaemiliaromagna.it\/public\/er\/wp-json\/wp\/v2\/posts\/2520\/revisions\/2521"}],"wp:attachment":[{"href":"https:\/\/www.uilscuolaemiliaromagna.it\/public\/er\/wp-json\/wp\/v2\/media?parent=2520"}],"wp:term":[{"taxonomy":"category","embeddable":true,"href":"https:\/\/www.uilscuolaemiliaromagna.it\/public\/er\/wp-json\/wp\/v2\/categories?post=2520"},{"taxonomy":"post_tag","embeddable":true,"href":"https:\/\/www.uilscuolaemiliaromagna.it\/public\/er\/wp-json\/wp\/v2\/tags?post=2520"}],"curies":[{"name":"wp","href":"https:\/\/api.w.org\/{rel}","templated":true}]}}