{"id":2522,"date":"2018-01-04T11:35:59","date_gmt":"2018-01-04T10:35:59","guid":{"rendered":"http:\/\/www.uilscuolaemiliaromagna.it\/public\/er\/?p=2522"},"modified":"2018-01-06T12:13:54","modified_gmt":"2018-01-06T11:13:54","slug":"diplomati-magistrali-dopo-lincontro-miur-sindacati-una-soluzione-politica-che-ricomponga-i-diritti-di-tutti","status":"publish","type":"post","link":"https:\/\/www.uilscuolaemiliaromagna.it\/public\/er\/2018\/01\/04\/diplomati-magistrali-dopo-lincontro-miur-sindacati-una-soluzione-politica-che-ricomponga-i-diritti-di-tutti\/","title":{"rendered":"Diplomati magistrali, dopo l&#8217;incontro Miur &#8211; Sindacati | Una soluzione politica che ricomponga i diritti di tutti"},"content":{"rendered":"<p style=\"text-align: justify;\">Si \u00e8 aperto oggi, 4 gennaio, in seguito alla richiesta dei sindacati, il confronto con il Ministero della Pubblica Istruzione in merito alle conseguenze della decisione dell\u2019Adunanza Plenaria del Consiglio di Stato che nega il diritto ai diplomati magistrali prima del 2001-2002 ad essere inseriti nelle graduatorie ad esaurimento.<br \/>\nUnitariamente FLC CGIL, CISL Scuola, UIL Scuola RUA, SNALS Confsal e GILDA Unams hanno posto sul tavolo le loro richieste, considerando come priorit\u00e0:<br \/>\nsalvaguardare l\u2019anno in corso, tutelando la continuit\u00e0 didattica e la serenit\u00e0 del lavoro dei tanti docenti che in forza delle sentenze cautelari stanno operando con seriet\u00e0 nelle scuole<br \/>\nriaprire le graduatorie d\u2019istituto per permettere l\u2019inserimento dei docenti che, collocati in GAE e quindi in prima fascia d\u2019istituto, erano stati esclusi dalla seconda fascia<br \/>\nsalvaguardare i punteggi acquisiti mediante il servizio svolto in questi anni in forza delle sentenze cautelari<br \/>\nA regime prevedere una norma ad hoc al fine di ricomporre i diritti dei docenti a vario titolo interessati al contenzioso in questione<br \/>\nIl Ministero, ritenendo necessario acquisire un preventivo parere dell\u2019Avvocatura dello Stato sulle modalit\u00e0 con cui gestire una vicenda con aspetti di rilevante complessit\u00e0 giuridica, si \u00e8 detto pronto a riconvocare i sindacati non appena conclusa tale fase di approfondimento. Ha inoltre convenuto sulla necessit\u00e0 di una riflessione generale sui meccanismi di reclutamento da utilizzare per la scuola dell\u2019infanzia e primaria, anche alla luce delle soluzioni gi\u00e0 adottate dal Governo per i precari della secondaria di primo e secondo grado.<br \/>\n\u201cOccorre pensare ad una soluzione politica del problema\u201d sostengono i segretari generali Francesco Sinopoli, Maddalena Gissi, Giuseppe Turi, Elvira Serafini e Rino Di Meglio. \u201cCi troviamo di fronte ad un quadro complesso ma bisogna tutelare gli interessi di tutti. Non si pu\u00f2 pensare di cancellare un\u2019intera categoria di lavoratori e lavoratrici che in molti casi operano gi\u00e0 da anni nella scuola. L\u2019Amministrazione dovr\u00e0 trovare una soluzione che riconosca i diritti di tutti e non lasci a casa nessuno\u201d.<br \/>\nRoma, 4 gennaio 2018<\/p>\n<table border=\"0\" cellspacing=\"1\" cellpadding=\"1\" align=\"center\">\n<tbody>\n<tr>\n<td class=\"rtecenter\">FLC CGIL<\/td>\n<td class=\"rtecenter\">CISL SCUOLA<\/td>\n<td class=\"rtecenter\">UIL SCUOLA<\/td>\n<td class=\"rtecenter\">SNALS CONFSAL<\/td>\n<td class=\"rtecenter\">GILDA UNAMS<\/td>\n<\/tr>\n<tr>\n<td class=\"rtecenter\">Francesco Sinopoli<\/td>\n<td class=\"rtecenter\">Maddalena Gissi<\/td>\n<td class=\"rtecenter\">Giuseppe Turi<\/td>\n<td class=\"rtecenter\">Elvira Serafini<\/td>\n<td class=\"rtecenter\">Rino Di Meglio<\/td>\n<\/tr>\n<\/tbody>\n<\/table>\n<p>&nbsp;<\/p>\n<ul>\n<li><a href=\"https:\/\/www.uilscuolaemiliaromagna.it\/public\/er\/wp-content\/uploads\/2018\/01\/verbale_incontro_4_gennaio.pdf\" target=\"_blank\" rel=\"noopener\">Il verbale dell&#8217;Incontro del MIUR<\/a><\/li>\n<\/ul>\n\n<div class=\"twitter-share\"><a href=\"https:\/\/twitter.com\/intent\/tweet?via=UILScuolaBO_ER\" class=\"twitter-share-button\" data-size=\"large\">Tweet<\/a><\/div>\n","protected":false},"excerpt":{"rendered":"<p>Si \u00e8 aperto oggi, 4 gennaio, in seguito alla richiesta dei sindacati, il confronto con il Ministero della Pubblica Istruzione in merito alle conseguenze della &hellip; <\/p>\n","protected":false},"author":1,"featured_media":0,"comment_status":"closed","ping_status":"open","sticky":false,"template":"","format":"standard","meta":{"footnotes":""},"categories":[4,12,6,8],"tags":[],"yoast_head":"<!-- This site is optimized with the Yoast SEO plugin v21.7 - https:\/\/yoast.com\/wordpress\/plugins\/seo\/ -->\r\n<title>Diplomati magistrali, dopo l&#039;incontro Miur - Sindacati | Una soluzione politica che ricomponga i diritti di tutti - Uil Scuola Emilia Romagna<\/title>\r\n<meta name=\"robots\" content=\"index, follow, max-snippet:-1, max-image-preview:large, max-video-preview:-1\" \/>\r\n<link rel=\"canonical\" href=\"https:\/\/www.uilscuolaemiliaromagna.it\/public\/er\/2018\/01\/04\/diplomati-magistrali-dopo-lincontro-miur-sindacati-una-soluzione-politica-che-ricomponga-i-diritti-di-tutti\/\" \/>\r\n<meta property=\"og:locale\" content=\"it_IT\" \/>\r\n<meta property=\"og:type\" content=\"article\" \/>\r\n<meta property=\"og:title\" content=\"Diplomati magistrali, dopo l&#039;incontro Miur - Sindacati | Una soluzione politica che ricomponga i diritti di tutti - Uil Scuola Emilia Romagna\" \/>\r\n<meta property=\"og:description\" content=\"Si \u00e8 aperto oggi, 4 gennaio, in seguito alla richiesta dei sindacati, il confronto con il Ministero della Pubblica Istruzione in merito alle conseguenze della &hellip;\" \/>\r\n<meta property=\"og:url\" content=\"https:\/\/www.uilscuolaemiliaromagna.it\/public\/er\/2018\/01\/04\/diplomati-magistrali-dopo-lincontro-miur-sindacati-una-soluzione-politica-che-ricomponga-i-diritti-di-tutti\/\" \/>\r\n<meta property=\"og:site_name\" content=\"Uil Scuola Emilia Romagna\" \/>\r\n<meta property=\"article:published_time\" content=\"2018-01-04T10:35:59+00:00\" \/>\r\n<meta property=\"article:modified_time\" content=\"2018-01-06T11:13:54+00:00\" \/>\r\n<meta name=\"author\" content=\"admin\" \/>\r\n<meta name=\"twitter:card\" content=\"summary_large_image\" \/>\r\n<meta name=\"twitter:label1\" content=\"Scritto da\" \/>\n\t<meta name=\"twitter:data1\" content=\"admin\" \/>\n\t<meta name=\"twitter:label2\" content=\"Tempo di lettura stimato\" \/>\n\t<meta name=\"twitter:data2\" content=\"2 minuti\" \/>\r\n<script type=\"application\/ld+json\" class=\"yoast-schema-graph\">{\"@context\":\"https:\/\/schema.org\",\"@graph\":[{\"@type\":\"Article\",\"@id\":\"https:\/\/www.uilscuolaemiliaromagna.it\/public\/er\/2018\/01\/04\/diplomati-magistrali-dopo-lincontro-miur-sindacati-una-soluzione-politica-che-ricomponga-i-diritti-di-tutti\/#article\",\"isPartOf\":{\"@id\":\"https:\/\/www.uilscuolaemiliaromagna.it\/public\/er\/2018\/01\/04\/diplomati-magistrali-dopo-lincontro-miur-sindacati-una-soluzione-politica-che-ricomponga-i-diritti-di-tutti\/\"},\"author\":{\"name\":\"admin\",\"@id\":\"https:\/\/www.uilscuolaemiliaromagna.it\/public\/er\/#\/schema\/person\/f42878fd07a4b6ba2b7153d4fad5de5e\"},\"headline\":\"Diplomati magistrali, dopo l&#8217;incontro Miur &#8211; Sindacati | Una soluzione politica che ricomponga i diritti di tutti\",\"datePublished\":\"2018-01-04T10:35:59+00:00\",\"dateModified\":\"2018-01-06T11:13:54+00:00\",\"mainEntityOfPage\":{\"@id\":\"https:\/\/www.uilscuolaemiliaromagna.it\/public\/er\/2018\/01\/04\/diplomati-magistrali-dopo-lincontro-miur-sindacati-una-soluzione-politica-che-ricomponga-i-diritti-di-tutti\/\"},\"wordCount\":372,\"publisher\":{\"@id\":\"https:\/\/www.uilscuolaemiliaromagna.it\/public\/er\/#organization\"},\"articleSection\":[\"Infanzia\",\"Notizie\",\"Personale Docente\",\"Primaria\"],\"inLanguage\":\"it-IT\"},{\"@type\":\"WebPage\",\"@id\":\"https:\/\/www.uilscuolaemiliaromagna.it\/public\/er\/2018\/01\/04\/diplomati-magistrali-dopo-lincontro-miur-sindacati-una-soluzione-politica-che-ricomponga-i-diritti-di-tutti\/\",\"url\":\"https:\/\/www.uilscuolaemiliaromagna.it\/public\/er\/2018\/01\/04\/diplomati-magistrali-dopo-lincontro-miur-sindacati-una-soluzione-politica-che-ricomponga-i-diritti-di-tutti\/\",\"name\":\"Diplomati magistrali, dopo l'incontro Miur - Sindacati | Una soluzione politica che ricomponga i diritti di tutti - Uil Scuola Emilia Romagna\",\"isPartOf\":{\"@id\":\"https:\/\/www.uilscuolaemiliaromagna.it\/public\/er\/#website\"},\"datePublished\":\"2018-01-04T10:35:59+00:00\",\"dateModified\":\"2018-01-06T11:13:54+00:00\",\"breadcrumb\":{\"@id\":\"https:\/\/www.uilscuolaemiliaromagna.it\/public\/er\/2018\/01\/04\/diplomati-magistrali-dopo-lincontro-miur-sindacati-una-soluzione-politica-che-ricomponga-i-diritti-di-tutti\/#breadcrumb\"},\"inLanguage\":\"it-IT\",\"potentialAction\":[{\"@type\":\"ReadAction\",\"target\":[\"https:\/\/www.uilscuolaemiliaromagna.it\/public\/er\/2018\/01\/04\/diplomati-magistrali-dopo-lincontro-miur-sindacati-una-soluzione-politica-che-ricomponga-i-diritti-di-tutti\/\"]}]},{\"@type\":\"BreadcrumbList\",\"@id\":\"https:\/\/www.uilscuolaemiliaromagna.it\/public\/er\/2018\/01\/04\/diplomati-magistrali-dopo-lincontro-miur-sindacati-una-soluzione-politica-che-ricomponga-i-diritti-di-tutti\/#breadcrumb\",\"itemListElement\":[{\"@type\":\"ListItem\",\"position\":1,\"name\":\"Home\",\"item\":\"https:\/\/www.uilscuolaemiliaromagna.it\/public\/er\/\"},{\"@type\":\"ListItem\",\"position\":2,\"name\":\"Diplomati magistrali, dopo l&#8217;incontro Miur &#8211; Sindacati | Una soluzione politica che ricomponga i diritti di tutti\"}]},{\"@type\":\"WebSite\",\"@id\":\"https:\/\/www.uilscuolaemiliaromagna.it\/public\/er\/#website\",\"url\":\"https:\/\/www.uilscuolaemiliaromagna.it\/public\/er\/\",\"name\":\"Uil Scuola Emilia Romagna\",\"description\":\"La voce libera della scuola\",\"publisher\":{\"@id\":\"https:\/\/www.uilscuolaemiliaromagna.it\/public\/er\/#organization\"},\"potentialAction\":[{\"@type\":\"SearchAction\",\"target\":{\"@type\":\"EntryPoint\",\"urlTemplate\":\"https:\/\/www.uilscuolaemiliaromagna.it\/public\/er\/?s={search_term_string}\"},\"query-input\":\"required name=search_term_string\"}],\"inLanguage\":\"it-IT\"},{\"@type\":\"Organization\",\"@id\":\"https:\/\/www.uilscuolaemiliaromagna.it\/public\/er\/#organization\",\"name\":\"Uil Scuola Emilia Romagna\",\"url\":\"https:\/\/www.uilscuolaemiliaromagna.it\/public\/er\/\",\"logo\":{\"@type\":\"ImageObject\",\"inLanguage\":\"it-IT\",\"@id\":\"https:\/\/www.uilscuolaemiliaromagna.it\/public\/er\/#\/schema\/logo\/image\/\",\"url\":\"https:\/\/www.uilscuolaemiliaromagna.it\/public\/er\/wp-content\/uploads\/2017\/04\/cropped-header.png\",\"contentUrl\":\"https:\/\/www.uilscuolaemiliaromagna.it\/public\/er\/wp-content\/uploads\/2017\/04\/cropped-header.png\",\"width\":1000,\"height\":150,\"caption\":\"Uil Scuola Emilia Romagna\"},\"image\":{\"@id\":\"https:\/\/www.uilscuolaemiliaromagna.it\/public\/er\/#\/schema\/logo\/image\/\"}},{\"@type\":\"Person\",\"@id\":\"https:\/\/www.uilscuolaemiliaromagna.it\/public\/er\/#\/schema\/person\/f42878fd07a4b6ba2b7153d4fad5de5e\",\"name\":\"admin\",\"image\":{\"@type\":\"ImageObject\",\"inLanguage\":\"it-IT\",\"@id\":\"https:\/\/www.uilscuolaemiliaromagna.it\/public\/er\/#\/schema\/person\/image\/\",\"url\":\"https:\/\/secure.gravatar.com\/avatar\/aebf815ae2f30ffdae8b8c247273d34c?s=96&d=mm&r=g\",\"contentUrl\":\"https:\/\/secure.gravatar.com\/avatar\/aebf815ae2f30ffdae8b8c247273d34c?s=96&d=mm&r=g\",\"caption\":\"admin\"},\"url\":\"https:\/\/www.uilscuolaemiliaromagna.it\/public\/er\/author\/admin\/\"}]}<\/script>\r\n<!-- \/ Yoast SEO plugin. -->","yoast_head_json":{"title":"Diplomati magistrali, dopo l'incontro Miur - Sindacati | Una soluzione politica che ricomponga i diritti di tutti - Uil Scuola Emilia Romagna","robots":{"index":"index","follow":"follow","max-snippet":"max-snippet:-1","max-image-preview":"max-image-preview:large","max-video-preview":"max-video-preview:-1"},"canonical":"https:\/\/www.uilscuolaemiliaromagna.it\/public\/er\/2018\/01\/04\/diplomati-magistrali-dopo-lincontro-miur-sindacati-una-soluzione-politica-che-ricomponga-i-diritti-di-tutti\/","og_locale":"it_IT","og_type":"article","og_title":"Diplomati magistrali, dopo l'incontro Miur - Sindacati | Una soluzione politica che ricomponga i diritti di tutti - Uil Scuola Emilia Romagna","og_description":"Si \u00e8 aperto oggi, 4 gennaio, in seguito alla richiesta dei sindacati, il confronto con il Ministero della Pubblica Istruzione in merito alle conseguenze della &hellip;","og_url":"https:\/\/www.uilscuolaemiliaromagna.it\/public\/er\/2018\/01\/04\/diplomati-magistrali-dopo-lincontro-miur-sindacati-una-soluzione-politica-che-ricomponga-i-diritti-di-tutti\/","og_site_name":"Uil Scuola Emilia Romagna","article_published_time":"2018-01-04T10:35:59+00:00","article_modified_time":"2018-01-06T11:13:54+00:00","author":"admin","twitter_card":"summary_large_image","twitter_misc":{"Scritto da":"admin","Tempo di lettura stimato":"2 minuti"},"schema":{"@context":"https:\/\/schema.org","@graph":[{"@type":"Article","@id":"https:\/\/www.uilscuolaemiliaromagna.it\/public\/er\/2018\/01\/04\/diplomati-magistrali-dopo-lincontro-miur-sindacati-una-soluzione-politica-che-ricomponga-i-diritti-di-tutti\/#article","isPartOf":{"@id":"https:\/\/www.uilscuolaemiliaromagna.it\/public\/er\/2018\/01\/04\/diplomati-magistrali-dopo-lincontro-miur-sindacati-una-soluzione-politica-che-ricomponga-i-diritti-di-tutti\/"},"author":{"name":"admin","@id":"https:\/\/www.uilscuolaemiliaromagna.it\/public\/er\/#\/schema\/person\/f42878fd07a4b6ba2b7153d4fad5de5e"},"headline":"Diplomati magistrali, dopo l&#8217;incontro Miur &#8211; Sindacati | Una soluzione politica che ricomponga i diritti di tutti","datePublished":"2018-01-04T10:35:59+00:00","dateModified":"2018-01-06T11:13:54+00:00","mainEntityOfPage":{"@id":"https:\/\/www.uilscuolaemiliaromagna.it\/public\/er\/2018\/01\/04\/diplomati-magistrali-dopo-lincontro-miur-sindacati-una-soluzione-politica-che-ricomponga-i-diritti-di-tutti\/"},"wordCount":372,"publisher":{"@id":"https:\/\/www.uilscuolaemiliaromagna.it\/public\/er\/#organization"},"articleSection":["Infanzia","Notizie","Personale Docente","Primaria"],"inLanguage":"it-IT"},{"@type":"WebPage","@id":"https:\/\/www.uilscuolaemiliaromagna.it\/public\/er\/2018\/01\/04\/diplomati-magistrali-dopo-lincontro-miur-sindacati-una-soluzione-politica-che-ricomponga-i-diritti-di-tutti\/","url":"https:\/\/www.uilscuolaemiliaromagna.it\/public\/er\/2018\/01\/04\/diplomati-magistrali-dopo-lincontro-miur-sindacati-una-soluzione-politica-che-ricomponga-i-diritti-di-tutti\/","name":"Diplomati magistrali, dopo l'incontro Miur - Sindacati | Una soluzione politica che ricomponga i diritti di tutti - Uil Scuola Emilia Romagna","isPartOf":{"@id":"https:\/\/www.uilscuolaemiliaromagna.it\/public\/er\/#website"},"datePublished":"2018-01-04T10:35:59+00:00","dateModified":"2018-01-06T11:13:54+00:00","breadcrumb":{"@id":"https:\/\/www.uilscuolaemiliaromagna.it\/public\/er\/2018\/01\/04\/diplomati-magistrali-dopo-lincontro-miur-sindacati-una-soluzione-politica-che-ricomponga-i-diritti-di-tutti\/#breadcrumb"},"inLanguage":"it-IT","potentialAction":[{"@type":"ReadAction","target":["https:\/\/www.uilscuolaemiliaromagna.it\/public\/er\/2018\/01\/04\/diplomati-magistrali-dopo-lincontro-miur-sindacati-una-soluzione-politica-che-ricomponga-i-diritti-di-tutti\/"]}]},{"@type":"BreadcrumbList","@id":"https:\/\/www.uilscuolaemiliaromagna.it\/public\/er\/2018\/01\/04\/diplomati-magistrali-dopo-lincontro-miur-sindacati-una-soluzione-politica-che-ricomponga-i-diritti-di-tutti\/#breadcrumb","itemListElement":[{"@type":"ListItem","position":1,"name":"Home","item":"https:\/\/www.uilscuolaemiliaromagna.it\/public\/er\/"},{"@type":"ListItem","position":2,"name":"Diplomati magistrali, dopo l&#8217;incontro Miur &#8211; Sindacati | Una soluzione politica che ricomponga i diritti di tutti"}]},{"@type":"WebSite","@id":"https:\/\/www.uilscuolaemiliaromagna.it\/public\/er\/#website","url":"https:\/\/www.uilscuolaemiliaromagna.it\/public\/er\/","name":"Uil Scuola Emilia Romagna","description":"La voce libera della scuola","publisher":{"@id":"https:\/\/www.uilscuolaemiliaromagna.it\/public\/er\/#organization"},"potentialAction":[{"@type":"SearchAction","target":{"@type":"EntryPoint","urlTemplate":"https:\/\/www.uilscuolaemiliaromagna.it\/public\/er\/?s={search_term_string}"},"query-input":"required name=search_term_string"}],"inLanguage":"it-IT"},{"@type":"Organization","@id":"https:\/\/www.uilscuolaemiliaromagna.it\/public\/er\/#organization","name":"Uil Scuola Emilia Romagna","url":"https:\/\/www.uilscuolaemiliaromagna.it\/public\/er\/","logo":{"@type":"ImageObject","inLanguage":"it-IT","@id":"https:\/\/www.uilscuolaemiliaromagna.it\/public\/er\/#\/schema\/logo\/image\/","url":"https:\/\/www.uilscuolaemiliaromagna.it\/public\/er\/wp-content\/uploads\/2017\/04\/cropped-header.png","contentUrl":"https:\/\/www.uilscuolaemiliaromagna.it\/public\/er\/wp-content\/uploads\/2017\/04\/cropped-header.png","width":1000,"height":150,"caption":"Uil Scuola Emilia Romagna"},"image":{"@id":"https:\/\/www.uilscuolaemiliaromagna.it\/public\/er\/#\/schema\/logo\/image\/"}},{"@type":"Person","@id":"https:\/\/www.uilscuolaemiliaromagna.it\/public\/er\/#\/schema\/person\/f42878fd07a4b6ba2b7153d4fad5de5e","name":"admin","image":{"@type":"ImageObject","inLanguage":"it-IT","@id":"https:\/\/www.uilscuolaemiliaromagna.it\/public\/er\/#\/schema\/person\/image\/","url":"https:\/\/secure.gravatar.com\/avatar\/aebf815ae2f30ffdae8b8c247273d34c?s=96&d=mm&r=g","contentUrl":"https:\/\/secure.gravatar.com\/avatar\/aebf815ae2f30ffdae8b8c247273d34c?s=96&d=mm&r=g","caption":"admin"},"url":"https:\/\/www.uilscuolaemiliaromagna.it\/public\/er\/author\/admin\/"}]}},"views":1011,"_links":{"self":[{"href":"https:\/\/www.uilscuolaemiliaromagna.it\/public\/er\/wp-json\/wp\/v2\/posts\/2522"}],"collection":[{"href":"https:\/\/www.uilscuolaemiliaromagna.it\/public\/er\/wp-json\/wp\/v2\/posts"}],"about":[{"href":"https:\/\/www.uilscuolaemiliaromagna.it\/public\/er\/wp-json\/wp\/v2\/types\/post"}],"author":[{"embeddable":true,"href":"https:\/\/www.uilscuolaemiliaromagna.it\/public\/er\/wp-json\/wp\/v2\/users\/1"}],"replies":[{"embeddable":true,"href":"https:\/\/www.uilscuolaemiliaromagna.it\/public\/er\/wp-json\/wp\/v2\/comments?post=2522"}],"version-history":[{"count":5,"href":"https:\/\/www.uilscuolaemiliaromagna.it\/public\/er\/wp-json\/wp\/v2\/posts\/2522\/revisions"}],"predecessor-version":[{"id":2531,"href":"https:\/\/www.uilscuolaemiliaromagna.it\/public\/er\/wp-json\/wp\/v2\/posts\/2522\/revisions\/2531"}],"wp:attachment":[{"href":"https:\/\/www.uilscuolaemiliaromagna.it\/public\/er\/wp-json\/wp\/v2\/media?parent=2522"}],"wp:term":[{"taxonomy":"category","embeddable":true,"href":"https:\/\/www.uilscuolaemiliaromagna.it\/public\/er\/wp-json\/wp\/v2\/categories?post=2522"},{"taxonomy":"post_tag","embeddable":true,"href":"https:\/\/www.uilscuolaemiliaromagna.it\/public\/er\/wp-json\/wp\/v2\/tags?post=2522"}],"curies":[{"name":"wp","href":"https:\/\/api.w.org\/{rel}","templated":true}]}}