{"id":2639,"date":"2018-02-09T13:44:32","date_gmt":"2018-02-09T12:44:32","guid":{"rendered":"http:\/\/www.uilscuolaemiliaromagna.it\/public\/er\/?p=2639"},"modified":"2018-02-14T18:05:14","modified_gmt":"2018-02-14T17:05:14","slug":"contratto-soddisfazione-per-traguardo-raggiunto-trattativa-complessa-contrattazione-fondamentale","status":"publish","type":"post","link":"https:\/\/www.uilscuolaemiliaromagna.it\/public\/er\/2018\/02\/09\/contratto-soddisfazione-per-traguardo-raggiunto-trattativa-complessa-contrattazione-fondamentale\/","title":{"rendered":"CONTRATTO: Soddisfazione per traguardo raggiunto. Trattativa complessa. Contrattazione fondamentale"},"content":{"rendered":"<p style=\"text-align: justify;\"><strong><em>Turi: soddisfatti per essere riusciti ad utilizzare veramente tutte le risorse disponibili in un negoziato che non \u00e8 stato facile. Segna una svolta significativa sul terreno delle relazioni sindacali, riportando alla contrattazione materie importanti\u00a0 E&#8217; un contratto che fa riferimento a un modello di scuola intesa come comunit\u00e0 educante. Una scuola libera, moderna, che ha al centro le persone e il loro lavoro. E&#8217; garantita la continuit\u00e0 didattica degli alunni. Questa la direzione nella quale ci siamo mossi.\u00a0<\/em><\/strong><\/p>\n<p><img loading=\"lazy\" decoding=\"async\" class=\"aligncenter size-medium wp-image-2637\" src=\"https:\/\/www.uilscuolaemiliaromagna.it\/public\/er\/wp-content\/uploads\/2018\/02\/IMG-20180209-WA0004-300x169.jpg\" alt=\"\" width=\"300\" height=\"169\" srcset=\"https:\/\/www.uilscuolaemiliaromagna.it\/public\/er\/wp-content\/uploads\/2018\/02\/IMG-20180209-WA0004-300x169.jpg 300w, https:\/\/www.uilscuolaemiliaromagna.it\/public\/er\/wp-content\/uploads\/2018\/02\/IMG-20180209-WA0004-768x432.jpg 768w, https:\/\/www.uilscuolaemiliaromagna.it\/public\/er\/wp-content\/uploads\/2018\/02\/IMG-20180209-WA0004-1024x576.jpg 1024w, https:\/\/www.uilscuolaemiliaromagna.it\/public\/er\/wp-content\/uploads\/2018\/02\/IMG-20180209-WA0004.jpg 1600w\" sizes=\"(max-width: 300px) 100vw, 300px\" \/><\/p>\n<ul>\n<li><a href=\"https:\/\/www.uilscuolaemiliaromagna.it\/public\/er\/wp-content\/uploads\/2018\/02\/ipotesi_ccnl_16-18_parte_scuola.pdf\" target=\"_blank\" rel=\"noopener\">il testo del Contratto &#8211; Scuola<\/a><\/li>\n<li><a href=\"https:\/\/www.uilscuolaemiliaromagna.it\/public\/er\/wp-content\/uploads\/2018\/02\/disconnessione.pdf\">nel contratto entra il diritto alla disconnessione<\/a><\/li>\n<li><a href=\"https:\/\/www.uilscuolaemiliaromagna.it\/public\/er\/wp-content\/uploads\/2018\/02\/italia_oggi_-_uil_su_contratto_130118_0.pdf\">l&#8217;articolo di Pino Turi su Italia Oggi<\/a><\/li>\n<li><a href=\"https:\/\/www.uilscuolaemiliaromagna.it\/public\/er\/wp-content\/uploads\/2018\/02\/1_-_comunicati_unitario_contratto_decisione_giusta_0.pdf\">Contratto, decisione giusta per la tutela di chi lavora<\/a><\/li>\n<li><a href=\"https:\/\/www.uilscuolaemiliaromagna.it\/public\/er\/wp-content\/uploads\/2018\/02\/2_-_comunicato_unitario_su_ccnl_-_bonus_docenti.pdf\">&#8230; a proposito di bonus docenti<\/a><\/li>\n<\/ul>\n<div><\/div>\n<div id=\"BoxTitoloGrandeNews\" class=\"TitoloGrandeNews\" style=\"text-align: justify;\"><strong>Firmato il contratto della scuola<\/strong><\/div>\n<div id=\"BoxSottoTitoloGrandeNews\" class=\"SottoTitoloGrandeNews\" style=\"text-align: justify;\"><em><strong>Foccillo, Turi, Ostrica: Soddisfazione della Uil e delle categorie interessate<\/strong><\/em><\/div>\n<div>\n<p style=\"text-align: justify;\"><strong>Dichiarazione Di Antonio Foccillo, Pino Turi, Sonia Ostrica<\/strong><\/p>\n<p style=\"text-align: justify;\">Concluso positivamente il confronto in Aran. \u00c8 stata siglata alle 8 di stamattina l\u2019ipotesi di accordo per il rinnovo del contratto del comparto istruzione e ricerca.<\/p>\n<p style=\"text-align: justify;\">Fatto non assolutamente scontato per la complessit\u00e0 determinata dall\u2019ampiezza di un settore formato da pi\u00f9 di un milione di lavoratori e dalla strategicit\u00e0 che le sue sezioni \u2013 scuola, universit\u00e0, ricerca e alta formazione musicale artistica e coreutica &#8211; rivestono per lo sviluppo del Paese e che certamente meritano ancora impegni per la loro valorizzazione.<\/p>\n<p style=\"text-align: justify;\">Antonio Foccillo, Pino Turi e Sonia Ostrica sottolineano con soddisfazione l\u2019importanza del traguardo raggiunto nonostante specificit\u00e0 e differenze di ciascuno degli ex comparti.<\/p>\n<p style=\"text-align: justify;\">Le difficolt\u00e0 sono state superate avendo a riferimento l\u2019esigenza di mettere nelle tasche dei lavoratori la maggiore quota possibile di risorse economiche dopo dieci anni di blocco.<\/p>\n<p style=\"text-align: justify;\">Il contratto rispetta i principi dell\u2019accordo del 30 novembre 2016 e ristabilisce gli equilibri tra la contrattazione e le leggi, recuperando garanzie che interventi legislativi unilaterali avevano cancellato. Ripristina &#8211; evidenziano i sindacalisti &#8211; concrete relazioni sindacali e rinvia il nodo delle sanzioni disciplinari per i docenti, esposti ai rischi di contrazione della libert\u00e0 di insegnamento, ad una successiva sequenza contrattuale.<\/p>\n<p style=\"text-align: justify;\">Per Pino Turi \u00e8 prevalsa la logica della coerenza con le garanzie e le tutele previgenti, a cui si \u00e8 aggiunta la modifica in sede pattizia di alcune delle norme pi\u00f9 ostiche della legge 107.<\/p>\n<p style=\"text-align: justify;\">L\u2019impegno della UIL, afferma Sonia Ostrica, ha consentito di modificare parti importanti del contratto e porre le basi per la prossima triennalit\u00e0.<\/p>\n<p style=\"text-align: justify;\">Il sindacato confederale riconferma la propria funzione strategica in rappresentanza dei diritti dei lavoratori, e per la ripresa economica, come testimoniato ieri dalla sottoscrizione dell\u2019intesa per il contratto dei vigili del fuoco e ancor prima a dicembre per quello delle funzioni centrali.<\/p>\n<p style=\"text-align: justify;\">Lo stesso impegno &#8211; afferma Antonio Foccillo &#8211; va ora subito indirizzato alla rapida chiusura dei contratti delle funzioni locali e della sanit\u00e0.<\/p>\n<p style=\"text-align: justify;\">Roma, 9 febbraio 2018<\/p>\n<\/div>\n<ul>\n<li style=\"font-weight: 400; text-align: justify;\"><a href=\"http:\/\/www.uil.it\/NewsSX.asp?ID_News=9048&amp;Provenienza=1\" target=\"_blank\" rel=\"noopener\">Il comunicato UIL: Firmato il contratto della scuola Foccillo, Turi, Ostrica: Soddisfazione della Uil e delle categorie interessate<\/a><\/li>\n<li><a href=\"https:\/\/twitter.com\/uilscuolanazio1\" target=\"_blank\" rel=\"noopener\">La notizia sul profilo Twitter uilscuolanazionale<\/a><\/li>\n<\/ul>\n<p>&nbsp;<\/p>\n<p><strong>Barbagallo: &#8220;stiamo tornando alla normalit\u00e0 contrattuale&#8221;<\/strong><\/p>\n<p><img loading=\"lazy\" decoding=\"async\" class=\"aligncenter size-medium wp-image-2640\" src=\"https:\/\/www.uilscuolaemiliaromagna.it\/public\/er\/wp-content\/uploads\/2018\/02\/Barbagallo2_top-300x112.jpg\" alt=\"\" width=\"300\" height=\"112\" srcset=\"https:\/\/www.uilscuolaemiliaromagna.it\/public\/er\/wp-content\/uploads\/2018\/02\/Barbagallo2_top-300x112.jpg 300w, https:\/\/www.uilscuolaemiliaromagna.it\/public\/er\/wp-content\/uploads\/2018\/02\/Barbagallo2_top.jpg 668w\" sizes=\"(max-width: 300px) 100vw, 300px\" \/><\/p>\n<p style=\"text-align: justify;\">Il nostro Paese sta tornando alla normalit\u00e0 contrattuale. Dopo anni di blocco di salari e stipendi, finalmente si stanno firmando i rinnovi dei contratti nazionali di lavoro del Pubblico impiego. Al termine di una lunga ed estenuante trattativa, anche per i lavoratori della scuola \u00e8 arrivato il momento tanto atteso: complimenti ai nostri sindacalisti al tavolo.<\/p>\n<p style=\"text-align: justify;\">Questo esito non era scontato. La Uil, per\u00f2, ci ha creduto da sempre e sin dal novembre 2016, dalla firma dell\u00b4accordo quadro, ha perseguito l\u00b4obiettivo di ripristinare questo diritto fondamentale per tutti i lavoratori del pubblico impiego. Ora, dunque, avanti con gli alti comparti.<\/p>\n<p>Roma, 9 febbraio 2018<\/p>\n<ul>\n<li><a href=\"http:\/\/www.uil.it\/NewsSX.asp?ID_NEWS=1028&amp;Provenienza=2\" target=\"_blank\" rel=\"noopener\">La notizia sul sito UIL<\/a><\/li>\n<li><a href=\"https:\/\/twitter.com\/UILofficial?ref_src=twsrc%5Etfw&amp;ref_url=http%3A%2F%2Fwww.uil.it%2FNewsSX.asp%3FID_News%3D9048%26Provenienza%3D1\" target=\"_blank\" rel=\"noopener\">La notizia sul profilo Twitter della UIL<\/a><\/li>\n<\/ul>\n<p>&nbsp;<\/p>\n<p><strong>LE SLIDES di sintesi con i contenuti principali:<\/strong><\/p>\n<p><img loading=\"lazy\" decoding=\"async\" class=\"alignleft wp-image-2641 size-full\" src=\"https:\/\/www.uilscuolaemiliaromagna.it\/public\/er\/wp-content\/uploads\/2018\/02\/Diapositiva1.png\" alt=\"\" width=\"960\" height=\"720\" srcset=\"https:\/\/www.uilscuolaemiliaromagna.it\/public\/er\/wp-content\/uploads\/2018\/02\/Diapositiva1.png 960w, https:\/\/www.uilscuolaemiliaromagna.it\/public\/er\/wp-content\/uploads\/2018\/02\/Diapositiva1-300x225.png 300w, https:\/\/www.uilscuolaemiliaromagna.it\/public\/er\/wp-content\/uploads\/2018\/02\/Diapositiva1-768x576.png 768w\" sizes=\"(max-width: 960px) 100vw, 960px\" \/><\/p>\n<p><strong><img loading=\"lazy\" decoding=\"async\" class=\"aligncenter wp-image-2642 size-full\" src=\"https:\/\/www.uilscuolaemiliaromagna.it\/public\/er\/wp-content\/uploads\/2018\/02\/Diapositiva2.png\" alt=\"\" width=\"960\" height=\"720\" srcset=\"https:\/\/www.uilscuolaemiliaromagna.it\/public\/er\/wp-content\/uploads\/2018\/02\/Diapositiva2.png 960w, https:\/\/www.uilscuolaemiliaromagna.it\/public\/er\/wp-content\/uploads\/2018\/02\/Diapositiva2-300x225.png 300w, https:\/\/www.uilscuolaemiliaromagna.it\/public\/er\/wp-content\/uploads\/2018\/02\/Diapositiva2-768x576.png 768w\" sizes=\"(max-width: 960px) 100vw, 960px\" \/><\/strong><\/p>\n<p><img loading=\"lazy\" decoding=\"async\" class=\"aligncenter wp-image-2643 size-full\" src=\"https:\/\/www.uilscuolaemiliaromagna.it\/public\/er\/wp-content\/uploads\/2018\/02\/Diapositiva3.png\" alt=\"\" width=\"960\" height=\"720\" srcset=\"https:\/\/www.uilscuolaemiliaromagna.it\/public\/er\/wp-content\/uploads\/2018\/02\/Diapositiva3.png 960w, https:\/\/www.uilscuolaemiliaromagna.it\/public\/er\/wp-content\/uploads\/2018\/02\/Diapositiva3-300x225.png 300w, https:\/\/www.uilscuolaemiliaromagna.it\/public\/er\/wp-content\/uploads\/2018\/02\/Diapositiva3-768x576.png 768w\" sizes=\"(max-width: 960px) 100vw, 960px\" \/><\/p>\n<p><img loading=\"lazy\" decoding=\"async\" class=\"aligncenter wp-image-2644 size-full\" src=\"https:\/\/www.uilscuolaemiliaromagna.it\/public\/er\/wp-content\/uploads\/2018\/02\/Diapositiva4.png\" alt=\"\" width=\"960\" height=\"720\" srcset=\"https:\/\/www.uilscuolaemiliaromagna.it\/public\/er\/wp-content\/uploads\/2018\/02\/Diapositiva4.png 960w, https:\/\/www.uilscuolaemiliaromagna.it\/public\/er\/wp-content\/uploads\/2018\/02\/Diapositiva4-300x225.png 300w, https:\/\/www.uilscuolaemiliaromagna.it\/public\/er\/wp-content\/uploads\/2018\/02\/Diapositiva4-768x576.png 768w\" sizes=\"(max-width: 960px) 100vw, 960px\" \/><\/p>\n<p>&nbsp;<\/p>\n<p><img loading=\"lazy\" decoding=\"async\" class=\"aligncenter wp-image-2646 size-full\" src=\"https:\/\/www.uilscuolaemiliaromagna.it\/public\/er\/wp-content\/uploads\/2018\/02\/Diapositiva5-1.png\" alt=\"\" width=\"960\" height=\"720\" srcset=\"https:\/\/www.uilscuolaemiliaromagna.it\/public\/er\/wp-content\/uploads\/2018\/02\/Diapositiva5-1.png 960w, https:\/\/www.uilscuolaemiliaromagna.it\/public\/er\/wp-content\/uploads\/2018\/02\/Diapositiva5-1-300x225.png 300w, https:\/\/www.uilscuolaemiliaromagna.it\/public\/er\/wp-content\/uploads\/2018\/02\/Diapositiva5-1-768x576.png 768w\" sizes=\"(max-width: 960px) 100vw, 960px\" \/><\/p>\n<p><img loading=\"lazy\" decoding=\"async\" class=\"aligncenter wp-image-2647 size-full\" src=\"https:\/\/www.uilscuolaemiliaromagna.it\/public\/er\/wp-content\/uploads\/2018\/02\/Diapositiva6.png\" alt=\"\" width=\"960\" height=\"720\" srcset=\"https:\/\/www.uilscuolaemiliaromagna.it\/public\/er\/wp-content\/uploads\/2018\/02\/Diapositiva6.png 960w, https:\/\/www.uilscuolaemiliaromagna.it\/public\/er\/wp-content\/uploads\/2018\/02\/Diapositiva6-300x225.png 300w, https:\/\/www.uilscuolaemiliaromagna.it\/public\/er\/wp-content\/uploads\/2018\/02\/Diapositiva6-768x576.png 768w\" sizes=\"(max-width: 960px) 100vw, 960px\" \/><\/p>\n<p><img loading=\"lazy\" decoding=\"async\" class=\"aligncenter wp-image-2648 size-full\" src=\"https:\/\/www.uilscuolaemiliaromagna.it\/public\/er\/wp-content\/uploads\/2018\/02\/Diapositiva7.png\" alt=\"\" width=\"960\" height=\"720\" srcset=\"https:\/\/www.uilscuolaemiliaromagna.it\/public\/er\/wp-content\/uploads\/2018\/02\/Diapositiva7.png 960w, https:\/\/www.uilscuolaemiliaromagna.it\/public\/er\/wp-content\/uploads\/2018\/02\/Diapositiva7-300x225.png 300w, https:\/\/www.uilscuolaemiliaromagna.it\/public\/er\/wp-content\/uploads\/2018\/02\/Diapositiva7-768x576.png 768w\" sizes=\"(max-width: 960px) 100vw, 960px\" \/><\/p>\n<p><img loading=\"lazy\" decoding=\"async\" class=\"aligncenter wp-image-2649 size-full\" src=\"https:\/\/www.uilscuolaemiliaromagna.it\/public\/er\/wp-content\/uploads\/2018\/02\/Diapositiva8.png\" alt=\"\" width=\"960\" height=\"720\" srcset=\"https:\/\/www.uilscuolaemiliaromagna.it\/public\/er\/wp-content\/uploads\/2018\/02\/Diapositiva8.png 960w, https:\/\/www.uilscuolaemiliaromagna.it\/public\/er\/wp-content\/uploads\/2018\/02\/Diapositiva8-300x225.png 300w, https:\/\/www.uilscuolaemiliaromagna.it\/public\/er\/wp-content\/uploads\/2018\/02\/Diapositiva8-768x576.png 768w\" sizes=\"(max-width: 960px) 100vw, 960px\" \/><\/p>\n<ul>\n<li><a href=\"https:\/\/www.uilscuolaemiliaromagna.it\/public\/er\/wp-content\/uploads\/2018\/02\/SCHEMA_SLIDE-CONTRATTO-REV.ppt\">Le slides in formato PowerPoint<\/a><\/li>\n<\/ul>\n<p>&nbsp;<\/p>\n<p><strong>COMUNICATO UNITARIO &gt;&gt;&gt; Rinnovato il contratto, pi\u00f9 tutele al lavoro nel comparto Istruzione e ricerca:<\/strong><\/p>\n<p style=\"font-weight: 400;\">FLC CGIL. \u00a0\u00a0\u00a0\u00a0\u00a0\u00a0\u00a0\u00a0\u00a0\u00a0\u00a0CISL FSUR. \u00a0\u00a0\u00a0\u00a0\u00a0\u00a0\u00a0\u00a0\u00a0\u00a0UIL SCUOLA RUA<\/p>\n<p style=\"font-weight: 400;\">RINNOVATO IL CONTRATTO, PI\u00d9 TUTELE AL LAVORO NEL COMPARTO ISTRUZIONE E RICERCA<\/p>\n<p style=\"font-weight: 400; text-align: justify;\">Firmato all\u2019ARAN oggi, 9 febbraio , il primo contratto nazionale di lavoro del nuovo comparto Istruzione e Ricerca. Un milione e duecentomila tra docenti, personale ata, ricercatori, tecnologi, tecnici, amministrativi hanno finalmente riconquistato uno strumento forte di tutela delle proprie condizioni di lavoro, dopo anni di blocco delle retribuzioni e di riduzione degli spazi di partecipazione e di contrattazione.<\/p>\n<p style=\"font-weight: 400; text-align: justify;\">Gli aumenti salariali sono in linea con quanto stabilito dalle confederazioni con l\u2019accordo del 30 novembre 2016; per la scuola da un minimo di 80,40 a un massimo di 110,70 euro; pienamente salvaguardato per le fasce retributive pi\u00f9 basse il bonus fiscale di 80 euro. Nessun aumento di carichi e orari di lavoro, nessun arretramento per quanto riguarda le tutele e i diritti nella parte normativa, nella quale al contrario si introducono nuove opportunit\u00e0 di accedere a permessi retribuiti per motivi personali e familiari o previsti da particolari disposizioni di legge.<\/p>\n<p style=\"font-weight: 400; text-align: justify;\">Il contratto segna una svolta significativa sul terreno delle relazioni sindacali, riportando alla contrattazione materie importanti come la formazione e le risorse destinate alla valorizzazione professionale. Rafforzati tutti i livelli di contrattazione, a partire dai luoghi di lavoro, valorizzando in tal modo il ruolo delle RSU nell\u2019imminenza del loro rinnovo.<\/p>\n<p style=\"font-weight: 400; text-align: justify;\">Tra le altre novit\u00e0 di rilievo il diritto alla disconnessione, a tutela della dignit\u00e0 del lavoro, messo al riparo dall\u2019invasivit\u00e0 delle comunicazioni affidate alle nuove tecnologie.<\/p>\n<p style=\"font-weight: 400; text-align: justify;\">Per quanto riguarda il personale docente della scuola, si \u00e8 ottenuto di rinviare a una specifica sequenza contrattuale la definizione del codice disciplinare con l\u2019obiettivo di una piena garanzia di tutela della libert\u00e0 di insegnamento.<\/p>\n<p style=\"font-weight: 400; text-align: justify;\">Riportando alla contrattazione le risorse finalizzate alla valorizzazione professionale, ripristinando la titolarit\u00e0 di scuola, assumendo in modo esplicito un\u2019identit\u00e0 di scuola come comunit\u00e0 educante si rafforza un modello che ne valorizza fortemente la dimensione partecipativa e la collegialit\u00e0.<\/p>\n<p style=\"font-weight: 400; text-align: justify;\">Questo contratto, la cui vigenza triennale 2016-18 si concluder\u00e0 con l\u2019anno in corso, assume forte valenza anche nella prospettiva del successivo rinnovo di cui vengono poste le basi e dell\u2019impegno che comunque andr\u00e0 ripreso anche nei confronti del nuovo Parlamento e del nuovo Governo, per rivendicare una politica di forte investimento nei settori dell\u2019istruzione e della ricerca. Si chiude cosi una lunga fase connotata da interventi unilaterali, aprendone una nuova di riconosciuto valore al dialogo sociale.<\/p>\n<p style=\"font-weight: 400;\">Roma, 9 febbraio 2018<\/p>\n<p style=\"font-weight: 400;\">Francesco Sinopoli Flc Cgil<\/p>\n<p style=\"font-weight: 400;\">Franco Martini Cgil<\/p>\n<p style=\"font-weight: 400;\">Maddalena Gissi, Cisl FSUR<\/p>\n<p style=\"font-weight: 400;\">Ignazio Ganga Cisl<\/p>\n<p style=\"font-weight: 400;\">Giuseppe Turi, Uil Scuola RUA<\/p>\n<p style=\"font-weight: 400;\">Antonio Foccillo Uil<\/p>\n<p>&nbsp;<\/p>\n<p>&nbsp;<\/p>\n<p><strong>Rassegna stampa | Le prime agenzie di stampa:<\/strong><\/p>\n<p class=\"m_-7822448222859594190MsoPlainText\" style=\"text-align: justify;\">(ANSA) &#8211; ROMA, 9 FEB &#8211; E&#8217; stato firmato all&#8217;Aran il primo contratto nazionale di lavoro del nuovo comparto Istruzione e Ricerca che interessa 1 milione e duecentomila tra docenti, personale ata, ricercatori, tecnologi, tecnici, amministrativi.<\/p>\n<p class=\"m_-7822448222859594190MsoPlainText\" style=\"text-align: justify;\"><u><\/u>Gli aumenti salariali sono in linea con quanto stabilito dalle confederazioni con l&#8217;accordo del 30 novembre 2016; per la scuola da un minimo di 80,40 a un massimo di 110,70 euro; pienamente salvaguardato per le fasce retributive piu&#8217; basse il bonus fiscale di 80 euro.<u><\/u><u><\/u><\/p>\n<p class=\"m_-7822448222859594190MsoPlainText\" style=\"text-align: justify;\">Il contratto e&#8217; stato firmato dopo 10 anni di blocco e secondo i sindacati Cgil Cisl e Ui della scuola &#8220;segna una svolta significativa sul terreno delle relazioni sindacali, riportando alla contrattazione materie importanti come la formazione e le risorse destinate alla valorizzazione professionale. Rafforzati tutti i livelli di contrattazione, a partire dai luoghi di lavoro, valorizzando in tal modo il ruolo delle RSU nell&#8217;imminenza del loro rinnovo&#8221;. La vigenza triennale del contratto 2016-18 si concludera&#8217; con l&#8217;anno in corso.<u><\/u><u><\/u><\/p>\n<p class=\"m_-7822448222859594190MsoPlainText\" style=\"text-align: justify;\">Per quanto riguarda il personale docente della scuola, i sindacati precisano che &#8220;si e&#8217; ottenuto di rinviare a una specifica sequenza contrattuale la definizione del codice disciplinare con l&#8217;obiettivo di una piena garanzia di tutela della liberta&#8217; di insegnamento. Riportando alla contrattazione le risorse finalizzate alla valorizzazione professionale, ripristinando la titolarita&#8217; di scuola, assumendo in modo esplicito un&#8217;identita&#8217; di scuola come comunita&#8217; educante si rafforza un modello che ne valorizza fortemente la dimensione partecipativa e la collegialita&#8217;&#8221;.<u><\/u><u><\/u>(ANSA).<\/p>\n<ul>\n<li><a href=\"http:\/\/www.ansa.it\/sito\/notizie\/cronaca\/2018\/02\/09\/scuola-firmato-il-contratto-aumenti-da-80-a-110-euro_dccaf3e3-3671-43f5-b2bc-d070b7284692.html\" target=\"_blank\" rel=\"noopener\">La notizia su ANSA.it<\/a><\/li>\n<\/ul>\n<p>&nbsp;<\/p>\n<p class=\"m_3741951393305373151MsoPlainText\">SCUOLA: SINDACATI, FIRMATO NUOVO CONTRATTO NAZIONALE =<u><\/u><u><\/u><\/p>\n<p class=\"m_3741951393305373151MsoPlainText\">Per triennio 2016-2018, interessa 1,2 milioni di lavoratori<u><\/u><u><\/u><\/p>\n<p class=\"m_3741951393305373151MsoPlainText\" style=\"text-align: justify;\"><u><\/u>Roma, 9 feb. (AdnKronos) &#8211; E&#8217; stato firmato all&#8217;Aran, dopo una lunga trattativa durata tutta la notte, il primo contratto nazionale di lavoro del nuovo comparto Istruzione e Ricerca. Lo comunicano i sindacati nazionali e le sigle di settore di Cgil, Cisl e Uil in una nota congiunta. &#8220;Un milione e duecentomila tra docenti, personale ata, ricercatori, tecnologi, tecnici, amministrativi hanno finalmente riconquistato uno strumento forte di tutela delle proprie condizioni di lavoro, dopo anni di blocco delle retribuzioni e di riduzione degli spazi di partecipazione e di contrattazione&#8221;, si legge.<u><\/u><u><\/u><\/p>\n<p class=\"m_3741951393305373151MsoPlainText\" style=\"text-align: justify;\">Gli aumenti salariali sono in linea con quanto stabilito dalle confederazioni con l&#8217;accordo del 30 novembre 2016; per la scuola da un minimo di 80,40 a un massimo di 110,70 euro; pienamente salvaguardato per le fasce retributive pi\u00f9 basse il bonus fiscale di 80 euro. Nessun aumento di carichi e orari di lavoro, nessun arretramento per quanto riguarda le tutele e i diritti nella parte normativa, nella quale al contrario si introducono nuove opportunit\u00e0 di accedere a permessi retribuiti per motivi personali e familiari o previsti da particolari disposizioni di legge.<\/p>\n<p class=\"m_3741951393305373151MsoPlainText\">SCUOLA: UIL, FIRMA NON SCONTATA, SODDISFAZIONE PER TRAGUARDO RAGGIUNTO =<u><\/u><u><\/u><\/p>\n<p class=\"m_3741951393305373151MsoPlainText\" style=\"text-align: justify;\"><u><\/u>Roma, 9 feb. (AdnKronos) &#8211; Il rinnovo del contratto dei lavoratori del comparto Istruzione e Ricerca \u00e8 un &#8220;fatto non assolutamente scontato per la complessit\u00e0 determinata dall&#8217;ampiezza di un settore formato da pi\u00f9 di un milione di lavoratori e dalla strategicit\u00e0 che le sue sezioni &#8211; scuola, universit\u00e0, ricerca e alta formazione musicale artistica e coreutica &#8211; rivestono per lo sviluppo del Paese e che certamente meritano ancora impegni per la loro valorizzazione&#8221;. E&#8217;\u00a0<u><\/u><u><\/u>quanto si legge in una nota della Uil a firma di Antonio Foccillo, Pino Turi e Sonia Ostrica, nella quale i sindacalisti sottolineano con &#8220;soddisfazione l&#8217;importanza del traguardo raggiunto nonostante specificit\u00e0 e differenze di ciascuno degli ex comparti&#8221;.<u><\/u><u><\/u><\/p>\n<p class=\"m_3741951393305373151MsoPlainText\" style=\"text-align: justify;\">&#8220;Le difficolt\u00e0 sono state superate avendo a riferimento l&#8217;esigenza di mettere nelle tasche dei lavoratori la maggiore quota possibile di risorse economiche dopo dieci anni di blocco. Il contratto rispetta i principi dell&#8217;accordo del 30 novembre 2016 e ristabilisce gli equilibri tra la contrattazione e le leggi, recuperando garanzie che interventi legislativi unilaterali avevano cancellato. Ripristina &#8211; evidenziano i sindacalisti &#8211; concrete relazioni sindacali e rinvia il nodo delle sanzioni disciplinari per i docenti, esposti ai rischi di contrazione della libert\u00e0 di insegnamento, ad una successiva sequenza contrattuale&#8221;. Per Pino Turi &#8220;\u00e8 prevalsa la logica della coerenza con le garanzie e le tutele previgenti, a cui si \u00e8 aggiunta la modifica in sede pattizia di alcune delle norme pi\u00f9 ostiche della legge 107&#8221;.<u><\/u><u><\/u><\/p>\n<p class=\"m_3741951393305373151MsoPlainText\" style=\"text-align: justify;\">Mentre l&#8217;impegno della Uil, afferma Sonia Ostrica, &#8220;ha consentito di modificare parti importanti del contratto e porre le basi per la prossima triennalit\u00e0.<u><\/u><u><\/u><\/p>\n<p class=\"m_3741951393305373151MsoPlainText\" style=\"text-align: justify;\">&#8220;Il sindacato confederale &#8211; conclude Foccillo &#8211; riconferma la propria funzione strategica in rappresentanza dei diritti dei lavoratori, e per la ripresa economica, come testimoniato ieri dalla sottoscrizione dell&#8217;intesa per il contratto dei vigili del fuoco e ancor prima a dicembre per quello delle funzioni centrali. Lo stesso impegno va ora subito indirizzato alla rapida chiusura dei contratti delle funzioni locali e della sanit\u00e0&#8221;.<u><\/u><u><\/u><\/p>\n<ul>\n<li class=\"m_3741951393305373151MsoPlainText\"><u><\/u>\u00a0<a href=\"http:\/\/www.adnkronos.com\/fatti\/cronaca\/2018\/02\/09\/scuola-nuovo-contratto-arrivano-aumenti_gaegXKrkucfk3qZuuGcmzO.html\" target=\"_blank\" rel=\"noopener\">La notizia sul sito adnkronos<\/a><\/li>\n<\/ul>\n<p>&nbsp;<\/p>\n<p class=\"m_3741951393305373151MsoPlainText\">SCUOLA: RINNOVATO CONTRATTO, SINDACATI &#8220;PI\u00d9 TUTELE AL LAVORO&#8221;<u><\/u><u><\/u><\/p>\n<p class=\"m_3741951393305373151MsoPlainText\" style=\"text-align: justify;\"><u><\/u>ROMA (ITALPRESS) &#8211; Firmato all&#8217;ARAN questa mattina il primo contratto nazionale di lavoro del nuovo comparto Istruzione e Ricerca. &#8220;Un milione e duecentomila tra docenti, personale ata, ricercatori, tecnologi, tecnici, amministrativi, hanno finalmente riconquistato uno strumento forte di tutela delle proprie condizioni di lavoro, dopo anni di blocco delle retribuzioni e di riduzione degli spazi di partecipazione e di contrattazione&#8221;, affermano in una nota congiunta Franco Martini, segretario confederale Cgil, Ignazio Ganga, segretario confederale Cisl, Antonio Foccillo, segretario confederale Uil, Francesco Sinopoli, segretario generale Flc Cgil, Maddalena Gissi, segretaria generale Cisl FSUR, Giuseppe Turi, segretario generale Uil Scuola RUA.<u><\/u><u><\/u><\/p>\n<p class=\"m_3741951393305373151MsoPlainText\" style=\"text-align: justify;\">Gli aumenti salariali sono in linea con quanto stabilito dalle confederazioni con l&#8217;accordo del 30 novembre 2016, per la scuola da un minimo di 80,40 a un massimo di 110,70 euro. Pienamente salvaguardato per le fasce retributive piu&#8217; basse il bonus fiscale di 80 euro. Nessun aumento di carichi e orari di lavoro, nessun arretramento per quanto riguarda le tutele e i diritti nella parte normativa, nella quale, al contrario, si introducono nuove opportunita&#8217; di accedere a permessi retribuiti per motivi personali e familiari o previsti da particolari disposizioni di legge.<\/p>\n<p class=\"m_3741951393305373151MsoPlainText\">SCUOLA: UIL &#8220;SINDACATO CONFEDERALE RICONFERMA FUNZIONE STRATEGICA&#8221;<u><\/u><u><\/u><\/p>\n<p class=\"m_3741951393305373151MsoPlainText\"><u><\/u>ROMA (ITALPRESS) &#8211; &#8220;Concluso positivamente il confronto in Aran.<u><\/u><u><\/u><\/p>\n<p class=\"m_3741951393305373151MsoPlainText\" style=\"text-align: justify;\">E&#8217; stata siglata alle 8 di stamattina l&#8217;ipotesi di accordo per il rinnovo del contratto del comparto istruzione e ricerca. Fatto non assolutamente scontato per la complessita&#8217; determinata dall&#8217;ampiezza di un settore formato da piu&#8217; di un milione di lavoratori e dalla strategicita&#8217; che le sue sezioni &#8211; scuola, universita&#8217;, ricerca e alta formazione musicale artistica e coreutica &#8211; rivestono per lo sviluppo del Paese e che certamente meritano ancora impegni per la loro valorizzazione&#8221;. Lo affermano in una nota congiunta i sindacalisti Uil Antonio Foccillo, Pino Turi, Sonia Ostrica, che sottolineano con soddisfazione &#8220;l&#8217;importanza del traguardo raggiunto nonostante specificita&#8217; e differenze di ciascuno degli ex comparti&#8221;.<u><\/u><u><\/u><\/p>\n<p class=\"m_3741951393305373151MsoPlainText\" style=\"text-align: justify;\">&#8220;Le difficolta&#8217; sono state superate avendo a riferimento l&#8217;esigenza di mettere nelle tasche dei lavoratori la maggiore quota possibile di risorse economiche dopo dieci anni di blocco &#8211; aggiungono -. Il contratto rispetta i principi dell&#8217;accordo del 30 novembre 2016 e ristabilisce gli equilibri tra la contrattazione e le leggi, recuperando garanzie che interventi legislativi unilaterali avevano cancellato. Ripristina &#8211; evidenziano i sindacalisti &#8211; concrete relazioni sindacali e rinvia il nodo delle sanzioni disciplinari per i docenti, esposti ai rischi di contrazione della liberta&#8217; di insegnamento, ad una successiva sequenza contrattuale&#8221;.<u><\/u><u><\/u><\/p>\n<p class=\"m_3741951393305373151MsoPlainText\" style=\"text-align: justify;\">Per Pino Turi &#8220;e&#8217; prevalsa la logica della coerenza con le garanzie e le tutele previgenti, a cui si e&#8217; aggiunta la modifica in sede pattizia di alcune delle norme piu&#8217; ostiche della legge 107&#8221;.<u><\/u><u><\/u><\/p>\n<p class=\"m_3741951393305373151MsoPlainText\" style=\"text-align: justify;\">&#8220;L&#8217;impegno della UIL &#8211; afferma Sonia Ostrica &#8211; ha consentito di modificare parti importanti del contratto e porre le basi per la prossima triennalita&#8217;. Il sindacato confederale riconferma la propria funzione strategica in rappresentanza dei diritti dei lavoratori, e per la ripresa economica, come testimoniato ieri dalla sottoscrizione dell&#8217;intesa per il contratto dei vigili del fuoco e ancor prima a dicembre per quello delle funzioni centrali&#8221;.<u><\/u><u><\/u><\/p>\n<p class=\"m_3741951393305373151MsoPlainText\" style=\"text-align: justify;\">&#8220;Lo stesso impegno &#8211; afferma Antonio Foccillo &#8211; va ora subito indirizzato alla rapida chiusura dei contratti delle funzioni locali e della sanita&#8217;&#8221;.<u><\/u><u><\/u><\/p>\n<ul>\n<li><a href=\"https:\/\/www.italpress.com\/scuola\/scuola-firmato-il-rinnovo-del-contratto\" target=\"_blank\" rel=\"noopener\">La notizia su Italpress<\/a><\/li>\n<\/ul>\n<p>&nbsp;<\/p>\n<p class=\"m_3741951393305373151MsoPlainText\" style=\"text-align: justify;\">Scuola: sindacati soddisfatti, rinnovo contratto segna una svolta\u00a0 =<u><\/u><u><\/u><\/p>\n<p class=\"m_3741951393305373151MsoPlainText\" style=\"text-align: justify;\"><u><\/u>(AGI) &#8211; Roma, 9 feb. &#8211; &#8220;Un milione e duecentomila tra docenti, personale ata, ricercatori, tecnologi, tecnici, amministrativi, hanno finalmente riconquistato uno strumento forte di tutela delle proprie condizioni di lavoro, dopo anni di blocco delle retribuzioni e di riduzione degli spazi di partecipazione e di contrattazione&#8221;. E&#8217;<u><\/u><u><\/u><\/p>\n<p class=\"m_3741951393305373151MsoPlainText\" style=\"text-align: justify;\">quanto scrivono i sindacati in una nota congiunta a firma Franco Martini segretario confederale Cgil, Ignazio Ganga segretario confederale Cisl, Antonio Foccillo segretario confederale Uil, Francesco Sinopoli segretario generale Flc Cgil, Maddalena Gissi segretaria generale Cisl Fsur e Giuseppe Turi segretario generale Uil Scuola Rua. il contratto &#8220;segna una svolta significativa sul terreno delle relazioni sindacali, riportando alla contrattazione materie importanti come la formazione e le risorse destinate alla valorizzazione professionale. &#8220;Gli aumenti salariali sono in linea con quanto stabilito dalle Confederazioni con l&#8217;accordo del 30 novembre 2016, per la scuola da un minimo di 80,40 a un massimo di 110,70 euro &#8211; scrivono i sindacalisti &#8211; Pienamente salvaguardato per le fasce retributive piu&#8217;<u><\/u><u><\/u><\/p>\n<p class=\"m_3741951393305373151MsoPlainText\" style=\"text-align: justify;\">basse il bonus fiscale di 80 euro. Nessun aumento di carichi e orari di lavoro, nessun arretramento per quanto riguarda le tutele e i diritti nella parte normativa, nella quale, al contrario, si introducono nuove opportunita&#8217; di accedere a permessi retribuiti per motivi personali e familiari o previsti da particolari disposizioni di legge&#8221;.<\/p>\n<ul>\n<li><a href=\"https:\/\/www.agi.it\/cronaca\/scuola_nuovo_contratto_cosa_prevede-3467986\/news\/2018-02-09\/\" target=\"_blank\" rel=\"noopener\">La notizia sul sito AGI<\/a><\/li>\n<\/ul>\n<p>&nbsp;<\/p>\n<p>&nbsp;<\/p>\n\n<div class=\"twitter-share\"><a href=\"https:\/\/twitter.com\/intent\/tweet?via=UILScuolaBO_ER\" class=\"twitter-share-button\" data-size=\"large\">Tweet<\/a><\/div>\n","protected":false},"excerpt":{"rendered":"<p>Turi: soddisfatti per essere riusciti ad utilizzare veramente tutte le risorse disponibili in un negoziato che non \u00e8 stato facile. Segna una svolta significativa sul &hellip; <\/p>\n","protected":false},"author":1,"featured_media":0,"comment_status":"closed","ping_status":"open","sticky":false,"template":"","format":"standard","meta":{"footnotes":""},"categories":[2,3,4,5,12,6,7,8,9,10,1,13],"tags":[],"yoast_head":"<!-- This site is optimized with the Yoast SEO plugin v21.7 - https:\/\/yoast.com\/wordpress\/plugins\/seo\/ -->\r\n<title>CONTRATTO: Soddisfazione per traguardo raggiunto. Trattativa complessa. Contrattazione fondamentale - Uil Scuola Emilia Romagna<\/title>\r\n<meta name=\"robots\" content=\"index, follow, max-snippet:-1, max-image-preview:large, max-video-preview:-1\" \/>\r\n<link rel=\"canonical\" href=\"https:\/\/www.uilscuolaemiliaromagna.it\/public\/er\/2018\/02\/09\/contratto-soddisfazione-per-traguardo-raggiunto-trattativa-complessa-contrattazione-fondamentale\/\" \/>\r\n<meta property=\"og:locale\" content=\"it_IT\" \/>\r\n<meta property=\"og:type\" content=\"article\" \/>\r\n<meta property=\"og:title\" content=\"CONTRATTO: Soddisfazione per traguardo raggiunto. Trattativa complessa. Contrattazione fondamentale - Uil Scuola Emilia Romagna\" \/>\r\n<meta property=\"og:description\" content=\"Turi: soddisfatti per essere riusciti ad utilizzare veramente tutte le risorse disponibili in un negoziato che non \u00e8 stato facile. Segna una svolta significativa sul &hellip;\" \/>\r\n<meta property=\"og:url\" content=\"https:\/\/www.uilscuolaemiliaromagna.it\/public\/er\/2018\/02\/09\/contratto-soddisfazione-per-traguardo-raggiunto-trattativa-complessa-contrattazione-fondamentale\/\" \/>\r\n<meta property=\"og:site_name\" content=\"Uil Scuola Emilia Romagna\" \/>\r\n<meta property=\"article:published_time\" content=\"2018-02-09T12:44:32+00:00\" \/>\r\n<meta property=\"article:modified_time\" content=\"2018-02-14T17:05:14+00:00\" \/>\r\n<meta property=\"og:image\" content=\"http:\/\/www.uilscuolaemiliaromagna.it\/public\/er\/wp-content\/uploads\/2018\/02\/IMG-20180209-WA0004-300x169.jpg\" \/>\r\n<meta name=\"author\" content=\"admin\" \/>\r\n<meta name=\"twitter:card\" content=\"summary_large_image\" \/>\r\n<meta name=\"twitter:label1\" content=\"Scritto da\" \/>\n\t<meta name=\"twitter:data1\" content=\"admin\" \/>\n\t<meta name=\"twitter:label2\" content=\"Tempo di lettura stimato\" \/>\n\t<meta name=\"twitter:data2\" content=\"13 minuti\" \/>\r\n<script type=\"application\/ld+json\" class=\"yoast-schema-graph\">{\"@context\":\"https:\/\/schema.org\",\"@graph\":[{\"@type\":\"Article\",\"@id\":\"https:\/\/www.uilscuolaemiliaromagna.it\/public\/er\/2018\/02\/09\/contratto-soddisfazione-per-traguardo-raggiunto-trattativa-complessa-contrattazione-fondamentale\/#article\",\"isPartOf\":{\"@id\":\"https:\/\/www.uilscuolaemiliaromagna.it\/public\/er\/2018\/02\/09\/contratto-soddisfazione-per-traguardo-raggiunto-trattativa-complessa-contrattazione-fondamentale\/\"},\"author\":{\"name\":\"admin\",\"@id\":\"https:\/\/www.uilscuolaemiliaromagna.it\/public\/er\/#\/schema\/person\/f42878fd07a4b6ba2b7153d4fad5de5e\"},\"headline\":\"CONTRATTO: Soddisfazione per traguardo raggiunto. Trattativa complessa. Contrattazione fondamentale\",\"datePublished\":\"2018-02-09T12:44:32+00:00\",\"dateModified\":\"2018-02-14T17:05:14+00:00\",\"mainEntityOfPage\":{\"@id\":\"https:\/\/www.uilscuolaemiliaromagna.it\/public\/er\/2018\/02\/09\/contratto-soddisfazione-per-traguardo-raggiunto-trattativa-complessa-contrattazione-fondamentale\/\"},\"wordCount\":2576,\"publisher\":{\"@id\":\"https:\/\/www.uilscuolaemiliaromagna.it\/public\/er\/#organization\"},\"articleSection\":{\"0\":\"ATA\",\"1\":\"Dirigenti\",\"2\":\"Infanzia\",\"3\":\"Mobilit\u00e0\",\"4\":\"Notizie\",\"5\":\"Personale Docente\",\"6\":\"Personale Educativo\",\"7\":\"Primaria\",\"8\":\"Sec. Primo Grado\",\"9\":\"Sec. Secondo Grado\",\"11\":\"Strumento Musicale\"},\"inLanguage\":\"it-IT\"},{\"@type\":\"WebPage\",\"@id\":\"https:\/\/www.uilscuolaemiliaromagna.it\/public\/er\/2018\/02\/09\/contratto-soddisfazione-per-traguardo-raggiunto-trattativa-complessa-contrattazione-fondamentale\/\",\"url\":\"https:\/\/www.uilscuolaemiliaromagna.it\/public\/er\/2018\/02\/09\/contratto-soddisfazione-per-traguardo-raggiunto-trattativa-complessa-contrattazione-fondamentale\/\",\"name\":\"CONTRATTO: Soddisfazione per traguardo raggiunto. Trattativa complessa. Contrattazione fondamentale - Uil Scuola Emilia Romagna\",\"isPartOf\":{\"@id\":\"https:\/\/www.uilscuolaemiliaromagna.it\/public\/er\/#website\"},\"datePublished\":\"2018-02-09T12:44:32+00:00\",\"dateModified\":\"2018-02-14T17:05:14+00:00\",\"breadcrumb\":{\"@id\":\"https:\/\/www.uilscuolaemiliaromagna.it\/public\/er\/2018\/02\/09\/contratto-soddisfazione-per-traguardo-raggiunto-trattativa-complessa-contrattazione-fondamentale\/#breadcrumb\"},\"inLanguage\":\"it-IT\",\"potentialAction\":[{\"@type\":\"ReadAction\",\"target\":[\"https:\/\/www.uilscuolaemiliaromagna.it\/public\/er\/2018\/02\/09\/contratto-soddisfazione-per-traguardo-raggiunto-trattativa-complessa-contrattazione-fondamentale\/\"]}]},{\"@type\":\"BreadcrumbList\",\"@id\":\"https:\/\/www.uilscuolaemiliaromagna.it\/public\/er\/2018\/02\/09\/contratto-soddisfazione-per-traguardo-raggiunto-trattativa-complessa-contrattazione-fondamentale\/#breadcrumb\",\"itemListElement\":[{\"@type\":\"ListItem\",\"position\":1,\"name\":\"Home\",\"item\":\"https:\/\/www.uilscuolaemiliaromagna.it\/public\/er\/\"},{\"@type\":\"ListItem\",\"position\":2,\"name\":\"CONTRATTO: Soddisfazione per traguardo raggiunto. Trattativa complessa. Contrattazione fondamentale\"}]},{\"@type\":\"WebSite\",\"@id\":\"https:\/\/www.uilscuolaemiliaromagna.it\/public\/er\/#website\",\"url\":\"https:\/\/www.uilscuolaemiliaromagna.it\/public\/er\/\",\"name\":\"Uil Scuola Emilia Romagna\",\"description\":\"La voce libera della scuola\",\"publisher\":{\"@id\":\"https:\/\/www.uilscuolaemiliaromagna.it\/public\/er\/#organization\"},\"potentialAction\":[{\"@type\":\"SearchAction\",\"target\":{\"@type\":\"EntryPoint\",\"urlTemplate\":\"https:\/\/www.uilscuolaemiliaromagna.it\/public\/er\/?s={search_term_string}\"},\"query-input\":\"required name=search_term_string\"}],\"inLanguage\":\"it-IT\"},{\"@type\":\"Organization\",\"@id\":\"https:\/\/www.uilscuolaemiliaromagna.it\/public\/er\/#organization\",\"name\":\"Uil Scuola Emilia Romagna\",\"url\":\"https:\/\/www.uilscuolaemiliaromagna.it\/public\/er\/\",\"logo\":{\"@type\":\"ImageObject\",\"inLanguage\":\"it-IT\",\"@id\":\"https:\/\/www.uilscuolaemiliaromagna.it\/public\/er\/#\/schema\/logo\/image\/\",\"url\":\"https:\/\/www.uilscuolaemiliaromagna.it\/public\/er\/wp-content\/uploads\/2017\/04\/cropped-header.png\",\"contentUrl\":\"https:\/\/www.uilscuolaemiliaromagna.it\/public\/er\/wp-content\/uploads\/2017\/04\/cropped-header.png\",\"width\":1000,\"height\":150,\"caption\":\"Uil Scuola Emilia Romagna\"},\"image\":{\"@id\":\"https:\/\/www.uilscuolaemiliaromagna.it\/public\/er\/#\/schema\/logo\/image\/\"}},{\"@type\":\"Person\",\"@id\":\"https:\/\/www.uilscuolaemiliaromagna.it\/public\/er\/#\/schema\/person\/f42878fd07a4b6ba2b7153d4fad5de5e\",\"name\":\"admin\",\"image\":{\"@type\":\"ImageObject\",\"inLanguage\":\"it-IT\",\"@id\":\"https:\/\/www.uilscuolaemiliaromagna.it\/public\/er\/#\/schema\/person\/image\/\",\"url\":\"https:\/\/secure.gravatar.com\/avatar\/aebf815ae2f30ffdae8b8c247273d34c?s=96&d=mm&r=g\",\"contentUrl\":\"https:\/\/secure.gravatar.com\/avatar\/aebf815ae2f30ffdae8b8c247273d34c?s=96&d=mm&r=g\",\"caption\":\"admin\"},\"url\":\"https:\/\/www.uilscuolaemiliaromagna.it\/public\/er\/author\/admin\/\"}]}<\/script>\r\n<!-- \/ Yoast SEO plugin. -->","yoast_head_json":{"title":"CONTRATTO: Soddisfazione per traguardo raggiunto. Trattativa complessa. Contrattazione fondamentale - Uil Scuola Emilia Romagna","robots":{"index":"index","follow":"follow","max-snippet":"max-snippet:-1","max-image-preview":"max-image-preview:large","max-video-preview":"max-video-preview:-1"},"canonical":"https:\/\/www.uilscuolaemiliaromagna.it\/public\/er\/2018\/02\/09\/contratto-soddisfazione-per-traguardo-raggiunto-trattativa-complessa-contrattazione-fondamentale\/","og_locale":"it_IT","og_type":"article","og_title":"CONTRATTO: Soddisfazione per traguardo raggiunto. Trattativa complessa. Contrattazione fondamentale - Uil Scuola Emilia Romagna","og_description":"Turi: soddisfatti per essere riusciti ad utilizzare veramente tutte le risorse disponibili in un negoziato che non \u00e8 stato facile. Segna una svolta significativa sul &hellip;","og_url":"https:\/\/www.uilscuolaemiliaromagna.it\/public\/er\/2018\/02\/09\/contratto-soddisfazione-per-traguardo-raggiunto-trattativa-complessa-contrattazione-fondamentale\/","og_site_name":"Uil Scuola Emilia Romagna","article_published_time":"2018-02-09T12:44:32+00:00","article_modified_time":"2018-02-14T17:05:14+00:00","og_image":[{"url":"http:\/\/www.uilscuolaemiliaromagna.it\/public\/er\/wp-content\/uploads\/2018\/02\/IMG-20180209-WA0004-300x169.jpg"}],"author":"admin","twitter_card":"summary_large_image","twitter_misc":{"Scritto da":"admin","Tempo di lettura stimato":"13 minuti"},"schema":{"@context":"https:\/\/schema.org","@graph":[{"@type":"Article","@id":"https:\/\/www.uilscuolaemiliaromagna.it\/public\/er\/2018\/02\/09\/contratto-soddisfazione-per-traguardo-raggiunto-trattativa-complessa-contrattazione-fondamentale\/#article","isPartOf":{"@id":"https:\/\/www.uilscuolaemiliaromagna.it\/public\/er\/2018\/02\/09\/contratto-soddisfazione-per-traguardo-raggiunto-trattativa-complessa-contrattazione-fondamentale\/"},"author":{"name":"admin","@id":"https:\/\/www.uilscuolaemiliaromagna.it\/public\/er\/#\/schema\/person\/f42878fd07a4b6ba2b7153d4fad5de5e"},"headline":"CONTRATTO: Soddisfazione per traguardo raggiunto. Trattativa complessa. Contrattazione fondamentale","datePublished":"2018-02-09T12:44:32+00:00","dateModified":"2018-02-14T17:05:14+00:00","mainEntityOfPage":{"@id":"https:\/\/www.uilscuolaemiliaromagna.it\/public\/er\/2018\/02\/09\/contratto-soddisfazione-per-traguardo-raggiunto-trattativa-complessa-contrattazione-fondamentale\/"},"wordCount":2576,"publisher":{"@id":"https:\/\/www.uilscuolaemiliaromagna.it\/public\/er\/#organization"},"articleSection":{"0":"ATA","1":"Dirigenti","2":"Infanzia","3":"Mobilit\u00e0","4":"Notizie","5":"Personale Docente","6":"Personale Educativo","7":"Primaria","8":"Sec. Primo Grado","9":"Sec. Secondo Grado","11":"Strumento Musicale"},"inLanguage":"it-IT"},{"@type":"WebPage","@id":"https:\/\/www.uilscuolaemiliaromagna.it\/public\/er\/2018\/02\/09\/contratto-soddisfazione-per-traguardo-raggiunto-trattativa-complessa-contrattazione-fondamentale\/","url":"https:\/\/www.uilscuolaemiliaromagna.it\/public\/er\/2018\/02\/09\/contratto-soddisfazione-per-traguardo-raggiunto-trattativa-complessa-contrattazione-fondamentale\/","name":"CONTRATTO: Soddisfazione per traguardo raggiunto. Trattativa complessa. Contrattazione fondamentale - Uil Scuola Emilia Romagna","isPartOf":{"@id":"https:\/\/www.uilscuolaemiliaromagna.it\/public\/er\/#website"},"datePublished":"2018-02-09T12:44:32+00:00","dateModified":"2018-02-14T17:05:14+00:00","breadcrumb":{"@id":"https:\/\/www.uilscuolaemiliaromagna.it\/public\/er\/2018\/02\/09\/contratto-soddisfazione-per-traguardo-raggiunto-trattativa-complessa-contrattazione-fondamentale\/#breadcrumb"},"inLanguage":"it-IT","potentialAction":[{"@type":"ReadAction","target":["https:\/\/www.uilscuolaemiliaromagna.it\/public\/er\/2018\/02\/09\/contratto-soddisfazione-per-traguardo-raggiunto-trattativa-complessa-contrattazione-fondamentale\/"]}]},{"@type":"BreadcrumbList","@id":"https:\/\/www.uilscuolaemiliaromagna.it\/public\/er\/2018\/02\/09\/contratto-soddisfazione-per-traguardo-raggiunto-trattativa-complessa-contrattazione-fondamentale\/#breadcrumb","itemListElement":[{"@type":"ListItem","position":1,"name":"Home","item":"https:\/\/www.uilscuolaemiliaromagna.it\/public\/er\/"},{"@type":"ListItem","position":2,"name":"CONTRATTO: Soddisfazione per traguardo raggiunto. Trattativa complessa. Contrattazione fondamentale"}]},{"@type":"WebSite","@id":"https:\/\/www.uilscuolaemiliaromagna.it\/public\/er\/#website","url":"https:\/\/www.uilscuolaemiliaromagna.it\/public\/er\/","name":"Uil Scuola Emilia Romagna","description":"La voce libera della scuola","publisher":{"@id":"https:\/\/www.uilscuolaemiliaromagna.it\/public\/er\/#organization"},"potentialAction":[{"@type":"SearchAction","target":{"@type":"EntryPoint","urlTemplate":"https:\/\/www.uilscuolaemiliaromagna.it\/public\/er\/?s={search_term_string}"},"query-input":"required name=search_term_string"}],"inLanguage":"it-IT"},{"@type":"Organization","@id":"https:\/\/www.uilscuolaemiliaromagna.it\/public\/er\/#organization","name":"Uil Scuola Emilia Romagna","url":"https:\/\/www.uilscuolaemiliaromagna.it\/public\/er\/","logo":{"@type":"ImageObject","inLanguage":"it-IT","@id":"https:\/\/www.uilscuolaemiliaromagna.it\/public\/er\/#\/schema\/logo\/image\/","url":"https:\/\/www.uilscuolaemiliaromagna.it\/public\/er\/wp-content\/uploads\/2017\/04\/cropped-header.png","contentUrl":"https:\/\/www.uilscuolaemiliaromagna.it\/public\/er\/wp-content\/uploads\/2017\/04\/cropped-header.png","width":1000,"height":150,"caption":"Uil Scuola Emilia Romagna"},"image":{"@id":"https:\/\/www.uilscuolaemiliaromagna.it\/public\/er\/#\/schema\/logo\/image\/"}},{"@type":"Person","@id":"https:\/\/www.uilscuolaemiliaromagna.it\/public\/er\/#\/schema\/person\/f42878fd07a4b6ba2b7153d4fad5de5e","name":"admin","image":{"@type":"ImageObject","inLanguage":"it-IT","@id":"https:\/\/www.uilscuolaemiliaromagna.it\/public\/er\/#\/schema\/person\/image\/","url":"https:\/\/secure.gravatar.com\/avatar\/aebf815ae2f30ffdae8b8c247273d34c?s=96&d=mm&r=g","contentUrl":"https:\/\/secure.gravatar.com\/avatar\/aebf815ae2f30ffdae8b8c247273d34c?s=96&d=mm&r=g","caption":"admin"},"url":"https:\/\/www.uilscuolaemiliaromagna.it\/public\/er\/author\/admin\/"}]}},"views":2087,"_links":{"self":[{"href":"https:\/\/www.uilscuolaemiliaromagna.it\/public\/er\/wp-json\/wp\/v2\/posts\/2639"}],"collection":[{"href":"https:\/\/www.uilscuolaemiliaromagna.it\/public\/er\/wp-json\/wp\/v2\/posts"}],"about":[{"href":"https:\/\/www.uilscuolaemiliaromagna.it\/public\/er\/wp-json\/wp\/v2\/types\/post"}],"author":[{"embeddable":true,"href":"https:\/\/www.uilscuolaemiliaromagna.it\/public\/er\/wp-json\/wp\/v2\/users\/1"}],"replies":[{"embeddable":true,"href":"https:\/\/www.uilscuolaemiliaromagna.it\/public\/er\/wp-json\/wp\/v2\/comments?post=2639"}],"version-history":[{"count":8,"href":"https:\/\/www.uilscuolaemiliaromagna.it\/public\/er\/wp-json\/wp\/v2\/posts\/2639\/revisions"}],"predecessor-version":[{"id":2668,"href":"https:\/\/www.uilscuolaemiliaromagna.it\/public\/er\/wp-json\/wp\/v2\/posts\/2639\/revisions\/2668"}],"wp:attachment":[{"href":"https:\/\/www.uilscuolaemiliaromagna.it\/public\/er\/wp-json\/wp\/v2\/media?parent=2639"}],"wp:term":[{"taxonomy":"category","embeddable":true,"href":"https:\/\/www.uilscuolaemiliaromagna.it\/public\/er\/wp-json\/wp\/v2\/categories?post=2639"},{"taxonomy":"post_tag","embeddable":true,"href":"https:\/\/www.uilscuolaemiliaromagna.it\/public\/er\/wp-json\/wp\/v2\/tags?post=2639"}],"curies":[{"name":"wp","href":"https:\/\/api.w.org\/{rel}","templated":true}]}}