{"id":2959,"date":"2018-06-11T22:48:59","date_gmt":"2018-06-11T20:48:59","guid":{"rendered":"http:\/\/www.uilscuolaemiliaromagna.it\/public\/er\/?p=2959"},"modified":"2018-06-11T22:54:33","modified_gmt":"2018-06-11T20:54:33","slug":"lettera-unitaria-al-ministro-bussetti","status":"publish","type":"post","link":"https:\/\/www.uilscuolaemiliaromagna.it\/public\/er\/2018\/06\/11\/lettera-unitaria-al-ministro-bussetti\/","title":{"rendered":"Lettera unitaria al ministro Bussetti"},"content":{"rendered":"<p><em>Egr. Ministro,<\/em><\/p>\n<p style=\"text-align: justify;\">nel messaggio di saluto e ringraziamento da Lei inviato nei giorni scorsi, primo atto formale dopo il Suo insediamento alla guida del MIUR, oltre a richiamare la Sua personale e lunga esperienza nel mondo dell\u2019istruzione ha manifestato la volont\u00e0 di lavorare prestando ascolto con cura e attenzione a tutte le componenti della scuola. Un atteggiamento che consideriamo giusto e molto apprezzabile, essendo la scuola un grande e prezioso bene comune al quale sono affidati compiti fondamentali per la formazione delle persone, per la promozione di una cittadinanza attiva e responsabile, per rafforzare la coesione sociale e sostenere prospettive di sviluppo, di crescita e di competitivit\u00e0 del Paese.<\/p>\n<p style=\"text-align: justify;\">Un bene comune da salvaguardare e valorizzare col massimo impegno, attraverso una forte assunzione di responsabilit\u00e0 da parte di tutti i soggetti a vario titolo operanti in ambito politico, sociale, istituzionale.<\/p>\n<p style=\"text-align: justify;\">Col recente rinnovo del Contratto Nazionale di Lavoro \u00e8 stato fatto un primo passo, da tempo atteso, in direzione di un pi\u00f9 giusto e adeguato riconoscimento delle professionalit\u00e0 operanti nella scuola, condizione indispensabile per garantire al Paese una scuola pubblica efficace e di qualit\u00e0, sapendo quanto il lavoro che vi si svolge rappresenti a tal fine un fattore di primaria e decisiva importanza.<\/p>\n<p style=\"text-align: justify;\">Da qui l\u2019esigenza che si avvii quanto prima un confronto che traguardi il rinnovo contrattuale del successivo triennio, essendo gi\u00e0 in scadenza il contratto appena rinnovato e dovendosi pertanto gi\u00e0 fin d\u2019ora porre le basi, anche sotto il profilo economico, per un proficuo svolgimento di un nuovo negoziato. Nel frattempo ci auguriamo che possa rapidamente e positivamente concludersi il contratto per l\u2019area della Dirigenza Scolastica.<\/p>\n<p style=\"text-align: justify;\">Vi sono, come Lei sa, anche altre urgenze che premono, con riflessi che potrebbero essere di non poco conto per il regolare avvio del prossimo anno scolastico. Tra queste la gestione degli esiti del contenzioso dei docenti diplomati, attraverso un provvedimento di cui si sottolinea l\u2019urgenza, insieme alla necessit\u00e0 di una soluzione che tenga conto in modo equo di tutti i legittimi interessi in campo, e la conclusione in tempi brevi del negoziato in corso sulle operazioni di mobilit\u00e0 annuale.<\/p>\n<p style=\"text-align: justify;\">Su tutte le problematiche alle quali abbiamo solo fatto cenno, ma di cui certamente conosce la rilevanza e l\u2019urgenza, sarebbe quanto mai opportuno un momento di pi\u00f9 approfondito confronto: Le chiediamo pertanto, nel segno di quella disponibilit\u00e0 al dialogo e all\u2019ascolto cui da parte nostra assicuriamo la massima disponibilit\u00e0, di volerci quanto prima convocare per un incontro nel quale le questioni possano essere pi\u00f9 puntualmente analizzate e discusse, favorendo l\u2019individuazione di positive soluzioni nel comune interesse costituito dal buon andamento della nostra scuola.<\/p>\n<p style=\"text-align: justify;\">Confidando in un positivo riscontro, rinnoviamo gli auguri di buon lavoro e salutiamo cordialmente.<\/p>\n<p>&nbsp;<\/p>\n<p>&nbsp;<\/p>\n<table width=\"575\">\n<tbody>\n<tr>\n<td width=\"33%\">Flc\u00a0 CGILFrancesco Sinopoli<\/td>\n<td width=\"33%\">CISL\u00a0 ScuolaMaddalena Gissi<\/td>\n<td width=\"33%\">UIL\u00a0 ScuolaGiuseppe Turi<\/td>\n<\/tr>\n<\/tbody>\n<\/table>\n<p>&nbsp;<\/p>\n<ul>\n<li><a href=\"https:\/\/www.uilscuolaemiliaromagna.it\/public\/er\/wp-content\/uploads\/2018\/06\/lettera-unitaria-a-Bussetti.pdf\" target=\"_blank\" rel=\"noopener\">la lettera in formato pdf<\/a><\/li>\n<\/ul>\n\n<div class=\"twitter-share\"><a href=\"https:\/\/twitter.com\/intent\/tweet?via=UILScuolaBO_ER\" class=\"twitter-share-button\" data-size=\"large\">Tweet<\/a><\/div>\n","protected":false},"excerpt":{"rendered":"<p>Egr. Ministro, nel messaggio di saluto e ringraziamento da Lei inviato nei giorni scorsi, primo atto formale dopo il Suo insediamento alla guida del MIUR, &hellip; <\/p>\n","protected":false},"author":1,"featured_media":0,"comment_status":"closed","ping_status":"open","sticky":false,"template":"","format":"standard","meta":{"footnotes":""},"categories":[2,3,4,12,6,7,8,9,10,1,13],"tags":[],"yoast_head":"<!-- This site is optimized with the Yoast SEO plugin v21.7 - https:\/\/yoast.com\/wordpress\/plugins\/seo\/ -->\r\n<title>Lettera unitaria al ministro Bussetti - Uil Scuola Emilia Romagna<\/title>\r\n<meta name=\"robots\" content=\"index, follow, max-snippet:-1, max-image-preview:large, max-video-preview:-1\" \/>\r\n<link rel=\"canonical\" href=\"https:\/\/www.uilscuolaemiliaromagna.it\/public\/er\/2018\/06\/11\/lettera-unitaria-al-ministro-bussetti\/\" \/>\r\n<meta property=\"og:locale\" content=\"it_IT\" \/>\r\n<meta property=\"og:type\" content=\"article\" \/>\r\n<meta property=\"og:title\" content=\"Lettera unitaria al ministro Bussetti - Uil Scuola Emilia Romagna\" \/>\r\n<meta property=\"og:description\" content=\"Egr. Ministro, nel messaggio di saluto e ringraziamento da Lei inviato nei giorni scorsi, primo atto formale dopo il Suo insediamento alla guida del MIUR, &hellip;\" \/>\r\n<meta property=\"og:url\" content=\"https:\/\/www.uilscuolaemiliaromagna.it\/public\/er\/2018\/06\/11\/lettera-unitaria-al-ministro-bussetti\/\" \/>\r\n<meta property=\"og:site_name\" content=\"Uil Scuola Emilia Romagna\" \/>\r\n<meta property=\"article:published_time\" content=\"2018-06-11T20:48:59+00:00\" \/>\r\n<meta property=\"article:modified_time\" content=\"2018-06-11T20:54:33+00:00\" \/>\r\n<meta name=\"author\" content=\"admin\" \/>\r\n<meta name=\"twitter:card\" content=\"summary_large_image\" \/>\r\n<meta name=\"twitter:label1\" content=\"Scritto da\" \/>\n\t<meta name=\"twitter:data1\" content=\"admin\" \/>\n\t<meta name=\"twitter:label2\" content=\"Tempo di lettura stimato\" \/>\n\t<meta name=\"twitter:data2\" content=\"2 minuti\" \/>\r\n<script type=\"application\/ld+json\" class=\"yoast-schema-graph\">{\"@context\":\"https:\/\/schema.org\",\"@graph\":[{\"@type\":\"Article\",\"@id\":\"https:\/\/www.uilscuolaemiliaromagna.it\/public\/er\/2018\/06\/11\/lettera-unitaria-al-ministro-bussetti\/#article\",\"isPartOf\":{\"@id\":\"https:\/\/www.uilscuolaemiliaromagna.it\/public\/er\/2018\/06\/11\/lettera-unitaria-al-ministro-bussetti\/\"},\"author\":{\"name\":\"admin\",\"@id\":\"https:\/\/www.uilscuolaemiliaromagna.it\/public\/er\/#\/schema\/person\/f42878fd07a4b6ba2b7153d4fad5de5e\"},\"headline\":\"Lettera unitaria al ministro Bussetti\",\"datePublished\":\"2018-06-11T20:48:59+00:00\",\"dateModified\":\"2018-06-11T20:54:33+00:00\",\"mainEntityOfPage\":{\"@id\":\"https:\/\/www.uilscuolaemiliaromagna.it\/public\/er\/2018\/06\/11\/lettera-unitaria-al-ministro-bussetti\/\"},\"wordCount\":474,\"publisher\":{\"@id\":\"https:\/\/www.uilscuolaemiliaromagna.it\/public\/er\/#organization\"},\"articleSection\":{\"0\":\"ATA\",\"1\":\"Dirigenti\",\"2\":\"Infanzia\",\"3\":\"Notizie\",\"4\":\"Personale Docente\",\"5\":\"Personale Educativo\",\"6\":\"Primaria\",\"7\":\"Sec. Primo Grado\",\"8\":\"Sec. Secondo Grado\",\"10\":\"Strumento Musicale\"},\"inLanguage\":\"it-IT\"},{\"@type\":\"WebPage\",\"@id\":\"https:\/\/www.uilscuolaemiliaromagna.it\/public\/er\/2018\/06\/11\/lettera-unitaria-al-ministro-bussetti\/\",\"url\":\"https:\/\/www.uilscuolaemiliaromagna.it\/public\/er\/2018\/06\/11\/lettera-unitaria-al-ministro-bussetti\/\",\"name\":\"Lettera unitaria al ministro Bussetti - Uil Scuola Emilia Romagna\",\"isPartOf\":{\"@id\":\"https:\/\/www.uilscuolaemiliaromagna.it\/public\/er\/#website\"},\"datePublished\":\"2018-06-11T20:48:59+00:00\",\"dateModified\":\"2018-06-11T20:54:33+00:00\",\"breadcrumb\":{\"@id\":\"https:\/\/www.uilscuolaemiliaromagna.it\/public\/er\/2018\/06\/11\/lettera-unitaria-al-ministro-bussetti\/#breadcrumb\"},\"inLanguage\":\"it-IT\",\"potentialAction\":[{\"@type\":\"ReadAction\",\"target\":[\"https:\/\/www.uilscuolaemiliaromagna.it\/public\/er\/2018\/06\/11\/lettera-unitaria-al-ministro-bussetti\/\"]}]},{\"@type\":\"BreadcrumbList\",\"@id\":\"https:\/\/www.uilscuolaemiliaromagna.it\/public\/er\/2018\/06\/11\/lettera-unitaria-al-ministro-bussetti\/#breadcrumb\",\"itemListElement\":[{\"@type\":\"ListItem\",\"position\":1,\"name\":\"Home\",\"item\":\"https:\/\/www.uilscuolaemiliaromagna.it\/public\/er\/\"},{\"@type\":\"ListItem\",\"position\":2,\"name\":\"Lettera unitaria al ministro Bussetti\"}]},{\"@type\":\"WebSite\",\"@id\":\"https:\/\/www.uilscuolaemiliaromagna.it\/public\/er\/#website\",\"url\":\"https:\/\/www.uilscuolaemiliaromagna.it\/public\/er\/\",\"name\":\"Uil Scuola Emilia Romagna\",\"description\":\"La voce libera della scuola\",\"publisher\":{\"@id\":\"https:\/\/www.uilscuolaemiliaromagna.it\/public\/er\/#organization\"},\"potentialAction\":[{\"@type\":\"SearchAction\",\"target\":{\"@type\":\"EntryPoint\",\"urlTemplate\":\"https:\/\/www.uilscuolaemiliaromagna.it\/public\/er\/?s={search_term_string}\"},\"query-input\":\"required name=search_term_string\"}],\"inLanguage\":\"it-IT\"},{\"@type\":\"Organization\",\"@id\":\"https:\/\/www.uilscuolaemiliaromagna.it\/public\/er\/#organization\",\"name\":\"Uil Scuola Emilia Romagna\",\"url\":\"https:\/\/www.uilscuolaemiliaromagna.it\/public\/er\/\",\"logo\":{\"@type\":\"ImageObject\",\"inLanguage\":\"it-IT\",\"@id\":\"https:\/\/www.uilscuolaemiliaromagna.it\/public\/er\/#\/schema\/logo\/image\/\",\"url\":\"https:\/\/www.uilscuolaemiliaromagna.it\/public\/er\/wp-content\/uploads\/2017\/04\/cropped-header.png\",\"contentUrl\":\"https:\/\/www.uilscuolaemiliaromagna.it\/public\/er\/wp-content\/uploads\/2017\/04\/cropped-header.png\",\"width\":1000,\"height\":150,\"caption\":\"Uil Scuola Emilia Romagna\"},\"image\":{\"@id\":\"https:\/\/www.uilscuolaemiliaromagna.it\/public\/er\/#\/schema\/logo\/image\/\"}},{\"@type\":\"Person\",\"@id\":\"https:\/\/www.uilscuolaemiliaromagna.it\/public\/er\/#\/schema\/person\/f42878fd07a4b6ba2b7153d4fad5de5e\",\"name\":\"admin\",\"image\":{\"@type\":\"ImageObject\",\"inLanguage\":\"it-IT\",\"@id\":\"https:\/\/www.uilscuolaemiliaromagna.it\/public\/er\/#\/schema\/person\/image\/\",\"url\":\"https:\/\/secure.gravatar.com\/avatar\/aebf815ae2f30ffdae8b8c247273d34c?s=96&d=mm&r=g\",\"contentUrl\":\"https:\/\/secure.gravatar.com\/avatar\/aebf815ae2f30ffdae8b8c247273d34c?s=96&d=mm&r=g\",\"caption\":\"admin\"},\"url\":\"https:\/\/www.uilscuolaemiliaromagna.it\/public\/er\/author\/admin\/\"}]}<\/script>\r\n<!-- \/ Yoast SEO plugin. -->","yoast_head_json":{"title":"Lettera unitaria al ministro Bussetti - Uil Scuola Emilia Romagna","robots":{"index":"index","follow":"follow","max-snippet":"max-snippet:-1","max-image-preview":"max-image-preview:large","max-video-preview":"max-video-preview:-1"},"canonical":"https:\/\/www.uilscuolaemiliaromagna.it\/public\/er\/2018\/06\/11\/lettera-unitaria-al-ministro-bussetti\/","og_locale":"it_IT","og_type":"article","og_title":"Lettera unitaria al ministro Bussetti - Uil Scuola Emilia Romagna","og_description":"Egr. Ministro, nel messaggio di saluto e ringraziamento da Lei inviato nei giorni scorsi, primo atto formale dopo il Suo insediamento alla guida del MIUR, &hellip;","og_url":"https:\/\/www.uilscuolaemiliaromagna.it\/public\/er\/2018\/06\/11\/lettera-unitaria-al-ministro-bussetti\/","og_site_name":"Uil Scuola Emilia Romagna","article_published_time":"2018-06-11T20:48:59+00:00","article_modified_time":"2018-06-11T20:54:33+00:00","author":"admin","twitter_card":"summary_large_image","twitter_misc":{"Scritto da":"admin","Tempo di lettura stimato":"2 minuti"},"schema":{"@context":"https:\/\/schema.org","@graph":[{"@type":"Article","@id":"https:\/\/www.uilscuolaemiliaromagna.it\/public\/er\/2018\/06\/11\/lettera-unitaria-al-ministro-bussetti\/#article","isPartOf":{"@id":"https:\/\/www.uilscuolaemiliaromagna.it\/public\/er\/2018\/06\/11\/lettera-unitaria-al-ministro-bussetti\/"},"author":{"name":"admin","@id":"https:\/\/www.uilscuolaemiliaromagna.it\/public\/er\/#\/schema\/person\/f42878fd07a4b6ba2b7153d4fad5de5e"},"headline":"Lettera unitaria al ministro Bussetti","datePublished":"2018-06-11T20:48:59+00:00","dateModified":"2018-06-11T20:54:33+00:00","mainEntityOfPage":{"@id":"https:\/\/www.uilscuolaemiliaromagna.it\/public\/er\/2018\/06\/11\/lettera-unitaria-al-ministro-bussetti\/"},"wordCount":474,"publisher":{"@id":"https:\/\/www.uilscuolaemiliaromagna.it\/public\/er\/#organization"},"articleSection":{"0":"ATA","1":"Dirigenti","2":"Infanzia","3":"Notizie","4":"Personale Docente","5":"Personale Educativo","6":"Primaria","7":"Sec. Primo Grado","8":"Sec. Secondo Grado","10":"Strumento Musicale"},"inLanguage":"it-IT"},{"@type":"WebPage","@id":"https:\/\/www.uilscuolaemiliaromagna.it\/public\/er\/2018\/06\/11\/lettera-unitaria-al-ministro-bussetti\/","url":"https:\/\/www.uilscuolaemiliaromagna.it\/public\/er\/2018\/06\/11\/lettera-unitaria-al-ministro-bussetti\/","name":"Lettera unitaria al ministro Bussetti - Uil Scuola Emilia Romagna","isPartOf":{"@id":"https:\/\/www.uilscuolaemiliaromagna.it\/public\/er\/#website"},"datePublished":"2018-06-11T20:48:59+00:00","dateModified":"2018-06-11T20:54:33+00:00","breadcrumb":{"@id":"https:\/\/www.uilscuolaemiliaromagna.it\/public\/er\/2018\/06\/11\/lettera-unitaria-al-ministro-bussetti\/#breadcrumb"},"inLanguage":"it-IT","potentialAction":[{"@type":"ReadAction","target":["https:\/\/www.uilscuolaemiliaromagna.it\/public\/er\/2018\/06\/11\/lettera-unitaria-al-ministro-bussetti\/"]}]},{"@type":"BreadcrumbList","@id":"https:\/\/www.uilscuolaemiliaromagna.it\/public\/er\/2018\/06\/11\/lettera-unitaria-al-ministro-bussetti\/#breadcrumb","itemListElement":[{"@type":"ListItem","position":1,"name":"Home","item":"https:\/\/www.uilscuolaemiliaromagna.it\/public\/er\/"},{"@type":"ListItem","position":2,"name":"Lettera unitaria al ministro Bussetti"}]},{"@type":"WebSite","@id":"https:\/\/www.uilscuolaemiliaromagna.it\/public\/er\/#website","url":"https:\/\/www.uilscuolaemiliaromagna.it\/public\/er\/","name":"Uil Scuola Emilia Romagna","description":"La voce libera della scuola","publisher":{"@id":"https:\/\/www.uilscuolaemiliaromagna.it\/public\/er\/#organization"},"potentialAction":[{"@type":"SearchAction","target":{"@type":"EntryPoint","urlTemplate":"https:\/\/www.uilscuolaemiliaromagna.it\/public\/er\/?s={search_term_string}"},"query-input":"required name=search_term_string"}],"inLanguage":"it-IT"},{"@type":"Organization","@id":"https:\/\/www.uilscuolaemiliaromagna.it\/public\/er\/#organization","name":"Uil Scuola Emilia Romagna","url":"https:\/\/www.uilscuolaemiliaromagna.it\/public\/er\/","logo":{"@type":"ImageObject","inLanguage":"it-IT","@id":"https:\/\/www.uilscuolaemiliaromagna.it\/public\/er\/#\/schema\/logo\/image\/","url":"https:\/\/www.uilscuolaemiliaromagna.it\/public\/er\/wp-content\/uploads\/2017\/04\/cropped-header.png","contentUrl":"https:\/\/www.uilscuolaemiliaromagna.it\/public\/er\/wp-content\/uploads\/2017\/04\/cropped-header.png","width":1000,"height":150,"caption":"Uil Scuola Emilia Romagna"},"image":{"@id":"https:\/\/www.uilscuolaemiliaromagna.it\/public\/er\/#\/schema\/logo\/image\/"}},{"@type":"Person","@id":"https:\/\/www.uilscuolaemiliaromagna.it\/public\/er\/#\/schema\/person\/f42878fd07a4b6ba2b7153d4fad5de5e","name":"admin","image":{"@type":"ImageObject","inLanguage":"it-IT","@id":"https:\/\/www.uilscuolaemiliaromagna.it\/public\/er\/#\/schema\/person\/image\/","url":"https:\/\/secure.gravatar.com\/avatar\/aebf815ae2f30ffdae8b8c247273d34c?s=96&d=mm&r=g","contentUrl":"https:\/\/secure.gravatar.com\/avatar\/aebf815ae2f30ffdae8b8c247273d34c?s=96&d=mm&r=g","caption":"admin"},"url":"https:\/\/www.uilscuolaemiliaromagna.it\/public\/er\/author\/admin\/"}]}},"views":1141,"_links":{"self":[{"href":"https:\/\/www.uilscuolaemiliaromagna.it\/public\/er\/wp-json\/wp\/v2\/posts\/2959"}],"collection":[{"href":"https:\/\/www.uilscuolaemiliaromagna.it\/public\/er\/wp-json\/wp\/v2\/posts"}],"about":[{"href":"https:\/\/www.uilscuolaemiliaromagna.it\/public\/er\/wp-json\/wp\/v2\/types\/post"}],"author":[{"embeddable":true,"href":"https:\/\/www.uilscuolaemiliaromagna.it\/public\/er\/wp-json\/wp\/v2\/users\/1"}],"replies":[{"embeddable":true,"href":"https:\/\/www.uilscuolaemiliaromagna.it\/public\/er\/wp-json\/wp\/v2\/comments?post=2959"}],"version-history":[{"count":2,"href":"https:\/\/www.uilscuolaemiliaromagna.it\/public\/er\/wp-json\/wp\/v2\/posts\/2959\/revisions"}],"predecessor-version":[{"id":2966,"href":"https:\/\/www.uilscuolaemiliaromagna.it\/public\/er\/wp-json\/wp\/v2\/posts\/2959\/revisions\/2966"}],"wp:attachment":[{"href":"https:\/\/www.uilscuolaemiliaromagna.it\/public\/er\/wp-json\/wp\/v2\/media?parent=2959"}],"wp:term":[{"taxonomy":"category","embeddable":true,"href":"https:\/\/www.uilscuolaemiliaromagna.it\/public\/er\/wp-json\/wp\/v2\/categories?post=2959"},{"taxonomy":"post_tag","embeddable":true,"href":"https:\/\/www.uilscuolaemiliaromagna.it\/public\/er\/wp-json\/wp\/v2\/tags?post=2959"}],"curies":[{"name":"wp","href":"https:\/\/api.w.org\/{rel}","templated":true}]}}