{"id":3011,"date":"2018-06-26T14:18:54","date_gmt":"2018-06-26T12:18:54","guid":{"rendered":"http:\/\/www.uilscuolaemiliaromagna.it\/public\/er\/?p=3011"},"modified":"2018-06-26T14:18:54","modified_gmt":"2018-06-26T12:18:54","slug":"intesa-col-miur-le-risorse-saranno-ripartite-gia-dallanno-in-corso-sullorganico-di-diritto","status":"publish","type":"post","link":"https:\/\/www.uilscuolaemiliaromagna.it\/public\/er\/2018\/06\/26\/intesa-col-miur-le-risorse-saranno-ripartite-gia-dallanno-in-corso-sullorganico-di-diritto\/","title":{"rendered":"Intesa col Miur: le risorse saranno ripartite gi\u00e0 dall\u2019anno in corso sull\u2019organico di diritto"},"content":{"rendered":"<p><strong>Il nuovo contratto\u00a0 continua a produrre i suoi frutti<\/strong><\/p>\n<p style=\"text-align: justify;\"><strong><br \/>\n<\/strong>Importante intesa sui criteri per la ripartizione delle risorse finalizzate alla valorizzazione professionale dei docenti.<br \/>\nNell\u2019incontro che si \u00e8 svolto ieri al Miur \u2013 assumendo a riferimento quanto stabilito nel nuovo CCNL circa la piena contrattabilit\u00e0 delle risorse per il miglioramento dell\u2019offerta formativa, cui affluiscono anche quelle per la valorizzazione \u2013 si \u00e8 convenuto di ripartire la disponibilit\u00e0 complessiva utilizzando come parametro la dotazione organica del personale docente di ogni scuola e non pi\u00f9, come finora avvenuto, il solo numero dei posti coperti da personale di ruolo.<\/p>\n<p style=\"text-align: justify;\">Tale ripartizione, operante gi\u00e0 per l\u2019anno scolastico 2017\/18, avverr\u00e0 sull\u201980% delle disponibilit\u00e0, mentre per il rimanente 20% si terr\u00e0 conto dei fattori di complessit\u00e0 e di esposizione a rischio educativo.<\/p>\n<p style=\"text-align: justify;\">A tali criteri si atterr\u00e0 il Miur nella predisposizione del relativo decreto ministeriale. Flc CGIL, CISL Scuola e UIL Scuola RUA valutano positivamente gli esiti di un incontro che, portando per la prima volta in attuazione l\u2019istituto del confronto, conferma la bont\u00e0 delle scelte operate col nuovo contratto, di cui si continuano a vedere i frutti.<\/p>\n<p><em>Roma, 26 giugno 2018<\/em><\/p>\n<ul>\n<li><a href=\"https:\/\/www.uilscuolaemiliaromagna.it\/public\/er\/wp-content\/uploads\/2018\/06\/COMUNICATO_BONUS_25062018.pdf\">il comunicato unitario<\/a><\/li>\n<li><a href=\"https:\/\/www.uilscuolaemiliaromagna.it\/public\/er\/wp-content\/uploads\/2018\/06\/Verbale-intesa-OOSS-25_6_18.pdf\">l&#8217;intesa<\/a><\/li>\n<\/ul>\n\n<div class=\"twitter-share\"><a href=\"https:\/\/twitter.com\/intent\/tweet?via=UILScuolaBO_ER\" class=\"twitter-share-button\" data-size=\"large\">Tweet<\/a><\/div>\n","protected":false},"excerpt":{"rendered":"<p>Il nuovo contratto\u00a0 continua a produrre i suoi frutti Importante intesa sui criteri per la ripartizione delle risorse finalizzate alla valorizzazione professionale dei docenti. Nell\u2019incontro &hellip; <\/p>\n","protected":false},"author":1,"featured_media":0,"comment_status":"closed","ping_status":"open","sticky":false,"template":"","format":"standard","meta":{"footnotes":""},"categories":[3,4,12,6,8,9,10,13],"tags":[],"yoast_head":"<!-- This site is optimized with the Yoast SEO plugin v21.7 - https:\/\/yoast.com\/wordpress\/plugins\/seo\/ -->\r\n<title>Intesa col Miur: le risorse saranno ripartite gi\u00e0 dall\u2019anno in corso sull\u2019organico di diritto - Uil Scuola Emilia Romagna<\/title>\r\n<meta name=\"robots\" content=\"index, follow, max-snippet:-1, max-image-preview:large, max-video-preview:-1\" \/>\r\n<link rel=\"canonical\" href=\"https:\/\/www.uilscuolaemiliaromagna.it\/public\/er\/2018\/06\/26\/intesa-col-miur-le-risorse-saranno-ripartite-gia-dallanno-in-corso-sullorganico-di-diritto\/\" \/>\r\n<meta property=\"og:locale\" content=\"it_IT\" \/>\r\n<meta property=\"og:type\" content=\"article\" \/>\r\n<meta property=\"og:title\" content=\"Intesa col Miur: le risorse saranno ripartite gi\u00e0 dall\u2019anno in corso sull\u2019organico di diritto - Uil Scuola Emilia Romagna\" \/>\r\n<meta property=\"og:description\" content=\"Il nuovo contratto\u00a0 continua a produrre i suoi frutti Importante intesa sui criteri per la ripartizione delle risorse finalizzate alla valorizzazione professionale dei docenti. Nell\u2019incontro &hellip;\" \/>\r\n<meta property=\"og:url\" content=\"https:\/\/www.uilscuolaemiliaromagna.it\/public\/er\/2018\/06\/26\/intesa-col-miur-le-risorse-saranno-ripartite-gia-dallanno-in-corso-sullorganico-di-diritto\/\" \/>\r\n<meta property=\"og:site_name\" content=\"Uil Scuola Emilia Romagna\" \/>\r\n<meta property=\"article:published_time\" content=\"2018-06-26T12:18:54+00:00\" \/>\r\n<meta name=\"author\" content=\"admin\" \/>\r\n<meta name=\"twitter:card\" content=\"summary_large_image\" \/>\r\n<meta name=\"twitter:label1\" content=\"Scritto da\" \/>\n\t<meta name=\"twitter:data1\" content=\"admin\" \/>\n\t<meta name=\"twitter:label2\" content=\"Tempo di lettura stimato\" \/>\n\t<meta name=\"twitter:data2\" content=\"1 minuto\" \/>\r\n<script type=\"application\/ld+json\" class=\"yoast-schema-graph\">{\"@context\":\"https:\/\/schema.org\",\"@graph\":[{\"@type\":\"Article\",\"@id\":\"https:\/\/www.uilscuolaemiliaromagna.it\/public\/er\/2018\/06\/26\/intesa-col-miur-le-risorse-saranno-ripartite-gia-dallanno-in-corso-sullorganico-di-diritto\/#article\",\"isPartOf\":{\"@id\":\"https:\/\/www.uilscuolaemiliaromagna.it\/public\/er\/2018\/06\/26\/intesa-col-miur-le-risorse-saranno-ripartite-gia-dallanno-in-corso-sullorganico-di-diritto\/\"},\"author\":{\"name\":\"admin\",\"@id\":\"https:\/\/www.uilscuolaemiliaromagna.it\/public\/er\/#\/schema\/person\/f42878fd07a4b6ba2b7153d4fad5de5e\"},\"headline\":\"Intesa col Miur: le risorse saranno ripartite gi\u00e0 dall\u2019anno in corso sull\u2019organico di diritto\",\"datePublished\":\"2018-06-26T12:18:54+00:00\",\"dateModified\":\"2018-06-26T12:18:54+00:00\",\"mainEntityOfPage\":{\"@id\":\"https:\/\/www.uilscuolaemiliaromagna.it\/public\/er\/2018\/06\/26\/intesa-col-miur-le-risorse-saranno-ripartite-gia-dallanno-in-corso-sullorganico-di-diritto\/\"},\"wordCount\":202,\"publisher\":{\"@id\":\"https:\/\/www.uilscuolaemiliaromagna.it\/public\/er\/#organization\"},\"articleSection\":[\"Dirigenti\",\"Infanzia\",\"Notizie\",\"Personale Docente\",\"Primaria\",\"Sec. Primo Grado\",\"Sec. Secondo Grado\",\"Strumento Musicale\"],\"inLanguage\":\"it-IT\"},{\"@type\":\"WebPage\",\"@id\":\"https:\/\/www.uilscuolaemiliaromagna.it\/public\/er\/2018\/06\/26\/intesa-col-miur-le-risorse-saranno-ripartite-gia-dallanno-in-corso-sullorganico-di-diritto\/\",\"url\":\"https:\/\/www.uilscuolaemiliaromagna.it\/public\/er\/2018\/06\/26\/intesa-col-miur-le-risorse-saranno-ripartite-gia-dallanno-in-corso-sullorganico-di-diritto\/\",\"name\":\"Intesa col Miur: le risorse saranno ripartite gi\u00e0 dall\u2019anno in corso sull\u2019organico di diritto - Uil Scuola Emilia Romagna\",\"isPartOf\":{\"@id\":\"https:\/\/www.uilscuolaemiliaromagna.it\/public\/er\/#website\"},\"datePublished\":\"2018-06-26T12:18:54+00:00\",\"dateModified\":\"2018-06-26T12:18:54+00:00\",\"breadcrumb\":{\"@id\":\"https:\/\/www.uilscuolaemiliaromagna.it\/public\/er\/2018\/06\/26\/intesa-col-miur-le-risorse-saranno-ripartite-gia-dallanno-in-corso-sullorganico-di-diritto\/#breadcrumb\"},\"inLanguage\":\"it-IT\",\"potentialAction\":[{\"@type\":\"ReadAction\",\"target\":[\"https:\/\/www.uilscuolaemiliaromagna.it\/public\/er\/2018\/06\/26\/intesa-col-miur-le-risorse-saranno-ripartite-gia-dallanno-in-corso-sullorganico-di-diritto\/\"]}]},{\"@type\":\"BreadcrumbList\",\"@id\":\"https:\/\/www.uilscuolaemiliaromagna.it\/public\/er\/2018\/06\/26\/intesa-col-miur-le-risorse-saranno-ripartite-gia-dallanno-in-corso-sullorganico-di-diritto\/#breadcrumb\",\"itemListElement\":[{\"@type\":\"ListItem\",\"position\":1,\"name\":\"Home\",\"item\":\"https:\/\/www.uilscuolaemiliaromagna.it\/public\/er\/\"},{\"@type\":\"ListItem\",\"position\":2,\"name\":\"Intesa col Miur: le risorse saranno ripartite gi\u00e0 dall\u2019anno in corso sull\u2019organico di diritto\"}]},{\"@type\":\"WebSite\",\"@id\":\"https:\/\/www.uilscuolaemiliaromagna.it\/public\/er\/#website\",\"url\":\"https:\/\/www.uilscuolaemiliaromagna.it\/public\/er\/\",\"name\":\"Uil Scuola Emilia Romagna\",\"description\":\"La voce libera della scuola\",\"publisher\":{\"@id\":\"https:\/\/www.uilscuolaemiliaromagna.it\/public\/er\/#organization\"},\"potentialAction\":[{\"@type\":\"SearchAction\",\"target\":{\"@type\":\"EntryPoint\",\"urlTemplate\":\"https:\/\/www.uilscuolaemiliaromagna.it\/public\/er\/?s={search_term_string}\"},\"query-input\":\"required name=search_term_string\"}],\"inLanguage\":\"it-IT\"},{\"@type\":\"Organization\",\"@id\":\"https:\/\/www.uilscuolaemiliaromagna.it\/public\/er\/#organization\",\"name\":\"Uil Scuola Emilia Romagna\",\"url\":\"https:\/\/www.uilscuolaemiliaromagna.it\/public\/er\/\",\"logo\":{\"@type\":\"ImageObject\",\"inLanguage\":\"it-IT\",\"@id\":\"https:\/\/www.uilscuolaemiliaromagna.it\/public\/er\/#\/schema\/logo\/image\/\",\"url\":\"https:\/\/www.uilscuolaemiliaromagna.it\/public\/er\/wp-content\/uploads\/2017\/04\/cropped-header.png\",\"contentUrl\":\"https:\/\/www.uilscuolaemiliaromagna.it\/public\/er\/wp-content\/uploads\/2017\/04\/cropped-header.png\",\"width\":1000,\"height\":150,\"caption\":\"Uil Scuola Emilia Romagna\"},\"image\":{\"@id\":\"https:\/\/www.uilscuolaemiliaromagna.it\/public\/er\/#\/schema\/logo\/image\/\"}},{\"@type\":\"Person\",\"@id\":\"https:\/\/www.uilscuolaemiliaromagna.it\/public\/er\/#\/schema\/person\/f42878fd07a4b6ba2b7153d4fad5de5e\",\"name\":\"admin\",\"image\":{\"@type\":\"ImageObject\",\"inLanguage\":\"it-IT\",\"@id\":\"https:\/\/www.uilscuolaemiliaromagna.it\/public\/er\/#\/schema\/person\/image\/\",\"url\":\"https:\/\/secure.gravatar.com\/avatar\/aebf815ae2f30ffdae8b8c247273d34c?s=96&d=mm&r=g\",\"contentUrl\":\"https:\/\/secure.gravatar.com\/avatar\/aebf815ae2f30ffdae8b8c247273d34c?s=96&d=mm&r=g\",\"caption\":\"admin\"},\"url\":\"https:\/\/www.uilscuolaemiliaromagna.it\/public\/er\/author\/admin\/\"}]}<\/script>\r\n<!-- \/ Yoast SEO plugin. -->","yoast_head_json":{"title":"Intesa col Miur: le risorse saranno ripartite gi\u00e0 dall\u2019anno in corso sull\u2019organico di diritto - Uil Scuola Emilia Romagna","robots":{"index":"index","follow":"follow","max-snippet":"max-snippet:-1","max-image-preview":"max-image-preview:large","max-video-preview":"max-video-preview:-1"},"canonical":"https:\/\/www.uilscuolaemiliaromagna.it\/public\/er\/2018\/06\/26\/intesa-col-miur-le-risorse-saranno-ripartite-gia-dallanno-in-corso-sullorganico-di-diritto\/","og_locale":"it_IT","og_type":"article","og_title":"Intesa col Miur: le risorse saranno ripartite gi\u00e0 dall\u2019anno in corso sull\u2019organico di diritto - Uil Scuola Emilia Romagna","og_description":"Il nuovo contratto\u00a0 continua a produrre i suoi frutti Importante intesa sui criteri per la ripartizione delle risorse finalizzate alla valorizzazione professionale dei docenti. Nell\u2019incontro &hellip;","og_url":"https:\/\/www.uilscuolaemiliaromagna.it\/public\/er\/2018\/06\/26\/intesa-col-miur-le-risorse-saranno-ripartite-gia-dallanno-in-corso-sullorganico-di-diritto\/","og_site_name":"Uil Scuola Emilia Romagna","article_published_time":"2018-06-26T12:18:54+00:00","author":"admin","twitter_card":"summary_large_image","twitter_misc":{"Scritto da":"admin","Tempo di lettura stimato":"1 minuto"},"schema":{"@context":"https:\/\/schema.org","@graph":[{"@type":"Article","@id":"https:\/\/www.uilscuolaemiliaromagna.it\/public\/er\/2018\/06\/26\/intesa-col-miur-le-risorse-saranno-ripartite-gia-dallanno-in-corso-sullorganico-di-diritto\/#article","isPartOf":{"@id":"https:\/\/www.uilscuolaemiliaromagna.it\/public\/er\/2018\/06\/26\/intesa-col-miur-le-risorse-saranno-ripartite-gia-dallanno-in-corso-sullorganico-di-diritto\/"},"author":{"name":"admin","@id":"https:\/\/www.uilscuolaemiliaromagna.it\/public\/er\/#\/schema\/person\/f42878fd07a4b6ba2b7153d4fad5de5e"},"headline":"Intesa col Miur: le risorse saranno ripartite gi\u00e0 dall\u2019anno in corso sull\u2019organico di diritto","datePublished":"2018-06-26T12:18:54+00:00","dateModified":"2018-06-26T12:18:54+00:00","mainEntityOfPage":{"@id":"https:\/\/www.uilscuolaemiliaromagna.it\/public\/er\/2018\/06\/26\/intesa-col-miur-le-risorse-saranno-ripartite-gia-dallanno-in-corso-sullorganico-di-diritto\/"},"wordCount":202,"publisher":{"@id":"https:\/\/www.uilscuolaemiliaromagna.it\/public\/er\/#organization"},"articleSection":["Dirigenti","Infanzia","Notizie","Personale Docente","Primaria","Sec. Primo Grado","Sec. Secondo Grado","Strumento Musicale"],"inLanguage":"it-IT"},{"@type":"WebPage","@id":"https:\/\/www.uilscuolaemiliaromagna.it\/public\/er\/2018\/06\/26\/intesa-col-miur-le-risorse-saranno-ripartite-gia-dallanno-in-corso-sullorganico-di-diritto\/","url":"https:\/\/www.uilscuolaemiliaromagna.it\/public\/er\/2018\/06\/26\/intesa-col-miur-le-risorse-saranno-ripartite-gia-dallanno-in-corso-sullorganico-di-diritto\/","name":"Intesa col Miur: le risorse saranno ripartite gi\u00e0 dall\u2019anno in corso sull\u2019organico di diritto - Uil Scuola Emilia Romagna","isPartOf":{"@id":"https:\/\/www.uilscuolaemiliaromagna.it\/public\/er\/#website"},"datePublished":"2018-06-26T12:18:54+00:00","dateModified":"2018-06-26T12:18:54+00:00","breadcrumb":{"@id":"https:\/\/www.uilscuolaemiliaromagna.it\/public\/er\/2018\/06\/26\/intesa-col-miur-le-risorse-saranno-ripartite-gia-dallanno-in-corso-sullorganico-di-diritto\/#breadcrumb"},"inLanguage":"it-IT","potentialAction":[{"@type":"ReadAction","target":["https:\/\/www.uilscuolaemiliaromagna.it\/public\/er\/2018\/06\/26\/intesa-col-miur-le-risorse-saranno-ripartite-gia-dallanno-in-corso-sullorganico-di-diritto\/"]}]},{"@type":"BreadcrumbList","@id":"https:\/\/www.uilscuolaemiliaromagna.it\/public\/er\/2018\/06\/26\/intesa-col-miur-le-risorse-saranno-ripartite-gia-dallanno-in-corso-sullorganico-di-diritto\/#breadcrumb","itemListElement":[{"@type":"ListItem","position":1,"name":"Home","item":"https:\/\/www.uilscuolaemiliaromagna.it\/public\/er\/"},{"@type":"ListItem","position":2,"name":"Intesa col Miur: le risorse saranno ripartite gi\u00e0 dall\u2019anno in corso sull\u2019organico di diritto"}]},{"@type":"WebSite","@id":"https:\/\/www.uilscuolaemiliaromagna.it\/public\/er\/#website","url":"https:\/\/www.uilscuolaemiliaromagna.it\/public\/er\/","name":"Uil Scuola Emilia Romagna","description":"La voce libera della scuola","publisher":{"@id":"https:\/\/www.uilscuolaemiliaromagna.it\/public\/er\/#organization"},"potentialAction":[{"@type":"SearchAction","target":{"@type":"EntryPoint","urlTemplate":"https:\/\/www.uilscuolaemiliaromagna.it\/public\/er\/?s={search_term_string}"},"query-input":"required name=search_term_string"}],"inLanguage":"it-IT"},{"@type":"Organization","@id":"https:\/\/www.uilscuolaemiliaromagna.it\/public\/er\/#organization","name":"Uil Scuola Emilia Romagna","url":"https:\/\/www.uilscuolaemiliaromagna.it\/public\/er\/","logo":{"@type":"ImageObject","inLanguage":"it-IT","@id":"https:\/\/www.uilscuolaemiliaromagna.it\/public\/er\/#\/schema\/logo\/image\/","url":"https:\/\/www.uilscuolaemiliaromagna.it\/public\/er\/wp-content\/uploads\/2017\/04\/cropped-header.png","contentUrl":"https:\/\/www.uilscuolaemiliaromagna.it\/public\/er\/wp-content\/uploads\/2017\/04\/cropped-header.png","width":1000,"height":150,"caption":"Uil Scuola Emilia Romagna"},"image":{"@id":"https:\/\/www.uilscuolaemiliaromagna.it\/public\/er\/#\/schema\/logo\/image\/"}},{"@type":"Person","@id":"https:\/\/www.uilscuolaemiliaromagna.it\/public\/er\/#\/schema\/person\/f42878fd07a4b6ba2b7153d4fad5de5e","name":"admin","image":{"@type":"ImageObject","inLanguage":"it-IT","@id":"https:\/\/www.uilscuolaemiliaromagna.it\/public\/er\/#\/schema\/person\/image\/","url":"https:\/\/secure.gravatar.com\/avatar\/aebf815ae2f30ffdae8b8c247273d34c?s=96&d=mm&r=g","contentUrl":"https:\/\/secure.gravatar.com\/avatar\/aebf815ae2f30ffdae8b8c247273d34c?s=96&d=mm&r=g","caption":"admin"},"url":"https:\/\/www.uilscuolaemiliaromagna.it\/public\/er\/author\/admin\/"}]}},"views":986,"_links":{"self":[{"href":"https:\/\/www.uilscuolaemiliaromagna.it\/public\/er\/wp-json\/wp\/v2\/posts\/3011"}],"collection":[{"href":"https:\/\/www.uilscuolaemiliaromagna.it\/public\/er\/wp-json\/wp\/v2\/posts"}],"about":[{"href":"https:\/\/www.uilscuolaemiliaromagna.it\/public\/er\/wp-json\/wp\/v2\/types\/post"}],"author":[{"embeddable":true,"href":"https:\/\/www.uilscuolaemiliaromagna.it\/public\/er\/wp-json\/wp\/v2\/users\/1"}],"replies":[{"embeddable":true,"href":"https:\/\/www.uilscuolaemiliaromagna.it\/public\/er\/wp-json\/wp\/v2\/comments?post=3011"}],"version-history":[{"count":1,"href":"https:\/\/www.uilscuolaemiliaromagna.it\/public\/er\/wp-json\/wp\/v2\/posts\/3011\/revisions"}],"predecessor-version":[{"id":3014,"href":"https:\/\/www.uilscuolaemiliaromagna.it\/public\/er\/wp-json\/wp\/v2\/posts\/3011\/revisions\/3014"}],"wp:attachment":[{"href":"https:\/\/www.uilscuolaemiliaromagna.it\/public\/er\/wp-json\/wp\/v2\/media?parent=3011"}],"wp:term":[{"taxonomy":"category","embeddable":true,"href":"https:\/\/www.uilscuolaemiliaromagna.it\/public\/er\/wp-json\/wp\/v2\/categories?post=3011"},{"taxonomy":"post_tag","embeddable":true,"href":"https:\/\/www.uilscuolaemiliaromagna.it\/public\/er\/wp-json\/wp\/v2\/tags?post=3011"}],"curies":[{"name":"wp","href":"https:\/\/api.w.org\/{rel}","templated":true}]}}