{"id":3097,"date":"2018-07-17T15:44:03","date_gmt":"2018-07-17T13:44:03","guid":{"rendered":"http:\/\/www.uilscuolaemiliaromagna.it\/public\/er\/?p=3097"},"modified":"2018-07-17T15:44:03","modified_gmt":"2018-07-17T13:44:03","slug":"rassegna-stampa-repubblica-it-scuola-carenza-di-presidi-e-caos-pensionamenti-si-annuncia-un-avvio-faticoso-repubblica-it","status":"publish","type":"post","link":"https:\/\/www.uilscuolaemiliaromagna.it\/public\/er\/2018\/07\/17\/rassegna-stampa-repubblica-it-scuola-carenza-di-presidi-e-caos-pensionamenti-si-annuncia-un-avvio-faticoso-repubblica-it\/","title":{"rendered":"Rassegna stampa | Repubblica.it >>> Scuola, carenza di presidi e caos pensionamenti: si annuncia un avvio faticoso &#8211; Repubblica.it"},"content":{"rendered":"<p style=\"text-align: justify;\"><strong>Scuola, carenza di presidi e caos pensionamenti: si annuncia un avvio faticoso<\/strong><\/p>\n<p style=\"text-align: justify;\">\ndi SALVO INTRAVAIA08 Luglio 2018<\/p>\n<p style=\"text-align: justify;\">\n<em>Mancano dirigenti e segretari. E sui &#8220;collocamenti a riposo&#8221; pesa il passaggio della gestione all&#8217;Inps. Il ministro Bussetti: &#8220;Gi\u00e0 avviato un tavolo di confronto per velocizzare&#8221;<\/em><\/p>\n<p style=\"text-align: justify;\">\nROMA. A settembre l\u2019avvio dell\u2019anno scolastico si preannuncia in salita. Perch\u00e9 mancano dirigenti scolastici e segretari (ora Direttori dei servizi amministrativi). E sul pensionamento di migliaia di insegnanti vige la pi\u00f9 assoluta incertezza per via del passaggio di competenze dagli Uffici scolastici regionali all\u2019Inps, che in parecchi casi non ha dato il via libera. Se ci\u00f2 non accadr\u00e0 entro il 31 agosto, il caos \u00e8 servito. E, a completare il tutto, resta in piedi anche la questione dei diplomati magistrali: se il governo non porr\u00e0 rimedio attraverso un provvedimento di legge, 5mila maestre assunte in ruolo verranno retrocesse a supplenti.<\/p>\n<p style=\"text-align: justify;\">In cerca di Dirigenti scolastici. Secondo le prime stime dell\u2019Associazione nazionale dei presidi (Anp), a settembre sar\u00e0 necessario nominare ben 2.150 capi d\u2019istituto reggenti: che, oltre a gestire la propria scuola, se ne accollano un\u2019altra per un anno. Si tratta, tra sedi lasciate libere dai pensionamenti e scuole sottodimensionate perch\u00e9 con pochi alunni, di oltre un quarto delle 8mila e 500 scuole del Paese. Questo vuol dire che, essendo appena 6mila e 400 i capi d\u2019istituto in servizio, uno su tre dovr\u00e0 accettare una reggenza e oltre met\u00e0 degli istituti italiani dovr\u00e0 dividere un preside in condominio.<br \/>\nIl concorso \u00e8 appena iniziato e probabilmente non potr\u00e0 essere terminato per il mese di agosto 2019. E tra un anno la scuola dovr\u00e0 fare probabilmente in conti con altri 400\/500 pensionamenti. La situazione \u00e8 particolarmente pesante in alcune regioni: Emilia-Romagna, Liguria, Veneto. Dove le reggenze toccano quota 40 per cento e i presidi sono costretti a fare i salti mortali per garantire una guida a tutte le istituzioni scolastiche presenti nella regione.<\/p>\n<p style=\"text-align: justify;\">Segretari funamboli. Se i presidi sono pochi, i direttori dei servizi sono ancora meno. E mentre per i primi il concorso \u00e8 partito, per i secondi se ne parla da anni ma ancora nessun bando. Le scuole da gestire sono sempre 8mila e 500 circa ma i segretari che dovranno sobbarcarsi il doppio lavoro saranno 2mila e 400. Un numero mai visto prima, che rischia di incidere negativamente sulla gestione delle segreterie scolastiche, da anni oggetto di un superlavoro e con sempre meno impiegati, tagliati brutalmente dalla riforma Gelmini che si liber\u00f2 in pochi anni di 47mila figure.<\/p>\n<p style=\"text-align: justify;\">Pensionamenti in forse. In questi giorni, sono migliaia i docenti che agognano la pensione ma che vivono col fiato sospeso perch\u00e9 l\u2019Inps non ha ancora validato le loro richieste. \u00c8 la storia di M.C., professoressa di matematica e scienze in una scuola media di Roma, che dall\u2019alto dei suoi 41 anni e dieci mesi di servizio se ne vede riconosciuti appena 29 e 4 mesi dall\u2019Inps. Perch\u00e9 il provveditorato competente non avrebbe ancora inviato tutti i documenti attestanti il servizio. E con 29 anni non si pu\u00f2 andare di certo in pensione.<\/p>\n<p>\u201cDa quest\u2019anno \u2013 spiega Pino Turi, segretario generale della Uil scuola \u2013 la competenza \u00e8 passata dagli uffici scolastici regionali all\u2019Inps, ma non sempre la comunicazione \u00e8 stata efficace\u201d.<br \/>\nCosa potrebbe accadere a settembre? \u201cIl ministero dell\u2019Istruzione ha gi\u00e0 collocato a riposo 25mila docenti e quasi 8mila Ata (amministrativi, tecnici e ausiliari) e se per un certo numeri di questi non arriver\u00e0 l\u2019ok dell\u2019Inps si rischia il caos\u201d. Perch\u00e9 il Miur, attraverso i trasferimenti ha gi\u00e0 collocato sui posti ritenuti liberi per pensionamenti altrettanti docenti e Ata, ma se questi non potranno andare in pensione dovranno riavere il proprio posto e, a ritroso, occorrer\u00e0 modificare centinaia di trasferimenti. \u201cAl momento \u2013 aggiunge Turi \u2013 sono migliaia i docenti nel limbo. Il fatto \u00e8 che nel trasferimento delle competenze non \u00e8 stata prevista una fase transitoria, inoltre nessuno si rende conto che la scuola \u00e8 complessa e ha le sue specificit\u00e0\u201d.<\/p>\n<p style=\"text-align: justify;\">Ma dal Ministero rassicurano. &#8220;E&#8217; gi\u00e0 stato predisposto un tavolo Miur-Inps e velocizzeremo il dialogo tra uffici territoriali del Miur e dell&#8217;Ente previdenziale e far parlare tra loro i rispettivi sistemi informativi, agevolando l&#8217;inserimento e il reperimento di quelle informazioni che consentono di accertare il diritto alla pensione del personale docente&#8221;, ha assicurato il ministro della Pubblica istruzione Marco Bussetti. In questa prima fase, l&#8217;attenzione del tavolo \u00e8 rivolta principalmente a quei docenti che hanno incontrato difficolt\u00e0 nella ricostruzione della carriera e per i quali \u00e8 stata registrata una non coincidenza tra il servizio prestato negli anni Settanta e Ottanta come supplenti e quello risultante dagli archivi Inps.<\/p>\n<p style=\"text-align: justify;\">\n<p style=\"text-align: justify;\">La questione dei diplomati magistrali. \u201cIl governo si \u00e8 impegnato a risolvere il problema. Ma finora ha preso tempo in attesa di provvedimenti pi\u00f9 efficaci. Le maestre col diploma magistrale immesse in ruolo a seguito dell\u2019inserimento nelle liste provinciali dei precari, in virt\u00f9 di specifici provvedimenti dei tribunali, che rischiano di essere licenziate sono circa 5mila. Per loro, ormai assunte a tempo indeterminato da un anno o pi\u00f9, il governo ha inserito nel Decreto dignit\u00e0 un comma che prevede, anche di fronte a sentenze sfavorevoli, che la situazione venga bloccata per 120 giorni: quattro mesi. Intanto, le prime sentenze sono arrivate e sono chiare: licenziamento perch\u00e9 il possesso del semplice diploma magistrale non d\u00e0 accesso alle graduatorie dei precari, da cui si reclutano met\u00e0 dei nuovi assunti. E\u2019 il caso di Salerno, dove una docente di scuola elementare, C.I., \u00e8 stata oggetto di una sentenza sfavorevole. E sar\u00e0 certamente licenziata se non interverranno novit\u00e0 entro il mese di novembre. E con lei altre 5mila.<\/p>\n<ul>\n<li><a href=\"http:\/\/www.repubblica.it\/scuola\/2018\/07\/08\/news\/scuola_si_annuncia_un_avvio_a_singhiozzo-201203101\/\" target=\"_blank\" rel=\"noopener\">l&#8217;articolo su Repubblica.it<\/a><\/li>\n<\/ul>\n\n<div class=\"twitter-share\"><a href=\"https:\/\/twitter.com\/intent\/tweet?via=UILScuolaBO_ER\" class=\"twitter-share-button\" data-size=\"large\">Tweet<\/a><\/div>\n","protected":false},"excerpt":{"rendered":"<p>Scuola, carenza di presidi e caos pensionamenti: si annuncia un avvio faticoso di SALVO INTRAVAIA08 Luglio 2018 Mancano dirigenti e segretari. E sui &#8220;collocamenti a &hellip; <\/p>\n","protected":false},"author":1,"featured_media":0,"comment_status":"closed","ping_status":"open","sticky":false,"template":"","format":"standard","meta":{"footnotes":""},"categories":[12],"tags":[],"yoast_head":"<!-- This site is optimized with the Yoast SEO plugin v21.7 - https:\/\/yoast.com\/wordpress\/plugins\/seo\/ -->\r\n<title>Rassegna stampa | Repubblica.it &gt;&gt;&gt; Scuola, carenza di presidi e caos pensionamenti: si annuncia un avvio faticoso - Repubblica.it - Uil Scuola Emilia Romagna<\/title>\r\n<meta name=\"robots\" content=\"index, follow, max-snippet:-1, max-image-preview:large, max-video-preview:-1\" \/>\r\n<link rel=\"canonical\" href=\"https:\/\/www.uilscuolaemiliaromagna.it\/public\/er\/2018\/07\/17\/rassegna-stampa-repubblica-it-scuola-carenza-di-presidi-e-caos-pensionamenti-si-annuncia-un-avvio-faticoso-repubblica-it\/\" \/>\r\n<meta property=\"og:locale\" content=\"it_IT\" \/>\r\n<meta property=\"og:type\" content=\"article\" \/>\r\n<meta property=\"og:title\" content=\"Rassegna stampa | Repubblica.it &gt;&gt;&gt; Scuola, carenza di presidi e caos pensionamenti: si annuncia un avvio faticoso - Repubblica.it - Uil Scuola Emilia Romagna\" \/>\r\n<meta property=\"og:description\" content=\"Scuola, carenza di presidi e caos pensionamenti: si annuncia un avvio faticoso di SALVO INTRAVAIA08 Luglio 2018 Mancano dirigenti e segretari. E sui &#8220;collocamenti a &hellip;\" \/>\r\n<meta property=\"og:url\" content=\"https:\/\/www.uilscuolaemiliaromagna.it\/public\/er\/2018\/07\/17\/rassegna-stampa-repubblica-it-scuola-carenza-di-presidi-e-caos-pensionamenti-si-annuncia-un-avvio-faticoso-repubblica-it\/\" \/>\r\n<meta property=\"og:site_name\" content=\"Uil Scuola Emilia Romagna\" \/>\r\n<meta property=\"article:published_time\" content=\"2018-07-17T13:44:03+00:00\" \/>\r\n<meta name=\"author\" content=\"admin\" \/>\r\n<meta name=\"twitter:card\" content=\"summary_large_image\" \/>\r\n<meta name=\"twitter:label1\" content=\"Scritto da\" \/>\n\t<meta name=\"twitter:data1\" content=\"admin\" \/>\n\t<meta name=\"twitter:label2\" content=\"Tempo di lettura stimato\" \/>\n\t<meta name=\"twitter:data2\" content=\"5 minuti\" \/>\r\n<script type=\"application\/ld+json\" class=\"yoast-schema-graph\">{\"@context\":\"https:\/\/schema.org\",\"@graph\":[{\"@type\":\"Article\",\"@id\":\"https:\/\/www.uilscuolaemiliaromagna.it\/public\/er\/2018\/07\/17\/rassegna-stampa-repubblica-it-scuola-carenza-di-presidi-e-caos-pensionamenti-si-annuncia-un-avvio-faticoso-repubblica-it\/#article\",\"isPartOf\":{\"@id\":\"https:\/\/www.uilscuolaemiliaromagna.it\/public\/er\/2018\/07\/17\/rassegna-stampa-repubblica-it-scuola-carenza-di-presidi-e-caos-pensionamenti-si-annuncia-un-avvio-faticoso-repubblica-it\/\"},\"author\":{\"name\":\"admin\",\"@id\":\"https:\/\/www.uilscuolaemiliaromagna.it\/public\/er\/#\/schema\/person\/f42878fd07a4b6ba2b7153d4fad5de5e\"},\"headline\":\"Rassegna stampa | Repubblica.it >>> Scuola, carenza di presidi e caos pensionamenti: si annuncia un avvio faticoso &#8211; Repubblica.it\",\"datePublished\":\"2018-07-17T13:44:03+00:00\",\"dateModified\":\"2018-07-17T13:44:03+00:00\",\"mainEntityOfPage\":{\"@id\":\"https:\/\/www.uilscuolaemiliaromagna.it\/public\/er\/2018\/07\/17\/rassegna-stampa-repubblica-it-scuola-carenza-di-presidi-e-caos-pensionamenti-si-annuncia-un-avvio-faticoso-repubblica-it\/\"},\"wordCount\":933,\"publisher\":{\"@id\":\"https:\/\/www.uilscuolaemiliaromagna.it\/public\/er\/#organization\"},\"articleSection\":[\"Notizie\"],\"inLanguage\":\"it-IT\"},{\"@type\":\"WebPage\",\"@id\":\"https:\/\/www.uilscuolaemiliaromagna.it\/public\/er\/2018\/07\/17\/rassegna-stampa-repubblica-it-scuola-carenza-di-presidi-e-caos-pensionamenti-si-annuncia-un-avvio-faticoso-repubblica-it\/\",\"url\":\"https:\/\/www.uilscuolaemiliaromagna.it\/public\/er\/2018\/07\/17\/rassegna-stampa-repubblica-it-scuola-carenza-di-presidi-e-caos-pensionamenti-si-annuncia-un-avvio-faticoso-repubblica-it\/\",\"name\":\"Rassegna stampa | Repubblica.it >>> Scuola, carenza di presidi e caos pensionamenti: si annuncia un avvio faticoso - Repubblica.it - Uil Scuola Emilia Romagna\",\"isPartOf\":{\"@id\":\"https:\/\/www.uilscuolaemiliaromagna.it\/public\/er\/#website\"},\"datePublished\":\"2018-07-17T13:44:03+00:00\",\"dateModified\":\"2018-07-17T13:44:03+00:00\",\"breadcrumb\":{\"@id\":\"https:\/\/www.uilscuolaemiliaromagna.it\/public\/er\/2018\/07\/17\/rassegna-stampa-repubblica-it-scuola-carenza-di-presidi-e-caos-pensionamenti-si-annuncia-un-avvio-faticoso-repubblica-it\/#breadcrumb\"},\"inLanguage\":\"it-IT\",\"potentialAction\":[{\"@type\":\"ReadAction\",\"target\":[\"https:\/\/www.uilscuolaemiliaromagna.it\/public\/er\/2018\/07\/17\/rassegna-stampa-repubblica-it-scuola-carenza-di-presidi-e-caos-pensionamenti-si-annuncia-un-avvio-faticoso-repubblica-it\/\"]}]},{\"@type\":\"BreadcrumbList\",\"@id\":\"https:\/\/www.uilscuolaemiliaromagna.it\/public\/er\/2018\/07\/17\/rassegna-stampa-repubblica-it-scuola-carenza-di-presidi-e-caos-pensionamenti-si-annuncia-un-avvio-faticoso-repubblica-it\/#breadcrumb\",\"itemListElement\":[{\"@type\":\"ListItem\",\"position\":1,\"name\":\"Home\",\"item\":\"https:\/\/www.uilscuolaemiliaromagna.it\/public\/er\/\"},{\"@type\":\"ListItem\",\"position\":2,\"name\":\"Rassegna stampa | Repubblica.it >>> Scuola, carenza di presidi e caos pensionamenti: si annuncia un avvio faticoso &#8211; Repubblica.it\"}]},{\"@type\":\"WebSite\",\"@id\":\"https:\/\/www.uilscuolaemiliaromagna.it\/public\/er\/#website\",\"url\":\"https:\/\/www.uilscuolaemiliaromagna.it\/public\/er\/\",\"name\":\"Uil Scuola Emilia Romagna\",\"description\":\"La voce libera della scuola\",\"publisher\":{\"@id\":\"https:\/\/www.uilscuolaemiliaromagna.it\/public\/er\/#organization\"},\"potentialAction\":[{\"@type\":\"SearchAction\",\"target\":{\"@type\":\"EntryPoint\",\"urlTemplate\":\"https:\/\/www.uilscuolaemiliaromagna.it\/public\/er\/?s={search_term_string}\"},\"query-input\":\"required name=search_term_string\"}],\"inLanguage\":\"it-IT\"},{\"@type\":\"Organization\",\"@id\":\"https:\/\/www.uilscuolaemiliaromagna.it\/public\/er\/#organization\",\"name\":\"Uil Scuola Emilia Romagna\",\"url\":\"https:\/\/www.uilscuolaemiliaromagna.it\/public\/er\/\",\"logo\":{\"@type\":\"ImageObject\",\"inLanguage\":\"it-IT\",\"@id\":\"https:\/\/www.uilscuolaemiliaromagna.it\/public\/er\/#\/schema\/logo\/image\/\",\"url\":\"https:\/\/www.uilscuolaemiliaromagna.it\/public\/er\/wp-content\/uploads\/2017\/04\/cropped-header.png\",\"contentUrl\":\"https:\/\/www.uilscuolaemiliaromagna.it\/public\/er\/wp-content\/uploads\/2017\/04\/cropped-header.png\",\"width\":1000,\"height\":150,\"caption\":\"Uil Scuola Emilia Romagna\"},\"image\":{\"@id\":\"https:\/\/www.uilscuolaemiliaromagna.it\/public\/er\/#\/schema\/logo\/image\/\"}},{\"@type\":\"Person\",\"@id\":\"https:\/\/www.uilscuolaemiliaromagna.it\/public\/er\/#\/schema\/person\/f42878fd07a4b6ba2b7153d4fad5de5e\",\"name\":\"admin\",\"image\":{\"@type\":\"ImageObject\",\"inLanguage\":\"it-IT\",\"@id\":\"https:\/\/www.uilscuolaemiliaromagna.it\/public\/er\/#\/schema\/person\/image\/\",\"url\":\"https:\/\/secure.gravatar.com\/avatar\/aebf815ae2f30ffdae8b8c247273d34c?s=96&d=mm&r=g\",\"contentUrl\":\"https:\/\/secure.gravatar.com\/avatar\/aebf815ae2f30ffdae8b8c247273d34c?s=96&d=mm&r=g\",\"caption\":\"admin\"},\"url\":\"https:\/\/www.uilscuolaemiliaromagna.it\/public\/er\/author\/admin\/\"}]}<\/script>\r\n<!-- \/ Yoast SEO plugin. -->","yoast_head_json":{"title":"Rassegna stampa | Repubblica.it >>> Scuola, carenza di presidi e caos pensionamenti: si annuncia un avvio faticoso - Repubblica.it - Uil Scuola Emilia Romagna","robots":{"index":"index","follow":"follow","max-snippet":"max-snippet:-1","max-image-preview":"max-image-preview:large","max-video-preview":"max-video-preview:-1"},"canonical":"https:\/\/www.uilscuolaemiliaromagna.it\/public\/er\/2018\/07\/17\/rassegna-stampa-repubblica-it-scuola-carenza-di-presidi-e-caos-pensionamenti-si-annuncia-un-avvio-faticoso-repubblica-it\/","og_locale":"it_IT","og_type":"article","og_title":"Rassegna stampa | Repubblica.it >>> Scuola, carenza di presidi e caos pensionamenti: si annuncia un avvio faticoso - Repubblica.it - Uil Scuola Emilia Romagna","og_description":"Scuola, carenza di presidi e caos pensionamenti: si annuncia un avvio faticoso di SALVO INTRAVAIA08 Luglio 2018 Mancano dirigenti e segretari. E sui &#8220;collocamenti a &hellip;","og_url":"https:\/\/www.uilscuolaemiliaromagna.it\/public\/er\/2018\/07\/17\/rassegna-stampa-repubblica-it-scuola-carenza-di-presidi-e-caos-pensionamenti-si-annuncia-un-avvio-faticoso-repubblica-it\/","og_site_name":"Uil Scuola Emilia Romagna","article_published_time":"2018-07-17T13:44:03+00:00","author":"admin","twitter_card":"summary_large_image","twitter_misc":{"Scritto da":"admin","Tempo di lettura stimato":"5 minuti"},"schema":{"@context":"https:\/\/schema.org","@graph":[{"@type":"Article","@id":"https:\/\/www.uilscuolaemiliaromagna.it\/public\/er\/2018\/07\/17\/rassegna-stampa-repubblica-it-scuola-carenza-di-presidi-e-caos-pensionamenti-si-annuncia-un-avvio-faticoso-repubblica-it\/#article","isPartOf":{"@id":"https:\/\/www.uilscuolaemiliaromagna.it\/public\/er\/2018\/07\/17\/rassegna-stampa-repubblica-it-scuola-carenza-di-presidi-e-caos-pensionamenti-si-annuncia-un-avvio-faticoso-repubblica-it\/"},"author":{"name":"admin","@id":"https:\/\/www.uilscuolaemiliaromagna.it\/public\/er\/#\/schema\/person\/f42878fd07a4b6ba2b7153d4fad5de5e"},"headline":"Rassegna stampa | Repubblica.it >>> Scuola, carenza di presidi e caos pensionamenti: si annuncia un avvio faticoso &#8211; Repubblica.it","datePublished":"2018-07-17T13:44:03+00:00","dateModified":"2018-07-17T13:44:03+00:00","mainEntityOfPage":{"@id":"https:\/\/www.uilscuolaemiliaromagna.it\/public\/er\/2018\/07\/17\/rassegna-stampa-repubblica-it-scuola-carenza-di-presidi-e-caos-pensionamenti-si-annuncia-un-avvio-faticoso-repubblica-it\/"},"wordCount":933,"publisher":{"@id":"https:\/\/www.uilscuolaemiliaromagna.it\/public\/er\/#organization"},"articleSection":["Notizie"],"inLanguage":"it-IT"},{"@type":"WebPage","@id":"https:\/\/www.uilscuolaemiliaromagna.it\/public\/er\/2018\/07\/17\/rassegna-stampa-repubblica-it-scuola-carenza-di-presidi-e-caos-pensionamenti-si-annuncia-un-avvio-faticoso-repubblica-it\/","url":"https:\/\/www.uilscuolaemiliaromagna.it\/public\/er\/2018\/07\/17\/rassegna-stampa-repubblica-it-scuola-carenza-di-presidi-e-caos-pensionamenti-si-annuncia-un-avvio-faticoso-repubblica-it\/","name":"Rassegna stampa | Repubblica.it >>> Scuola, carenza di presidi e caos pensionamenti: si annuncia un avvio faticoso - Repubblica.it - Uil Scuola Emilia Romagna","isPartOf":{"@id":"https:\/\/www.uilscuolaemiliaromagna.it\/public\/er\/#website"},"datePublished":"2018-07-17T13:44:03+00:00","dateModified":"2018-07-17T13:44:03+00:00","breadcrumb":{"@id":"https:\/\/www.uilscuolaemiliaromagna.it\/public\/er\/2018\/07\/17\/rassegna-stampa-repubblica-it-scuola-carenza-di-presidi-e-caos-pensionamenti-si-annuncia-un-avvio-faticoso-repubblica-it\/#breadcrumb"},"inLanguage":"it-IT","potentialAction":[{"@type":"ReadAction","target":["https:\/\/www.uilscuolaemiliaromagna.it\/public\/er\/2018\/07\/17\/rassegna-stampa-repubblica-it-scuola-carenza-di-presidi-e-caos-pensionamenti-si-annuncia-un-avvio-faticoso-repubblica-it\/"]}]},{"@type":"BreadcrumbList","@id":"https:\/\/www.uilscuolaemiliaromagna.it\/public\/er\/2018\/07\/17\/rassegna-stampa-repubblica-it-scuola-carenza-di-presidi-e-caos-pensionamenti-si-annuncia-un-avvio-faticoso-repubblica-it\/#breadcrumb","itemListElement":[{"@type":"ListItem","position":1,"name":"Home","item":"https:\/\/www.uilscuolaemiliaromagna.it\/public\/er\/"},{"@type":"ListItem","position":2,"name":"Rassegna stampa | Repubblica.it >>> Scuola, carenza di presidi e caos pensionamenti: si annuncia un avvio faticoso &#8211; Repubblica.it"}]},{"@type":"WebSite","@id":"https:\/\/www.uilscuolaemiliaromagna.it\/public\/er\/#website","url":"https:\/\/www.uilscuolaemiliaromagna.it\/public\/er\/","name":"Uil Scuola Emilia Romagna","description":"La voce libera della scuola","publisher":{"@id":"https:\/\/www.uilscuolaemiliaromagna.it\/public\/er\/#organization"},"potentialAction":[{"@type":"SearchAction","target":{"@type":"EntryPoint","urlTemplate":"https:\/\/www.uilscuolaemiliaromagna.it\/public\/er\/?s={search_term_string}"},"query-input":"required name=search_term_string"}],"inLanguage":"it-IT"},{"@type":"Organization","@id":"https:\/\/www.uilscuolaemiliaromagna.it\/public\/er\/#organization","name":"Uil Scuola Emilia Romagna","url":"https:\/\/www.uilscuolaemiliaromagna.it\/public\/er\/","logo":{"@type":"ImageObject","inLanguage":"it-IT","@id":"https:\/\/www.uilscuolaemiliaromagna.it\/public\/er\/#\/schema\/logo\/image\/","url":"https:\/\/www.uilscuolaemiliaromagna.it\/public\/er\/wp-content\/uploads\/2017\/04\/cropped-header.png","contentUrl":"https:\/\/www.uilscuolaemiliaromagna.it\/public\/er\/wp-content\/uploads\/2017\/04\/cropped-header.png","width":1000,"height":150,"caption":"Uil Scuola Emilia Romagna"},"image":{"@id":"https:\/\/www.uilscuolaemiliaromagna.it\/public\/er\/#\/schema\/logo\/image\/"}},{"@type":"Person","@id":"https:\/\/www.uilscuolaemiliaromagna.it\/public\/er\/#\/schema\/person\/f42878fd07a4b6ba2b7153d4fad5de5e","name":"admin","image":{"@type":"ImageObject","inLanguage":"it-IT","@id":"https:\/\/www.uilscuolaemiliaromagna.it\/public\/er\/#\/schema\/person\/image\/","url":"https:\/\/secure.gravatar.com\/avatar\/aebf815ae2f30ffdae8b8c247273d34c?s=96&d=mm&r=g","contentUrl":"https:\/\/secure.gravatar.com\/avatar\/aebf815ae2f30ffdae8b8c247273d34c?s=96&d=mm&r=g","caption":"admin"},"url":"https:\/\/www.uilscuolaemiliaromagna.it\/public\/er\/author\/admin\/"}]}},"views":866,"_links":{"self":[{"href":"https:\/\/www.uilscuolaemiliaromagna.it\/public\/er\/wp-json\/wp\/v2\/posts\/3097"}],"collection":[{"href":"https:\/\/www.uilscuolaemiliaromagna.it\/public\/er\/wp-json\/wp\/v2\/posts"}],"about":[{"href":"https:\/\/www.uilscuolaemiliaromagna.it\/public\/er\/wp-json\/wp\/v2\/types\/post"}],"author":[{"embeddable":true,"href":"https:\/\/www.uilscuolaemiliaromagna.it\/public\/er\/wp-json\/wp\/v2\/users\/1"}],"replies":[{"embeddable":true,"href":"https:\/\/www.uilscuolaemiliaromagna.it\/public\/er\/wp-json\/wp\/v2\/comments?post=3097"}],"version-history":[{"count":1,"href":"https:\/\/www.uilscuolaemiliaromagna.it\/public\/er\/wp-json\/wp\/v2\/posts\/3097\/revisions"}],"predecessor-version":[{"id":3098,"href":"https:\/\/www.uilscuolaemiliaromagna.it\/public\/er\/wp-json\/wp\/v2\/posts\/3097\/revisions\/3098"}],"wp:attachment":[{"href":"https:\/\/www.uilscuolaemiliaromagna.it\/public\/er\/wp-json\/wp\/v2\/media?parent=3097"}],"wp:term":[{"taxonomy":"category","embeddable":true,"href":"https:\/\/www.uilscuolaemiliaromagna.it\/public\/er\/wp-json\/wp\/v2\/categories?post=3097"},{"taxonomy":"post_tag","embeddable":true,"href":"https:\/\/www.uilscuolaemiliaromagna.it\/public\/er\/wp-json\/wp\/v2\/tags?post=3097"}],"curies":[{"name":"wp","href":"https:\/\/api.w.org\/{rel}","templated":true}]}}