{"id":3102,"date":"2018-07-17T19:26:40","date_gmt":"2018-07-17T17:26:40","guid":{"rendered":"http:\/\/www.uilscuolaemiliaromagna.it\/public\/er\/?p=3102"},"modified":"2018-07-19T19:29:17","modified_gmt":"2018-07-19T17:29:17","slug":"domande-di-pensione-controlli-a-rilento-sindacati-pronti-a-collaborare-con-miur-e-inps-in-ogni-provincia-per-accelerare-i-tempi","status":"publish","type":"post","link":"https:\/\/www.uilscuolaemiliaromagna.it\/public\/er\/2018\/07\/17\/domande-di-pensione-controlli-a-rilento-sindacati-pronti-a-collaborare-con-miur-e-inps-in-ogni-provincia-per-accelerare-i-tempi\/","title":{"rendered":"Domande di pensione, controlli a rilento. Sindacati pronti a collaborare con Miur e Inps in ogni provincia per accelerare i tempi."},"content":{"rendered":"<p style=\"text-align: justify;\">A seguito di ripetute richieste di confronto su una questione \u2013 il controllo delle domande di cessazione dal servizio del personale della scuola \u2013 che trascinandosi ulteriormente rischia di impattare in modo molto negativo sull\u2019imminente avvio del nuovo anno scolastico, con gravi danni agli interessati e all\u2019utenza, si \u00e8 svolto questa mattina un incontro convocato dal Capo di Gabinetto del MIUR al quale ha partecipato, insieme ai funzionari degli uffici preposti, anche la Direttrice Generale dell\u2019INPS.<\/p>\n<p style=\"text-align: justify;\">\nL\u2019allarme lanciato da Flc CGIL, CISL Scuola e UIL Scuola nasce dal fatto che sono quasi 5000 le domande di cessazione dal servizio ancora ferme per i controlli in corso da parte dell\u2019INPS, controlli che si trascinano da tempo con pesanti ricadute sui diretti interessati, ancora in attesa di sapere se potranno accedere alla pensione, ma anche sulla gestione delle operazioni di mobilit\u00e0 del personale, non essendo stata ancora acquisita la disponibilit\u00e0 dei posti liberati da chi potrebbe cessare dal servizio.<\/p>\n<p style=\"text-align: justify;\">\nDa tempo abbiamo segnalato alcune delle criticit\u00e0 che stanno rallentando le procedure: si va da incongruenze del programma utilizzato dall\u2019INPS per il conteggio dei servizi preruolo, impostato con un meccanismo penalizzante, a rigidit\u00e0 interpretative sulle norme riguardanti i riscatti in determinate situazioni (aspettative e congedi per motivi di famiglia, servizi in enti locali, ecc.), o ancora dalla mancanza di dialogo tra i sistemi informatici utilizzati dall\u2019INPS e da altri enti o istituzioni (MIUR, MEF), rendendo impossibile effettuare rapidamente controlli incrociati.<\/p>\n<p style=\"text-align: justify;\">\nNonostante l\u2019Istituto di Previdenza sostenga, come riportato anche nel comunicato diffuso insieme al MIUR, che il numero delle pratiche ad oggi non accolte sia inferiore a quello del 2017, le organizzazioni sindacali hanno rilevato che le novit\u00e0 introdotte da quest\u2019anno nelle modalit\u00e0 di certificazione dei requisiti hanno comunque provocato un rallentamento significativo delle procedure, con impatto molto forte soprattutto nelle aree metropolitane, in particolare a Roma e a Milano. \u00c8 stato perci\u00f2 richiesto un impegno straordinario degli uffici provinciali dell\u2019INPS, garantendo la disponibilit\u00e0 dei sindacati e dei loro Patronati a collaborare per accelerare quanto pi\u00f9 possibile le verifiche in corso, ponendo cos\u00ec fine quanto prima a una situazione di attesa non giustificabile e non pi\u00f9 tollerabile.<\/p>\n<p style=\"text-align: justify;\">\nChe il dialogo tra i sistemi vada migliorato, rendendo possibile anche un\u2019accelerazione dei tempi, \u00e8 lo stesso comunicato congiunto MIUR \u2013 INPS ad ammetterlo; l\u2019annuncio di interventi in questa direzione per le pratiche del 2019 \u00e8 un\u2019implicita conferma di quanto siano fondate le questioni sollevate dalle organizzazioni sindacali.<\/p>\n<p style=\"text-align: justify;\">\nPur avendo acquisito la disponibilit\u00e0 di tutti i soggetti presenti ad attivare i richiesti tavoli di confronto in sede locale, le Organizzazioni Sindacali si sono comunque riservate di seguire la via del contenzioso individuale e collettivo qualora ci\u00f2 si rendesse necessario per la tutela degli interessati.<\/p>\n<p style=\"text-align: left;\">\nRoma, 17 luglio 2018<\/p>\n<p style=\"text-align: left;\">\nFLC CGIL \u00a0 \u00a0 \u00a0 \u00a0 \u00a0 \u00a0 \u00a0 \u00a0 \u00a0 \u00a0 \u00a0 \u00a0 \u00a0 \u00a0 \u00a0 \u00a0 \u00a0 \u00a0 \u00a0 \u00a0 \u00a0 \u00a0 \u00a0 \u00a0 \u00a0 \u00a0 \u00a0 \u00a0 \u00a0 \u00a0 \u00a0 \u00a0\u00a0<span style=\"display: inline !important; float: none; background-color: transparent; color: #333333; cursor: text; font-family: Georgia,'Times New Roman','Bitstream Charter',Times,serif; font-size: 16px; font-style: normal; font-variant: normal; font-weight: 400; letter-spacing: normal; line-height: 24px; orphans: 2; text-align: left; text-decoration: none; text-indent: 0px; text-transform: none; -webkit-text-stroke-width: 0px; white-space: normal; word-spacing: 0px;\">CISL SCUOLA \u00a0 \u00a0 \u00a0 \u00a0 \u00a0 \u00a0 \u00a0 \u00a0 \u00a0 \u00a0 \u00a0 \u00a0 \u00a0 \u00a0 \u00a0 \u00a0 \u00a0 \u00a0 \u00a0UIL SCUOLA<\/span><br \/>\nFrancesco Sinopoli \u00a0 \u00a0 \u00a0 \u00a0 \u00a0 \u00a0 \u00a0 \u00a0 \u00a0 \u00a0 \u00a0 \u00a0 \u00a0 \u00a0 \u00a0 \u00a0 \u00a0 \u00a0 \u00a0 \u00a0 \u00a0 \u00a0 \u00a0 Maddalena Gissi \u00a0 \u00a0 \u00a0 \u00a0 \u00a0 \u00a0 \u00a0 \u00a0 \u00a0 \u00a0 \u00a0 \u00a0 \u00a0 \u00a0 \u00a0 \u00a0 \u00a0 <span style=\"display: inline !important; float: none; background-color: transparent; color: #333333; cursor: text; font-family: Georgia,'Times New Roman','Bitstream Charter',Times,serif; font-size: 16px; font-style: normal; font-variant: normal; font-weight: 400; letter-spacing: normal; line-height: 24px; orphans: 2; text-align: left; text-decoration: none; text-indent: 0px; text-transform: none; -webkit-text-stroke-width: 0px; white-space: normal; word-spacing: 0px;\">Giuseppe Turi<\/span><\/p>\n<p>&nbsp;<\/p>\n\n<div class=\"twitter-share\"><a href=\"https:\/\/twitter.com\/intent\/tweet?via=UILScuolaBO_ER\" class=\"twitter-share-button\" data-size=\"large\">Tweet<\/a><\/div>\n","protected":false},"excerpt":{"rendered":"<p>A seguito di ripetute richieste di confronto su una questione \u2013 il controllo delle domande di cessazione dal servizio del personale della scuola \u2013 che &hellip; <\/p>\n","protected":false},"author":1,"featured_media":0,"comment_status":"closed","ping_status":"open","sticky":false,"template":"","format":"standard","meta":{"footnotes":""},"categories":[2,12,6,7],"tags":[],"yoast_head":"<!-- This site is optimized with the Yoast SEO plugin v21.7 - https:\/\/yoast.com\/wordpress\/plugins\/seo\/ -->\r\n<title>Domande di pensione, controlli a rilento. Sindacati pronti a collaborare con Miur e Inps in ogni provincia per accelerare i tempi. - Uil Scuola Emilia Romagna<\/title>\r\n<meta name=\"robots\" content=\"index, follow, max-snippet:-1, max-image-preview:large, max-video-preview:-1\" \/>\r\n<link rel=\"canonical\" href=\"https:\/\/www.uilscuolaemiliaromagna.it\/public\/er\/2018\/07\/17\/domande-di-pensione-controlli-a-rilento-sindacati-pronti-a-collaborare-con-miur-e-inps-in-ogni-provincia-per-accelerare-i-tempi\/\" \/>\r\n<meta property=\"og:locale\" content=\"it_IT\" \/>\r\n<meta property=\"og:type\" content=\"article\" \/>\r\n<meta property=\"og:title\" content=\"Domande di pensione, controlli a rilento. Sindacati pronti a collaborare con Miur e Inps in ogni provincia per accelerare i tempi. - Uil Scuola Emilia Romagna\" \/>\r\n<meta property=\"og:description\" content=\"A seguito di ripetute richieste di confronto su una questione \u2013 il controllo delle domande di cessazione dal servizio del personale della scuola \u2013 che &hellip;\" \/>\r\n<meta property=\"og:url\" content=\"https:\/\/www.uilscuolaemiliaromagna.it\/public\/er\/2018\/07\/17\/domande-di-pensione-controlli-a-rilento-sindacati-pronti-a-collaborare-con-miur-e-inps-in-ogni-provincia-per-accelerare-i-tempi\/\" \/>\r\n<meta property=\"og:site_name\" content=\"Uil Scuola Emilia Romagna\" \/>\r\n<meta property=\"article:published_time\" content=\"2018-07-17T17:26:40+00:00\" \/>\r\n<meta property=\"article:modified_time\" content=\"2018-07-19T17:29:17+00:00\" \/>\r\n<meta name=\"author\" content=\"admin\" \/>\r\n<meta name=\"twitter:card\" content=\"summary_large_image\" \/>\r\n<meta name=\"twitter:label1\" content=\"Scritto da\" \/>\n\t<meta name=\"twitter:data1\" content=\"admin\" \/>\n\t<meta name=\"twitter:label2\" content=\"Tempo di lettura stimato\" \/>\n\t<meta name=\"twitter:data2\" content=\"2 minuti\" \/>\r\n<script type=\"application\/ld+json\" class=\"yoast-schema-graph\">{\"@context\":\"https:\/\/schema.org\",\"@graph\":[{\"@type\":\"Article\",\"@id\":\"https:\/\/www.uilscuolaemiliaromagna.it\/public\/er\/2018\/07\/17\/domande-di-pensione-controlli-a-rilento-sindacati-pronti-a-collaborare-con-miur-e-inps-in-ogni-provincia-per-accelerare-i-tempi\/#article\",\"isPartOf\":{\"@id\":\"https:\/\/www.uilscuolaemiliaromagna.it\/public\/er\/2018\/07\/17\/domande-di-pensione-controlli-a-rilento-sindacati-pronti-a-collaborare-con-miur-e-inps-in-ogni-provincia-per-accelerare-i-tempi\/\"},\"author\":{\"name\":\"admin\",\"@id\":\"https:\/\/www.uilscuolaemiliaromagna.it\/public\/er\/#\/schema\/person\/f42878fd07a4b6ba2b7153d4fad5de5e\"},\"headline\":\"Domande di pensione, controlli a rilento. Sindacati pronti a collaborare con Miur e Inps in ogni provincia per accelerare i tempi.\",\"datePublished\":\"2018-07-17T17:26:40+00:00\",\"dateModified\":\"2018-07-19T17:29:17+00:00\",\"mainEntityOfPage\":{\"@id\":\"https:\/\/www.uilscuolaemiliaromagna.it\/public\/er\/2018\/07\/17\/domande-di-pensione-controlli-a-rilento-sindacati-pronti-a-collaborare-con-miur-e-inps-in-ogni-provincia-per-accelerare-i-tempi\/\"},\"wordCount\":486,\"publisher\":{\"@id\":\"https:\/\/www.uilscuolaemiliaromagna.it\/public\/er\/#organization\"},\"articleSection\":[\"ATA\",\"Notizie\",\"Personale Docente\",\"Personale Educativo\"],\"inLanguage\":\"it-IT\"},{\"@type\":\"WebPage\",\"@id\":\"https:\/\/www.uilscuolaemiliaromagna.it\/public\/er\/2018\/07\/17\/domande-di-pensione-controlli-a-rilento-sindacati-pronti-a-collaborare-con-miur-e-inps-in-ogni-provincia-per-accelerare-i-tempi\/\",\"url\":\"https:\/\/www.uilscuolaemiliaromagna.it\/public\/er\/2018\/07\/17\/domande-di-pensione-controlli-a-rilento-sindacati-pronti-a-collaborare-con-miur-e-inps-in-ogni-provincia-per-accelerare-i-tempi\/\",\"name\":\"Domande di pensione, controlli a rilento. Sindacati pronti a collaborare con Miur e Inps in ogni provincia per accelerare i tempi. - Uil Scuola Emilia Romagna\",\"isPartOf\":{\"@id\":\"https:\/\/www.uilscuolaemiliaromagna.it\/public\/er\/#website\"},\"datePublished\":\"2018-07-17T17:26:40+00:00\",\"dateModified\":\"2018-07-19T17:29:17+00:00\",\"breadcrumb\":{\"@id\":\"https:\/\/www.uilscuolaemiliaromagna.it\/public\/er\/2018\/07\/17\/domande-di-pensione-controlli-a-rilento-sindacati-pronti-a-collaborare-con-miur-e-inps-in-ogni-provincia-per-accelerare-i-tempi\/#breadcrumb\"},\"inLanguage\":\"it-IT\",\"potentialAction\":[{\"@type\":\"ReadAction\",\"target\":[\"https:\/\/www.uilscuolaemiliaromagna.it\/public\/er\/2018\/07\/17\/domande-di-pensione-controlli-a-rilento-sindacati-pronti-a-collaborare-con-miur-e-inps-in-ogni-provincia-per-accelerare-i-tempi\/\"]}]},{\"@type\":\"BreadcrumbList\",\"@id\":\"https:\/\/www.uilscuolaemiliaromagna.it\/public\/er\/2018\/07\/17\/domande-di-pensione-controlli-a-rilento-sindacati-pronti-a-collaborare-con-miur-e-inps-in-ogni-provincia-per-accelerare-i-tempi\/#breadcrumb\",\"itemListElement\":[{\"@type\":\"ListItem\",\"position\":1,\"name\":\"Home\",\"item\":\"https:\/\/www.uilscuolaemiliaromagna.it\/public\/er\/\"},{\"@type\":\"ListItem\",\"position\":2,\"name\":\"Domande di pensione, controlli a rilento. Sindacati pronti a collaborare con Miur e Inps in ogni provincia per accelerare i tempi.\"}]},{\"@type\":\"WebSite\",\"@id\":\"https:\/\/www.uilscuolaemiliaromagna.it\/public\/er\/#website\",\"url\":\"https:\/\/www.uilscuolaemiliaromagna.it\/public\/er\/\",\"name\":\"Uil Scuola Emilia Romagna\",\"description\":\"La voce libera della scuola\",\"publisher\":{\"@id\":\"https:\/\/www.uilscuolaemiliaromagna.it\/public\/er\/#organization\"},\"potentialAction\":[{\"@type\":\"SearchAction\",\"target\":{\"@type\":\"EntryPoint\",\"urlTemplate\":\"https:\/\/www.uilscuolaemiliaromagna.it\/public\/er\/?s={search_term_string}\"},\"query-input\":\"required name=search_term_string\"}],\"inLanguage\":\"it-IT\"},{\"@type\":\"Organization\",\"@id\":\"https:\/\/www.uilscuolaemiliaromagna.it\/public\/er\/#organization\",\"name\":\"Uil Scuola Emilia Romagna\",\"url\":\"https:\/\/www.uilscuolaemiliaromagna.it\/public\/er\/\",\"logo\":{\"@type\":\"ImageObject\",\"inLanguage\":\"it-IT\",\"@id\":\"https:\/\/www.uilscuolaemiliaromagna.it\/public\/er\/#\/schema\/logo\/image\/\",\"url\":\"https:\/\/www.uilscuolaemiliaromagna.it\/public\/er\/wp-content\/uploads\/2017\/04\/cropped-header.png\",\"contentUrl\":\"https:\/\/www.uilscuolaemiliaromagna.it\/public\/er\/wp-content\/uploads\/2017\/04\/cropped-header.png\",\"width\":1000,\"height\":150,\"caption\":\"Uil Scuola Emilia Romagna\"},\"image\":{\"@id\":\"https:\/\/www.uilscuolaemiliaromagna.it\/public\/er\/#\/schema\/logo\/image\/\"}},{\"@type\":\"Person\",\"@id\":\"https:\/\/www.uilscuolaemiliaromagna.it\/public\/er\/#\/schema\/person\/f42878fd07a4b6ba2b7153d4fad5de5e\",\"name\":\"admin\",\"image\":{\"@type\":\"ImageObject\",\"inLanguage\":\"it-IT\",\"@id\":\"https:\/\/www.uilscuolaemiliaromagna.it\/public\/er\/#\/schema\/person\/image\/\",\"url\":\"https:\/\/secure.gravatar.com\/avatar\/aebf815ae2f30ffdae8b8c247273d34c?s=96&d=mm&r=g\",\"contentUrl\":\"https:\/\/secure.gravatar.com\/avatar\/aebf815ae2f30ffdae8b8c247273d34c?s=96&d=mm&r=g\",\"caption\":\"admin\"},\"url\":\"https:\/\/www.uilscuolaemiliaromagna.it\/public\/er\/author\/admin\/\"}]}<\/script>\r\n<!-- \/ Yoast SEO plugin. -->","yoast_head_json":{"title":"Domande di pensione, controlli a rilento. Sindacati pronti a collaborare con Miur e Inps in ogni provincia per accelerare i tempi. - Uil Scuola Emilia Romagna","robots":{"index":"index","follow":"follow","max-snippet":"max-snippet:-1","max-image-preview":"max-image-preview:large","max-video-preview":"max-video-preview:-1"},"canonical":"https:\/\/www.uilscuolaemiliaromagna.it\/public\/er\/2018\/07\/17\/domande-di-pensione-controlli-a-rilento-sindacati-pronti-a-collaborare-con-miur-e-inps-in-ogni-provincia-per-accelerare-i-tempi\/","og_locale":"it_IT","og_type":"article","og_title":"Domande di pensione, controlli a rilento. Sindacati pronti a collaborare con Miur e Inps in ogni provincia per accelerare i tempi. - Uil Scuola Emilia Romagna","og_description":"A seguito di ripetute richieste di confronto su una questione \u2013 il controllo delle domande di cessazione dal servizio del personale della scuola \u2013 che &hellip;","og_url":"https:\/\/www.uilscuolaemiliaromagna.it\/public\/er\/2018\/07\/17\/domande-di-pensione-controlli-a-rilento-sindacati-pronti-a-collaborare-con-miur-e-inps-in-ogni-provincia-per-accelerare-i-tempi\/","og_site_name":"Uil Scuola Emilia Romagna","article_published_time":"2018-07-17T17:26:40+00:00","article_modified_time":"2018-07-19T17:29:17+00:00","author":"admin","twitter_card":"summary_large_image","twitter_misc":{"Scritto da":"admin","Tempo di lettura stimato":"2 minuti"},"schema":{"@context":"https:\/\/schema.org","@graph":[{"@type":"Article","@id":"https:\/\/www.uilscuolaemiliaromagna.it\/public\/er\/2018\/07\/17\/domande-di-pensione-controlli-a-rilento-sindacati-pronti-a-collaborare-con-miur-e-inps-in-ogni-provincia-per-accelerare-i-tempi\/#article","isPartOf":{"@id":"https:\/\/www.uilscuolaemiliaromagna.it\/public\/er\/2018\/07\/17\/domande-di-pensione-controlli-a-rilento-sindacati-pronti-a-collaborare-con-miur-e-inps-in-ogni-provincia-per-accelerare-i-tempi\/"},"author":{"name":"admin","@id":"https:\/\/www.uilscuolaemiliaromagna.it\/public\/er\/#\/schema\/person\/f42878fd07a4b6ba2b7153d4fad5de5e"},"headline":"Domande di pensione, controlli a rilento. Sindacati pronti a collaborare con Miur e Inps in ogni provincia per accelerare i tempi.","datePublished":"2018-07-17T17:26:40+00:00","dateModified":"2018-07-19T17:29:17+00:00","mainEntityOfPage":{"@id":"https:\/\/www.uilscuolaemiliaromagna.it\/public\/er\/2018\/07\/17\/domande-di-pensione-controlli-a-rilento-sindacati-pronti-a-collaborare-con-miur-e-inps-in-ogni-provincia-per-accelerare-i-tempi\/"},"wordCount":486,"publisher":{"@id":"https:\/\/www.uilscuolaemiliaromagna.it\/public\/er\/#organization"},"articleSection":["ATA","Notizie","Personale Docente","Personale Educativo"],"inLanguage":"it-IT"},{"@type":"WebPage","@id":"https:\/\/www.uilscuolaemiliaromagna.it\/public\/er\/2018\/07\/17\/domande-di-pensione-controlli-a-rilento-sindacati-pronti-a-collaborare-con-miur-e-inps-in-ogni-provincia-per-accelerare-i-tempi\/","url":"https:\/\/www.uilscuolaemiliaromagna.it\/public\/er\/2018\/07\/17\/domande-di-pensione-controlli-a-rilento-sindacati-pronti-a-collaborare-con-miur-e-inps-in-ogni-provincia-per-accelerare-i-tempi\/","name":"Domande di pensione, controlli a rilento. Sindacati pronti a collaborare con Miur e Inps in ogni provincia per accelerare i tempi. - Uil Scuola Emilia Romagna","isPartOf":{"@id":"https:\/\/www.uilscuolaemiliaromagna.it\/public\/er\/#website"},"datePublished":"2018-07-17T17:26:40+00:00","dateModified":"2018-07-19T17:29:17+00:00","breadcrumb":{"@id":"https:\/\/www.uilscuolaemiliaromagna.it\/public\/er\/2018\/07\/17\/domande-di-pensione-controlli-a-rilento-sindacati-pronti-a-collaborare-con-miur-e-inps-in-ogni-provincia-per-accelerare-i-tempi\/#breadcrumb"},"inLanguage":"it-IT","potentialAction":[{"@type":"ReadAction","target":["https:\/\/www.uilscuolaemiliaromagna.it\/public\/er\/2018\/07\/17\/domande-di-pensione-controlli-a-rilento-sindacati-pronti-a-collaborare-con-miur-e-inps-in-ogni-provincia-per-accelerare-i-tempi\/"]}]},{"@type":"BreadcrumbList","@id":"https:\/\/www.uilscuolaemiliaromagna.it\/public\/er\/2018\/07\/17\/domande-di-pensione-controlli-a-rilento-sindacati-pronti-a-collaborare-con-miur-e-inps-in-ogni-provincia-per-accelerare-i-tempi\/#breadcrumb","itemListElement":[{"@type":"ListItem","position":1,"name":"Home","item":"https:\/\/www.uilscuolaemiliaromagna.it\/public\/er\/"},{"@type":"ListItem","position":2,"name":"Domande di pensione, controlli a rilento. Sindacati pronti a collaborare con Miur e Inps in ogni provincia per accelerare i tempi."}]},{"@type":"WebSite","@id":"https:\/\/www.uilscuolaemiliaromagna.it\/public\/er\/#website","url":"https:\/\/www.uilscuolaemiliaromagna.it\/public\/er\/","name":"Uil Scuola Emilia Romagna","description":"La voce libera della scuola","publisher":{"@id":"https:\/\/www.uilscuolaemiliaromagna.it\/public\/er\/#organization"},"potentialAction":[{"@type":"SearchAction","target":{"@type":"EntryPoint","urlTemplate":"https:\/\/www.uilscuolaemiliaromagna.it\/public\/er\/?s={search_term_string}"},"query-input":"required name=search_term_string"}],"inLanguage":"it-IT"},{"@type":"Organization","@id":"https:\/\/www.uilscuolaemiliaromagna.it\/public\/er\/#organization","name":"Uil Scuola Emilia Romagna","url":"https:\/\/www.uilscuolaemiliaromagna.it\/public\/er\/","logo":{"@type":"ImageObject","inLanguage":"it-IT","@id":"https:\/\/www.uilscuolaemiliaromagna.it\/public\/er\/#\/schema\/logo\/image\/","url":"https:\/\/www.uilscuolaemiliaromagna.it\/public\/er\/wp-content\/uploads\/2017\/04\/cropped-header.png","contentUrl":"https:\/\/www.uilscuolaemiliaromagna.it\/public\/er\/wp-content\/uploads\/2017\/04\/cropped-header.png","width":1000,"height":150,"caption":"Uil Scuola Emilia Romagna"},"image":{"@id":"https:\/\/www.uilscuolaemiliaromagna.it\/public\/er\/#\/schema\/logo\/image\/"}},{"@type":"Person","@id":"https:\/\/www.uilscuolaemiliaromagna.it\/public\/er\/#\/schema\/person\/f42878fd07a4b6ba2b7153d4fad5de5e","name":"admin","image":{"@type":"ImageObject","inLanguage":"it-IT","@id":"https:\/\/www.uilscuolaemiliaromagna.it\/public\/er\/#\/schema\/person\/image\/","url":"https:\/\/secure.gravatar.com\/avatar\/aebf815ae2f30ffdae8b8c247273d34c?s=96&d=mm&r=g","contentUrl":"https:\/\/secure.gravatar.com\/avatar\/aebf815ae2f30ffdae8b8c247273d34c?s=96&d=mm&r=g","caption":"admin"},"url":"https:\/\/www.uilscuolaemiliaromagna.it\/public\/er\/author\/admin\/"}]}},"views":1028,"_links":{"self":[{"href":"https:\/\/www.uilscuolaemiliaromagna.it\/public\/er\/wp-json\/wp\/v2\/posts\/3102"}],"collection":[{"href":"https:\/\/www.uilscuolaemiliaromagna.it\/public\/er\/wp-json\/wp\/v2\/posts"}],"about":[{"href":"https:\/\/www.uilscuolaemiliaromagna.it\/public\/er\/wp-json\/wp\/v2\/types\/post"}],"author":[{"embeddable":true,"href":"https:\/\/www.uilscuolaemiliaromagna.it\/public\/er\/wp-json\/wp\/v2\/users\/1"}],"replies":[{"embeddable":true,"href":"https:\/\/www.uilscuolaemiliaromagna.it\/public\/er\/wp-json\/wp\/v2\/comments?post=3102"}],"version-history":[{"count":1,"href":"https:\/\/www.uilscuolaemiliaromagna.it\/public\/er\/wp-json\/wp\/v2\/posts\/3102\/revisions"}],"predecessor-version":[{"id":3103,"href":"https:\/\/www.uilscuolaemiliaromagna.it\/public\/er\/wp-json\/wp\/v2\/posts\/3102\/revisions\/3103"}],"wp:attachment":[{"href":"https:\/\/www.uilscuolaemiliaromagna.it\/public\/er\/wp-json\/wp\/v2\/media?parent=3102"}],"wp:term":[{"taxonomy":"category","embeddable":true,"href":"https:\/\/www.uilscuolaemiliaromagna.it\/public\/er\/wp-json\/wp\/v2\/categories?post=3102"},{"taxonomy":"post_tag","embeddable":true,"href":"https:\/\/www.uilscuolaemiliaromagna.it\/public\/er\/wp-json\/wp\/v2\/tags?post=3102"}],"curies":[{"name":"wp","href":"https:\/\/api.w.org\/{rel}","templated":true}]}}